{"id":18827,"date":"2023-02-16T09:27:14","date_gmt":"2023-02-16T08:27:14","guid":{"rendered":"https:\/\/www.organisator.ch\/?p=18827"},"modified":"2023-02-17T10:04:17","modified_gmt":"2023-02-17T09:04:17","slug":"metaverse-schweizer-unternehmen-drohen-anschluss-zu-verpassen","status":"publish","type":"post","link":"https:\/\/www.organisator.ch\/fr\/marketing\/2023-02-16\/metaverse-schweizer-unternehmen-drohen-anschluss-zu-verpassen\/","title":{"rendered":"Metaverse : Les entreprises suisses risquent de rater le coche"},"content":{"rendered":"<figure id=\"attachment_18828\" aria-describedby=\"caption-attachment-18828\" style=\"width: 680px\" class=\"wp-caption alignnone\"><img loading=\"lazy\" decoding=\"async\" class=\"size-full wp-image-18828\" src=\"https:\/\/www.organisator.ch\/wp-content\/uploads\/2023\/02\/Metaverse-Schweizer-Unternehmen-drohen-Anschluss-zu-verpassen_Organisator.jpg\" alt=\"\" width=\"680\" height=\"453\" srcset=\"https:\/\/www.organisator.ch\/wp-content\/uploads\/2023\/02\/Metaverse-Schweizer-Unternehmen-drohen-Anschluss-zu-verpassen_Organisator.jpg 680w, https:\/\/www.organisator.ch\/wp-content\/uploads\/2023\/02\/Metaverse-Schweizer-Unternehmen-drohen-Anschluss-zu-verpassen_Organisator-18x12.jpg 18w, https:\/\/www.organisator.ch\/wp-content\/uploads\/2023\/02\/Metaverse-Schweizer-Unternehmen-drohen-Anschluss-zu-verpassen_Organisator-375x250.jpg 375w, https:\/\/www.organisator.ch\/wp-content\/uploads\/2023\/02\/Metaverse-Schweizer-Unternehmen-drohen-Anschluss-zu-verpassen_Organisator-525x350.jpg 525w\" sizes=\"auto, (max-width: 680px) 100vw, 680px\" \/><figcaption id=\"caption-attachment-18828\" class=\"wp-caption-text\">L'int\u00e9r\u00eat pour le Metaverse est certes l\u00e0, mais les CMO suisses n'y sont pas encore vraiment habitu\u00e9s. Sont-ils en train de rater le coche ? (Image : Gerd Altmann \/ Pixabay.com)<\/figcaption><\/figure>\n<p>L'\u00e9tude Global Marketing Trends 2023 de Deloitte montre d'une part que le m\u00e9tavers suscite l'int\u00e9r\u00eat de la plupart des Chief Marketing Officers (CMO) interrog\u00e9s. D'autre part, environ un cinqui\u00e8me d'entre eux indiquent ne pas le comprendre enti\u00e8rement. Le m\u00e9taverse est un r\u00e9seau de mondes virtuels compatibles entre eux, dans lesquels les utilisateurs peuvent travailler, jouer, se rencontrer ou faire des achats au moyen de technologies de r\u00e9alit\u00e9 virtuelle ou augment\u00e9e. Le Metaverse pourrait se transformer en un gigantesque canal de marketing, <a href=\"https:\/\/www.organisator.ch\/de\/marketing\/2022-03-13\/das-metaverse-kann-sich-zu-einem-gigantischen-marketingkanal-entwickeln\/\">croient fermement en ce r\u00e9seau<\/a>.<\/p>\n<h3>Metaverse commence sans la Suisse<\/h3>\n<p>En Suisse, cet int\u00e9r\u00eat est toutefois moins prononc\u00e9. Seuls 7% des personnes interrog\u00e9es en Suisse indiquent que leur entreprise est d\u00e9j\u00e0 active dans le Metaverse - contre 17% au niveau mondial. Les CMO suisses observent le Metaverse plut\u00f4t qu'ils n'y participent activement : Alors que leurs coll\u00e8gues internationaux sont d\u00e9j\u00e0 actifs dans le m\u00e9taverse ou pr\u00e9voient de le faire dans les 12 prochains mois (voir graphique 1), pr\u00e8s de la moiti\u00e9 (42%) des responsables marketing suisses interrog\u00e9s ne le feront que dans les 12 \u00e0 24 prochains mois, et 12% ne s'y sont pas encore int\u00e9ress\u00e9s.<\/p>\n<figure id=\"attachment_18829\" aria-describedby=\"caption-attachment-18829\" style=\"width: 680px\" class=\"wp-caption alignnone\"><img loading=\"lazy\" decoding=\"async\" class=\"size-full wp-image-18829\" src=\"https:\/\/www.organisator.ch\/wp-content\/uploads\/2023\/02\/Metaverse-Schweizer-Unternehmen-drohen-Anschluss-zu-verpassen-1_Organisator.jpg\" alt=\"\" width=\"680\" height=\"396\" srcset=\"https:\/\/www.organisator.ch\/wp-content\/uploads\/2023\/02\/Metaverse-Schweizer-Unternehmen-drohen-Anschluss-zu-verpassen-1_Organisator.jpg 680w, https:\/\/www.organisator.ch\/wp-content\/uploads\/2023\/02\/Metaverse-Schweizer-Unternehmen-drohen-Anschluss-zu-verpassen-1_Organisator-18x10.jpg 18w, https:\/\/www.organisator.ch\/wp-content\/uploads\/2023\/02\/Metaverse-Schweizer-Unternehmen-drohen-Anschluss-zu-verpassen-1_Organisator-375x218.jpg 375w, https:\/\/www.organisator.ch\/wp-content\/uploads\/2023\/02\/Metaverse-Schweizer-Unternehmen-drohen-Anschluss-zu-verpassen-1_Organisator-601x350.jpg 601w\" sizes=\"auto, (max-width: 680px) 100vw, 680px\" \/><figcaption id=\"caption-attachment-18829\" class=\"wp-caption-text\">Graphique 1 : Cadre temporel Metaverse et raisons de l'inactivit\u00e9 (CH : n=100, global n=<br \/>1 015). (Source : Deloitte)<\/figcaption><\/figure>\n<p>La principale raison invoqu\u00e9e par les CMO suisses pour expliquer leur non-participation au Metaverse est la complexit\u00e9 de la mise en \u0153uvre de la technologie (55%), suivie du scepticisme quant \u00e0 sa pertinence \u00e0 long terme (35%) et du manque de talents pour mettre en \u0153uvre une telle strat\u00e9gie (32%). \"Les entreprises suisses ne se rendent pas service en adoptant une attitude attentiste vis-\u00e0-vis des nouvelles technologies Web 3.0 et du m\u00e9tavers\", est convaincu Roger Lay, responsable Marketing, Commerce et Design chez Deloitte Suisse, qui ajoute : \"On ne sait certes pas encore quelle sera l'importance du m\u00e9tavers, par exemple, pour certaines entreprises et branches dans cinq ou dix ans. Mais si les responsables marketing ne font pas tr\u00e8s vite leurs premiers pas, ils passeront \u00e0 c\u00f4t\u00e9 de la tendance\".<\/p>\n<h3>Durabilit\u00e9 : Venu pour rester<\/h3>\n<p>La durabilit\u00e9 est \u00e9galement de plus en plus consid\u00e9r\u00e9e comme un moteur de croissance et un nouveau march\u00e9. Les CMO suisses l'ont compris plus t\u00f4t que leurs coll\u00e8gues du monde entier : les responsables marketing suisses accordent une plus grande priorit\u00e9 au d\u00e9veloppement de comp\u00e9tences et d'offres en mati\u00e8re de durabilit\u00e9 (31%) que leurs coll\u00e8gues internationaux (21%). Ils y parviennent \u00e9galement plus facilement en comparaison mondiale (voir graphique 2). \"La plupart des directeurs marketing de ce pays ont reconnu les possibilit\u00e9s offertes par la durabilit\u00e9 lorsqu'il s'agit de la r\u00e9putation de leur entreprise et comme opportunit\u00e9 de croissance\", explique Liza Engel, Chief Sustainability Officer de Deloitte Suisse. Compte tenu de l'\u00e9volution d\u00e9mographique et de la prise de conscience accrue de l'impact d'une d\u00e9cision d'achat, la durabilit\u00e9 est au centre de l'int\u00e9r\u00eat, ajoute-t-elle. Engel en est convaincue : \"Si les entreprises veulent r\u00e9ussir dans leurs efforts de durabilit\u00e9, elles doivent prendre des mesures concr\u00e8tes de durabilit\u00e9 de mani\u00e8re honn\u00eate et transparente, les communiquer de mani\u00e8re authentique, emmener leur client\u00e8le dans ce voyage et comprendre que la durabilit\u00e9 est d\u00e9cisive pour la long\u00e9vit\u00e9 d'une entreprise\".<\/p>\n<figure id=\"attachment_18830\" aria-describedby=\"caption-attachment-18830\" style=\"width: 680px\" class=\"wp-caption alignnone\"><img loading=\"lazy\" decoding=\"async\" class=\"size-full wp-image-18830\" src=\"https:\/\/www.organisator.ch\/wp-content\/uploads\/2023\/02\/Metaverse-Schweizer-Unternehmen-drohen-Anschluss-zu-verpassen-2_Organisator.jpg\" alt=\"\" width=\"680\" height=\"355\" srcset=\"https:\/\/www.organisator.ch\/wp-content\/uploads\/2023\/02\/Metaverse-Schweizer-Unternehmen-drohen-Anschluss-zu-verpassen-2_Organisator.jpg 680w, https:\/\/www.organisator.ch\/wp-content\/uploads\/2023\/02\/Metaverse-Schweizer-Unternehmen-drohen-Anschluss-zu-verpassen-2_Organisator-18x9.jpg 18w, https:\/\/www.organisator.ch\/wp-content\/uploads\/2023\/02\/Metaverse-Schweizer-Unternehmen-drohen-Anschluss-zu-verpassen-2_Organisator-375x196.jpg 375w, https:\/\/www.organisator.ch\/wp-content\/uploads\/2023\/02\/Metaverse-Schweizer-Unternehmen-drohen-Anschluss-zu-verpassen-2_Organisator-670x350.jpg 670w\" sizes=\"auto, (max-width: 680px) 100vw, 680px\" \/><figcaption id=\"caption-attachment-18830\" class=\"wp-caption-text\">Graphique 2 : Th\u00e8mes de durabilit\u00e9 et d\u00e9fis (CH : n=100, global n= 1 015). (Source : Deloitte)<\/figcaption><\/figure>\n<h3>La cr\u00e9ativit\u00e9 comme moteur de croissance - pas en Suisse<\/h3>\n<p>L'\u00e9tude continue \u00e0 donner une image plut\u00f4t conservatrice des d\u00e9partements de marketing suisses. Seul un tiers environ (35%) des personnes interrog\u00e9es pense que le succ\u00e8s \u00e0 long terme de leur entreprise d\u00e9pend du d\u00e9veloppement d'id\u00e9es cr\u00e9atives. Cette conviction est plus marqu\u00e9e chez leurs coll\u00e8gues du monde entier : 48% d'entre eux estiment que la cr\u00e9ativit\u00e9 est un moteur de croissance (voir graphique 3). En revanche, la majorit\u00e9 d'entre eux ici (51%) pensent que la r\u00e9solution de probl\u00e8mes et la prise de d\u00e9cision seront les qualit\u00e9s les plus pertinentes pour le succ\u00e8s de leur entreprise - ils ne sont que 35% \u00e0 le penser au niveau international.<\/p>\n<figure id=\"attachment_18831\" aria-describedby=\"caption-attachment-18831\" style=\"width: 680px\" class=\"wp-caption alignnone\"><img loading=\"lazy\" decoding=\"async\" class=\"size-full wp-image-18831\" src=\"https:\/\/www.organisator.ch\/wp-content\/uploads\/2023\/02\/Metaverse-Schweizer-Unternehmen-drohen-Anschluss-zu-verpassen-3_Organisator.jpg\" alt=\"\" width=\"680\" height=\"444\" srcset=\"https:\/\/www.organisator.ch\/wp-content\/uploads\/2023\/02\/Metaverse-Schweizer-Unternehmen-drohen-Anschluss-zu-verpassen-3_Organisator.jpg 680w, https:\/\/www.organisator.ch\/wp-content\/uploads\/2023\/02\/Metaverse-Schweizer-Unternehmen-drohen-Anschluss-zu-verpassen-3_Organisator-18x12.jpg 18w, https:\/\/www.organisator.ch\/wp-content\/uploads\/2023\/02\/Metaverse-Schweizer-Unternehmen-drohen-Anschluss-zu-verpassen-3_Organisator-375x245.jpg 375w, https:\/\/www.organisator.ch\/wp-content\/uploads\/2023\/02\/Metaverse-Schweizer-Unternehmen-drohen-Anschluss-zu-verpassen-3_Organisator-536x350.jpg 536w\" sizes=\"auto, (max-width: 680px) 100vw, 680px\" \/><figcaption id=\"caption-attachment-18831\" class=\"wp-caption-text\">Graphique 3 : Caract\u00e9ristiques d\u00e9cisives pour le succ\u00e8s d'une entreprise et<br \/>Collaboration avec des cr\u00e9atifs\/influenceurs (CH : n=100, global n= 1 015). (Source : Deloitte)<\/figcaption><\/figure>\n<p>\"Les entreprises suisses autorisent encore trop rarement l'erreur et font preuve de trop peu de go\u00fbt du risque et de cr\u00e9ativit\u00e9 pour encourager l'innovation\", affirme Roger Lay avec conviction. Seuls 28 pour cent des responsables marketing suisses (au niveau mondial : 37%) pensent que la promotion de la prise de risque et de \"l'\u00e9chec\" favorise la pens\u00e9e cr\u00e9ative. Lay poursuit : \"Cela est peut-\u00eatre li\u00e9 au fait qu'en Suisse pr\u00e9vaut encore une culture d'entreprise plut\u00f4t traditionnelle, marqu\u00e9e par l'\u00e9vitement du risque et le perfectionnisme. De nombreux responsables marketing en Suisse se plaignent que la cr\u00e9ativit\u00e9 occupe une niche dans leur entreprise et n'est pas consid\u00e9r\u00e9e comme un imp\u00e9ratif strat\u00e9gique\". Dans ce contexte, il n'est donc pas surprenant que les entreprises suisses soient \u00e9galement \u00e0 la tra\u00eene en ce qui concerne la collaboration avec des cr\u00e9atifs et des influenceurs externes, selon une autre conclusion de l'\u00e9tude. Actuellement, seuls 23 % des responsables marketing suisses collaborent avec ces derniers, contre 33 % au niveau mondial. \"Si les entreprises suisses ne veulent pas perdre le contact avec leurs concurrents mondiaux, elles devraient encourager la cr\u00e9ativit\u00e9 et la prise de risque, \u00eatre plus ouvertes aux nouvelles technologies et les utiliser de mani\u00e8re plus cons\u00e9quente\", conclut Lay.<\/p>\n<p><em>Source : <a href=\"http:\/\/www.deloitte.com\/ch\/about\">Deloitte<\/a><\/em><\/p>","protected":false},"excerpt":{"rendered":"<p>Die Studie Global Marketing Trends 2023 von Deloitte zeigt zum einen, dass das Metaverse das Interesse der meisten befragten Chief Marketing Officers (CMOs) weckt. Zum anderen gibt rund ein F\u00fcnftel von ihnen an, es nicht vollst\u00e4ndig zu verstehen. Beim Metaverse handelt sich um ein Netzwerk aus miteinander kompatiblen virtuellen Welten, in denen Nutzerinnen und Nutzer [&hellip;]<\/p>\n","protected":false},"author":4,"featured_media":18828,"comment_status":"closed","ping_status":"closed","sticky":false,"template":"","format":"standard","meta":{"_acf_changed":false,"_yoast_wpseo_focuskw":"Metaverse","_yoast_wpseo_metadesc":"Die Marketingabteilungen Schweizer Unternehmen sind noch nicht in der Zukunft angekommen. Sie verpassen den Anschluss ans Metaverse.","articlekey":"","footnotes":""},"categories":[29],"tags":[339,2796,459],"class_list":["post-18827","post","type-post","status-publish","format-standard","has-post-thumbnail","hentry","category-marketing","tag-marketing","tag-metaverse","tag-studie"],"acf":[],"yoast_head":"<!-- This site is optimized with the Yoast SEO plugin v27.5 - https:\/\/yoast.com\/product\/yoast-seo-wordpress\/ -->\n<title>Metaverse: Schweizer Unternehmen drohen Anschluss zu verpassen - Organisator<\/title>\n<meta name=\"description\" content=\"Die Marketingabteilungen Schweizer Unternehmen sind noch nicht in der Zukunft angekommen. Sie verpassen den Anschluss ans Metaverse.\" \/>\n<meta name=\"robots\" content=\"index, follow, max-snippet:-1, max-image-preview:large, max-video-preview:-1\" \/>\n<link rel=\"canonical\" href=\"https:\/\/www.organisator.ch\/fr\/marketing\/2023-02-16\/metaverse-schweizer-unternehmen-drohen-anschluss-zu-verpassen\/\" \/>\n<meta property=\"og:locale\" content=\"fr_FR\" \/>\n<meta property=\"og:type\" content=\"article\" \/>\n<meta property=\"og:title\" content=\"Metaverse: Schweizer Unternehmen drohen Anschluss zu verpassen\" \/>\n<meta property=\"og:description\" content=\"Die Marketingabteilungen Schweizer Unternehmen sind noch nicht in der Zukunft angekommen. Sie verpassen den Anschluss ans Metaverse.\" \/>\n<meta property=\"og:url\" content=\"https:\/\/www.organisator.ch\/fr\/marketing\/2023-02-16\/metaverse-schweizer-unternehmen-drohen-anschluss-zu-verpassen\/\" \/>\n<meta property=\"og:site_name\" content=\"Organisator\" \/>\n<meta property=\"article:publisher\" content=\"https:\/\/www.facebook.com\/OrganisatorFachmagazin\" \/>\n<meta property=\"article:published_time\" content=\"2023-02-16T08:27:14+00:00\" \/>\n<meta property=\"article:modified_time\" content=\"2023-02-17T09:04:17+00:00\" \/>\n<meta property=\"og:image\" content=\"https:\/\/www.organisator.ch\/wp-content\/uploads\/2023\/02\/Metaverse-Schweizer-Unternehmen-drohen-Anschluss-zu-verpassen_Organisator.jpg\" \/>\n\t<meta property=\"og:image:width\" content=\"680\" \/>\n\t<meta property=\"og:image:height\" content=\"453\" \/>\n\t<meta property=\"og:image:type\" content=\"image\/jpeg\" \/>\n<meta name=\"author\" content=\"thomas.berner\" \/>\n<meta name=\"twitter:card\" content=\"summary_large_image\" \/>\n<meta name=\"twitter:title\" content=\"#Metaverse: Schweizer Unternehmen drohen #Anschluss zu verpassen\" \/>\n<meta name=\"twitter:description\" content=\"Die #Marketingabteilungen Schweizer Unternehmen sind noch nicht in der Zukunft angekommen. Sie verpassen den Anschluss ans #Metaverse.\" \/>\n<meta name=\"twitter:image\" content=\"https:\/\/www.organisator.ch\/wp-content\/uploads\/2023\/02\/Metaverse-Schweizer-Unternehmen-drohen-Anschluss-zu-verpassen_Organisator.jpg\" \/>\n<script type=\"application\/ld+json\" class=\"yoast-schema-graph\">{\"@context\":\"https:\\\/\\\/schema.org\",\"@graph\":[{\"@type\":\"Article\",\"@id\":\"https:\\\/\\\/www.organisator.ch\\\/marketing\\\/2023-02-16\\\/metaverse-schweizer-unternehmen-drohen-anschluss-zu-verpassen\\\/#article\",\"isPartOf\":{\"@id\":\"https:\\\/\\\/www.organisator.ch\\\/marketing\\\/2023-02-16\\\/metaverse-schweizer-unternehmen-drohen-anschluss-zu-verpassen\\\/\"},\"author\":{\"name\":\"thomas.berner\",\"@id\":\"https:\\\/\\\/www.organisator.ch\\\/#\\\/schema\\\/person\\\/6f650f90b2842cd4c0cc334b4e36f67e\"},\"headline\":\"Metaverse: Schweizer Unternehmen drohen Anschluss zu verpassen\",\"datePublished\":\"2023-02-16T08:27:14+00:00\",\"dateModified\":\"2023-02-17T09:04:17+00:00\",\"mainEntityOfPage\":{\"@id\":\"https:\\\/\\\/www.organisator.ch\\\/marketing\\\/2023-02-16\\\/metaverse-schweizer-unternehmen-drohen-anschluss-zu-verpassen\\\/\"},\"wordCount\":821,\"publisher\":{\"@id\":\"https:\\\/\\\/www.organisator.ch\\\/#organization\"},\"image\":{\"@id\":\"https:\\\/\\\/www.organisator.ch\\\/marketing\\\/2023-02-16\\\/metaverse-schweizer-unternehmen-drohen-anschluss-zu-verpassen\\\/#primaryimage\"},\"thumbnailUrl\":\"https:\\\/\\\/www.organisator.ch\\\/wp-content\\\/uploads\\\/2023\\\/02\\\/Metaverse-Schweizer-Unternehmen-drohen-Anschluss-zu-verpassen_Organisator.jpg\",\"keywords\":[\"Marketing\",\"Metaverse\",\"Studie\"],\"articleSection\":[\"MARKETING\"],\"inLanguage\":\"fr-FR\"},{\"@type\":\"WebPage\",\"@id\":\"https:\\\/\\\/www.organisator.ch\\\/marketing\\\/2023-02-16\\\/metaverse-schweizer-unternehmen-drohen-anschluss-zu-verpassen\\\/\",\"url\":\"https:\\\/\\\/www.organisator.ch\\\/marketing\\\/2023-02-16\\\/metaverse-schweizer-unternehmen-drohen-anschluss-zu-verpassen\\\/\",\"name\":\"Metaverse: Schweizer Unternehmen drohen Anschluss zu verpassen - Organisator\",\"isPartOf\":{\"@id\":\"https:\\\/\\\/www.organisator.ch\\\/#website\"},\"primaryImageOfPage\":{\"@id\":\"https:\\\/\\\/www.organisator.ch\\\/marketing\\\/2023-02-16\\\/metaverse-schweizer-unternehmen-drohen-anschluss-zu-verpassen\\\/#primaryimage\"},\"image\":{\"@id\":\"https:\\\/\\\/www.organisator.ch\\\/marketing\\\/2023-02-16\\\/metaverse-schweizer-unternehmen-drohen-anschluss-zu-verpassen\\\/#primaryimage\"},\"thumbnailUrl\":\"https:\\\/\\\/www.organisator.ch\\\/wp-content\\\/uploads\\\/2023\\\/02\\\/Metaverse-Schweizer-Unternehmen-drohen-Anschluss-zu-verpassen_Organisator.jpg\",\"datePublished\":\"2023-02-16T08:27:14+00:00\",\"dateModified\":\"2023-02-17T09:04:17+00:00\",\"description\":\"Die Marketingabteilungen Schweizer Unternehmen sind noch nicht in der Zukunft angekommen. Sie verpassen den Anschluss ans Metaverse.\",\"breadcrumb\":{\"@id\":\"https:\\\/\\\/www.organisator.ch\\\/marketing\\\/2023-02-16\\\/metaverse-schweizer-unternehmen-drohen-anschluss-zu-verpassen\\\/#breadcrumb\"},\"inLanguage\":\"fr-FR\",\"potentialAction\":[{\"@type\":\"ReadAction\",\"target\":[\"https:\\\/\\\/www.organisator.ch\\\/marketing\\\/2023-02-16\\\/metaverse-schweizer-unternehmen-drohen-anschluss-zu-verpassen\\\/\"]}]},{\"@type\":\"ImageObject\",\"inLanguage\":\"fr-FR\",\"@id\":\"https:\\\/\\\/www.organisator.ch\\\/marketing\\\/2023-02-16\\\/metaverse-schweizer-unternehmen-drohen-anschluss-zu-verpassen\\\/#primaryimage\",\"url\":\"https:\\\/\\\/www.organisator.ch\\\/wp-content\\\/uploads\\\/2023\\\/02\\\/Metaverse-Schweizer-Unternehmen-drohen-Anschluss-zu-verpassen_Organisator.jpg\",\"contentUrl\":\"https:\\\/\\\/www.organisator.ch\\\/wp-content\\\/uploads\\\/2023\\\/02\\\/Metaverse-Schweizer-Unternehmen-drohen-Anschluss-zu-verpassen_Organisator.jpg\",\"width\":680,\"height\":453,\"caption\":\"Das Interesse am Metaverse ist zwar da, doch so richtig warm werden Schweizer CMOs damit noch nicht. Verpassen sie damit den Anschluss? (Bild: Gerd Altmann \\\/ Pixabay.com)\"},{\"@type\":\"BreadcrumbList\",\"@id\":\"https:\\\/\\\/www.organisator.ch\\\/marketing\\\/2023-02-16\\\/metaverse-schweizer-unternehmen-drohen-anschluss-zu-verpassen\\\/#breadcrumb\",\"itemListElement\":[{\"@type\":\"ListItem\",\"position\":1,\"name\":\"Home\",\"item\":\"https:\\\/\\\/www.organisator.ch\\\/\"},{\"@type\":\"ListItem\",\"position\":2,\"name\":\"Metaverse: Schweizer Unternehmen drohen Anschluss zu verpassen\"}]},{\"@type\":\"WebSite\",\"@id\":\"https:\\\/\\\/www.organisator.ch\\\/#website\",\"url\":\"https:\\\/\\\/www.organisator.ch\\\/\",\"name\":\"Organisator\",\"description\":\"Kompetent. Praxisnah. Der ORGANISATOR bereitet in 10 Ausgaben pro Jahr die wesentlichen Themen f\u00fcr F\u00fchrungskr\u00e4fte von KMU auf.\",\"publisher\":{\"@id\":\"https:\\\/\\\/www.organisator.ch\\\/#organization\"},\"potentialAction\":[{\"@type\":\"SearchAction\",\"target\":{\"@type\":\"EntryPoint\",\"urlTemplate\":\"https:\\\/\\\/www.organisator.ch\\\/?s={search_term_string}\"},\"query-input\":{\"@type\":\"PropertyValueSpecification\",\"valueRequired\":true,\"valueName\":\"search_term_string\"}}],\"inLanguage\":\"fr-FR\"},{\"@type\":\"Organization\",\"@id\":\"https:\\\/\\\/www.organisator.ch\\\/#organization\",\"name\":\"Organisator\",\"url\":\"https:\\\/\\\/www.organisator.ch\\\/\",\"logo\":{\"@type\":\"ImageObject\",\"inLanguage\":\"fr-FR\",\"@id\":\"https:\\\/\\\/www.organisator.ch\\\/#\\\/schema\\\/logo\\\/image\\\/\",\"url\":\"https:\\\/\\\/www.organisator.ch\\\/wp-content\\\/uploads\\\/2022\\\/01\\\/Logo_Organisator_Website.png\",\"contentUrl\":\"https:\\\/\\\/www.organisator.ch\\\/wp-content\\\/uploads\\\/2022\\\/01\\\/Logo_Organisator_Website.png\",\"width\":800,\"height\":77,\"caption\":\"Organisator\"},\"image\":{\"@id\":\"https:\\\/\\\/www.organisator.ch\\\/#\\\/schema\\\/logo\\\/image\\\/\"},\"sameAs\":[\"https:\\\/\\\/www.facebook.com\\\/OrganisatorFachmagazin\",\"https:\\\/\\\/www.linkedin.com\\\/showcase\\\/organisator-das-magazin-fr-kmu\",\"https:\\\/\\\/www.xing.com\\\/news\\\/pages\\\/organisator-ch-695\",\"https:\\\/\\\/www.youtube.com\\\/channel\\\/UCGP2Sq0iWaZwT3BdIAQFYpw\"]},{\"@type\":\"Person\",\"@id\":\"https:\\\/\\\/www.organisator.ch\\\/#\\\/schema\\\/person\\\/6f650f90b2842cd4c0cc334b4e36f67e\",\"name\":\"thomas.berner\",\"image\":{\"@type\":\"ImageObject\",\"inLanguage\":\"fr-FR\",\"@id\":\"https:\\\/\\\/secure.gravatar.com\\\/avatar\\\/ac5001d2a36cb6c6cd3e50789007ffca834b477b74a2144564522e944eabff61?s=96&d=mm&r=g\",\"url\":\"https:\\\/\\\/secure.gravatar.com\\\/avatar\\\/ac5001d2a36cb6c6cd3e50789007ffca834b477b74a2144564522e944eabff61?s=96&d=mm&r=g\",\"contentUrl\":\"https:\\\/\\\/secure.gravatar.com\\\/avatar\\\/ac5001d2a36cb6c6cd3e50789007ffca834b477b74a2144564522e944eabff61?s=96&d=mm&r=g\",\"caption\":\"thomas.berner\"},\"url\":\"https:\\\/\\\/www.organisator.ch\\\/fr\\\/author\\\/thomas-berner\\\/\"}]}<\/script>\n<!-- \/ Yoast SEO plugin. -->","yoast_head_json":{"title":"Metaverse : Les entreprises suisses risquent de rater le coche - Organisateur","description":"Les d\u00e9partements marketing des entreprises suisses ne sont pas encore entr\u00e9s dans le futur. Ils ratent le coche du m\u00e9tavers.","robots":{"index":"index","follow":"follow","max-snippet":"max-snippet:-1","max-image-preview":"max-image-preview:large","max-video-preview":"max-video-preview:-1"},"canonical":"https:\/\/www.organisator.ch\/fr\/marketing\/2023-02-16\/metaverse-schweizer-unternehmen-drohen-anschluss-zu-verpassen\/","og_locale":"fr_FR","og_type":"article","og_title":"Metaverse: Schweizer Unternehmen drohen Anschluss zu verpassen","og_description":"Die Marketingabteilungen Schweizer Unternehmen sind noch nicht in der Zukunft angekommen. Sie verpassen den Anschluss ans Metaverse.","og_url":"https:\/\/www.organisator.ch\/fr\/marketing\/2023-02-16\/metaverse-schweizer-unternehmen-drohen-anschluss-zu-verpassen\/","og_site_name":"Organisator","article_publisher":"https:\/\/www.facebook.com\/OrganisatorFachmagazin","article_published_time":"2023-02-16T08:27:14+00:00","article_modified_time":"2023-02-17T09:04:17+00:00","og_image":[{"width":680,"height":453,"url":"https:\/\/www.organisator.ch\/wp-content\/uploads\/2023\/02\/Metaverse-Schweizer-Unternehmen-drohen-Anschluss-zu-verpassen_Organisator.jpg","type":"image\/jpeg"}],"author":"thomas.berner","twitter_card":"summary_large_image","twitter_title":"#Metaverse: Schweizer Unternehmen drohen #Anschluss zu verpassen","twitter_description":"Die #Marketingabteilungen Schweizer Unternehmen sind noch nicht in der Zukunft angekommen. Sie verpassen den Anschluss ans #Metaverse.","twitter_image":"https:\/\/www.organisator.ch\/wp-content\/uploads\/2023\/02\/Metaverse-Schweizer-Unternehmen-drohen-Anschluss-zu-verpassen_Organisator.jpg","schema":{"@context":"https:\/\/schema.org","@graph":[{"@type":"Article","@id":"https:\/\/www.organisator.ch\/marketing\/2023-02-16\/metaverse-schweizer-unternehmen-drohen-anschluss-zu-verpassen\/#article","isPartOf":{"@id":"https:\/\/www.organisator.ch\/marketing\/2023-02-16\/metaverse-schweizer-unternehmen-drohen-anschluss-zu-verpassen\/"},"author":{"name":"thomas.berner","@id":"https:\/\/www.organisator.ch\/#\/schema\/person\/6f650f90b2842cd4c0cc334b4e36f67e"},"headline":"Metaverse: Schweizer Unternehmen drohen Anschluss zu verpassen","datePublished":"2023-02-16T08:27:14+00:00","dateModified":"2023-02-17T09:04:17+00:00","mainEntityOfPage":{"@id":"https:\/\/www.organisator.ch\/marketing\/2023-02-16\/metaverse-schweizer-unternehmen-drohen-anschluss-zu-verpassen\/"},"wordCount":821,"publisher":{"@id":"https:\/\/www.organisator.ch\/#organization"},"image":{"@id":"https:\/\/www.organisator.ch\/marketing\/2023-02-16\/metaverse-schweizer-unternehmen-drohen-anschluss-zu-verpassen\/#primaryimage"},"thumbnailUrl":"https:\/\/www.organisator.ch\/wp-content\/uploads\/2023\/02\/Metaverse-Schweizer-Unternehmen-drohen-Anschluss-zu-verpassen_Organisator.jpg","keywords":["Marketing","Metaverse","Studie"],"articleSection":["MARKETING"],"inLanguage":"fr-FR"},{"@type":"WebPage","@id":"https:\/\/www.organisator.ch\/marketing\/2023-02-16\/metaverse-schweizer-unternehmen-drohen-anschluss-zu-verpassen\/","url":"https:\/\/www.organisator.ch\/marketing\/2023-02-16\/metaverse-schweizer-unternehmen-drohen-anschluss-zu-verpassen\/","name":"Metaverse : Les entreprises suisses risquent de rater le coche - Organisateur","isPartOf":{"@id":"https:\/\/www.organisator.ch\/#website"},"primaryImageOfPage":{"@id":"https:\/\/www.organisator.ch\/marketing\/2023-02-16\/metaverse-schweizer-unternehmen-drohen-anschluss-zu-verpassen\/#primaryimage"},"image":{"@id":"https:\/\/www.organisator.ch\/marketing\/2023-02-16\/metaverse-schweizer-unternehmen-drohen-anschluss-zu-verpassen\/#primaryimage"},"thumbnailUrl":"https:\/\/www.organisator.ch\/wp-content\/uploads\/2023\/02\/Metaverse-Schweizer-Unternehmen-drohen-Anschluss-zu-verpassen_Organisator.jpg","datePublished":"2023-02-16T08:27:14+00:00","dateModified":"2023-02-17T09:04:17+00:00","description":"Les d\u00e9partements marketing des entreprises suisses ne sont pas encore entr\u00e9s dans le futur. Ils ratent le coche du m\u00e9tavers.","breadcrumb":{"@id":"https:\/\/www.organisator.ch\/marketing\/2023-02-16\/metaverse-schweizer-unternehmen-drohen-anschluss-zu-verpassen\/#breadcrumb"},"inLanguage":"fr-FR","potentialAction":[{"@type":"ReadAction","target":["https:\/\/www.organisator.ch\/marketing\/2023-02-16\/metaverse-schweizer-unternehmen-drohen-anschluss-zu-verpassen\/"]}]},{"@type":"ImageObject","inLanguage":"fr-FR","@id":"https:\/\/www.organisator.ch\/marketing\/2023-02-16\/metaverse-schweizer-unternehmen-drohen-anschluss-zu-verpassen\/#primaryimage","url":"https:\/\/www.organisator.ch\/wp-content\/uploads\/2023\/02\/Metaverse-Schweizer-Unternehmen-drohen-Anschluss-zu-verpassen_Organisator.jpg","contentUrl":"https:\/\/www.organisator.ch\/wp-content\/uploads\/2023\/02\/Metaverse-Schweizer-Unternehmen-drohen-Anschluss-zu-verpassen_Organisator.jpg","width":680,"height":453,"caption":"Das Interesse am Metaverse ist zwar da, doch so richtig warm werden Schweizer CMOs damit noch nicht. Verpassen sie damit den Anschluss? (Bild: Gerd Altmann \/ Pixabay.com)"},{"@type":"BreadcrumbList","@id":"https:\/\/www.organisator.ch\/marketing\/2023-02-16\/metaverse-schweizer-unternehmen-drohen-anschluss-zu-verpassen\/#breadcrumb","itemListElement":[{"@type":"ListItem","position":1,"name":"Home","item":"https:\/\/www.organisator.ch\/"},{"@type":"ListItem","position":2,"name":"Metaverse: Schweizer Unternehmen drohen Anschluss zu verpassen"}]},{"@type":"WebSite","@id":"https:\/\/www.organisator.ch\/#website","url":"https:\/\/www.organisator.ch\/","name":"Organisateur","description":"Comp\u00e9tence et comp\u00e9tence. Proches de la pratique. L'ORGANISATEUR pr\u00e9pare 10 num\u00e9ros par an sur les th\u00e8mes essentiels pour les dirigeants de PME.","publisher":{"@id":"https:\/\/www.organisator.ch\/#organization"},"potentialAction":[{"@type":"SearchAction","target":{"@type":"EntryPoint","urlTemplate":"https:\/\/www.organisator.ch\/?s={search_term_string}"},"query-input":{"@type":"PropertyValueSpecification","valueRequired":true,"valueName":"search_term_string"}}],"inLanguage":"fr-FR"},{"@type":"Organization","@id":"https:\/\/www.organisator.ch\/#organization","name":"Organisateur","url":"https:\/\/www.organisator.ch\/","logo":{"@type":"ImageObject","inLanguage":"fr-FR","@id":"https:\/\/www.organisator.ch\/#\/schema\/logo\/image\/","url":"https:\/\/www.organisator.ch\/wp-content\/uploads\/2022\/01\/Logo_Organisator_Website.png","contentUrl":"https:\/\/www.organisator.ch\/wp-content\/uploads\/2022\/01\/Logo_Organisator_Website.png","width":800,"height":77,"caption":"Organisator"},"image":{"@id":"https:\/\/www.organisator.ch\/#\/schema\/logo\/image\/"},"sameAs":["https:\/\/www.facebook.com\/OrganisatorFachmagazin","https:\/\/www.linkedin.com\/showcase\/organisator-das-magazin-fr-kmu","https:\/\/www.xing.com\/news\/pages\/organisator-ch-695","https:\/\/www.youtube.com\/channel\/UCGP2Sq0iWaZwT3BdIAQFYpw"]},{"@type":"Person","@id":"https:\/\/www.organisator.ch\/#\/schema\/person\/6f650f90b2842cd4c0cc334b4e36f67e","name":"thomas.berner","image":{"@type":"ImageObject","inLanguage":"fr-FR","@id":"https:\/\/secure.gravatar.com\/avatar\/ac5001d2a36cb6c6cd3e50789007ffca834b477b74a2144564522e944eabff61?s=96&d=mm&r=g","url":"https:\/\/secure.gravatar.com\/avatar\/ac5001d2a36cb6c6cd3e50789007ffca834b477b74a2144564522e944eabff61?s=96&d=mm&r=g","contentUrl":"https:\/\/secure.gravatar.com\/avatar\/ac5001d2a36cb6c6cd3e50789007ffca834b477b74a2144564522e944eabff61?s=96&d=mm&r=g","caption":"thomas.berner"},"url":"https:\/\/www.organisator.ch\/fr\/author\/thomas-berner\/"}]}},"_links":{"self":[{"href":"https:\/\/www.organisator.ch\/fr\/wp-json\/wp\/v2\/posts\/18827","targetHints":{"allow":["GET"]}}],"collection":[{"href":"https:\/\/www.organisator.ch\/fr\/wp-json\/wp\/v2\/posts"}],"about":[{"href":"https:\/\/www.organisator.ch\/fr\/wp-json\/wp\/v2\/types\/post"}],"author":[{"embeddable":true,"href":"https:\/\/www.organisator.ch\/fr\/wp-json\/wp\/v2\/users\/4"}],"replies":[{"embeddable":true,"href":"https:\/\/www.organisator.ch\/fr\/wp-json\/wp\/v2\/comments?post=18827"}],"version-history":[{"count":2,"href":"https:\/\/www.organisator.ch\/fr\/wp-json\/wp\/v2\/posts\/18827\/revisions"}],"predecessor-version":[{"id":18848,"href":"https:\/\/www.organisator.ch\/fr\/wp-json\/wp\/v2\/posts\/18827\/revisions\/18848"}],"wp:featuredmedia":[{"embeddable":true,"href":"https:\/\/www.organisator.ch\/fr\/wp-json\/wp\/v2\/media\/18828"}],"wp:attachment":[{"href":"https:\/\/www.organisator.ch\/fr\/wp-json\/wp\/v2\/media?parent=18827"}],"wp:term":[{"taxonomy":"category","embeddable":true,"href":"https:\/\/www.organisator.ch\/fr\/wp-json\/wp\/v2\/categories?post=18827"},{"taxonomy":"post_tag","embeddable":true,"href":"https:\/\/www.organisator.ch\/fr\/wp-json\/wp\/v2\/tags?post=18827"}],"curies":[{"name":"wp","href":"https:\/\/api.w.org\/{rel}","templated":true}]}}