{"id":18869,"date":"2023-02-20T09:10:53","date_gmt":"2023-02-20T08:10:53","guid":{"rendered":"https:\/\/www.organisator.ch\/?p=18869"},"modified":"2023-02-20T09:10:53","modified_gmt":"2023-02-20T08:10:53","slug":"diversitaet-nachhaltigkeit-risikobewertung-verwaltungsraete-mit-nachholbedarf","status":"publish","type":"post","link":"https:\/\/www.organisator.ch\/fr\/management\/2023-02-20\/diversitaet-nachhaltigkeit-risikobewertung-verwaltungsraete-mit-nachholbedarf\/","title":{"rendered":"Diversit\u00e9, durabilit\u00e9, \u00e9valuation des risques : les conseils d'administration ont du retard \u00e0 rattraper"},"content":{"rendered":"<figure id=\"attachment_18870\" aria-describedby=\"caption-attachment-18870\" style=\"width: 680px\" class=\"wp-caption alignnone\"><img loading=\"lazy\" decoding=\"async\" class=\"size-full wp-image-18870\" src=\"https:\/\/www.organisator.ch\/wp-content\/uploads\/2023\/02\/Diversitaet-Nachhaltigkeit-Risikobewertung-Verwaltungsraete-mit-Nachholbedarf-1_Organisator.jpg\" alt=\"\" width=\"680\" height=\"158\" srcset=\"https:\/\/www.organisator.ch\/wp-content\/uploads\/2023\/02\/Diversitaet-Nachhaltigkeit-Risikobewertung-Verwaltungsraete-mit-Nachholbedarf-1_Organisator.jpg 680w, https:\/\/www.organisator.ch\/wp-content\/uploads\/2023\/02\/Diversitaet-Nachhaltigkeit-Risikobewertung-Verwaltungsraete-mit-Nachholbedarf-1_Organisator-18x4.jpg 18w, https:\/\/www.organisator.ch\/wp-content\/uploads\/2023\/02\/Diversitaet-Nachhaltigkeit-Risikobewertung-Verwaltungsraete-mit-Nachholbedarf-1_Organisator-375x87.jpg 375w\" sizes=\"auto, (max-width: 680px) 100vw, 680px\" \/><figcaption id=\"caption-attachment-18870\" class=\"wp-caption-text\">Graphique 1 : Composition du conseil d'administration. (Graphique : Deloitte)<\/figcaption><\/figure>\n<p>Une composition diversifi\u00e9e et une collaboration sans faille du conseil d'administration sont \u00e9l\u00e9mentaires pour le respect d'un bon gouvernement d'entreprise. Une \u00e9tude r\u00e9cente de l'entreprise d'audit et de conseil Deloitte Suisse a analys\u00e9 le \"Code suisse de bonnes pratiques pour le gouvernement d'entreprise\" d'economiesuisse, r\u00e9cemment r\u00e9vis\u00e9, a \u00e9valu\u00e9 les donn\u00e9es des rapports annuels des 20 entreprises du SMI et des 30 entreprises du SMIM et s'est entretenu avec des administrateurs exp\u00e9riment\u00e9s.<\/p>\n<h3>Des progr\u00e8s visibles - la durabilit\u00e9 va gagner en importance<\/h3>\n<p>L'analyse de Deloitte montre qu'une longue carri\u00e8re professionnelle est toujours jug\u00e9e comme un crit\u00e8re important pour la s\u00e9lection des membres du conseil d'administration. Seuls 2 % des personnes si\u00e9geant dans les conseils d'administration ont moins de 40 ans. Les groupes d'\u00e2ge les plus repr\u00e9sent\u00e9s sont ceux des 51-60 ans (37%) et des 61-70 ans (42%). 8 pour cent de tous les membres du CA ont plus de 71 ans. En ce qui concerne la composition selon les connaissances sp\u00e9cialis\u00e9es, les domaines de la finance\/banque (43%) et de la jurisprudence (12%) dominent. Les conseils d'administration ont fait un progr\u00e8s consid\u00e9rable dans leur composition par sexe (voir graphique 1). Alors qu'en 2012, seuls 9% des membres des conseils d'administration \u00e9taient des femmes, elles sont 32% en 2022. De plus, les membres des conseils d'administration restent moins longtemps dans leur fauteuil qu'il y a dix ans : En 2022, la dur\u00e9e moyenne d'un mandat d'administrateur se situait entre 5 et 6 ans. En 2012, cette dur\u00e9e \u00e9tait encore de 6 \u00e0 7 ans en moyenne.<\/p>\n<p>\"Les conseils d'administration sont les organes de pilotage supr\u00eames des entreprises suisses, ils posent les jalons pour les th\u00e8mes importants de l'avenir. La durabilit\u00e9 en fait partie. Des aspects tels que l'influence sur l'environnement et la soci\u00e9t\u00e9 gagneront en importance dans les conseils d'administration\", estime Alessandro Miolo, responsable Audit &amp; Assurance chez Deloitte Suisse et membre de la direction, en commentant les r\u00e9sultats.<\/p>\n<h3>La \"diversit\u00e9\" va bien au-del\u00e0 de la repr\u00e9sentation des genres<\/h3>\n<p>Pour que les t\u00e2ches soient pleinement assum\u00e9es et que la gouvernance d'entreprise soit mise en pratique, d'autres points doivent \u00eatre pris en compte dans la composition des comit\u00e9s : Les membres doivent disposer de diff\u00e9rents modes de pens\u00e9e, appliquer diff\u00e9rentes probl\u00e9matiques et apporter des approches de r\u00e9flexion issues d'autres branches, cultures d'entreprise et march\u00e9s. Une large exp\u00e9rience ainsi qu'une exp\u00e9rience de direction au niveau de la direction les y aideront.<\/p>\n<p>En tenant compte de ces facteurs, les membres des conseils d'administration ne s'occupent pas seulement de leur propre domaine de comp\u00e9tence de mani\u00e8re isol\u00e9e. Au contraire, les repr\u00e9sentants aux exp\u00e9riences les plus diverses doivent pouvoir s'impliquer au-del\u00e0 de leur propre domaine th\u00e9matique. La diversit\u00e9 des points de vue est importante pour se pencher sur les pr\u00e9visions et les th\u00e8mes d'avenir et pour trouver des r\u00e9ponses efficaces aux d\u00e9fis concrets. Les conseils d'administration qui font preuve d'une coop\u00e9ration exceptionnelle utilisent cette soi-disant \"diversit\u00e9 cognitive\" \u00e0 leur avantage. \"Les prescriptions r\u00e9vis\u00e9es du \"Code suisse de bonnes pratiques pour le gouvernement d'entreprise\" constituent une r\u00e9ponse importante aux d\u00e9veloppements actuels en mati\u00e8re de durabilit\u00e9, aux nouvelles prescriptions l\u00e9gales ainsi qu'\u00e0 l'\u00e9volution des d\u00e9fis \u00e9conomiques. Par le pass\u00e9, Deloitte s'est engag\u00e9 \u00e0 plusieurs reprises en faveur d'un renforcement de la gouvernance d'entreprise dans l'\u00e9conomie suisse - par exemple en r\u00e9alisant des \u00e9tudes sur diff\u00e9rents th\u00e8mes du conseil d'administration, en participant \u00e0 des comit\u00e9s d'experts de diff\u00e9rentes associations et, surtout, en travaillant concr\u00e8tement pour notre client\u00e8le\", d\u00e9clare Reto Savoia, CEO de Deloitte Suisse.<\/p>\n<h3>La durabilit\u00e9 vue \u00e0 trop court terme<\/h3>\n<p>Certes, 79% des 50 entreprises du SMI\/SMIM \u00e9tudi\u00e9es publient d\u00e9j\u00e0 un rapport de durabilit\u00e9 qui traite des d\u00e9fis, des objectifs et des progr\u00e8s dans le domaine de la durabilit\u00e9 financi\u00e8re, sociale et environnementale (ESG). En m\u00eame temps, seules 27% des entreprises ont int\u00e9gr\u00e9 dans les syst\u00e8mes de r\u00e9mun\u00e9ration des membres de leur direction des objectifs ESG allant au-del\u00e0 de l'exercice \u00e0 venir (voir graphique 2).<\/p>\n<figure id=\"attachment_18871\" aria-describedby=\"caption-attachment-18871\" style=\"width: 680px\" class=\"wp-caption alignnone\"><img loading=\"lazy\" decoding=\"async\" class=\"size-full wp-image-18871\" src=\"https:\/\/www.organisator.ch\/wp-content\/uploads\/2023\/02\/Diversitaet-Nachhaltigkeit-Risikobewertung-Verwaltungsraete-mit-Nachholbedarf-2_Organisator.jpg\" alt=\"\" width=\"680\" height=\"342\" srcset=\"https:\/\/www.organisator.ch\/wp-content\/uploads\/2023\/02\/Diversitaet-Nachhaltigkeit-Risikobewertung-Verwaltungsraete-mit-Nachholbedarf-2_Organisator.jpg 680w, https:\/\/www.organisator.ch\/wp-content\/uploads\/2023\/02\/Diversitaet-Nachhaltigkeit-Risikobewertung-Verwaltungsraete-mit-Nachholbedarf-2_Organisator-18x9.jpg 18w, https:\/\/www.organisator.ch\/wp-content\/uploads\/2023\/02\/Diversitaet-Nachhaltigkeit-Risikobewertung-Verwaltungsraete-mit-Nachholbedarf-2_Organisator-375x189.jpg 375w\" sizes=\"auto, (max-width: 680px) 100vw, 680px\" \/><figcaption id=\"caption-attachment-18871\" class=\"wp-caption-text\">Graphique 2 : Objectifs ESG pour les membres de la direction. (Graphique : Deloitte)<\/figcaption><\/figure>\n<p>Des mesures suppl\u00e9mentaires s'imposent \u00e9galement dans la gestion des risques, qui joue un r\u00f4le essentiel dans la r\u00e9alisation des objectifs et la protection de la r\u00e9putation. Seules 44% des entreprises \u00e9tudi\u00e9es ont indiqu\u00e9 proc\u00e9der \u00e0 une \u00e9valuation des risques chaque ann\u00e9e. Un tiers des rapports annuels ne contenaient aucune indication sur la fr\u00e9quence des \u00e9valuations des risques effectu\u00e9es par le conseil d'administration. La situation est similaire en ce qui concerne le whistleblowing : 35% de toutes les entreprises ne disposent pas d'une hotline sp\u00e9cifique pour le signalement ind\u00e9pendant et anonyme de violations pr\u00e9sum\u00e9es des lois, prescriptions ou codes en vigueur.<\/p>\n<p>\"Des instruments tels que la hotline de whistleblowing ou des mesures visant \u00e0 ancrer la culture du risque au sommet de l'entreprise sont \u00e9l\u00e9mentaires pour que les entreprises puissent pratiquer une gestion active des risques, identifier les points faibles et contribuer ainsi \u00e0 prot\u00e9ger leur r\u00e9putation et la place \u00e9conomique suisse. En mati\u00e8re de gestion des risques, il est essentiel de penser \u00e0 long terme. Cela permet au conseil d'administration et \u00e0 la direction d'agir de mani\u00e8re pr\u00e9par\u00e9e et pragmatique plut\u00f4t que de se contenter de r\u00e9agir\", poursuit Alessandro Miolo.<\/p>\n<p><em>Source : <a href=\"https:\/\/www2.deloitte.com\/ch\/about\">Deloitte<\/a><\/em><\/p>","protected":false},"excerpt":{"rendered":"<p>Eine vielf\u00e4ltige Zusammensetzung und eine reibungslose Zusammenarbeit des Verwaltungsratsgremiums ist elementar f\u00fcr die Einhaltung einer guten Corporate Governance. Eine aktuelle Studie des Pr\u00fcfungs- und Beratungsunternehmens Deloitte Schweiz hat den k\u00fcrzlich \u00fcberarbeiteten \u00abSwiss Code of Best Practices for Corporate Governance\u00bb von economiesuisse analysiert, Daten der Gesch\u00e4ftsberichte der 20 SMI-Unternehmen und der 30 Unternehmen des SMIM ausgewertet [&hellip;]<\/p>\n","protected":false},"author":4,"featured_media":18871,"comment_status":"closed","ping_status":"closed","sticky":false,"template":"","format":"standard","meta":{"_acf_changed":false,"_yoast_wpseo_focuskw":"Verwaltungsr\u00e4te","_yoast_wpseo_metadesc":"Viele Verwaltungsr\u00e4te denken Nachhaltigkeit noch zu kurzfristig. Auch bei der Risikobewertung besteht noch Nachholbedarf, so eine Studie.","articlekey":"","footnotes":""},"categories":[28],"tags":[159,358,418,459,513],"class_list":["post-18869","post","type-post","status-publish","format-standard","has-post-thumbnail","hentry","category-management","tag-diversity","tag-nachhaltige-wirtschaft","tag-risikomanagement","tag-studie","tag-verwaltungsraete"],"acf":[],"yoast_head":"<!-- This site is optimized with the Yoast SEO plugin v27.4 - https:\/\/yoast.com\/product\/yoast-seo-wordpress\/ -->\n<title>Diversit\u00e4t, Nachhaltigkeit, Risikobewertung: Verwaltungsr\u00e4te mit Nachholbedarf - Organisator<\/title>\n<meta name=\"description\" content=\"Viele Verwaltungsr\u00e4te denken Nachhaltigkeit noch zu kurzfristig. Auch bei der Risikobewertung besteht noch Nachholbedarf, so eine Studie.\" \/>\n<meta name=\"robots\" content=\"index, follow, max-snippet:-1, max-image-preview:large, max-video-preview:-1\" \/>\n<link rel=\"canonical\" href=\"https:\/\/www.organisator.ch\/fr\/gestion-2\/2023-02-20\/diversitaet-nachhaltigkeit-risikobewertung-verwaltungsraete-mit-nachholbedarf\/\" \/>\n<meta property=\"og:locale\" content=\"fr_FR\" \/>\n<meta property=\"og:type\" content=\"article\" \/>\n<meta property=\"og:title\" content=\"Diversit\u00e4t, Nachhaltigkeit, Risikobewertung: Verwaltungsr\u00e4te mit Nachholbedarf\" \/>\n<meta property=\"og:description\" content=\"Viele Verwaltungsr\u00e4te denken Nachhaltigkeit noch zu kurzfristig. Auch bei der Risikobewertung besteht noch Nachholbedarf, so eine Studie.\" \/>\n<meta property=\"og:url\" content=\"https:\/\/www.organisator.ch\/fr\/gestion-2\/2023-02-20\/diversitaet-nachhaltigkeit-risikobewertung-verwaltungsraete-mit-nachholbedarf\/\" \/>\n<meta property=\"og:site_name\" content=\"Organisator\" \/>\n<meta property=\"article:publisher\" content=\"https:\/\/www.facebook.com\/OrganisatorFachmagazin\" \/>\n<meta property=\"article:published_time\" content=\"2023-02-20T08:10:53+00:00\" \/>\n<meta property=\"og:image\" content=\"https:\/\/www.organisator.ch\/wp-content\/uploads\/2023\/02\/Diversitaet-Nachhaltigkeit-Risikobewertung-Verwaltungsraete-mit-Nachholbedarf-2_Organisator.jpg\" \/>\n\t<meta property=\"og:image:width\" content=\"680\" \/>\n\t<meta property=\"og:image:height\" content=\"342\" \/>\n\t<meta property=\"og:image:type\" content=\"image\/jpeg\" \/>\n<meta name=\"author\" content=\"thomas.berner\" \/>\n<meta name=\"twitter:card\" content=\"summary_large_image\" \/>\n<meta name=\"twitter:title\" content=\"#Diversit\u00e4t, #Nachhaltigkeit, #Risikobewertung: #Verwaltungsr\u00e4te mit Nachholbedarf\" \/>\n<meta name=\"twitter:description\" content=\"Viele #Verwaltungsr\u00e4te denken #Nachhaltigkeit noch zu kurzfristig. Auch bei der #Risikobewertung besteht noch Nachholbedarf, so eine Studie.\" \/>\n<meta name=\"twitter:image\" content=\"https:\/\/www.organisator.ch\/wp-content\/uploads\/2023\/02\/Diversitaet-Nachhaltigkeit-Risikobewertung-Verwaltungsraete-mit-Nachholbedarf-2_Organisator.jpg\" \/>\n<script type=\"application\/ld+json\" class=\"yoast-schema-graph\">{\"@context\":\"https:\\\/\\\/schema.org\",\"@graph\":[{\"@type\":\"Article\",\"@id\":\"https:\\\/\\\/www.organisator.ch\\\/management\\\/2023-02-20\\\/diversitaet-nachhaltigkeit-risikobewertung-verwaltungsraete-mit-nachholbedarf\\\/#article\",\"isPartOf\":{\"@id\":\"https:\\\/\\\/www.organisator.ch\\\/management\\\/2023-02-20\\\/diversitaet-nachhaltigkeit-risikobewertung-verwaltungsraete-mit-nachholbedarf\\\/\"},\"author\":{\"name\":\"thomas.berner\",\"@id\":\"https:\\\/\\\/www.organisator.ch\\\/#\\\/schema\\\/person\\\/6f650f90b2842cd4c0cc334b4e36f67e\"},\"headline\":\"Diversit\u00e4t, Nachhaltigkeit, Risikobewertung: Verwaltungsr\u00e4te mit Nachholbedarf\",\"datePublished\":\"2023-02-20T08:10:53+00:00\",\"mainEntityOfPage\":{\"@id\":\"https:\\\/\\\/www.organisator.ch\\\/management\\\/2023-02-20\\\/diversitaet-nachhaltigkeit-risikobewertung-verwaltungsraete-mit-nachholbedarf\\\/\"},\"wordCount\":720,\"publisher\":{\"@id\":\"https:\\\/\\\/www.organisator.ch\\\/#organization\"},\"image\":{\"@id\":\"https:\\\/\\\/www.organisator.ch\\\/management\\\/2023-02-20\\\/diversitaet-nachhaltigkeit-risikobewertung-verwaltungsraete-mit-nachholbedarf\\\/#primaryimage\"},\"thumbnailUrl\":\"https:\\\/\\\/www.organisator.ch\\\/wp-content\\\/uploads\\\/2023\\\/02\\\/Diversitaet-Nachhaltigkeit-Risikobewertung-Verwaltungsraete-mit-Nachholbedarf-2_Organisator.jpg\",\"keywords\":[\"Diversity\",\"Nachhaltige Wirtschaft\",\"Risikomanagement\",\"Studie\",\"Verwaltungsr\u00e4te\"],\"articleSection\":[\"MANAGEMENT\"],\"inLanguage\":\"fr-FR\"},{\"@type\":\"WebPage\",\"@id\":\"https:\\\/\\\/www.organisator.ch\\\/management\\\/2023-02-20\\\/diversitaet-nachhaltigkeit-risikobewertung-verwaltungsraete-mit-nachholbedarf\\\/\",\"url\":\"https:\\\/\\\/www.organisator.ch\\\/management\\\/2023-02-20\\\/diversitaet-nachhaltigkeit-risikobewertung-verwaltungsraete-mit-nachholbedarf\\\/\",\"name\":\"Diversit\u00e4t, Nachhaltigkeit, Risikobewertung: Verwaltungsr\u00e4te mit Nachholbedarf - Organisator\",\"isPartOf\":{\"@id\":\"https:\\\/\\\/www.organisator.ch\\\/#website\"},\"primaryImageOfPage\":{\"@id\":\"https:\\\/\\\/www.organisator.ch\\\/management\\\/2023-02-20\\\/diversitaet-nachhaltigkeit-risikobewertung-verwaltungsraete-mit-nachholbedarf\\\/#primaryimage\"},\"image\":{\"@id\":\"https:\\\/\\\/www.organisator.ch\\\/management\\\/2023-02-20\\\/diversitaet-nachhaltigkeit-risikobewertung-verwaltungsraete-mit-nachholbedarf\\\/#primaryimage\"},\"thumbnailUrl\":\"https:\\\/\\\/www.organisator.ch\\\/wp-content\\\/uploads\\\/2023\\\/02\\\/Diversitaet-Nachhaltigkeit-Risikobewertung-Verwaltungsraete-mit-Nachholbedarf-2_Organisator.jpg\",\"datePublished\":\"2023-02-20T08:10:53+00:00\",\"description\":\"Viele Verwaltungsr\u00e4te denken Nachhaltigkeit noch zu kurzfristig. Auch bei der Risikobewertung besteht noch Nachholbedarf, so eine Studie.\",\"breadcrumb\":{\"@id\":\"https:\\\/\\\/www.organisator.ch\\\/management\\\/2023-02-20\\\/diversitaet-nachhaltigkeit-risikobewertung-verwaltungsraete-mit-nachholbedarf\\\/#breadcrumb\"},\"inLanguage\":\"fr-FR\",\"potentialAction\":[{\"@type\":\"ReadAction\",\"target\":[\"https:\\\/\\\/www.organisator.ch\\\/management\\\/2023-02-20\\\/diversitaet-nachhaltigkeit-risikobewertung-verwaltungsraete-mit-nachholbedarf\\\/\"]}]},{\"@type\":\"ImageObject\",\"inLanguage\":\"fr-FR\",\"@id\":\"https:\\\/\\\/www.organisator.ch\\\/management\\\/2023-02-20\\\/diversitaet-nachhaltigkeit-risikobewertung-verwaltungsraete-mit-nachholbedarf\\\/#primaryimage\",\"url\":\"https:\\\/\\\/www.organisator.ch\\\/wp-content\\\/uploads\\\/2023\\\/02\\\/Diversitaet-Nachhaltigkeit-Risikobewertung-Verwaltungsraete-mit-Nachholbedarf-2_Organisator.jpg\",\"contentUrl\":\"https:\\\/\\\/www.organisator.ch\\\/wp-content\\\/uploads\\\/2023\\\/02\\\/Diversitaet-Nachhaltigkeit-Risikobewertung-Verwaltungsraete-mit-Nachholbedarf-2_Organisator.jpg\",\"width\":680,\"height\":342,\"caption\":\"Grafik 2: ESG Ziele f\u00fcr Mitglieder der Gesch\u00e4ftsleitung. (Grafik: Deloitte)\"},{\"@type\":\"BreadcrumbList\",\"@id\":\"https:\\\/\\\/www.organisator.ch\\\/management\\\/2023-02-20\\\/diversitaet-nachhaltigkeit-risikobewertung-verwaltungsraete-mit-nachholbedarf\\\/#breadcrumb\",\"itemListElement\":[{\"@type\":\"ListItem\",\"position\":1,\"name\":\"Home\",\"item\":\"https:\\\/\\\/www.organisator.ch\\\/\"},{\"@type\":\"ListItem\",\"position\":2,\"name\":\"Diversit\u00e4t, Nachhaltigkeit, Risikobewertung: Verwaltungsr\u00e4te mit Nachholbedarf\"}]},{\"@type\":\"WebSite\",\"@id\":\"https:\\\/\\\/www.organisator.ch\\\/#website\",\"url\":\"https:\\\/\\\/www.organisator.ch\\\/\",\"name\":\"Organisator\",\"description\":\"Kompetent. Praxisnah. Der ORGANISATOR bereitet in 10 Ausgaben pro Jahr die wesentlichen Themen f\u00fcr F\u00fchrungskr\u00e4fte von KMU auf.\",\"publisher\":{\"@id\":\"https:\\\/\\\/www.organisator.ch\\\/#organization\"},\"potentialAction\":[{\"@type\":\"SearchAction\",\"target\":{\"@type\":\"EntryPoint\",\"urlTemplate\":\"https:\\\/\\\/www.organisator.ch\\\/?s={search_term_string}\"},\"query-input\":{\"@type\":\"PropertyValueSpecification\",\"valueRequired\":true,\"valueName\":\"search_term_string\"}}],\"inLanguage\":\"fr-FR\"},{\"@type\":\"Organization\",\"@id\":\"https:\\\/\\\/www.organisator.ch\\\/#organization\",\"name\":\"Organisator\",\"url\":\"https:\\\/\\\/www.organisator.ch\\\/\",\"logo\":{\"@type\":\"ImageObject\",\"inLanguage\":\"fr-FR\",\"@id\":\"https:\\\/\\\/www.organisator.ch\\\/#\\\/schema\\\/logo\\\/image\\\/\",\"url\":\"https:\\\/\\\/www.organisator.ch\\\/wp-content\\\/uploads\\\/2022\\\/01\\\/Logo_Organisator_Website.png\",\"contentUrl\":\"https:\\\/\\\/www.organisator.ch\\\/wp-content\\\/uploads\\\/2022\\\/01\\\/Logo_Organisator_Website.png\",\"width\":800,\"height\":77,\"caption\":\"Organisator\"},\"image\":{\"@id\":\"https:\\\/\\\/www.organisator.ch\\\/#\\\/schema\\\/logo\\\/image\\\/\"},\"sameAs\":[\"https:\\\/\\\/www.facebook.com\\\/OrganisatorFachmagazin\",\"https:\\\/\\\/www.linkedin.com\\\/showcase\\\/organisator-das-magazin-fr-kmu\",\"https:\\\/\\\/www.xing.com\\\/news\\\/pages\\\/organisator-ch-695\",\"https:\\\/\\\/www.youtube.com\\\/channel\\\/UCGP2Sq0iWaZwT3BdIAQFYpw\"]},{\"@type\":\"Person\",\"@id\":\"https:\\\/\\\/www.organisator.ch\\\/#\\\/schema\\\/person\\\/6f650f90b2842cd4c0cc334b4e36f67e\",\"name\":\"thomas.berner\",\"image\":{\"@type\":\"ImageObject\",\"inLanguage\":\"fr-FR\",\"@id\":\"https:\\\/\\\/secure.gravatar.com\\\/avatar\\\/ac5001d2a36cb6c6cd3e50789007ffca834b477b74a2144564522e944eabff61?s=96&d=mm&r=g\",\"url\":\"https:\\\/\\\/secure.gravatar.com\\\/avatar\\\/ac5001d2a36cb6c6cd3e50789007ffca834b477b74a2144564522e944eabff61?s=96&d=mm&r=g\",\"contentUrl\":\"https:\\\/\\\/secure.gravatar.com\\\/avatar\\\/ac5001d2a36cb6c6cd3e50789007ffca834b477b74a2144564522e944eabff61?s=96&d=mm&r=g\",\"caption\":\"thomas.berner\"},\"url\":\"https:\\\/\\\/www.organisator.ch\\\/fr\\\/author\\\/thomas-berner\\\/\"}]}<\/script>\n<!-- \/ Yoast SEO plugin. -->","yoast_head_json":{"title":"Diversit\u00e9, durabilit\u00e9, \u00e9valuation des risques : les conseils d'administration ont du retard \u00e0 rattraper - Organisateur","description":"De nombreux conseils d'administration pensent encore au d\u00e9veloppement durable \u00e0 trop court terme. Une \u00e9tude r\u00e9v\u00e8le \u00e9galement qu'il y a encore du retard \u00e0 rattraper en mati\u00e8re d'\u00e9valuation des risques.","robots":{"index":"index","follow":"follow","max-snippet":"max-snippet:-1","max-image-preview":"max-image-preview:large","max-video-preview":"max-video-preview:-1"},"canonical":"https:\/\/www.organisator.ch\/fr\/gestion-2\/2023-02-20\/diversitaet-nachhaltigkeit-risikobewertung-verwaltungsraete-mit-nachholbedarf\/","og_locale":"fr_FR","og_type":"article","og_title":"Diversit\u00e4t, Nachhaltigkeit, Risikobewertung: Verwaltungsr\u00e4te mit Nachholbedarf","og_description":"Viele Verwaltungsr\u00e4te denken Nachhaltigkeit noch zu kurzfristig. Auch bei der Risikobewertung besteht noch Nachholbedarf, so eine Studie.","og_url":"https:\/\/www.organisator.ch\/fr\/gestion-2\/2023-02-20\/diversitaet-nachhaltigkeit-risikobewertung-verwaltungsraete-mit-nachholbedarf\/","og_site_name":"Organisator","article_publisher":"https:\/\/www.facebook.com\/OrganisatorFachmagazin","article_published_time":"2023-02-20T08:10:53+00:00","og_image":[{"width":680,"height":342,"url":"https:\/\/www.organisator.ch\/wp-content\/uploads\/2023\/02\/Diversitaet-Nachhaltigkeit-Risikobewertung-Verwaltungsraete-mit-Nachholbedarf-2_Organisator.jpg","type":"image\/jpeg"}],"author":"thomas.berner","twitter_card":"summary_large_image","twitter_title":"#Diversit\u00e4t, #Nachhaltigkeit, #Risikobewertung: #Verwaltungsr\u00e4te mit Nachholbedarf","twitter_description":"Viele #Verwaltungsr\u00e4te denken #Nachhaltigkeit noch zu kurzfristig. Auch bei der #Risikobewertung besteht noch Nachholbedarf, so eine Studie.","twitter_image":"https:\/\/www.organisator.ch\/wp-content\/uploads\/2023\/02\/Diversitaet-Nachhaltigkeit-Risikobewertung-Verwaltungsraete-mit-Nachholbedarf-2_Organisator.jpg","schema":{"@context":"https:\/\/schema.org","@graph":[{"@type":"Article","@id":"https:\/\/www.organisator.ch\/management\/2023-02-20\/diversitaet-nachhaltigkeit-risikobewertung-verwaltungsraete-mit-nachholbedarf\/#article","isPartOf":{"@id":"https:\/\/www.organisator.ch\/management\/2023-02-20\/diversitaet-nachhaltigkeit-risikobewertung-verwaltungsraete-mit-nachholbedarf\/"},"author":{"name":"thomas.berner","@id":"https:\/\/www.organisator.ch\/#\/schema\/person\/6f650f90b2842cd4c0cc334b4e36f67e"},"headline":"Diversit\u00e4t, Nachhaltigkeit, Risikobewertung: Verwaltungsr\u00e4te mit Nachholbedarf","datePublished":"2023-02-20T08:10:53+00:00","mainEntityOfPage":{"@id":"https:\/\/www.organisator.ch\/management\/2023-02-20\/diversitaet-nachhaltigkeit-risikobewertung-verwaltungsraete-mit-nachholbedarf\/"},"wordCount":720,"publisher":{"@id":"https:\/\/www.organisator.ch\/#organization"},"image":{"@id":"https:\/\/www.organisator.ch\/management\/2023-02-20\/diversitaet-nachhaltigkeit-risikobewertung-verwaltungsraete-mit-nachholbedarf\/#primaryimage"},"thumbnailUrl":"https:\/\/www.organisator.ch\/wp-content\/uploads\/2023\/02\/Diversitaet-Nachhaltigkeit-Risikobewertung-Verwaltungsraete-mit-Nachholbedarf-2_Organisator.jpg","keywords":["Diversity","Nachhaltige Wirtschaft","Risikomanagement","Studie","Verwaltungsr\u00e4te"],"articleSection":["MANAGEMENT"],"inLanguage":"fr-FR"},{"@type":"WebPage","@id":"https:\/\/www.organisator.ch\/management\/2023-02-20\/diversitaet-nachhaltigkeit-risikobewertung-verwaltungsraete-mit-nachholbedarf\/","url":"https:\/\/www.organisator.ch\/management\/2023-02-20\/diversitaet-nachhaltigkeit-risikobewertung-verwaltungsraete-mit-nachholbedarf\/","name":"Diversit\u00e9, durabilit\u00e9, \u00e9valuation des risques : les conseils d'administration ont du retard \u00e0 rattraper - Organisateur","isPartOf":{"@id":"https:\/\/www.organisator.ch\/#website"},"primaryImageOfPage":{"@id":"https:\/\/www.organisator.ch\/management\/2023-02-20\/diversitaet-nachhaltigkeit-risikobewertung-verwaltungsraete-mit-nachholbedarf\/#primaryimage"},"image":{"@id":"https:\/\/www.organisator.ch\/management\/2023-02-20\/diversitaet-nachhaltigkeit-risikobewertung-verwaltungsraete-mit-nachholbedarf\/#primaryimage"},"thumbnailUrl":"https:\/\/www.organisator.ch\/wp-content\/uploads\/2023\/02\/Diversitaet-Nachhaltigkeit-Risikobewertung-Verwaltungsraete-mit-Nachholbedarf-2_Organisator.jpg","datePublished":"2023-02-20T08:10:53+00:00","description":"De nombreux conseils d'administration pensent encore au d\u00e9veloppement durable \u00e0 trop court terme. Une \u00e9tude r\u00e9v\u00e8le \u00e9galement qu'il y a encore du retard \u00e0 rattraper en mati\u00e8re d'\u00e9valuation des risques.","breadcrumb":{"@id":"https:\/\/www.organisator.ch\/management\/2023-02-20\/diversitaet-nachhaltigkeit-risikobewertung-verwaltungsraete-mit-nachholbedarf\/#breadcrumb"},"inLanguage":"fr-FR","potentialAction":[{"@type":"ReadAction","target":["https:\/\/www.organisator.ch\/management\/2023-02-20\/diversitaet-nachhaltigkeit-risikobewertung-verwaltungsraete-mit-nachholbedarf\/"]}]},{"@type":"ImageObject","inLanguage":"fr-FR","@id":"https:\/\/www.organisator.ch\/management\/2023-02-20\/diversitaet-nachhaltigkeit-risikobewertung-verwaltungsraete-mit-nachholbedarf\/#primaryimage","url":"https:\/\/www.organisator.ch\/wp-content\/uploads\/2023\/02\/Diversitaet-Nachhaltigkeit-Risikobewertung-Verwaltungsraete-mit-Nachholbedarf-2_Organisator.jpg","contentUrl":"https:\/\/www.organisator.ch\/wp-content\/uploads\/2023\/02\/Diversitaet-Nachhaltigkeit-Risikobewertung-Verwaltungsraete-mit-Nachholbedarf-2_Organisator.jpg","width":680,"height":342,"caption":"Grafik 2: ESG Ziele f\u00fcr Mitglieder der Gesch\u00e4ftsleitung. (Grafik: Deloitte)"},{"@type":"BreadcrumbList","@id":"https:\/\/www.organisator.ch\/management\/2023-02-20\/diversitaet-nachhaltigkeit-risikobewertung-verwaltungsraete-mit-nachholbedarf\/#breadcrumb","itemListElement":[{"@type":"ListItem","position":1,"name":"Home","item":"https:\/\/www.organisator.ch\/"},{"@type":"ListItem","position":2,"name":"Diversit\u00e4t, Nachhaltigkeit, Risikobewertung: Verwaltungsr\u00e4te mit Nachholbedarf"}]},{"@type":"WebSite","@id":"https:\/\/www.organisator.ch\/#website","url":"https:\/\/www.organisator.ch\/","name":"Organisateur","description":"Comp\u00e9tence et comp\u00e9tence. Proches de la pratique. L'ORGANISATEUR pr\u00e9pare 10 num\u00e9ros par an sur les th\u00e8mes essentiels pour les dirigeants de PME.","publisher":{"@id":"https:\/\/www.organisator.ch\/#organization"},"potentialAction":[{"@type":"SearchAction","target":{"@type":"EntryPoint","urlTemplate":"https:\/\/www.organisator.ch\/?s={search_term_string}"},"query-input":{"@type":"PropertyValueSpecification","valueRequired":true,"valueName":"search_term_string"}}],"inLanguage":"fr-FR"},{"@type":"Organization","@id":"https:\/\/www.organisator.ch\/#organization","name":"Organisateur","url":"https:\/\/www.organisator.ch\/","logo":{"@type":"ImageObject","inLanguage":"fr-FR","@id":"https:\/\/www.organisator.ch\/#\/schema\/logo\/image\/","url":"https:\/\/www.organisator.ch\/wp-content\/uploads\/2022\/01\/Logo_Organisator_Website.png","contentUrl":"https:\/\/www.organisator.ch\/wp-content\/uploads\/2022\/01\/Logo_Organisator_Website.png","width":800,"height":77,"caption":"Organisator"},"image":{"@id":"https:\/\/www.organisator.ch\/#\/schema\/logo\/image\/"},"sameAs":["https:\/\/www.facebook.com\/OrganisatorFachmagazin","https:\/\/www.linkedin.com\/showcase\/organisator-das-magazin-fr-kmu","https:\/\/www.xing.com\/news\/pages\/organisator-ch-695","https:\/\/www.youtube.com\/channel\/UCGP2Sq0iWaZwT3BdIAQFYpw"]},{"@type":"Person","@id":"https:\/\/www.organisator.ch\/#\/schema\/person\/6f650f90b2842cd4c0cc334b4e36f67e","name":"thomas.berner","image":{"@type":"ImageObject","inLanguage":"fr-FR","@id":"https:\/\/secure.gravatar.com\/avatar\/ac5001d2a36cb6c6cd3e50789007ffca834b477b74a2144564522e944eabff61?s=96&d=mm&r=g","url":"https:\/\/secure.gravatar.com\/avatar\/ac5001d2a36cb6c6cd3e50789007ffca834b477b74a2144564522e944eabff61?s=96&d=mm&r=g","contentUrl":"https:\/\/secure.gravatar.com\/avatar\/ac5001d2a36cb6c6cd3e50789007ffca834b477b74a2144564522e944eabff61?s=96&d=mm&r=g","caption":"thomas.berner"},"url":"https:\/\/www.organisator.ch\/fr\/author\/thomas-berner\/"}]}},"_links":{"self":[{"href":"https:\/\/www.organisator.ch\/fr\/wp-json\/wp\/v2\/posts\/18869","targetHints":{"allow":["GET"]}}],"collection":[{"href":"https:\/\/www.organisator.ch\/fr\/wp-json\/wp\/v2\/posts"}],"about":[{"href":"https:\/\/www.organisator.ch\/fr\/wp-json\/wp\/v2\/types\/post"}],"author":[{"embeddable":true,"href":"https:\/\/www.organisator.ch\/fr\/wp-json\/wp\/v2\/users\/4"}],"replies":[{"embeddable":true,"href":"https:\/\/www.organisator.ch\/fr\/wp-json\/wp\/v2\/comments?post=18869"}],"version-history":[{"count":1,"href":"https:\/\/www.organisator.ch\/fr\/wp-json\/wp\/v2\/posts\/18869\/revisions"}],"predecessor-version":[{"id":18872,"href":"https:\/\/www.organisator.ch\/fr\/wp-json\/wp\/v2\/posts\/18869\/revisions\/18872"}],"wp:featuredmedia":[{"embeddable":true,"href":"https:\/\/www.organisator.ch\/fr\/wp-json\/wp\/v2\/media\/18871"}],"wp:attachment":[{"href":"https:\/\/www.organisator.ch\/fr\/wp-json\/wp\/v2\/media?parent=18869"}],"wp:term":[{"taxonomy":"category","embeddable":true,"href":"https:\/\/www.organisator.ch\/fr\/wp-json\/wp\/v2\/categories?post=18869"},{"taxonomy":"post_tag","embeddable":true,"href":"https:\/\/www.organisator.ch\/fr\/wp-json\/wp\/v2\/tags?post=18869"}],"curies":[{"name":"wp","href":"https:\/\/api.w.org\/{rel}","templated":true}]}}