{"id":18873,"date":"2023-02-20T11:28:57","date_gmt":"2023-02-20T10:28:57","guid":{"rendered":"https:\/\/www.organisator.ch\/?p=18873"},"modified":"2023-02-20T11:28:57","modified_gmt":"2023-02-20T10:28:57","slug":"cfo-robert-erni-verlaesst-dachser","status":"publish","type":"post","link":"https:\/\/www.organisator.ch\/fr\/management\/2023-02-20\/cfo-robert-erni-verlaesst-dachser\/","title":{"rendered":"Le CFO Robert Erni quitte Dachser"},"content":{"rendered":"<figure id=\"attachment_18874\" aria-describedby=\"caption-attachment-18874\" style=\"width: 680px\" class=\"wp-caption alignnone\"><img loading=\"lazy\" decoding=\"async\" class=\"size-full wp-image-18874\" src=\"https:\/\/www.organisator.ch\/wp-content\/uploads\/2023\/02\/CFO-Robert-Erni-verlaesst-Dachser_Organisator.jpg\" alt=\"\" width=\"680\" height=\"469\" srcset=\"https:\/\/www.organisator.ch\/wp-content\/uploads\/2023\/02\/CFO-Robert-Erni-verlaesst-Dachser_Organisator.jpg 680w, https:\/\/www.organisator.ch\/wp-content\/uploads\/2023\/02\/CFO-Robert-Erni-verlaesst-Dachser_Organisator-18x12.jpg 18w, https:\/\/www.organisator.ch\/wp-content\/uploads\/2023\/02\/CFO-Robert-Erni-verlaesst-Dachser_Organisator-375x259.jpg 375w, https:\/\/www.organisator.ch\/wp-content\/uploads\/2023\/02\/CFO-Robert-Erni-verlaesst-Dachser_Organisator-507x350.jpg 507w\" sizes=\"auto, (max-width: 680px) 100vw, 680px\" \/><figcaption id=\"caption-attachment-18874\" class=\"wp-caption-text\">Changement au sein du directoire de Dachser : le CFO Robert Erni quittera l'entreprise \u00e0 la mi-2023 (photo : zVg \/ Dachser)<\/figcaption><\/figure>\n<p>Changement au sein du directoire de Dachser : pour des raisons personnelles, Robert Erni, CFO, ne renouvellera pas son contrat qui expire \u00e0 la fin de l'ann\u00e9e et quittera l'entreprise le 30 juin 2023. Burkhard Eling, CEO de Dachser, reprendra alors la direction du d\u00e9partement financier en union personnelle. Eling a d\u00e9j\u00e0 occup\u00e9 le poste de CFO chez Dachser pendant huit ans, de 2013 jusqu'\u00e0 sa nomination au poste de pr\u00e9sident du directoire le 1er janvier 2021. \" Nous remercions Robert Erni pour son action r\u00e9ussie au cours des deux derni\u00e8res ann\u00e9es. Gr\u00e2ce \u00e0 son immense exp\u00e9rience et \u00e0 son regard ext\u00e9rieur et neuf, il a fait \u00e9voluer le d\u00e9partement financier de Dachser vers l'avenir et a donn\u00e9, au sein du directoire, des impulsions importantes pour l'ensemble de l'entreprise \", d\u00e9clare Bernhard Simon, pr\u00e9sident du conseil d'administration de Dachser.<\/p>\n<p>L'entreprise familiale Dachser, dont le si\u00e8ge social se trouve \u00e0 Kempten, en Allemagne, propose des services de logistique de transport, d'entreposage et des services personnalis\u00e9s au sein de deux secteurs d'activit\u00e9 : Dachser Air &amp; Sea Logistics et Dachser Road Logistics. Avec pr\u00e8s de 31 800 collaborateurs r\u00e9partis sur 376 sites dans le monde, Dachser a r\u00e9alis\u00e9 en 2021 un chiffre d'affaires net consolid\u00e9 de pr\u00e8s de 7,1 milliards d'euros. Le prestataire logistique a transport\u00e9 au total 83,6 millions d'envois d'un poids de 42,8 millions de tonnes. Dachser est repr\u00e9sent\u00e9 par ses propres soci\u00e9t\u00e9s nationales dans 42 pays, dont la Suisse. Dachser Suisse emploie 292 collaborateurs et a r\u00e9alis\u00e9 en 2021 un chiffre d'affaires net de 128,8 millions de francs suisses.<\/p>\n<p><em>Source et informations compl\u00e9mentaires : <a href=\"http:\/\/www.dachser.ch\">Dachser<\/a> <\/em><\/p>","protected":false},"excerpt":{"rendered":"<p>Wechsel im Dachser-Vorstand: CFO Robert Erni wird seinen zum Jahresende auslaufenden Vertrag aus pers\u00f6nlichen Gr\u00fcnden nicht verl\u00e4ngern und verl\u00e4sst das Unternehmen zum 30. Juni 2023. Dachser CEO Burkhard Eling wird dann die Leitung des Finanzressorts in Personalunion \u00fcbernehmen. Eling hatte die Position des CFO bei Dachser bereits acht Jahre lang, von 2013 bis zu seiner [&hellip;]<\/p>\n","protected":false},"author":4,"featured_media":18874,"comment_status":"closed","ping_status":"closed","sticky":false,"template":"","format":"standard","meta":{"_acf_changed":false,"_yoast_wpseo_focuskw":"Robert Erni","_yoast_wpseo_metadesc":"Beim Logistik-Konzern Dachser kommt es zu einer personellen Ver\u00e4nderung: Der Schweizer CFO Robert Erni wird das Unternehmen verlassen.","articlekey":"","footnotes":""},"categories":[28],"tags":[328,335,381],"class_list":["post-18873","post","type-post","status-publish","format-standard","has-post-thumbnail","hentry","category-management","tag-logistik","tag-management-und-unternehmensfuehrung","tag-personalia"],"acf":[],"yoast_head":"<!-- This site is optimized with the Yoast SEO plugin v27.5 - https:\/\/yoast.com\/product\/yoast-seo-wordpress\/ -->\n<title>CFO Robert Erni verl\u00e4sst Dachser - Organisator<\/title>\n<meta name=\"description\" content=\"Beim Logistik-Konzern Dachser kommt es zu einer personellen Ver\u00e4nderung: Der Schweizer CFO Robert Erni wird das Unternehmen verlassen.\" \/>\n<meta name=\"robots\" content=\"index, follow, max-snippet:-1, max-image-preview:large, max-video-preview:-1\" \/>\n<link rel=\"canonical\" href=\"https:\/\/www.organisator.ch\/fr\/gestion-2\/2023-02-20\/cfo-robert-erni-verlaesst-dachser\/\" \/>\n<meta property=\"og:locale\" content=\"fr_FR\" \/>\n<meta property=\"og:type\" content=\"article\" \/>\n<meta property=\"og:title\" content=\"CFO Robert Erni verl\u00e4sst Dachser\" \/>\n<meta property=\"og:description\" content=\"Beim Logistik-Konzern Dachser kommt es zu einer personellen Ver\u00e4nderung: Der Schweizer CFO Robert Erni wird das Unternehmen verlassen.\" \/>\n<meta property=\"og:url\" content=\"https:\/\/www.organisator.ch\/fr\/gestion-2\/2023-02-20\/cfo-robert-erni-verlaesst-dachser\/\" \/>\n<meta property=\"og:site_name\" content=\"Organisator\" \/>\n<meta property=\"article:publisher\" content=\"https:\/\/www.facebook.com\/OrganisatorFachmagazin\" \/>\n<meta property=\"article:published_time\" content=\"2023-02-20T10:28:57+00:00\" \/>\n<meta property=\"og:image\" content=\"https:\/\/www.organisator.ch\/wp-content\/uploads\/2023\/02\/CFO-Robert-Erni-verlaesst-Dachser_Organisator.jpg\" \/>\n\t<meta property=\"og:image:width\" content=\"680\" \/>\n\t<meta property=\"og:image:height\" content=\"469\" \/>\n\t<meta property=\"og:image:type\" content=\"image\/jpeg\" \/>\n<meta name=\"author\" content=\"thomas.berner\" \/>\n<meta name=\"twitter:card\" content=\"summary_large_image\" \/>\n<meta name=\"twitter:title\" content=\"#CFO Robert Erni verl\u00e4sst #Dachser\" \/>\n<meta name=\"twitter:description\" content=\"Beim #Logistik-Konzern #Dachser kommt es zu einer personellen Ver\u00e4nderung: Der Schweizer #CFO Robert Erni wird das Unternehmen verlassen.\" \/>\n<meta name=\"twitter:image\" content=\"https:\/\/www.organisator.ch\/wp-content\/uploads\/2023\/02\/CFO-Robert-Erni-verlaesst-Dachser_Organisator.jpg\" \/>\n<script type=\"application\/ld+json\" class=\"yoast-schema-graph\">{\"@context\":\"https:\\\/\\\/schema.org\",\"@graph\":[{\"@type\":\"Article\",\"@id\":\"https:\\\/\\\/www.organisator.ch\\\/management\\\/2023-02-20\\\/cfo-robert-erni-verlaesst-dachser\\\/#article\",\"isPartOf\":{\"@id\":\"https:\\\/\\\/www.organisator.ch\\\/management\\\/2023-02-20\\\/cfo-robert-erni-verlaesst-dachser\\\/\"},\"author\":{\"name\":\"thomas.berner\",\"@id\":\"https:\\\/\\\/www.organisator.ch\\\/#\\\/schema\\\/person\\\/6f650f90b2842cd4c0cc334b4e36f67e\"},\"headline\":\"CFO Robert Erni verl\u00e4sst Dachser\",\"datePublished\":\"2023-02-20T10:28:57+00:00\",\"mainEntityOfPage\":{\"@id\":\"https:\\\/\\\/www.organisator.ch\\\/management\\\/2023-02-20\\\/cfo-robert-erni-verlaesst-dachser\\\/\"},\"wordCount\":232,\"publisher\":{\"@id\":\"https:\\\/\\\/www.organisator.ch\\\/#organization\"},\"image\":{\"@id\":\"https:\\\/\\\/www.organisator.ch\\\/management\\\/2023-02-20\\\/cfo-robert-erni-verlaesst-dachser\\\/#primaryimage\"},\"thumbnailUrl\":\"https:\\\/\\\/www.organisator.ch\\\/wp-content\\\/uploads\\\/2023\\\/02\\\/CFO-Robert-Erni-verlaesst-Dachser_Organisator.jpg\",\"keywords\":[\"Logistik\",\"Management und Unternehmensf\u00fchrung\",\"Personalia\"],\"articleSection\":[\"MANAGEMENT\"],\"inLanguage\":\"fr-FR\"},{\"@type\":\"WebPage\",\"@id\":\"https:\\\/\\\/www.organisator.ch\\\/management\\\/2023-02-20\\\/cfo-robert-erni-verlaesst-dachser\\\/\",\"url\":\"https:\\\/\\\/www.organisator.ch\\\/management\\\/2023-02-20\\\/cfo-robert-erni-verlaesst-dachser\\\/\",\"name\":\"CFO Robert Erni verl\u00e4sst Dachser - Organisator\",\"isPartOf\":{\"@id\":\"https:\\\/\\\/www.organisator.ch\\\/#website\"},\"primaryImageOfPage\":{\"@id\":\"https:\\\/\\\/www.organisator.ch\\\/management\\\/2023-02-20\\\/cfo-robert-erni-verlaesst-dachser\\\/#primaryimage\"},\"image\":{\"@id\":\"https:\\\/\\\/www.organisator.ch\\\/management\\\/2023-02-20\\\/cfo-robert-erni-verlaesst-dachser\\\/#primaryimage\"},\"thumbnailUrl\":\"https:\\\/\\\/www.organisator.ch\\\/wp-content\\\/uploads\\\/2023\\\/02\\\/CFO-Robert-Erni-verlaesst-Dachser_Organisator.jpg\",\"datePublished\":\"2023-02-20T10:28:57+00:00\",\"description\":\"Beim Logistik-Konzern Dachser kommt es zu einer personellen Ver\u00e4nderung: Der Schweizer CFO Robert Erni wird das Unternehmen verlassen.\",\"breadcrumb\":{\"@id\":\"https:\\\/\\\/www.organisator.ch\\\/management\\\/2023-02-20\\\/cfo-robert-erni-verlaesst-dachser\\\/#breadcrumb\"},\"inLanguage\":\"fr-FR\",\"potentialAction\":[{\"@type\":\"ReadAction\",\"target\":[\"https:\\\/\\\/www.organisator.ch\\\/management\\\/2023-02-20\\\/cfo-robert-erni-verlaesst-dachser\\\/\"]}]},{\"@type\":\"ImageObject\",\"inLanguage\":\"fr-FR\",\"@id\":\"https:\\\/\\\/www.organisator.ch\\\/management\\\/2023-02-20\\\/cfo-robert-erni-verlaesst-dachser\\\/#primaryimage\",\"url\":\"https:\\\/\\\/www.organisator.ch\\\/wp-content\\\/uploads\\\/2023\\\/02\\\/CFO-Robert-Erni-verlaesst-Dachser_Organisator.jpg\",\"contentUrl\":\"https:\\\/\\\/www.organisator.ch\\\/wp-content\\\/uploads\\\/2023\\\/02\\\/CFO-Robert-Erni-verlaesst-Dachser_Organisator.jpg\",\"width\":680,\"height\":469,\"caption\":\"Wechsel im Dachser-Vorstand: CFO Robert Erni verl\u00e4sst das Unternehmen Mitte 2023. (Bild: zVg \\\/ Dachser)\"},{\"@type\":\"BreadcrumbList\",\"@id\":\"https:\\\/\\\/www.organisator.ch\\\/management\\\/2023-02-20\\\/cfo-robert-erni-verlaesst-dachser\\\/#breadcrumb\",\"itemListElement\":[{\"@type\":\"ListItem\",\"position\":1,\"name\":\"Home\",\"item\":\"https:\\\/\\\/www.organisator.ch\\\/\"},{\"@type\":\"ListItem\",\"position\":2,\"name\":\"CFO Robert Erni verl\u00e4sst Dachser\"}]},{\"@type\":\"WebSite\",\"@id\":\"https:\\\/\\\/www.organisator.ch\\\/#website\",\"url\":\"https:\\\/\\\/www.organisator.ch\\\/\",\"name\":\"Organisator\",\"description\":\"Kompetent. Praxisnah. Der ORGANISATOR bereitet in 10 Ausgaben pro Jahr die wesentlichen Themen f\u00fcr F\u00fchrungskr\u00e4fte von KMU auf.\",\"publisher\":{\"@id\":\"https:\\\/\\\/www.organisator.ch\\\/#organization\"},\"potentialAction\":[{\"@type\":\"SearchAction\",\"target\":{\"@type\":\"EntryPoint\",\"urlTemplate\":\"https:\\\/\\\/www.organisator.ch\\\/?s={search_term_string}\"},\"query-input\":{\"@type\":\"PropertyValueSpecification\",\"valueRequired\":true,\"valueName\":\"search_term_string\"}}],\"inLanguage\":\"fr-FR\"},{\"@type\":\"Organization\",\"@id\":\"https:\\\/\\\/www.organisator.ch\\\/#organization\",\"name\":\"Organisator\",\"url\":\"https:\\\/\\\/www.organisator.ch\\\/\",\"logo\":{\"@type\":\"ImageObject\",\"inLanguage\":\"fr-FR\",\"@id\":\"https:\\\/\\\/www.organisator.ch\\\/#\\\/schema\\\/logo\\\/image\\\/\",\"url\":\"https:\\\/\\\/www.organisator.ch\\\/wp-content\\\/uploads\\\/2022\\\/01\\\/Logo_Organisator_Website.png\",\"contentUrl\":\"https:\\\/\\\/www.organisator.ch\\\/wp-content\\\/uploads\\\/2022\\\/01\\\/Logo_Organisator_Website.png\",\"width\":800,\"height\":77,\"caption\":\"Organisator\"},\"image\":{\"@id\":\"https:\\\/\\\/www.organisator.ch\\\/#\\\/schema\\\/logo\\\/image\\\/\"},\"sameAs\":[\"https:\\\/\\\/www.facebook.com\\\/OrganisatorFachmagazin\",\"https:\\\/\\\/www.linkedin.com\\\/showcase\\\/organisator-das-magazin-fr-kmu\",\"https:\\\/\\\/www.xing.com\\\/news\\\/pages\\\/organisator-ch-695\",\"https:\\\/\\\/www.youtube.com\\\/channel\\\/UCGP2Sq0iWaZwT3BdIAQFYpw\"]},{\"@type\":\"Person\",\"@id\":\"https:\\\/\\\/www.organisator.ch\\\/#\\\/schema\\\/person\\\/6f650f90b2842cd4c0cc334b4e36f67e\",\"name\":\"thomas.berner\",\"image\":{\"@type\":\"ImageObject\",\"inLanguage\":\"fr-FR\",\"@id\":\"https:\\\/\\\/secure.gravatar.com\\\/avatar\\\/ac5001d2a36cb6c6cd3e50789007ffca834b477b74a2144564522e944eabff61?s=96&d=mm&r=g\",\"url\":\"https:\\\/\\\/secure.gravatar.com\\\/avatar\\\/ac5001d2a36cb6c6cd3e50789007ffca834b477b74a2144564522e944eabff61?s=96&d=mm&r=g\",\"contentUrl\":\"https:\\\/\\\/secure.gravatar.com\\\/avatar\\\/ac5001d2a36cb6c6cd3e50789007ffca834b477b74a2144564522e944eabff61?s=96&d=mm&r=g\",\"caption\":\"thomas.berner\"},\"url\":\"https:\\\/\\\/www.organisator.ch\\\/fr\\\/author\\\/thomas-berner\\\/\"}]}<\/script>\n<!-- \/ Yoast SEO plugin. -->","yoast_head_json":{"title":"Le CFO Robert Erni quitte Dachser - Organisateur","description":"Un changement de personnel intervient au sein du groupe de logistique Dachser : le directeur financier suisse Robert Erni va quitter l'entreprise.","robots":{"index":"index","follow":"follow","max-snippet":"max-snippet:-1","max-image-preview":"max-image-preview:large","max-video-preview":"max-video-preview:-1"},"canonical":"https:\/\/www.organisator.ch\/fr\/gestion-2\/2023-02-20\/cfo-robert-erni-verlaesst-dachser\/","og_locale":"fr_FR","og_type":"article","og_title":"CFO Robert Erni verl\u00e4sst Dachser","og_description":"Beim Logistik-Konzern Dachser kommt es zu einer personellen Ver\u00e4nderung: Der Schweizer CFO Robert Erni wird das Unternehmen verlassen.","og_url":"https:\/\/www.organisator.ch\/fr\/gestion-2\/2023-02-20\/cfo-robert-erni-verlaesst-dachser\/","og_site_name":"Organisator","article_publisher":"https:\/\/www.facebook.com\/OrganisatorFachmagazin","article_published_time":"2023-02-20T10:28:57+00:00","og_image":[{"width":680,"height":469,"url":"https:\/\/www.organisator.ch\/wp-content\/uploads\/2023\/02\/CFO-Robert-Erni-verlaesst-Dachser_Organisator.jpg","type":"image\/jpeg"}],"author":"thomas.berner","twitter_card":"summary_large_image","twitter_title":"#CFO Robert Erni verl\u00e4sst #Dachser","twitter_description":"Beim #Logistik-Konzern #Dachser kommt es zu einer personellen Ver\u00e4nderung: Der Schweizer #CFO Robert Erni wird das Unternehmen verlassen.","twitter_image":"https:\/\/www.organisator.ch\/wp-content\/uploads\/2023\/02\/CFO-Robert-Erni-verlaesst-Dachser_Organisator.jpg","schema":{"@context":"https:\/\/schema.org","@graph":[{"@type":"Article","@id":"https:\/\/www.organisator.ch\/management\/2023-02-20\/cfo-robert-erni-verlaesst-dachser\/#article","isPartOf":{"@id":"https:\/\/www.organisator.ch\/management\/2023-02-20\/cfo-robert-erni-verlaesst-dachser\/"},"author":{"name":"thomas.berner","@id":"https:\/\/www.organisator.ch\/#\/schema\/person\/6f650f90b2842cd4c0cc334b4e36f67e"},"headline":"CFO Robert Erni verl\u00e4sst Dachser","datePublished":"2023-02-20T10:28:57+00:00","mainEntityOfPage":{"@id":"https:\/\/www.organisator.ch\/management\/2023-02-20\/cfo-robert-erni-verlaesst-dachser\/"},"wordCount":232,"publisher":{"@id":"https:\/\/www.organisator.ch\/#organization"},"image":{"@id":"https:\/\/www.organisator.ch\/management\/2023-02-20\/cfo-robert-erni-verlaesst-dachser\/#primaryimage"},"thumbnailUrl":"https:\/\/www.organisator.ch\/wp-content\/uploads\/2023\/02\/CFO-Robert-Erni-verlaesst-Dachser_Organisator.jpg","keywords":["Logistik","Management und Unternehmensf\u00fchrung","Personalia"],"articleSection":["MANAGEMENT"],"inLanguage":"fr-FR"},{"@type":"WebPage","@id":"https:\/\/www.organisator.ch\/management\/2023-02-20\/cfo-robert-erni-verlaesst-dachser\/","url":"https:\/\/www.organisator.ch\/management\/2023-02-20\/cfo-robert-erni-verlaesst-dachser\/","name":"Le CFO Robert Erni quitte Dachser - Organisateur","isPartOf":{"@id":"https:\/\/www.organisator.ch\/#website"},"primaryImageOfPage":{"@id":"https:\/\/www.organisator.ch\/management\/2023-02-20\/cfo-robert-erni-verlaesst-dachser\/#primaryimage"},"image":{"@id":"https:\/\/www.organisator.ch\/management\/2023-02-20\/cfo-robert-erni-verlaesst-dachser\/#primaryimage"},"thumbnailUrl":"https:\/\/www.organisator.ch\/wp-content\/uploads\/2023\/02\/CFO-Robert-Erni-verlaesst-Dachser_Organisator.jpg","datePublished":"2023-02-20T10:28:57+00:00","description":"Un changement de personnel intervient au sein du groupe de logistique Dachser : le directeur financier suisse Robert Erni va quitter l'entreprise.","breadcrumb":{"@id":"https:\/\/www.organisator.ch\/management\/2023-02-20\/cfo-robert-erni-verlaesst-dachser\/#breadcrumb"},"inLanguage":"fr-FR","potentialAction":[{"@type":"ReadAction","target":["https:\/\/www.organisator.ch\/management\/2023-02-20\/cfo-robert-erni-verlaesst-dachser\/"]}]},{"@type":"ImageObject","inLanguage":"fr-FR","@id":"https:\/\/www.organisator.ch\/management\/2023-02-20\/cfo-robert-erni-verlaesst-dachser\/#primaryimage","url":"https:\/\/www.organisator.ch\/wp-content\/uploads\/2023\/02\/CFO-Robert-Erni-verlaesst-Dachser_Organisator.jpg","contentUrl":"https:\/\/www.organisator.ch\/wp-content\/uploads\/2023\/02\/CFO-Robert-Erni-verlaesst-Dachser_Organisator.jpg","width":680,"height":469,"caption":"Wechsel im Dachser-Vorstand: CFO Robert Erni verl\u00e4sst das Unternehmen Mitte 2023. (Bild: zVg \/ Dachser)"},{"@type":"BreadcrumbList","@id":"https:\/\/www.organisator.ch\/management\/2023-02-20\/cfo-robert-erni-verlaesst-dachser\/#breadcrumb","itemListElement":[{"@type":"ListItem","position":1,"name":"Home","item":"https:\/\/www.organisator.ch\/"},{"@type":"ListItem","position":2,"name":"CFO Robert Erni verl\u00e4sst Dachser"}]},{"@type":"WebSite","@id":"https:\/\/www.organisator.ch\/#website","url":"https:\/\/www.organisator.ch\/","name":"Organisateur","description":"Comp\u00e9tence et comp\u00e9tence. Proches de la pratique. L'ORGANISATEUR pr\u00e9pare 10 num\u00e9ros par an sur les th\u00e8mes essentiels pour les dirigeants de PME.","publisher":{"@id":"https:\/\/www.organisator.ch\/#organization"},"potentialAction":[{"@type":"SearchAction","target":{"@type":"EntryPoint","urlTemplate":"https:\/\/www.organisator.ch\/?s={search_term_string}"},"query-input":{"@type":"PropertyValueSpecification","valueRequired":true,"valueName":"search_term_string"}}],"inLanguage":"fr-FR"},{"@type":"Organization","@id":"https:\/\/www.organisator.ch\/#organization","name":"Organisateur","url":"https:\/\/www.organisator.ch\/","logo":{"@type":"ImageObject","inLanguage":"fr-FR","@id":"https:\/\/www.organisator.ch\/#\/schema\/logo\/image\/","url":"https:\/\/www.organisator.ch\/wp-content\/uploads\/2022\/01\/Logo_Organisator_Website.png","contentUrl":"https:\/\/www.organisator.ch\/wp-content\/uploads\/2022\/01\/Logo_Organisator_Website.png","width":800,"height":77,"caption":"Organisator"},"image":{"@id":"https:\/\/www.organisator.ch\/#\/schema\/logo\/image\/"},"sameAs":["https:\/\/www.facebook.com\/OrganisatorFachmagazin","https:\/\/www.linkedin.com\/showcase\/organisator-das-magazin-fr-kmu","https:\/\/www.xing.com\/news\/pages\/organisator-ch-695","https:\/\/www.youtube.com\/channel\/UCGP2Sq0iWaZwT3BdIAQFYpw"]},{"@type":"Person","@id":"https:\/\/www.organisator.ch\/#\/schema\/person\/6f650f90b2842cd4c0cc334b4e36f67e","name":"thomas.berner","image":{"@type":"ImageObject","inLanguage":"fr-FR","@id":"https:\/\/secure.gravatar.com\/avatar\/ac5001d2a36cb6c6cd3e50789007ffca834b477b74a2144564522e944eabff61?s=96&d=mm&r=g","url":"https:\/\/secure.gravatar.com\/avatar\/ac5001d2a36cb6c6cd3e50789007ffca834b477b74a2144564522e944eabff61?s=96&d=mm&r=g","contentUrl":"https:\/\/secure.gravatar.com\/avatar\/ac5001d2a36cb6c6cd3e50789007ffca834b477b74a2144564522e944eabff61?s=96&d=mm&r=g","caption":"thomas.berner"},"url":"https:\/\/www.organisator.ch\/fr\/author\/thomas-berner\/"}]}},"_links":{"self":[{"href":"https:\/\/www.organisator.ch\/fr\/wp-json\/wp\/v2\/posts\/18873","targetHints":{"allow":["GET"]}}],"collection":[{"href":"https:\/\/www.organisator.ch\/fr\/wp-json\/wp\/v2\/posts"}],"about":[{"href":"https:\/\/www.organisator.ch\/fr\/wp-json\/wp\/v2\/types\/post"}],"author":[{"embeddable":true,"href":"https:\/\/www.organisator.ch\/fr\/wp-json\/wp\/v2\/users\/4"}],"replies":[{"embeddable":true,"href":"https:\/\/www.organisator.ch\/fr\/wp-json\/wp\/v2\/comments?post=18873"}],"version-history":[{"count":1,"href":"https:\/\/www.organisator.ch\/fr\/wp-json\/wp\/v2\/posts\/18873\/revisions"}],"predecessor-version":[{"id":18875,"href":"https:\/\/www.organisator.ch\/fr\/wp-json\/wp\/v2\/posts\/18873\/revisions\/18875"}],"wp:featuredmedia":[{"embeddable":true,"href":"https:\/\/www.organisator.ch\/fr\/wp-json\/wp\/v2\/media\/18874"}],"wp:attachment":[{"href":"https:\/\/www.organisator.ch\/fr\/wp-json\/wp\/v2\/media?parent=18873"}],"wp:term":[{"taxonomy":"category","embeddable":true,"href":"https:\/\/www.organisator.ch\/fr\/wp-json\/wp\/v2\/categories?post=18873"},{"taxonomy":"post_tag","embeddable":true,"href":"https:\/\/www.organisator.ch\/fr\/wp-json\/wp\/v2\/tags?post=18873"}],"curies":[{"name":"wp","href":"https:\/\/api.w.org\/{rel}","templated":true}]}}