{"id":1895,"date":"2017-05-08T12:08:30","date_gmt":"2017-05-08T10:08:30","guid":{"rendered":"https:\/\/www.organisator.ch\/?p=1895"},"modified":"2017-05-08T12:08:30","modified_gmt":"2017-05-08T10:08:30","slug":"1895-2","status":"publish","type":"post","link":"https:\/\/www.organisator.ch\/fr\/allgemein\/2017-05-08\/1895-2\/","title":{"rendered":"Les femmes deviennent plus s\u00fbres d'elles au travail"},"content":{"rendered":"<figure id=\"attachment_1896\" aria-describedby=\"caption-attachment-1896\" style=\"width: 640px\" class=\"wp-caption alignnone\"><img loading=\"lazy\" decoding=\"async\" class=\"size-full wp-image-1896\" src=\"https:\/\/www.organisator.ch\/wp-content\/uploads\/2017\/05\/Frauen-werden-selbstsicherer-im-Job-org-organisator.jpg\" alt=\"\" width=\"640\" height=\"440\" srcset=\"https:\/\/www.organisator.ch\/wp-content\/uploads\/2017\/05\/Frauen-werden-selbstsicherer-im-Job-org-organisator.jpg 640w, https:\/\/www.organisator.ch\/wp-content\/uploads\/2017\/05\/Frauen-werden-selbstsicherer-im-Job-org-organisator-16x12.jpg 16w, https:\/\/www.organisator.ch\/wp-content\/uploads\/2017\/05\/Frauen-werden-selbstsicherer-im-Job-org-organisator-255x175.jpg 255w, https:\/\/www.organisator.ch\/wp-content\/uploads\/2017\/05\/Frauen-werden-selbstsicherer-im-Job-org-organisator-509x350.jpg 509w, https:\/\/www.organisator.ch\/wp-content\/uploads\/2017\/05\/Frauen-werden-selbstsicherer-im-Job-org-organisator-300x206.jpg 300w\" sizes=\"auto, (max-width: 640px) 100vw, 640px\" \/><figcaption id=\"caption-attachment-1896\" class=\"wp-caption-text\">Chez les femmes aussi, les facteurs li\u00e9s \u00e0 la \"carri\u00e8re dans des m\u00e9tiers d'hommes\" et aux \"possibilit\u00e9s d'avancement et de salaire\" sont de plus en plus importants. (Image Depositphotos).<\/figcaption><\/figure>\n<p>Les femmes deviennent plus s\u00fbres d'elles, peut-on lire dans l'\"Universum Talent Research\". Les jeunes femmes informaticiennes, par exemple, pr\u00e9f\u00e8rent les possibilit\u00e9s de formation verticale : Formation, cr\u00e9ativit\u00e9, innovation, flexibilit\u00e9, un salaire de base attractif et, \"depuis peu\", un revenu \u00e9lev\u00e9. L'\u00e9tude met en \u00e9vidence une th\u00e8se : les facteurs dits \"doux\" sont de moins en moins pertinents, m\u00eame chez les femmes, et les facteurs durs gagnent en importance.<\/p>\n<p><strong>Changement des \"soft factors<\/strong><\/p>\n<p>Par rapport \u00e0 l'ann\u00e9e derni\u00e8re, les femmes seraient moins int\u00e9ress\u00e9es par les \"softfactors\". Ainsi, l'attribut \"respect pour ses collaborateurs\" est sorti du top 10 des pr\u00e9f\u00e9rences de l'enqu\u00eate (#5 l'ann\u00e9e derni\u00e8re). L'importance accord\u00e9e \u00e0 \"un environnement de travail cr\u00e9atif et dynamique\" a \u00e9galement diminu\u00e9. Autre point int\u00e9ressant : le \"soutien \u00e0 l'\u00e9galit\u00e9 des sexes\" n'est pas du tout choisi, ce qui \u00e9tait d\u00e9j\u00e0 le cas l'ann\u00e9e derni\u00e8re.<\/p>\n<p>Les \u00e9tudiantes accordent nettement plus d'importance au \"salaire et aux possibilit\u00e9s de promotion\". Ainsi, elles attachent de l'importance \u00e0 ce qu'un employeur \"paie leur future formation\" (pas du tout dans le top 10 pour les hommes) et un \"salaire de base attractif\" est \u00e9galement important pour elles. Les femmes en ont donc assez de l'\u00e9cart entre les sexes et exigent davantage.<\/p>\n<p>La perspective d'un \"revenu \u00e9lev\u00e9 \u00e0 l'avenir\" est moins int\u00e9ressante pour elles, ce qui est tout \u00e0 fait important pour les hommes (#4). Les hommes et les femmes accordent beaucoup d'importance \u00e0 une \"bonne r\u00e9f\u00e9rence pour la carri\u00e8re future\", mais les femmes accordent encore plus d'importance \u00e0 des \"t\u00e2ches vari\u00e9es\" dans leur travail.<\/p>\n<p><strong>\u00a0Diff\u00e9rentes pr\u00e9f\u00e9rences <\/strong><\/p>\n<p>\"Les femmes se concentrent davantage sur leur premier emploi et accordent un peu plus de poids aux pr\u00e9f\u00e9rences actuelles qu'aux pr\u00e9f\u00e9rences futures. Cela pourrait \u00eatre li\u00e9 au fait que les femmes n'ont plus de patience et souhaitent faire carri\u00e8re avant de fonder une famille, et ont donc moins de patience\", explique Marty.<\/p>\n<p>La \"formation et le d\u00e9veloppement professionnels\" sont plus importants pour les femmes \u00e9tudiantes (#5) que pour les hommes (#9). La \"diversit\u00e9 des t\u00e2ches\" est \u00e9galement plus importante pour les \u00e9tudiantes (#1) que pour les \u00e9tudiants (#7).<\/p>\n<p>\"Les femmes ont probablement compris qu'elles pouvaient exiger davantage et qu'elles devaient elles-m\u00eames contribuer au th\u00e8me de l'\u00e9galit\u00e9. Ainsi, elles se concentrent davantage sur les facteurs durs autour des th\u00e8mes du salaire, des possibilit\u00e9s d'avancement, de la formation continue et moins sur les facteurs doux comme le respect entre coll\u00e8gues ou un environnement de travail cr\u00e9atif et dynamique lors du choix de l'employeur\", explique Leo Marty, Managing Director Suisse &amp; Autriche chez Universum.<\/p>\n<p><strong><em>\u00a0En regardant de plus pr\u00e8s le top 10 des pr\u00e9f\u00e9rences, on observe que les hommes accordent toujours une certaine importance au \"salaire et aux possibilit\u00e9s d'avancement\" et qu'ils occupent en premier lieu les rangs 1 \u00e0 4, tandis que les femmes occupent les rangs 6 \u00e0 8. <\/em><\/strong><\/p>\n<p><strong>Les femmes sont des id\u00e9alistes et des harmonisatrices ... <\/strong><\/p>\n<p>Chez les \u00e9tudiantes suisses, le profil de carri\u00e8re des id\u00e9alistes est particuli\u00e8rement marqu\u00e9 avec 18% (hommes 9%) et celui des harmonisateurs avec 17% (hommes 11%).<\/p>\n<p>Les soi-disant harmonisateurs accordent beaucoup d'importance \u00e0 la loyaut\u00e9, au sens des responsabilit\u00e9s et \u00e0 l'esprit d'\u00e9quipe. Les id\u00e9alistes souhaitent fournir des solutions r\u00e9alisables qui servent une bonne cause. En m\u00eame temps, ils veulent \u00eatre valoris\u00e9s et respect\u00e9s.<\/p>\n<p>Les id\u00e9alistes et les harmonisateurs augmentent au cours de leur carri\u00e8re. Parmi les personnes actives suisses ayant un parcours acad\u00e9mique, 12% des hommes actifs et 23% des femmes sont des id\u00e9alistes. Les harmonisateurs repr\u00e9sentent 13% des hommes actifs et 21% des femmes actives en Suisse.<\/p>\n<p>Les informaticiens demandent d\u00e9sormais en premier lieu (#1) \"une formation professionnelle et continue\" (#5 l'ann\u00e9e derni\u00e8re). \"Des conditions de travail flexibles\", \"un revenu \u00e9lev\u00e9 \u00e0 l'avenir\" et \"le paiement de la formation future\" sont tous trois nouveaux dans le top 10 des pr\u00e9f\u00e9rences des \u00e9tudiants en informatique. Les \u00e9tudiants en informatique accordent \u00e9galement de l'importance \u00e0 \"l'innovation\" et aux \"produits et services attrayants &amp; int\u00e9ressants\". L'\"innovation\" est m\u00eame plus importante qu'un salaire de base attractif. L'innovation ne va pas de soi pour les informaticiens suisses, mais un bon salaire oui. C'est un bon signe pour la sc\u00e8ne des start-up en plein essor, qui cherche aussi d\u00e9sesp\u00e9r\u00e9ment des informaticiens, mais qui n'est pas solvable.<\/p>\n<p><em>Vous trouverez plus d'informations sur l'\u00e9tude \"Universum Talent Research\" sur le site de <a href=\"http:\/\/universumglobal.com\">universumglobal.com<\/a><\/em><\/p>","protected":false},"excerpt":{"rendered":"<p>Frauen werden selbstsicherer, heisst es im &#8222;Universum Talent Research&#8220;. Junge IT-lerinnen zum Beispiel pr\u00e4ferieren vertikale Ausbildungsm\u00f6glichkeiten: Training, Kreativit\u00e4t, Innovation, Flexibilit\u00e4t, ein attraktives Grundgehalt und &#8222;neuerdings&#8220; ein hohes Einkommen. Die Untersuchung bringe eine These zu Tage: Die sogenannten \u201eSoftfactors\u201c sind auch bei Frauen immer weniger relevant, harte Faktoren nehmen zu an Wichtigkeit Ver\u00e4nderung der &#8222;Softfaktoren&#8220; Frauen [&hellip;]<\/p>\n","protected":false},"author":5,"featured_media":1896,"comment_status":"open","ping_status":"open","sticky":false,"template":"","format":"standard","meta":{"_acf_changed":false,"_yoast_wpseo_focuskw":"Frauen selbstsicherer","_yoast_wpseo_metadesc":"Frauen werden selbstsicherer. Sie fordern mehr \u201eharte Faktoren\u201c wie h\u00f6hrere Einkommen vom Arbeitgeber, heisst es im \"Universum Talent Research\".","articlekey":"","footnotes":""},"categories":[1,26],"tags":[170,223,249,415,439],"class_list":["post-1895","post","type-post","status-publish","format-standard","has-post-thumbnail","hentry","category-allgemein","category-hrm","tag-einkommen","tag-frauen","tag-hardfactors","tag-research","tag-softfactors"],"acf":[],"yoast_head":"<!-- This site is optimized with the Yoast SEO plugin v27.4 - https:\/\/yoast.com\/product\/yoast-seo-wordpress\/ -->\n<title>Frauen werden selbstsicherer im Job - Organisator<\/title>\n<meta name=\"description\" content=\"Frauen werden selbstsicherer. Sie fordern mehr \u201eharte Faktoren\u201c wie h\u00f6hrere Einkommen vom Arbeitgeber, heisst es im &quot;Universum Talent Research&quot;.\" \/>\n<meta name=\"robots\" content=\"index, follow, max-snippet:-1, max-image-preview:large, max-video-preview:-1\" \/>\n<link rel=\"canonical\" href=\"https:\/\/www.organisator.ch\/fr\/general\/2017-05-08\/1895-2\/\" \/>\n<meta property=\"og:locale\" content=\"fr_FR\" \/>\n<meta property=\"og:type\" content=\"article\" \/>\n<meta property=\"og:title\" content=\"Frauen werden selbstsicherer im Job - Organisator\" \/>\n<meta property=\"og:description\" content=\"Frauen werden selbstsicherer. Sie fordern mehr \u201eharte Faktoren\u201c wie h\u00f6hrere Einkommen vom Arbeitgeber, heisst es im &quot;Universum Talent Research&quot;.\" \/>\n<meta property=\"og:url\" content=\"https:\/\/www.organisator.ch\/fr\/general\/2017-05-08\/1895-2\/\" \/>\n<meta property=\"og:site_name\" content=\"Organisator\" \/>\n<meta property=\"article:publisher\" content=\"https:\/\/www.facebook.com\/OrganisatorFachmagazin\" \/>\n<meta property=\"article:published_time\" content=\"2017-05-08T10:08:30+00:00\" \/>\n<meta property=\"og:image\" content=\"https:\/\/www.organisator.ch\/wp-content\/uploads\/2017\/05\/Frauen-werden-selbstsicherer-im-Job-org-organisator.jpg\" \/>\n\t<meta property=\"og:image:width\" content=\"640\" \/>\n\t<meta property=\"og:image:height\" content=\"440\" \/>\n\t<meta property=\"og:image:type\" content=\"image\/jpeg\" \/>\n<meta name=\"author\" content=\"michael.merz\" \/>\n<meta name=\"twitter:card\" content=\"summary_large_image\" \/>\n<script type=\"application\/ld+json\" class=\"yoast-schema-graph\">{\"@context\":\"https:\\\/\\\/schema.org\",\"@graph\":[{\"@type\":\"Article\",\"@id\":\"https:\\\/\\\/www.organisator.ch\\\/allgemein\\\/2017-05-08\\\/1895-2\\\/#article\",\"isPartOf\":{\"@id\":\"https:\\\/\\\/www.organisator.ch\\\/allgemein\\\/2017-05-08\\\/1895-2\\\/\"},\"author\":{\"name\":\"michael.merz\",\"@id\":\"https:\\\/\\\/www.organisator.ch\\\/#\\\/schema\\\/person\\\/134708ca9321c57b0362cceb7948ffbd\"},\"headline\":\"Frauen werden selbstsicherer im Job\",\"datePublished\":\"2017-05-08T10:08:30+00:00\",\"mainEntityOfPage\":{\"@id\":\"https:\\\/\\\/www.organisator.ch\\\/allgemein\\\/2017-05-08\\\/1895-2\\\/\"},\"wordCount\":634,\"commentCount\":0,\"publisher\":{\"@id\":\"https:\\\/\\\/www.organisator.ch\\\/#organization\"},\"image\":{\"@id\":\"https:\\\/\\\/www.organisator.ch\\\/allgemein\\\/2017-05-08\\\/1895-2\\\/#primaryimage\"},\"thumbnailUrl\":\"https:\\\/\\\/www.organisator.ch\\\/wp-content\\\/uploads\\\/2017\\\/05\\\/Frauen-werden-selbstsicherer-im-Job-org-organisator.jpg\",\"keywords\":[\"Einkommen\",\"Frauen\",\"Hardfactors\",\"Research\",\"Softfactors\"],\"articleSection\":[\"Allgemein\",\"HRM\"],\"inLanguage\":\"fr-FR\"},{\"@type\":\"WebPage\",\"@id\":\"https:\\\/\\\/www.organisator.ch\\\/allgemein\\\/2017-05-08\\\/1895-2\\\/\",\"url\":\"https:\\\/\\\/www.organisator.ch\\\/allgemein\\\/2017-05-08\\\/1895-2\\\/\",\"name\":\"Frauen werden selbstsicherer im Job - Organisator\",\"isPartOf\":{\"@id\":\"https:\\\/\\\/www.organisator.ch\\\/#website\"},\"primaryImageOfPage\":{\"@id\":\"https:\\\/\\\/www.organisator.ch\\\/allgemein\\\/2017-05-08\\\/1895-2\\\/#primaryimage\"},\"image\":{\"@id\":\"https:\\\/\\\/www.organisator.ch\\\/allgemein\\\/2017-05-08\\\/1895-2\\\/#primaryimage\"},\"thumbnailUrl\":\"https:\\\/\\\/www.organisator.ch\\\/wp-content\\\/uploads\\\/2017\\\/05\\\/Frauen-werden-selbstsicherer-im-Job-org-organisator.jpg\",\"datePublished\":\"2017-05-08T10:08:30+00:00\",\"description\":\"Frauen werden selbstsicherer. Sie fordern mehr \u201eharte Faktoren\u201c wie h\u00f6hrere Einkommen vom Arbeitgeber, heisst es im \\\"Universum Talent Research\\\".\",\"breadcrumb\":{\"@id\":\"https:\\\/\\\/www.organisator.ch\\\/allgemein\\\/2017-05-08\\\/1895-2\\\/#breadcrumb\"},\"inLanguage\":\"fr-FR\",\"potentialAction\":[{\"@type\":\"ReadAction\",\"target\":[\"https:\\\/\\\/www.organisator.ch\\\/allgemein\\\/2017-05-08\\\/1895-2\\\/\"]}]},{\"@type\":\"ImageObject\",\"inLanguage\":\"fr-FR\",\"@id\":\"https:\\\/\\\/www.organisator.ch\\\/allgemein\\\/2017-05-08\\\/1895-2\\\/#primaryimage\",\"url\":\"https:\\\/\\\/www.organisator.ch\\\/wp-content\\\/uploads\\\/2017\\\/05\\\/Frauen-werden-selbstsicherer-im-Job-org-organisator.jpg\",\"contentUrl\":\"https:\\\/\\\/www.organisator.ch\\\/wp-content\\\/uploads\\\/2017\\\/05\\\/Frauen-werden-selbstsicherer-im-Job-org-organisator.jpg\",\"width\":640,\"height\":440,\"caption\":\"Auch bei den Frauen werden Faktoren in den Bereichen \\\"Karriere in M\u00e4nnerberufen\\\" und \u201eAufstiegsm\u00f6glichkeiten und Gehalt \u201c zunehmend wichtiger. (Bild Depositphotos).\"},{\"@type\":\"BreadcrumbList\",\"@id\":\"https:\\\/\\\/www.organisator.ch\\\/allgemein\\\/2017-05-08\\\/1895-2\\\/#breadcrumb\",\"itemListElement\":[{\"@type\":\"ListItem\",\"position\":1,\"name\":\"Home\",\"item\":\"https:\\\/\\\/www.organisator.ch\\\/\"},{\"@type\":\"ListItem\",\"position\":2,\"name\":\"Frauen werden selbstsicherer im Job\"}]},{\"@type\":\"WebSite\",\"@id\":\"https:\\\/\\\/www.organisator.ch\\\/#website\",\"url\":\"https:\\\/\\\/www.organisator.ch\\\/\",\"name\":\"Organisator\",\"description\":\"Kompetent. Praxisnah. Der ORGANISATOR bereitet in 10 Ausgaben pro Jahr die wesentlichen Themen f\u00fcr F\u00fchrungskr\u00e4fte von KMU auf.\",\"publisher\":{\"@id\":\"https:\\\/\\\/www.organisator.ch\\\/#organization\"},\"potentialAction\":[{\"@type\":\"SearchAction\",\"target\":{\"@type\":\"EntryPoint\",\"urlTemplate\":\"https:\\\/\\\/www.organisator.ch\\\/?s={search_term_string}\"},\"query-input\":{\"@type\":\"PropertyValueSpecification\",\"valueRequired\":true,\"valueName\":\"search_term_string\"}}],\"inLanguage\":\"fr-FR\"},{\"@type\":\"Organization\",\"@id\":\"https:\\\/\\\/www.organisator.ch\\\/#organization\",\"name\":\"Organisator\",\"url\":\"https:\\\/\\\/www.organisator.ch\\\/\",\"logo\":{\"@type\":\"ImageObject\",\"inLanguage\":\"fr-FR\",\"@id\":\"https:\\\/\\\/www.organisator.ch\\\/#\\\/schema\\\/logo\\\/image\\\/\",\"url\":\"https:\\\/\\\/www.organisator.ch\\\/wp-content\\\/uploads\\\/2022\\\/01\\\/Logo_Organisator_Website.png\",\"contentUrl\":\"https:\\\/\\\/www.organisator.ch\\\/wp-content\\\/uploads\\\/2022\\\/01\\\/Logo_Organisator_Website.png\",\"width\":800,\"height\":77,\"caption\":\"Organisator\"},\"image\":{\"@id\":\"https:\\\/\\\/www.organisator.ch\\\/#\\\/schema\\\/logo\\\/image\\\/\"},\"sameAs\":[\"https:\\\/\\\/www.facebook.com\\\/OrganisatorFachmagazin\",\"https:\\\/\\\/www.linkedin.com\\\/showcase\\\/organisator-das-magazin-fr-kmu\",\"https:\\\/\\\/www.xing.com\\\/news\\\/pages\\\/organisator-ch-695\",\"https:\\\/\\\/www.youtube.com\\\/channel\\\/UCGP2Sq0iWaZwT3BdIAQFYpw\"]},{\"@type\":\"Person\",\"@id\":\"https:\\\/\\\/www.organisator.ch\\\/#\\\/schema\\\/person\\\/134708ca9321c57b0362cceb7948ffbd\",\"name\":\"michael.merz\",\"image\":{\"@type\":\"ImageObject\",\"inLanguage\":\"fr-FR\",\"@id\":\"https:\\\/\\\/secure.gravatar.com\\\/avatar\\\/?s=96&d=mm&r=g\",\"url\":\"https:\\\/\\\/secure.gravatar.com\\\/avatar\\\/?s=96&d=mm&r=g\",\"contentUrl\":\"https:\\\/\\\/secure.gravatar.com\\\/avatar\\\/?s=96&d=mm&r=g\",\"caption\":\"michael.merz\"},\"url\":\"https:\\\/\\\/www.organisator.ch\\\/fr\\\/author\\\/michael-merz\\\/\"}]}<\/script>\n<!-- \/ Yoast SEO plugin. -->","yoast_head_json":{"title":"Les femmes gagnent en assurance au travail - Organisateur","description":"Les femmes deviennent plus s\u00fbres d'elles. Elles exigent davantage de \"facteurs durs\" de la part de leur employeur, comme des revenus plus \u00e9lev\u00e9s, peut-on lire dans \"Universum Talent Research\".","robots":{"index":"index","follow":"follow","max-snippet":"max-snippet:-1","max-image-preview":"max-image-preview:large","max-video-preview":"max-video-preview:-1"},"canonical":"https:\/\/www.organisator.ch\/fr\/general\/2017-05-08\/1895-2\/","og_locale":"fr_FR","og_type":"article","og_title":"Frauen werden selbstsicherer im Job - Organisator","og_description":"Frauen werden selbstsicherer. Sie fordern mehr \u201eharte Faktoren\u201c wie h\u00f6hrere Einkommen vom Arbeitgeber, heisst es im \"Universum Talent Research\".","og_url":"https:\/\/www.organisator.ch\/fr\/general\/2017-05-08\/1895-2\/","og_site_name":"Organisator","article_publisher":"https:\/\/www.facebook.com\/OrganisatorFachmagazin","article_published_time":"2017-05-08T10:08:30+00:00","og_image":[{"width":640,"height":440,"url":"https:\/\/www.organisator.ch\/wp-content\/uploads\/2017\/05\/Frauen-werden-selbstsicherer-im-Job-org-organisator.jpg","type":"image\/jpeg"}],"author":"michael.merz","twitter_card":"summary_large_image","schema":{"@context":"https:\/\/schema.org","@graph":[{"@type":"Article","@id":"https:\/\/www.organisator.ch\/allgemein\/2017-05-08\/1895-2\/#article","isPartOf":{"@id":"https:\/\/www.organisator.ch\/allgemein\/2017-05-08\/1895-2\/"},"author":{"name":"michael.merz","@id":"https:\/\/www.organisator.ch\/#\/schema\/person\/134708ca9321c57b0362cceb7948ffbd"},"headline":"Frauen werden selbstsicherer im Job","datePublished":"2017-05-08T10:08:30+00:00","mainEntityOfPage":{"@id":"https:\/\/www.organisator.ch\/allgemein\/2017-05-08\/1895-2\/"},"wordCount":634,"commentCount":0,"publisher":{"@id":"https:\/\/www.organisator.ch\/#organization"},"image":{"@id":"https:\/\/www.organisator.ch\/allgemein\/2017-05-08\/1895-2\/#primaryimage"},"thumbnailUrl":"https:\/\/www.organisator.ch\/wp-content\/uploads\/2017\/05\/Frauen-werden-selbstsicherer-im-Job-org-organisator.jpg","keywords":["Einkommen","Frauen","Hardfactors","Research","Softfactors"],"articleSection":["Allgemein","HRM"],"inLanguage":"fr-FR"},{"@type":"WebPage","@id":"https:\/\/www.organisator.ch\/allgemein\/2017-05-08\/1895-2\/","url":"https:\/\/www.organisator.ch\/allgemein\/2017-05-08\/1895-2\/","name":"Les femmes gagnent en assurance au travail - Organisateur","isPartOf":{"@id":"https:\/\/www.organisator.ch\/#website"},"primaryImageOfPage":{"@id":"https:\/\/www.organisator.ch\/allgemein\/2017-05-08\/1895-2\/#primaryimage"},"image":{"@id":"https:\/\/www.organisator.ch\/allgemein\/2017-05-08\/1895-2\/#primaryimage"},"thumbnailUrl":"https:\/\/www.organisator.ch\/wp-content\/uploads\/2017\/05\/Frauen-werden-selbstsicherer-im-Job-org-organisator.jpg","datePublished":"2017-05-08T10:08:30+00:00","description":"Les femmes deviennent plus s\u00fbres d'elles. Elles exigent davantage de \"facteurs durs\" de la part de leur employeur, comme des revenus plus \u00e9lev\u00e9s, peut-on lire dans \"Universum Talent Research\".","breadcrumb":{"@id":"https:\/\/www.organisator.ch\/allgemein\/2017-05-08\/1895-2\/#breadcrumb"},"inLanguage":"fr-FR","potentialAction":[{"@type":"ReadAction","target":["https:\/\/www.organisator.ch\/allgemein\/2017-05-08\/1895-2\/"]}]},{"@type":"ImageObject","inLanguage":"fr-FR","@id":"https:\/\/www.organisator.ch\/allgemein\/2017-05-08\/1895-2\/#primaryimage","url":"https:\/\/www.organisator.ch\/wp-content\/uploads\/2017\/05\/Frauen-werden-selbstsicherer-im-Job-org-organisator.jpg","contentUrl":"https:\/\/www.organisator.ch\/wp-content\/uploads\/2017\/05\/Frauen-werden-selbstsicherer-im-Job-org-organisator.jpg","width":640,"height":440,"caption":"Auch bei den Frauen werden Faktoren in den Bereichen \"Karriere in M\u00e4nnerberufen\" und \u201eAufstiegsm\u00f6glichkeiten und Gehalt \u201c zunehmend wichtiger. (Bild Depositphotos)."},{"@type":"BreadcrumbList","@id":"https:\/\/www.organisator.ch\/allgemein\/2017-05-08\/1895-2\/#breadcrumb","itemListElement":[{"@type":"ListItem","position":1,"name":"Home","item":"https:\/\/www.organisator.ch\/"},{"@type":"ListItem","position":2,"name":"Frauen werden selbstsicherer im Job"}]},{"@type":"WebSite","@id":"https:\/\/www.organisator.ch\/#website","url":"https:\/\/www.organisator.ch\/","name":"Organisateur","description":"Comp\u00e9tence et comp\u00e9tence. Proches de la pratique. L'ORGANISATEUR pr\u00e9pare 10 num\u00e9ros par an sur les th\u00e8mes essentiels pour les dirigeants de PME.","publisher":{"@id":"https:\/\/www.organisator.ch\/#organization"},"potentialAction":[{"@type":"SearchAction","target":{"@type":"EntryPoint","urlTemplate":"https:\/\/www.organisator.ch\/?s={search_term_string}"},"query-input":{"@type":"PropertyValueSpecification","valueRequired":true,"valueName":"search_term_string"}}],"inLanguage":"fr-FR"},{"@type":"Organization","@id":"https:\/\/www.organisator.ch\/#organization","name":"Organisateur","url":"https:\/\/www.organisator.ch\/","logo":{"@type":"ImageObject","inLanguage":"fr-FR","@id":"https:\/\/www.organisator.ch\/#\/schema\/logo\/image\/","url":"https:\/\/www.organisator.ch\/wp-content\/uploads\/2022\/01\/Logo_Organisator_Website.png","contentUrl":"https:\/\/www.organisator.ch\/wp-content\/uploads\/2022\/01\/Logo_Organisator_Website.png","width":800,"height":77,"caption":"Organisator"},"image":{"@id":"https:\/\/www.organisator.ch\/#\/schema\/logo\/image\/"},"sameAs":["https:\/\/www.facebook.com\/OrganisatorFachmagazin","https:\/\/www.linkedin.com\/showcase\/organisator-das-magazin-fr-kmu","https:\/\/www.xing.com\/news\/pages\/organisator-ch-695","https:\/\/www.youtube.com\/channel\/UCGP2Sq0iWaZwT3BdIAQFYpw"]},{"@type":"Person","@id":"https:\/\/www.organisator.ch\/#\/schema\/person\/134708ca9321c57b0362cceb7948ffbd","name":"michael.merz","image":{"@type":"ImageObject","inLanguage":"fr-FR","@id":"https:\/\/secure.gravatar.com\/avatar\/?s=96&d=mm&r=g","url":"https:\/\/secure.gravatar.com\/avatar\/?s=96&d=mm&r=g","contentUrl":"https:\/\/secure.gravatar.com\/avatar\/?s=96&d=mm&r=g","caption":"michael.merz"},"url":"https:\/\/www.organisator.ch\/fr\/author\/michael-merz\/"}]}},"_links":{"self":[{"href":"https:\/\/www.organisator.ch\/fr\/wp-json\/wp\/v2\/posts\/1895","targetHints":{"allow":["GET"]}}],"collection":[{"href":"https:\/\/www.organisator.ch\/fr\/wp-json\/wp\/v2\/posts"}],"about":[{"href":"https:\/\/www.organisator.ch\/fr\/wp-json\/wp\/v2\/types\/post"}],"author":[{"embeddable":true,"href":"https:\/\/www.organisator.ch\/fr\/wp-json\/wp\/v2\/users\/5"}],"replies":[{"embeddable":true,"href":"https:\/\/www.organisator.ch\/fr\/wp-json\/wp\/v2\/comments?post=1895"}],"version-history":[{"count":0,"href":"https:\/\/www.organisator.ch\/fr\/wp-json\/wp\/v2\/posts\/1895\/revisions"}],"wp:featuredmedia":[{"embeddable":true,"href":"https:\/\/www.organisator.ch\/fr\/wp-json\/wp\/v2\/media\/1896"}],"wp:attachment":[{"href":"https:\/\/www.organisator.ch\/fr\/wp-json\/wp\/v2\/media?parent=1895"}],"wp:term":[{"taxonomy":"category","embeddable":true,"href":"https:\/\/www.organisator.ch\/fr\/wp-json\/wp\/v2\/categories?post=1895"},{"taxonomy":"post_tag","embeddable":true,"href":"https:\/\/www.organisator.ch\/fr\/wp-json\/wp\/v2\/tags?post=1895"}],"curies":[{"name":"wp","href":"https:\/\/api.w.org\/{rel}","templated":true}]}}