{"id":19097,"date":"2023-02-27T09:41:08","date_gmt":"2023-02-27T08:41:08","guid":{"rendered":"https:\/\/www.organisator.ch\/?p=19097"},"modified":"2023-02-27T09:41:08","modified_gmt":"2023-02-27T08:41:08","slug":"kmu-im-nahen-osten-impressionen-aus-ras-al-khaimah","status":"publish","type":"post","link":"https:\/\/www.organisator.ch\/fr\/management\/2023-02-27\/kmu-im-nahen-osten-impressionen-aus-ras-al-khaimah\/","title":{"rendered":"Les PME au Moyen-Orient - Impressions de Ras Al Khaimah"},"content":{"rendered":"<figure id=\"attachment_19098\" aria-describedby=\"caption-attachment-19098\" style=\"width: 680px\" class=\"wp-caption alignnone\"><img loading=\"lazy\" decoding=\"async\" class=\"size-full wp-image-19098\" src=\"https:\/\/www.organisator.ch\/wp-content\/uploads\/2023\/02\/KMU-im-Nahen-Osten-Impressionen-aus-Ras-Al-Khaimah_Organisator.jpg\" alt=\"\" width=\"680\" height=\"453\" srcset=\"https:\/\/www.organisator.ch\/wp-content\/uploads\/2023\/02\/KMU-im-Nahen-Osten-Impressionen-aus-Ras-Al-Khaimah_Organisator.jpg 680w, https:\/\/www.organisator.ch\/wp-content\/uploads\/2023\/02\/KMU-im-Nahen-Osten-Impressionen-aus-Ras-Al-Khaimah_Organisator-18x12.jpg 18w, https:\/\/www.organisator.ch\/wp-content\/uploads\/2023\/02\/KMU-im-Nahen-Osten-Impressionen-aus-Ras-Al-Khaimah_Organisator-375x250.jpg 375w, https:\/\/www.organisator.ch\/wp-content\/uploads\/2023\/02\/KMU-im-Nahen-Osten-Impressionen-aus-Ras-Al-Khaimah_Organisator-525x350.jpg 525w\" sizes=\"auto, (max-width: 680px) 100vw, 680px\" \/><figcaption id=\"caption-attachment-19098\" class=\"wp-caption-text\">A Ras Al Khaimah (Emirats arabes unis), des PME-entrepreneurs \u00e9changent r\u00e9guli\u00e8rement leurs exp\u00e9riences. (Image : RAKEZ)<\/figcaption><\/figure>\n<p>Au cours des derniers mois, des centaines d'entrepreneurs des \u00c9mirats arabes unis (EAU) se sont r\u00e9unis au centre de coworking Compass de Ras Al Khaimah pour partager leurs connaissances, leurs r\u00e9ussites et leurs opportunit\u00e9s commerciales. Lanc\u00e9e en 2022, la s\u00e9rie mensuelle de r\u00e9seautage B2B organis\u00e9e par la zone \u00e9conomique de Ras Al Khaimah (RAKEZ) continue d'accueillir les membres de la communaut\u00e9 des PME afin qu'ils partagent leurs exp\u00e9riences sur leurs pr\u00e9occupations et leurs r\u00e9ussites dans leur parcours vers le sommet et qu'ils apprennent les uns des autres dans un environnement propice.<\/p>\n<h3>Diversifier l'\u00e9conomie : Sortir du p\u00e9trole<\/h3>\n<p>Les \u00e9v\u00e9nements B2B abordent diff\u00e9rents th\u00e8mes tels que l'am\u00e9lioration de l'exp\u00e9rience client, les hauts et les bas du parcours entrepreneurial, l'optimisation de l'exp\u00e9rience utilisateur et de la pr\u00e9sence sur Internet, la cr\u00e9ation d'une culture de l'innovation sur le lieu de travail et l'impact de l'imp\u00f4t sur les soci\u00e9t\u00e9s aux EAU. Le centre de coworking Compass propose \u00e9galement tous les vendredis des sessions de r\u00e9seautage informelles autour d'un caf\u00e9 et d'un petit d\u00e9jeuner, ouvertes aux travailleurs ind\u00e9pendants, aux entrepreneurs, aux nomades num\u00e9riques et aux autres membres de la communaut\u00e9 des affaires. R\u00e9cemment, des s\u00e9minaires d'information sur le droit du travail et la fiscalit\u00e9 aux E.A.U. y ont \u00e9galement \u00e9t\u00e9 organis\u00e9s. En outre, certains \u00e9v\u00e9nements r\u00e9unissent les parties prenantes de diff\u00e9rents secteurs tels que l'automobile, la construction, la R&amp;B, la chimie et la production afin de d\u00e9velopper de nouvelles m\u00e9thodes de collaboration.<\/p>\n<p>Le PDG du groupe RAKEZ, Ramy Jallad, a d\u00e9clar\u00e9 : \"Le parcours entrepreneurial n'est pas un chemin facile et c'est l\u00e0 que nous entrons en jeu. En tant que plaque tournante pour des milliers de PME, nous leur offrons une plate-forme o\u00f9 elles peuvent se rencontrer et collaborer\", dit-il. \"Nos \u00e9v\u00e9nements B2B visent \u00e0 aider les nouveaux entrepreneurs \u00e0 acqu\u00e9rir des connaissances et \u00e0 \u00e9largir leurs r\u00e9seaux, ce qui facilitera leur croissance et, \u00e0 long terme, contribuera \u00e0 diversifier l'\u00e9conomie \u00e9mirienne en l'\u00e9loignant du p\u00e9trole, ce qui est essentiel pour notre croissance et notre d\u00e9veloppement futurs\".<\/p>\n<h3>Un m\u00e9lange international d'entrepreneurs et de clients<\/h3>\n<p>\u00c0 l'\u00e8re des r\u00e9seaux virtuels, de nombreuses r\u00e9unions d'affaires ont lieu en ligne. Or, on sait qu'il est tr\u00e8s avantageux de pouvoir se rencontrer en personne. En cons\u00e9quence, apr\u00e8s la pand\u00e9mie, de nombreux fondateurs, entrepreneurs et \u00e9tudiants ont saisi l'occasion de se serrer \u00e0 nouveau la main et d'\u00e9changer des id\u00e9es dans un espace physique vivant et accueillant - le centre de coworking Compass. \"Les rencontres personnelles sont une exp\u00e9rience enrichissante par rapport aux contacts via les m\u00e9dias sociaux ou num\u00e9riques, car on ne conna\u00eet pas vraiment les personnes derri\u00e8re les \u00e9crans\", explique Ernesta Puodzuilaityte, Sales Manager chez F&amp;S Real Estate Building. Cette Lituanienne sert d'interm\u00e9diaire pour la location d'appartements exclusifs dans cette zone \u00e9conomique en plein essor. \"L'\u00e9tablissement de relations est un moyen de gagner des clients \u00e0 long terme\", dit-elle.<\/p>\n<p>Les participants aux \u00e9v\u00e9nements communautaires de RAKEZ, comme Eun-Jin Shin, \u00e9pici\u00e8re bas\u00e9e \u00e0 Ras Al Khaimah, ont beaucoup appr\u00e9ci\u00e9 l'opportunit\u00e9 de r\u00e9seauter et d'apprendre : \"Les start-ups ont besoin d'une communaut\u00e9 de coworking o\u00f9 elles ont acc\u00e8s \u00e0 des \u00e9v\u00e9nements B2B. Beaucoup ne savent peut-\u00eatre pas comment faire les choses correctement, et cela aide d'\u00eatre dans une communaut\u00e9\". Naina Kaur, de Jersey Real Estate Brokers, est d'accord : \"La chose la plus importante que nous retenons des \u00e9v\u00e9nements de r\u00e9seautage pour les startups est le partage d'histoires sur nos voyages et l'apprentissage des erreurs des autres\". Rakhi de Desert Art Collective partage cet avis : \"Parfois, on se sent tr\u00e8s seul quand on essaie de faire marcher son entreprise, mais quand on en rencontre d'autres et qu'on \u00e9change avec eux, on se rend compte qu'ils sont eux aussi confront\u00e9s \u00e0 des obstacles similaires. Les \u00e9v\u00e9nements communautaires de RAKEZ ont chang\u00e9 ma vie, car ils m'ont permis d'entrer en contact avec de nombreux entrepreneurs de diff\u00e9rents secteurs\".<\/p>\n<h3>Ras Al Khaimah : attirer de nouvelles entreprises<\/h3>\n<p>Avec un calendrier bien rempli d'\u00e9v\u00e9nements sociaux et professionnels, le centre est, depuis sa cr\u00e9ation en 2021, une plateforme pour les experts de l'immobilier, de la transformation num\u00e9rique et de la finance, afin d'inspirer ceux qui planifient leurs entreprises ou qui viennent de les lancer. Parall\u00e8lement, les membres du centre de coworking Compass b\u00e9n\u00e9ficient du fait qu'ils partagent l'espace avec une communaut\u00e9 de personnes partageant les m\u00eames id\u00e9es et se soutenant mutuellement. Un tel \u00e9cosyst\u00e8me bien \u00e9tabli aide les nouveaux entrepreneurs \u00e0 trouver le soutien ad\u00e9quat qu'ils n'auraient peut-\u00eatre pas trouv\u00e9 autrement sur un march\u00e9 \u00e9norme, comp\u00e9titif et en \u00e9volution rapide.<\/p>\n<p>Tim Wicker de The Compliance Connection est l'un des visiteurs fr\u00e9quents du centre. \"Compass est un endroit fantastique\", dit-il. \"En tant que petit entrepreneur, on est tr\u00e8s livr\u00e9 \u00e0 soi-m\u00eame. Alors, quand on travaille dans un espace ouvert, on peut facilement entrer en contact avec d'autres entrepreneurs, partager ses exp\u00e9riences autour d'un caf\u00e9 et construire non seulement des amiti\u00e9s, mais aussi des partenariats strat\u00e9giques. J'attends avec impatience d'autres \u00e9v\u00e9nements o\u00f9 des sujets sp\u00e9cialis\u00e9s - comme la conformit\u00e9, ce qu'il faut savoir d'un point de vue comptable ou r\u00e9glementaire - pourront \u00eatre mis en avant pour aider les petites entreprises.<\/p>\n<p><em>Source et informations compl\u00e9mentaires : <a href=\"https:\/\/rakez.com\/en\/\">RAKEZ<\/a><\/em><\/p>\n<blockquote>\n<h3>RAKEZ<\/h3>\n<p>La Ras Al Khaimah Economic Zone (RAKEZ) est une zone \u00e9conomique sp\u00e9ciale des \u00c9mirats arabes unis. Elle a \u00e9t\u00e9 cr\u00e9\u00e9e en 2017 par le gouvernement de Ras Al Khaimah et est l'une des 37 zones franches de ce type aux EAU. Elle accueille actuellement plus de 16 500 entreprises de plus de 100 pays, actives dans plus de 50 secteurs, et la tendance est \u00e0 la hausse. On parle d'une croissance pr\u00e9vue de 20 pour cent. Pendant la pand\u00e9mie du COVID-19, RAKEZ s'est en outre fortement orient\u00e9e vers la num\u00e9risation. RAKEZ propose aux entrepreneurs, aux start-ups, aux PME et aux entreprises de production une large gamme de solutions, notamment des licences pour les zones franches et les zones non franches, des installations personnalisables et des services suppl\u00e9mentaires tr\u00e8s vari\u00e9s, le tout aupr\u00e8s d'un seul et m\u00eame fournisseur. En outre, RAKEZ dispose de zones sp\u00e9cialis\u00e9es con\u00e7ues pour r\u00e9pondre aux besoins sp\u00e9cifiques des investisseurs : Al Nakheel et Al Hamra Business Zones pour les entreprises commerciales et de services ; Al Ghail, Al Hamra et Al Hulaila Industrial Zones pour les fabricants et les industriels ; et une Academic Zone pour les prestataires de services \u00e9ducatifs.<\/p><\/blockquote>","protected":false},"excerpt":{"rendered":"<p>In den vergangenen Monaten haben sich Hunderte von Unternehmern in den Vereinigten Arabischen Emirate (VAE) im Compass Coworking Centre in Ras Al Khaimah getroffen, um ihre Erkenntnisse, Erfolgsgeschichten und Gesch\u00e4ftsm\u00f6glichkeiten auszutauschen. Die im Jahr 2022 ins Leben gerufene monatliche B2B-Networking-Reihe, die von der Ras Al Khaimah Economic Zone (RAKEZ) ausgerichtet wird, heisst weiterhin Mitglieder der [&hellip;]<\/p>\n","protected":false},"author":4,"featured_media":19098,"comment_status":"closed","ping_status":"closed","sticky":false,"template":"","format":"standard","meta":{"_acf_changed":false,"_yoast_wpseo_focuskw":"Ras Al Khaimah","_yoast_wpseo_metadesc":"Die Sonderwirtschaftszone von Ras Al Khaimah in den Vereinigten Arabische Emiraten zieht KMU aus dem Ausland an.","articlekey":"","footnotes":""},"categories":[28],"tags":[280,451,3643],"class_list":["post-19097","post","type-post","status-publish","format-standard","has-post-thumbnail","hentry","category-management","tag-internationalisierung","tag-startups","tag-vereinigte-arabische-emirate"],"acf":[],"yoast_head":"<!-- This site is optimized with the Yoast SEO plugin v27.4 - https:\/\/yoast.com\/product\/yoast-seo-wordpress\/ -->\n<title>KMU im Nahen Osten - Impressionen aus Ras Al Khaimah - Organisator<\/title>\n<meta name=\"description\" content=\"Die Sonderwirtschaftszone von Ras Al Khaimah in den Vereinigten Arabische Emiraten zieht KMU aus dem Ausland an.\" \/>\n<meta name=\"robots\" content=\"index, follow, max-snippet:-1, max-image-preview:large, max-video-preview:-1\" \/>\n<link rel=\"canonical\" href=\"https:\/\/www.organisator.ch\/fr\/gestion-2\/2023-02-27\/kmu-im-nahen-osten-impressionen-aus-ras-al-khaimah\/\" \/>\n<meta property=\"og:locale\" content=\"fr_FR\" \/>\n<meta property=\"og:type\" content=\"article\" \/>\n<meta property=\"og:title\" content=\"KMU im Nahen Osten - Impressionen aus Ras Al Khaimah\" \/>\n<meta property=\"og:description\" content=\"Die Sonderwirtschaftszone von Ras Al Khaimah in den Vereinigten Arabische Emiraten zieht KMU aus dem Ausland an.\" \/>\n<meta property=\"og:url\" content=\"https:\/\/www.organisator.ch\/fr\/gestion-2\/2023-02-27\/kmu-im-nahen-osten-impressionen-aus-ras-al-khaimah\/\" \/>\n<meta property=\"og:site_name\" content=\"Organisator\" \/>\n<meta property=\"article:publisher\" content=\"https:\/\/www.facebook.com\/OrganisatorFachmagazin\" \/>\n<meta property=\"article:published_time\" content=\"2023-02-27T08:41:08+00:00\" \/>\n<meta property=\"og:image\" content=\"https:\/\/www.organisator.ch\/wp-content\/uploads\/2023\/02\/KMU-im-Nahen-Osten-Impressionen-aus-Ras-Al-Khaimah_Organisator.jpg\" \/>\n\t<meta property=\"og:image:width\" content=\"680\" \/>\n\t<meta property=\"og:image:height\" content=\"453\" \/>\n\t<meta property=\"og:image:type\" content=\"image\/jpeg\" \/>\n<meta name=\"author\" content=\"thomas.berner\" \/>\n<meta name=\"twitter:card\" content=\"summary_large_image\" \/>\n<meta name=\"twitter:title\" content=\"#KMU im Nahen Osten - Impressionen aus Ras Al Khaimah\" \/>\n<meta name=\"twitter:description\" content=\"Die Sonderwirtschaftszone von Ras Al Khaimah #RAKEZ in den Vereinigten Arabische Emiraten zieht KMU aus dem Ausland an.\" \/>\n<meta name=\"twitter:image\" content=\"https:\/\/www.organisator.ch\/wp-content\/uploads\/2023\/02\/KMU-im-Nahen-Osten-Impressionen-aus-Ras-Al-Khaimah_Organisator.jpg\" \/>\n<script type=\"application\/ld+json\" class=\"yoast-schema-graph\">{\"@context\":\"https:\\\/\\\/schema.org\",\"@graph\":[{\"@type\":\"Article\",\"@id\":\"https:\\\/\\\/www.organisator.ch\\\/management\\\/2023-02-27\\\/kmu-im-nahen-osten-impressionen-aus-ras-al-khaimah\\\/#article\",\"isPartOf\":{\"@id\":\"https:\\\/\\\/www.organisator.ch\\\/management\\\/2023-02-27\\\/kmu-im-nahen-osten-impressionen-aus-ras-al-khaimah\\\/\"},\"author\":{\"name\":\"thomas.berner\",\"@id\":\"https:\\\/\\\/www.organisator.ch\\\/#\\\/schema\\\/person\\\/6f650f90b2842cd4c0cc334b4e36f67e\"},\"headline\":\"KMU im Nahen Osten &#8211; Impressionen aus Ras Al Khaimah\",\"datePublished\":\"2023-02-27T08:41:08+00:00\",\"mainEntityOfPage\":{\"@id\":\"https:\\\/\\\/www.organisator.ch\\\/management\\\/2023-02-27\\\/kmu-im-nahen-osten-impressionen-aus-ras-al-khaimah\\\/\"},\"wordCount\":996,\"publisher\":{\"@id\":\"https:\\\/\\\/www.organisator.ch\\\/#organization\"},\"image\":{\"@id\":\"https:\\\/\\\/www.organisator.ch\\\/management\\\/2023-02-27\\\/kmu-im-nahen-osten-impressionen-aus-ras-al-khaimah\\\/#primaryimage\"},\"thumbnailUrl\":\"https:\\\/\\\/www.organisator.ch\\\/wp-content\\\/uploads\\\/2023\\\/02\\\/KMU-im-Nahen-Osten-Impressionen-aus-Ras-Al-Khaimah_Organisator.jpg\",\"keywords\":[\"Internationalisierung\",\"Startups\",\"Vereinigte Arabische Emirate\"],\"articleSection\":[\"MANAGEMENT\"],\"inLanguage\":\"fr-FR\"},{\"@type\":\"WebPage\",\"@id\":\"https:\\\/\\\/www.organisator.ch\\\/management\\\/2023-02-27\\\/kmu-im-nahen-osten-impressionen-aus-ras-al-khaimah\\\/\",\"url\":\"https:\\\/\\\/www.organisator.ch\\\/management\\\/2023-02-27\\\/kmu-im-nahen-osten-impressionen-aus-ras-al-khaimah\\\/\",\"name\":\"KMU im Nahen Osten - Impressionen aus Ras Al Khaimah - Organisator\",\"isPartOf\":{\"@id\":\"https:\\\/\\\/www.organisator.ch\\\/#website\"},\"primaryImageOfPage\":{\"@id\":\"https:\\\/\\\/www.organisator.ch\\\/management\\\/2023-02-27\\\/kmu-im-nahen-osten-impressionen-aus-ras-al-khaimah\\\/#primaryimage\"},\"image\":{\"@id\":\"https:\\\/\\\/www.organisator.ch\\\/management\\\/2023-02-27\\\/kmu-im-nahen-osten-impressionen-aus-ras-al-khaimah\\\/#primaryimage\"},\"thumbnailUrl\":\"https:\\\/\\\/www.organisator.ch\\\/wp-content\\\/uploads\\\/2023\\\/02\\\/KMU-im-Nahen-Osten-Impressionen-aus-Ras-Al-Khaimah_Organisator.jpg\",\"datePublished\":\"2023-02-27T08:41:08+00:00\",\"description\":\"Die Sonderwirtschaftszone von Ras Al Khaimah in den Vereinigten Arabische Emiraten zieht KMU aus dem Ausland an.\",\"breadcrumb\":{\"@id\":\"https:\\\/\\\/www.organisator.ch\\\/management\\\/2023-02-27\\\/kmu-im-nahen-osten-impressionen-aus-ras-al-khaimah\\\/#breadcrumb\"},\"inLanguage\":\"fr-FR\",\"potentialAction\":[{\"@type\":\"ReadAction\",\"target\":[\"https:\\\/\\\/www.organisator.ch\\\/management\\\/2023-02-27\\\/kmu-im-nahen-osten-impressionen-aus-ras-al-khaimah\\\/\"]}]},{\"@type\":\"ImageObject\",\"inLanguage\":\"fr-FR\",\"@id\":\"https:\\\/\\\/www.organisator.ch\\\/management\\\/2023-02-27\\\/kmu-im-nahen-osten-impressionen-aus-ras-al-khaimah\\\/#primaryimage\",\"url\":\"https:\\\/\\\/www.organisator.ch\\\/wp-content\\\/uploads\\\/2023\\\/02\\\/KMU-im-Nahen-Osten-Impressionen-aus-Ras-Al-Khaimah_Organisator.jpg\",\"contentUrl\":\"https:\\\/\\\/www.organisator.ch\\\/wp-content\\\/uploads\\\/2023\\\/02\\\/KMU-im-Nahen-Osten-Impressionen-aus-Ras-Al-Khaimah_Organisator.jpg\",\"width\":680,\"height\":453,\"caption\":\"In Ras Al Khaimah (Vereinigte Arabische Emirate) tauschen sich KMU-Entrepreneure regelm\u00e4ssig \u00fcber ihre Erfahrungen aus. (Bild: RAKEZ)\"},{\"@type\":\"BreadcrumbList\",\"@id\":\"https:\\\/\\\/www.organisator.ch\\\/management\\\/2023-02-27\\\/kmu-im-nahen-osten-impressionen-aus-ras-al-khaimah\\\/#breadcrumb\",\"itemListElement\":[{\"@type\":\"ListItem\",\"position\":1,\"name\":\"Home\",\"item\":\"https:\\\/\\\/www.organisator.ch\\\/\"},{\"@type\":\"ListItem\",\"position\":2,\"name\":\"KMU im Nahen Osten &#8211; Impressionen aus Ras Al Khaimah\"}]},{\"@type\":\"WebSite\",\"@id\":\"https:\\\/\\\/www.organisator.ch\\\/#website\",\"url\":\"https:\\\/\\\/www.organisator.ch\\\/\",\"name\":\"Organisator\",\"description\":\"Kompetent. Praxisnah. Der ORGANISATOR bereitet in 10 Ausgaben pro Jahr die wesentlichen Themen f\u00fcr F\u00fchrungskr\u00e4fte von KMU auf.\",\"publisher\":{\"@id\":\"https:\\\/\\\/www.organisator.ch\\\/#organization\"},\"potentialAction\":[{\"@type\":\"SearchAction\",\"target\":{\"@type\":\"EntryPoint\",\"urlTemplate\":\"https:\\\/\\\/www.organisator.ch\\\/?s={search_term_string}\"},\"query-input\":{\"@type\":\"PropertyValueSpecification\",\"valueRequired\":true,\"valueName\":\"search_term_string\"}}],\"inLanguage\":\"fr-FR\"},{\"@type\":\"Organization\",\"@id\":\"https:\\\/\\\/www.organisator.ch\\\/#organization\",\"name\":\"Organisator\",\"url\":\"https:\\\/\\\/www.organisator.ch\\\/\",\"logo\":{\"@type\":\"ImageObject\",\"inLanguage\":\"fr-FR\",\"@id\":\"https:\\\/\\\/www.organisator.ch\\\/#\\\/schema\\\/logo\\\/image\\\/\",\"url\":\"https:\\\/\\\/www.organisator.ch\\\/wp-content\\\/uploads\\\/2022\\\/01\\\/Logo_Organisator_Website.png\",\"contentUrl\":\"https:\\\/\\\/www.organisator.ch\\\/wp-content\\\/uploads\\\/2022\\\/01\\\/Logo_Organisator_Website.png\",\"width\":800,\"height\":77,\"caption\":\"Organisator\"},\"image\":{\"@id\":\"https:\\\/\\\/www.organisator.ch\\\/#\\\/schema\\\/logo\\\/image\\\/\"},\"sameAs\":[\"https:\\\/\\\/www.facebook.com\\\/OrganisatorFachmagazin\",\"https:\\\/\\\/www.linkedin.com\\\/showcase\\\/organisator-das-magazin-fr-kmu\",\"https:\\\/\\\/www.xing.com\\\/news\\\/pages\\\/organisator-ch-695\",\"https:\\\/\\\/www.youtube.com\\\/channel\\\/UCGP2Sq0iWaZwT3BdIAQFYpw\"]},{\"@type\":\"Person\",\"@id\":\"https:\\\/\\\/www.organisator.ch\\\/#\\\/schema\\\/person\\\/6f650f90b2842cd4c0cc334b4e36f67e\",\"name\":\"thomas.berner\",\"image\":{\"@type\":\"ImageObject\",\"inLanguage\":\"fr-FR\",\"@id\":\"https:\\\/\\\/secure.gravatar.com\\\/avatar\\\/ac5001d2a36cb6c6cd3e50789007ffca834b477b74a2144564522e944eabff61?s=96&d=mm&r=g\",\"url\":\"https:\\\/\\\/secure.gravatar.com\\\/avatar\\\/ac5001d2a36cb6c6cd3e50789007ffca834b477b74a2144564522e944eabff61?s=96&d=mm&r=g\",\"contentUrl\":\"https:\\\/\\\/secure.gravatar.com\\\/avatar\\\/ac5001d2a36cb6c6cd3e50789007ffca834b477b74a2144564522e944eabff61?s=96&d=mm&r=g\",\"caption\":\"thomas.berner\"},\"url\":\"https:\\\/\\\/www.organisator.ch\\\/fr\\\/author\\\/thomas-berner\\\/\"}]}<\/script>\n<!-- \/ Yoast SEO plugin. -->","yoast_head_json":{"title":"Les PME au Moyen-Orient - Impressions de Ras Al Khaimah - Organisateur","description":"La zone \u00e9conomique sp\u00e9ciale de Ras Al Khaimah, aux \u00c9mirats arabes unis, attire les PME de l'\u00e9tranger.","robots":{"index":"index","follow":"follow","max-snippet":"max-snippet:-1","max-image-preview":"max-image-preview:large","max-video-preview":"max-video-preview:-1"},"canonical":"https:\/\/www.organisator.ch\/fr\/gestion-2\/2023-02-27\/kmu-im-nahen-osten-impressionen-aus-ras-al-khaimah\/","og_locale":"fr_FR","og_type":"article","og_title":"KMU im Nahen Osten - Impressionen aus Ras Al Khaimah","og_description":"Die Sonderwirtschaftszone von Ras Al Khaimah in den Vereinigten Arabische Emiraten zieht KMU aus dem Ausland an.","og_url":"https:\/\/www.organisator.ch\/fr\/gestion-2\/2023-02-27\/kmu-im-nahen-osten-impressionen-aus-ras-al-khaimah\/","og_site_name":"Organisator","article_publisher":"https:\/\/www.facebook.com\/OrganisatorFachmagazin","article_published_time":"2023-02-27T08:41:08+00:00","og_image":[{"width":680,"height":453,"url":"https:\/\/www.organisator.ch\/wp-content\/uploads\/2023\/02\/KMU-im-Nahen-Osten-Impressionen-aus-Ras-Al-Khaimah_Organisator.jpg","type":"image\/jpeg"}],"author":"thomas.berner","twitter_card":"summary_large_image","twitter_title":"#KMU im Nahen Osten - Impressionen aus Ras Al Khaimah","twitter_description":"Die Sonderwirtschaftszone von Ras Al Khaimah #RAKEZ in den Vereinigten Arabische Emiraten zieht KMU aus dem Ausland an.","twitter_image":"https:\/\/www.organisator.ch\/wp-content\/uploads\/2023\/02\/KMU-im-Nahen-Osten-Impressionen-aus-Ras-Al-Khaimah_Organisator.jpg","schema":{"@context":"https:\/\/schema.org","@graph":[{"@type":"Article","@id":"https:\/\/www.organisator.ch\/management\/2023-02-27\/kmu-im-nahen-osten-impressionen-aus-ras-al-khaimah\/#article","isPartOf":{"@id":"https:\/\/www.organisator.ch\/management\/2023-02-27\/kmu-im-nahen-osten-impressionen-aus-ras-al-khaimah\/"},"author":{"name":"thomas.berner","@id":"https:\/\/www.organisator.ch\/#\/schema\/person\/6f650f90b2842cd4c0cc334b4e36f67e"},"headline":"KMU im Nahen Osten &#8211; Impressionen aus Ras Al Khaimah","datePublished":"2023-02-27T08:41:08+00:00","mainEntityOfPage":{"@id":"https:\/\/www.organisator.ch\/management\/2023-02-27\/kmu-im-nahen-osten-impressionen-aus-ras-al-khaimah\/"},"wordCount":996,"publisher":{"@id":"https:\/\/www.organisator.ch\/#organization"},"image":{"@id":"https:\/\/www.organisator.ch\/management\/2023-02-27\/kmu-im-nahen-osten-impressionen-aus-ras-al-khaimah\/#primaryimage"},"thumbnailUrl":"https:\/\/www.organisator.ch\/wp-content\/uploads\/2023\/02\/KMU-im-Nahen-Osten-Impressionen-aus-Ras-Al-Khaimah_Organisator.jpg","keywords":["Internationalisierung","Startups","Vereinigte Arabische Emirate"],"articleSection":["MANAGEMENT"],"inLanguage":"fr-FR"},{"@type":"WebPage","@id":"https:\/\/www.organisator.ch\/management\/2023-02-27\/kmu-im-nahen-osten-impressionen-aus-ras-al-khaimah\/","url":"https:\/\/www.organisator.ch\/management\/2023-02-27\/kmu-im-nahen-osten-impressionen-aus-ras-al-khaimah\/","name":"Les PME au Moyen-Orient - Impressions de Ras Al Khaimah - Organisateur","isPartOf":{"@id":"https:\/\/www.organisator.ch\/#website"},"primaryImageOfPage":{"@id":"https:\/\/www.organisator.ch\/management\/2023-02-27\/kmu-im-nahen-osten-impressionen-aus-ras-al-khaimah\/#primaryimage"},"image":{"@id":"https:\/\/www.organisator.ch\/management\/2023-02-27\/kmu-im-nahen-osten-impressionen-aus-ras-al-khaimah\/#primaryimage"},"thumbnailUrl":"https:\/\/www.organisator.ch\/wp-content\/uploads\/2023\/02\/KMU-im-Nahen-Osten-Impressionen-aus-Ras-Al-Khaimah_Organisator.jpg","datePublished":"2023-02-27T08:41:08+00:00","description":"La zone \u00e9conomique sp\u00e9ciale de Ras Al Khaimah, aux \u00c9mirats arabes unis, attire les PME de l'\u00e9tranger.","breadcrumb":{"@id":"https:\/\/www.organisator.ch\/management\/2023-02-27\/kmu-im-nahen-osten-impressionen-aus-ras-al-khaimah\/#breadcrumb"},"inLanguage":"fr-FR","potentialAction":[{"@type":"ReadAction","target":["https:\/\/www.organisator.ch\/management\/2023-02-27\/kmu-im-nahen-osten-impressionen-aus-ras-al-khaimah\/"]}]},{"@type":"ImageObject","inLanguage":"fr-FR","@id":"https:\/\/www.organisator.ch\/management\/2023-02-27\/kmu-im-nahen-osten-impressionen-aus-ras-al-khaimah\/#primaryimage","url":"https:\/\/www.organisator.ch\/wp-content\/uploads\/2023\/02\/KMU-im-Nahen-Osten-Impressionen-aus-Ras-Al-Khaimah_Organisator.jpg","contentUrl":"https:\/\/www.organisator.ch\/wp-content\/uploads\/2023\/02\/KMU-im-Nahen-Osten-Impressionen-aus-Ras-Al-Khaimah_Organisator.jpg","width":680,"height":453,"caption":"In Ras Al Khaimah (Vereinigte Arabische Emirate) tauschen sich KMU-Entrepreneure regelm\u00e4ssig \u00fcber ihre Erfahrungen aus. (Bild: RAKEZ)"},{"@type":"BreadcrumbList","@id":"https:\/\/www.organisator.ch\/management\/2023-02-27\/kmu-im-nahen-osten-impressionen-aus-ras-al-khaimah\/#breadcrumb","itemListElement":[{"@type":"ListItem","position":1,"name":"Home","item":"https:\/\/www.organisator.ch\/"},{"@type":"ListItem","position":2,"name":"KMU im Nahen Osten &#8211; Impressionen aus Ras Al Khaimah"}]},{"@type":"WebSite","@id":"https:\/\/www.organisator.ch\/#website","url":"https:\/\/www.organisator.ch\/","name":"Organisateur","description":"Comp\u00e9tence et comp\u00e9tence. Proches de la pratique. L'ORGANISATEUR pr\u00e9pare 10 num\u00e9ros par an sur les th\u00e8mes essentiels pour les dirigeants de PME.","publisher":{"@id":"https:\/\/www.organisator.ch\/#organization"},"potentialAction":[{"@type":"SearchAction","target":{"@type":"EntryPoint","urlTemplate":"https:\/\/www.organisator.ch\/?s={search_term_string}"},"query-input":{"@type":"PropertyValueSpecification","valueRequired":true,"valueName":"search_term_string"}}],"inLanguage":"fr-FR"},{"@type":"Organization","@id":"https:\/\/www.organisator.ch\/#organization","name":"Organisateur","url":"https:\/\/www.organisator.ch\/","logo":{"@type":"ImageObject","inLanguage":"fr-FR","@id":"https:\/\/www.organisator.ch\/#\/schema\/logo\/image\/","url":"https:\/\/www.organisator.ch\/wp-content\/uploads\/2022\/01\/Logo_Organisator_Website.png","contentUrl":"https:\/\/www.organisator.ch\/wp-content\/uploads\/2022\/01\/Logo_Organisator_Website.png","width":800,"height":77,"caption":"Organisator"},"image":{"@id":"https:\/\/www.organisator.ch\/#\/schema\/logo\/image\/"},"sameAs":["https:\/\/www.facebook.com\/OrganisatorFachmagazin","https:\/\/www.linkedin.com\/showcase\/organisator-das-magazin-fr-kmu","https:\/\/www.xing.com\/news\/pages\/organisator-ch-695","https:\/\/www.youtube.com\/channel\/UCGP2Sq0iWaZwT3BdIAQFYpw"]},{"@type":"Person","@id":"https:\/\/www.organisator.ch\/#\/schema\/person\/6f650f90b2842cd4c0cc334b4e36f67e","name":"thomas.berner","image":{"@type":"ImageObject","inLanguage":"fr-FR","@id":"https:\/\/secure.gravatar.com\/avatar\/ac5001d2a36cb6c6cd3e50789007ffca834b477b74a2144564522e944eabff61?s=96&d=mm&r=g","url":"https:\/\/secure.gravatar.com\/avatar\/ac5001d2a36cb6c6cd3e50789007ffca834b477b74a2144564522e944eabff61?s=96&d=mm&r=g","contentUrl":"https:\/\/secure.gravatar.com\/avatar\/ac5001d2a36cb6c6cd3e50789007ffca834b477b74a2144564522e944eabff61?s=96&d=mm&r=g","caption":"thomas.berner"},"url":"https:\/\/www.organisator.ch\/fr\/author\/thomas-berner\/"}]}},"_links":{"self":[{"href":"https:\/\/www.organisator.ch\/fr\/wp-json\/wp\/v2\/posts\/19097","targetHints":{"allow":["GET"]}}],"collection":[{"href":"https:\/\/www.organisator.ch\/fr\/wp-json\/wp\/v2\/posts"}],"about":[{"href":"https:\/\/www.organisator.ch\/fr\/wp-json\/wp\/v2\/types\/post"}],"author":[{"embeddable":true,"href":"https:\/\/www.organisator.ch\/fr\/wp-json\/wp\/v2\/users\/4"}],"replies":[{"embeddable":true,"href":"https:\/\/www.organisator.ch\/fr\/wp-json\/wp\/v2\/comments?post=19097"}],"version-history":[{"count":1,"href":"https:\/\/www.organisator.ch\/fr\/wp-json\/wp\/v2\/posts\/19097\/revisions"}],"predecessor-version":[{"id":19099,"href":"https:\/\/www.organisator.ch\/fr\/wp-json\/wp\/v2\/posts\/19097\/revisions\/19099"}],"wp:featuredmedia":[{"embeddable":true,"href":"https:\/\/www.organisator.ch\/fr\/wp-json\/wp\/v2\/media\/19098"}],"wp:attachment":[{"href":"https:\/\/www.organisator.ch\/fr\/wp-json\/wp\/v2\/media?parent=19097"}],"wp:term":[{"taxonomy":"category","embeddable":true,"href":"https:\/\/www.organisator.ch\/fr\/wp-json\/wp\/v2\/categories?post=19097"},{"taxonomy":"post_tag","embeddable":true,"href":"https:\/\/www.organisator.ch\/fr\/wp-json\/wp\/v2\/tags?post=19097"}],"curies":[{"name":"wp","href":"https:\/\/api.w.org\/{rel}","templated":true}]}}