{"id":19107,"date":"2023-02-27T14:03:33","date_gmt":"2023-02-27T13:03:33","guid":{"rendered":"https:\/\/www.m-q.ch\/?p=17606"},"modified":"2024-11-18T11:42:38","modified_gmt":"2024-11-18T10:42:38","slug":"der-digitale-imperativ-ersetzt-die-digitale-transformation","status":"publish","type":"post","link":"https:\/\/www.organisator.ch\/fr\/operational-excellence\/2023-02-27\/der-digitale-imperativ-ersetzt-die-digitale-transformation\/","title":{"rendered":"L'imp\u00e9ratif num\u00e9rique remplace la transformation num\u00e9rique"},"content":{"rendered":"<figure id=\"attachment_17608\" class=\"wp-caption alignnone\" style=\"width: 680px\" aria-describedby=\"caption-attachment-17608\"><img class=\"alignnone wp-image-17608 size-full\" src=\"https:\/\/www.m-q.ch\/wp-content\/uploads\/2023\/02\/Der-digitale-Imperativ-ersetzt-die-digitale-Transformation_MQ.jpg\" alt=\"L&#039;imp\u00e9ratif num\u00e9rique\" width=\"680\" height=\"483\" \/>\r\n<figcaption id=\"caption-attachment-17608\" class=\"wp-caption-text\">Aux yeux de Cosima von Kries, le prolongement de la transformation num\u00e9rique est l'imp\u00e9ratif num\u00e9rique. (Image : Nintex)<\/figcaption>\r\n<\/figure>\r\n<p>Gr\u00e2ce \u00e0 sa forte position dans le secteur technologique, Microsoft est bien plac\u00e9e pour cr\u00e9er de nouvelles tendances. <a href=\"https:\/\/www.linkedin.com\/pulse\/digital-imperative-every-organization-satya-nadella\/?trackingId=3FHeuQsbQSSIXOtFbjepbg%3D%3D\">Ainsi, lorsque Satya Nadella dit<\/a>Si l'on peut dire que les chefs d'entreprise doivent aller au-del\u00e0 de la transformation num\u00e9rique, c'est tout \u00e0 fait vrai. L'imp\u00e9ratif num\u00e9rique implique plus qu'une simple urgence. Il implique une n\u00e9cessit\u00e9. Les efforts de num\u00e9risation ne sont pas r\u00e9serv\u00e9s aux entreprises sophistiqu\u00e9es disposant d'importants budgets technologiques. Ils sont n\u00e9cessaires pour \"chaque organisation dans chaque secteur\".<\/p>\r\n<p>Le passage \u00e0 la num\u00e9risation en tant que n\u00e9cessit\u00e9 signale le nouveau r\u00f4le principal que joue la technologie dans notre monde. La technologie n'existe plus seulement en marge de la vie professionnelle. Elle a fusionn\u00e9 avec tant de processus, de fonctions et de personnes qu'elle est au c\u0153ur du travail quotidien. C'est l\u00e0 le v\u00e9ritable sens de l'imp\u00e9ratif num\u00e9rique. Elle fait partie int\u00e9grante des fonctions commerciales et est essentielle \u00e0 la croissance de l'entreprise.<\/p>\r\n<h3><strong>Qu'en est-il de la transformation num\u00e9rique ?<\/strong><\/h3>\r\n<p><strong>\u00a0<\/strong>Au cours de la derni\u00e8re d\u00e9cennie, la transformation num\u00e9rique a conduit les entreprises \u00e0 la pointe du progr\u00e8s \u00e0 adopter une approche bas\u00e9e sur la technologie. Elle a initi\u00e9 un changement de mentalit\u00e9 dans les entreprises modernes et a largement contribu\u00e9 \u00e0 l'\u00e9volution technologique.<\/p>\r\n<p>Ce qui a chang\u00e9, ce n'est pas le besoin de technologie. C'est l'id\u00e9e perp\u00e9tuelle du changement. Selon Nadella, les dirigeants n'ont pas besoin de repenser leur entreprise, de la red\u00e9couvrir ou de la transformer en permanence. Le besoin de changement est reconnu - et les premiers rouages num\u00e9riques devraient d\u00e9j\u00e0 \u00eatre en place. La transformation num\u00e9rique devrait d\u00e9j\u00e0 \u00eatre en cours au niveau de l'entreprise.\u00a0\u00a0<\/p>\r\n<h3><strong>Pourquoi l'imp\u00e9ratif num\u00e9rique maintenant ?<\/strong><\/h3>\r\n<p>La question que beaucoup se posent est la suivante : pourquoi maintenant ? Pourquoi la num\u00e9risation est-elle devenue si importante maintenant (et pas il y a dix ans, par exemple) ?<\/p>\r\n<p>L'\u00e9volution vers un imp\u00e9ratif num\u00e9rique est en fait un h\u00e9ritage du mouvement de transformation num\u00e9rique. Les chefs d'entreprise ont r\u00e9alis\u00e9 des investissements num\u00e9riques. Les DSI et le personnel informatique ont mis en \u0153uvre de nouvelles solutions et form\u00e9 les collaborateurs. Et les avantages commerciaux sont devenus rapidement et clairement visibles. Pour les entreprises qui ont pris le train de la num\u00e9risation il y a dix ans, la \"transformation\" en a valu la peine.\u00a0<a href=\"https:\/\/www.forbes.com\/sites\/forbestechcouncil\/2021\/04\/07\/digital-transformation-is-coming-of-age\/?sh=5db842274eee\">Des \u00e9tudes montrent que<\/a>L'\u00e9tude a montr\u00e9 que les entreprises qui ont opt\u00e9 tr\u00e8s t\u00f4t pour la transformation num\u00e9rique \u00e9taient mieux \u00e0 m\u00eame d'acc\u00e9l\u00e9rer leurs efforts de num\u00e9risation, de s'adapter rapidement et de continuer \u00e0 prosp\u00e9rer. Les retardataires ont constat\u00e9 que leurs progr\u00e8s \u00e9taient \u00e0 la tra\u00eene par rapport \u00e0 ceux qui \u00e9taient mieux pr\u00e9par\u00e9s.<\/p>\r\n<p>\"Alors que la transformation num\u00e9rique \u00e9tait autrefois une strat\u00e9gie permettant aux entreprises de se d\u00e9marquer de leurs concurrents et de les devancer, elle est aujourd'hui une question de survie. La num\u00e9risation est devenue urgente et n\u00e9cessaire. Elle est d\u00e9sormais une n\u00e9cessit\u00e9\", constate Cosima von Kries.\u00a0<\/p>\r\n<h3><strong>Dans quels domaines la num\u00e9risation est-elle in\u00e9vitable ?<\/strong><\/h3>\r\n<p>L'imp\u00e9ratif num\u00e9rique, comme la transformation num\u00e9rique, couvre des domaines cl\u00e9s de l'entreprise. Toutes les entreprises ne suivent pas le m\u00eame chemin, mais typiquement, la num\u00e9risation est cruciale pour :<\/p>\r\n<ul>\r\n\t<li><strong>Stockage\/gestion des donn\u00e9es :<\/strong> R\u00e9cemment, le cloud s'est impos\u00e9 comme la cl\u00e9 du stockage et de la gestion des donn\u00e9es, rempla\u00e7ant ainsi les anciens syst\u00e8mes install\u00e9s sur site. Le stockage dans le nuage offre \u00e0 ses utilisateurs une s\u00e9curit\u00e9 et une flexibilit\u00e9 accrues, car il peut \u00e9voluer rapidement et les mises \u00e0 jour de s\u00e9curit\u00e9 et les correctifs sont assur\u00e9s.<\/li>\r\n\t<li><strong>Syst\u00e8mes de collaboration :<\/strong> Les ventes d'applications de collaboration ont explos\u00e9 pendant la pand\u00e9mie, lorsque les travailleurs \u00e0 distance avaient besoin de nouveaux outils pour collaborer efficacement. Les outils de collaboration facilitent un mod\u00e8le de travail \u00e0 distance\/hybride tout en permettant une communication plus structur\u00e9e au bureau.<\/li>\r\n\t<li><strong>Outils de productivit\u00e9 :\u00a0<\/strong>Les technologies qui favorisent la productivit\u00e9 sont actuellement en t\u00eate de liste des priorit\u00e9s des entreprises. Il s'agit notamment d'outils d'automatisation, d'outils de flux de travail et d'applications capables de suivre la productivit\u00e9 tout au long du cycle de vie d'un projet. Ces outils ne se contentent pas d'augmenter la productivit\u00e9 des employ\u00e9s, ils contiennent g\u00e9n\u00e9ralement des profils de donn\u00e9es qui permettent une meilleure prise de d\u00e9cision.<\/li>\r\n<\/ul>\r\n<h3><strong>L'imp\u00e9ratif num\u00e9rique : un appel \u00e0 l'action<\/strong><\/h3>\r\n<p>Jusqu'\u00e0 pr\u00e9sent, la num\u00e9risation \u00e9tait une d\u00e9cision de la direction de l'entreprise. Le mot \"transformation\" a \u00e9t\u00e9 utilis\u00e9 pour faciliter l'entr\u00e9e des cadres dans le processus de num\u00e9risation. Il d\u00e9crit la m\u00e9tamorphose de m\u00e9thodes obsol\u00e8tes vers de nouvelles technologies. Maintenant que de nombreux syst\u00e8mes num\u00e9riques sont d\u00e9j\u00e0 en place, une nouvelle \u00e8re de num\u00e9risation commence. Une entreprise qui utilise avec succ\u00e8s des outils d'automatisation, des applications de collaboration, des technologies bas\u00e9es sur l'IA et des syst\u00e8mes bas\u00e9s sur le cloud s'imposera - de nombreuses et diverses mani\u00e8res - sur le march\u00e9.\u00a0<\/p>\r\n<p>La transformation num\u00e9rique n'est plus une option pour les chefs d'entreprise. La num\u00e9risation n'est pas non plus quelque chose de radical, de sophistiqu\u00e9 ou de facile \u00e0 mettre en \u0153uvre du jour au lendemain. L'imp\u00e9ratif num\u00e9rique est avant tout une invitation \u00e0 l'action. Il marque le d\u00e9but d'une nouvelle \u00e8re. Et invite les retardataires de la num\u00e9risation \u00e0 s'adapter - et \u00e0 le faire rapidement.<\/p>\r\n<p>R\u00e9f\u00e9rence de la source :\u00a0<\/p>\r\n<ul>\r\n\t<li><a href=\"https:\/\/www.linkedin.com\/pulse\/digital-imperative-every-organization-satya-nadella\/?trackingId=3FHeuQsbQSSIXOtFbjepbg%3D%3D\">https:\/\/www.linkedin.com\/pulse\/digital-imperative-every-organization-satya-nadella\/?trackingId=3FHeuQsbQSSIXOtFbjepbg%3D%3D<\/a><\/li>\r\n\t<li><a href=\"https:\/\/www.forbes.com\/sites\/forbestechcouncil\/2021\/04\/07\/digital-transformation-is-coming-of-age\/?sh=6c77e35a74ee\">https:\/\/www.forbes.com\/sites\/forbestechcouncil\/2021\/04\/07\/digital-transformation-is-coming-of-age\/?sh=6c77e35a74ee<\/a><\/li>\r\n<\/ul>\r\n<p><em>Source : <a href=\"https:\/\/www.nintex.de\/\">Nintex<\/a><\/em><\/p>\n<p class=\"syndicated-attribution\">Cet article est paru initialement sur m-q.ch - <a href=\"https:\/\/www.m-q.ch\/de\/der-digitale-imperativ-ersetzt-die-digitale-transformation\/\" target=\"_blank\">https:\/\/www.m-q.ch\/de\/der-digitale-imperativ-ersetzt-die-digitale-transformation\/<\/a><\/p>","protected":false},"excerpt":{"rendered":"<p>Dank dessen starker Stellung in der Technologiebranche ist Microsoft in einer guten Position, um neue Trends zu setzen. Wenn Satya Nadella also sagt, dass Unternehmensleiter \u00fcber die digitale Transformation hinausgehen m\u00fcssen, dann ist das durchaus zutreffend. Der digitale Imperativ impliziert mehr als nur Dringlichkeit. Er impliziert eine Notwendigkeit. Digitalisierungsbem\u00fchungen sind nicht nur f\u00fcr anspruchsvolle Unternehmen [\u2026]<\/p>\n","protected":false},"author":8,"featured_media":0,"comment_status":"closed","ping_status":"closed","sticky":false,"template":"","format":"standard","meta":{"_acf_changed":false,"_yoast_wpseo_focuskw":"Digitaler Imperativ","_yoast_wpseo_metadesc":"Digitaler Imperativ: Microsofts Satya Nadella fordert Unternehmen auf, \u00fcber digitale Transformation hinauszugehen. Jetzt handeln.","articlekey":"","footnotes":""},"categories":[582],"tags":[],"class_list":["post-19107","post","type-post","status-publish","format-standard","hentry","category-operational-excellence"],"acf":[],"yoast_head":"<!-- This site is optimized with the Yoast SEO plugin v27.5 - https:\/\/yoast.com\/product\/yoast-seo-wordpress\/ -->\n<title>Der digitale Imperativ ersetzt die digitale Transformation - Organisator<\/title>\n<meta name=\"description\" content=\"Digitaler Imperativ: Microsofts Satya Nadella fordert Unternehmen auf, \u00fcber digitale Transformation hinauszugehen. Jetzt handeln.\" \/>\n<meta name=\"robots\" content=\"index, follow, max-snippet:-1, max-image-preview:large, max-video-preview:-1\" \/>\n<link rel=\"canonical\" href=\"https:\/\/www.organisator.ch\/fr\/excellence-operationnelle\/2023-02-27\/der-digitale-imperativ-ersetzt-die-digitale-transformation\/\" \/>\n<meta property=\"og:locale\" content=\"fr_FR\" \/>\n<meta property=\"og:type\" content=\"article\" \/>\n<meta property=\"og:title\" content=\"Der digitale Imperativ ersetzt die digitale Transformation - Organisator\" \/>\n<meta property=\"og:description\" content=\"Digitaler Imperativ: Microsofts Satya Nadella fordert Unternehmen auf, \u00fcber digitale Transformation hinauszugehen. Jetzt handeln.\" \/>\n<meta property=\"og:url\" content=\"https:\/\/www.organisator.ch\/fr\/excellence-operationnelle\/2023-02-27\/der-digitale-imperativ-ersetzt-die-digitale-transformation\/\" \/>\n<meta property=\"og:site_name\" content=\"Organisator\" \/>\n<meta property=\"article:publisher\" content=\"https:\/\/www.facebook.com\/OrganisatorFachmagazin\" \/>\n<meta property=\"article:published_time\" content=\"2023-02-27T13:03:33+00:00\" \/>\n<meta property=\"article:modified_time\" content=\"2024-11-18T10:42:38+00:00\" \/>\n<meta name=\"author\" content=\"galledia\" \/>\n<meta name=\"twitter:card\" content=\"summary_large_image\" \/>\n<meta name=\"twitter:creator\" content=\"@admin\" \/>\n<script type=\"application\/ld+json\" class=\"yoast-schema-graph\">{\"@context\":\"https:\\\/\\\/schema.org\",\"@graph\":[{\"@type\":\"Article\",\"@id\":\"https:\\\/\\\/www.organisator.ch\\\/operational-excellence\\\/2023-02-27\\\/der-digitale-imperativ-ersetzt-die-digitale-transformation\\\/#article\",\"isPartOf\":{\"@id\":\"https:\\\/\\\/www.organisator.ch\\\/operational-excellence\\\/2023-02-27\\\/der-digitale-imperativ-ersetzt-die-digitale-transformation\\\/\"},\"author\":{\"name\":\"galledia\",\"@id\":\"https:\\\/\\\/www.organisator.ch\\\/#\\\/schema\\\/person\\\/4e51799071cd2dd1232ac003643ef5f0\"},\"headline\":\"Der digitale Imperativ ersetzt die digitale Transformation\",\"datePublished\":\"2023-02-27T13:03:33+00:00\",\"dateModified\":\"2024-11-18T10:42:38+00:00\",\"mainEntityOfPage\":{\"@id\":\"https:\\\/\\\/www.organisator.ch\\\/operational-excellence\\\/2023-02-27\\\/der-digitale-imperativ-ersetzt-die-digitale-transformation\\\/\"},\"wordCount\":821,\"publisher\":{\"@id\":\"https:\\\/\\\/www.organisator.ch\\\/#organization\"},\"image\":{\"@id\":\"https:\\\/\\\/www.organisator.ch\\\/operational-excellence\\\/2023-02-27\\\/der-digitale-imperativ-ersetzt-die-digitale-transformation\\\/#primaryimage\"},\"thumbnailUrl\":\"https:\\\/\\\/www.m-q.ch\\\/wp-content\\\/uploads\\\/2023\\\/02\\\/Der-digitale-Imperativ-ersetzt-die-digitale-Transformation_MQ.jpg\",\"articleSection\":[\"OPERATIONAL EXCELLENCE\"],\"inLanguage\":\"fr-FR\"},{\"@type\":\"WebPage\",\"@id\":\"https:\\\/\\\/www.organisator.ch\\\/operational-excellence\\\/2023-02-27\\\/der-digitale-imperativ-ersetzt-die-digitale-transformation\\\/\",\"url\":\"https:\\\/\\\/www.organisator.ch\\\/operational-excellence\\\/2023-02-27\\\/der-digitale-imperativ-ersetzt-die-digitale-transformation\\\/\",\"name\":\"Der digitale Imperativ ersetzt die digitale Transformation - Organisator\",\"isPartOf\":{\"@id\":\"https:\\\/\\\/www.organisator.ch\\\/#website\"},\"primaryImageOfPage\":{\"@id\":\"https:\\\/\\\/www.organisator.ch\\\/operational-excellence\\\/2023-02-27\\\/der-digitale-imperativ-ersetzt-die-digitale-transformation\\\/#primaryimage\"},\"image\":{\"@id\":\"https:\\\/\\\/www.organisator.ch\\\/operational-excellence\\\/2023-02-27\\\/der-digitale-imperativ-ersetzt-die-digitale-transformation\\\/#primaryimage\"},\"thumbnailUrl\":\"https:\\\/\\\/www.m-q.ch\\\/wp-content\\\/uploads\\\/2023\\\/02\\\/Der-digitale-Imperativ-ersetzt-die-digitale-Transformation_MQ.jpg\",\"datePublished\":\"2023-02-27T13:03:33+00:00\",\"dateModified\":\"2024-11-18T10:42:38+00:00\",\"description\":\"Digitaler Imperativ: Microsofts Satya Nadella fordert Unternehmen auf, \u00fcber digitale Transformation hinauszugehen. Jetzt handeln.\",\"breadcrumb\":{\"@id\":\"https:\\\/\\\/www.organisator.ch\\\/operational-excellence\\\/2023-02-27\\\/der-digitale-imperativ-ersetzt-die-digitale-transformation\\\/#breadcrumb\"},\"inLanguage\":\"fr-FR\",\"potentialAction\":[{\"@type\":\"ReadAction\",\"target\":[\"https:\\\/\\\/www.organisator.ch\\\/operational-excellence\\\/2023-02-27\\\/der-digitale-imperativ-ersetzt-die-digitale-transformation\\\/\"]}]},{\"@type\":\"ImageObject\",\"inLanguage\":\"fr-FR\",\"@id\":\"https:\\\/\\\/www.organisator.ch\\\/operational-excellence\\\/2023-02-27\\\/der-digitale-imperativ-ersetzt-die-digitale-transformation\\\/#primaryimage\",\"url\":\"https:\\\/\\\/www.m-q.ch\\\/wp-content\\\/uploads\\\/2023\\\/02\\\/Der-digitale-Imperativ-ersetzt-die-digitale-Transformation_MQ.jpg\",\"contentUrl\":\"https:\\\/\\\/www.m-q.ch\\\/wp-content\\\/uploads\\\/2023\\\/02\\\/Der-digitale-Imperativ-ersetzt-die-digitale-Transformation_MQ.jpg\"},{\"@type\":\"BreadcrumbList\",\"@id\":\"https:\\\/\\\/www.organisator.ch\\\/operational-excellence\\\/2023-02-27\\\/der-digitale-imperativ-ersetzt-die-digitale-transformation\\\/#breadcrumb\",\"itemListElement\":[{\"@type\":\"ListItem\",\"position\":1,\"name\":\"Home\",\"item\":\"https:\\\/\\\/www.organisator.ch\\\/\"},{\"@type\":\"ListItem\",\"position\":2,\"name\":\"Der digitale Imperativ ersetzt die digitale Transformation\"}]},{\"@type\":\"WebSite\",\"@id\":\"https:\\\/\\\/www.organisator.ch\\\/#website\",\"url\":\"https:\\\/\\\/www.organisator.ch\\\/\",\"name\":\"Organisator\",\"description\":\"Kompetent. Praxisnah. Der ORGANISATOR bereitet in 10 Ausgaben pro Jahr die wesentlichen Themen f\u00fcr F\u00fchrungskr\u00e4fte von KMU auf.\",\"publisher\":{\"@id\":\"https:\\\/\\\/www.organisator.ch\\\/#organization\"},\"potentialAction\":[{\"@type\":\"SearchAction\",\"target\":{\"@type\":\"EntryPoint\",\"urlTemplate\":\"https:\\\/\\\/www.organisator.ch\\\/?s={search_term_string}\"},\"query-input\":{\"@type\":\"PropertyValueSpecification\",\"valueRequired\":true,\"valueName\":\"search_term_string\"}}],\"inLanguage\":\"fr-FR\"},{\"@type\":\"Organization\",\"@id\":\"https:\\\/\\\/www.organisator.ch\\\/#organization\",\"name\":\"Organisator\",\"url\":\"https:\\\/\\\/www.organisator.ch\\\/\",\"logo\":{\"@type\":\"ImageObject\",\"inLanguage\":\"fr-FR\",\"@id\":\"https:\\\/\\\/www.organisator.ch\\\/#\\\/schema\\\/logo\\\/image\\\/\",\"url\":\"https:\\\/\\\/www.organisator.ch\\\/wp-content\\\/uploads\\\/2022\\\/01\\\/Logo_Organisator_Website.png\",\"contentUrl\":\"https:\\\/\\\/www.organisator.ch\\\/wp-content\\\/uploads\\\/2022\\\/01\\\/Logo_Organisator_Website.png\",\"width\":800,\"height\":77,\"caption\":\"Organisator\"},\"image\":{\"@id\":\"https:\\\/\\\/www.organisator.ch\\\/#\\\/schema\\\/logo\\\/image\\\/\"},\"sameAs\":[\"https:\\\/\\\/www.facebook.com\\\/OrganisatorFachmagazin\",\"https:\\\/\\\/www.linkedin.com\\\/showcase\\\/organisator-das-magazin-fr-kmu\",\"https:\\\/\\\/www.xing.com\\\/news\\\/pages\\\/organisator-ch-695\",\"https:\\\/\\\/www.youtube.com\\\/channel\\\/UCGP2Sq0iWaZwT3BdIAQFYpw\"]},{\"@type\":\"Person\",\"@id\":\"https:\\\/\\\/www.organisator.ch\\\/#\\\/schema\\\/person\\\/4e51799071cd2dd1232ac003643ef5f0\",\"name\":\"galledia\",\"image\":{\"@type\":\"ImageObject\",\"inLanguage\":\"fr-FR\",\"@id\":\"https:\\\/\\\/secure.gravatar.com\\\/avatar\\\/78a7f90c01fc2bfc875782a0d4922b37cde2cf184ce347b91316d23cd7f69a36?s=96&d=mm&r=g\",\"url\":\"https:\\\/\\\/secure.gravatar.com\\\/avatar\\\/78a7f90c01fc2bfc875782a0d4922b37cde2cf184ce347b91316d23cd7f69a36?s=96&d=mm&r=g\",\"contentUrl\":\"https:\\\/\\\/secure.gravatar.com\\\/avatar\\\/78a7f90c01fc2bfc875782a0d4922b37cde2cf184ce347b91316d23cd7f69a36?s=96&d=mm&r=g\",\"caption\":\"galledia\"},\"sameAs\":[\"https:\\\/\\\/x.com\\\/admin\"],\"url\":\"https:\\\/\\\/www.organisator.ch\\\/fr\\\/author\\\/galledia\\\/\"}]}<\/script>\n<!-- \/ Yoast SEO plugin. -->","yoast_head_json":{"title":"L'imp\u00e9ratif num\u00e9rique remplace la transformation num\u00e9rique - Organisateur","description":"L'imp\u00e9ratif num\u00e9rique : Satya Nadella de Microsoft demande aux entreprises d'aller au-del\u00e0 de la transformation num\u00e9rique. Agir maintenant.","robots":{"index":"index","follow":"follow","max-snippet":"max-snippet:-1","max-image-preview":"max-image-preview:large","max-video-preview":"max-video-preview:-1"},"canonical":"https:\/\/www.organisator.ch\/fr\/excellence-operationnelle\/2023-02-27\/der-digitale-imperativ-ersetzt-die-digitale-transformation\/","og_locale":"fr_FR","og_type":"article","og_title":"Der digitale Imperativ ersetzt die digitale Transformation - Organisator","og_description":"Digitaler Imperativ: Microsofts Satya Nadella fordert Unternehmen auf, \u00fcber digitale Transformation hinauszugehen. Jetzt handeln.","og_url":"https:\/\/www.organisator.ch\/fr\/excellence-operationnelle\/2023-02-27\/der-digitale-imperativ-ersetzt-die-digitale-transformation\/","og_site_name":"Organisator","article_publisher":"https:\/\/www.facebook.com\/OrganisatorFachmagazin","article_published_time":"2023-02-27T13:03:33+00:00","article_modified_time":"2024-11-18T10:42:38+00:00","author":"galledia","twitter_card":"summary_large_image","twitter_creator":"@admin","schema":{"@context":"https:\/\/schema.org","@graph":[{"@type":"Article","@id":"https:\/\/www.organisator.ch\/operational-excellence\/2023-02-27\/der-digitale-imperativ-ersetzt-die-digitale-transformation\/#article","isPartOf":{"@id":"https:\/\/www.organisator.ch\/operational-excellence\/2023-02-27\/der-digitale-imperativ-ersetzt-die-digitale-transformation\/"},"author":{"name":"galledia","@id":"https:\/\/www.organisator.ch\/#\/schema\/person\/4e51799071cd2dd1232ac003643ef5f0"},"headline":"Der digitale Imperativ ersetzt die digitale Transformation","datePublished":"2023-02-27T13:03:33+00:00","dateModified":"2024-11-18T10:42:38+00:00","mainEntityOfPage":{"@id":"https:\/\/www.organisator.ch\/operational-excellence\/2023-02-27\/der-digitale-imperativ-ersetzt-die-digitale-transformation\/"},"wordCount":821,"publisher":{"@id":"https:\/\/www.organisator.ch\/#organization"},"image":{"@id":"https:\/\/www.organisator.ch\/operational-excellence\/2023-02-27\/der-digitale-imperativ-ersetzt-die-digitale-transformation\/#primaryimage"},"thumbnailUrl":"https:\/\/www.m-q.ch\/wp-content\/uploads\/2023\/02\/Der-digitale-Imperativ-ersetzt-die-digitale-Transformation_MQ.jpg","articleSection":["OPERATIONAL EXCELLENCE"],"inLanguage":"fr-FR"},{"@type":"WebPage","@id":"https:\/\/www.organisator.ch\/operational-excellence\/2023-02-27\/der-digitale-imperativ-ersetzt-die-digitale-transformation\/","url":"https:\/\/www.organisator.ch\/operational-excellence\/2023-02-27\/der-digitale-imperativ-ersetzt-die-digitale-transformation\/","name":"L'imp\u00e9ratif num\u00e9rique remplace la transformation num\u00e9rique - Organisateur","isPartOf":{"@id":"https:\/\/www.organisator.ch\/#website"},"primaryImageOfPage":{"@id":"https:\/\/www.organisator.ch\/operational-excellence\/2023-02-27\/der-digitale-imperativ-ersetzt-die-digitale-transformation\/#primaryimage"},"image":{"@id":"https:\/\/www.organisator.ch\/operational-excellence\/2023-02-27\/der-digitale-imperativ-ersetzt-die-digitale-transformation\/#primaryimage"},"thumbnailUrl":"https:\/\/www.m-q.ch\/wp-content\/uploads\/2023\/02\/Der-digitale-Imperativ-ersetzt-die-digitale-Transformation_MQ.jpg","datePublished":"2023-02-27T13:03:33+00:00","dateModified":"2024-11-18T10:42:38+00:00","description":"L'imp\u00e9ratif num\u00e9rique : Satya Nadella de Microsoft demande aux entreprises d'aller au-del\u00e0 de la transformation num\u00e9rique. Agir maintenant.","breadcrumb":{"@id":"https:\/\/www.organisator.ch\/operational-excellence\/2023-02-27\/der-digitale-imperativ-ersetzt-die-digitale-transformation\/#breadcrumb"},"inLanguage":"fr-FR","potentialAction":[{"@type":"ReadAction","target":["https:\/\/www.organisator.ch\/operational-excellence\/2023-02-27\/der-digitale-imperativ-ersetzt-die-digitale-transformation\/"]}]},{"@type":"ImageObject","inLanguage":"fr-FR","@id":"https:\/\/www.organisator.ch\/operational-excellence\/2023-02-27\/der-digitale-imperativ-ersetzt-die-digitale-transformation\/#primaryimage","url":"https:\/\/www.m-q.ch\/wp-content\/uploads\/2023\/02\/Der-digitale-Imperativ-ersetzt-die-digitale-Transformation_MQ.jpg","contentUrl":"https:\/\/www.m-q.ch\/wp-content\/uploads\/2023\/02\/Der-digitale-Imperativ-ersetzt-die-digitale-Transformation_MQ.jpg"},{"@type":"BreadcrumbList","@id":"https:\/\/www.organisator.ch\/operational-excellence\/2023-02-27\/der-digitale-imperativ-ersetzt-die-digitale-transformation\/#breadcrumb","itemListElement":[{"@type":"ListItem","position":1,"name":"Home","item":"https:\/\/www.organisator.ch\/"},{"@type":"ListItem","position":2,"name":"Der digitale Imperativ ersetzt die digitale Transformation"}]},{"@type":"WebSite","@id":"https:\/\/www.organisator.ch\/#website","url":"https:\/\/www.organisator.ch\/","name":"Organisateur","description":"Comp\u00e9tence et comp\u00e9tence. Proches de la pratique. L'ORGANISATEUR pr\u00e9pare 10 num\u00e9ros par an sur les th\u00e8mes essentiels pour les dirigeants de PME.","publisher":{"@id":"https:\/\/www.organisator.ch\/#organization"},"potentialAction":[{"@type":"SearchAction","target":{"@type":"EntryPoint","urlTemplate":"https:\/\/www.organisator.ch\/?s={search_term_string}"},"query-input":{"@type":"PropertyValueSpecification","valueRequired":true,"valueName":"search_term_string"}}],"inLanguage":"fr-FR"},{"@type":"Organization","@id":"https:\/\/www.organisator.ch\/#organization","name":"Organisateur","url":"https:\/\/www.organisator.ch\/","logo":{"@type":"ImageObject","inLanguage":"fr-FR","@id":"https:\/\/www.organisator.ch\/#\/schema\/logo\/image\/","url":"https:\/\/www.organisator.ch\/wp-content\/uploads\/2022\/01\/Logo_Organisator_Website.png","contentUrl":"https:\/\/www.organisator.ch\/wp-content\/uploads\/2022\/01\/Logo_Organisator_Website.png","width":800,"height":77,"caption":"Organisator"},"image":{"@id":"https:\/\/www.organisator.ch\/#\/schema\/logo\/image\/"},"sameAs":["https:\/\/www.facebook.com\/OrganisatorFachmagazin","https:\/\/www.linkedin.com\/showcase\/organisator-das-magazin-fr-kmu","https:\/\/www.xing.com\/news\/pages\/organisator-ch-695","https:\/\/www.youtube.com\/channel\/UCGP2Sq0iWaZwT3BdIAQFYpw"]},{"@type":"Person","@id":"https:\/\/www.organisator.ch\/#\/schema\/person\/4e51799071cd2dd1232ac003643ef5f0","name":"galledia","image":{"@type":"ImageObject","inLanguage":"fr-FR","@id":"https:\/\/secure.gravatar.com\/avatar\/78a7f90c01fc2bfc875782a0d4922b37cde2cf184ce347b91316d23cd7f69a36?s=96&d=mm&r=g","url":"https:\/\/secure.gravatar.com\/avatar\/78a7f90c01fc2bfc875782a0d4922b37cde2cf184ce347b91316d23cd7f69a36?s=96&d=mm&r=g","contentUrl":"https:\/\/secure.gravatar.com\/avatar\/78a7f90c01fc2bfc875782a0d4922b37cde2cf184ce347b91316d23cd7f69a36?s=96&d=mm&r=g","caption":"galledia"},"sameAs":["https:\/\/x.com\/admin"],"url":"https:\/\/www.organisator.ch\/fr\/author\/galledia\/"}]}},"_links":{"self":[{"href":"https:\/\/www.organisator.ch\/fr\/wp-json\/wp\/v2\/posts\/19107","targetHints":{"allow":["GET"]}}],"collection":[{"href":"https:\/\/www.organisator.ch\/fr\/wp-json\/wp\/v2\/posts"}],"about":[{"href":"https:\/\/www.organisator.ch\/fr\/wp-json\/wp\/v2\/types\/post"}],"author":[{"embeddable":true,"href":"https:\/\/www.organisator.ch\/fr\/wp-json\/wp\/v2\/users\/8"}],"replies":[{"embeddable":true,"href":"https:\/\/www.organisator.ch\/fr\/wp-json\/wp\/v2\/comments?post=19107"}],"version-history":[{"count":3,"href":"https:\/\/www.organisator.ch\/fr\/wp-json\/wp\/v2\/posts\/19107\/revisions"}],"predecessor-version":[{"id":33366,"href":"https:\/\/www.organisator.ch\/fr\/wp-json\/wp\/v2\/posts\/19107\/revisions\/33366"}],"wp:attachment":[{"href":"https:\/\/www.organisator.ch\/fr\/wp-json\/wp\/v2\/media?parent=19107"}],"wp:term":[{"taxonomy":"category","embeddable":true,"href":"https:\/\/www.organisator.ch\/fr\/wp-json\/wp\/v2\/categories?post=19107"},{"taxonomy":"post_tag","embeddable":true,"href":"https:\/\/www.organisator.ch\/fr\/wp-json\/wp\/v2\/tags?post=19107"}],"curies":[{"name":"wp","href":"https:\/\/api.w.org\/{rel}","templated":true}]}}