{"id":19119,"date":"2023-02-28T13:48:18","date_gmt":"2023-02-28T12:48:18","guid":{"rendered":"https:\/\/www.organisator.ch\/?p=19119"},"modified":"2023-02-28T13:48:18","modified_gmt":"2023-02-28T12:48:18","slug":"kmu-der-mem-branche-sind-vorsichtig-optimistisch","status":"publish","type":"post","link":"https:\/\/www.organisator.ch\/fr\/management\/2023-02-28\/kmu-der-mem-branche-sind-vorsichtig-optimistisch\/","title":{"rendered":"Les PME de la branche MEM font preuve d'un optimisme prudent"},"content":{"rendered":"<figure id=\"attachment_19120\" aria-describedby=\"caption-attachment-19120\" style=\"width: 680px\" class=\"wp-caption alignnone\"><img loading=\"lazy\" decoding=\"async\" class=\"size-full wp-image-19120\" src=\"https:\/\/www.organisator.ch\/wp-content\/uploads\/2023\/02\/KMU-der-MEM-Branche-sind-vorsichtig-optimistisch_Organisator.jpg\" alt=\"\" width=\"680\" height=\"379\" srcset=\"https:\/\/www.organisator.ch\/wp-content\/uploads\/2023\/02\/KMU-der-MEM-Branche-sind-vorsichtig-optimistisch_Organisator.jpg 680w, https:\/\/www.organisator.ch\/wp-content\/uploads\/2023\/02\/KMU-der-MEM-Branche-sind-vorsichtig-optimistisch_Organisator-18x10.jpg 18w, https:\/\/www.organisator.ch\/wp-content\/uploads\/2023\/02\/KMU-der-MEM-Branche-sind-vorsichtig-optimistisch_Organisator-375x209.jpg 375w, https:\/\/www.organisator.ch\/wp-content\/uploads\/2023\/02\/KMU-der-MEM-Branche-sind-vorsichtig-optimistisch_Organisator-628x350.jpg 628w\" sizes=\"auto, (max-width: 680px) 100vw, 680px\" \/><figcaption id=\"caption-attachment-19120\" class=\"wp-caption-text\">Fig. 1 : Les plus grands d\u00e9fis pour les PME de la branche MEM. (Graphique : Swissmechanic)<\/figcaption><\/figure>\n<p>Les entr\u00e9es de commandes, les chiffres d'affaires et les exportations de la branche MEM n'ont que l\u00e9g\u00e8rement augment\u00e9 au quatri\u00e8me trimestre 2022. M\u00eame si le pic des prix de l'\u00e9nergie et des mati\u00e8res premi\u00e8res est d\u00e9j\u00e0 d\u00e9pass\u00e9, les prix encore \u00e9lev\u00e9s par rapport aux valeurs d'avant la pand\u00e9mie r\u00e9duisent la volont\u00e9 d'investissement des clients MEM. Les taux d'int\u00e9r\u00eat plus \u00e9lev\u00e9s avec lesquels les banques centrales tentent de dompter l'inflation, le faible environnement \u00e9conomique ext\u00e9rieur et la grande incertitude g\u00e9opolitique freinent \u00e9galement la demande de biens d'investissement. Le franc fort constitue un vent contraire suppl\u00e9mentaire sur le march\u00e9 europ\u00e9en. Le taux d'utilisation des capacit\u00e9s de production de la branche MEM et le carnet de commandes assur\u00e9 \u00e0 moyen terme \u00e9taient certes encore relativement \u00e9lev\u00e9s en janvier 2023, mais ils montrent une l\u00e9g\u00e8re tendance \u00e0 la baisse. De plus, les PME interrog\u00e9es s'attendent en solde \u00e0 ce que les entr\u00e9es de commandes et les chiffres d'affaires diminuent au premier trimestre 2023 par rapport au m\u00eame trimestre de l'ann\u00e9e pr\u00e9c\u00e9dente. C'est ce que montre la derni\u00e8re enqu\u00eate trimestrielle de Swissmechanic, l'association patronale des PME de la branche MEM.<\/p>\n<h3>L'indice du climat des affaires de Swissmechanic repasse dans le vert<\/h3>\n<p>Bien que les cha\u00eenes d'approvisionnement soient encore plus tendues que la moyenne dans une comparaison \u00e0 long terme, l'enqu\u00eate montre que la situation s'est sensiblement am\u00e9lior\u00e9e. En revanche, le manque de main-d'\u0153uvre a gagn\u00e9 en importance et figure d\u00e9sormais en t\u00eate des principaux d\u00e9fis (cf. fig. 1).<\/p>\n<p>Malgr\u00e9 le ralentissement de la dynamique conjoncturelle d\u00fb \u00e0 diff\u00e9rents facteurs de charge, les entreprises PME-MEM font preuve d'un optimisme prudent en janvier 2023 : 57% des PME consid\u00e8rent le climat actuel des affaires comme plut\u00f4t ou tr\u00e8s favorable, 43% comme plut\u00f4t ou tr\u00e8s d\u00e9favorable. L'indice du climat des affaires de Swissmechanic se trouve ainsi \u00e0 nouveau dans la zone verte apr\u00e8s son plongeon du dernier trimestre (cf. fig. 2).<\/p>\n<figure id=\"attachment_19122\" aria-describedby=\"caption-attachment-19122\" style=\"width: 680px\" class=\"wp-caption alignnone\"><img loading=\"lazy\" decoding=\"async\" class=\"size-full wp-image-19122\" src=\"https:\/\/www.organisator.ch\/wp-content\/uploads\/2023\/02\/KMU-der-MEM-Branche-sind-vorsichtig-optimistisch-2_Organisator.jpg\" alt=\"\" width=\"680\" height=\"548\" srcset=\"https:\/\/www.organisator.ch\/wp-content\/uploads\/2023\/02\/KMU-der-MEM-Branche-sind-vorsichtig-optimistisch-2_Organisator.jpg 680w, https:\/\/www.organisator.ch\/wp-content\/uploads\/2023\/02\/KMU-der-MEM-Branche-sind-vorsichtig-optimistisch-2_Organisator-15x12.jpg 15w, https:\/\/www.organisator.ch\/wp-content\/uploads\/2023\/02\/KMU-der-MEM-Branche-sind-vorsichtig-optimistisch-2_Organisator-372x300.jpg 372w, https:\/\/www.organisator.ch\/wp-content\/uploads\/2023\/02\/KMU-der-MEM-Branche-sind-vorsichtig-optimistisch-2_Organisator-434x350.jpg 434w\" sizes=\"auto, (max-width: 680px) 100vw, 680px\" \/><figcaption id=\"caption-attachment-19122\" class=\"wp-caption-text\">Fig. 2 : L'indice du climat des affaires est \u00e0 nouveau dans le vert. (Graphique : Swissmechanic)<\/figcaption><\/figure>\n<p>BAK Economics partage \u00e9galement cet optimisme. Apr\u00e8s le ralentissement conjoncturel de l'hiver 2022\/23, il faut s'attendre \u00e0 un plus grand dynamisme dans la branche MEM \u00e0 partir du deuxi\u00e8me trimestre 2023. Cela s'explique par le fait que diff\u00e9rents facteurs de charge, pour lesquels un affaiblissement se dessine d\u00e9j\u00e0 en partie, passeront de plus en plus \u00e0 l'arri\u00e8re-plan.<\/p>\n<h3>Les PME de la branche MEM se montrent pr\u00eates pour l'avenir<\/h3>\n<p>INNOTEQ 2023 se tiendra du 7 au 10 mars \u00e0 Berne. Le leitmotiv de la manifestation est \"Fit for Future\". Le th\u00e8me central \"Swiss Manufacturing\" traite de la d\u00e9mondialisation, du sourcing local et du backshoring, de la place industrielle et de l'innovation en Suisse ainsi que de la productivit\u00e9 et de la comp\u00e9titivit\u00e9. Le th\u00e8me sp\u00e9cial \"INNOTEQ Talents\" sera consacr\u00e9 \u00e0 la formation et au perfectionnement, \u00e0 la promotion de la rel\u00e8ve et \u00e0 la p\u00e9nurie de main-d'\u0153uvre qualifi\u00e9e. Swissmechanic est pr\u00e9sent avec un stand collectif de 800 m2. 24 PME de la branche MEM s'y pr\u00e9senteront.<\/p>\n<p><em>Source : <a href=\"http:\/\/www.swissmechanic.ch\">Swissmechanic<\/a><\/em><\/p>","protected":false},"excerpt":{"rendered":"<p>Die Auftragseing\u00e4nge, Ums\u00e4tze und Exporte der MEM-Branche sind im vierten Quartal 2022 nur noch leicht angestiegen. Auch wenn der Peak bei den Energie- und Rohmaterialpreisen bereits \u00fcberschritten ist, verringern die im Vergleich zu den Vor-Pandemie-Werten immer noch hohen Preise die Investitionsbereitschaft der MEM-Kunden. Auch die h\u00f6heren Zinsen, mit denen die Zentralbanken die Inflation zu z\u00e4hmen [&hellip;]<\/p>\n","protected":false},"author":4,"featured_media":19121,"comment_status":"closed","ping_status":"closed","sticky":false,"template":"","format":"standard","meta":{"_acf_changed":false,"_yoast_wpseo_focuskw":"KMU der MEM-Branche","_yoast_wpseo_metadesc":"Die Konjunkurabk\u00fchlung setzt den KMU der MEM-Branche zu. Die im Januar befragten Betriebe sind trotzdem verhalten zuversichtlich.","articlekey":"","footnotes":""},"categories":[28],"tags":[310,2712,503],"class_list":["post-19119","post","type-post","status-publish","format-standard","has-post-thumbnail","hentry","category-management","tag-konjunktur","tag-mem-branche","tag-verbaende"],"acf":[],"yoast_head":"<!-- This site is optimized with the Yoast SEO plugin v27.5 - https:\/\/yoast.com\/product\/yoast-seo-wordpress\/ -->\n<title>KMU der MEM-Branche sind vorsichtig optimistisch - Organisator<\/title>\n<meta name=\"description\" content=\"Die Konjunkurabk\u00fchlung setzt den KMU der MEM-Branche zu. Die im Januar befragten Betriebe sind trotzdem verhalten zuversichtlich.\" \/>\n<meta name=\"robots\" content=\"index, follow, max-snippet:-1, max-image-preview:large, max-video-preview:-1\" \/>\n<link rel=\"canonical\" href=\"https:\/\/www.organisator.ch\/fr\/gestion-2\/2023-02-28\/kmu-der-mem-branche-sind-vorsichtig-optimistisch\/\" \/>\n<meta property=\"og:locale\" content=\"fr_FR\" \/>\n<meta property=\"og:type\" content=\"article\" \/>\n<meta property=\"og:title\" content=\"KMU der MEM-Branche sind vorsichtig optimistisch\" \/>\n<meta property=\"og:description\" content=\"Die Konjunkturabk\u00fchlung setzt den KMU der MEM-Branche zu. Die im Januar befragten Betriebe sind trotzdem verhalten zuversichtlich.\" \/>\n<meta property=\"og:url\" content=\"https:\/\/www.organisator.ch\/fr\/gestion-2\/2023-02-28\/kmu-der-mem-branche-sind-vorsichtig-optimistisch\/\" \/>\n<meta property=\"og:site_name\" content=\"Organisator\" \/>\n<meta property=\"article:publisher\" content=\"https:\/\/www.facebook.com\/OrganisatorFachmagazin\" \/>\n<meta property=\"article:published_time\" content=\"2023-02-28T12:48:18+00:00\" \/>\n<meta property=\"og:image\" content=\"https:\/\/www.organisator.ch\/wp-content\/uploads\/2023\/02\/KMU-der-MEM-Branche-sind-vorsichtig-optimistisch-1_Organisator.jpg\" \/>\n\t<meta property=\"og:image:width\" content=\"680\" \/>\n\t<meta property=\"og:image:height\" content=\"669\" \/>\n\t<meta property=\"og:image:type\" content=\"image\/jpeg\" \/>\n<meta name=\"author\" content=\"thomas.berner\" \/>\n<meta name=\"twitter:card\" content=\"summary_large_image\" \/>\n<meta name=\"twitter:title\" content=\"KMU der #MEM-Branche sind vorsichtig optimistisch\" \/>\n<meta name=\"twitter:description\" content=\"Die #Konjunkturabk\u00fchlung setzt den KMU der #MEM-Branche zu. Die im Januar befragten Betriebe sind trotzdem verhalten zuversichtlich.\" \/>\n<meta name=\"twitter:image\" content=\"https:\/\/www.organisator.ch\/wp-content\/uploads\/2023\/02\/KMU-der-MEM-Branche-sind-vorsichtig-optimistisch-1_Organisator.jpg\" \/>\n<script type=\"application\/ld+json\" class=\"yoast-schema-graph\">{\"@context\":\"https:\\\/\\\/schema.org\",\"@graph\":[{\"@type\":\"Article\",\"@id\":\"https:\\\/\\\/www.organisator.ch\\\/management\\\/2023-02-28\\\/kmu-der-mem-branche-sind-vorsichtig-optimistisch\\\/#article\",\"isPartOf\":{\"@id\":\"https:\\\/\\\/www.organisator.ch\\\/management\\\/2023-02-28\\\/kmu-der-mem-branche-sind-vorsichtig-optimistisch\\\/\"},\"author\":{\"name\":\"thomas.berner\",\"@id\":\"https:\\\/\\\/www.organisator.ch\\\/#\\\/schema\\\/person\\\/6f650f90b2842cd4c0cc334b4e36f67e\"},\"headline\":\"KMU der MEM-Branche sind vorsichtig optimistisch\",\"datePublished\":\"2023-02-28T12:48:18+00:00\",\"mainEntityOfPage\":{\"@id\":\"https:\\\/\\\/www.organisator.ch\\\/management\\\/2023-02-28\\\/kmu-der-mem-branche-sind-vorsichtig-optimistisch\\\/\"},\"wordCount\":429,\"publisher\":{\"@id\":\"https:\\\/\\\/www.organisator.ch\\\/#organization\"},\"image\":{\"@id\":\"https:\\\/\\\/www.organisator.ch\\\/management\\\/2023-02-28\\\/kmu-der-mem-branche-sind-vorsichtig-optimistisch\\\/#primaryimage\"},\"thumbnailUrl\":\"https:\\\/\\\/www.organisator.ch\\\/wp-content\\\/uploads\\\/2023\\\/02\\\/KMU-der-MEM-Branche-sind-vorsichtig-optimistisch-1_Organisator.jpg\",\"keywords\":[\"Konjunktur\",\"MEM-Branche\",\"Verb\u00e4nde\"],\"articleSection\":[\"MANAGEMENT\"],\"inLanguage\":\"fr-FR\"},{\"@type\":\"WebPage\",\"@id\":\"https:\\\/\\\/www.organisator.ch\\\/management\\\/2023-02-28\\\/kmu-der-mem-branche-sind-vorsichtig-optimistisch\\\/\",\"url\":\"https:\\\/\\\/www.organisator.ch\\\/management\\\/2023-02-28\\\/kmu-der-mem-branche-sind-vorsichtig-optimistisch\\\/\",\"name\":\"KMU der MEM-Branche sind vorsichtig optimistisch - Organisator\",\"isPartOf\":{\"@id\":\"https:\\\/\\\/www.organisator.ch\\\/#website\"},\"primaryImageOfPage\":{\"@id\":\"https:\\\/\\\/www.organisator.ch\\\/management\\\/2023-02-28\\\/kmu-der-mem-branche-sind-vorsichtig-optimistisch\\\/#primaryimage\"},\"image\":{\"@id\":\"https:\\\/\\\/www.organisator.ch\\\/management\\\/2023-02-28\\\/kmu-der-mem-branche-sind-vorsichtig-optimistisch\\\/#primaryimage\"},\"thumbnailUrl\":\"https:\\\/\\\/www.organisator.ch\\\/wp-content\\\/uploads\\\/2023\\\/02\\\/KMU-der-MEM-Branche-sind-vorsichtig-optimistisch-1_Organisator.jpg\",\"datePublished\":\"2023-02-28T12:48:18+00:00\",\"description\":\"Die Konjunkurabk\u00fchlung setzt den KMU der MEM-Branche zu. Die im Januar befragten Betriebe sind trotzdem verhalten zuversichtlich.\",\"breadcrumb\":{\"@id\":\"https:\\\/\\\/www.organisator.ch\\\/management\\\/2023-02-28\\\/kmu-der-mem-branche-sind-vorsichtig-optimistisch\\\/#breadcrumb\"},\"inLanguage\":\"fr-FR\",\"potentialAction\":[{\"@type\":\"ReadAction\",\"target\":[\"https:\\\/\\\/www.organisator.ch\\\/management\\\/2023-02-28\\\/kmu-der-mem-branche-sind-vorsichtig-optimistisch\\\/\"]}]},{\"@type\":\"ImageObject\",\"inLanguage\":\"fr-FR\",\"@id\":\"https:\\\/\\\/www.organisator.ch\\\/management\\\/2023-02-28\\\/kmu-der-mem-branche-sind-vorsichtig-optimistisch\\\/#primaryimage\",\"url\":\"https:\\\/\\\/www.organisator.ch\\\/wp-content\\\/uploads\\\/2023\\\/02\\\/KMU-der-MEM-Branche-sind-vorsichtig-optimistisch-1_Organisator.jpg\",\"contentUrl\":\"https:\\\/\\\/www.organisator.ch\\\/wp-content\\\/uploads\\\/2023\\\/02\\\/KMU-der-MEM-Branche-sind-vorsichtig-optimistisch-1_Organisator.jpg\",\"width\":680,\"height\":669,\"caption\":\"Abb. 2: Der Gesch\u00e4ftsklima-Index ist wieder leicht im gr\u00fcnen Bereich. (Grafik: Swissmechanic)\"},{\"@type\":\"BreadcrumbList\",\"@id\":\"https:\\\/\\\/www.organisator.ch\\\/management\\\/2023-02-28\\\/kmu-der-mem-branche-sind-vorsichtig-optimistisch\\\/#breadcrumb\",\"itemListElement\":[{\"@type\":\"ListItem\",\"position\":1,\"name\":\"Home\",\"item\":\"https:\\\/\\\/www.organisator.ch\\\/\"},{\"@type\":\"ListItem\",\"position\":2,\"name\":\"KMU der MEM-Branche sind vorsichtig optimistisch\"}]},{\"@type\":\"WebSite\",\"@id\":\"https:\\\/\\\/www.organisator.ch\\\/#website\",\"url\":\"https:\\\/\\\/www.organisator.ch\\\/\",\"name\":\"Organisator\",\"description\":\"Kompetent. Praxisnah. Der ORGANISATOR bereitet in 10 Ausgaben pro Jahr die wesentlichen Themen f\u00fcr F\u00fchrungskr\u00e4fte von KMU auf.\",\"publisher\":{\"@id\":\"https:\\\/\\\/www.organisator.ch\\\/#organization\"},\"potentialAction\":[{\"@type\":\"SearchAction\",\"target\":{\"@type\":\"EntryPoint\",\"urlTemplate\":\"https:\\\/\\\/www.organisator.ch\\\/?s={search_term_string}\"},\"query-input\":{\"@type\":\"PropertyValueSpecification\",\"valueRequired\":true,\"valueName\":\"search_term_string\"}}],\"inLanguage\":\"fr-FR\"},{\"@type\":\"Organization\",\"@id\":\"https:\\\/\\\/www.organisator.ch\\\/#organization\",\"name\":\"Organisator\",\"url\":\"https:\\\/\\\/www.organisator.ch\\\/\",\"logo\":{\"@type\":\"ImageObject\",\"inLanguage\":\"fr-FR\",\"@id\":\"https:\\\/\\\/www.organisator.ch\\\/#\\\/schema\\\/logo\\\/image\\\/\",\"url\":\"https:\\\/\\\/www.organisator.ch\\\/wp-content\\\/uploads\\\/2022\\\/01\\\/Logo_Organisator_Website.png\",\"contentUrl\":\"https:\\\/\\\/www.organisator.ch\\\/wp-content\\\/uploads\\\/2022\\\/01\\\/Logo_Organisator_Website.png\",\"width\":800,\"height\":77,\"caption\":\"Organisator\"},\"image\":{\"@id\":\"https:\\\/\\\/www.organisator.ch\\\/#\\\/schema\\\/logo\\\/image\\\/\"},\"sameAs\":[\"https:\\\/\\\/www.facebook.com\\\/OrganisatorFachmagazin\",\"https:\\\/\\\/www.linkedin.com\\\/showcase\\\/organisator-das-magazin-fr-kmu\",\"https:\\\/\\\/www.xing.com\\\/news\\\/pages\\\/organisator-ch-695\",\"https:\\\/\\\/www.youtube.com\\\/channel\\\/UCGP2Sq0iWaZwT3BdIAQFYpw\"]},{\"@type\":\"Person\",\"@id\":\"https:\\\/\\\/www.organisator.ch\\\/#\\\/schema\\\/person\\\/6f650f90b2842cd4c0cc334b4e36f67e\",\"name\":\"thomas.berner\",\"image\":{\"@type\":\"ImageObject\",\"inLanguage\":\"fr-FR\",\"@id\":\"https:\\\/\\\/secure.gravatar.com\\\/avatar\\\/ac5001d2a36cb6c6cd3e50789007ffca834b477b74a2144564522e944eabff61?s=96&d=mm&r=g\",\"url\":\"https:\\\/\\\/secure.gravatar.com\\\/avatar\\\/ac5001d2a36cb6c6cd3e50789007ffca834b477b74a2144564522e944eabff61?s=96&d=mm&r=g\",\"contentUrl\":\"https:\\\/\\\/secure.gravatar.com\\\/avatar\\\/ac5001d2a36cb6c6cd3e50789007ffca834b477b74a2144564522e944eabff61?s=96&d=mm&r=g\",\"caption\":\"thomas.berner\"},\"url\":\"https:\\\/\\\/www.organisator.ch\\\/fr\\\/author\\\/thomas-berner\\\/\"}]}<\/script>\n<!-- \/ Yoast SEO plugin. -->","yoast_head_json":{"title":"Les PME de la branche MEM sont prudemment optimistes - Organisateur","description":"Le ralentissement de la conjoncture affecte les PME de la branche MEM. Les entreprises interrog\u00e9es en janvier sont n\u00e9anmoins mod\u00e9r\u00e9ment confiantes.","robots":{"index":"index","follow":"follow","max-snippet":"max-snippet:-1","max-image-preview":"max-image-preview:large","max-video-preview":"max-video-preview:-1"},"canonical":"https:\/\/www.organisator.ch\/fr\/gestion-2\/2023-02-28\/kmu-der-mem-branche-sind-vorsichtig-optimistisch\/","og_locale":"fr_FR","og_type":"article","og_title":"KMU der MEM-Branche sind vorsichtig optimistisch","og_description":"Die Konjunkturabk\u00fchlung setzt den KMU der MEM-Branche zu. Die im Januar befragten Betriebe sind trotzdem verhalten zuversichtlich.","og_url":"https:\/\/www.organisator.ch\/fr\/gestion-2\/2023-02-28\/kmu-der-mem-branche-sind-vorsichtig-optimistisch\/","og_site_name":"Organisator","article_publisher":"https:\/\/www.facebook.com\/OrganisatorFachmagazin","article_published_time":"2023-02-28T12:48:18+00:00","og_image":[{"width":680,"height":669,"url":"https:\/\/www.organisator.ch\/wp-content\/uploads\/2023\/02\/KMU-der-MEM-Branche-sind-vorsichtig-optimistisch-1_Organisator.jpg","type":"image\/jpeg"}],"author":"thomas.berner","twitter_card":"summary_large_image","twitter_title":"KMU der #MEM-Branche sind vorsichtig optimistisch","twitter_description":"Die #Konjunkturabk\u00fchlung setzt den KMU der #MEM-Branche zu. Die im Januar befragten Betriebe sind trotzdem verhalten zuversichtlich.","twitter_image":"https:\/\/www.organisator.ch\/wp-content\/uploads\/2023\/02\/KMU-der-MEM-Branche-sind-vorsichtig-optimistisch-1_Organisator.jpg","schema":{"@context":"https:\/\/schema.org","@graph":[{"@type":"Article","@id":"https:\/\/www.organisator.ch\/management\/2023-02-28\/kmu-der-mem-branche-sind-vorsichtig-optimistisch\/#article","isPartOf":{"@id":"https:\/\/www.organisator.ch\/management\/2023-02-28\/kmu-der-mem-branche-sind-vorsichtig-optimistisch\/"},"author":{"name":"thomas.berner","@id":"https:\/\/www.organisator.ch\/#\/schema\/person\/6f650f90b2842cd4c0cc334b4e36f67e"},"headline":"KMU der MEM-Branche sind vorsichtig optimistisch","datePublished":"2023-02-28T12:48:18+00:00","mainEntityOfPage":{"@id":"https:\/\/www.organisator.ch\/management\/2023-02-28\/kmu-der-mem-branche-sind-vorsichtig-optimistisch\/"},"wordCount":429,"publisher":{"@id":"https:\/\/www.organisator.ch\/#organization"},"image":{"@id":"https:\/\/www.organisator.ch\/management\/2023-02-28\/kmu-der-mem-branche-sind-vorsichtig-optimistisch\/#primaryimage"},"thumbnailUrl":"https:\/\/www.organisator.ch\/wp-content\/uploads\/2023\/02\/KMU-der-MEM-Branche-sind-vorsichtig-optimistisch-1_Organisator.jpg","keywords":["Konjunktur","MEM-Branche","Verb\u00e4nde"],"articleSection":["MANAGEMENT"],"inLanguage":"fr-FR"},{"@type":"WebPage","@id":"https:\/\/www.organisator.ch\/management\/2023-02-28\/kmu-der-mem-branche-sind-vorsichtig-optimistisch\/","url":"https:\/\/www.organisator.ch\/management\/2023-02-28\/kmu-der-mem-branche-sind-vorsichtig-optimistisch\/","name":"Les PME de la branche MEM sont prudemment optimistes - Organisateur","isPartOf":{"@id":"https:\/\/www.organisator.ch\/#website"},"primaryImageOfPage":{"@id":"https:\/\/www.organisator.ch\/management\/2023-02-28\/kmu-der-mem-branche-sind-vorsichtig-optimistisch\/#primaryimage"},"image":{"@id":"https:\/\/www.organisator.ch\/management\/2023-02-28\/kmu-der-mem-branche-sind-vorsichtig-optimistisch\/#primaryimage"},"thumbnailUrl":"https:\/\/www.organisator.ch\/wp-content\/uploads\/2023\/02\/KMU-der-MEM-Branche-sind-vorsichtig-optimistisch-1_Organisator.jpg","datePublished":"2023-02-28T12:48:18+00:00","description":"Le ralentissement de la conjoncture affecte les PME de la branche MEM. Les entreprises interrog\u00e9es en janvier sont n\u00e9anmoins mod\u00e9r\u00e9ment confiantes.","breadcrumb":{"@id":"https:\/\/www.organisator.ch\/management\/2023-02-28\/kmu-der-mem-branche-sind-vorsichtig-optimistisch\/#breadcrumb"},"inLanguage":"fr-FR","potentialAction":[{"@type":"ReadAction","target":["https:\/\/www.organisator.ch\/management\/2023-02-28\/kmu-der-mem-branche-sind-vorsichtig-optimistisch\/"]}]},{"@type":"ImageObject","inLanguage":"fr-FR","@id":"https:\/\/www.organisator.ch\/management\/2023-02-28\/kmu-der-mem-branche-sind-vorsichtig-optimistisch\/#primaryimage","url":"https:\/\/www.organisator.ch\/wp-content\/uploads\/2023\/02\/KMU-der-MEM-Branche-sind-vorsichtig-optimistisch-1_Organisator.jpg","contentUrl":"https:\/\/www.organisator.ch\/wp-content\/uploads\/2023\/02\/KMU-der-MEM-Branche-sind-vorsichtig-optimistisch-1_Organisator.jpg","width":680,"height":669,"caption":"Abb. 2: Der Gesch\u00e4ftsklima-Index ist wieder leicht im gr\u00fcnen Bereich. (Grafik: Swissmechanic)"},{"@type":"BreadcrumbList","@id":"https:\/\/www.organisator.ch\/management\/2023-02-28\/kmu-der-mem-branche-sind-vorsichtig-optimistisch\/#breadcrumb","itemListElement":[{"@type":"ListItem","position":1,"name":"Home","item":"https:\/\/www.organisator.ch\/"},{"@type":"ListItem","position":2,"name":"KMU der MEM-Branche sind vorsichtig optimistisch"}]},{"@type":"WebSite","@id":"https:\/\/www.organisator.ch\/#website","url":"https:\/\/www.organisator.ch\/","name":"Organisateur","description":"Comp\u00e9tence et comp\u00e9tence. Proches de la pratique. L'ORGANISATEUR pr\u00e9pare 10 num\u00e9ros par an sur les th\u00e8mes essentiels pour les dirigeants de PME.","publisher":{"@id":"https:\/\/www.organisator.ch\/#organization"},"potentialAction":[{"@type":"SearchAction","target":{"@type":"EntryPoint","urlTemplate":"https:\/\/www.organisator.ch\/?s={search_term_string}"},"query-input":{"@type":"PropertyValueSpecification","valueRequired":true,"valueName":"search_term_string"}}],"inLanguage":"fr-FR"},{"@type":"Organization","@id":"https:\/\/www.organisator.ch\/#organization","name":"Organisateur","url":"https:\/\/www.organisator.ch\/","logo":{"@type":"ImageObject","inLanguage":"fr-FR","@id":"https:\/\/www.organisator.ch\/#\/schema\/logo\/image\/","url":"https:\/\/www.organisator.ch\/wp-content\/uploads\/2022\/01\/Logo_Organisator_Website.png","contentUrl":"https:\/\/www.organisator.ch\/wp-content\/uploads\/2022\/01\/Logo_Organisator_Website.png","width":800,"height":77,"caption":"Organisator"},"image":{"@id":"https:\/\/www.organisator.ch\/#\/schema\/logo\/image\/"},"sameAs":["https:\/\/www.facebook.com\/OrganisatorFachmagazin","https:\/\/www.linkedin.com\/showcase\/organisator-das-magazin-fr-kmu","https:\/\/www.xing.com\/news\/pages\/organisator-ch-695","https:\/\/www.youtube.com\/channel\/UCGP2Sq0iWaZwT3BdIAQFYpw"]},{"@type":"Person","@id":"https:\/\/www.organisator.ch\/#\/schema\/person\/6f650f90b2842cd4c0cc334b4e36f67e","name":"thomas.berner","image":{"@type":"ImageObject","inLanguage":"fr-FR","@id":"https:\/\/secure.gravatar.com\/avatar\/ac5001d2a36cb6c6cd3e50789007ffca834b477b74a2144564522e944eabff61?s=96&d=mm&r=g","url":"https:\/\/secure.gravatar.com\/avatar\/ac5001d2a36cb6c6cd3e50789007ffca834b477b74a2144564522e944eabff61?s=96&d=mm&r=g","contentUrl":"https:\/\/secure.gravatar.com\/avatar\/ac5001d2a36cb6c6cd3e50789007ffca834b477b74a2144564522e944eabff61?s=96&d=mm&r=g","caption":"thomas.berner"},"url":"https:\/\/www.organisator.ch\/fr\/author\/thomas-berner\/"}]}},"_links":{"self":[{"href":"https:\/\/www.organisator.ch\/fr\/wp-json\/wp\/v2\/posts\/19119","targetHints":{"allow":["GET"]}}],"collection":[{"href":"https:\/\/www.organisator.ch\/fr\/wp-json\/wp\/v2\/posts"}],"about":[{"href":"https:\/\/www.organisator.ch\/fr\/wp-json\/wp\/v2\/types\/post"}],"author":[{"embeddable":true,"href":"https:\/\/www.organisator.ch\/fr\/wp-json\/wp\/v2\/users\/4"}],"replies":[{"embeddable":true,"href":"https:\/\/www.organisator.ch\/fr\/wp-json\/wp\/v2\/comments?post=19119"}],"version-history":[{"count":1,"href":"https:\/\/www.organisator.ch\/fr\/wp-json\/wp\/v2\/posts\/19119\/revisions"}],"predecessor-version":[{"id":19123,"href":"https:\/\/www.organisator.ch\/fr\/wp-json\/wp\/v2\/posts\/19119\/revisions\/19123"}],"wp:featuredmedia":[{"embeddable":true,"href":"https:\/\/www.organisator.ch\/fr\/wp-json\/wp\/v2\/media\/19121"}],"wp:attachment":[{"href":"https:\/\/www.organisator.ch\/fr\/wp-json\/wp\/v2\/media?parent=19119"}],"wp:term":[{"taxonomy":"category","embeddable":true,"href":"https:\/\/www.organisator.ch\/fr\/wp-json\/wp\/v2\/categories?post=19119"},{"taxonomy":"post_tag","embeddable":true,"href":"https:\/\/www.organisator.ch\/fr\/wp-json\/wp\/v2\/tags?post=19119"}],"curies":[{"name":"wp","href":"https:\/\/api.w.org\/{rel}","templated":true}]}}