{"id":19127,"date":"2023-03-01T08:47:04","date_gmt":"2023-03-01T07:47:04","guid":{"rendered":"https:\/\/www.organisator.ch\/?p=19127"},"modified":"2023-03-01T08:47:05","modified_gmt":"2023-03-01T07:47:05","slug":"jobwachstum-dank-hoher-nachfrage-nach-it-fachleuten","status":"publish","type":"post","link":"https:\/\/www.organisator.ch\/fr\/human-resources\/2023-03-01\/jobwachstum-dank-hoher-nachfrage-nach-it-fachleuten\/","title":{"rendered":"Croissance de l'emploi gr\u00e2ce \u00e0 une forte demande en sp\u00e9cialistes IT"},"content":{"rendered":"<figure id=\"attachment_19129\" aria-describedby=\"caption-attachment-19129\" style=\"width: 680px\" class=\"wp-caption alignnone\"><img loading=\"lazy\" decoding=\"async\" class=\"size-full wp-image-19129\" src=\"https:\/\/www.organisator.ch\/wp-content\/uploads\/2023\/03\/Jobwachstum-dank-hoher-Nachfrage-nach-IT-Fachleuten_Organisator.jpg\" alt=\"\" width=\"680\" height=\"496\" srcset=\"https:\/\/www.organisator.ch\/wp-content\/uploads\/2023\/03\/Jobwachstum-dank-hoher-Nachfrage-nach-IT-Fachleuten_Organisator.jpg 680w, https:\/\/www.organisator.ch\/wp-content\/uploads\/2023\/03\/Jobwachstum-dank-hoher-Nachfrage-nach-IT-Fachleuten_Organisator-16x12.jpg 16w, https:\/\/www.organisator.ch\/wp-content\/uploads\/2023\/03\/Jobwachstum-dank-hoher-Nachfrage-nach-IT-Fachleuten_Organisator-375x274.jpg 375w, https:\/\/www.organisator.ch\/wp-content\/uploads\/2023\/03\/Jobwachstum-dank-hoher-Nachfrage-nach-IT-Fachleuten_Organisator-480x350.jpg 480w\" sizes=\"auto, (max-width: 680px) 100vw, 680px\" \/><figcaption id=\"caption-attachment-19129\" class=\"wp-caption-text\">La croissance de l'emploi se poursuit. Le secteur informatique, en particulier, cr\u00e9e constamment de nouveaux postes. (Image : Pixabay.com)<\/figcaption><\/figure>\n<p>Le nombre d'offres d'emploi publi\u00e9es chaque mois en Suisse a augment\u00e9 de +5,2% (janvier - f\u00e9vrier 2023). Le secteur IT s'en est le mieux sorti avec une croissance mensuelle de l'emploi de +20%.<\/p>\n<table width=\"626\">\n<tbody>\n<tr>\n<td width=\"274\"><strong>Cat\u00e9gories principales<\/strong><\/td>\n<td width=\"170\"><strong>Croissance mensuelle<br \/>\n<\/strong>(janv. 2023 - f\u00e9v. 2023)<\/td>\n<td width=\"183\"><strong>Croissance annuelle<br \/>\n<\/strong>(f\u00e9v. 2022 - f\u00e9v. 2023)<\/td>\n<\/tr>\n<tr>\n<td width=\"274\">\n<ol>\n<li>Assistant informatique:in<\/li>\n<\/ol>\n<\/td>\n<td width=\"170\">+21.7%<\/td>\n<td width=\"183\">-10.6%<\/td>\n<\/tr>\n<tr>\n<td width=\"274\">\n<ol>\n<li>Administrateur informatique:in<\/li>\n<\/ol>\n<\/td>\n<td width=\"170\">+16.7%<\/td>\n<td width=\"183\">+22.5%<\/td>\n<\/tr>\n<tr>\n<td width=\"274\">\n<ol>\n<li>Sp\u00e9cialiste de l'immobilier:en<\/li>\n<\/ol>\n<\/td>\n<td width=\"170\">+16.2%<\/td>\n<td width=\"183\">+25.4%<\/td>\n<\/tr>\n<tr>\n<td width=\"274\">\n<ol>\n<li>Sp\u00e9cialiste en t\u00e9l\u00e9communications (par ex. VOIP)<\/li>\n<\/ol>\n<\/td>\n<td width=\"170\">+14.3%<\/td>\n<td width=\"183\">-10.5%<\/td>\n<\/tr>\n<tr>\n<td width=\"274\">\n<ol>\n<li>Sp\u00e9cialiste syst\u00e8me:en<\/li>\n<\/ol>\n<\/td>\n<td width=\"170\">+13.5%<\/td>\n<td width=\"183\">-15.6%<\/td>\n<\/tr>\n<\/tbody>\n<\/table>\n<p>En comparaison annuelle, le nombre d'offres d'emploi a augment\u00e9 de +6,2% (f\u00e9vrier 2022-f\u00e9vrier 2023). La Suisse romande est en t\u00eate de la croissance avec une augmentation mensuelle de +6,5%. En Suisse al\u00e9manique, o\u00f9 9 emplois sur 10 sont publi\u00e9s, le nombre de postes vacants a augment\u00e9 de +4,9%.<\/p>\n<p>La Suisse orientale a enregistr\u00e9 la plus forte croissance de l'emploi avec +7,7 %. Plus de 50% des offres d'emploi dans cette r\u00e9gion concernaient des professionnels de l'informatique, de l'ing\u00e9nierie ou de la technique. Toutes les r\u00e9gions ont enregistr\u00e9 une croissance mensuelle positive.<\/p>\n<table width=\"622\">\n<tbody>\n<tr>\n<td width=\"274\"><strong>R\u00e9gions<\/strong><\/td>\n<td width=\"170\"><strong>Croissance mensuelle <\/strong>(janv. 2023 - f\u00e9v. 2023)<\/td>\n<td width=\"178\"><strong>Croissance annuelle<br \/>\n<\/strong>(f\u00e9v. 2022 - f\u00e9v. 2023)<\/td>\n<\/tr>\n<tr>\n<td width=\"274\">Suisse orientale (AI, AR, GL, GR, SG, SH, TG)<\/td>\n<td width=\"170\">+7.7%<\/td>\n<td width=\"178\">+7.5%<\/td>\n<\/tr>\n<tr>\n<td width=\"274\">R\u00e9gion l\u00e9manique (GE, VD, VS)<\/td>\n<td width=\"170\">+6.1%<\/td>\n<td width=\"178\">+4.8%<\/td>\n<\/tr>\n<tr>\n<td width=\"274\">Suisse centrale (LU, NW, OW, SZ, UR, ZG)<\/td>\n<td width=\"170\">+5.9%<\/td>\n<td width=\"178\">+14.6%<\/td>\n<\/tr>\n<tr>\n<td width=\"274\">Suisse du Nord-Ouest (AG, BL, BS)<\/td>\n<td width=\"170\">+4.9%<\/td>\n<td width=\"178\">+11.1%<\/td>\n<\/tr>\n<tr>\n<td width=\"274\">Zurich (ZH)<\/td>\n<td width=\"170\">+4.5%<\/td>\n<td width=\"178\">+2.0%<\/td>\n<\/tr>\n<tr>\n<td width=\"274\">Plateau (BE, FR, JU, NE, SO)<\/td>\n<td width=\"170\">+3.4%<\/td>\n<td width=\"178\">+3.4%<\/td>\n<\/tr>\n<\/tbody>\n<\/table>\n<p>\"Le march\u00e9 de l'emploi a tr\u00e8s bien commenc\u00e9 l'ann\u00e9e, surtout dans le secteur informatique et malgr\u00e9 la correction du march\u00e9 apr\u00e8s la croissance de l'infrastructure informatique en 2021 et 2022, tir\u00e9e par Covid. Globalement, la demande en professionnels de l'informatique augmente, surtout dans les domaines de la s\u00e9curit\u00e9, du d\u00e9veloppement et de la gestion des donn\u00e9es. En revanche, les besoins dans les domaines des syst\u00e8mes et du support sont revenus au niveau d'avant Covid\", commente Thibaud de Balby, Manager Technology Recruitment chez Michael Page. D'une mani\u00e8re g\u00e9n\u00e9rale, le march\u00e9 suisse de l'emploi est donc sous le signe de l'optimisme, comme en t\u00e9moignent les chiffres suivants <a href=\"https:\/\/www.organisator.ch\/de\/human-resources\/2023-01-04\/schweizer-arbeitsmarkt-2023-fuenf-gruende-fuer-optimismus\/\">d\u00e9j\u00e0 rapport\u00e9 ailleurs<\/a> a \u00e9t\u00e9<\/p>\n<p><em>Source : <a href=\"http:\/\/www.michaelpage.ch\">Michael Page<\/a><\/em><\/p>","protected":false},"excerpt":{"rendered":"<p>Die Zahl der monatlich ausgeschriebenen Stellen ist in der Schweiz um +5,2% (Januar &#8211; Februar 2023) gestiegen. Der IT-Sektor schnitt mit einem monatlichen Jobwachstum von +20% am besten ab. F\u00fchrende Kategorien Monatliches Wachstum (Jan. 2023 \u2013 Feb. 2023) J\u00e4hrliches Wachstum (Feb. 2022 \u2013 Feb. 2023) IT-Supporter:in +21.7% -10.6% IT-Administrator:in +16.7% +22.5% Immobilienspezialist:in +16.2% +25.4% Telekommunikations-Spezialist:in [&hellip;]<\/p>\n","protected":false},"author":4,"featured_media":19129,"comment_status":"closed","ping_status":"closed","sticky":false,"template":"","format":"standard","meta":{"_acf_changed":false,"_yoast_wpseo_focuskw":"Jobwachstum","_yoast_wpseo_metadesc":"Weiteres Jobwachstum: Im IT-Sektor wuchs laut dem Michael Page Swiss Job Index die Zahl der ausgeschriebenen Stellen am st\u00e4rksten an.","articlekey":"","footnotes":""},"categories":[579],"tags":[254,286,349],"class_list":["post-19127","post","type-post","status-publish","format-standard","has-post-thumbnail","hentry","category-human-resources","tag-hrm","tag-it","tag-michael-page-swiss-job-index"],"acf":[],"yoast_head":"<!-- This site is optimized with the Yoast SEO plugin v27.5 - https:\/\/yoast.com\/product\/yoast-seo-wordpress\/ -->\n<title>Jobwachstum dank hoher Nachfrage nach IT-Fachleuten - Organisator<\/title>\n<meta name=\"description\" content=\"Weiteres Jobwachstum: Im IT-Sektor wuchs laut dem Michael Page Swiss Job Index die Zahl der ausgeschriebenen Stellen am st\u00e4rksten an.\" \/>\n<meta name=\"robots\" content=\"index, follow, max-snippet:-1, max-image-preview:large, max-video-preview:-1\" \/>\n<link rel=\"canonical\" href=\"https:\/\/www.organisator.ch\/fr\/ressources-humaines\/2023-03-01\/jobwachstum-dank-hoher-nachfrage-nach-it-fachleuten\/\" \/>\n<meta property=\"og:locale\" content=\"fr_FR\" \/>\n<meta property=\"og:type\" content=\"article\" \/>\n<meta property=\"og:title\" content=\"Jobwachstum dank hoher Nachfrage nach IT-Fachleuten\" \/>\n<meta property=\"og:description\" content=\"Weiteres Jobwachstum: Im IT-Sektor wuchs laut dem Michael Page Swiss Job Index die Zahl der ausgeschriebenen Stellen am st\u00e4rksten an.\" \/>\n<meta property=\"og:url\" content=\"https:\/\/www.organisator.ch\/fr\/ressources-humaines\/2023-03-01\/jobwachstum-dank-hoher-nachfrage-nach-it-fachleuten\/\" \/>\n<meta property=\"og:site_name\" content=\"Organisator\" \/>\n<meta property=\"article:publisher\" content=\"https:\/\/www.facebook.com\/OrganisatorFachmagazin\" \/>\n<meta property=\"article:published_time\" content=\"2023-03-01T07:47:04+00:00\" \/>\n<meta property=\"article:modified_time\" content=\"2023-03-01T07:47:05+00:00\" \/>\n<meta property=\"og:image\" content=\"https:\/\/www.organisator.ch\/wp-content\/uploads\/2023\/03\/Jobwachstum-dank-hoher-Nachfrage-nach-IT-Fachleuten_Organisator.jpg\" \/>\n\t<meta property=\"og:image:width\" content=\"680\" \/>\n\t<meta property=\"og:image:height\" content=\"496\" \/>\n\t<meta property=\"og:image:type\" content=\"image\/jpeg\" \/>\n<meta name=\"author\" content=\"thomas.berner\" \/>\n<meta name=\"twitter:card\" content=\"summary_large_image\" \/>\n<meta name=\"twitter:title\" content=\"#Jobwachstum dank hoher Nachfrage nach #IT-Fachleuten\" \/>\n<meta name=\"twitter:description\" content=\"Weiteres #Jobwachstum: Im #IT-Sektor wuchs laut dem Michael Page Swiss Job Index die Zahl der ausgeschriebenen Stellen am st\u00e4rksten an.\" \/>\n<meta name=\"twitter:image\" content=\"https:\/\/www.organisator.ch\/wp-content\/uploads\/2023\/03\/Jobwachstum-dank-hoher-Nachfrage-nach-IT-Fachleuten_Organisator.jpg\" \/>\n<script type=\"application\/ld+json\" class=\"yoast-schema-graph\">{\"@context\":\"https:\\\/\\\/schema.org\",\"@graph\":[{\"@type\":\"Article\",\"@id\":\"https:\\\/\\\/www.organisator.ch\\\/human-resources\\\/2023-03-01\\\/jobwachstum-dank-hoher-nachfrage-nach-it-fachleuten\\\/#article\",\"isPartOf\":{\"@id\":\"https:\\\/\\\/www.organisator.ch\\\/human-resources\\\/2023-03-01\\\/jobwachstum-dank-hoher-nachfrage-nach-it-fachleuten\\\/\"},\"author\":{\"name\":\"thomas.berner\",\"@id\":\"https:\\\/\\\/www.organisator.ch\\\/#\\\/schema\\\/person\\\/6f650f90b2842cd4c0cc334b4e36f67e\"},\"headline\":\"Jobwachstum dank hoher Nachfrage nach IT-Fachleuten\",\"datePublished\":\"2023-03-01T07:47:04+00:00\",\"dateModified\":\"2023-03-01T07:47:05+00:00\",\"mainEntityOfPage\":{\"@id\":\"https:\\\/\\\/www.organisator.ch\\\/human-resources\\\/2023-03-01\\\/jobwachstum-dank-hoher-nachfrage-nach-it-fachleuten\\\/\"},\"wordCount\":289,\"publisher\":{\"@id\":\"https:\\\/\\\/www.organisator.ch\\\/#organization\"},\"image\":{\"@id\":\"https:\\\/\\\/www.organisator.ch\\\/human-resources\\\/2023-03-01\\\/jobwachstum-dank-hoher-nachfrage-nach-it-fachleuten\\\/#primaryimage\"},\"thumbnailUrl\":\"https:\\\/\\\/www.organisator.ch\\\/wp-content\\\/uploads\\\/2023\\\/03\\\/Jobwachstum-dank-hoher-Nachfrage-nach-IT-Fachleuten_Organisator.jpg\",\"keywords\":[\"HRM\",\"IT\",\"Michael Page Swiss Job Index\"],\"articleSection\":[\"HUMAN RESOURCES\"],\"inLanguage\":\"fr-FR\"},{\"@type\":\"WebPage\",\"@id\":\"https:\\\/\\\/www.organisator.ch\\\/human-resources\\\/2023-03-01\\\/jobwachstum-dank-hoher-nachfrage-nach-it-fachleuten\\\/\",\"url\":\"https:\\\/\\\/www.organisator.ch\\\/human-resources\\\/2023-03-01\\\/jobwachstum-dank-hoher-nachfrage-nach-it-fachleuten\\\/\",\"name\":\"Jobwachstum dank hoher Nachfrage nach IT-Fachleuten - Organisator\",\"isPartOf\":{\"@id\":\"https:\\\/\\\/www.organisator.ch\\\/#website\"},\"primaryImageOfPage\":{\"@id\":\"https:\\\/\\\/www.organisator.ch\\\/human-resources\\\/2023-03-01\\\/jobwachstum-dank-hoher-nachfrage-nach-it-fachleuten\\\/#primaryimage\"},\"image\":{\"@id\":\"https:\\\/\\\/www.organisator.ch\\\/human-resources\\\/2023-03-01\\\/jobwachstum-dank-hoher-nachfrage-nach-it-fachleuten\\\/#primaryimage\"},\"thumbnailUrl\":\"https:\\\/\\\/www.organisator.ch\\\/wp-content\\\/uploads\\\/2023\\\/03\\\/Jobwachstum-dank-hoher-Nachfrage-nach-IT-Fachleuten_Organisator.jpg\",\"datePublished\":\"2023-03-01T07:47:04+00:00\",\"dateModified\":\"2023-03-01T07:47:05+00:00\",\"description\":\"Weiteres Jobwachstum: Im IT-Sektor wuchs laut dem Michael Page Swiss Job Index die Zahl der ausgeschriebenen Stellen am st\u00e4rksten an.\",\"breadcrumb\":{\"@id\":\"https:\\\/\\\/www.organisator.ch\\\/human-resources\\\/2023-03-01\\\/jobwachstum-dank-hoher-nachfrage-nach-it-fachleuten\\\/#breadcrumb\"},\"inLanguage\":\"fr-FR\",\"potentialAction\":[{\"@type\":\"ReadAction\",\"target\":[\"https:\\\/\\\/www.organisator.ch\\\/human-resources\\\/2023-03-01\\\/jobwachstum-dank-hoher-nachfrage-nach-it-fachleuten\\\/\"]}]},{\"@type\":\"ImageObject\",\"inLanguage\":\"fr-FR\",\"@id\":\"https:\\\/\\\/www.organisator.ch\\\/human-resources\\\/2023-03-01\\\/jobwachstum-dank-hoher-nachfrage-nach-it-fachleuten\\\/#primaryimage\",\"url\":\"https:\\\/\\\/www.organisator.ch\\\/wp-content\\\/uploads\\\/2023\\\/03\\\/Jobwachstum-dank-hoher-Nachfrage-nach-IT-Fachleuten_Organisator.jpg\",\"contentUrl\":\"https:\\\/\\\/www.organisator.ch\\\/wp-content\\\/uploads\\\/2023\\\/03\\\/Jobwachstum-dank-hoher-Nachfrage-nach-IT-Fachleuten_Organisator.jpg\",\"width\":680,\"height\":496,\"caption\":\"Das Jobwachstum h\u00e4lt an. Vor allem der IT-Sektor schafft laufend neue Stellen. (Bild: Pixabay.com)\"},{\"@type\":\"BreadcrumbList\",\"@id\":\"https:\\\/\\\/www.organisator.ch\\\/human-resources\\\/2023-03-01\\\/jobwachstum-dank-hoher-nachfrage-nach-it-fachleuten\\\/#breadcrumb\",\"itemListElement\":[{\"@type\":\"ListItem\",\"position\":1,\"name\":\"Home\",\"item\":\"https:\\\/\\\/www.organisator.ch\\\/\"},{\"@type\":\"ListItem\",\"position\":2,\"name\":\"Jobwachstum dank hoher Nachfrage nach IT-Fachleuten\"}]},{\"@type\":\"WebSite\",\"@id\":\"https:\\\/\\\/www.organisator.ch\\\/#website\",\"url\":\"https:\\\/\\\/www.organisator.ch\\\/\",\"name\":\"Organisator\",\"description\":\"Kompetent. Praxisnah. Der ORGANISATOR bereitet in 10 Ausgaben pro Jahr die wesentlichen Themen f\u00fcr F\u00fchrungskr\u00e4fte von KMU auf.\",\"publisher\":{\"@id\":\"https:\\\/\\\/www.organisator.ch\\\/#organization\"},\"potentialAction\":[{\"@type\":\"SearchAction\",\"target\":{\"@type\":\"EntryPoint\",\"urlTemplate\":\"https:\\\/\\\/www.organisator.ch\\\/?s={search_term_string}\"},\"query-input\":{\"@type\":\"PropertyValueSpecification\",\"valueRequired\":true,\"valueName\":\"search_term_string\"}}],\"inLanguage\":\"fr-FR\"},{\"@type\":\"Organization\",\"@id\":\"https:\\\/\\\/www.organisator.ch\\\/#organization\",\"name\":\"Organisator\",\"url\":\"https:\\\/\\\/www.organisator.ch\\\/\",\"logo\":{\"@type\":\"ImageObject\",\"inLanguage\":\"fr-FR\",\"@id\":\"https:\\\/\\\/www.organisator.ch\\\/#\\\/schema\\\/logo\\\/image\\\/\",\"url\":\"https:\\\/\\\/www.organisator.ch\\\/wp-content\\\/uploads\\\/2022\\\/01\\\/Logo_Organisator_Website.png\",\"contentUrl\":\"https:\\\/\\\/www.organisator.ch\\\/wp-content\\\/uploads\\\/2022\\\/01\\\/Logo_Organisator_Website.png\",\"width\":800,\"height\":77,\"caption\":\"Organisator\"},\"image\":{\"@id\":\"https:\\\/\\\/www.organisator.ch\\\/#\\\/schema\\\/logo\\\/image\\\/\"},\"sameAs\":[\"https:\\\/\\\/www.facebook.com\\\/OrganisatorFachmagazin\",\"https:\\\/\\\/www.linkedin.com\\\/showcase\\\/organisator-das-magazin-fr-kmu\",\"https:\\\/\\\/www.xing.com\\\/news\\\/pages\\\/organisator-ch-695\",\"https:\\\/\\\/www.youtube.com\\\/channel\\\/UCGP2Sq0iWaZwT3BdIAQFYpw\"]},{\"@type\":\"Person\",\"@id\":\"https:\\\/\\\/www.organisator.ch\\\/#\\\/schema\\\/person\\\/6f650f90b2842cd4c0cc334b4e36f67e\",\"name\":\"thomas.berner\",\"image\":{\"@type\":\"ImageObject\",\"inLanguage\":\"fr-FR\",\"@id\":\"https:\\\/\\\/secure.gravatar.com\\\/avatar\\\/ac5001d2a36cb6c6cd3e50789007ffca834b477b74a2144564522e944eabff61?s=96&d=mm&r=g\",\"url\":\"https:\\\/\\\/secure.gravatar.com\\\/avatar\\\/ac5001d2a36cb6c6cd3e50789007ffca834b477b74a2144564522e944eabff61?s=96&d=mm&r=g\",\"contentUrl\":\"https:\\\/\\\/secure.gravatar.com\\\/avatar\\\/ac5001d2a36cb6c6cd3e50789007ffca834b477b74a2144564522e944eabff61?s=96&d=mm&r=g\",\"caption\":\"thomas.berner\"},\"url\":\"https:\\\/\\\/www.organisator.ch\\\/fr\\\/author\\\/thomas-berner\\\/\"}]}<\/script>\n<!-- \/ Yoast SEO plugin. -->","yoast_head_json":{"title":"Croissance de l'emploi gr\u00e2ce \u00e0 une forte demande de professionnels de l'informatique - Organisateur","description":"Poursuite de la croissance des emplois : selon le Michael Page Swiss Job Index, c'est dans le secteur informatique que le nombre d'offres d'emploi a augment\u00e9 le plus fortement.","robots":{"index":"index","follow":"follow","max-snippet":"max-snippet:-1","max-image-preview":"max-image-preview:large","max-video-preview":"max-video-preview:-1"},"canonical":"https:\/\/www.organisator.ch\/fr\/ressources-humaines\/2023-03-01\/jobwachstum-dank-hoher-nachfrage-nach-it-fachleuten\/","og_locale":"fr_FR","og_type":"article","og_title":"Jobwachstum dank hoher Nachfrage nach IT-Fachleuten","og_description":"Weiteres Jobwachstum: Im IT-Sektor wuchs laut dem Michael Page Swiss Job Index die Zahl der ausgeschriebenen Stellen am st\u00e4rksten an.","og_url":"https:\/\/www.organisator.ch\/fr\/ressources-humaines\/2023-03-01\/jobwachstum-dank-hoher-nachfrage-nach-it-fachleuten\/","og_site_name":"Organisator","article_publisher":"https:\/\/www.facebook.com\/OrganisatorFachmagazin","article_published_time":"2023-03-01T07:47:04+00:00","article_modified_time":"2023-03-01T07:47:05+00:00","og_image":[{"width":680,"height":496,"url":"https:\/\/www.organisator.ch\/wp-content\/uploads\/2023\/03\/Jobwachstum-dank-hoher-Nachfrage-nach-IT-Fachleuten_Organisator.jpg","type":"image\/jpeg"}],"author":"thomas.berner","twitter_card":"summary_large_image","twitter_title":"#Jobwachstum dank hoher Nachfrage nach #IT-Fachleuten","twitter_description":"Weiteres #Jobwachstum: Im #IT-Sektor wuchs laut dem Michael Page Swiss Job Index die Zahl der ausgeschriebenen Stellen am st\u00e4rksten an.","twitter_image":"https:\/\/www.organisator.ch\/wp-content\/uploads\/2023\/03\/Jobwachstum-dank-hoher-Nachfrage-nach-IT-Fachleuten_Organisator.jpg","schema":{"@context":"https:\/\/schema.org","@graph":[{"@type":"Article","@id":"https:\/\/www.organisator.ch\/human-resources\/2023-03-01\/jobwachstum-dank-hoher-nachfrage-nach-it-fachleuten\/#article","isPartOf":{"@id":"https:\/\/www.organisator.ch\/human-resources\/2023-03-01\/jobwachstum-dank-hoher-nachfrage-nach-it-fachleuten\/"},"author":{"name":"thomas.berner","@id":"https:\/\/www.organisator.ch\/#\/schema\/person\/6f650f90b2842cd4c0cc334b4e36f67e"},"headline":"Jobwachstum dank hoher Nachfrage nach IT-Fachleuten","datePublished":"2023-03-01T07:47:04+00:00","dateModified":"2023-03-01T07:47:05+00:00","mainEntityOfPage":{"@id":"https:\/\/www.organisator.ch\/human-resources\/2023-03-01\/jobwachstum-dank-hoher-nachfrage-nach-it-fachleuten\/"},"wordCount":289,"publisher":{"@id":"https:\/\/www.organisator.ch\/#organization"},"image":{"@id":"https:\/\/www.organisator.ch\/human-resources\/2023-03-01\/jobwachstum-dank-hoher-nachfrage-nach-it-fachleuten\/#primaryimage"},"thumbnailUrl":"https:\/\/www.organisator.ch\/wp-content\/uploads\/2023\/03\/Jobwachstum-dank-hoher-Nachfrage-nach-IT-Fachleuten_Organisator.jpg","keywords":["HRM","IT","Michael Page Swiss Job Index"],"articleSection":["HUMAN RESOURCES"],"inLanguage":"fr-FR"},{"@type":"WebPage","@id":"https:\/\/www.organisator.ch\/human-resources\/2023-03-01\/jobwachstum-dank-hoher-nachfrage-nach-it-fachleuten\/","url":"https:\/\/www.organisator.ch\/human-resources\/2023-03-01\/jobwachstum-dank-hoher-nachfrage-nach-it-fachleuten\/","name":"Croissance de l'emploi gr\u00e2ce \u00e0 une forte demande de professionnels de l'informatique - Organisateur","isPartOf":{"@id":"https:\/\/www.organisator.ch\/#website"},"primaryImageOfPage":{"@id":"https:\/\/www.organisator.ch\/human-resources\/2023-03-01\/jobwachstum-dank-hoher-nachfrage-nach-it-fachleuten\/#primaryimage"},"image":{"@id":"https:\/\/www.organisator.ch\/human-resources\/2023-03-01\/jobwachstum-dank-hoher-nachfrage-nach-it-fachleuten\/#primaryimage"},"thumbnailUrl":"https:\/\/www.organisator.ch\/wp-content\/uploads\/2023\/03\/Jobwachstum-dank-hoher-Nachfrage-nach-IT-Fachleuten_Organisator.jpg","datePublished":"2023-03-01T07:47:04+00:00","dateModified":"2023-03-01T07:47:05+00:00","description":"Poursuite de la croissance des emplois : selon le Michael Page Swiss Job Index, c'est dans le secteur informatique que le nombre d'offres d'emploi a augment\u00e9 le plus fortement.","breadcrumb":{"@id":"https:\/\/www.organisator.ch\/human-resources\/2023-03-01\/jobwachstum-dank-hoher-nachfrage-nach-it-fachleuten\/#breadcrumb"},"inLanguage":"fr-FR","potentialAction":[{"@type":"ReadAction","target":["https:\/\/www.organisator.ch\/human-resources\/2023-03-01\/jobwachstum-dank-hoher-nachfrage-nach-it-fachleuten\/"]}]},{"@type":"ImageObject","inLanguage":"fr-FR","@id":"https:\/\/www.organisator.ch\/human-resources\/2023-03-01\/jobwachstum-dank-hoher-nachfrage-nach-it-fachleuten\/#primaryimage","url":"https:\/\/www.organisator.ch\/wp-content\/uploads\/2023\/03\/Jobwachstum-dank-hoher-Nachfrage-nach-IT-Fachleuten_Organisator.jpg","contentUrl":"https:\/\/www.organisator.ch\/wp-content\/uploads\/2023\/03\/Jobwachstum-dank-hoher-Nachfrage-nach-IT-Fachleuten_Organisator.jpg","width":680,"height":496,"caption":"Das Jobwachstum h\u00e4lt an. Vor allem der IT-Sektor schafft laufend neue Stellen. (Bild: Pixabay.com)"},{"@type":"BreadcrumbList","@id":"https:\/\/www.organisator.ch\/human-resources\/2023-03-01\/jobwachstum-dank-hoher-nachfrage-nach-it-fachleuten\/#breadcrumb","itemListElement":[{"@type":"ListItem","position":1,"name":"Home","item":"https:\/\/www.organisator.ch\/"},{"@type":"ListItem","position":2,"name":"Jobwachstum dank hoher Nachfrage nach IT-Fachleuten"}]},{"@type":"WebSite","@id":"https:\/\/www.organisator.ch\/#website","url":"https:\/\/www.organisator.ch\/","name":"Organisateur","description":"Comp\u00e9tence et comp\u00e9tence. Proches de la pratique. L'ORGANISATEUR pr\u00e9pare 10 num\u00e9ros par an sur les th\u00e8mes essentiels pour les dirigeants de PME.","publisher":{"@id":"https:\/\/www.organisator.ch\/#organization"},"potentialAction":[{"@type":"SearchAction","target":{"@type":"EntryPoint","urlTemplate":"https:\/\/www.organisator.ch\/?s={search_term_string}"},"query-input":{"@type":"PropertyValueSpecification","valueRequired":true,"valueName":"search_term_string"}}],"inLanguage":"fr-FR"},{"@type":"Organization","@id":"https:\/\/www.organisator.ch\/#organization","name":"Organisateur","url":"https:\/\/www.organisator.ch\/","logo":{"@type":"ImageObject","inLanguage":"fr-FR","@id":"https:\/\/www.organisator.ch\/#\/schema\/logo\/image\/","url":"https:\/\/www.organisator.ch\/wp-content\/uploads\/2022\/01\/Logo_Organisator_Website.png","contentUrl":"https:\/\/www.organisator.ch\/wp-content\/uploads\/2022\/01\/Logo_Organisator_Website.png","width":800,"height":77,"caption":"Organisator"},"image":{"@id":"https:\/\/www.organisator.ch\/#\/schema\/logo\/image\/"},"sameAs":["https:\/\/www.facebook.com\/OrganisatorFachmagazin","https:\/\/www.linkedin.com\/showcase\/organisator-das-magazin-fr-kmu","https:\/\/www.xing.com\/news\/pages\/organisator-ch-695","https:\/\/www.youtube.com\/channel\/UCGP2Sq0iWaZwT3BdIAQFYpw"]},{"@type":"Person","@id":"https:\/\/www.organisator.ch\/#\/schema\/person\/6f650f90b2842cd4c0cc334b4e36f67e","name":"thomas.berner","image":{"@type":"ImageObject","inLanguage":"fr-FR","@id":"https:\/\/secure.gravatar.com\/avatar\/ac5001d2a36cb6c6cd3e50789007ffca834b477b74a2144564522e944eabff61?s=96&d=mm&r=g","url":"https:\/\/secure.gravatar.com\/avatar\/ac5001d2a36cb6c6cd3e50789007ffca834b477b74a2144564522e944eabff61?s=96&d=mm&r=g","contentUrl":"https:\/\/secure.gravatar.com\/avatar\/ac5001d2a36cb6c6cd3e50789007ffca834b477b74a2144564522e944eabff61?s=96&d=mm&r=g","caption":"thomas.berner"},"url":"https:\/\/www.organisator.ch\/fr\/author\/thomas-berner\/"}]}},"_links":{"self":[{"href":"https:\/\/www.organisator.ch\/fr\/wp-json\/wp\/v2\/posts\/19127","targetHints":{"allow":["GET"]}}],"collection":[{"href":"https:\/\/www.organisator.ch\/fr\/wp-json\/wp\/v2\/posts"}],"about":[{"href":"https:\/\/www.organisator.ch\/fr\/wp-json\/wp\/v2\/types\/post"}],"author":[{"embeddable":true,"href":"https:\/\/www.organisator.ch\/fr\/wp-json\/wp\/v2\/users\/4"}],"replies":[{"embeddable":true,"href":"https:\/\/www.organisator.ch\/fr\/wp-json\/wp\/v2\/comments?post=19127"}],"version-history":[{"count":2,"href":"https:\/\/www.organisator.ch\/fr\/wp-json\/wp\/v2\/posts\/19127\/revisions"}],"predecessor-version":[{"id":19130,"href":"https:\/\/www.organisator.ch\/fr\/wp-json\/wp\/v2\/posts\/19127\/revisions\/19130"}],"wp:featuredmedia":[{"embeddable":true,"href":"https:\/\/www.organisator.ch\/fr\/wp-json\/wp\/v2\/media\/19129"}],"wp:attachment":[{"href":"https:\/\/www.organisator.ch\/fr\/wp-json\/wp\/v2\/media?parent=19127"}],"wp:term":[{"taxonomy":"category","embeddable":true,"href":"https:\/\/www.organisator.ch\/fr\/wp-json\/wp\/v2\/categories?post=19127"},{"taxonomy":"post_tag","embeddable":true,"href":"https:\/\/www.organisator.ch\/fr\/wp-json\/wp\/v2\/tags?post=19127"}],"curies":[{"name":"wp","href":"https:\/\/api.w.org\/{rel}","templated":true}]}}