{"id":19131,"date":"2023-03-01T10:46:23","date_gmt":"2023-03-01T09:46:23","guid":{"rendered":"https:\/\/www.organisator.ch\/?p=19131"},"modified":"2023-03-01T10:46:23","modified_gmt":"2023-03-01T09:46:23","slug":"schweizer-tech-industrie-schaut-auf-positives-jahr-2022-zurueck","status":"publish","type":"post","link":"https:\/\/www.organisator.ch\/fr\/allgemein\/2023-03-01\/schweizer-tech-industrie-schaut-auf-positives-jahr-2022-zurueck\/","title":{"rendered":"L'industrie suisse de la tech se r\u00e9jouit de l'ann\u00e9e 2022"},"content":{"rendered":"<figure id=\"attachment_19132\" aria-describedby=\"caption-attachment-19132\" style=\"width: 680px\" class=\"wp-caption alignnone\"><img loading=\"lazy\" decoding=\"async\" class=\"size-full wp-image-19132\" src=\"https:\/\/www.organisator.ch\/wp-content\/uploads\/2023\/03\/Schweizer-Tech-Industrie-schaut-auf-positives-Jahr-2022-zurueck_Organisator.jpg\" alt=\"\" width=\"680\" height=\"475\" srcset=\"https:\/\/www.organisator.ch\/wp-content\/uploads\/2023\/03\/Schweizer-Tech-Industrie-schaut-auf-positives-Jahr-2022-zurueck_Organisator.jpg 680w, https:\/\/www.organisator.ch\/wp-content\/uploads\/2023\/03\/Schweizer-Tech-Industrie-schaut-auf-positives-Jahr-2022-zurueck_Organisator-18x12.jpg 18w, https:\/\/www.organisator.ch\/wp-content\/uploads\/2023\/03\/Schweizer-Tech-Industrie-schaut-auf-positives-Jahr-2022-zurueck_Organisator-375x262.jpg 375w, https:\/\/www.organisator.ch\/wp-content\/uploads\/2023\/03\/Schweizer-Tech-Industrie-schaut-auf-positives-Jahr-2022-zurueck_Organisator-501x350.jpg 501w\" sizes=\"auto, (max-width: 680px) 100vw, 680px\" \/><figcaption id=\"caption-attachment-19132\" class=\"wp-caption-text\">En 2022, l'industrie tech suisse a continu\u00e9 \u00e0 progresser. Les d\u00e9fis pour l'industrie sont principalement la p\u00e9nurie de main-d'\u0153uvre qualifi\u00e9e et l'acc\u00e8s aux march\u00e9s mondiaux. (Image : Pixabay.com)<\/figcaption><\/figure>\n<p>Les chiffres d'affaires de l'industrie tech suisse ont augment\u00e9 de +9,4% en 2022 par rapport \u00e0 l'ann\u00e9e pr\u00e9c\u00e9dente. C'est ce que communique l'association professionnelle Swissmem. Au quatri\u00e8me trimestre 2022, la croissance par rapport au m\u00eame trimestre de l'ann\u00e9e pr\u00e9c\u00e9dente \u00e9tait de +8,8%. La branche a ainsi enregistr\u00e9 son septi\u00e8me trimestre cons\u00e9cutif de hausse des chiffres d'affaires. Tant les PME que les grandes entreprises ont profit\u00e9 de cette reprise, poursuit Swissmem. Les entr\u00e9es de commandes ont \u00e9galement augment\u00e9 de +2,4 pour cent par rapport \u00e0 2021. Au quatri\u00e8me trimestre 2022, elles ont augment\u00e9 de +2,4 pour cent par rapport \u00e0 la m\u00eame p\u00e9riode de l'ann\u00e9e pr\u00e9c\u00e9dente. Cela est tr\u00e8s r\u00e9jouissant, car au troisi\u00e8me trimestre 2022, les entr\u00e9es de commandes en provenance de l'\u00e9tranger avaient chut\u00e9 de plus de 20 pour cent par rapport au trimestre pr\u00e9c\u00e9dent. En raison des craintes de r\u00e9cession mondiale, Swissmem craignait un fort ralentissement dans l'industrie. Celui-ci n'a pas eu lieu, ni dans les PME ni dans les grandes entreprises. Au contraire, le taux d'utilisation des capacit\u00e9s s'est \u00e9lev\u00e9 \u00e0 89,6% au quatri\u00e8me trimestre, ce qui est nettement sup\u00e9rieur \u00e0 la moyenne \u00e0 long terme de 86,2%. Le nombre de collaborateurs et collaboratrices dans l'industrie tech a continu\u00e9 d'augmenter. Il a atteint 326 500 au quatri\u00e8me trimestre 2022, soit 2,7% de plus que l'ann\u00e9e pr\u00e9c\u00e9dente \u00e0 la m\u00eame p\u00e9riode.<\/p>\n<p>Mais Swissmem relativise : Cette couronne de chiffres positifs ne doit pas faire oublier que toutes les entreprises souffrent de l'augmentation des co\u00fbts de l'\u00e9nergie, des mati\u00e8res premi\u00e8res et de la main-d'\u0153uvre. Les entreprises \u00e0 forte consommation d'\u00e9nergie, notamment, sont massivement d\u00e9savantag\u00e9es sur le march\u00e9 en raison des mesures de politique industrielle des \u00c9tats de l'UE. Leurs sites en Suisse sont menac\u00e9s.<\/p>\n<h3><strong>Augmentation des exportations pour tous les groupes de produits<\/strong><\/h3>\n<p>En 2022, les exportations de biens de l'industrie tech ont augment\u00e9 de +5,6% par rapport \u00e0 l'ann\u00e9e pr\u00e9c\u00e9dente et ont atteint une valeur de 72,3 milliards de francs. Tous les march\u00e9s importants ont connu une \u00e9volution positive. Ainsi, les exportations vers l'Asie ont augment\u00e9 de +11,7%, vers les Etats-Unis de 7,9% et vers l'UE de +4,3%. Les exportations de tous les principaux groupes de produits ont augment\u00e9. Par rapport \u00e0 2021, les exportations ont augment\u00e9 de +8,5% pour les m\u00e9taux, de +7,4% pour l'\u00e9lectrotechnique\/\u00e9lectronique, de +5,4% pour la construction m\u00e9canique et de +4,2% pour les instruments de pr\u00e9cision.\u00a0\u00a0<strong>\u00a0<\/strong><\/p>\n<h3><strong>Des risques et des incertitudes consid\u00e9rables\u00a0<\/strong><\/h3>\n<p>A propos des chiffres d'affaires de 2022, le directeur de Swissmem Stefan Brupbacher d\u00e9clare : \"Dans l'ensemble, la situation de l'industrie tech suisse est meilleure que ce que l'on craignait. Apr\u00e8s le troisi\u00e8me trimestre 2022, nous nous attendions \u00e0 un ralentissement. Celui-ci n'a pas encore eu lieu jusqu'\u00e0 pr\u00e9sent\". Brupbacher attribue \u00e9galement les bons chiffres d'affaires au fait que les entreprises ont pu traiter et livrer leur important carnet de commandes. Cela a \u00e9t\u00e9 possible parce que, \u00e0 l'exception de certains composants cl\u00e9s et \u00e9lectroniques, les probl\u00e8mes de la cha\u00eene d'approvisionnement se sont sensiblement att\u00e9nu\u00e9s. \"Je suis prudemment optimiste pour l'exercice en cours\", ajoute Brupbacher. Cela co\u00efncide avec les <a href=\"https:\/\/www.organisator.ch\/de\/management\/2023-02-28\/kmu-der-mem-branche-sind-vorsichtig-optimistisch\/\">Appr\u00e9ciations des femmes entrepreneurs et des entreprises<\/a> de l'affiliation \u00e0 Swissmem. Selon la derni\u00e8re enqu\u00eate, un tiers s'attend \u00e0 une augmentation des entr\u00e9es de commandes de l'\u00e9tranger au cours des douze prochains mois. Des impulsions de croissance sont attendues avant tout des Etats-Unis et des march\u00e9s extra-europ\u00e9ens. 39 pour cent des personnes interrog\u00e9es s'attendent \u00e0 ce que les commandes restent inchang\u00e9es. Ils sont 28 % \u00e0 s'attendre \u00e0 une baisse des commandes. Toutefois, des risques et des incertitudes consid\u00e9rables subsistent. \"Pour continuer \u00e0 r\u00e9duire l'inflation, les banques nationales devraient proc\u00e9der \u00e0 de nouvelles baisses des taux d'int\u00e9r\u00eat. Cela va refroidir la conjoncture et donc la demande de nos produits. De plus, il existe toujours un risque de p\u00e9nurie d'\u00e9nergie l'hiver prochain\", explique Stefan Brupbacher. Les plus grands risques pour l'\u00e9conomie mondiale r\u00e9sident toutefois dans une nouvelle escalade de la guerre en Ukraine ainsi que dans une aggravation des tensions entre la Chine et les \u00c9tats-Unis.<\/p>\n<h3><strong>Les d\u00e9fis de la p\u00e9nurie de main-d'\u0153uvre qualifi\u00e9e et de l'acc\u00e8s au march\u00e9 mondial\u00a0<\/strong><\/h3>\n<p>En Suisse, le manque de personnel qualifi\u00e9 repr\u00e9sente le plus grand risque pour l'industrie tech. Une grande partie des entreprises membres de Swissmem se plaignent de difficult\u00e9s \u00e0 trouver des sp\u00e9cialistes appropri\u00e9s. Pour y rem\u00e9dier, Swissmem investit des moyens importants dans la r\u00e9forme des professions industrielles, dans le marketing professionnel ainsi que dans la promotion MINT. Mais Swissmem consid\u00e8re \u00e9galement que le secteur public a un devoir \u00e0 remplir. Celui-ci a cr\u00e9\u00e9 massivement de nouveaux postes au cours des derni\u00e8res ann\u00e9es. L'administration ne doit plus \u00eatre gonfl\u00e9e, car ce sont les entreprises qui alimentent l'Etat et non l'inverse.<\/p>\n<p>L'industrie tech suisse exporte pr\u00e8s de 80% de ses produits. L'acc\u00e8s sans obstacles aux d\u00e9bouch\u00e9s mondiaux devient toutefois de plus en plus un d\u00e9fi. Dans le contexte international, le protectionnisme et les offensives de subventions qui faussent la concurrence gagnent du terrain. Le \"Inflation Reduction Act\" aux Etats-Unis, le \"Green Deal\" dans l'UE ou la \"Dual Circulation Strategy\" de la Chine en sont des exemples. Martin Hirzel, pr\u00e9sident de Swissmem, est inquiet : \"Ce nouveau protectionnisme repr\u00e9sente une menace s\u00e9rieuse pour l'industrie tech. Nos entreprises subissent des d\u00e9savantages concurrentiels consid\u00e9rables par rapport aux concurrents \u00e9trangers subventionn\u00e9s et prot\u00e9g\u00e9s par des droits de douane\". Pour y rem\u00e9dier, la Suisse doit faciliter l'acc\u00e8s au march\u00e9 pour les entreprises dans le monde entier. Ainsi, l'accord de libre-\u00e9change avec le Mercosur doit enfin \u00eatre finalis\u00e9 et ratifi\u00e9, et les n\u00e9gociations avec l'Inde doivent \u00eatre men\u00e9es \u00e0 bien. Il existe certes d\u00e9j\u00e0 un accord de libre-\u00e9change avec la Chine. La plupart des machines de haute technologie sont toutefois exclues de l'exemption de droits de douane. Des discussions doivent \u00eatre entam\u00e9es \u00e0 ce sujet en vue d'un \u00e9largissement de l'accord. \"Mais la t\u00e2che la plus urgente est d'\u00e9tablir la relation bilat\u00e9rale avec l'UE - de loin notre principal partenaire commercial - sur de nouvelles bases. Dans un monde de plus en plus tripolaire, c'est une n\u00e9cessit\u00e9 de bon sens\", souligne Hirzel. La Suisse peut ainsi s'assurer l'acc\u00e8s au march\u00e9 int\u00e9rieur europ\u00e9en, cr\u00e9er les conditions n\u00e9cessaires pour participer pleinement \u00e0 la coop\u00e9ration europ\u00e9enne en mati\u00e8re de recherche et, gr\u00e2ce \u00e0 un accord sur l'\u00e9lectricit\u00e9, r\u00e9duire le risque accru de p\u00e9nurie d'\u00e9lectricit\u00e9 \u00e0 partir de 2025. En outre, il serait garanti que les entreprises puissent recruter dans l'UE la main-d'\u0153uvre qualifi\u00e9e qui leur fait d\u00e9faut sans trop de tracasseries administratives. \"Il est grand temps d'aller de l'avant dans le dossier europ\u00e9en. L'objectif doit \u00eatre de conclure les n\u00e9gociations d'ici le printemps 2024\", souligne Hirzel.<\/p>\n<p><em>Source : <a href=\"http:\/\/www.swissmem.ch\">Swissmem<\/a><\/em><\/p>","protected":false},"excerpt":{"rendered":"<p>Die Ums\u00e4tze in der Schweizer Tech-Industrie stiegen 2022 im Vergleich zum Vorjahr um +9,4 Prozent. Dies teilt der Branchenverband Swissmem mit. Im vierten Quartal 2022 betrug demnach der Zuwachs gegen\u00fcber Vorjahresquartal +8,8 Prozent. Die Branche verzeichnete damit das siebte aufeinanderfolgende Quartal mit jeweils h\u00f6heren Ums\u00e4tzen. Sowohl KMU und Grossbetriebe h\u00e4tten von diesem Aufschwung profitiert, so [&hellip;]<\/p>\n","protected":false},"author":4,"featured_media":19132,"comment_status":"closed","ping_status":"closed","sticky":false,"template":"","format":"standard","meta":{"_acf_changed":false,"_yoast_wpseo_focuskw":"Tech-Industrie","_yoast_wpseo_metadesc":"Der Gesch\u00e4ftsgang in der Schweizer Tech-Industrie hat sich gem\u00e4ss den Zahlen von Swissmem im Jahr 2022 positiv entwickelt.","articlekey":"","footnotes":""},"categories":[1],"tags":[310,2712,2269,503],"class_list":["post-19131","post","type-post","status-publish","format-standard","has-post-thumbnail","hentry","category-allgemein","tag-konjunktur","tag-mem-branche","tag-swissmem","tag-verbaende"],"acf":[],"yoast_head":"<!-- This site is optimized with the Yoast SEO plugin v27.5 - https:\/\/yoast.com\/product\/yoast-seo-wordpress\/ -->\n<title>Schweizer Tech-Industrie schaut auf positives Jahr 2022 zur\u00fcck - Organisator<\/title>\n<meta name=\"description\" content=\"Der Gesch\u00e4ftsgang in der Schweizer Tech-Industrie hat sich gem\u00e4ss den Zahlen von Swissmem im Jahr 2022 positiv entwickelt.\" \/>\n<meta name=\"robots\" content=\"index, follow, max-snippet:-1, max-image-preview:large, max-video-preview:-1\" \/>\n<link rel=\"canonical\" href=\"https:\/\/www.organisator.ch\/fr\/general\/2023-03-01\/schweizer-tech-industrie-schaut-auf-positives-jahr-2022-zurueck\/\" \/>\n<meta property=\"og:locale\" content=\"fr_FR\" \/>\n<meta property=\"og:type\" content=\"article\" \/>\n<meta property=\"og:title\" content=\"Schweizer Tech-Industrie schaut auf positives Jahr 2022 zur\u00fcck\" \/>\n<meta property=\"og:description\" content=\"Der Gesch\u00e4ftsgang in der Schweizer Tech-Industrie hat sich gem\u00e4ss den Zahlen von Swissmem im Jahr 2022 positiv entwickelt.\" \/>\n<meta property=\"og:url\" content=\"https:\/\/www.organisator.ch\/fr\/general\/2023-03-01\/schweizer-tech-industrie-schaut-auf-positives-jahr-2022-zurueck\/\" \/>\n<meta property=\"og:site_name\" content=\"Organisator\" \/>\n<meta property=\"article:publisher\" content=\"https:\/\/www.facebook.com\/OrganisatorFachmagazin\" \/>\n<meta property=\"article:published_time\" content=\"2023-03-01T09:46:23+00:00\" \/>\n<meta property=\"og:image\" content=\"https:\/\/www.organisator.ch\/wp-content\/uploads\/2023\/03\/Schweizer-Tech-Industrie-schaut-auf-positives-Jahr-2022-zurueck_Organisator.jpg\" \/>\n\t<meta property=\"og:image:width\" content=\"680\" \/>\n\t<meta property=\"og:image:height\" content=\"475\" \/>\n\t<meta property=\"og:image:type\" content=\"image\/jpeg\" \/>\n<meta name=\"author\" content=\"thomas.berner\" \/>\n<meta name=\"twitter:card\" content=\"summary_large_image\" \/>\n<meta name=\"twitter:title\" content=\"Schweizer #Tech-Industrie schaut auf positives Jahr 2022 zur\u00fcck\" \/>\n<meta name=\"twitter:description\" content=\"Der #Gesch\u00e4ftsgang in der Schweizer #Tech-Industrie hat sich gem\u00e4ss den Zahlen von #Swissmem im Jahr 2022 positiv entwickelt.\" \/>\n<meta name=\"twitter:image\" content=\"https:\/\/www.organisator.ch\/wp-content\/uploads\/2023\/03\/Schweizer-Tech-Industrie-schaut-auf-positives-Jahr-2022-zurueck_Organisator.jpg\" \/>\n<script type=\"application\/ld+json\" class=\"yoast-schema-graph\">{\"@context\":\"https:\\\/\\\/schema.org\",\"@graph\":[{\"@type\":\"Article\",\"@id\":\"https:\\\/\\\/www.organisator.ch\\\/allgemein\\\/2023-03-01\\\/schweizer-tech-industrie-schaut-auf-positives-jahr-2022-zurueck\\\/#article\",\"isPartOf\":{\"@id\":\"https:\\\/\\\/www.organisator.ch\\\/allgemein\\\/2023-03-01\\\/schweizer-tech-industrie-schaut-auf-positives-jahr-2022-zurueck\\\/\"},\"author\":{\"name\":\"thomas.berner\",\"@id\":\"https:\\\/\\\/www.organisator.ch\\\/#\\\/schema\\\/person\\\/6f650f90b2842cd4c0cc334b4e36f67e\"},\"headline\":\"Schweizer Tech-Industrie schaut auf positives Jahr 2022 zur\u00fcck\",\"datePublished\":\"2023-03-01T09:46:23+00:00\",\"mainEntityOfPage\":{\"@id\":\"https:\\\/\\\/www.organisator.ch\\\/allgemein\\\/2023-03-01\\\/schweizer-tech-industrie-schaut-auf-positives-jahr-2022-zurueck\\\/\"},\"wordCount\":983,\"publisher\":{\"@id\":\"https:\\\/\\\/www.organisator.ch\\\/#organization\"},\"image\":{\"@id\":\"https:\\\/\\\/www.organisator.ch\\\/allgemein\\\/2023-03-01\\\/schweizer-tech-industrie-schaut-auf-positives-jahr-2022-zurueck\\\/#primaryimage\"},\"thumbnailUrl\":\"https:\\\/\\\/www.organisator.ch\\\/wp-content\\\/uploads\\\/2023\\\/03\\\/Schweizer-Tech-Industrie-schaut-auf-positives-Jahr-2022-zurueck_Organisator.jpg\",\"keywords\":[\"Konjunktur\",\"MEM-Branche\",\"Swissmem\",\"Verb\u00e4nde\"],\"articleSection\":[\"Allgemein\"],\"inLanguage\":\"fr-FR\"},{\"@type\":\"WebPage\",\"@id\":\"https:\\\/\\\/www.organisator.ch\\\/allgemein\\\/2023-03-01\\\/schweizer-tech-industrie-schaut-auf-positives-jahr-2022-zurueck\\\/\",\"url\":\"https:\\\/\\\/www.organisator.ch\\\/allgemein\\\/2023-03-01\\\/schweizer-tech-industrie-schaut-auf-positives-jahr-2022-zurueck\\\/\",\"name\":\"Schweizer Tech-Industrie schaut auf positives Jahr 2022 zur\u00fcck - Organisator\",\"isPartOf\":{\"@id\":\"https:\\\/\\\/www.organisator.ch\\\/#website\"},\"primaryImageOfPage\":{\"@id\":\"https:\\\/\\\/www.organisator.ch\\\/allgemein\\\/2023-03-01\\\/schweizer-tech-industrie-schaut-auf-positives-jahr-2022-zurueck\\\/#primaryimage\"},\"image\":{\"@id\":\"https:\\\/\\\/www.organisator.ch\\\/allgemein\\\/2023-03-01\\\/schweizer-tech-industrie-schaut-auf-positives-jahr-2022-zurueck\\\/#primaryimage\"},\"thumbnailUrl\":\"https:\\\/\\\/www.organisator.ch\\\/wp-content\\\/uploads\\\/2023\\\/03\\\/Schweizer-Tech-Industrie-schaut-auf-positives-Jahr-2022-zurueck_Organisator.jpg\",\"datePublished\":\"2023-03-01T09:46:23+00:00\",\"description\":\"Der Gesch\u00e4ftsgang in der Schweizer Tech-Industrie hat sich gem\u00e4ss den Zahlen von Swissmem im Jahr 2022 positiv entwickelt.\",\"breadcrumb\":{\"@id\":\"https:\\\/\\\/www.organisator.ch\\\/allgemein\\\/2023-03-01\\\/schweizer-tech-industrie-schaut-auf-positives-jahr-2022-zurueck\\\/#breadcrumb\"},\"inLanguage\":\"fr-FR\",\"potentialAction\":[{\"@type\":\"ReadAction\",\"target\":[\"https:\\\/\\\/www.organisator.ch\\\/allgemein\\\/2023-03-01\\\/schweizer-tech-industrie-schaut-auf-positives-jahr-2022-zurueck\\\/\"]}]},{\"@type\":\"ImageObject\",\"inLanguage\":\"fr-FR\",\"@id\":\"https:\\\/\\\/www.organisator.ch\\\/allgemein\\\/2023-03-01\\\/schweizer-tech-industrie-schaut-auf-positives-jahr-2022-zurueck\\\/#primaryimage\",\"url\":\"https:\\\/\\\/www.organisator.ch\\\/wp-content\\\/uploads\\\/2023\\\/03\\\/Schweizer-Tech-Industrie-schaut-auf-positives-Jahr-2022-zurueck_Organisator.jpg\",\"contentUrl\":\"https:\\\/\\\/www.organisator.ch\\\/wp-content\\\/uploads\\\/2023\\\/03\\\/Schweizer-Tech-Industrie-schaut-auf-positives-Jahr-2022-zurueck_Organisator.jpg\",\"width\":680,\"height\":475,\"caption\":\"Im Jahr 2022 ging es mit der Schweizer Tech-Industrie weiter aufw\u00e4rts. Die Herausforderungen f\u00fcr die Industrie liegen vor allem im Fachkr\u00e4ftemangel und beim Zugang zu den Weltm\u00e4rkten. (Bild: Pixabay.com)\"},{\"@type\":\"BreadcrumbList\",\"@id\":\"https:\\\/\\\/www.organisator.ch\\\/allgemein\\\/2023-03-01\\\/schweizer-tech-industrie-schaut-auf-positives-jahr-2022-zurueck\\\/#breadcrumb\",\"itemListElement\":[{\"@type\":\"ListItem\",\"position\":1,\"name\":\"Home\",\"item\":\"https:\\\/\\\/www.organisator.ch\\\/\"},{\"@type\":\"ListItem\",\"position\":2,\"name\":\"Schweizer Tech-Industrie schaut auf positives Jahr 2022 zur\u00fcck\"}]},{\"@type\":\"WebSite\",\"@id\":\"https:\\\/\\\/www.organisator.ch\\\/#website\",\"url\":\"https:\\\/\\\/www.organisator.ch\\\/\",\"name\":\"Organisator\",\"description\":\"Kompetent. Praxisnah. Der ORGANISATOR bereitet in 10 Ausgaben pro Jahr die wesentlichen Themen f\u00fcr F\u00fchrungskr\u00e4fte von KMU auf.\",\"publisher\":{\"@id\":\"https:\\\/\\\/www.organisator.ch\\\/#organization\"},\"potentialAction\":[{\"@type\":\"SearchAction\",\"target\":{\"@type\":\"EntryPoint\",\"urlTemplate\":\"https:\\\/\\\/www.organisator.ch\\\/?s={search_term_string}\"},\"query-input\":{\"@type\":\"PropertyValueSpecification\",\"valueRequired\":true,\"valueName\":\"search_term_string\"}}],\"inLanguage\":\"fr-FR\"},{\"@type\":\"Organization\",\"@id\":\"https:\\\/\\\/www.organisator.ch\\\/#organization\",\"name\":\"Organisator\",\"url\":\"https:\\\/\\\/www.organisator.ch\\\/\",\"logo\":{\"@type\":\"ImageObject\",\"inLanguage\":\"fr-FR\",\"@id\":\"https:\\\/\\\/www.organisator.ch\\\/#\\\/schema\\\/logo\\\/image\\\/\",\"url\":\"https:\\\/\\\/www.organisator.ch\\\/wp-content\\\/uploads\\\/2022\\\/01\\\/Logo_Organisator_Website.png\",\"contentUrl\":\"https:\\\/\\\/www.organisator.ch\\\/wp-content\\\/uploads\\\/2022\\\/01\\\/Logo_Organisator_Website.png\",\"width\":800,\"height\":77,\"caption\":\"Organisator\"},\"image\":{\"@id\":\"https:\\\/\\\/www.organisator.ch\\\/#\\\/schema\\\/logo\\\/image\\\/\"},\"sameAs\":[\"https:\\\/\\\/www.facebook.com\\\/OrganisatorFachmagazin\",\"https:\\\/\\\/www.linkedin.com\\\/showcase\\\/organisator-das-magazin-fr-kmu\",\"https:\\\/\\\/www.xing.com\\\/news\\\/pages\\\/organisator-ch-695\",\"https:\\\/\\\/www.youtube.com\\\/channel\\\/UCGP2Sq0iWaZwT3BdIAQFYpw\"]},{\"@type\":\"Person\",\"@id\":\"https:\\\/\\\/www.organisator.ch\\\/#\\\/schema\\\/person\\\/6f650f90b2842cd4c0cc334b4e36f67e\",\"name\":\"thomas.berner\",\"image\":{\"@type\":\"ImageObject\",\"inLanguage\":\"fr-FR\",\"@id\":\"https:\\\/\\\/secure.gravatar.com\\\/avatar\\\/ac5001d2a36cb6c6cd3e50789007ffca834b477b74a2144564522e944eabff61?s=96&d=mm&r=g\",\"url\":\"https:\\\/\\\/secure.gravatar.com\\\/avatar\\\/ac5001d2a36cb6c6cd3e50789007ffca834b477b74a2144564522e944eabff61?s=96&d=mm&r=g\",\"contentUrl\":\"https:\\\/\\\/secure.gravatar.com\\\/avatar\\\/ac5001d2a36cb6c6cd3e50789007ffca834b477b74a2144564522e944eabff61?s=96&d=mm&r=g\",\"caption\":\"thomas.berner\"},\"url\":\"https:\\\/\\\/www.organisator.ch\\\/fr\\\/author\\\/thomas-berner\\\/\"}]}<\/script>\n<!-- \/ Yoast SEO plugin. -->","yoast_head_json":{"title":"L'industrie tech suisse se penche sur une ann\u00e9e 2022 positive - Organisateur","description":"Selon les chiffres de Swissmem, la marche des affaires dans l'industrie tech suisse a \u00e9volu\u00e9 positivement en 2022.","robots":{"index":"index","follow":"follow","max-snippet":"max-snippet:-1","max-image-preview":"max-image-preview:large","max-video-preview":"max-video-preview:-1"},"canonical":"https:\/\/www.organisator.ch\/fr\/general\/2023-03-01\/schweizer-tech-industrie-schaut-auf-positives-jahr-2022-zurueck\/","og_locale":"fr_FR","og_type":"article","og_title":"Schweizer Tech-Industrie schaut auf positives Jahr 2022 zur\u00fcck","og_description":"Der Gesch\u00e4ftsgang in der Schweizer Tech-Industrie hat sich gem\u00e4ss den Zahlen von Swissmem im Jahr 2022 positiv entwickelt.","og_url":"https:\/\/www.organisator.ch\/fr\/general\/2023-03-01\/schweizer-tech-industrie-schaut-auf-positives-jahr-2022-zurueck\/","og_site_name":"Organisator","article_publisher":"https:\/\/www.facebook.com\/OrganisatorFachmagazin","article_published_time":"2023-03-01T09:46:23+00:00","og_image":[{"width":680,"height":475,"url":"https:\/\/www.organisator.ch\/wp-content\/uploads\/2023\/03\/Schweizer-Tech-Industrie-schaut-auf-positives-Jahr-2022-zurueck_Organisator.jpg","type":"image\/jpeg"}],"author":"thomas.berner","twitter_card":"summary_large_image","twitter_title":"Schweizer #Tech-Industrie schaut auf positives Jahr 2022 zur\u00fcck","twitter_description":"Der #Gesch\u00e4ftsgang in der Schweizer #Tech-Industrie hat sich gem\u00e4ss den Zahlen von #Swissmem im Jahr 2022 positiv entwickelt.","twitter_image":"https:\/\/www.organisator.ch\/wp-content\/uploads\/2023\/03\/Schweizer-Tech-Industrie-schaut-auf-positives-Jahr-2022-zurueck_Organisator.jpg","schema":{"@context":"https:\/\/schema.org","@graph":[{"@type":"Article","@id":"https:\/\/www.organisator.ch\/allgemein\/2023-03-01\/schweizer-tech-industrie-schaut-auf-positives-jahr-2022-zurueck\/#article","isPartOf":{"@id":"https:\/\/www.organisator.ch\/allgemein\/2023-03-01\/schweizer-tech-industrie-schaut-auf-positives-jahr-2022-zurueck\/"},"author":{"name":"thomas.berner","@id":"https:\/\/www.organisator.ch\/#\/schema\/person\/6f650f90b2842cd4c0cc334b4e36f67e"},"headline":"Schweizer Tech-Industrie schaut auf positives Jahr 2022 zur\u00fcck","datePublished":"2023-03-01T09:46:23+00:00","mainEntityOfPage":{"@id":"https:\/\/www.organisator.ch\/allgemein\/2023-03-01\/schweizer-tech-industrie-schaut-auf-positives-jahr-2022-zurueck\/"},"wordCount":983,"publisher":{"@id":"https:\/\/www.organisator.ch\/#organization"},"image":{"@id":"https:\/\/www.organisator.ch\/allgemein\/2023-03-01\/schweizer-tech-industrie-schaut-auf-positives-jahr-2022-zurueck\/#primaryimage"},"thumbnailUrl":"https:\/\/www.organisator.ch\/wp-content\/uploads\/2023\/03\/Schweizer-Tech-Industrie-schaut-auf-positives-Jahr-2022-zurueck_Organisator.jpg","keywords":["Konjunktur","MEM-Branche","Swissmem","Verb\u00e4nde"],"articleSection":["Allgemein"],"inLanguage":"fr-FR"},{"@type":"WebPage","@id":"https:\/\/www.organisator.ch\/allgemein\/2023-03-01\/schweizer-tech-industrie-schaut-auf-positives-jahr-2022-zurueck\/","url":"https:\/\/www.organisator.ch\/allgemein\/2023-03-01\/schweizer-tech-industrie-schaut-auf-positives-jahr-2022-zurueck\/","name":"L'industrie tech suisse se penche sur une ann\u00e9e 2022 positive - Organisateur","isPartOf":{"@id":"https:\/\/www.organisator.ch\/#website"},"primaryImageOfPage":{"@id":"https:\/\/www.organisator.ch\/allgemein\/2023-03-01\/schweizer-tech-industrie-schaut-auf-positives-jahr-2022-zurueck\/#primaryimage"},"image":{"@id":"https:\/\/www.organisator.ch\/allgemein\/2023-03-01\/schweizer-tech-industrie-schaut-auf-positives-jahr-2022-zurueck\/#primaryimage"},"thumbnailUrl":"https:\/\/www.organisator.ch\/wp-content\/uploads\/2023\/03\/Schweizer-Tech-Industrie-schaut-auf-positives-Jahr-2022-zurueck_Organisator.jpg","datePublished":"2023-03-01T09:46:23+00:00","description":"Selon les chiffres de Swissmem, la marche des affaires dans l'industrie tech suisse a \u00e9volu\u00e9 positivement en 2022.","breadcrumb":{"@id":"https:\/\/www.organisator.ch\/allgemein\/2023-03-01\/schweizer-tech-industrie-schaut-auf-positives-jahr-2022-zurueck\/#breadcrumb"},"inLanguage":"fr-FR","potentialAction":[{"@type":"ReadAction","target":["https:\/\/www.organisator.ch\/allgemein\/2023-03-01\/schweizer-tech-industrie-schaut-auf-positives-jahr-2022-zurueck\/"]}]},{"@type":"ImageObject","inLanguage":"fr-FR","@id":"https:\/\/www.organisator.ch\/allgemein\/2023-03-01\/schweizer-tech-industrie-schaut-auf-positives-jahr-2022-zurueck\/#primaryimage","url":"https:\/\/www.organisator.ch\/wp-content\/uploads\/2023\/03\/Schweizer-Tech-Industrie-schaut-auf-positives-Jahr-2022-zurueck_Organisator.jpg","contentUrl":"https:\/\/www.organisator.ch\/wp-content\/uploads\/2023\/03\/Schweizer-Tech-Industrie-schaut-auf-positives-Jahr-2022-zurueck_Organisator.jpg","width":680,"height":475,"caption":"Im Jahr 2022 ging es mit der Schweizer Tech-Industrie weiter aufw\u00e4rts. Die Herausforderungen f\u00fcr die Industrie liegen vor allem im Fachkr\u00e4ftemangel und beim Zugang zu den Weltm\u00e4rkten. (Bild: Pixabay.com)"},{"@type":"BreadcrumbList","@id":"https:\/\/www.organisator.ch\/allgemein\/2023-03-01\/schweizer-tech-industrie-schaut-auf-positives-jahr-2022-zurueck\/#breadcrumb","itemListElement":[{"@type":"ListItem","position":1,"name":"Home","item":"https:\/\/www.organisator.ch\/"},{"@type":"ListItem","position":2,"name":"Schweizer Tech-Industrie schaut auf positives Jahr 2022 zur\u00fcck"}]},{"@type":"WebSite","@id":"https:\/\/www.organisator.ch\/#website","url":"https:\/\/www.organisator.ch\/","name":"Organisateur","description":"Comp\u00e9tence et comp\u00e9tence. Proches de la pratique. L'ORGANISATEUR pr\u00e9pare 10 num\u00e9ros par an sur les th\u00e8mes essentiels pour les dirigeants de PME.","publisher":{"@id":"https:\/\/www.organisator.ch\/#organization"},"potentialAction":[{"@type":"SearchAction","target":{"@type":"EntryPoint","urlTemplate":"https:\/\/www.organisator.ch\/?s={search_term_string}"},"query-input":{"@type":"PropertyValueSpecification","valueRequired":true,"valueName":"search_term_string"}}],"inLanguage":"fr-FR"},{"@type":"Organization","@id":"https:\/\/www.organisator.ch\/#organization","name":"Organisateur","url":"https:\/\/www.organisator.ch\/","logo":{"@type":"ImageObject","inLanguage":"fr-FR","@id":"https:\/\/www.organisator.ch\/#\/schema\/logo\/image\/","url":"https:\/\/www.organisator.ch\/wp-content\/uploads\/2022\/01\/Logo_Organisator_Website.png","contentUrl":"https:\/\/www.organisator.ch\/wp-content\/uploads\/2022\/01\/Logo_Organisator_Website.png","width":800,"height":77,"caption":"Organisator"},"image":{"@id":"https:\/\/www.organisator.ch\/#\/schema\/logo\/image\/"},"sameAs":["https:\/\/www.facebook.com\/OrganisatorFachmagazin","https:\/\/www.linkedin.com\/showcase\/organisator-das-magazin-fr-kmu","https:\/\/www.xing.com\/news\/pages\/organisator-ch-695","https:\/\/www.youtube.com\/channel\/UCGP2Sq0iWaZwT3BdIAQFYpw"]},{"@type":"Person","@id":"https:\/\/www.organisator.ch\/#\/schema\/person\/6f650f90b2842cd4c0cc334b4e36f67e","name":"thomas.berner","image":{"@type":"ImageObject","inLanguage":"fr-FR","@id":"https:\/\/secure.gravatar.com\/avatar\/ac5001d2a36cb6c6cd3e50789007ffca834b477b74a2144564522e944eabff61?s=96&d=mm&r=g","url":"https:\/\/secure.gravatar.com\/avatar\/ac5001d2a36cb6c6cd3e50789007ffca834b477b74a2144564522e944eabff61?s=96&d=mm&r=g","contentUrl":"https:\/\/secure.gravatar.com\/avatar\/ac5001d2a36cb6c6cd3e50789007ffca834b477b74a2144564522e944eabff61?s=96&d=mm&r=g","caption":"thomas.berner"},"url":"https:\/\/www.organisator.ch\/fr\/author\/thomas-berner\/"}]}},"_links":{"self":[{"href":"https:\/\/www.organisator.ch\/fr\/wp-json\/wp\/v2\/posts\/19131","targetHints":{"allow":["GET"]}}],"collection":[{"href":"https:\/\/www.organisator.ch\/fr\/wp-json\/wp\/v2\/posts"}],"about":[{"href":"https:\/\/www.organisator.ch\/fr\/wp-json\/wp\/v2\/types\/post"}],"author":[{"embeddable":true,"href":"https:\/\/www.organisator.ch\/fr\/wp-json\/wp\/v2\/users\/4"}],"replies":[{"embeddable":true,"href":"https:\/\/www.organisator.ch\/fr\/wp-json\/wp\/v2\/comments?post=19131"}],"version-history":[{"count":1,"href":"https:\/\/www.organisator.ch\/fr\/wp-json\/wp\/v2\/posts\/19131\/revisions"}],"predecessor-version":[{"id":19133,"href":"https:\/\/www.organisator.ch\/fr\/wp-json\/wp\/v2\/posts\/19131\/revisions\/19133"}],"wp:featuredmedia":[{"embeddable":true,"href":"https:\/\/www.organisator.ch\/fr\/wp-json\/wp\/v2\/media\/19132"}],"wp:attachment":[{"href":"https:\/\/www.organisator.ch\/fr\/wp-json\/wp\/v2\/media?parent=19131"}],"wp:term":[{"taxonomy":"category","embeddable":true,"href":"https:\/\/www.organisator.ch\/fr\/wp-json\/wp\/v2\/categories?post=19131"},{"taxonomy":"post_tag","embeddable":true,"href":"https:\/\/www.organisator.ch\/fr\/wp-json\/wp\/v2\/tags?post=19131"}],"curies":[{"name":"wp","href":"https:\/\/api.w.org\/{rel}","templated":true}]}}