{"id":19137,"date":"2023-03-01T13:30:11","date_gmt":"2023-03-01T12:30:11","guid":{"rendered":"https:\/\/www.organisator.ch\/?p=19137"},"modified":"2023-03-01T13:30:11","modified_gmt":"2023-03-01T12:30:11","slug":"swissmem-beruft-zwei-neue-geschaeftsleitungsmitglieder","status":"publish","type":"post","link":"https:\/\/www.organisator.ch\/fr\/management\/2023-03-01\/swissmem-beruft-zwei-neue-geschaeftsleitungsmitglieder\/","title":{"rendered":"Swissmem nomme deux nouveaux membres de la direction"},"content":{"rendered":"<figure id=\"attachment_19138\" aria-describedby=\"caption-attachment-19138\" style=\"width: 680px\" class=\"wp-caption alignnone\"><img loading=\"lazy\" decoding=\"async\" class=\"size-full wp-image-19138\" src=\"https:\/\/www.organisator.ch\/wp-content\/uploads\/2023\/03\/Swissmem-beruft-zwei-neue-Geschaeftsleitungsmitglieder_Organisator.jpg\" alt=\"\" width=\"680\" height=\"330\" srcset=\"https:\/\/www.organisator.ch\/wp-content\/uploads\/2023\/03\/Swissmem-beruft-zwei-neue-Geschaeftsleitungsmitglieder_Organisator.jpg 680w, https:\/\/www.organisator.ch\/wp-content\/uploads\/2023\/03\/Swissmem-beruft-zwei-neue-Geschaeftsleitungsmitglieder_Organisator-18x9.jpg 18w, https:\/\/www.organisator.ch\/wp-content\/uploads\/2023\/03\/Swissmem-beruft-zwei-neue-Geschaeftsleitungsmitglieder_Organisator-375x182.jpg 375w\" sizes=\"auto, (max-width: 680px) 100vw, 680px\" \/><figcaption id=\"caption-attachment-19138\" class=\"wp-caption-text\">Nouveaux membres de la direction de Swissmem : Adam Gontarz (\u00e0 gauche) et No\u00e9 Blancpain. (Image : Swissmem)<\/figcaption><\/figure>\n<p>Chez Swissmem, Adam Gontarz est actuellement responsable de la gestion strat\u00e9gique et op\u00e9rationnelle des secteurs industriels \"Fabrication additive\" et \"Automotive\". Parall\u00e8lement, il est professeur invit\u00e9 en communication industrielle, num\u00e9risation et gestion de l'innovation \u00e0 la Haute \u00e9cole OST et \u00e0 la HSLU. Adam Gontarz est en outre fondateur et CEO de la spin-off de l'ETH SIGMAtools GmbH, qui propose des solutions innovantes dans le domaine de l'acquisition et de l'analyse de donn\u00e9es ainsi que de l'optimisation des ressources de syst\u00e8mes m\u00e9catroniques complexes, de machines et de b\u00e2timents. Avant 2014, il \u00e9tait collaborateur scientifique \u00e0 l'Institut des machines-outils et de la fabrication \u00e0 l'EPF de Zurich. Adam Gontarz apporte \u00e0 sa nouvelle fonction de responsable du secteur Num\u00e9risation &amp; Innovation de vastes connaissances sp\u00e9cialis\u00e9es et une exp\u00e9rience industrielle pratique. Il remplace Robert Rudolph, qui quittera Swissmem le 31 mars 2023 pour relever un nouveau d\u00e9fi professionnel.<\/p>\n<p>No\u00e9 Blancpain est actuellement partenaire ind\u00e9pendant de reflecta ag \u00e0 Berne. Il y g\u00e8re depuis 2019 des mandats de direction de projet et de gestion dans les domaines de la communication, de la politique et de la num\u00e9risation. De 2012 \u00e0 2018, il a travaill\u00e9 au D\u00e9partement f\u00e9d\u00e9ral de l'\u00e9conomie, de la formation et de la recherche en tant que collaborateur personnel du conseiller f\u00e9d\u00e9ral Johann Schneider-Ammann et, \u00e0 partir de 2014, en tant que chef de la communication. De 2009 \u00e0 2012, il a notamment \u00e9t\u00e9 chef de la communication pour le PLR.Les Lib\u00e9raux-Radicaux Suisse. Pendant ses \u00e9tudes, No\u00e9 Blancpain a exerc\u00e9 des activit\u00e9s journalistiques et cofond\u00e9 deux start-ups. No\u00e9 Blancpain est consid\u00e9r\u00e9 comme un leader dot\u00e9 d'une expertise politique et de communication av\u00e9r\u00e9e, qui conna\u00eet en outre la m\u00e9canique politique suisse ainsi que le paysage m\u00e9diatique gr\u00e2ce \u00e0 une longue exp\u00e9rience. Il dispose donc d'un solide r\u00e9seau de contacts dans les milieux politiques, m\u00e9diatiques, \u00e9conomiques, scientifiques et associatifs.<\/p>\n<p>L'actuel titulaire du poste, Ivo Zimmermann, se retire de la direction de l'entreprise \u00e0 sa demande, apr\u00e8s 13 ans de service, et quitte en m\u00eame temps la direction du secteur. Swissmem se r\u00e9jouit qu'il poursuive son engagement pour l'association en tant qu'expert en communication.<\/p>\n<p><em>Source : <a href=\"http:\/\/www.swissmem.ch\">Swissmem<\/a><\/em><\/p>","protected":false},"excerpt":{"rendered":"<p>Adam Gontarz ist bei Swissmem zurzeit verantwortlich f\u00fcr die strategische und operative F\u00fchrung der Industriesektoren \u00abAdditive Fertigung\u00bb und \u00abAutomotive\u00bb. Gleichzeitig ist er als Gastdozent f\u00fcr industrielle Kommunikation, Digitalisierung und Innovationsmanagement an der Hochschule OST und der HSLU t\u00e4tig. Zudem ist Adam Gontarz Gr\u00fcnder und CEO des ETH Spin-off SIGMAtools GmbH, welches im Bereich der Datenakquise [&hellip;]<\/p>\n","protected":false},"author":4,"featured_media":19138,"comment_status":"closed","ping_status":"closed","sticky":false,"template":"","format":"standard","meta":{"_acf_changed":false,"_yoast_wpseo_focuskw":"Gesch\u00e4ftsleitungsmitglieder","_yoast_wpseo_metadesc":"Adam Gontarz und No\u00e9 Blancpain werden ab 1. April 2023 beziehungsweise ab 1. Januar 2024 neue Gesch\u00e4ftsleitungsmitglieder bei Swissmem.","articlekey":"","footnotes":""},"categories":[28],"tags":[335,381,503],"class_list":["post-19137","post","type-post","status-publish","format-standard","has-post-thumbnail","hentry","category-management","tag-management-und-unternehmensfuehrung","tag-personalia","tag-verbaende"],"acf":[],"yoast_head":"<!-- This site is optimized with the Yoast SEO plugin v27.5 - https:\/\/yoast.com\/product\/yoast-seo-wordpress\/ -->\n<title>Swissmem beruft zwei neue Gesch\u00e4ftsleitungsmitglieder - Organisator<\/title>\n<meta name=\"description\" content=\"Adam Gontarz und No\u00e9 Blancpain werden ab 1. April 2023 beziehungsweise ab 1. Januar 2024 neue Gesch\u00e4ftsleitungsmitglieder bei Swissmem.\" \/>\n<meta name=\"robots\" content=\"index, follow, max-snippet:-1, max-image-preview:large, max-video-preview:-1\" \/>\n<link rel=\"canonical\" href=\"https:\/\/www.organisator.ch\/fr\/gestion-2\/2023-03-01\/swissmem-beruft-zwei-neue-geschaeftsleitungsmitglieder\/\" \/>\n<meta property=\"og:locale\" content=\"fr_FR\" \/>\n<meta property=\"og:type\" content=\"article\" \/>\n<meta property=\"og:title\" content=\"Swissmem beruft zwei neue Gesch\u00e4ftsleitungsmitglieder\" \/>\n<meta property=\"og:description\" content=\"Adam Gontarz und No\u00e9 Blancpain werden ab 1. April 2023 beziehungsweise ab 1. Januar 2024 neue Gesch\u00e4ftsleitungsmitglieder bei Swissmem.\" \/>\n<meta property=\"og:url\" content=\"https:\/\/www.organisator.ch\/fr\/gestion-2\/2023-03-01\/swissmem-beruft-zwei-neue-geschaeftsleitungsmitglieder\/\" \/>\n<meta property=\"og:site_name\" content=\"Organisator\" \/>\n<meta property=\"article:publisher\" content=\"https:\/\/www.facebook.com\/OrganisatorFachmagazin\" \/>\n<meta property=\"article:published_time\" content=\"2023-03-01T12:30:11+00:00\" \/>\n<meta property=\"og:image\" content=\"https:\/\/www.organisator.ch\/wp-content\/uploads\/2023\/03\/Swissmem-beruft-zwei-neue-Geschaeftsleitungsmitglieder_Organisator.jpg\" \/>\n\t<meta property=\"og:image:width\" content=\"680\" \/>\n\t<meta property=\"og:image:height\" content=\"330\" \/>\n\t<meta property=\"og:image:type\" content=\"image\/jpeg\" \/>\n<meta name=\"author\" content=\"thomas.berner\" \/>\n<meta name=\"twitter:card\" content=\"summary_large_image\" \/>\n<meta name=\"twitter:title\" content=\"#Swissmem beruft zwei neue #Gesch\u00e4ftsleitungsmitglieder\" \/>\n<meta name=\"twitter:description\" content=\"Adam #Gontarz und No\u00e9 #Blancpain werden ab 1. April 2023 beziehungsweise ab 1. Januar 2024 neue Gesch\u00e4ftsleitungsmitglieder bei #Swissmem.\" \/>\n<meta name=\"twitter:image\" content=\"https:\/\/www.organisator.ch\/wp-content\/uploads\/2023\/03\/Swissmem-beruft-zwei-neue-Geschaeftsleitungsmitglieder_Organisator.jpg\" \/>\n<script type=\"application\/ld+json\" class=\"yoast-schema-graph\">{\"@context\":\"https:\\\/\\\/schema.org\",\"@graph\":[{\"@type\":\"Article\",\"@id\":\"https:\\\/\\\/www.organisator.ch\\\/management\\\/2023-03-01\\\/swissmem-beruft-zwei-neue-geschaeftsleitungsmitglieder\\\/#article\",\"isPartOf\":{\"@id\":\"https:\\\/\\\/www.organisator.ch\\\/management\\\/2023-03-01\\\/swissmem-beruft-zwei-neue-geschaeftsleitungsmitglieder\\\/\"},\"author\":{\"name\":\"thomas.berner\",\"@id\":\"https:\\\/\\\/www.organisator.ch\\\/#\\\/schema\\\/person\\\/6f650f90b2842cd4c0cc334b4e36f67e\"},\"headline\":\"Swissmem beruft zwei neue Gesch\u00e4ftsleitungsmitglieder\",\"datePublished\":\"2023-03-01T12:30:11+00:00\",\"mainEntityOfPage\":{\"@id\":\"https:\\\/\\\/www.organisator.ch\\\/management\\\/2023-03-01\\\/swissmem-beruft-zwei-neue-geschaeftsleitungsmitglieder\\\/\"},\"wordCount\":334,\"publisher\":{\"@id\":\"https:\\\/\\\/www.organisator.ch\\\/#organization\"},\"image\":{\"@id\":\"https:\\\/\\\/www.organisator.ch\\\/management\\\/2023-03-01\\\/swissmem-beruft-zwei-neue-geschaeftsleitungsmitglieder\\\/#primaryimage\"},\"thumbnailUrl\":\"https:\\\/\\\/www.organisator.ch\\\/wp-content\\\/uploads\\\/2023\\\/03\\\/Swissmem-beruft-zwei-neue-Geschaeftsleitungsmitglieder_Organisator.jpg\",\"keywords\":[\"Management und Unternehmensf\u00fchrung\",\"Personalia\",\"Verb\u00e4nde\"],\"articleSection\":[\"MANAGEMENT\"],\"inLanguage\":\"fr-FR\"},{\"@type\":\"WebPage\",\"@id\":\"https:\\\/\\\/www.organisator.ch\\\/management\\\/2023-03-01\\\/swissmem-beruft-zwei-neue-geschaeftsleitungsmitglieder\\\/\",\"url\":\"https:\\\/\\\/www.organisator.ch\\\/management\\\/2023-03-01\\\/swissmem-beruft-zwei-neue-geschaeftsleitungsmitglieder\\\/\",\"name\":\"Swissmem beruft zwei neue Gesch\u00e4ftsleitungsmitglieder - Organisator\",\"isPartOf\":{\"@id\":\"https:\\\/\\\/www.organisator.ch\\\/#website\"},\"primaryImageOfPage\":{\"@id\":\"https:\\\/\\\/www.organisator.ch\\\/management\\\/2023-03-01\\\/swissmem-beruft-zwei-neue-geschaeftsleitungsmitglieder\\\/#primaryimage\"},\"image\":{\"@id\":\"https:\\\/\\\/www.organisator.ch\\\/management\\\/2023-03-01\\\/swissmem-beruft-zwei-neue-geschaeftsleitungsmitglieder\\\/#primaryimage\"},\"thumbnailUrl\":\"https:\\\/\\\/www.organisator.ch\\\/wp-content\\\/uploads\\\/2023\\\/03\\\/Swissmem-beruft-zwei-neue-Geschaeftsleitungsmitglieder_Organisator.jpg\",\"datePublished\":\"2023-03-01T12:30:11+00:00\",\"description\":\"Adam Gontarz und No\u00e9 Blancpain werden ab 1. April 2023 beziehungsweise ab 1. Januar 2024 neue Gesch\u00e4ftsleitungsmitglieder bei Swissmem.\",\"breadcrumb\":{\"@id\":\"https:\\\/\\\/www.organisator.ch\\\/management\\\/2023-03-01\\\/swissmem-beruft-zwei-neue-geschaeftsleitungsmitglieder\\\/#breadcrumb\"},\"inLanguage\":\"fr-FR\",\"potentialAction\":[{\"@type\":\"ReadAction\",\"target\":[\"https:\\\/\\\/www.organisator.ch\\\/management\\\/2023-03-01\\\/swissmem-beruft-zwei-neue-geschaeftsleitungsmitglieder\\\/\"]}]},{\"@type\":\"ImageObject\",\"inLanguage\":\"fr-FR\",\"@id\":\"https:\\\/\\\/www.organisator.ch\\\/management\\\/2023-03-01\\\/swissmem-beruft-zwei-neue-geschaeftsleitungsmitglieder\\\/#primaryimage\",\"url\":\"https:\\\/\\\/www.organisator.ch\\\/wp-content\\\/uploads\\\/2023\\\/03\\\/Swissmem-beruft-zwei-neue-Geschaeftsleitungsmitglieder_Organisator.jpg\",\"contentUrl\":\"https:\\\/\\\/www.organisator.ch\\\/wp-content\\\/uploads\\\/2023\\\/03\\\/Swissmem-beruft-zwei-neue-Geschaeftsleitungsmitglieder_Organisator.jpg\",\"width\":680,\"height\":330,\"caption\":\"Neue Gesch\u00e4ftsleitungsmitglieder bei Swissmem: Adam Gontarz (links) und No\u00e9 Blancpain. (Bild: Swissmem)\"},{\"@type\":\"BreadcrumbList\",\"@id\":\"https:\\\/\\\/www.organisator.ch\\\/management\\\/2023-03-01\\\/swissmem-beruft-zwei-neue-geschaeftsleitungsmitglieder\\\/#breadcrumb\",\"itemListElement\":[{\"@type\":\"ListItem\",\"position\":1,\"name\":\"Home\",\"item\":\"https:\\\/\\\/www.organisator.ch\\\/\"},{\"@type\":\"ListItem\",\"position\":2,\"name\":\"Swissmem beruft zwei neue Gesch\u00e4ftsleitungsmitglieder\"}]},{\"@type\":\"WebSite\",\"@id\":\"https:\\\/\\\/www.organisator.ch\\\/#website\",\"url\":\"https:\\\/\\\/www.organisator.ch\\\/\",\"name\":\"Organisator\",\"description\":\"Kompetent. Praxisnah. Der ORGANISATOR bereitet in 10 Ausgaben pro Jahr die wesentlichen Themen f\u00fcr F\u00fchrungskr\u00e4fte von KMU auf.\",\"publisher\":{\"@id\":\"https:\\\/\\\/www.organisator.ch\\\/#organization\"},\"potentialAction\":[{\"@type\":\"SearchAction\",\"target\":{\"@type\":\"EntryPoint\",\"urlTemplate\":\"https:\\\/\\\/www.organisator.ch\\\/?s={search_term_string}\"},\"query-input\":{\"@type\":\"PropertyValueSpecification\",\"valueRequired\":true,\"valueName\":\"search_term_string\"}}],\"inLanguage\":\"fr-FR\"},{\"@type\":\"Organization\",\"@id\":\"https:\\\/\\\/www.organisator.ch\\\/#organization\",\"name\":\"Organisator\",\"url\":\"https:\\\/\\\/www.organisator.ch\\\/\",\"logo\":{\"@type\":\"ImageObject\",\"inLanguage\":\"fr-FR\",\"@id\":\"https:\\\/\\\/www.organisator.ch\\\/#\\\/schema\\\/logo\\\/image\\\/\",\"url\":\"https:\\\/\\\/www.organisator.ch\\\/wp-content\\\/uploads\\\/2022\\\/01\\\/Logo_Organisator_Website.png\",\"contentUrl\":\"https:\\\/\\\/www.organisator.ch\\\/wp-content\\\/uploads\\\/2022\\\/01\\\/Logo_Organisator_Website.png\",\"width\":800,\"height\":77,\"caption\":\"Organisator\"},\"image\":{\"@id\":\"https:\\\/\\\/www.organisator.ch\\\/#\\\/schema\\\/logo\\\/image\\\/\"},\"sameAs\":[\"https:\\\/\\\/www.facebook.com\\\/OrganisatorFachmagazin\",\"https:\\\/\\\/www.linkedin.com\\\/showcase\\\/organisator-das-magazin-fr-kmu\",\"https:\\\/\\\/www.xing.com\\\/news\\\/pages\\\/organisator-ch-695\",\"https:\\\/\\\/www.youtube.com\\\/channel\\\/UCGP2Sq0iWaZwT3BdIAQFYpw\"]},{\"@type\":\"Person\",\"@id\":\"https:\\\/\\\/www.organisator.ch\\\/#\\\/schema\\\/person\\\/6f650f90b2842cd4c0cc334b4e36f67e\",\"name\":\"thomas.berner\",\"image\":{\"@type\":\"ImageObject\",\"inLanguage\":\"fr-FR\",\"@id\":\"https:\\\/\\\/secure.gravatar.com\\\/avatar\\\/ac5001d2a36cb6c6cd3e50789007ffca834b477b74a2144564522e944eabff61?s=96&d=mm&r=g\",\"url\":\"https:\\\/\\\/secure.gravatar.com\\\/avatar\\\/ac5001d2a36cb6c6cd3e50789007ffca834b477b74a2144564522e944eabff61?s=96&d=mm&r=g\",\"contentUrl\":\"https:\\\/\\\/secure.gravatar.com\\\/avatar\\\/ac5001d2a36cb6c6cd3e50789007ffca834b477b74a2144564522e944eabff61?s=96&d=mm&r=g\",\"caption\":\"thomas.berner\"},\"url\":\"https:\\\/\\\/www.organisator.ch\\\/fr\\\/author\\\/thomas-berner\\\/\"}]}<\/script>\n<!-- \/ Yoast SEO plugin. -->","yoast_head_json":{"title":"Swissmem nomme deux nouveaux membres de la direction - Organisateur","description":"Adam Gontarz et No\u00e9 Blancpain seront respectivement les nouveaux membres de la direction de Swissmem \u00e0 partir du 1er avril 2023 et du 1er janvier 2024.","robots":{"index":"index","follow":"follow","max-snippet":"max-snippet:-1","max-image-preview":"max-image-preview:large","max-video-preview":"max-video-preview:-1"},"canonical":"https:\/\/www.organisator.ch\/fr\/gestion-2\/2023-03-01\/swissmem-beruft-zwei-neue-geschaeftsleitungsmitglieder\/","og_locale":"fr_FR","og_type":"article","og_title":"Swissmem beruft zwei neue Gesch\u00e4ftsleitungsmitglieder","og_description":"Adam Gontarz und No\u00e9 Blancpain werden ab 1. April 2023 beziehungsweise ab 1. Januar 2024 neue Gesch\u00e4ftsleitungsmitglieder bei Swissmem.","og_url":"https:\/\/www.organisator.ch\/fr\/gestion-2\/2023-03-01\/swissmem-beruft-zwei-neue-geschaeftsleitungsmitglieder\/","og_site_name":"Organisator","article_publisher":"https:\/\/www.facebook.com\/OrganisatorFachmagazin","article_published_time":"2023-03-01T12:30:11+00:00","og_image":[{"width":680,"height":330,"url":"https:\/\/www.organisator.ch\/wp-content\/uploads\/2023\/03\/Swissmem-beruft-zwei-neue-Geschaeftsleitungsmitglieder_Organisator.jpg","type":"image\/jpeg"}],"author":"thomas.berner","twitter_card":"summary_large_image","twitter_title":"#Swissmem beruft zwei neue #Gesch\u00e4ftsleitungsmitglieder","twitter_description":"Adam #Gontarz und No\u00e9 #Blancpain werden ab 1. April 2023 beziehungsweise ab 1. Januar 2024 neue Gesch\u00e4ftsleitungsmitglieder bei #Swissmem.","twitter_image":"https:\/\/www.organisator.ch\/wp-content\/uploads\/2023\/03\/Swissmem-beruft-zwei-neue-Geschaeftsleitungsmitglieder_Organisator.jpg","schema":{"@context":"https:\/\/schema.org","@graph":[{"@type":"Article","@id":"https:\/\/www.organisator.ch\/management\/2023-03-01\/swissmem-beruft-zwei-neue-geschaeftsleitungsmitglieder\/#article","isPartOf":{"@id":"https:\/\/www.organisator.ch\/management\/2023-03-01\/swissmem-beruft-zwei-neue-geschaeftsleitungsmitglieder\/"},"author":{"name":"thomas.berner","@id":"https:\/\/www.organisator.ch\/#\/schema\/person\/6f650f90b2842cd4c0cc334b4e36f67e"},"headline":"Swissmem beruft zwei neue Gesch\u00e4ftsleitungsmitglieder","datePublished":"2023-03-01T12:30:11+00:00","mainEntityOfPage":{"@id":"https:\/\/www.organisator.ch\/management\/2023-03-01\/swissmem-beruft-zwei-neue-geschaeftsleitungsmitglieder\/"},"wordCount":334,"publisher":{"@id":"https:\/\/www.organisator.ch\/#organization"},"image":{"@id":"https:\/\/www.organisator.ch\/management\/2023-03-01\/swissmem-beruft-zwei-neue-geschaeftsleitungsmitglieder\/#primaryimage"},"thumbnailUrl":"https:\/\/www.organisator.ch\/wp-content\/uploads\/2023\/03\/Swissmem-beruft-zwei-neue-Geschaeftsleitungsmitglieder_Organisator.jpg","keywords":["Management und Unternehmensf\u00fchrung","Personalia","Verb\u00e4nde"],"articleSection":["MANAGEMENT"],"inLanguage":"fr-FR"},{"@type":"WebPage","@id":"https:\/\/www.organisator.ch\/management\/2023-03-01\/swissmem-beruft-zwei-neue-geschaeftsleitungsmitglieder\/","url":"https:\/\/www.organisator.ch\/management\/2023-03-01\/swissmem-beruft-zwei-neue-geschaeftsleitungsmitglieder\/","name":"Swissmem nomme deux nouveaux membres de la direction - Organisateur","isPartOf":{"@id":"https:\/\/www.organisator.ch\/#website"},"primaryImageOfPage":{"@id":"https:\/\/www.organisator.ch\/management\/2023-03-01\/swissmem-beruft-zwei-neue-geschaeftsleitungsmitglieder\/#primaryimage"},"image":{"@id":"https:\/\/www.organisator.ch\/management\/2023-03-01\/swissmem-beruft-zwei-neue-geschaeftsleitungsmitglieder\/#primaryimage"},"thumbnailUrl":"https:\/\/www.organisator.ch\/wp-content\/uploads\/2023\/03\/Swissmem-beruft-zwei-neue-Geschaeftsleitungsmitglieder_Organisator.jpg","datePublished":"2023-03-01T12:30:11+00:00","description":"Adam Gontarz et No\u00e9 Blancpain seront respectivement les nouveaux membres de la direction de Swissmem \u00e0 partir du 1er avril 2023 et du 1er janvier 2024.","breadcrumb":{"@id":"https:\/\/www.organisator.ch\/management\/2023-03-01\/swissmem-beruft-zwei-neue-geschaeftsleitungsmitglieder\/#breadcrumb"},"inLanguage":"fr-FR","potentialAction":[{"@type":"ReadAction","target":["https:\/\/www.organisator.ch\/management\/2023-03-01\/swissmem-beruft-zwei-neue-geschaeftsleitungsmitglieder\/"]}]},{"@type":"ImageObject","inLanguage":"fr-FR","@id":"https:\/\/www.organisator.ch\/management\/2023-03-01\/swissmem-beruft-zwei-neue-geschaeftsleitungsmitglieder\/#primaryimage","url":"https:\/\/www.organisator.ch\/wp-content\/uploads\/2023\/03\/Swissmem-beruft-zwei-neue-Geschaeftsleitungsmitglieder_Organisator.jpg","contentUrl":"https:\/\/www.organisator.ch\/wp-content\/uploads\/2023\/03\/Swissmem-beruft-zwei-neue-Geschaeftsleitungsmitglieder_Organisator.jpg","width":680,"height":330,"caption":"Neue Gesch\u00e4ftsleitungsmitglieder bei Swissmem: Adam Gontarz (links) und No\u00e9 Blancpain. (Bild: Swissmem)"},{"@type":"BreadcrumbList","@id":"https:\/\/www.organisator.ch\/management\/2023-03-01\/swissmem-beruft-zwei-neue-geschaeftsleitungsmitglieder\/#breadcrumb","itemListElement":[{"@type":"ListItem","position":1,"name":"Home","item":"https:\/\/www.organisator.ch\/"},{"@type":"ListItem","position":2,"name":"Swissmem beruft zwei neue Gesch\u00e4ftsleitungsmitglieder"}]},{"@type":"WebSite","@id":"https:\/\/www.organisator.ch\/#website","url":"https:\/\/www.organisator.ch\/","name":"Organisateur","description":"Comp\u00e9tence et comp\u00e9tence. Proches de la pratique. L'ORGANISATEUR pr\u00e9pare 10 num\u00e9ros par an sur les th\u00e8mes essentiels pour les dirigeants de PME.","publisher":{"@id":"https:\/\/www.organisator.ch\/#organization"},"potentialAction":[{"@type":"SearchAction","target":{"@type":"EntryPoint","urlTemplate":"https:\/\/www.organisator.ch\/?s={search_term_string}"},"query-input":{"@type":"PropertyValueSpecification","valueRequired":true,"valueName":"search_term_string"}}],"inLanguage":"fr-FR"},{"@type":"Organization","@id":"https:\/\/www.organisator.ch\/#organization","name":"Organisateur","url":"https:\/\/www.organisator.ch\/","logo":{"@type":"ImageObject","inLanguage":"fr-FR","@id":"https:\/\/www.organisator.ch\/#\/schema\/logo\/image\/","url":"https:\/\/www.organisator.ch\/wp-content\/uploads\/2022\/01\/Logo_Organisator_Website.png","contentUrl":"https:\/\/www.organisator.ch\/wp-content\/uploads\/2022\/01\/Logo_Organisator_Website.png","width":800,"height":77,"caption":"Organisator"},"image":{"@id":"https:\/\/www.organisator.ch\/#\/schema\/logo\/image\/"},"sameAs":["https:\/\/www.facebook.com\/OrganisatorFachmagazin","https:\/\/www.linkedin.com\/showcase\/organisator-das-magazin-fr-kmu","https:\/\/www.xing.com\/news\/pages\/organisator-ch-695","https:\/\/www.youtube.com\/channel\/UCGP2Sq0iWaZwT3BdIAQFYpw"]},{"@type":"Person","@id":"https:\/\/www.organisator.ch\/#\/schema\/person\/6f650f90b2842cd4c0cc334b4e36f67e","name":"thomas.berner","image":{"@type":"ImageObject","inLanguage":"fr-FR","@id":"https:\/\/secure.gravatar.com\/avatar\/ac5001d2a36cb6c6cd3e50789007ffca834b477b74a2144564522e944eabff61?s=96&d=mm&r=g","url":"https:\/\/secure.gravatar.com\/avatar\/ac5001d2a36cb6c6cd3e50789007ffca834b477b74a2144564522e944eabff61?s=96&d=mm&r=g","contentUrl":"https:\/\/secure.gravatar.com\/avatar\/ac5001d2a36cb6c6cd3e50789007ffca834b477b74a2144564522e944eabff61?s=96&d=mm&r=g","caption":"thomas.berner"},"url":"https:\/\/www.organisator.ch\/fr\/author\/thomas-berner\/"}]}},"_links":{"self":[{"href":"https:\/\/www.organisator.ch\/fr\/wp-json\/wp\/v2\/posts\/19137","targetHints":{"allow":["GET"]}}],"collection":[{"href":"https:\/\/www.organisator.ch\/fr\/wp-json\/wp\/v2\/posts"}],"about":[{"href":"https:\/\/www.organisator.ch\/fr\/wp-json\/wp\/v2\/types\/post"}],"author":[{"embeddable":true,"href":"https:\/\/www.organisator.ch\/fr\/wp-json\/wp\/v2\/users\/4"}],"replies":[{"embeddable":true,"href":"https:\/\/www.organisator.ch\/fr\/wp-json\/wp\/v2\/comments?post=19137"}],"version-history":[{"count":1,"href":"https:\/\/www.organisator.ch\/fr\/wp-json\/wp\/v2\/posts\/19137\/revisions"}],"predecessor-version":[{"id":19139,"href":"https:\/\/www.organisator.ch\/fr\/wp-json\/wp\/v2\/posts\/19137\/revisions\/19139"}],"wp:featuredmedia":[{"embeddable":true,"href":"https:\/\/www.organisator.ch\/fr\/wp-json\/wp\/v2\/media\/19138"}],"wp:attachment":[{"href":"https:\/\/www.organisator.ch\/fr\/wp-json\/wp\/v2\/media?parent=19137"}],"wp:term":[{"taxonomy":"category","embeddable":true,"href":"https:\/\/www.organisator.ch\/fr\/wp-json\/wp\/v2\/categories?post=19137"},{"taxonomy":"post_tag","embeddable":true,"href":"https:\/\/www.organisator.ch\/fr\/wp-json\/wp\/v2\/tags?post=19137"}],"curies":[{"name":"wp","href":"https:\/\/api.w.org\/{rel}","templated":true}]}}