{"id":19183,"date":"2023-03-06T07:49:43","date_gmt":"2023-03-06T06:49:43","guid":{"rendered":"https:\/\/www.organisator.ch\/?p=19183"},"modified":"2023-03-06T07:49:43","modified_gmt":"2023-03-06T06:49:43","slug":"zeitreise-durch-die-kaufmaennische-geschichte","status":"publish","type":"post","link":"https:\/\/www.organisator.ch\/fr\/weiterbildung\/2023-03-06\/zeitreise-durch-die-kaufmaennische-geschichte\/","title":{"rendered":"Voyage dans le temps \u00e0 travers l'histoire commerciale"},"content":{"rendered":"<figure id=\"attachment_19184\" aria-describedby=\"caption-attachment-19184\" style=\"width: 680px\" class=\"wp-caption alignnone\"><img loading=\"lazy\" decoding=\"async\" class=\"size-full wp-image-19184\" src=\"https:\/\/www.organisator.ch\/wp-content\/uploads\/2023\/03\/Zeitreise-durch-die-kaufmaennische-Geschichte_Organisator.jpg\" alt=\"\" width=\"680\" height=\"383\" srcset=\"https:\/\/www.organisator.ch\/wp-content\/uploads\/2023\/03\/Zeitreise-durch-die-kaufmaennische-Geschichte_Organisator.jpg 680w, https:\/\/www.organisator.ch\/wp-content\/uploads\/2023\/03\/Zeitreise-durch-die-kaufmaennische-Geschichte_Organisator-18x10.jpg 18w, https:\/\/www.organisator.ch\/wp-content\/uploads\/2023\/03\/Zeitreise-durch-die-kaufmaennische-Geschichte_Organisator-375x211.jpg 375w, https:\/\/www.organisator.ch\/wp-content\/uploads\/2023\/03\/Zeitreise-durch-die-kaufmaennische-Geschichte_Organisator-621x350.jpg 621w\" sizes=\"auto, (max-width: 680px) 100vw, 680px\" \/><figcaption id=\"caption-attachment-19184\" class=\"wp-caption-text\">Un site Internet sp\u00e9cialement con\u00e7u \u00e0 cet effet emm\u00e8ne les personnes int\u00e9ress\u00e9es dans un voyage dans le temps \u00e0 travers 150 ans d'histoire commerciale. (Image : Soci\u00e9t\u00e9 suisse des employ\u00e9s de commerce)<\/figcaption><\/figure>\n<p><a href=\"https:\/\/www.organisator.ch\/de\/weiterbildung\/2023-01-04\/der-kaufmaennische-verband-schweiz-feiert-sein-150-jaehriges-bestehen\/\">\u00c0 l'occasion de son 150e anniversaire<\/a> la Soci\u00e9t\u00e9 suisse des employ\u00e9s de commerce lance une campagne immersive qui permet de remonter le temps jusqu'aux d\u00e9buts de l'association dans les ann\u00e9es 1870. Depuis toujours, la formation et l'apprentissage tout au long de la vie sont fermement ancr\u00e9s dans l'ADN de la Soci\u00e9t\u00e9 suisse des employ\u00e9s de commerce. Engag\u00e9e \u00e0 d\u00e9velopper constamment les profils professionnels et \u00e0 promouvoir le syst\u00e8me de formation dual, la Soci\u00e9t\u00e9 a fait des professions commerciales ce qu'elles sont aujourd'hui : un pilier absolument central pour l'\u00e9conomie et le monde du travail suisses.<\/p>\n<h3>Contributions audio, vid\u00e9os et textes sur 150 ans d'histoire de l'association<\/h3>\n<p>Lors de la campagne d'anniversaire \"<a href=\"https:\/\/buerogeschichten.ch\/\">buerogeschichten.ch<\/a>\"Des commer\u00e7ants, d'anciens professionnels, des apprentis actuels, des repr\u00e9sentants de l'association, des organisations partenaires et des politiciens prennent la parole. Que l'on filtre les articles par th\u00e8me ou que l'on les consulte chronologiquement, tous donnent un aper\u00e7u vivant des 150 ans d'histoire de l'association. Parmi les plus de 350 contributions en ligne, on trouve quelques trouvailles amusantes : des documents anciens, des films muets, des vid\u00e9os et des sources qui, d'un point de vue actuel, paraissent curieuses et parfois \u00e9tranges. Un r\u00e8glement de bureau datant de 1871 stipule : \"La prise de nourriture est autoris\u00e9e entre 11h30 et 12h00, mais le travail ne doit pas \u00eatre arr\u00eat\u00e9 \u00e0 ce moment-l\u00e0\". La premi\u00e8re femme a \u00e9t\u00e9 admise aux cours de formation professionnelle en 1901. Un reportage film\u00e9 dans les ann\u00e9es 1960 montre des boursicoteurs hurlant sur le ring. Au fil des d\u00e9cennies, des commer\u00e7ants racontent leur exp\u00e9rience de l'apprentissage. Des lettres venues du futur laissent entrevoir la direction que prendront les professions commerciales dans les d\u00e9cennies \u00e0 venir.<\/p>\n<h3>Autres temps, autres m\u0153urs<\/h3>\n<p>La campagne \"buerogeschichten.ch\" documente l'\u00e9volution de l'association, du syst\u00e8me de formation suisse et des profils professionnels des employ\u00e9s de commerce. Et elle donne un aper\u00e7u \u00e9clairant de l'\u00e9volution de notre soci\u00e9t\u00e9 et des r\u00f4les qui y sont associ\u00e9s. En lisant certains articles, on ne peut s'emp\u00eacher d'\u00eatre \u00e9tonn\u00e9 - et de se r\u00e9jouir de ces jalons.<\/p>\n<p>La campagne du jubil\u00e9 a \u00e9t\u00e9 r\u00e9alis\u00e9e en collaboration avec les filiales Hochschule f\u00fcr Wirtschaft Z\u00fcrich HWZ et Schweizerisches Institut f\u00fcr Betriebs\u00f6konomie SIB et accompagn\u00e9e par un historien. Le mat\u00e9riel provient des archives de la Soci\u00e9t\u00e9 suisse des employ\u00e9s de commerce et est librement accessible aux Archives sociales suisses \u00e0 Zurich. Le concept, le design et la r\u00e9alisation ont \u00e9t\u00e9 sign\u00e9s par l'agence Partner &amp; Partner AG de Winterthur. La Soci\u00e9t\u00e9 suisse des employ\u00e9s de commerce a lanc\u00e9 officiellement la campagne dans le cadre de sa c\u00e9r\u00e9monie solennelle du 3 mars 2023.<\/p>\n<p><em>Source : <a href=\"http:\/\/www.kfmv.ch\">www.kfmv.ch<\/a><\/em><\/p>","protected":false},"excerpt":{"rendered":"<p>Anl\u00e4sslich seines 150-j\u00e4hrigen Bestehens lanciert der Kaufm\u00e4nnische Verband Schweiz eine immersive Kampagne, die eine Zeitreise bis zu den Anf\u00e4ngen des Verbands in den 1870er Jahren erm\u00f6glicht. Seit jeher sind Bildung und lebenslanges Lernen fest in der DNA des Kaufm\u00e4nnischen Verbands Schweiz verankert. Engagiert die Berufsbilder stetig weiterzuentwickeln und das duale Bildungssystem zu f\u00f6rdern, hat der [&hellip;]<\/p>\n","protected":false},"author":4,"featured_media":19184,"comment_status":"closed","ping_status":"closed","sticky":false,"template":"","format":"standard","meta":{"_acf_changed":false,"_yoast_wpseo_focuskw":"Zeitreise","_yoast_wpseo_metadesc":"Die Kampagne \u00abbuerogeschichten.ch\u00bb ist eine Zeitreise durch die 150-j\u00e4hrige Geschichte des Kaufm\u00e4nnischen Verbands Schweiz.","articlekey":"","footnotes":""},"categories":[30],"tags":[240,292,503],"class_list":["post-19183","post","type-post","status-publish","format-standard","has-post-thumbnail","hentry","category-weiterbildung","tag-geschichte","tag-jubilaeum","tag-verbaende"],"acf":[],"yoast_head":"<!-- This site is optimized with the Yoast SEO plugin v27.4 - https:\/\/yoast.com\/product\/yoast-seo-wordpress\/ -->\n<title>Zeitreise durch die kaufm\u00e4nnische Geschichte - Organisator<\/title>\n<meta name=\"description\" content=\"Die Kampagne \u00abbuerogeschichten.ch\u00bb ist eine Zeitreise durch die 150-j\u00e4hrige Geschichte des Kaufm\u00e4nnischen Verbands Schweiz.\" \/>\n<meta name=\"robots\" content=\"index, follow, max-snippet:-1, max-image-preview:large, max-video-preview:-1\" \/>\n<link rel=\"canonical\" href=\"https:\/\/www.organisator.ch\/fr\/formation-continue-2\/2023-03-06\/zeitreise-durch-die-kaufmaennische-geschichte\/\" \/>\n<meta property=\"og:locale\" content=\"fr_FR\" \/>\n<meta property=\"og:type\" content=\"article\" \/>\n<meta property=\"og:title\" content=\"Zeitreise durch die kaufm\u00e4nnische Geschichte\" \/>\n<meta property=\"og:description\" content=\"Die Kampagne \u00abbuerogeschichten.ch\u00bb ist eine Zeitreise durch die 150-j\u00e4hrige Geschichte des Kaufm\u00e4nnischen Verbands Schweiz.\" \/>\n<meta property=\"og:url\" content=\"https:\/\/www.organisator.ch\/fr\/formation-continue-2\/2023-03-06\/zeitreise-durch-die-kaufmaennische-geschichte\/\" \/>\n<meta property=\"og:site_name\" content=\"Organisator\" \/>\n<meta property=\"article:publisher\" content=\"https:\/\/www.facebook.com\/OrganisatorFachmagazin\" \/>\n<meta property=\"article:published_time\" content=\"2023-03-06T06:49:43+00:00\" \/>\n<meta property=\"og:image\" content=\"https:\/\/www.organisator.ch\/wp-content\/uploads\/2023\/03\/Zeitreise-durch-die-kaufmaennische-Geschichte_Organisator.jpg\" \/>\n\t<meta property=\"og:image:width\" content=\"680\" \/>\n\t<meta property=\"og:image:height\" content=\"383\" \/>\n\t<meta property=\"og:image:type\" content=\"image\/jpeg\" \/>\n<meta name=\"author\" content=\"thomas.berner\" \/>\n<meta name=\"twitter:card\" content=\"summary_large_image\" \/>\n<meta name=\"twitter:title\" content=\"#Zeitreise durch die kaufm\u00e4nnische #Geschichte\" \/>\n<meta name=\"twitter:description\" content=\"Die #Kampagne \u00ab#buerogeschichten.ch\u00bb ist eine #Zeitreise durch die 150-j\u00e4hrige #Geschichte des Kaufm\u00e4nnischen Verbands Schweiz.\" \/>\n<meta name=\"twitter:image\" content=\"https:\/\/www.organisator.ch\/wp-content\/uploads\/2023\/03\/Zeitreise-durch-die-kaufmaennische-Geschichte_Organisator.jpg\" \/>\n<script type=\"application\/ld+json\" class=\"yoast-schema-graph\">{\"@context\":\"https:\\\/\\\/schema.org\",\"@graph\":[{\"@type\":\"Article\",\"@id\":\"https:\\\/\\\/www.organisator.ch\\\/weiterbildung\\\/2023-03-06\\\/zeitreise-durch-die-kaufmaennische-geschichte\\\/#article\",\"isPartOf\":{\"@id\":\"https:\\\/\\\/www.organisator.ch\\\/weiterbildung\\\/2023-03-06\\\/zeitreise-durch-die-kaufmaennische-geschichte\\\/\"},\"author\":{\"name\":\"thomas.berner\",\"@id\":\"https:\\\/\\\/www.organisator.ch\\\/#\\\/schema\\\/person\\\/6f650f90b2842cd4c0cc334b4e36f67e\"},\"headline\":\"Zeitreise durch die kaufm\u00e4nnische Geschichte\",\"datePublished\":\"2023-03-06T06:49:43+00:00\",\"mainEntityOfPage\":{\"@id\":\"https:\\\/\\\/www.organisator.ch\\\/weiterbildung\\\/2023-03-06\\\/zeitreise-durch-die-kaufmaennische-geschichte\\\/\"},\"wordCount\":409,\"publisher\":{\"@id\":\"https:\\\/\\\/www.organisator.ch\\\/#organization\"},\"image\":{\"@id\":\"https:\\\/\\\/www.organisator.ch\\\/weiterbildung\\\/2023-03-06\\\/zeitreise-durch-die-kaufmaennische-geschichte\\\/#primaryimage\"},\"thumbnailUrl\":\"https:\\\/\\\/www.organisator.ch\\\/wp-content\\\/uploads\\\/2023\\\/03\\\/Zeitreise-durch-die-kaufmaennische-Geschichte_Organisator.jpg\",\"keywords\":[\"Geschichte\",\"Jubil\u00e4um\",\"Verb\u00e4nde\"],\"articleSection\":[\"WEITERBILDUNG\"],\"inLanguage\":\"fr-FR\"},{\"@type\":\"WebPage\",\"@id\":\"https:\\\/\\\/www.organisator.ch\\\/weiterbildung\\\/2023-03-06\\\/zeitreise-durch-die-kaufmaennische-geschichte\\\/\",\"url\":\"https:\\\/\\\/www.organisator.ch\\\/weiterbildung\\\/2023-03-06\\\/zeitreise-durch-die-kaufmaennische-geschichte\\\/\",\"name\":\"Zeitreise durch die kaufm\u00e4nnische Geschichte - Organisator\",\"isPartOf\":{\"@id\":\"https:\\\/\\\/www.organisator.ch\\\/#website\"},\"primaryImageOfPage\":{\"@id\":\"https:\\\/\\\/www.organisator.ch\\\/weiterbildung\\\/2023-03-06\\\/zeitreise-durch-die-kaufmaennische-geschichte\\\/#primaryimage\"},\"image\":{\"@id\":\"https:\\\/\\\/www.organisator.ch\\\/weiterbildung\\\/2023-03-06\\\/zeitreise-durch-die-kaufmaennische-geschichte\\\/#primaryimage\"},\"thumbnailUrl\":\"https:\\\/\\\/www.organisator.ch\\\/wp-content\\\/uploads\\\/2023\\\/03\\\/Zeitreise-durch-die-kaufmaennische-Geschichte_Organisator.jpg\",\"datePublished\":\"2023-03-06T06:49:43+00:00\",\"description\":\"Die Kampagne \u00abbuerogeschichten.ch\u00bb ist eine Zeitreise durch die 150-j\u00e4hrige Geschichte des Kaufm\u00e4nnischen Verbands Schweiz.\",\"breadcrumb\":{\"@id\":\"https:\\\/\\\/www.organisator.ch\\\/weiterbildung\\\/2023-03-06\\\/zeitreise-durch-die-kaufmaennische-geschichte\\\/#breadcrumb\"},\"inLanguage\":\"fr-FR\",\"potentialAction\":[{\"@type\":\"ReadAction\",\"target\":[\"https:\\\/\\\/www.organisator.ch\\\/weiterbildung\\\/2023-03-06\\\/zeitreise-durch-die-kaufmaennische-geschichte\\\/\"]}]},{\"@type\":\"ImageObject\",\"inLanguage\":\"fr-FR\",\"@id\":\"https:\\\/\\\/www.organisator.ch\\\/weiterbildung\\\/2023-03-06\\\/zeitreise-durch-die-kaufmaennische-geschichte\\\/#primaryimage\",\"url\":\"https:\\\/\\\/www.organisator.ch\\\/wp-content\\\/uploads\\\/2023\\\/03\\\/Zeitreise-durch-die-kaufmaennische-Geschichte_Organisator.jpg\",\"contentUrl\":\"https:\\\/\\\/www.organisator.ch\\\/wp-content\\\/uploads\\\/2023\\\/03\\\/Zeitreise-durch-die-kaufmaennische-Geschichte_Organisator.jpg\",\"width\":680,\"height\":383,\"caption\":\"Eine eigens dazu gestaltete Website nimmt Interessierte mit auf eine Zeitreise durch 150 Jahre kaufm\u00e4nnische Geschichte. (Bild: Kaufm\u00e4nnischer Verband Schweiz)\"},{\"@type\":\"BreadcrumbList\",\"@id\":\"https:\\\/\\\/www.organisator.ch\\\/weiterbildung\\\/2023-03-06\\\/zeitreise-durch-die-kaufmaennische-geschichte\\\/#breadcrumb\",\"itemListElement\":[{\"@type\":\"ListItem\",\"position\":1,\"name\":\"Home\",\"item\":\"https:\\\/\\\/www.organisator.ch\\\/\"},{\"@type\":\"ListItem\",\"position\":2,\"name\":\"Zeitreise durch die kaufm\u00e4nnische Geschichte\"}]},{\"@type\":\"WebSite\",\"@id\":\"https:\\\/\\\/www.organisator.ch\\\/#website\",\"url\":\"https:\\\/\\\/www.organisator.ch\\\/\",\"name\":\"Organisator\",\"description\":\"Kompetent. Praxisnah. Der ORGANISATOR bereitet in 10 Ausgaben pro Jahr die wesentlichen Themen f\u00fcr F\u00fchrungskr\u00e4fte von KMU auf.\",\"publisher\":{\"@id\":\"https:\\\/\\\/www.organisator.ch\\\/#organization\"},\"potentialAction\":[{\"@type\":\"SearchAction\",\"target\":{\"@type\":\"EntryPoint\",\"urlTemplate\":\"https:\\\/\\\/www.organisator.ch\\\/?s={search_term_string}\"},\"query-input\":{\"@type\":\"PropertyValueSpecification\",\"valueRequired\":true,\"valueName\":\"search_term_string\"}}],\"inLanguage\":\"fr-FR\"},{\"@type\":\"Organization\",\"@id\":\"https:\\\/\\\/www.organisator.ch\\\/#organization\",\"name\":\"Organisator\",\"url\":\"https:\\\/\\\/www.organisator.ch\\\/\",\"logo\":{\"@type\":\"ImageObject\",\"inLanguage\":\"fr-FR\",\"@id\":\"https:\\\/\\\/www.organisator.ch\\\/#\\\/schema\\\/logo\\\/image\\\/\",\"url\":\"https:\\\/\\\/www.organisator.ch\\\/wp-content\\\/uploads\\\/2022\\\/01\\\/Logo_Organisator_Website.png\",\"contentUrl\":\"https:\\\/\\\/www.organisator.ch\\\/wp-content\\\/uploads\\\/2022\\\/01\\\/Logo_Organisator_Website.png\",\"width\":800,\"height\":77,\"caption\":\"Organisator\"},\"image\":{\"@id\":\"https:\\\/\\\/www.organisator.ch\\\/#\\\/schema\\\/logo\\\/image\\\/\"},\"sameAs\":[\"https:\\\/\\\/www.facebook.com\\\/OrganisatorFachmagazin\",\"https:\\\/\\\/www.linkedin.com\\\/showcase\\\/organisator-das-magazin-fr-kmu\",\"https:\\\/\\\/www.xing.com\\\/news\\\/pages\\\/organisator-ch-695\",\"https:\\\/\\\/www.youtube.com\\\/channel\\\/UCGP2Sq0iWaZwT3BdIAQFYpw\"]},{\"@type\":\"Person\",\"@id\":\"https:\\\/\\\/www.organisator.ch\\\/#\\\/schema\\\/person\\\/6f650f90b2842cd4c0cc334b4e36f67e\",\"name\":\"thomas.berner\",\"image\":{\"@type\":\"ImageObject\",\"inLanguage\":\"fr-FR\",\"@id\":\"https:\\\/\\\/secure.gravatar.com\\\/avatar\\\/ac5001d2a36cb6c6cd3e50789007ffca834b477b74a2144564522e944eabff61?s=96&d=mm&r=g\",\"url\":\"https:\\\/\\\/secure.gravatar.com\\\/avatar\\\/ac5001d2a36cb6c6cd3e50789007ffca834b477b74a2144564522e944eabff61?s=96&d=mm&r=g\",\"contentUrl\":\"https:\\\/\\\/secure.gravatar.com\\\/avatar\\\/ac5001d2a36cb6c6cd3e50789007ffca834b477b74a2144564522e944eabff61?s=96&d=mm&r=g\",\"caption\":\"thomas.berner\"},\"url\":\"https:\\\/\\\/www.organisator.ch\\\/fr\\\/author\\\/thomas-berner\\\/\"}]}<\/script>\n<!-- \/ Yoast SEO plugin. -->","yoast_head_json":{"title":"Voyage dans le temps \u00e0 travers l'histoire commerciale - Organisateur","description":"La campagne \"buerogeschichten.ch\" est un voyage dans le temps \u00e0 travers les 150 ans d'histoire de la Soci\u00e9t\u00e9 suisse des employ\u00e9s de commerce.","robots":{"index":"index","follow":"follow","max-snippet":"max-snippet:-1","max-image-preview":"max-image-preview:large","max-video-preview":"max-video-preview:-1"},"canonical":"https:\/\/www.organisator.ch\/fr\/formation-continue-2\/2023-03-06\/zeitreise-durch-die-kaufmaennische-geschichte\/","og_locale":"fr_FR","og_type":"article","og_title":"Zeitreise durch die kaufm\u00e4nnische Geschichte","og_description":"Die Kampagne \u00abbuerogeschichten.ch\u00bb ist eine Zeitreise durch die 150-j\u00e4hrige Geschichte des Kaufm\u00e4nnischen Verbands Schweiz.","og_url":"https:\/\/www.organisator.ch\/fr\/formation-continue-2\/2023-03-06\/zeitreise-durch-die-kaufmaennische-geschichte\/","og_site_name":"Organisator","article_publisher":"https:\/\/www.facebook.com\/OrganisatorFachmagazin","article_published_time":"2023-03-06T06:49:43+00:00","og_image":[{"width":680,"height":383,"url":"https:\/\/www.organisator.ch\/wp-content\/uploads\/2023\/03\/Zeitreise-durch-die-kaufmaennische-Geschichte_Organisator.jpg","type":"image\/jpeg"}],"author":"thomas.berner","twitter_card":"summary_large_image","twitter_title":"#Zeitreise durch die kaufm\u00e4nnische #Geschichte","twitter_description":"Die #Kampagne \u00ab#buerogeschichten.ch\u00bb ist eine #Zeitreise durch die 150-j\u00e4hrige #Geschichte des Kaufm\u00e4nnischen Verbands Schweiz.","twitter_image":"https:\/\/www.organisator.ch\/wp-content\/uploads\/2023\/03\/Zeitreise-durch-die-kaufmaennische-Geschichte_Organisator.jpg","schema":{"@context":"https:\/\/schema.org","@graph":[{"@type":"Article","@id":"https:\/\/www.organisator.ch\/weiterbildung\/2023-03-06\/zeitreise-durch-die-kaufmaennische-geschichte\/#article","isPartOf":{"@id":"https:\/\/www.organisator.ch\/weiterbildung\/2023-03-06\/zeitreise-durch-die-kaufmaennische-geschichte\/"},"author":{"name":"thomas.berner","@id":"https:\/\/www.organisator.ch\/#\/schema\/person\/6f650f90b2842cd4c0cc334b4e36f67e"},"headline":"Zeitreise durch die kaufm\u00e4nnische Geschichte","datePublished":"2023-03-06T06:49:43+00:00","mainEntityOfPage":{"@id":"https:\/\/www.organisator.ch\/weiterbildung\/2023-03-06\/zeitreise-durch-die-kaufmaennische-geschichte\/"},"wordCount":409,"publisher":{"@id":"https:\/\/www.organisator.ch\/#organization"},"image":{"@id":"https:\/\/www.organisator.ch\/weiterbildung\/2023-03-06\/zeitreise-durch-die-kaufmaennische-geschichte\/#primaryimage"},"thumbnailUrl":"https:\/\/www.organisator.ch\/wp-content\/uploads\/2023\/03\/Zeitreise-durch-die-kaufmaennische-Geschichte_Organisator.jpg","keywords":["Geschichte","Jubil\u00e4um","Verb\u00e4nde"],"articleSection":["WEITERBILDUNG"],"inLanguage":"fr-FR"},{"@type":"WebPage","@id":"https:\/\/www.organisator.ch\/weiterbildung\/2023-03-06\/zeitreise-durch-die-kaufmaennische-geschichte\/","url":"https:\/\/www.organisator.ch\/weiterbildung\/2023-03-06\/zeitreise-durch-die-kaufmaennische-geschichte\/","name":"Voyage dans le temps \u00e0 travers l'histoire commerciale - Organisateur","isPartOf":{"@id":"https:\/\/www.organisator.ch\/#website"},"primaryImageOfPage":{"@id":"https:\/\/www.organisator.ch\/weiterbildung\/2023-03-06\/zeitreise-durch-die-kaufmaennische-geschichte\/#primaryimage"},"image":{"@id":"https:\/\/www.organisator.ch\/weiterbildung\/2023-03-06\/zeitreise-durch-die-kaufmaennische-geschichte\/#primaryimage"},"thumbnailUrl":"https:\/\/www.organisator.ch\/wp-content\/uploads\/2023\/03\/Zeitreise-durch-die-kaufmaennische-Geschichte_Organisator.jpg","datePublished":"2023-03-06T06:49:43+00:00","description":"La campagne \"buerogeschichten.ch\" est un voyage dans le temps \u00e0 travers les 150 ans d'histoire de la Soci\u00e9t\u00e9 suisse des employ\u00e9s de commerce.","breadcrumb":{"@id":"https:\/\/www.organisator.ch\/weiterbildung\/2023-03-06\/zeitreise-durch-die-kaufmaennische-geschichte\/#breadcrumb"},"inLanguage":"fr-FR","potentialAction":[{"@type":"ReadAction","target":["https:\/\/www.organisator.ch\/weiterbildung\/2023-03-06\/zeitreise-durch-die-kaufmaennische-geschichte\/"]}]},{"@type":"ImageObject","inLanguage":"fr-FR","@id":"https:\/\/www.organisator.ch\/weiterbildung\/2023-03-06\/zeitreise-durch-die-kaufmaennische-geschichte\/#primaryimage","url":"https:\/\/www.organisator.ch\/wp-content\/uploads\/2023\/03\/Zeitreise-durch-die-kaufmaennische-Geschichte_Organisator.jpg","contentUrl":"https:\/\/www.organisator.ch\/wp-content\/uploads\/2023\/03\/Zeitreise-durch-die-kaufmaennische-Geschichte_Organisator.jpg","width":680,"height":383,"caption":"Eine eigens dazu gestaltete Website nimmt Interessierte mit auf eine Zeitreise durch 150 Jahre kaufm\u00e4nnische Geschichte. (Bild: Kaufm\u00e4nnischer Verband Schweiz)"},{"@type":"BreadcrumbList","@id":"https:\/\/www.organisator.ch\/weiterbildung\/2023-03-06\/zeitreise-durch-die-kaufmaennische-geschichte\/#breadcrumb","itemListElement":[{"@type":"ListItem","position":1,"name":"Home","item":"https:\/\/www.organisator.ch\/"},{"@type":"ListItem","position":2,"name":"Zeitreise durch die kaufm\u00e4nnische Geschichte"}]},{"@type":"WebSite","@id":"https:\/\/www.organisator.ch\/#website","url":"https:\/\/www.organisator.ch\/","name":"Organisateur","description":"Comp\u00e9tence et comp\u00e9tence. Proches de la pratique. L'ORGANISATEUR pr\u00e9pare 10 num\u00e9ros par an sur les th\u00e8mes essentiels pour les dirigeants de PME.","publisher":{"@id":"https:\/\/www.organisator.ch\/#organization"},"potentialAction":[{"@type":"SearchAction","target":{"@type":"EntryPoint","urlTemplate":"https:\/\/www.organisator.ch\/?s={search_term_string}"},"query-input":{"@type":"PropertyValueSpecification","valueRequired":true,"valueName":"search_term_string"}}],"inLanguage":"fr-FR"},{"@type":"Organization","@id":"https:\/\/www.organisator.ch\/#organization","name":"Organisateur","url":"https:\/\/www.organisator.ch\/","logo":{"@type":"ImageObject","inLanguage":"fr-FR","@id":"https:\/\/www.organisator.ch\/#\/schema\/logo\/image\/","url":"https:\/\/www.organisator.ch\/wp-content\/uploads\/2022\/01\/Logo_Organisator_Website.png","contentUrl":"https:\/\/www.organisator.ch\/wp-content\/uploads\/2022\/01\/Logo_Organisator_Website.png","width":800,"height":77,"caption":"Organisator"},"image":{"@id":"https:\/\/www.organisator.ch\/#\/schema\/logo\/image\/"},"sameAs":["https:\/\/www.facebook.com\/OrganisatorFachmagazin","https:\/\/www.linkedin.com\/showcase\/organisator-das-magazin-fr-kmu","https:\/\/www.xing.com\/news\/pages\/organisator-ch-695","https:\/\/www.youtube.com\/channel\/UCGP2Sq0iWaZwT3BdIAQFYpw"]},{"@type":"Person","@id":"https:\/\/www.organisator.ch\/#\/schema\/person\/6f650f90b2842cd4c0cc334b4e36f67e","name":"thomas.berner","image":{"@type":"ImageObject","inLanguage":"fr-FR","@id":"https:\/\/secure.gravatar.com\/avatar\/ac5001d2a36cb6c6cd3e50789007ffca834b477b74a2144564522e944eabff61?s=96&d=mm&r=g","url":"https:\/\/secure.gravatar.com\/avatar\/ac5001d2a36cb6c6cd3e50789007ffca834b477b74a2144564522e944eabff61?s=96&d=mm&r=g","contentUrl":"https:\/\/secure.gravatar.com\/avatar\/ac5001d2a36cb6c6cd3e50789007ffca834b477b74a2144564522e944eabff61?s=96&d=mm&r=g","caption":"thomas.berner"},"url":"https:\/\/www.organisator.ch\/fr\/author\/thomas-berner\/"}]}},"_links":{"self":[{"href":"https:\/\/www.organisator.ch\/fr\/wp-json\/wp\/v2\/posts\/19183","targetHints":{"allow":["GET"]}}],"collection":[{"href":"https:\/\/www.organisator.ch\/fr\/wp-json\/wp\/v2\/posts"}],"about":[{"href":"https:\/\/www.organisator.ch\/fr\/wp-json\/wp\/v2\/types\/post"}],"author":[{"embeddable":true,"href":"https:\/\/www.organisator.ch\/fr\/wp-json\/wp\/v2\/users\/4"}],"replies":[{"embeddable":true,"href":"https:\/\/www.organisator.ch\/fr\/wp-json\/wp\/v2\/comments?post=19183"}],"version-history":[{"count":1,"href":"https:\/\/www.organisator.ch\/fr\/wp-json\/wp\/v2\/posts\/19183\/revisions"}],"predecessor-version":[{"id":19185,"href":"https:\/\/www.organisator.ch\/fr\/wp-json\/wp\/v2\/posts\/19183\/revisions\/19185"}],"wp:featuredmedia":[{"embeddable":true,"href":"https:\/\/www.organisator.ch\/fr\/wp-json\/wp\/v2\/media\/19184"}],"wp:attachment":[{"href":"https:\/\/www.organisator.ch\/fr\/wp-json\/wp\/v2\/media?parent=19183"}],"wp:term":[{"taxonomy":"category","embeddable":true,"href":"https:\/\/www.organisator.ch\/fr\/wp-json\/wp\/v2\/categories?post=19183"},{"taxonomy":"post_tag","embeddable":true,"href":"https:\/\/www.organisator.ch\/fr\/wp-json\/wp\/v2\/tags?post=19183"}],"curies":[{"name":"wp","href":"https:\/\/api.w.org\/{rel}","templated":true}]}}