{"id":1923,"date":"2018-12-06T16:27:26","date_gmt":"2018-12-06T15:27:26","guid":{"rendered":"https:\/\/www.umweltperspektiven.ch\/?p=1923"},"modified":"2018-12-06T16:27:26","modified_gmt":"2018-12-06T15:27:26","slug":"neuer-bericht-des-bundesrates-zum-goldhandel","status":"publish","type":"post","link":"https:\/\/www.organisator.ch\/fr\/allgemein\/2018-12-06\/neuer-bericht-des-bundesrates-zum-goldhandel\/","title":{"rendered":"Nouveau rapport du Conseil f\u00e9d\u00e9ral sur le commerce de l'or"},"content":{"rendered":"<div class=\"ym-g66 ym-gl stage\">\n<div class=\"ym-gbox-left\">\n<section class=\"obu-section-text\">\n<div class=\"obu-txt\">\n<figure id=\"attachment_1924\" aria-describedby=\"caption-attachment-1924\" style=\"width: 640px\" class=\"wp-caption alignnone\"><img loading=\"lazy\" decoding=\"async\" class=\"size-full wp-image-1924\" src=\"\/\/www.umweltperspektiven.ch\/wp-content\/uploads\/2018\/12\/Goldhandel-Umweltperspektiven_UP.jpg\" alt=\"\" width=\"640\" height=\"427\" \/><figcaption id=\"caption-attachment-1924\" class=\"wp-caption-text\">Der Bund legt wieder Schwergewicht auf die R\u00fcckverfolgbarkeit von Goldressourcen. (Symbolbild: Unsplash)<\/figcaption><\/figure>\n<p>Was viele in der Diskussion um den Goldhandel nicht wissen: Ein Grossteil der weltweiten Goldproduktion wird in der Schweiz raffiniert. 2017 wurden 2404 Tonnen Gold im Wert von 69,6 Milliarden Franken importiert und 1684 Tonnen Gold im Wert von 66,6 Milliarden Franken exportiert, heisst es in der Medienmitteilung.<\/p>\n<p>In Anbetracht der Bedeutung des Goldsektors in der Schweiz beantragte der Bundesrat die Annahme des Postulats 15.3877 vom 21.9.2015, welches ihn beauftragte, den entsprechenden Bericht dazu vorzulegen.<\/p>\n<\/div>\n<\/section>\n<section class=\"obu-section-text\">\n<h2 class=\"title-2\">Handlungsbedarf bei der Transparenz<\/h2>\n<div class=\"obu-txt\">\n<p>Der Bericht enth\u00e4lt neben einem \u00dcberblick \u00fcber den Goldsektor in der Schweiz und seine Hauptakteure, auch eine Auflistung von potentiellen Risiken und Herausforderungen sowie von durchgef\u00fchrten Projekten und Massnahmen in der der Schweiz zur Sicherstellung einer menschenrechtskonformen Goldproduktion.<\/p>\n<p>Der Goldhandel in der Schweiz unterliege einer der strengsten Gesetzgebungen der Welt, heisst es weiter. Insbesondere das Edelmetallkontrollgesetz und das Geldw\u00e4schereigesetz sollen gew\u00e4hrleisten, dass Schweizer Raffinerien kein Gold betr\u00fcgerischer Herkunft verarbeiten. Des Weiteren haben die Schweizer Raffinerien freiwillige Sozial- und Umwelt-Standards eingef\u00fchrt.<\/p>\n<p>Der Bundesrat sieht dennoch Handlungsbedarf, vor allem im Bereich Transparenz und Lieferkette.<\/p>\n<p>, denn nur dadurch lasse sich vermeiden, dass menschenrechtswidrig produziertes Gold in die Schweiz eingef\u00fchrt wird. Der Bundesrat m\u00f6chte deswegen den Multi-Stakeholder-Dialog vertiefen und die Entwicklungszusammenarbeit im Bereich der verantwortungsvollen Goldproduktion weiter ausbauen.<\/p>\n<\/div>\n<p><em>Weitere Informationen zum Goldhandel und zu den Verletzungen von Menschenrechten finden Sie <a href=\"\/\/www.oebu.ch\/admin\/data\/files\/section_asset\/file_de\/3360\/54473[1].pdf?lm=1542986215\">hier<\/a><\/em><\/p>\n<div class=\"obu-txt\">\n<p>&nbsp;<\/p>\n<\/div>\n<\/section>\n<\/div>\n<\/div>\n","protected":false},"excerpt":{"rendered":"<p>Was viele in der Diskussion um den Goldhandel nicht wissen: Ein Grossteil der weltweiten Goldproduktion wird in der Schweiz raffiniert. 2017 wurden 2404 Tonnen Gold im Wert von 69,6 Milliarden Franken importiert und 1684 Tonnen Gold im Wert von 66,6 Milliarden Franken exportiert, heisst es in der Medienmitteilung. In Anbetracht der Bedeutung des Goldsektors in [&hellip;]<\/p>\n","protected":false},"author":5,"featured_media":9575,"comment_status":"open","ping_status":"open","sticky":false,"template":"","format":"standard","meta":{"_acf_changed":false,"_yoast_wpseo_focuskw":"Goldhandel","_yoast_wpseo_metadesc":"Im neuen Bericht zum Goldhandel analysiert der Bundesrat den Goldsektor in der Schweiz und stellt Initiativen und Massnahmen vor.","articlekey":"","footnotes":""},"categories":[1],"tags":[1306,1687,2027,2320],"class_list":["post-1923","post","type-post","status-publish","format-standard","has-post-thumbnail","hentry","category-allgemein","tag-gold","tag-menschenrechte","tag-rohstoffe","tag-transparenz"],"acf":[],"yoast_head":"<!-- This site is optimized with the Yoast SEO plugin v27.4 - https:\/\/yoast.com\/product\/yoast-seo-wordpress\/ -->\n<title>Neuer Bericht des Bundesrates zum Goldhandel - Organisator<\/title>\n<meta name=\"description\" content=\"Im neuen Bericht zum Goldhandel analysiert der Bundesrat den Goldsektor in der Schweiz und stellt Initiativen und Massnahmen vor.\" \/>\n<meta name=\"robots\" content=\"index, follow, max-snippet:-1, max-image-preview:large, max-video-preview:-1\" \/>\n<link rel=\"canonical\" href=\"https:\/\/www.organisator.ch\/fr\/general\/2018-12-06\/neuer-bericht-des-bundesrates-zum-goldhandel\/\" \/>\n<meta property=\"og:locale\" content=\"fr_FR\" \/>\n<meta property=\"og:type\" content=\"article\" \/>\n<meta property=\"og:title\" content=\"Neuer Bericht des Bundesrates zum Goldhandel - Organisator\" \/>\n<meta property=\"og:description\" content=\"Im neuen Bericht zum Goldhandel analysiert der Bundesrat den Goldsektor in der Schweiz und stellt Initiativen und Massnahmen vor.\" \/>\n<meta property=\"og:url\" content=\"https:\/\/www.organisator.ch\/fr\/general\/2018-12-06\/neuer-bericht-des-bundesrates-zum-goldhandel\/\" \/>\n<meta property=\"og:site_name\" content=\"Organisator\" \/>\n<meta property=\"article:publisher\" content=\"https:\/\/www.facebook.com\/OrganisatorFachmagazin\" \/>\n<meta property=\"article:published_time\" content=\"2018-12-06T15:27:26+00:00\" \/>\n<meta property=\"og:image\" content=\"https:\/\/www.organisator.ch\/wp-content\/uploads\/2018\/12\/Goldhandel-Umweltperspektiven_UP.jpg\" \/>\n\t<meta property=\"og:image:width\" content=\"640\" \/>\n\t<meta property=\"og:image:height\" content=\"427\" \/>\n\t<meta property=\"og:image:type\" content=\"image\/jpeg\" \/>\n<meta name=\"author\" content=\"michael.merz\" \/>\n<meta name=\"twitter:card\" content=\"summary_large_image\" \/>\n<script type=\"application\/ld+json\" class=\"yoast-schema-graph\">{\"@context\":\"https:\\\/\\\/schema.org\",\"@graph\":[{\"@type\":\"Article\",\"@id\":\"https:\\\/\\\/www.organisator.ch\\\/en\\\/general\\\/2018-12-06\\\/neuer-bericht-des-bundesrates-zum-goldhandel\\\/#article\",\"isPartOf\":{\"@id\":\"https:\\\/\\\/www.organisator.ch\\\/en\\\/general\\\/2018-12-06\\\/neuer-bericht-des-bundesrates-zum-goldhandel\\\/\"},\"author\":{\"name\":\"michael.merz\",\"@id\":\"https:\\\/\\\/www.organisator.ch\\\/#\\\/schema\\\/person\\\/134708ca9321c57b0362cceb7948ffbd\"},\"headline\":\"Neuer Bericht des Bundesrates zum Goldhandel\",\"datePublished\":\"2018-12-06T15:27:26+00:00\",\"mainEntityOfPage\":{\"@id\":\"https:\\\/\\\/www.organisator.ch\\\/en\\\/general\\\/2018-12-06\\\/neuer-bericht-des-bundesrates-zum-goldhandel\\\/\"},\"wordCount\":244,\"commentCount\":0,\"publisher\":{\"@id\":\"https:\\\/\\\/www.organisator.ch\\\/#organization\"},\"image\":{\"@id\":\"https:\\\/\\\/www.organisator.ch\\\/en\\\/general\\\/2018-12-06\\\/neuer-bericht-des-bundesrates-zum-goldhandel\\\/#primaryimage\"},\"thumbnailUrl\":\"https:\\\/\\\/www.organisator.ch\\\/wp-content\\\/uploads\\\/2018\\\/12\\\/Goldhandel-Umweltperspektiven_UP.jpg\",\"keywords\":[\"Gold\",\"Menschenrechte\",\"Rohstoffe\",\"Transparenz\"],\"articleSection\":[\"Allgemein\"],\"inLanguage\":\"fr-FR\"},{\"@type\":\"WebPage\",\"@id\":\"https:\\\/\\\/www.organisator.ch\\\/en\\\/general\\\/2018-12-06\\\/neuer-bericht-des-bundesrates-zum-goldhandel\\\/\",\"url\":\"https:\\\/\\\/www.organisator.ch\\\/en\\\/general\\\/2018-12-06\\\/neuer-bericht-des-bundesrates-zum-goldhandel\\\/\",\"name\":\"Neuer Bericht des Bundesrates zum Goldhandel - Organisator\",\"isPartOf\":{\"@id\":\"https:\\\/\\\/www.organisator.ch\\\/#website\"},\"primaryImageOfPage\":{\"@id\":\"https:\\\/\\\/www.organisator.ch\\\/en\\\/general\\\/2018-12-06\\\/neuer-bericht-des-bundesrates-zum-goldhandel\\\/#primaryimage\"},\"image\":{\"@id\":\"https:\\\/\\\/www.organisator.ch\\\/en\\\/general\\\/2018-12-06\\\/neuer-bericht-des-bundesrates-zum-goldhandel\\\/#primaryimage\"},\"thumbnailUrl\":\"https:\\\/\\\/www.organisator.ch\\\/wp-content\\\/uploads\\\/2018\\\/12\\\/Goldhandel-Umweltperspektiven_UP.jpg\",\"datePublished\":\"2018-12-06T15:27:26+00:00\",\"description\":\"Im neuen Bericht zum Goldhandel analysiert der Bundesrat den Goldsektor in der Schweiz und stellt Initiativen und Massnahmen vor.\",\"breadcrumb\":{\"@id\":\"https:\\\/\\\/www.organisator.ch\\\/en\\\/general\\\/2018-12-06\\\/neuer-bericht-des-bundesrates-zum-goldhandel\\\/#breadcrumb\"},\"inLanguage\":\"fr-FR\",\"potentialAction\":[{\"@type\":\"ReadAction\",\"target\":[\"https:\\\/\\\/www.organisator.ch\\\/en\\\/general\\\/2018-12-06\\\/neuer-bericht-des-bundesrates-zum-goldhandel\\\/\"]}]},{\"@type\":\"ImageObject\",\"inLanguage\":\"fr-FR\",\"@id\":\"https:\\\/\\\/www.organisator.ch\\\/en\\\/general\\\/2018-12-06\\\/neuer-bericht-des-bundesrates-zum-goldhandel\\\/#primaryimage\",\"url\":\"https:\\\/\\\/www.organisator.ch\\\/wp-content\\\/uploads\\\/2018\\\/12\\\/Goldhandel-Umweltperspektiven_UP.jpg\",\"contentUrl\":\"https:\\\/\\\/www.organisator.ch\\\/wp-content\\\/uploads\\\/2018\\\/12\\\/Goldhandel-Umweltperspektiven_UP.jpg\",\"width\":640,\"height\":427,\"caption\":\"Der Bund legt wieder Schwergewicht auf die R\u00fcckverfolgbarkeit von Goldressourcen. (Symbolbild: Unsplash)\"},{\"@type\":\"BreadcrumbList\",\"@id\":\"https:\\\/\\\/www.organisator.ch\\\/en\\\/general\\\/2018-12-06\\\/neuer-bericht-des-bundesrates-zum-goldhandel\\\/#breadcrumb\",\"itemListElement\":[{\"@type\":\"ListItem\",\"position\":1,\"name\":\"Home\",\"item\":\"https:\\\/\\\/www.organisator.ch\\\/\"},{\"@type\":\"ListItem\",\"position\":2,\"name\":\"Neuer Bericht des Bundesrates zum Goldhandel\"}]},{\"@type\":\"WebSite\",\"@id\":\"https:\\\/\\\/www.organisator.ch\\\/#website\",\"url\":\"https:\\\/\\\/www.organisator.ch\\\/\",\"name\":\"Organisator\",\"description\":\"Kompetent. Praxisnah. Der ORGANISATOR bereitet in 10 Ausgaben pro Jahr die wesentlichen Themen f\u00fcr F\u00fchrungskr\u00e4fte von KMU auf.\",\"publisher\":{\"@id\":\"https:\\\/\\\/www.organisator.ch\\\/#organization\"},\"potentialAction\":[{\"@type\":\"SearchAction\",\"target\":{\"@type\":\"EntryPoint\",\"urlTemplate\":\"https:\\\/\\\/www.organisator.ch\\\/?s={search_term_string}\"},\"query-input\":{\"@type\":\"PropertyValueSpecification\",\"valueRequired\":true,\"valueName\":\"search_term_string\"}}],\"inLanguage\":\"fr-FR\"},{\"@type\":\"Organization\",\"@id\":\"https:\\\/\\\/www.organisator.ch\\\/#organization\",\"name\":\"Organisator\",\"url\":\"https:\\\/\\\/www.organisator.ch\\\/\",\"logo\":{\"@type\":\"ImageObject\",\"inLanguage\":\"fr-FR\",\"@id\":\"https:\\\/\\\/www.organisator.ch\\\/#\\\/schema\\\/logo\\\/image\\\/\",\"url\":\"https:\\\/\\\/www.organisator.ch\\\/wp-content\\\/uploads\\\/2022\\\/01\\\/Logo_Organisator_Website.png\",\"contentUrl\":\"https:\\\/\\\/www.organisator.ch\\\/wp-content\\\/uploads\\\/2022\\\/01\\\/Logo_Organisator_Website.png\",\"width\":800,\"height\":77,\"caption\":\"Organisator\"},\"image\":{\"@id\":\"https:\\\/\\\/www.organisator.ch\\\/#\\\/schema\\\/logo\\\/image\\\/\"},\"sameAs\":[\"https:\\\/\\\/www.facebook.com\\\/OrganisatorFachmagazin\",\"https:\\\/\\\/www.linkedin.com\\\/showcase\\\/organisator-das-magazin-fr-kmu\",\"https:\\\/\\\/www.xing.com\\\/news\\\/pages\\\/organisator-ch-695\",\"https:\\\/\\\/www.youtube.com\\\/channel\\\/UCGP2Sq0iWaZwT3BdIAQFYpw\"]},{\"@type\":\"Person\",\"@id\":\"https:\\\/\\\/www.organisator.ch\\\/#\\\/schema\\\/person\\\/134708ca9321c57b0362cceb7948ffbd\",\"name\":\"michael.merz\",\"image\":{\"@type\":\"ImageObject\",\"inLanguage\":\"fr-FR\",\"@id\":\"https:\\\/\\\/secure.gravatar.com\\\/avatar\\\/?s=96&d=mm&r=g\",\"url\":\"https:\\\/\\\/secure.gravatar.com\\\/avatar\\\/?s=96&d=mm&r=g\",\"contentUrl\":\"https:\\\/\\\/secure.gravatar.com\\\/avatar\\\/?s=96&d=mm&r=g\",\"caption\":\"michael.merz\"},\"url\":\"https:\\\/\\\/www.organisator.ch\\\/fr\\\/author\\\/michael-merz\\\/\"}]}<\/script>\n<!-- \/ Yoast SEO plugin. -->","yoast_head_json":{"title":"Nouveau rapport du Conseil f\u00e9d\u00e9ral sur le commerce de l'or - Organisateur","description":"Dans son nouveau rapport sur le commerce de l'or, le Conseil f\u00e9d\u00e9ral analyse le secteur de l'or en Suisse et pr\u00e9sente des initiatives et des mesures.","robots":{"index":"index","follow":"follow","max-snippet":"max-snippet:-1","max-image-preview":"max-image-preview:large","max-video-preview":"max-video-preview:-1"},"canonical":"https:\/\/www.organisator.ch\/fr\/general\/2018-12-06\/neuer-bericht-des-bundesrates-zum-goldhandel\/","og_locale":"fr_FR","og_type":"article","og_title":"Neuer Bericht des Bundesrates zum Goldhandel - Organisator","og_description":"Im neuen Bericht zum Goldhandel analysiert der Bundesrat den Goldsektor in der Schweiz und stellt Initiativen und Massnahmen vor.","og_url":"https:\/\/www.organisator.ch\/fr\/general\/2018-12-06\/neuer-bericht-des-bundesrates-zum-goldhandel\/","og_site_name":"Organisator","article_publisher":"https:\/\/www.facebook.com\/OrganisatorFachmagazin","article_published_time":"2018-12-06T15:27:26+00:00","og_image":[{"width":640,"height":427,"url":"https:\/\/www.organisator.ch\/wp-content\/uploads\/2018\/12\/Goldhandel-Umweltperspektiven_UP.jpg","type":"image\/jpeg"}],"author":"michael.merz","twitter_card":"summary_large_image","schema":{"@context":"https:\/\/schema.org","@graph":[{"@type":"Article","@id":"https:\/\/www.organisator.ch\/en\/general\/2018-12-06\/neuer-bericht-des-bundesrates-zum-goldhandel\/#article","isPartOf":{"@id":"https:\/\/www.organisator.ch\/en\/general\/2018-12-06\/neuer-bericht-des-bundesrates-zum-goldhandel\/"},"author":{"name":"michael.merz","@id":"https:\/\/www.organisator.ch\/#\/schema\/person\/134708ca9321c57b0362cceb7948ffbd"},"headline":"Neuer Bericht des Bundesrates zum Goldhandel","datePublished":"2018-12-06T15:27:26+00:00","mainEntityOfPage":{"@id":"https:\/\/www.organisator.ch\/en\/general\/2018-12-06\/neuer-bericht-des-bundesrates-zum-goldhandel\/"},"wordCount":244,"commentCount":0,"publisher":{"@id":"https:\/\/www.organisator.ch\/#organization"},"image":{"@id":"https:\/\/www.organisator.ch\/en\/general\/2018-12-06\/neuer-bericht-des-bundesrates-zum-goldhandel\/#primaryimage"},"thumbnailUrl":"https:\/\/www.organisator.ch\/wp-content\/uploads\/2018\/12\/Goldhandel-Umweltperspektiven_UP.jpg","keywords":["Gold","Menschenrechte","Rohstoffe","Transparenz"],"articleSection":["Allgemein"],"inLanguage":"fr-FR"},{"@type":"WebPage","@id":"https:\/\/www.organisator.ch\/en\/general\/2018-12-06\/neuer-bericht-des-bundesrates-zum-goldhandel\/","url":"https:\/\/www.organisator.ch\/en\/general\/2018-12-06\/neuer-bericht-des-bundesrates-zum-goldhandel\/","name":"Nouveau rapport du Conseil f\u00e9d\u00e9ral sur le commerce de l'or - Organisateur","isPartOf":{"@id":"https:\/\/www.organisator.ch\/#website"},"primaryImageOfPage":{"@id":"https:\/\/www.organisator.ch\/en\/general\/2018-12-06\/neuer-bericht-des-bundesrates-zum-goldhandel\/#primaryimage"},"image":{"@id":"https:\/\/www.organisator.ch\/en\/general\/2018-12-06\/neuer-bericht-des-bundesrates-zum-goldhandel\/#primaryimage"},"thumbnailUrl":"https:\/\/www.organisator.ch\/wp-content\/uploads\/2018\/12\/Goldhandel-Umweltperspektiven_UP.jpg","datePublished":"2018-12-06T15:27:26+00:00","description":"Dans son nouveau rapport sur le commerce de l'or, le Conseil f\u00e9d\u00e9ral analyse le secteur de l'or en Suisse et pr\u00e9sente des initiatives et des mesures.","breadcrumb":{"@id":"https:\/\/www.organisator.ch\/en\/general\/2018-12-06\/neuer-bericht-des-bundesrates-zum-goldhandel\/#breadcrumb"},"inLanguage":"fr-FR","potentialAction":[{"@type":"ReadAction","target":["https:\/\/www.organisator.ch\/en\/general\/2018-12-06\/neuer-bericht-des-bundesrates-zum-goldhandel\/"]}]},{"@type":"ImageObject","inLanguage":"fr-FR","@id":"https:\/\/www.organisator.ch\/en\/general\/2018-12-06\/neuer-bericht-des-bundesrates-zum-goldhandel\/#primaryimage","url":"https:\/\/www.organisator.ch\/wp-content\/uploads\/2018\/12\/Goldhandel-Umweltperspektiven_UP.jpg","contentUrl":"https:\/\/www.organisator.ch\/wp-content\/uploads\/2018\/12\/Goldhandel-Umweltperspektiven_UP.jpg","width":640,"height":427,"caption":"Der Bund legt wieder Schwergewicht auf die R\u00fcckverfolgbarkeit von Goldressourcen. (Symbolbild: Unsplash)"},{"@type":"BreadcrumbList","@id":"https:\/\/www.organisator.ch\/en\/general\/2018-12-06\/neuer-bericht-des-bundesrates-zum-goldhandel\/#breadcrumb","itemListElement":[{"@type":"ListItem","position":1,"name":"Home","item":"https:\/\/www.organisator.ch\/"},{"@type":"ListItem","position":2,"name":"Neuer Bericht des Bundesrates zum Goldhandel"}]},{"@type":"WebSite","@id":"https:\/\/www.organisator.ch\/#website","url":"https:\/\/www.organisator.ch\/","name":"Organisateur","description":"Comp\u00e9tence et comp\u00e9tence. Proches de la pratique. L'ORGANISATEUR pr\u00e9pare 10 num\u00e9ros par an sur les th\u00e8mes essentiels pour les dirigeants de PME.","publisher":{"@id":"https:\/\/www.organisator.ch\/#organization"},"potentialAction":[{"@type":"SearchAction","target":{"@type":"EntryPoint","urlTemplate":"https:\/\/www.organisator.ch\/?s={search_term_string}"},"query-input":{"@type":"PropertyValueSpecification","valueRequired":true,"valueName":"search_term_string"}}],"inLanguage":"fr-FR"},{"@type":"Organization","@id":"https:\/\/www.organisator.ch\/#organization","name":"Organisateur","url":"https:\/\/www.organisator.ch\/","logo":{"@type":"ImageObject","inLanguage":"fr-FR","@id":"https:\/\/www.organisator.ch\/#\/schema\/logo\/image\/","url":"https:\/\/www.organisator.ch\/wp-content\/uploads\/2022\/01\/Logo_Organisator_Website.png","contentUrl":"https:\/\/www.organisator.ch\/wp-content\/uploads\/2022\/01\/Logo_Organisator_Website.png","width":800,"height":77,"caption":"Organisator"},"image":{"@id":"https:\/\/www.organisator.ch\/#\/schema\/logo\/image\/"},"sameAs":["https:\/\/www.facebook.com\/OrganisatorFachmagazin","https:\/\/www.linkedin.com\/showcase\/organisator-das-magazin-fr-kmu","https:\/\/www.xing.com\/news\/pages\/organisator-ch-695","https:\/\/www.youtube.com\/channel\/UCGP2Sq0iWaZwT3BdIAQFYpw"]},{"@type":"Person","@id":"https:\/\/www.organisator.ch\/#\/schema\/person\/134708ca9321c57b0362cceb7948ffbd","name":"michael.merz","image":{"@type":"ImageObject","inLanguage":"fr-FR","@id":"https:\/\/secure.gravatar.com\/avatar\/?s=96&d=mm&r=g","url":"https:\/\/secure.gravatar.com\/avatar\/?s=96&d=mm&r=g","contentUrl":"https:\/\/secure.gravatar.com\/avatar\/?s=96&d=mm&r=g","caption":"michael.merz"},"url":"https:\/\/www.organisator.ch\/fr\/author\/michael-merz\/"}]}},"_links":{"self":[{"href":"https:\/\/www.organisator.ch\/fr\/wp-json\/wp\/v2\/posts\/1923","targetHints":{"allow":["GET"]}}],"collection":[{"href":"https:\/\/www.organisator.ch\/fr\/wp-json\/wp\/v2\/posts"}],"about":[{"href":"https:\/\/www.organisator.ch\/fr\/wp-json\/wp\/v2\/types\/post"}],"author":[{"embeddable":true,"href":"https:\/\/www.organisator.ch\/fr\/wp-json\/wp\/v2\/users\/5"}],"replies":[{"embeddable":true,"href":"https:\/\/www.organisator.ch\/fr\/wp-json\/wp\/v2\/comments?post=1923"}],"version-history":[{"count":0,"href":"https:\/\/www.organisator.ch\/fr\/wp-json\/wp\/v2\/posts\/1923\/revisions"}],"wp:featuredmedia":[{"embeddable":true,"href":"https:\/\/www.organisator.ch\/fr\/wp-json\/wp\/v2\/media\/9575"}],"wp:attachment":[{"href":"https:\/\/www.organisator.ch\/fr\/wp-json\/wp\/v2\/media?parent=1923"}],"wp:term":[{"taxonomy":"category","embeddable":true,"href":"https:\/\/www.organisator.ch\/fr\/wp-json\/wp\/v2\/categories?post=1923"},{"taxonomy":"post_tag","embeddable":true,"href":"https:\/\/www.organisator.ch\/fr\/wp-json\/wp\/v2\/tags?post=1923"}],"curies":[{"name":"wp","href":"https:\/\/api.w.org\/{rel}","templated":true}]}}