{"id":19239,"date":"2023-03-09T09:25:17","date_gmt":"2023-03-09T08:25:17","guid":{"rendered":"https:\/\/www.organisator.ch\/?p=19239"},"modified":"2023-03-09T09:25:17","modified_gmt":"2023-03-09T08:25:17","slug":"metassociation-swiss-metaverse-association-gegruendet","status":"publish","type":"post","link":"https:\/\/www.organisator.ch\/fr\/marketing\/2023-03-09\/metassociation-swiss-metaverse-association-gegruendet\/","title":{"rendered":"Metassociation : Fondation de la Swiss Metaverse Association"},"content":{"rendered":"<figure id=\"attachment_19240\" aria-describedby=\"caption-attachment-19240\" style=\"width: 680px\" class=\"wp-caption alignnone\"><img loading=\"lazy\" decoding=\"async\" class=\"size-full wp-image-19240\" src=\"https:\/\/www.organisator.ch\/wp-content\/uploads\/2023\/03\/Metassociation-Swiss-Metaverse-Association-gegruendet_Organisator.jpg\" alt=\"\" width=\"680\" height=\"494\" srcset=\"https:\/\/www.organisator.ch\/wp-content\/uploads\/2023\/03\/Metassociation-Swiss-Metaverse-Association-gegruendet_Organisator.jpg 680w, https:\/\/www.organisator.ch\/wp-content\/uploads\/2023\/03\/Metassociation-Swiss-Metaverse-Association-gegruendet_Organisator-18x12.jpg 18w, https:\/\/www.organisator.ch\/wp-content\/uploads\/2023\/03\/Metassociation-Swiss-Metaverse-Association-gegruendet_Organisator-375x272.jpg 375w, https:\/\/www.organisator.ch\/wp-content\/uploads\/2023\/03\/Metassociation-Swiss-Metaverse-Association-gegruendet_Organisator-482x350.jpg 482w\" sizes=\"auto, (max-width: 680px) 100vw, 680px\" \/><figcaption id=\"caption-attachment-19240\" class=\"wp-caption-text\">La Swiss Metaverse Association (Metassociation) veut contribuer \u00e0 faire de la Suisse l'un des meilleurs sites d'avenir pour Metaverse. (Image : capture d'\u00e9cran www.metassociation.ch)<\/figcaption><\/figure>\n<p>Pour un nombre croissant d'experts, l'avenir d'Internet r\u00e9side dans le metaverse. Les espaces virtuels du m\u00e9tavers pourraient notamment se transformer en gigantesques canaux de marketing. Selon <a href=\"https:\/\/www.organisator.ch\/de\/marketing\/2023-02-16\/metaverse-schweizer-unternehmen-drohen-anschluss-zu-verpassen\/\">une \u00e9tude r\u00e9cemment publi\u00e9e, la Suisse risque toutefois de rater le coche<\/a>. Une association qui vient d'\u00eatre fond\u00e9e \u00e0 Berne veut justement \u00e9viter cela et s'est fix\u00e9 pour objectif de cr\u00e9er un \u00e9cosyst\u00e8me Metaverse largement soutenu et de s'engager pour des conditions-cadres attrayantes en Suisse, afin que de nouveaux mod\u00e8les commerciaux, entreprises et emplois puissent voir le jour. La Swiss Metaverse Association (en bref : Metassociation) est pr\u00e9sid\u00e9e par Tina Balzli, partenaire et responsable du d\u00e9partement Fintech &amp; Blockchain chez CMS Suisse, et Alexandra Hofer, Senior Consultant chez furrerhugi. \"Avec cette association, nous cr\u00e9ons des bases importantes pour positionner la Suisse en tant que site innovant et tourn\u00e9 vers l'avenir, qui rend possible les projets Metaverse. En tant qu'association, nous mettons en r\u00e9seau les acteurs pertinents, lan\u00e7ons des projets et encourageons le dialogue et l'information\", explique Tina Balzli, copr\u00e9sidente.<\/p>\n<h3>Grand besoin d'\u00e9changer sur le m\u00e9tavers<\/h3>\n<p>Le projet \"Metassociation\" a \u00e9t\u00e9 initi\u00e9 conjointement par Lorenz Furrer, Managing Partner chez furrerhugi, et Daniel Diemers, Partner chez SNGLR Group. Daniel Diemers si\u00e8ge \u00e9galement au conseil d'administration de la Swiss Metaverse Association. Parmi les 47 membres fondateurs figurent des organisations, des banques, des entreprises internationales, des start-ups, des universit\u00e9s, des associations et des particuliers. Les rencontres pass\u00e9es avec les membres fondateurs ont montr\u00e9 que le m\u00e9tavers ouvrait de nombreuses possibilit\u00e9s et opportunit\u00e9s, mais qu'il soulevait aussi des questions et des d\u00e9fis - en cons\u00e9quence, le besoin des membres d'\u00e9changer et d'approfondir des questions int\u00e9ressantes est tr\u00e8s grand. \"Nous sommes tr\u00e8s heureux que la Swiss Metaverse Association ait rencontr\u00e9 un tel succ\u00e8s. Avec ses 47 membres fondateurs, l'association dispose d'expertises vari\u00e9es dans des domaines tr\u00e8s diff\u00e9rents - ce qui apporte une grande valeur ajout\u00e9e. Ensemble, nous pouvons d\u00e9sormais contribuer \u00e0 fa\u00e7onner un monde num\u00e9rique futur qui profite \u00e0 tous\", d\u00e9clare la copr\u00e9sidente Alexandra Hofer.<\/p>\n<h3>Aborder de mani\u00e8re proactive les questions relatives au m\u00e9tavers<\/h3>\n<p>Diverses manifestations sont pr\u00e9vues dans le cadre de la Swiss Metaverse Association. En outre, des groupes de travail sont en train d'\u00eatre form\u00e9s pour traiter des questions et des th\u00e8mes sp\u00e9cifiques. Les th\u00e8mes suivants font actuellement partie des priorit\u00e9s : Fiscalit\u00e9, Metaverse industriel, R\u00e9gulation, Art et culture, Recherche et formation, Assurance et banque, Technologie et infrastructure, Sant\u00e9 ainsi que Tourisme et sport. En outre, un livre blanc sera r\u00e9dig\u00e9 et une carte de l'\u00e9cosyst\u00e8me Swiss Metaverse sera \u00e9tablie. Daniel Diemers, membre du comit\u00e9 et Head Expert Tribe, explique : \"Nous voulons apprendre ensemble, d\u00e9velopper des id\u00e9es, trouver des synergies, \u00e9laborer les d\u00e9fis et les opportunit\u00e9s du m\u00e9tavers et faire ainsi en sorte que la Suisse devienne l'un des sites Metaverse les plus attrayants et les meilleurs au monde\".<\/p>\n<p><em><a href=\"http:\/\/www.metassociation.ch\">Source et informations compl\u00e9mentaires<\/a><\/em><\/p>","protected":false},"excerpt":{"rendered":"<p>F\u00fcr immer mehr Experten liegt im Metaverse die Zukunft des Internets. Insbesondere k\u00f6nnten sich die virtuellen R\u00e4ume im Metaverse zu gigantischen Marketingkan\u00e4len entwickeln. Gem\u00e4ss einer j\u00fcngst ver\u00f6ffentlichten Studie droht die Schweiz aber den Anschluss zu verpassen. Ein eben in Bern gegr\u00fcndeter Verein will genau das verhindern und hat sich zum Ziel gesetzt,\u00a0 ein breit abgest\u00fctztes [&hellip;]<\/p>\n","protected":false},"author":4,"featured_media":19240,"comment_status":"closed","ping_status":"closed","sticky":false,"template":"","format":"standard","meta":{"_acf_changed":false,"_yoast_wpseo_focuskw":"Metassociation","_yoast_wpseo_metadesc":"47 Partner aus Wirtschaft, Wissenschaft und Verwaltung haben die Swiss Metaverse Association, kurz Metassociation, gegr\u00fcndet.","articlekey":"","footnotes":""},"categories":[29],"tags":[156,2796,503,2477],"class_list":["post-19239","post","type-post","status-publish","format-standard","has-post-thumbnail","hentry","category-marketing","tag-digitalisierung","tag-metaverse","tag-verbaende","tag-virtual-reality"],"acf":[],"yoast_head":"<!-- This site is optimized with the Yoast SEO plugin v27.5 - https:\/\/yoast.com\/product\/yoast-seo-wordpress\/ -->\n<title>Metassociation: Swiss Metaverse Association gegr\u00fcndet - Organisator<\/title>\n<meta name=\"description\" content=\"47 Partner aus Wirtschaft, Wissenschaft und Verwaltung haben die Swiss Metaverse Association, kurz Metassociation, gegr\u00fcndet.\" \/>\n<meta name=\"robots\" content=\"index, follow, max-snippet:-1, max-image-preview:large, max-video-preview:-1\" \/>\n<link rel=\"canonical\" href=\"https:\/\/www.organisator.ch\/fr\/marketing\/2023-03-09\/metassociation-swiss-metaverse-association-gegruendet\/\" \/>\n<meta property=\"og:locale\" content=\"fr_FR\" \/>\n<meta property=\"og:type\" content=\"article\" \/>\n<meta property=\"og:title\" content=\"Metassociation: Swiss Metaverse Association gegr\u00fcndet\" \/>\n<meta property=\"og:description\" content=\"47 Partner aus Wirtschaft, Wissenschaft und Verwaltung haben die Swiss Metaverse Association, kurz Metassociation, gegr\u00fcndet.\" \/>\n<meta property=\"og:url\" content=\"https:\/\/www.organisator.ch\/fr\/marketing\/2023-03-09\/metassociation-swiss-metaverse-association-gegruendet\/\" \/>\n<meta property=\"og:site_name\" content=\"Organisator\" \/>\n<meta property=\"article:publisher\" content=\"https:\/\/www.facebook.com\/OrganisatorFachmagazin\" \/>\n<meta property=\"article:published_time\" content=\"2023-03-09T08:25:17+00:00\" \/>\n<meta property=\"og:image\" content=\"https:\/\/www.organisator.ch\/wp-content\/uploads\/2023\/03\/Metassociation-Swiss-Metaverse-Association-gegruendet_Organisator.jpg\" \/>\n\t<meta property=\"og:image:width\" content=\"680\" \/>\n\t<meta property=\"og:image:height\" content=\"494\" \/>\n\t<meta property=\"og:image:type\" content=\"image\/jpeg\" \/>\n<meta name=\"author\" content=\"thomas.berner\" \/>\n<meta name=\"twitter:card\" content=\"summary_large_image\" \/>\n<meta name=\"twitter:title\" content=\"#Metassociation: Swiss Metaverse Association gegr\u00fcndet\" \/>\n<meta name=\"twitter:description\" content=\"47 Partner aus Wirtschaft, Wissenschaft und Verwaltung haben die Swiss Metaverse Association, kurz #Metassociation, gegr\u00fcndet.\" \/>\n<meta name=\"twitter:image\" content=\"https:\/\/www.organisator.ch\/wp-content\/uploads\/2023\/03\/Metassociation-Swiss-Metaverse-Association-gegruendet_Organisator.jpg\" \/>\n<script type=\"application\/ld+json\" class=\"yoast-schema-graph\">{\"@context\":\"https:\\\/\\\/schema.org\",\"@graph\":[{\"@type\":\"Article\",\"@id\":\"https:\\\/\\\/www.organisator.ch\\\/marketing\\\/2023-03-09\\\/metassociation-swiss-metaverse-association-gegruendet\\\/#article\",\"isPartOf\":{\"@id\":\"https:\\\/\\\/www.organisator.ch\\\/marketing\\\/2023-03-09\\\/metassociation-swiss-metaverse-association-gegruendet\\\/\"},\"author\":{\"name\":\"thomas.berner\",\"@id\":\"https:\\\/\\\/www.organisator.ch\\\/#\\\/schema\\\/person\\\/6f650f90b2842cd4c0cc334b4e36f67e\"},\"headline\":\"Metassociation: Swiss Metaverse Association gegr\u00fcndet\",\"datePublished\":\"2023-03-09T08:25:17+00:00\",\"mainEntityOfPage\":{\"@id\":\"https:\\\/\\\/www.organisator.ch\\\/marketing\\\/2023-03-09\\\/metassociation-swiss-metaverse-association-gegruendet\\\/\"},\"wordCount\":479,\"publisher\":{\"@id\":\"https:\\\/\\\/www.organisator.ch\\\/#organization\"},\"image\":{\"@id\":\"https:\\\/\\\/www.organisator.ch\\\/marketing\\\/2023-03-09\\\/metassociation-swiss-metaverse-association-gegruendet\\\/#primaryimage\"},\"thumbnailUrl\":\"https:\\\/\\\/www.organisator.ch\\\/wp-content\\\/uploads\\\/2023\\\/03\\\/Metassociation-Swiss-Metaverse-Association-gegruendet_Organisator.jpg\",\"keywords\":[\"Digitalisierung\",\"Metaverse\",\"Verb\u00e4nde\",\"Virtual Reality\"],\"articleSection\":[\"MARKETING\"],\"inLanguage\":\"fr-FR\"},{\"@type\":\"WebPage\",\"@id\":\"https:\\\/\\\/www.organisator.ch\\\/marketing\\\/2023-03-09\\\/metassociation-swiss-metaverse-association-gegruendet\\\/\",\"url\":\"https:\\\/\\\/www.organisator.ch\\\/marketing\\\/2023-03-09\\\/metassociation-swiss-metaverse-association-gegruendet\\\/\",\"name\":\"Metassociation: Swiss Metaverse Association gegr\u00fcndet - Organisator\",\"isPartOf\":{\"@id\":\"https:\\\/\\\/www.organisator.ch\\\/#website\"},\"primaryImageOfPage\":{\"@id\":\"https:\\\/\\\/www.organisator.ch\\\/marketing\\\/2023-03-09\\\/metassociation-swiss-metaverse-association-gegruendet\\\/#primaryimage\"},\"image\":{\"@id\":\"https:\\\/\\\/www.organisator.ch\\\/marketing\\\/2023-03-09\\\/metassociation-swiss-metaverse-association-gegruendet\\\/#primaryimage\"},\"thumbnailUrl\":\"https:\\\/\\\/www.organisator.ch\\\/wp-content\\\/uploads\\\/2023\\\/03\\\/Metassociation-Swiss-Metaverse-Association-gegruendet_Organisator.jpg\",\"datePublished\":\"2023-03-09T08:25:17+00:00\",\"description\":\"47 Partner aus Wirtschaft, Wissenschaft und Verwaltung haben die Swiss Metaverse Association, kurz Metassociation, gegr\u00fcndet.\",\"breadcrumb\":{\"@id\":\"https:\\\/\\\/www.organisator.ch\\\/marketing\\\/2023-03-09\\\/metassociation-swiss-metaverse-association-gegruendet\\\/#breadcrumb\"},\"inLanguage\":\"fr-FR\",\"potentialAction\":[{\"@type\":\"ReadAction\",\"target\":[\"https:\\\/\\\/www.organisator.ch\\\/marketing\\\/2023-03-09\\\/metassociation-swiss-metaverse-association-gegruendet\\\/\"]}]},{\"@type\":\"ImageObject\",\"inLanguage\":\"fr-FR\",\"@id\":\"https:\\\/\\\/www.organisator.ch\\\/marketing\\\/2023-03-09\\\/metassociation-swiss-metaverse-association-gegruendet\\\/#primaryimage\",\"url\":\"https:\\\/\\\/www.organisator.ch\\\/wp-content\\\/uploads\\\/2023\\\/03\\\/Metassociation-Swiss-Metaverse-Association-gegruendet_Organisator.jpg\",\"contentUrl\":\"https:\\\/\\\/www.organisator.ch\\\/wp-content\\\/uploads\\\/2023\\\/03\\\/Metassociation-Swiss-Metaverse-Association-gegruendet_Organisator.jpg\",\"width\":680,\"height\":494,\"caption\":\"Die Swiss Metaverse Association (Metassociation) will dazu beitragen, dass die Schweiz als Zukunftsstandort f\u00fcr Metaverse zu den besten geh\u00f6rt. (Bild: Screenshot www.metassociation.ch)\"},{\"@type\":\"BreadcrumbList\",\"@id\":\"https:\\\/\\\/www.organisator.ch\\\/marketing\\\/2023-03-09\\\/metassociation-swiss-metaverse-association-gegruendet\\\/#breadcrumb\",\"itemListElement\":[{\"@type\":\"ListItem\",\"position\":1,\"name\":\"Home\",\"item\":\"https:\\\/\\\/www.organisator.ch\\\/\"},{\"@type\":\"ListItem\",\"position\":2,\"name\":\"Metassociation: Swiss Metaverse Association gegr\u00fcndet\"}]},{\"@type\":\"WebSite\",\"@id\":\"https:\\\/\\\/www.organisator.ch\\\/#website\",\"url\":\"https:\\\/\\\/www.organisator.ch\\\/\",\"name\":\"Organisator\",\"description\":\"Kompetent. Praxisnah. Der ORGANISATOR bereitet in 10 Ausgaben pro Jahr die wesentlichen Themen f\u00fcr F\u00fchrungskr\u00e4fte von KMU auf.\",\"publisher\":{\"@id\":\"https:\\\/\\\/www.organisator.ch\\\/#organization\"},\"potentialAction\":[{\"@type\":\"SearchAction\",\"target\":{\"@type\":\"EntryPoint\",\"urlTemplate\":\"https:\\\/\\\/www.organisator.ch\\\/?s={search_term_string}\"},\"query-input\":{\"@type\":\"PropertyValueSpecification\",\"valueRequired\":true,\"valueName\":\"search_term_string\"}}],\"inLanguage\":\"fr-FR\"},{\"@type\":\"Organization\",\"@id\":\"https:\\\/\\\/www.organisator.ch\\\/#organization\",\"name\":\"Organisator\",\"url\":\"https:\\\/\\\/www.organisator.ch\\\/\",\"logo\":{\"@type\":\"ImageObject\",\"inLanguage\":\"fr-FR\",\"@id\":\"https:\\\/\\\/www.organisator.ch\\\/#\\\/schema\\\/logo\\\/image\\\/\",\"url\":\"https:\\\/\\\/www.organisator.ch\\\/wp-content\\\/uploads\\\/2022\\\/01\\\/Logo_Organisator_Website.png\",\"contentUrl\":\"https:\\\/\\\/www.organisator.ch\\\/wp-content\\\/uploads\\\/2022\\\/01\\\/Logo_Organisator_Website.png\",\"width\":800,\"height\":77,\"caption\":\"Organisator\"},\"image\":{\"@id\":\"https:\\\/\\\/www.organisator.ch\\\/#\\\/schema\\\/logo\\\/image\\\/\"},\"sameAs\":[\"https:\\\/\\\/www.facebook.com\\\/OrganisatorFachmagazin\",\"https:\\\/\\\/www.linkedin.com\\\/showcase\\\/organisator-das-magazin-fr-kmu\",\"https:\\\/\\\/www.xing.com\\\/news\\\/pages\\\/organisator-ch-695\",\"https:\\\/\\\/www.youtube.com\\\/channel\\\/UCGP2Sq0iWaZwT3BdIAQFYpw\"]},{\"@type\":\"Person\",\"@id\":\"https:\\\/\\\/www.organisator.ch\\\/#\\\/schema\\\/person\\\/6f650f90b2842cd4c0cc334b4e36f67e\",\"name\":\"thomas.berner\",\"image\":{\"@type\":\"ImageObject\",\"inLanguage\":\"fr-FR\",\"@id\":\"https:\\\/\\\/secure.gravatar.com\\\/avatar\\\/ac5001d2a36cb6c6cd3e50789007ffca834b477b74a2144564522e944eabff61?s=96&d=mm&r=g\",\"url\":\"https:\\\/\\\/secure.gravatar.com\\\/avatar\\\/ac5001d2a36cb6c6cd3e50789007ffca834b477b74a2144564522e944eabff61?s=96&d=mm&r=g\",\"contentUrl\":\"https:\\\/\\\/secure.gravatar.com\\\/avatar\\\/ac5001d2a36cb6c6cd3e50789007ffca834b477b74a2144564522e944eabff61?s=96&d=mm&r=g\",\"caption\":\"thomas.berner\"},\"url\":\"https:\\\/\\\/www.organisator.ch\\\/fr\\\/author\\\/thomas-berner\\\/\"}]}<\/script>\n<!-- \/ Yoast SEO plugin. -->","yoast_head_json":{"title":"Metassociation : Cr\u00e9ation de la Swiss Metaverse Association - Organisateur","description":"47 partenaires issus de l'\u00e9conomie, de la science et de l'administration ont fond\u00e9 la Swiss Metaverse Association, en abr\u00e9g\u00e9 Metassociation.","robots":{"index":"index","follow":"follow","max-snippet":"max-snippet:-1","max-image-preview":"max-image-preview:large","max-video-preview":"max-video-preview:-1"},"canonical":"https:\/\/www.organisator.ch\/fr\/marketing\/2023-03-09\/metassociation-swiss-metaverse-association-gegruendet\/","og_locale":"fr_FR","og_type":"article","og_title":"Metassociation: Swiss Metaverse Association gegr\u00fcndet","og_description":"47 Partner aus Wirtschaft, Wissenschaft und Verwaltung haben die Swiss Metaverse Association, kurz Metassociation, gegr\u00fcndet.","og_url":"https:\/\/www.organisator.ch\/fr\/marketing\/2023-03-09\/metassociation-swiss-metaverse-association-gegruendet\/","og_site_name":"Organisator","article_publisher":"https:\/\/www.facebook.com\/OrganisatorFachmagazin","article_published_time":"2023-03-09T08:25:17+00:00","og_image":[{"width":680,"height":494,"url":"https:\/\/www.organisator.ch\/wp-content\/uploads\/2023\/03\/Metassociation-Swiss-Metaverse-Association-gegruendet_Organisator.jpg","type":"image\/jpeg"}],"author":"thomas.berner","twitter_card":"summary_large_image","twitter_title":"#Metassociation: Swiss Metaverse Association gegr\u00fcndet","twitter_description":"47 Partner aus Wirtschaft, Wissenschaft und Verwaltung haben die Swiss Metaverse Association, kurz #Metassociation, gegr\u00fcndet.","twitter_image":"https:\/\/www.organisator.ch\/wp-content\/uploads\/2023\/03\/Metassociation-Swiss-Metaverse-Association-gegruendet_Organisator.jpg","schema":{"@context":"https:\/\/schema.org","@graph":[{"@type":"Article","@id":"https:\/\/www.organisator.ch\/marketing\/2023-03-09\/metassociation-swiss-metaverse-association-gegruendet\/#article","isPartOf":{"@id":"https:\/\/www.organisator.ch\/marketing\/2023-03-09\/metassociation-swiss-metaverse-association-gegruendet\/"},"author":{"name":"thomas.berner","@id":"https:\/\/www.organisator.ch\/#\/schema\/person\/6f650f90b2842cd4c0cc334b4e36f67e"},"headline":"Metassociation: Swiss Metaverse Association gegr\u00fcndet","datePublished":"2023-03-09T08:25:17+00:00","mainEntityOfPage":{"@id":"https:\/\/www.organisator.ch\/marketing\/2023-03-09\/metassociation-swiss-metaverse-association-gegruendet\/"},"wordCount":479,"publisher":{"@id":"https:\/\/www.organisator.ch\/#organization"},"image":{"@id":"https:\/\/www.organisator.ch\/marketing\/2023-03-09\/metassociation-swiss-metaverse-association-gegruendet\/#primaryimage"},"thumbnailUrl":"https:\/\/www.organisator.ch\/wp-content\/uploads\/2023\/03\/Metassociation-Swiss-Metaverse-Association-gegruendet_Organisator.jpg","keywords":["Digitalisierung","Metaverse","Verb\u00e4nde","Virtual Reality"],"articleSection":["MARKETING"],"inLanguage":"fr-FR"},{"@type":"WebPage","@id":"https:\/\/www.organisator.ch\/marketing\/2023-03-09\/metassociation-swiss-metaverse-association-gegruendet\/","url":"https:\/\/www.organisator.ch\/marketing\/2023-03-09\/metassociation-swiss-metaverse-association-gegruendet\/","name":"Metassociation : Cr\u00e9ation de la Swiss Metaverse Association - Organisateur","isPartOf":{"@id":"https:\/\/www.organisator.ch\/#website"},"primaryImageOfPage":{"@id":"https:\/\/www.organisator.ch\/marketing\/2023-03-09\/metassociation-swiss-metaverse-association-gegruendet\/#primaryimage"},"image":{"@id":"https:\/\/www.organisator.ch\/marketing\/2023-03-09\/metassociation-swiss-metaverse-association-gegruendet\/#primaryimage"},"thumbnailUrl":"https:\/\/www.organisator.ch\/wp-content\/uploads\/2023\/03\/Metassociation-Swiss-Metaverse-Association-gegruendet_Organisator.jpg","datePublished":"2023-03-09T08:25:17+00:00","description":"47 partenaires issus de l'\u00e9conomie, de la science et de l'administration ont fond\u00e9 la Swiss Metaverse Association, en abr\u00e9g\u00e9 Metassociation.","breadcrumb":{"@id":"https:\/\/www.organisator.ch\/marketing\/2023-03-09\/metassociation-swiss-metaverse-association-gegruendet\/#breadcrumb"},"inLanguage":"fr-FR","potentialAction":[{"@type":"ReadAction","target":["https:\/\/www.organisator.ch\/marketing\/2023-03-09\/metassociation-swiss-metaverse-association-gegruendet\/"]}]},{"@type":"ImageObject","inLanguage":"fr-FR","@id":"https:\/\/www.organisator.ch\/marketing\/2023-03-09\/metassociation-swiss-metaverse-association-gegruendet\/#primaryimage","url":"https:\/\/www.organisator.ch\/wp-content\/uploads\/2023\/03\/Metassociation-Swiss-Metaverse-Association-gegruendet_Organisator.jpg","contentUrl":"https:\/\/www.organisator.ch\/wp-content\/uploads\/2023\/03\/Metassociation-Swiss-Metaverse-Association-gegruendet_Organisator.jpg","width":680,"height":494,"caption":"Die Swiss Metaverse Association (Metassociation) will dazu beitragen, dass die Schweiz als Zukunftsstandort f\u00fcr Metaverse zu den besten geh\u00f6rt. (Bild: Screenshot www.metassociation.ch)"},{"@type":"BreadcrumbList","@id":"https:\/\/www.organisator.ch\/marketing\/2023-03-09\/metassociation-swiss-metaverse-association-gegruendet\/#breadcrumb","itemListElement":[{"@type":"ListItem","position":1,"name":"Home","item":"https:\/\/www.organisator.ch\/"},{"@type":"ListItem","position":2,"name":"Metassociation: Swiss Metaverse Association gegr\u00fcndet"}]},{"@type":"WebSite","@id":"https:\/\/www.organisator.ch\/#website","url":"https:\/\/www.organisator.ch\/","name":"Organisateur","description":"Comp\u00e9tence et comp\u00e9tence. Proches de la pratique. L'ORGANISATEUR pr\u00e9pare 10 num\u00e9ros par an sur les th\u00e8mes essentiels pour les dirigeants de PME.","publisher":{"@id":"https:\/\/www.organisator.ch\/#organization"},"potentialAction":[{"@type":"SearchAction","target":{"@type":"EntryPoint","urlTemplate":"https:\/\/www.organisator.ch\/?s={search_term_string}"},"query-input":{"@type":"PropertyValueSpecification","valueRequired":true,"valueName":"search_term_string"}}],"inLanguage":"fr-FR"},{"@type":"Organization","@id":"https:\/\/www.organisator.ch\/#organization","name":"Organisateur","url":"https:\/\/www.organisator.ch\/","logo":{"@type":"ImageObject","inLanguage":"fr-FR","@id":"https:\/\/www.organisator.ch\/#\/schema\/logo\/image\/","url":"https:\/\/www.organisator.ch\/wp-content\/uploads\/2022\/01\/Logo_Organisator_Website.png","contentUrl":"https:\/\/www.organisator.ch\/wp-content\/uploads\/2022\/01\/Logo_Organisator_Website.png","width":800,"height":77,"caption":"Organisator"},"image":{"@id":"https:\/\/www.organisator.ch\/#\/schema\/logo\/image\/"},"sameAs":["https:\/\/www.facebook.com\/OrganisatorFachmagazin","https:\/\/www.linkedin.com\/showcase\/organisator-das-magazin-fr-kmu","https:\/\/www.xing.com\/news\/pages\/organisator-ch-695","https:\/\/www.youtube.com\/channel\/UCGP2Sq0iWaZwT3BdIAQFYpw"]},{"@type":"Person","@id":"https:\/\/www.organisator.ch\/#\/schema\/person\/6f650f90b2842cd4c0cc334b4e36f67e","name":"thomas.berner","image":{"@type":"ImageObject","inLanguage":"fr-FR","@id":"https:\/\/secure.gravatar.com\/avatar\/ac5001d2a36cb6c6cd3e50789007ffca834b477b74a2144564522e944eabff61?s=96&d=mm&r=g","url":"https:\/\/secure.gravatar.com\/avatar\/ac5001d2a36cb6c6cd3e50789007ffca834b477b74a2144564522e944eabff61?s=96&d=mm&r=g","contentUrl":"https:\/\/secure.gravatar.com\/avatar\/ac5001d2a36cb6c6cd3e50789007ffca834b477b74a2144564522e944eabff61?s=96&d=mm&r=g","caption":"thomas.berner"},"url":"https:\/\/www.organisator.ch\/fr\/author\/thomas-berner\/"}]}},"_links":{"self":[{"href":"https:\/\/www.organisator.ch\/fr\/wp-json\/wp\/v2\/posts\/19239","targetHints":{"allow":["GET"]}}],"collection":[{"href":"https:\/\/www.organisator.ch\/fr\/wp-json\/wp\/v2\/posts"}],"about":[{"href":"https:\/\/www.organisator.ch\/fr\/wp-json\/wp\/v2\/types\/post"}],"author":[{"embeddable":true,"href":"https:\/\/www.organisator.ch\/fr\/wp-json\/wp\/v2\/users\/4"}],"replies":[{"embeddable":true,"href":"https:\/\/www.organisator.ch\/fr\/wp-json\/wp\/v2\/comments?post=19239"}],"version-history":[{"count":1,"href":"https:\/\/www.organisator.ch\/fr\/wp-json\/wp\/v2\/posts\/19239\/revisions"}],"predecessor-version":[{"id":19241,"href":"https:\/\/www.organisator.ch\/fr\/wp-json\/wp\/v2\/posts\/19239\/revisions\/19241"}],"wp:featuredmedia":[{"embeddable":true,"href":"https:\/\/www.organisator.ch\/fr\/wp-json\/wp\/v2\/media\/19240"}],"wp:attachment":[{"href":"https:\/\/www.organisator.ch\/fr\/wp-json\/wp\/v2\/media?parent=19239"}],"wp:term":[{"taxonomy":"category","embeddable":true,"href":"https:\/\/www.organisator.ch\/fr\/wp-json\/wp\/v2\/categories?post=19239"},{"taxonomy":"post_tag","embeddable":true,"href":"https:\/\/www.organisator.ch\/fr\/wp-json\/wp\/v2\/tags?post=19239"}],"curies":[{"name":"wp","href":"https:\/\/api.w.org\/{rel}","templated":true}]}}