{"id":19250,"date":"2023-03-10T08:05:54","date_gmt":"2023-03-10T07:05:54","guid":{"rendered":"https:\/\/www.m-q.ch\/?p=17658"},"modified":"2024-11-18T09:35:32","modified_gmt":"2024-11-18T08:35:32","slug":"verband-krisenkommunikation-begruesst-drei-neue-vorstandsmitglieder","status":"publish","type":"post","link":"https:\/\/www.organisator.ch\/fr\/operational-excellence\/2023-03-10\/verband-krisenkommunikation-begruesst-drei-neue-vorstandsmitglieder\/","title":{"rendered":"L'association Krisenkommunikation accueille trois nouveaux membres au sein de son conseil d'administration"},"content":{"rendered":"<figure id=\"attachment_17659\" class=\"wp-caption alignnone\" style=\"width: 680px\" aria-describedby=\"caption-attachment-17659\"><img class=\"alignnone wp-image-17659 size-full\" src=\"https:\/\/www.m-q.ch\/wp-content\/uploads\/2023\/03\/Verband-Krisenkommunikation-begruesst-drei-neue-Vorstandsmitglieder_MQ.jpg\" alt=\"Comit\u00e9 directeur de la VKK\" width=\"680\" height=\"407\" \/>\r\n<figcaption id=\"caption-attachment-17659\" class=\"wp-caption-text\">Nouveaux membres du comit\u00e9 directeur de la VKK : Eckhard Baschek, Claudia Jenni et Roger Huber (de g. \u00e0 dr.). (Image : Verband Krisenkommunikation)<\/figcaption>\r\n<\/figure>\r\n<p>L'Association pour la communication de crise (ACC) promeut la communication de crise professionnelle et la gestion de la r\u00e9putation en Suisse. Elle soutient l'\u00e9change d'exp\u00e9riences entre les praticiens des entreprises ainsi qu'avec le monde scientifique. L'association peut se r\u00e9jouir d'une ann\u00e9e 2022 active. La demande de soutien dans les situations de crise et pour les formations de pr\u00e9vention est toujours aussi \u00e9lev\u00e9e, comme on peut le lire.\u00a0<\/p>\r\n<h3>Renforcement de l'association Communication de crise<\/h3>\r\n<p>Lors de l'assembl\u00e9e g\u00e9n\u00e9rale, trois nouveaux membres ont \u00e9t\u00e9 \u00e9lus au comit\u00e9 de la VKK. \"Je f\u00e9licite chaleureusement les nouveaux membres du comit\u00e9 pour leur \u00e9lection et les remercie d'ores et d\u00e9j\u00e0 pour leur engagement et leur d\u00e9vouement\", explique le pr\u00e9sident de l'association Markus Baumgartner. Avec Claudia Jenni, c'est une sp\u00e9cialiste exp\u00e9riment\u00e9e de la communication qui vient renforcer le comit\u00e9 directeur, Eckhard Baschek est le premier journaliste \u00e0 y si\u00e9ger et Roger Huber, le pr\u00e9sident fondateur, y fait son retour. Pour les mois \u00e0 venir, le comit\u00e9 s'est fix\u00e9 pour objectif de renforcer les \u00e9changes entre les membres et de d\u00e9battre des incidents actuels, d'\u00e9largir l'empreinte dans les m\u00e9dias sociaux et de conclure d'autres partenariats, comme avec le Leadership Campus de l'arm\u00e9e suisse l'ann\u00e9e derni\u00e8re. Baumgartner : \"En tant que centre de comp\u00e9tences pour la communication de crise et la gestion de la r\u00e9putation, nous encourageons l'\u00e9change, le r\u00e9seau et la formation continue. Les nouveaux membres du comit\u00e9 directeur y apporteront une contribution importante\".\u00a0<\/p>\r\n<h3>Les trois nouveaux membres du comit\u00e9 directeur<\/h3>\r\n<p><strong>Claudia Jenni<\/strong> a travaill\u00e9 de 1994 \u00e0 2011 au Credit Suisse en tant que responsable RP\/m\u00e9dias et Project Manager dans le sponsoring sportif, puis pendant environ quatre ans en tant que charg\u00e9e des relations publiques pour le d\u00e9veloppement urbain de la ville de Winterthur et pendant trois ans en tant que porte-parole de Sanitas Assurance maladie. Depuis 2017, elle dirige \u00e0 Zurich, avec sa partenaire Christina Lamprecht, Kommunikationsatelier GmbH, une agence sp\u00e9cialis\u00e9e dans la communication d'entreprise, le conseil en organisation et le travail avec les cadres et les \u00e9quipes. Dans ce contexte, la communication de crise repr\u00e9sente une grande partie de son travail strat\u00e9gique et op\u00e9rationnel. Claudia Jenni est notamment titulaire d'un Master in Communication Management &amp; Leadership de la ZHAW, est Certified PR &amp; Communication Expert SAQ et administratrice certifi\u00e9e.\u00a0<\/p>\r\n<p><strong>Eckhard Baschek<\/strong> a commenc\u00e9 sa carri\u00e8re en 1984 \u00e0 la r\u00e9daction \u00e9conomique de la \"Ostschweiz\". De 1986 \u00e0 1994, il a \u00e9t\u00e9 porte-parole de la Croix-Rouge suisse \u00e0 Saint-Gall. Il a ensuite travaill\u00e9 comme journaliste ind\u00e9pendant pour Finanz und Wirtschaft, St. Galler Tagblatt et Weltwoche, avant de devenir r\u00e9dacteur pour Schweizer Versicherung et Schweizer Bank. De 1994 \u00e0 2008, il est devenu r\u00e9dacteur \u00e0 la Handelszeitung, o\u00f9 il est revenu en 2016 en tant que coresponsable de la rubrique des suppl\u00e9ments. Entre-temps, il a travaill\u00e9 pour CSC Switzerland, Infel, K-Geld et autentio. Eckhard Baschek a \u00e9tudi\u00e9 les relations internationales \u00e0 la HSG de Saint-Gall et a suivi une formation professionnelle dipl\u00f4mante de journaliste \u00e0 l'\u00e9cole de journalisme de Saint-Gall. Il a \u00e9t\u00e9 membre fondateur de VKK en 2009.\u00a0<\/p>\r\n<p><strong>Roger Huber<\/strong> Apr\u00e8s sa formation commerciale, il a travaill\u00e9 pour le St. Galler Tagblatt et comme r\u00e9dacteur \u00e9conomique pour le quotidien \"Die Ostschweiz\". Il a ensuite travaill\u00e9 comme producteur pour la premi\u00e8re t\u00e9l\u00e9vision priv\u00e9e de Suisse \"European Business Channel\" et, apr\u00e8s la faillite de celle-ci, il est pass\u00e9 \u00e0 \"Finanz und Wirtschaft\". De 1992 \u00e0 1997, il a \u00e9t\u00e9 journaliste chez Cash\/ Cash-TV et directeur du d\u00e9veloppement pour Ringier en Europe de l'Est. Il a ensuite fond\u00e9 la soci\u00e9t\u00e9 \"Huber Media Consulting GmbH\". Il a eu des mandats, entre autres, aupr\u00e8s de l'UBS, du Cr\u00e9dit Suisse, de Wincor Nixdorf, de la Banque B\u00e4r, de Fujitsu Siemens ou d'Ex Libris (prix unique du livre). Il a \u00e9t\u00e9 le pr\u00e9sident fondateur de VKK en 2009. En 2021, il a en outre fond\u00e9 avec deux autres personnes la plateforme de journalistes \"inside-justiz.ch\", dont il est le r\u00e9dacteur en chef.\u00a0<\/p>\r\n<p><a href=\"http:\/\/www.verband-krisenkommunikation.ch\/\"><em>Source et informations compl\u00e9mentaires<\/em><\/a><\/p>\n<p class=\"syndicated-attribution\">Cet article est paru initialement sur m-q.ch - <a href=\"https:\/\/www.m-q.ch\/de\/verband-krisenkommunikation-begruesst-drei-neue-vorstandsmitglieder\/\" target=\"_blank\">https:\/\/www.m-q.ch\/de\/verband-krisenkommunikation-begruesst-drei-neue-vorstandsmitglieder\/<\/a><\/p>","protected":false},"excerpt":{"rendered":"<p>Der Verband Krisenkommunikation (VKK) f\u00f6rdert die professionelle Krisenkommunikation und das Reputationsmanagement in der Schweiz. Er unterst\u00fctzt den Erfahrungsaustausch von Unternehmenspraktikern untereinander sowie mit der Wissenschaft. Der Verband darf auf ein aktives Jahr 2022 zur\u00fcckblicken. Die Nachfrage nach Unterst\u00fctzung in Krisensituationen und f\u00fcr Pr\u00e4ventionsschulungen sei ungebrochen hoch, wie es heisst.\u00a0 Verst\u00e4rkung f\u00fcr den Verband Krisenkommunikation An [\u2026]<\/p>\n","protected":false},"author":8,"featured_media":0,"comment_status":"closed","ping_status":"closed","sticky":false,"template":"","format":"standard","meta":{"_acf_changed":false,"_yoast_wpseo_focuskw":"VKK Vorstand","_yoast_wpseo_metadesc":"VKK: Eckhard Baschek, Claudia Jenni und Roger Huber im Vorstand. Verst\u00e4rkung und Ziele der Krisenkommunikation.","articlekey":"","footnotes":""},"categories":[582],"tags":[3667],"class_list":["post-19250","post","type-post","status-publish","format-standard","hentry","category-operational-excellence","tag-krisenkommunikation"],"acf":[],"yoast_head":"<!-- This site is optimized with the Yoast SEO plugin v27.5 - https:\/\/yoast.com\/product\/yoast-seo-wordpress\/ -->\n<title>Verband Krisenkommunikation begr\u00fcsst drei neue Vorstandsmitglieder - Organisator<\/title>\n<meta name=\"description\" content=\"VKK: Eckhard Baschek, Claudia Jenni und Roger Huber im Vorstand. Verst\u00e4rkung und Ziele der Krisenkommunikation.\" \/>\n<meta name=\"robots\" content=\"index, follow, max-snippet:-1, max-image-preview:large, max-video-preview:-1\" \/>\n<link rel=\"canonical\" href=\"https:\/\/www.organisator.ch\/fr\/excellence-operationnelle\/2023-03-10\/verband-krisenkommunikation-begruesst-drei-neue-vorstandsmitglieder\/\" \/>\n<meta property=\"og:locale\" content=\"fr_FR\" \/>\n<meta property=\"og:type\" content=\"article\" \/>\n<meta property=\"og:title\" content=\"Verband Krisenkommunikation begr\u00fcsst drei neue Vorstandsmitglieder - Organisator\" \/>\n<meta property=\"og:description\" content=\"VKK: Eckhard Baschek, Claudia Jenni und Roger Huber im Vorstand. Verst\u00e4rkung und Ziele der Krisenkommunikation.\" \/>\n<meta property=\"og:url\" content=\"https:\/\/www.organisator.ch\/fr\/excellence-operationnelle\/2023-03-10\/verband-krisenkommunikation-begruesst-drei-neue-vorstandsmitglieder\/\" \/>\n<meta property=\"og:site_name\" content=\"Organisator\" \/>\n<meta property=\"article:publisher\" content=\"https:\/\/www.facebook.com\/OrganisatorFachmagazin\" \/>\n<meta property=\"article:published_time\" content=\"2023-03-10T07:05:54+00:00\" \/>\n<meta property=\"article:modified_time\" content=\"2024-11-18T08:35:32+00:00\" \/>\n<meta name=\"author\" content=\"galledia\" \/>\n<meta name=\"twitter:card\" content=\"summary_large_image\" \/>\n<meta name=\"twitter:creator\" content=\"@admin\" \/>\n<script type=\"application\/ld+json\" class=\"yoast-schema-graph\">{\"@context\":\"https:\\\/\\\/schema.org\",\"@graph\":[{\"@type\":\"Article\",\"@id\":\"https:\\\/\\\/www.organisator.ch\\\/operational-excellence\\\/2023-03-10\\\/verband-krisenkommunikation-begruesst-drei-neue-vorstandsmitglieder\\\/#article\",\"isPartOf\":{\"@id\":\"https:\\\/\\\/www.organisator.ch\\\/operational-excellence\\\/2023-03-10\\\/verband-krisenkommunikation-begruesst-drei-neue-vorstandsmitglieder\\\/\"},\"author\":{\"name\":\"galledia\",\"@id\":\"https:\\\/\\\/www.organisator.ch\\\/#\\\/schema\\\/person\\\/4e51799071cd2dd1232ac003643ef5f0\"},\"headline\":\"Verband Krisenkommunikation begr\u00fcsst drei neue Vorstandsmitglieder\",\"datePublished\":\"2023-03-10T07:05:54+00:00\",\"dateModified\":\"2024-11-18T08:35:32+00:00\",\"mainEntityOfPage\":{\"@id\":\"https:\\\/\\\/www.organisator.ch\\\/operational-excellence\\\/2023-03-10\\\/verband-krisenkommunikation-begruesst-drei-neue-vorstandsmitglieder\\\/\"},\"wordCount\":573,\"publisher\":{\"@id\":\"https:\\\/\\\/www.organisator.ch\\\/#organization\"},\"image\":{\"@id\":\"https:\\\/\\\/www.organisator.ch\\\/operational-excellence\\\/2023-03-10\\\/verband-krisenkommunikation-begruesst-drei-neue-vorstandsmitglieder\\\/#primaryimage\"},\"thumbnailUrl\":\"https:\\\/\\\/www.m-q.ch\\\/wp-content\\\/uploads\\\/2023\\\/03\\\/Verband-Krisenkommunikation-begruesst-drei-neue-Vorstandsmitglieder_MQ.jpg\",\"keywords\":[\"Krisenkommunikation\"],\"articleSection\":[\"OPERATIONAL EXCELLENCE\"],\"inLanguage\":\"fr-FR\"},{\"@type\":\"WebPage\",\"@id\":\"https:\\\/\\\/www.organisator.ch\\\/operational-excellence\\\/2023-03-10\\\/verband-krisenkommunikation-begruesst-drei-neue-vorstandsmitglieder\\\/\",\"url\":\"https:\\\/\\\/www.organisator.ch\\\/operational-excellence\\\/2023-03-10\\\/verband-krisenkommunikation-begruesst-drei-neue-vorstandsmitglieder\\\/\",\"name\":\"Verband Krisenkommunikation begr\u00fcsst drei neue Vorstandsmitglieder - Organisator\",\"isPartOf\":{\"@id\":\"https:\\\/\\\/www.organisator.ch\\\/#website\"},\"primaryImageOfPage\":{\"@id\":\"https:\\\/\\\/www.organisator.ch\\\/operational-excellence\\\/2023-03-10\\\/verband-krisenkommunikation-begruesst-drei-neue-vorstandsmitglieder\\\/#primaryimage\"},\"image\":{\"@id\":\"https:\\\/\\\/www.organisator.ch\\\/operational-excellence\\\/2023-03-10\\\/verband-krisenkommunikation-begruesst-drei-neue-vorstandsmitglieder\\\/#primaryimage\"},\"thumbnailUrl\":\"https:\\\/\\\/www.m-q.ch\\\/wp-content\\\/uploads\\\/2023\\\/03\\\/Verband-Krisenkommunikation-begruesst-drei-neue-Vorstandsmitglieder_MQ.jpg\",\"datePublished\":\"2023-03-10T07:05:54+00:00\",\"dateModified\":\"2024-11-18T08:35:32+00:00\",\"description\":\"VKK: Eckhard Baschek, Claudia Jenni und Roger Huber im Vorstand. Verst\u00e4rkung und Ziele der Krisenkommunikation.\",\"breadcrumb\":{\"@id\":\"https:\\\/\\\/www.organisator.ch\\\/operational-excellence\\\/2023-03-10\\\/verband-krisenkommunikation-begruesst-drei-neue-vorstandsmitglieder\\\/#breadcrumb\"},\"inLanguage\":\"fr-FR\",\"potentialAction\":[{\"@type\":\"ReadAction\",\"target\":[\"https:\\\/\\\/www.organisator.ch\\\/operational-excellence\\\/2023-03-10\\\/verband-krisenkommunikation-begruesst-drei-neue-vorstandsmitglieder\\\/\"]}]},{\"@type\":\"ImageObject\",\"inLanguage\":\"fr-FR\",\"@id\":\"https:\\\/\\\/www.organisator.ch\\\/operational-excellence\\\/2023-03-10\\\/verband-krisenkommunikation-begruesst-drei-neue-vorstandsmitglieder\\\/#primaryimage\",\"url\":\"https:\\\/\\\/www.m-q.ch\\\/wp-content\\\/uploads\\\/2023\\\/03\\\/Verband-Krisenkommunikation-begruesst-drei-neue-Vorstandsmitglieder_MQ.jpg\",\"contentUrl\":\"https:\\\/\\\/www.m-q.ch\\\/wp-content\\\/uploads\\\/2023\\\/03\\\/Verband-Krisenkommunikation-begruesst-drei-neue-Vorstandsmitglieder_MQ.jpg\"},{\"@type\":\"BreadcrumbList\",\"@id\":\"https:\\\/\\\/www.organisator.ch\\\/operational-excellence\\\/2023-03-10\\\/verband-krisenkommunikation-begruesst-drei-neue-vorstandsmitglieder\\\/#breadcrumb\",\"itemListElement\":[{\"@type\":\"ListItem\",\"position\":1,\"name\":\"Home\",\"item\":\"https:\\\/\\\/www.organisator.ch\\\/\"},{\"@type\":\"ListItem\",\"position\":2,\"name\":\"Verband Krisenkommunikation begr\u00fcsst drei neue Vorstandsmitglieder\"}]},{\"@type\":\"WebSite\",\"@id\":\"https:\\\/\\\/www.organisator.ch\\\/#website\",\"url\":\"https:\\\/\\\/www.organisator.ch\\\/\",\"name\":\"Organisator\",\"description\":\"Kompetent. Praxisnah. Der ORGANISATOR bereitet in 10 Ausgaben pro Jahr die wesentlichen Themen f\u00fcr F\u00fchrungskr\u00e4fte von KMU auf.\",\"publisher\":{\"@id\":\"https:\\\/\\\/www.organisator.ch\\\/#organization\"},\"potentialAction\":[{\"@type\":\"SearchAction\",\"target\":{\"@type\":\"EntryPoint\",\"urlTemplate\":\"https:\\\/\\\/www.organisator.ch\\\/?s={search_term_string}\"},\"query-input\":{\"@type\":\"PropertyValueSpecification\",\"valueRequired\":true,\"valueName\":\"search_term_string\"}}],\"inLanguage\":\"fr-FR\"},{\"@type\":\"Organization\",\"@id\":\"https:\\\/\\\/www.organisator.ch\\\/#organization\",\"name\":\"Organisator\",\"url\":\"https:\\\/\\\/www.organisator.ch\\\/\",\"logo\":{\"@type\":\"ImageObject\",\"inLanguage\":\"fr-FR\",\"@id\":\"https:\\\/\\\/www.organisator.ch\\\/#\\\/schema\\\/logo\\\/image\\\/\",\"url\":\"https:\\\/\\\/www.organisator.ch\\\/wp-content\\\/uploads\\\/2022\\\/01\\\/Logo_Organisator_Website.png\",\"contentUrl\":\"https:\\\/\\\/www.organisator.ch\\\/wp-content\\\/uploads\\\/2022\\\/01\\\/Logo_Organisator_Website.png\",\"width\":800,\"height\":77,\"caption\":\"Organisator\"},\"image\":{\"@id\":\"https:\\\/\\\/www.organisator.ch\\\/#\\\/schema\\\/logo\\\/image\\\/\"},\"sameAs\":[\"https:\\\/\\\/www.facebook.com\\\/OrganisatorFachmagazin\",\"https:\\\/\\\/www.linkedin.com\\\/showcase\\\/organisator-das-magazin-fr-kmu\",\"https:\\\/\\\/www.xing.com\\\/news\\\/pages\\\/organisator-ch-695\",\"https:\\\/\\\/www.youtube.com\\\/channel\\\/UCGP2Sq0iWaZwT3BdIAQFYpw\"]},{\"@type\":\"Person\",\"@id\":\"https:\\\/\\\/www.organisator.ch\\\/#\\\/schema\\\/person\\\/4e51799071cd2dd1232ac003643ef5f0\",\"name\":\"galledia\",\"image\":{\"@type\":\"ImageObject\",\"inLanguage\":\"fr-FR\",\"@id\":\"https:\\\/\\\/secure.gravatar.com\\\/avatar\\\/78a7f90c01fc2bfc875782a0d4922b37cde2cf184ce347b91316d23cd7f69a36?s=96&d=mm&r=g\",\"url\":\"https:\\\/\\\/secure.gravatar.com\\\/avatar\\\/78a7f90c01fc2bfc875782a0d4922b37cde2cf184ce347b91316d23cd7f69a36?s=96&d=mm&r=g\",\"contentUrl\":\"https:\\\/\\\/secure.gravatar.com\\\/avatar\\\/78a7f90c01fc2bfc875782a0d4922b37cde2cf184ce347b91316d23cd7f69a36?s=96&d=mm&r=g\",\"caption\":\"galledia\"},\"sameAs\":[\"https:\\\/\\\/x.com\\\/admin\"],\"url\":\"https:\\\/\\\/www.organisator.ch\\\/fr\\\/author\\\/galledia\\\/\"}]}<\/script>\n<!-- \/ Yoast SEO plugin. -->","yoast_head_json":{"title":"L'association Verband Krisenkommunikation accueille trois nouveaux membres au sein de son comit\u00e9 - Organisateur","description":"VKK : Eckhard Baschek, Claudia Jenni et Roger Huber au conseil d'administration. Renforcement et objectifs de la communication de crise.","robots":{"index":"index","follow":"follow","max-snippet":"max-snippet:-1","max-image-preview":"max-image-preview:large","max-video-preview":"max-video-preview:-1"},"canonical":"https:\/\/www.organisator.ch\/fr\/excellence-operationnelle\/2023-03-10\/verband-krisenkommunikation-begruesst-drei-neue-vorstandsmitglieder\/","og_locale":"fr_FR","og_type":"article","og_title":"Verband Krisenkommunikation begr\u00fcsst drei neue Vorstandsmitglieder - Organisator","og_description":"VKK: Eckhard Baschek, Claudia Jenni und Roger Huber im Vorstand. Verst\u00e4rkung und Ziele der Krisenkommunikation.","og_url":"https:\/\/www.organisator.ch\/fr\/excellence-operationnelle\/2023-03-10\/verband-krisenkommunikation-begruesst-drei-neue-vorstandsmitglieder\/","og_site_name":"Organisator","article_publisher":"https:\/\/www.facebook.com\/OrganisatorFachmagazin","article_published_time":"2023-03-10T07:05:54+00:00","article_modified_time":"2024-11-18T08:35:32+00:00","author":"galledia","twitter_card":"summary_large_image","twitter_creator":"@admin","schema":{"@context":"https:\/\/schema.org","@graph":[{"@type":"Article","@id":"https:\/\/www.organisator.ch\/operational-excellence\/2023-03-10\/verband-krisenkommunikation-begruesst-drei-neue-vorstandsmitglieder\/#article","isPartOf":{"@id":"https:\/\/www.organisator.ch\/operational-excellence\/2023-03-10\/verband-krisenkommunikation-begruesst-drei-neue-vorstandsmitglieder\/"},"author":{"name":"galledia","@id":"https:\/\/www.organisator.ch\/#\/schema\/person\/4e51799071cd2dd1232ac003643ef5f0"},"headline":"Verband Krisenkommunikation begr\u00fcsst drei neue Vorstandsmitglieder","datePublished":"2023-03-10T07:05:54+00:00","dateModified":"2024-11-18T08:35:32+00:00","mainEntityOfPage":{"@id":"https:\/\/www.organisator.ch\/operational-excellence\/2023-03-10\/verband-krisenkommunikation-begruesst-drei-neue-vorstandsmitglieder\/"},"wordCount":573,"publisher":{"@id":"https:\/\/www.organisator.ch\/#organization"},"image":{"@id":"https:\/\/www.organisator.ch\/operational-excellence\/2023-03-10\/verband-krisenkommunikation-begruesst-drei-neue-vorstandsmitglieder\/#primaryimage"},"thumbnailUrl":"https:\/\/www.m-q.ch\/wp-content\/uploads\/2023\/03\/Verband-Krisenkommunikation-begruesst-drei-neue-Vorstandsmitglieder_MQ.jpg","keywords":["Krisenkommunikation"],"articleSection":["OPERATIONAL EXCELLENCE"],"inLanguage":"fr-FR"},{"@type":"WebPage","@id":"https:\/\/www.organisator.ch\/operational-excellence\/2023-03-10\/verband-krisenkommunikation-begruesst-drei-neue-vorstandsmitglieder\/","url":"https:\/\/www.organisator.ch\/operational-excellence\/2023-03-10\/verband-krisenkommunikation-begruesst-drei-neue-vorstandsmitglieder\/","name":"L'association Verband Krisenkommunikation accueille trois nouveaux membres au sein de son comit\u00e9 - Organisateur","isPartOf":{"@id":"https:\/\/www.organisator.ch\/#website"},"primaryImageOfPage":{"@id":"https:\/\/www.organisator.ch\/operational-excellence\/2023-03-10\/verband-krisenkommunikation-begruesst-drei-neue-vorstandsmitglieder\/#primaryimage"},"image":{"@id":"https:\/\/www.organisator.ch\/operational-excellence\/2023-03-10\/verband-krisenkommunikation-begruesst-drei-neue-vorstandsmitglieder\/#primaryimage"},"thumbnailUrl":"https:\/\/www.m-q.ch\/wp-content\/uploads\/2023\/03\/Verband-Krisenkommunikation-begruesst-drei-neue-Vorstandsmitglieder_MQ.jpg","datePublished":"2023-03-10T07:05:54+00:00","dateModified":"2024-11-18T08:35:32+00:00","description":"VKK : Eckhard Baschek, Claudia Jenni et Roger Huber au conseil d'administration. Renforcement et objectifs de la communication de crise.","breadcrumb":{"@id":"https:\/\/www.organisator.ch\/operational-excellence\/2023-03-10\/verband-krisenkommunikation-begruesst-drei-neue-vorstandsmitglieder\/#breadcrumb"},"inLanguage":"fr-FR","potentialAction":[{"@type":"ReadAction","target":["https:\/\/www.organisator.ch\/operational-excellence\/2023-03-10\/verband-krisenkommunikation-begruesst-drei-neue-vorstandsmitglieder\/"]}]},{"@type":"ImageObject","inLanguage":"fr-FR","@id":"https:\/\/www.organisator.ch\/operational-excellence\/2023-03-10\/verband-krisenkommunikation-begruesst-drei-neue-vorstandsmitglieder\/#primaryimage","url":"https:\/\/www.m-q.ch\/wp-content\/uploads\/2023\/03\/Verband-Krisenkommunikation-begruesst-drei-neue-Vorstandsmitglieder_MQ.jpg","contentUrl":"https:\/\/www.m-q.ch\/wp-content\/uploads\/2023\/03\/Verband-Krisenkommunikation-begruesst-drei-neue-Vorstandsmitglieder_MQ.jpg"},{"@type":"BreadcrumbList","@id":"https:\/\/www.organisator.ch\/operational-excellence\/2023-03-10\/verband-krisenkommunikation-begruesst-drei-neue-vorstandsmitglieder\/#breadcrumb","itemListElement":[{"@type":"ListItem","position":1,"name":"Home","item":"https:\/\/www.organisator.ch\/"},{"@type":"ListItem","position":2,"name":"Verband Krisenkommunikation begr\u00fcsst drei neue Vorstandsmitglieder"}]},{"@type":"WebSite","@id":"https:\/\/www.organisator.ch\/#website","url":"https:\/\/www.organisator.ch\/","name":"Organisateur","description":"Comp\u00e9tence et comp\u00e9tence. Proches de la pratique. L'ORGANISATEUR pr\u00e9pare 10 num\u00e9ros par an sur les th\u00e8mes essentiels pour les dirigeants de PME.","publisher":{"@id":"https:\/\/www.organisator.ch\/#organization"},"potentialAction":[{"@type":"SearchAction","target":{"@type":"EntryPoint","urlTemplate":"https:\/\/www.organisator.ch\/?s={search_term_string}"},"query-input":{"@type":"PropertyValueSpecification","valueRequired":true,"valueName":"search_term_string"}}],"inLanguage":"fr-FR"},{"@type":"Organization","@id":"https:\/\/www.organisator.ch\/#organization","name":"Organisateur","url":"https:\/\/www.organisator.ch\/","logo":{"@type":"ImageObject","inLanguage":"fr-FR","@id":"https:\/\/www.organisator.ch\/#\/schema\/logo\/image\/","url":"https:\/\/www.organisator.ch\/wp-content\/uploads\/2022\/01\/Logo_Organisator_Website.png","contentUrl":"https:\/\/www.organisator.ch\/wp-content\/uploads\/2022\/01\/Logo_Organisator_Website.png","width":800,"height":77,"caption":"Organisator"},"image":{"@id":"https:\/\/www.organisator.ch\/#\/schema\/logo\/image\/"},"sameAs":["https:\/\/www.facebook.com\/OrganisatorFachmagazin","https:\/\/www.linkedin.com\/showcase\/organisator-das-magazin-fr-kmu","https:\/\/www.xing.com\/news\/pages\/organisator-ch-695","https:\/\/www.youtube.com\/channel\/UCGP2Sq0iWaZwT3BdIAQFYpw"]},{"@type":"Person","@id":"https:\/\/www.organisator.ch\/#\/schema\/person\/4e51799071cd2dd1232ac003643ef5f0","name":"galledia","image":{"@type":"ImageObject","inLanguage":"fr-FR","@id":"https:\/\/secure.gravatar.com\/avatar\/78a7f90c01fc2bfc875782a0d4922b37cde2cf184ce347b91316d23cd7f69a36?s=96&d=mm&r=g","url":"https:\/\/secure.gravatar.com\/avatar\/78a7f90c01fc2bfc875782a0d4922b37cde2cf184ce347b91316d23cd7f69a36?s=96&d=mm&r=g","contentUrl":"https:\/\/secure.gravatar.com\/avatar\/78a7f90c01fc2bfc875782a0d4922b37cde2cf184ce347b91316d23cd7f69a36?s=96&d=mm&r=g","caption":"galledia"},"sameAs":["https:\/\/x.com\/admin"],"url":"https:\/\/www.organisator.ch\/fr\/author\/galledia\/"}]}},"_links":{"self":[{"href":"https:\/\/www.organisator.ch\/fr\/wp-json\/wp\/v2\/posts\/19250","targetHints":{"allow":["GET"]}}],"collection":[{"href":"https:\/\/www.organisator.ch\/fr\/wp-json\/wp\/v2\/posts"}],"about":[{"href":"https:\/\/www.organisator.ch\/fr\/wp-json\/wp\/v2\/types\/post"}],"author":[{"embeddable":true,"href":"https:\/\/www.organisator.ch\/fr\/wp-json\/wp\/v2\/users\/8"}],"replies":[{"embeddable":true,"href":"https:\/\/www.organisator.ch\/fr\/wp-json\/wp\/v2\/comments?post=19250"}],"version-history":[{"count":4,"href":"https:\/\/www.organisator.ch\/fr\/wp-json\/wp\/v2\/posts\/19250\/revisions"}],"predecessor-version":[{"id":33329,"href":"https:\/\/www.organisator.ch\/fr\/wp-json\/wp\/v2\/posts\/19250\/revisions\/33329"}],"wp:attachment":[{"href":"https:\/\/www.organisator.ch\/fr\/wp-json\/wp\/v2\/media?parent=19250"}],"wp:term":[{"taxonomy":"category","embeddable":true,"href":"https:\/\/www.organisator.ch\/fr\/wp-json\/wp\/v2\/categories?post=19250"},{"taxonomy":"post_tag","embeddable":true,"href":"https:\/\/www.organisator.ch\/fr\/wp-json\/wp\/v2\/tags?post=19250"}],"curies":[{"name":"wp","href":"https:\/\/api.w.org\/{rel}","templated":true}]}}