{"id":19280,"date":"2023-03-14T13:29:51","date_gmt":"2023-03-14T12:29:51","guid":{"rendered":"https:\/\/www.organisator.ch\/?p=19280"},"modified":"2023-03-14T13:29:51","modified_gmt":"2023-03-14T12:29:51","slug":"groesster-stellenmarkt-im-deutschsprachigen-raum-nun-fuer-alle-offen","status":"publish","type":"post","link":"https:\/\/www.organisator.ch\/fr\/human-resources\/2023-03-14\/groesster-stellenmarkt-im-deutschsprachigen-raum-nun-fuer-alle-offen\/","title":{"rendered":"Le plus grand march\u00e9 de l'emploi de l'espace germanophone d\u00e9sormais ouvert \u00e0 tous"},"content":{"rendered":"<figure id=\"attachment_19283\" aria-describedby=\"caption-attachment-19283\" style=\"width: 680px\" class=\"wp-caption alignnone\"><img loading=\"lazy\" decoding=\"async\" class=\"size-full wp-image-19283\" src=\"https:\/\/www.organisator.ch\/wp-content\/uploads\/2023\/03\/Groesster-Stellenmarkt-im-deutschsprachigen-Raum-nun-fuer-alle-offen_Organisator.jpg\" alt=\"\" width=\"680\" height=\"198\" srcset=\"https:\/\/www.organisator.ch\/wp-content\/uploads\/2023\/03\/Groesster-Stellenmarkt-im-deutschsprachigen-Raum-nun-fuer-alle-offen_Organisator.jpg 680w, https:\/\/www.organisator.ch\/wp-content\/uploads\/2023\/03\/Groesster-Stellenmarkt-im-deutschsprachigen-Raum-nun-fuer-alle-offen_Organisator-18x5.jpg 18w, https:\/\/www.organisator.ch\/wp-content\/uploads\/2023\/03\/Groesster-Stellenmarkt-im-deutschsprachigen-Raum-nun-fuer-alle-offen_Organisator-375x109.jpg 375w\" sizes=\"auto, (max-width: 680px) 100vw, 680px\" \/><figcaption id=\"caption-attachment-19283\" class=\"wp-caption-text\">En ouvrant la recherche d'emploi aux utilisateurs non inscrits, XING donne naissance au plus grand march\u00e9 de l'emploi de l'espace germanophone, selon ses propres dires.<\/figcaption><\/figure>\n<p>Gr\u00e2ce \u00e0 une nouvelle fonction de recherche int\u00e9gr\u00e9e \u00e0 la page d'accueil, le r\u00e9seau d'emploi XING offre d\u00e8s \u00e0 pr\u00e9sent aux utilisateurs non inscrits la possibilit\u00e9 de rechercher un emploi sur XING. Avec pr\u00e8s de 1,4 million d'offres d'emploi, le march\u00e9 de l'emploi de XING propose ainsi le plus grand choix d'offres d'emploi dans l'espace germanophone, est-il pr\u00e9cis\u00e9.<\/p>\n<h3><strong>Recherche d'emploi personnalis\u00e9e<\/strong><\/h3>\n<p>L'offre du portail comprend en outre des options de filtre de recherche pour les personnes \u00e0 la recherche d'un emploi, telles que \"bureau \u00e0 domicile\" ou \"horaires de travail flexibles\" ou \"garde d'enfants\", ainsi que des indications sur la culture des entreprises qui publient des annonces et des donn\u00e9es salariales compl\u00e8tes. \"Le march\u00e9 de l'emploi de XING propose d\u00e8s \u00e0 pr\u00e9sent le plus grand choix d'offres d'emploi dans l'espace germanophone, mais aussi le plus personnalis\u00e9 gr\u00e2ce \u00e0 des filtres parfaitement adapt\u00e9s. Avec pour r\u00e9sultat que les utilisateurs peuvent trouver un nouveau job en moyenne toutes les 40 secondes\", explique Thomas Kindler, Managing Director de XING.<\/p>\n<p>Celui qui trouve un emploi int\u00e9ressant sur le portail peut en outre se mettre en r\u00e9seau avec d'autres personnes sur XING qui travaillent d\u00e9j\u00e0 dans l'entreprise souhait\u00e9e, afin d'\u00e9changer directement et d'en savoir plus sur le poste. De plus, les chercheurs d'emploi peuvent voir comment les collaborateurs \u00e9valuent l'entreprise en question en tant qu'employeur. En outre, les chercheurs d'emploi peuvent comparer les pr\u00e9visions de salaire pour le poste souhait\u00e9 et les informations d\u00e9taill\u00e9es fournies par les entreprises qui publient des annonces. \"Aujourd'hui, quiconque cherche un emploi qui correspond \u00e0 ses besoins individuels ne peut plus passer \u00e0 c\u00f4t\u00e9 de XING. De l'\u00e9valuation non filtr\u00e9e par les collaborateurs au r\u00e9seautage avec d'autres personnes de l'entreprise souhait\u00e9e, nous offrons aux personnes \u00e0 la recherche d'un emploi la plus grande transparence possible afin qu'elles puissent prendre les bonnes d\u00e9cisions pour leur changement d'emploi. Car les d\u00e9cisions en mati\u00e8re d'emploi ont une grande influence sur la vie personnelle et ne se prennent pas seulement avec la t\u00eate, mais aussi avec le c\u0153ur\", poursuit Kindler.<\/p>\n<h3><strong>Plus de 20'000 recruteurs actifs sur la plateforme<\/strong><\/h3>\n<p>Sur XING, environ 35'000 nouvelles offres d'emploi sont actuellement publi\u00e9es chaque jour sur le march\u00e9 de l'emploi. Sur la plate-forme, une nouvelle offre d'emploi est donc mise en ligne toutes les deux secondes en moyenne. \"En cette p\u00e9riode de p\u00e9nurie de main-d'\u0153uvre qualifi\u00e9e, les talents sont parfaitement conscients de leur attractivit\u00e9 sur le march\u00e9 du travail. Ils souhaitent trouver le poste qui correspond vraiment \u00e0 leurs besoins personnels. Nous en tenons compte chez XING avec notre nouvelle offre personnalisable\", poursuit Thomas Kindler.<\/p>\n<p>XING permet en outre \u00e0 ses 21 millions d'utilisateurs inscrits d'entrer en contact avec plus de 20'000 recruteurs actifs sur la plateforme afin d'\u00eatre mieux rep\u00e9r\u00e9s par les professionnels du recrutement. \"Il ressort de nos donn\u00e9es qu'un recruteur visite en moyenne un profil XING toutes les 0,4 secondes. Les chances d'\u00eatre trouv\u00e9 pour l'emploi parfait ne peuvent donc gu\u00e8re \u00eatre meilleures\", explique Kindler.<\/p>\n<p><em>Source et informations compl\u00e9mentaires : <a href=\"http:\/\/www.xing.com\">www.xing.com<\/a>\u00a0<\/em><\/p>","protected":false},"excerpt":{"rendered":"<p>Das Job-Netzwerk XING bietet mit einer neuen, auf der Startseite eingebetteten Suchfunktion ab sofort auch nicht registrierten Nutzerinnen und Nutzern die M\u00f6glichkeit, auf XING nach einem Job zu suchen. Mit rund 1,4 Millionen Stellenanzeigen bietet der XING Stellenmarkt somit die gr\u00f6sste Auswahl an Job-Angeboten im deutschsprachigen Raum, wie es heisst. Individuell zugeschnittene Job-Suche Neu im [&hellip;]<\/p>\n","protected":false},"author":4,"featured_media":19284,"comment_status":"closed","ping_status":"closed","sticky":false,"template":"","format":"standard","meta":{"_acf_changed":false,"_yoast_wpseo_focuskw":"Stellenmarkt","_yoast_wpseo_metadesc":"XING \u00f6ffnet den nach eigenen gr\u00f6ssten Stellenmarkt im deutschsprachigen Raum f\u00fcr alle. 1,4 Millionen Job-Angebote sind gelistet.","articlekey":"","footnotes":""},"categories":[579],"tags":[254,411,492],"class_list":["post-19280","post","type-post","status-publish","format-standard","has-post-thumbnail","hentry","category-human-resources","tag-hrm","tag-rekrutierung","tag-unternehmen"],"acf":[],"yoast_head":"<!-- This site is optimized with the Yoast SEO plugin v27.5 - https:\/\/yoast.com\/product\/yoast-seo-wordpress\/ -->\n<title>Gr\u00f6sster Stellenmarkt im deutschsprachigen Raum nun f\u00fcr alle offen - Organisator<\/title>\n<meta name=\"description\" content=\"XING \u00f6ffnet den nach eigenen gr\u00f6ssten Stellenmarkt im deutschsprachigen Raum f\u00fcr alle. 1,4 Millionen Job-Angebote sind gelistet.\" \/>\n<meta name=\"robots\" content=\"index, follow, max-snippet:-1, max-image-preview:large, max-video-preview:-1\" \/>\n<link rel=\"canonical\" href=\"https:\/\/www.organisator.ch\/fr\/ressources-humaines\/2023-03-14\/groesster-stellenmarkt-im-deutschsprachigen-raum-nun-fuer-alle-offen\/\" \/>\n<meta property=\"og:locale\" content=\"fr_FR\" \/>\n<meta property=\"og:type\" content=\"article\" \/>\n<meta property=\"og:title\" content=\"Gr\u00f6sster Stellenmarkt im deutschsprachigen Raum nun f\u00fcr alle offen\" \/>\n<meta property=\"og:description\" content=\"XING \u00f6ffnet den nach eigenen gr\u00f6ssten Stellenmarkt im deutschsprachigen Raum f\u00fcr alle. 1,4 Millionen Job-Angebote sind gelistet.\" \/>\n<meta property=\"og:url\" content=\"https:\/\/www.organisator.ch\/fr\/ressources-humaines\/2023-03-14\/groesster-stellenmarkt-im-deutschsprachigen-raum-nun-fuer-alle-offen\/\" \/>\n<meta property=\"og:site_name\" content=\"Organisator\" \/>\n<meta property=\"article:publisher\" content=\"https:\/\/www.facebook.com\/OrganisatorFachmagazin\" \/>\n<meta property=\"article:published_time\" content=\"2023-03-14T12:29:51+00:00\" \/>\n<meta property=\"og:image\" content=\"https:\/\/www.organisator.ch\/wp-content\/uploads\/2023\/03\/Groesster-Stellenmarkt-im-deutschsprachigen-Raum-nun-fuer-alle-offen-1_Organisator.jpg\" \/>\n\t<meta property=\"og:image:width\" content=\"340\" \/>\n\t<meta property=\"og:image:height\" content=\"323\" \/>\n\t<meta property=\"og:image:type\" content=\"image\/jpeg\" \/>\n<meta name=\"author\" content=\"thomas.berner\" \/>\n<meta name=\"twitter:card\" content=\"summary_large_image\" \/>\n<meta name=\"twitter:title\" content=\"Gr\u00f6sster #Stellenmarkt im deutschsprachigen Raum nun f\u00fcr alle offen\" \/>\n<meta name=\"twitter:description\" content=\"#XING \u00f6ffnet den nach eigenen gr\u00f6ssten #Stellenmarkt im deutschsprachigen Raum f\u00fcr alle. 1,4 Millionen Job-Angebote sind gelistet.\" \/>\n<meta name=\"twitter:image\" content=\"https:\/\/www.organisator.ch\/wp-content\/uploads\/2023\/03\/Groesster-Stellenmarkt-im-deutschsprachigen-Raum-nun-fuer-alle-offen-1_Organisator.jpg\" \/>\n<script type=\"application\/ld+json\" class=\"yoast-schema-graph\">{\"@context\":\"https:\\\/\\\/schema.org\",\"@graph\":[{\"@type\":\"Article\",\"@id\":\"https:\\\/\\\/www.organisator.ch\\\/human-resources\\\/2023-03-14\\\/groesster-stellenmarkt-im-deutschsprachigen-raum-nun-fuer-alle-offen\\\/#article\",\"isPartOf\":{\"@id\":\"https:\\\/\\\/www.organisator.ch\\\/human-resources\\\/2023-03-14\\\/groesster-stellenmarkt-im-deutschsprachigen-raum-nun-fuer-alle-offen\\\/\"},\"author\":{\"name\":\"thomas.berner\",\"@id\":\"https:\\\/\\\/www.organisator.ch\\\/#\\\/schema\\\/person\\\/6f650f90b2842cd4c0cc334b4e36f67e\"},\"headline\":\"Gr\u00f6sster Stellenmarkt im deutschsprachigen Raum nun f\u00fcr alle offen\",\"datePublished\":\"2023-03-14T12:29:51+00:00\",\"mainEntityOfPage\":{\"@id\":\"https:\\\/\\\/www.organisator.ch\\\/human-resources\\\/2023-03-14\\\/groesster-stellenmarkt-im-deutschsprachigen-raum-nun-fuer-alle-offen\\\/\"},\"wordCount\":467,\"publisher\":{\"@id\":\"https:\\\/\\\/www.organisator.ch\\\/#organization\"},\"image\":{\"@id\":\"https:\\\/\\\/www.organisator.ch\\\/human-resources\\\/2023-03-14\\\/groesster-stellenmarkt-im-deutschsprachigen-raum-nun-fuer-alle-offen\\\/#primaryimage\"},\"thumbnailUrl\":\"https:\\\/\\\/www.organisator.ch\\\/wp-content\\\/uploads\\\/2023\\\/03\\\/Groesster-Stellenmarkt-im-deutschsprachigen-Raum-nun-fuer-alle-offen-1_Organisator.jpg\",\"keywords\":[\"HRM\",\"Rekrutierung\",\"Unternehmen\"],\"articleSection\":[\"HUMAN RESOURCES\"],\"inLanguage\":\"fr-FR\"},{\"@type\":\"WebPage\",\"@id\":\"https:\\\/\\\/www.organisator.ch\\\/human-resources\\\/2023-03-14\\\/groesster-stellenmarkt-im-deutschsprachigen-raum-nun-fuer-alle-offen\\\/\",\"url\":\"https:\\\/\\\/www.organisator.ch\\\/human-resources\\\/2023-03-14\\\/groesster-stellenmarkt-im-deutschsprachigen-raum-nun-fuer-alle-offen\\\/\",\"name\":\"Gr\u00f6sster Stellenmarkt im deutschsprachigen Raum nun f\u00fcr alle offen - Organisator\",\"isPartOf\":{\"@id\":\"https:\\\/\\\/www.organisator.ch\\\/#website\"},\"primaryImageOfPage\":{\"@id\":\"https:\\\/\\\/www.organisator.ch\\\/human-resources\\\/2023-03-14\\\/groesster-stellenmarkt-im-deutschsprachigen-raum-nun-fuer-alle-offen\\\/#primaryimage\"},\"image\":{\"@id\":\"https:\\\/\\\/www.organisator.ch\\\/human-resources\\\/2023-03-14\\\/groesster-stellenmarkt-im-deutschsprachigen-raum-nun-fuer-alle-offen\\\/#primaryimage\"},\"thumbnailUrl\":\"https:\\\/\\\/www.organisator.ch\\\/wp-content\\\/uploads\\\/2023\\\/03\\\/Groesster-Stellenmarkt-im-deutschsprachigen-Raum-nun-fuer-alle-offen-1_Organisator.jpg\",\"datePublished\":\"2023-03-14T12:29:51+00:00\",\"description\":\"XING \u00f6ffnet den nach eigenen gr\u00f6ssten Stellenmarkt im deutschsprachigen Raum f\u00fcr alle. 1,4 Millionen Job-Angebote sind gelistet.\",\"breadcrumb\":{\"@id\":\"https:\\\/\\\/www.organisator.ch\\\/human-resources\\\/2023-03-14\\\/groesster-stellenmarkt-im-deutschsprachigen-raum-nun-fuer-alle-offen\\\/#breadcrumb\"},\"inLanguage\":\"fr-FR\",\"potentialAction\":[{\"@type\":\"ReadAction\",\"target\":[\"https:\\\/\\\/www.organisator.ch\\\/human-resources\\\/2023-03-14\\\/groesster-stellenmarkt-im-deutschsprachigen-raum-nun-fuer-alle-offen\\\/\"]}]},{\"@type\":\"ImageObject\",\"inLanguage\":\"fr-FR\",\"@id\":\"https:\\\/\\\/www.organisator.ch\\\/human-resources\\\/2023-03-14\\\/groesster-stellenmarkt-im-deutschsprachigen-raum-nun-fuer-alle-offen\\\/#primaryimage\",\"url\":\"https:\\\/\\\/www.organisator.ch\\\/wp-content\\\/uploads\\\/2023\\\/03\\\/Groesster-Stellenmarkt-im-deutschsprachigen-Raum-nun-fuer-alle-offen-1_Organisator.jpg\",\"contentUrl\":\"https:\\\/\\\/www.organisator.ch\\\/wp-content\\\/uploads\\\/2023\\\/03\\\/Groesster-Stellenmarkt-im-deutschsprachigen-Raum-nun-fuer-alle-offen-1_Organisator.jpg\",\"width\":340,\"height\":323},{\"@type\":\"BreadcrumbList\",\"@id\":\"https:\\\/\\\/www.organisator.ch\\\/human-resources\\\/2023-03-14\\\/groesster-stellenmarkt-im-deutschsprachigen-raum-nun-fuer-alle-offen\\\/#breadcrumb\",\"itemListElement\":[{\"@type\":\"ListItem\",\"position\":1,\"name\":\"Home\",\"item\":\"https:\\\/\\\/www.organisator.ch\\\/\"},{\"@type\":\"ListItem\",\"position\":2,\"name\":\"Gr\u00f6sster Stellenmarkt im deutschsprachigen Raum nun f\u00fcr alle offen\"}]},{\"@type\":\"WebSite\",\"@id\":\"https:\\\/\\\/www.organisator.ch\\\/#website\",\"url\":\"https:\\\/\\\/www.organisator.ch\\\/\",\"name\":\"Organisator\",\"description\":\"Kompetent. Praxisnah. Der ORGANISATOR bereitet in 10 Ausgaben pro Jahr die wesentlichen Themen f\u00fcr F\u00fchrungskr\u00e4fte von KMU auf.\",\"publisher\":{\"@id\":\"https:\\\/\\\/www.organisator.ch\\\/#organization\"},\"potentialAction\":[{\"@type\":\"SearchAction\",\"target\":{\"@type\":\"EntryPoint\",\"urlTemplate\":\"https:\\\/\\\/www.organisator.ch\\\/?s={search_term_string}\"},\"query-input\":{\"@type\":\"PropertyValueSpecification\",\"valueRequired\":true,\"valueName\":\"search_term_string\"}}],\"inLanguage\":\"fr-FR\"},{\"@type\":\"Organization\",\"@id\":\"https:\\\/\\\/www.organisator.ch\\\/#organization\",\"name\":\"Organisator\",\"url\":\"https:\\\/\\\/www.organisator.ch\\\/\",\"logo\":{\"@type\":\"ImageObject\",\"inLanguage\":\"fr-FR\",\"@id\":\"https:\\\/\\\/www.organisator.ch\\\/#\\\/schema\\\/logo\\\/image\\\/\",\"url\":\"https:\\\/\\\/www.organisator.ch\\\/wp-content\\\/uploads\\\/2022\\\/01\\\/Logo_Organisator_Website.png\",\"contentUrl\":\"https:\\\/\\\/www.organisator.ch\\\/wp-content\\\/uploads\\\/2022\\\/01\\\/Logo_Organisator_Website.png\",\"width\":800,\"height\":77,\"caption\":\"Organisator\"},\"image\":{\"@id\":\"https:\\\/\\\/www.organisator.ch\\\/#\\\/schema\\\/logo\\\/image\\\/\"},\"sameAs\":[\"https:\\\/\\\/www.facebook.com\\\/OrganisatorFachmagazin\",\"https:\\\/\\\/www.linkedin.com\\\/showcase\\\/organisator-das-magazin-fr-kmu\",\"https:\\\/\\\/www.xing.com\\\/news\\\/pages\\\/organisator-ch-695\",\"https:\\\/\\\/www.youtube.com\\\/channel\\\/UCGP2Sq0iWaZwT3BdIAQFYpw\"]},{\"@type\":\"Person\",\"@id\":\"https:\\\/\\\/www.organisator.ch\\\/#\\\/schema\\\/person\\\/6f650f90b2842cd4c0cc334b4e36f67e\",\"name\":\"thomas.berner\",\"image\":{\"@type\":\"ImageObject\",\"inLanguage\":\"fr-FR\",\"@id\":\"https:\\\/\\\/secure.gravatar.com\\\/avatar\\\/ac5001d2a36cb6c6cd3e50789007ffca834b477b74a2144564522e944eabff61?s=96&d=mm&r=g\",\"url\":\"https:\\\/\\\/secure.gravatar.com\\\/avatar\\\/ac5001d2a36cb6c6cd3e50789007ffca834b477b74a2144564522e944eabff61?s=96&d=mm&r=g\",\"contentUrl\":\"https:\\\/\\\/secure.gravatar.com\\\/avatar\\\/ac5001d2a36cb6c6cd3e50789007ffca834b477b74a2144564522e944eabff61?s=96&d=mm&r=g\",\"caption\":\"thomas.berner\"},\"url\":\"https:\\\/\\\/www.organisator.ch\\\/fr\\\/author\\\/thomas-berner\\\/\"}]}<\/script>\n<!-- \/ Yoast SEO plugin. -->","yoast_head_json":{"title":"Le plus grand march\u00e9 de l'emploi de l'espace germanophone d\u00e9sormais ouvert \u00e0 tous - Organisateur","description":"XING ouvre \u00e0 tous ce qu'il consid\u00e8re comme le plus grand march\u00e9 de l'emploi dans l'espace germanophone. 1,4 million d'offres d'emploi y sont r\u00e9pertori\u00e9es.","robots":{"index":"index","follow":"follow","max-snippet":"max-snippet:-1","max-image-preview":"max-image-preview:large","max-video-preview":"max-video-preview:-1"},"canonical":"https:\/\/www.organisator.ch\/fr\/ressources-humaines\/2023-03-14\/groesster-stellenmarkt-im-deutschsprachigen-raum-nun-fuer-alle-offen\/","og_locale":"fr_FR","og_type":"article","og_title":"Gr\u00f6sster Stellenmarkt im deutschsprachigen Raum nun f\u00fcr alle offen","og_description":"XING \u00f6ffnet den nach eigenen gr\u00f6ssten Stellenmarkt im deutschsprachigen Raum f\u00fcr alle. 1,4 Millionen Job-Angebote sind gelistet.","og_url":"https:\/\/www.organisator.ch\/fr\/ressources-humaines\/2023-03-14\/groesster-stellenmarkt-im-deutschsprachigen-raum-nun-fuer-alle-offen\/","og_site_name":"Organisator","article_publisher":"https:\/\/www.facebook.com\/OrganisatorFachmagazin","article_published_time":"2023-03-14T12:29:51+00:00","og_image":[{"width":340,"height":323,"url":"https:\/\/www.organisator.ch\/wp-content\/uploads\/2023\/03\/Groesster-Stellenmarkt-im-deutschsprachigen-Raum-nun-fuer-alle-offen-1_Organisator.jpg","type":"image\/jpeg"}],"author":"thomas.berner","twitter_card":"summary_large_image","twitter_title":"Gr\u00f6sster #Stellenmarkt im deutschsprachigen Raum nun f\u00fcr alle offen","twitter_description":"#XING \u00f6ffnet den nach eigenen gr\u00f6ssten #Stellenmarkt im deutschsprachigen Raum f\u00fcr alle. 1,4 Millionen Job-Angebote sind gelistet.","twitter_image":"https:\/\/www.organisator.ch\/wp-content\/uploads\/2023\/03\/Groesster-Stellenmarkt-im-deutschsprachigen-Raum-nun-fuer-alle-offen-1_Organisator.jpg","schema":{"@context":"https:\/\/schema.org","@graph":[{"@type":"Article","@id":"https:\/\/www.organisator.ch\/human-resources\/2023-03-14\/groesster-stellenmarkt-im-deutschsprachigen-raum-nun-fuer-alle-offen\/#article","isPartOf":{"@id":"https:\/\/www.organisator.ch\/human-resources\/2023-03-14\/groesster-stellenmarkt-im-deutschsprachigen-raum-nun-fuer-alle-offen\/"},"author":{"name":"thomas.berner","@id":"https:\/\/www.organisator.ch\/#\/schema\/person\/6f650f90b2842cd4c0cc334b4e36f67e"},"headline":"Gr\u00f6sster Stellenmarkt im deutschsprachigen Raum nun f\u00fcr alle offen","datePublished":"2023-03-14T12:29:51+00:00","mainEntityOfPage":{"@id":"https:\/\/www.organisator.ch\/human-resources\/2023-03-14\/groesster-stellenmarkt-im-deutschsprachigen-raum-nun-fuer-alle-offen\/"},"wordCount":467,"publisher":{"@id":"https:\/\/www.organisator.ch\/#organization"},"image":{"@id":"https:\/\/www.organisator.ch\/human-resources\/2023-03-14\/groesster-stellenmarkt-im-deutschsprachigen-raum-nun-fuer-alle-offen\/#primaryimage"},"thumbnailUrl":"https:\/\/www.organisator.ch\/wp-content\/uploads\/2023\/03\/Groesster-Stellenmarkt-im-deutschsprachigen-Raum-nun-fuer-alle-offen-1_Organisator.jpg","keywords":["HRM","Rekrutierung","Unternehmen"],"articleSection":["HUMAN RESOURCES"],"inLanguage":"fr-FR"},{"@type":"WebPage","@id":"https:\/\/www.organisator.ch\/human-resources\/2023-03-14\/groesster-stellenmarkt-im-deutschsprachigen-raum-nun-fuer-alle-offen\/","url":"https:\/\/www.organisator.ch\/human-resources\/2023-03-14\/groesster-stellenmarkt-im-deutschsprachigen-raum-nun-fuer-alle-offen\/","name":"Le plus grand march\u00e9 de l'emploi de l'espace germanophone d\u00e9sormais ouvert \u00e0 tous - Organisateur","isPartOf":{"@id":"https:\/\/www.organisator.ch\/#website"},"primaryImageOfPage":{"@id":"https:\/\/www.organisator.ch\/human-resources\/2023-03-14\/groesster-stellenmarkt-im-deutschsprachigen-raum-nun-fuer-alle-offen\/#primaryimage"},"image":{"@id":"https:\/\/www.organisator.ch\/human-resources\/2023-03-14\/groesster-stellenmarkt-im-deutschsprachigen-raum-nun-fuer-alle-offen\/#primaryimage"},"thumbnailUrl":"https:\/\/www.organisator.ch\/wp-content\/uploads\/2023\/03\/Groesster-Stellenmarkt-im-deutschsprachigen-Raum-nun-fuer-alle-offen-1_Organisator.jpg","datePublished":"2023-03-14T12:29:51+00:00","description":"XING ouvre \u00e0 tous ce qu'il consid\u00e8re comme le plus grand march\u00e9 de l'emploi dans l'espace germanophone. 1,4 million d'offres d'emploi y sont r\u00e9pertori\u00e9es.","breadcrumb":{"@id":"https:\/\/www.organisator.ch\/human-resources\/2023-03-14\/groesster-stellenmarkt-im-deutschsprachigen-raum-nun-fuer-alle-offen\/#breadcrumb"},"inLanguage":"fr-FR","potentialAction":[{"@type":"ReadAction","target":["https:\/\/www.organisator.ch\/human-resources\/2023-03-14\/groesster-stellenmarkt-im-deutschsprachigen-raum-nun-fuer-alle-offen\/"]}]},{"@type":"ImageObject","inLanguage":"fr-FR","@id":"https:\/\/www.organisator.ch\/human-resources\/2023-03-14\/groesster-stellenmarkt-im-deutschsprachigen-raum-nun-fuer-alle-offen\/#primaryimage","url":"https:\/\/www.organisator.ch\/wp-content\/uploads\/2023\/03\/Groesster-Stellenmarkt-im-deutschsprachigen-Raum-nun-fuer-alle-offen-1_Organisator.jpg","contentUrl":"https:\/\/www.organisator.ch\/wp-content\/uploads\/2023\/03\/Groesster-Stellenmarkt-im-deutschsprachigen-Raum-nun-fuer-alle-offen-1_Organisator.jpg","width":340,"height":323},{"@type":"BreadcrumbList","@id":"https:\/\/www.organisator.ch\/human-resources\/2023-03-14\/groesster-stellenmarkt-im-deutschsprachigen-raum-nun-fuer-alle-offen\/#breadcrumb","itemListElement":[{"@type":"ListItem","position":1,"name":"Home","item":"https:\/\/www.organisator.ch\/"},{"@type":"ListItem","position":2,"name":"Gr\u00f6sster Stellenmarkt im deutschsprachigen Raum nun f\u00fcr alle offen"}]},{"@type":"WebSite","@id":"https:\/\/www.organisator.ch\/#website","url":"https:\/\/www.organisator.ch\/","name":"Organisateur","description":"Comp\u00e9tence et comp\u00e9tence. Proches de la pratique. L'ORGANISATEUR pr\u00e9pare 10 num\u00e9ros par an sur les th\u00e8mes essentiels pour les dirigeants de PME.","publisher":{"@id":"https:\/\/www.organisator.ch\/#organization"},"potentialAction":[{"@type":"SearchAction","target":{"@type":"EntryPoint","urlTemplate":"https:\/\/www.organisator.ch\/?s={search_term_string}"},"query-input":{"@type":"PropertyValueSpecification","valueRequired":true,"valueName":"search_term_string"}}],"inLanguage":"fr-FR"},{"@type":"Organization","@id":"https:\/\/www.organisator.ch\/#organization","name":"Organisateur","url":"https:\/\/www.organisator.ch\/","logo":{"@type":"ImageObject","inLanguage":"fr-FR","@id":"https:\/\/www.organisator.ch\/#\/schema\/logo\/image\/","url":"https:\/\/www.organisator.ch\/wp-content\/uploads\/2022\/01\/Logo_Organisator_Website.png","contentUrl":"https:\/\/www.organisator.ch\/wp-content\/uploads\/2022\/01\/Logo_Organisator_Website.png","width":800,"height":77,"caption":"Organisator"},"image":{"@id":"https:\/\/www.organisator.ch\/#\/schema\/logo\/image\/"},"sameAs":["https:\/\/www.facebook.com\/OrganisatorFachmagazin","https:\/\/www.linkedin.com\/showcase\/organisator-das-magazin-fr-kmu","https:\/\/www.xing.com\/news\/pages\/organisator-ch-695","https:\/\/www.youtube.com\/channel\/UCGP2Sq0iWaZwT3BdIAQFYpw"]},{"@type":"Person","@id":"https:\/\/www.organisator.ch\/#\/schema\/person\/6f650f90b2842cd4c0cc334b4e36f67e","name":"thomas.berner","image":{"@type":"ImageObject","inLanguage":"fr-FR","@id":"https:\/\/secure.gravatar.com\/avatar\/ac5001d2a36cb6c6cd3e50789007ffca834b477b74a2144564522e944eabff61?s=96&d=mm&r=g","url":"https:\/\/secure.gravatar.com\/avatar\/ac5001d2a36cb6c6cd3e50789007ffca834b477b74a2144564522e944eabff61?s=96&d=mm&r=g","contentUrl":"https:\/\/secure.gravatar.com\/avatar\/ac5001d2a36cb6c6cd3e50789007ffca834b477b74a2144564522e944eabff61?s=96&d=mm&r=g","caption":"thomas.berner"},"url":"https:\/\/www.organisator.ch\/fr\/author\/thomas-berner\/"}]}},"_links":{"self":[{"href":"https:\/\/www.organisator.ch\/fr\/wp-json\/wp\/v2\/posts\/19280","targetHints":{"allow":["GET"]}}],"collection":[{"href":"https:\/\/www.organisator.ch\/fr\/wp-json\/wp\/v2\/posts"}],"about":[{"href":"https:\/\/www.organisator.ch\/fr\/wp-json\/wp\/v2\/types\/post"}],"author":[{"embeddable":true,"href":"https:\/\/www.organisator.ch\/fr\/wp-json\/wp\/v2\/users\/4"}],"replies":[{"embeddable":true,"href":"https:\/\/www.organisator.ch\/fr\/wp-json\/wp\/v2\/comments?post=19280"}],"version-history":[{"count":1,"href":"https:\/\/www.organisator.ch\/fr\/wp-json\/wp\/v2\/posts\/19280\/revisions"}],"predecessor-version":[{"id":19285,"href":"https:\/\/www.organisator.ch\/fr\/wp-json\/wp\/v2\/posts\/19280\/revisions\/19285"}],"wp:featuredmedia":[{"embeddable":true,"href":"https:\/\/www.organisator.ch\/fr\/wp-json\/wp\/v2\/media\/19284"}],"wp:attachment":[{"href":"https:\/\/www.organisator.ch\/fr\/wp-json\/wp\/v2\/media?parent=19280"}],"wp:term":[{"taxonomy":"category","embeddable":true,"href":"https:\/\/www.organisator.ch\/fr\/wp-json\/wp\/v2\/categories?post=19280"},{"taxonomy":"post_tag","embeddable":true,"href":"https:\/\/www.organisator.ch\/fr\/wp-json\/wp\/v2\/tags?post=19280"}],"curies":[{"name":"wp","href":"https:\/\/api.w.org\/{rel}","templated":true}]}}