{"id":19325,"date":"2023-03-20T15:03:55","date_gmt":"2023-03-20T14:03:55","guid":{"rendered":"https:\/\/www.organisator.ch\/?p=19325"},"modified":"2023-03-20T15:03:55","modified_gmt":"2023-03-20T14:03:55","slug":"bechtle-schweiz-ag-verstaerkt-management","status":"publish","type":"post","link":"https:\/\/www.organisator.ch\/fr\/management\/2023-03-20\/bechtle-schweiz-ag-verstaerkt-management\/","title":{"rendered":"Bechtle Schweiz AG renforce son management"},"content":{"rendered":"<figure id=\"attachment_19326\" aria-describedby=\"caption-attachment-19326\" style=\"width: 680px\" class=\"wp-caption alignnone\"><img loading=\"lazy\" decoding=\"async\" class=\"size-full wp-image-19326\" src=\"https:\/\/www.organisator.ch\/wp-content\/uploads\/2023\/03\/Bechtle-Schweiz-AG-verstaerkt-Management_Organisator.jpg\" alt=\"\" width=\"680\" height=\"458\" srcset=\"https:\/\/www.organisator.ch\/wp-content\/uploads\/2023\/03\/Bechtle-Schweiz-AG-verstaerkt-Management_Organisator.jpg 680w, https:\/\/www.organisator.ch\/wp-content\/uploads\/2023\/03\/Bechtle-Schweiz-AG-verstaerkt-Management_Organisator-18x12.jpg 18w, https:\/\/www.organisator.ch\/wp-content\/uploads\/2023\/03\/Bechtle-Schweiz-AG-verstaerkt-Management_Organisator-375x253.jpg 375w, https:\/\/www.organisator.ch\/wp-content\/uploads\/2023\/03\/Bechtle-Schweiz-AG-verstaerkt-Management_Organisator-520x350.jpg 520w\" sizes=\"auto, (max-width: 680px) 100vw, 680px\" \/><figcaption id=\"caption-attachment-19326\" class=\"wp-caption-text\">L'\u00e9quipe de management \u00e9largie de Bechtle Suisse (de g. \u00e0 dr.) : Patrick Fischbacher, Kerstin Friedlich, Christian Speck, Christoph Kleinsorg. (Image : zVg \/ Bechtle)<\/figcaption><\/figure>\n<p>En 2022, ann\u00e9e record, l'entreprise informatique Bechtle Schweiz AG a enregistr\u00e9 une croissance organique impressionnante de plus de 17 %. Pour assurer ce succ\u00e8s dans les ann\u00e9es \u00e0 venir, le directeur Christian Speck d\u00e9l\u00e8gue diverses t\u00e2ches \u00e0 une \u00e9quipe de management compos\u00e9e de Patrick Fischbacher, directeur des ventes, Kerstin Friedlin, directrice des finances et de l'administration, et Christoph Kleinsorg, directeur des prestations et des services informatiques.<\/p>\n<h3>\u00c9largir l'assise de la gestion<\/h3>\n<p>Depuis mai 2022 d\u00e9j\u00e0, Patrick Fischbacher est responsable de la vente dans toutes les r\u00e9gions de Suisse al\u00e9manique. Gr\u00e2ce \u00e0 son int\u00e9gration dans le Board nouvellement form\u00e9, les diff\u00e9rents besoins des clients de Bechtle Schweiz AG sont repr\u00e9sent\u00e9s de mani\u00e8re optimale et seront ainsi encore plus impliqu\u00e9s dans toutes les d\u00e9cisions, selon le communiqu\u00e9.<\/p>\n<p>Kerstin Friedlin a rejoint l'entreprise le 1er novembre 2022 et est responsable du secteur Finances et administration. \"Kerstin Friedlin dispose d'excellentes connaissances du secteur et du march\u00e9 ainsi que des diff\u00e9rents domaines d'activit\u00e9 de notre entreprise. Je suis donc tr\u00e8s heureux que nous puissions confier ce poste important et nouvellement cr\u00e9\u00e9 \u00e0 une coll\u00e8gue aussi exp\u00e9riment\u00e9e et comp\u00e9tente\", explique Christian Speck, directeur de Bechtle Schweiz AG.<\/p>\n<p>Enfin, Christoph Kleinsorg a d\u00e9but\u00e9 le 1er f\u00e9vrier 2023 en tant que directeur des prestations et des services informatiques. Selon Bechtle Suisse, sa repr\u00e9sentation au sein du Management Board refl\u00e8te l'importance centrale de la qualit\u00e9 des solutions et des services pour les clients de Bechtle. Christian Speck d\u00e9clare \u00e0 ce sujet : \" Nous montrons ainsi notre volont\u00e9 d'adapter encore mieux notre offre aux besoins de nos clients. Je suis convaincu que Christoph Kleinsorg r\u00e9alisera ces t\u00e2ches de mani\u00e8re remarquable gr\u00e2ce \u00e0 son savoir-faire et \u00e0 sa personnalit\u00e9\".<\/p>\n<h3><strong>Du temps pour d'autres t\u00e2ches importantes<\/strong><\/h3>\n<p>Gr\u00e2ce au renforcement de l'\u00e9quipe de direction, Christian Speck est en mesure de se consacrer en priorit\u00e9 \u00e0 l'orientation strat\u00e9gique de l'entreprise et au d\u00e9veloppement d'innovations. Pour cela, il est essentiel d'avoir des collaborateurs engag\u00e9s et bien form\u00e9s qui travaillent avec les clients pour trouver des solutions. \"\u00c0 l'avenir, je me concentrerai encore plus sur la cr\u00e9ation de notre culture d'entreprise, car cela me tient personnellement tr\u00e8s \u00e0 c\u0153ur\", explique Christian Speck. \"Nos collaborateurs sont notre bien le plus pr\u00e9cieux et ce n'est qu'avec eux que nous atteindrons nos objectifs ambitieux\".<\/p>\n<p><a href=\"http:\/\/www.bechtle.ch\"><em>Source et informations compl\u00e9mentaires<\/em><\/a><\/p>","protected":false},"excerpt":{"rendered":"<p>Im Rekordjahr 2022 verzeichnete das IT-Unternehmen Bechtle Schweiz AG ein beeindruckendes organisches Wachstum von \u00fcber 17 %. Um diesen Erfolg auch in den n\u00e4chsten Jahren sicherzustellen, delegiert Gesch\u00e4ftsf\u00fchrer Christian Speck diverse Aufgaben an ein Management-Team bestehend aus Patrick Fischbacher, Leiter Verkauf, Kerstin Friedlin, Leiterin Finanzen &amp; Administration, sowie Christoph Kleinsorg, Leiter Dienstleistungen &amp; IT-Services. Management [&hellip;]<\/p>\n","protected":false},"author":4,"featured_media":19326,"comment_status":"closed","ping_status":"closed","sticky":false,"template":"","format":"standard","meta":{"_acf_changed":false,"_yoast_wpseo_focuskw":"Bechtle Schweiz","_yoast_wpseo_metadesc":"Christian Speck, Gesch\u00e4ftsf\u00fchrer der Bechtle Schweiz AG, \u00fcbergibt verschiedene Aufgaben an ein neu aufgestelltes Management-Board.","articlekey":"","footnotes":""},"categories":[28],"tags":[286,335,381,492],"class_list":["post-19325","post","type-post","status-publish","format-standard","has-post-thumbnail","hentry","category-management","tag-it","tag-management-und-unternehmensfuehrung","tag-personalia","tag-unternehmen"],"acf":[],"yoast_head":"<!-- This site is optimized with the Yoast SEO plugin v27.5 - https:\/\/yoast.com\/product\/yoast-seo-wordpress\/ -->\n<title>Bechtle Schweiz AG verst\u00e4rkt Management - Organisator<\/title>\n<meta name=\"description\" content=\"Christian Speck, Gesch\u00e4ftsf\u00fchrer der Bechtle Schweiz AG, \u00fcbergibt verschiedene Aufgaben an ein neu aufgestelltes Management-Board.\" \/>\n<meta name=\"robots\" content=\"index, follow, max-snippet:-1, max-image-preview:large, max-video-preview:-1\" \/>\n<link rel=\"canonical\" href=\"https:\/\/www.organisator.ch\/fr\/gestion-2\/2023-03-20\/bechtle-schweiz-ag-verstaerkt-management\/\" \/>\n<meta property=\"og:locale\" content=\"fr_FR\" \/>\n<meta property=\"og:type\" content=\"article\" \/>\n<meta property=\"og:title\" content=\"Bechtle Schweiz AG verst\u00e4rkt Management\" \/>\n<meta property=\"og:description\" content=\"Christian Speck, Gesch\u00e4ftsf\u00fchrer der Bechtle Schweiz AG, \u00fcbergibt verschiedene Aufgaben an ein neu aufgestelltes Management-Board.\" \/>\n<meta property=\"og:url\" content=\"https:\/\/www.organisator.ch\/fr\/gestion-2\/2023-03-20\/bechtle-schweiz-ag-verstaerkt-management\/\" \/>\n<meta property=\"og:site_name\" content=\"Organisator\" \/>\n<meta property=\"article:publisher\" content=\"https:\/\/www.facebook.com\/OrganisatorFachmagazin\" \/>\n<meta property=\"article:published_time\" content=\"2023-03-20T14:03:55+00:00\" \/>\n<meta property=\"og:image\" content=\"https:\/\/www.organisator.ch\/wp-content\/uploads\/2023\/03\/Bechtle-Schweiz-AG-verstaerkt-Management_Organisator.jpg\" \/>\n\t<meta property=\"og:image:width\" content=\"680\" \/>\n\t<meta property=\"og:image:height\" content=\"458\" \/>\n\t<meta property=\"og:image:type\" content=\"image\/jpeg\" \/>\n<meta name=\"author\" content=\"thomas.berner\" \/>\n<meta name=\"twitter:card\" content=\"summary_large_image\" \/>\n<meta name=\"twitter:title\" content=\"#Bechtle Schweiz AG verst\u00e4rkt Management\" \/>\n<meta name=\"twitter:description\" content=\"Christian Speck, Gesch\u00e4ftsf\u00fchrer der #Bechtle Schweiz AG, \u00fcbergibt verschiedene Aufgaben an ein neu aufgestelltes Management-Board.\" \/>\n<meta name=\"twitter:image\" content=\"https:\/\/www.organisator.ch\/wp-content\/uploads\/2023\/03\/Bechtle-Schweiz-AG-verstaerkt-Management_Organisator.jpg\" \/>\n<script type=\"application\/ld+json\" class=\"yoast-schema-graph\">{\"@context\":\"https:\\\/\\\/schema.org\",\"@graph\":[{\"@type\":\"Article\",\"@id\":\"https:\\\/\\\/www.organisator.ch\\\/management\\\/2023-03-20\\\/bechtle-schweiz-ag-verstaerkt-management\\\/#article\",\"isPartOf\":{\"@id\":\"https:\\\/\\\/www.organisator.ch\\\/management\\\/2023-03-20\\\/bechtle-schweiz-ag-verstaerkt-management\\\/\"},\"author\":{\"name\":\"thomas.berner\",\"@id\":\"https:\\\/\\\/www.organisator.ch\\\/#\\\/schema\\\/person\\\/6f650f90b2842cd4c0cc334b4e36f67e\"},\"headline\":\"Bechtle Schweiz AG verst\u00e4rkt Management\",\"datePublished\":\"2023-03-20T14:03:55+00:00\",\"mainEntityOfPage\":{\"@id\":\"https:\\\/\\\/www.organisator.ch\\\/management\\\/2023-03-20\\\/bechtle-schweiz-ag-verstaerkt-management\\\/\"},\"wordCount\":383,\"publisher\":{\"@id\":\"https:\\\/\\\/www.organisator.ch\\\/#organization\"},\"image\":{\"@id\":\"https:\\\/\\\/www.organisator.ch\\\/management\\\/2023-03-20\\\/bechtle-schweiz-ag-verstaerkt-management\\\/#primaryimage\"},\"thumbnailUrl\":\"https:\\\/\\\/www.organisator.ch\\\/wp-content\\\/uploads\\\/2023\\\/03\\\/Bechtle-Schweiz-AG-verstaerkt-Management_Organisator.jpg\",\"keywords\":[\"IT\",\"Management und Unternehmensf\u00fchrung\",\"Personalia\",\"Unternehmen\"],\"articleSection\":[\"MANAGEMENT\"],\"inLanguage\":\"fr-FR\"},{\"@type\":\"WebPage\",\"@id\":\"https:\\\/\\\/www.organisator.ch\\\/management\\\/2023-03-20\\\/bechtle-schweiz-ag-verstaerkt-management\\\/\",\"url\":\"https:\\\/\\\/www.organisator.ch\\\/management\\\/2023-03-20\\\/bechtle-schweiz-ag-verstaerkt-management\\\/\",\"name\":\"Bechtle Schweiz AG verst\u00e4rkt Management - Organisator\",\"isPartOf\":{\"@id\":\"https:\\\/\\\/www.organisator.ch\\\/#website\"},\"primaryImageOfPage\":{\"@id\":\"https:\\\/\\\/www.organisator.ch\\\/management\\\/2023-03-20\\\/bechtle-schweiz-ag-verstaerkt-management\\\/#primaryimage\"},\"image\":{\"@id\":\"https:\\\/\\\/www.organisator.ch\\\/management\\\/2023-03-20\\\/bechtle-schweiz-ag-verstaerkt-management\\\/#primaryimage\"},\"thumbnailUrl\":\"https:\\\/\\\/www.organisator.ch\\\/wp-content\\\/uploads\\\/2023\\\/03\\\/Bechtle-Schweiz-AG-verstaerkt-Management_Organisator.jpg\",\"datePublished\":\"2023-03-20T14:03:55+00:00\",\"description\":\"Christian Speck, Gesch\u00e4ftsf\u00fchrer der Bechtle Schweiz AG, \u00fcbergibt verschiedene Aufgaben an ein neu aufgestelltes Management-Board.\",\"breadcrumb\":{\"@id\":\"https:\\\/\\\/www.organisator.ch\\\/management\\\/2023-03-20\\\/bechtle-schweiz-ag-verstaerkt-management\\\/#breadcrumb\"},\"inLanguage\":\"fr-FR\",\"potentialAction\":[{\"@type\":\"ReadAction\",\"target\":[\"https:\\\/\\\/www.organisator.ch\\\/management\\\/2023-03-20\\\/bechtle-schweiz-ag-verstaerkt-management\\\/\"]}]},{\"@type\":\"ImageObject\",\"inLanguage\":\"fr-FR\",\"@id\":\"https:\\\/\\\/www.organisator.ch\\\/management\\\/2023-03-20\\\/bechtle-schweiz-ag-verstaerkt-management\\\/#primaryimage\",\"url\":\"https:\\\/\\\/www.organisator.ch\\\/wp-content\\\/uploads\\\/2023\\\/03\\\/Bechtle-Schweiz-AG-verstaerkt-Management_Organisator.jpg\",\"contentUrl\":\"https:\\\/\\\/www.organisator.ch\\\/wp-content\\\/uploads\\\/2023\\\/03\\\/Bechtle-Schweiz-AG-verstaerkt-Management_Organisator.jpg\",\"width\":680,\"height\":458,\"caption\":\"Das erweiterte Management-Team von Bechtle Schweiz (v.l.n.r.): Patrick Fischbacher, Kerstin Friedlich, Christian Speck, Christoph Kleinsorg. (Bild: zVg \\\/ Bechtle)\"},{\"@type\":\"BreadcrumbList\",\"@id\":\"https:\\\/\\\/www.organisator.ch\\\/management\\\/2023-03-20\\\/bechtle-schweiz-ag-verstaerkt-management\\\/#breadcrumb\",\"itemListElement\":[{\"@type\":\"ListItem\",\"position\":1,\"name\":\"Home\",\"item\":\"https:\\\/\\\/www.organisator.ch\\\/\"},{\"@type\":\"ListItem\",\"position\":2,\"name\":\"Bechtle Schweiz AG verst\u00e4rkt Management\"}]},{\"@type\":\"WebSite\",\"@id\":\"https:\\\/\\\/www.organisator.ch\\\/#website\",\"url\":\"https:\\\/\\\/www.organisator.ch\\\/\",\"name\":\"Organisator\",\"description\":\"Kompetent. Praxisnah. Der ORGANISATOR bereitet in 10 Ausgaben pro Jahr die wesentlichen Themen f\u00fcr F\u00fchrungskr\u00e4fte von KMU auf.\",\"publisher\":{\"@id\":\"https:\\\/\\\/www.organisator.ch\\\/#organization\"},\"potentialAction\":[{\"@type\":\"SearchAction\",\"target\":{\"@type\":\"EntryPoint\",\"urlTemplate\":\"https:\\\/\\\/www.organisator.ch\\\/?s={search_term_string}\"},\"query-input\":{\"@type\":\"PropertyValueSpecification\",\"valueRequired\":true,\"valueName\":\"search_term_string\"}}],\"inLanguage\":\"fr-FR\"},{\"@type\":\"Organization\",\"@id\":\"https:\\\/\\\/www.organisator.ch\\\/#organization\",\"name\":\"Organisator\",\"url\":\"https:\\\/\\\/www.organisator.ch\\\/\",\"logo\":{\"@type\":\"ImageObject\",\"inLanguage\":\"fr-FR\",\"@id\":\"https:\\\/\\\/www.organisator.ch\\\/#\\\/schema\\\/logo\\\/image\\\/\",\"url\":\"https:\\\/\\\/www.organisator.ch\\\/wp-content\\\/uploads\\\/2022\\\/01\\\/Logo_Organisator_Website.png\",\"contentUrl\":\"https:\\\/\\\/www.organisator.ch\\\/wp-content\\\/uploads\\\/2022\\\/01\\\/Logo_Organisator_Website.png\",\"width\":800,\"height\":77,\"caption\":\"Organisator\"},\"image\":{\"@id\":\"https:\\\/\\\/www.organisator.ch\\\/#\\\/schema\\\/logo\\\/image\\\/\"},\"sameAs\":[\"https:\\\/\\\/www.facebook.com\\\/OrganisatorFachmagazin\",\"https:\\\/\\\/www.linkedin.com\\\/showcase\\\/organisator-das-magazin-fr-kmu\",\"https:\\\/\\\/www.xing.com\\\/news\\\/pages\\\/organisator-ch-695\",\"https:\\\/\\\/www.youtube.com\\\/channel\\\/UCGP2Sq0iWaZwT3BdIAQFYpw\"]},{\"@type\":\"Person\",\"@id\":\"https:\\\/\\\/www.organisator.ch\\\/#\\\/schema\\\/person\\\/6f650f90b2842cd4c0cc334b4e36f67e\",\"name\":\"thomas.berner\",\"image\":{\"@type\":\"ImageObject\",\"inLanguage\":\"fr-FR\",\"@id\":\"https:\\\/\\\/secure.gravatar.com\\\/avatar\\\/ac5001d2a36cb6c6cd3e50789007ffca834b477b74a2144564522e944eabff61?s=96&d=mm&r=g\",\"url\":\"https:\\\/\\\/secure.gravatar.com\\\/avatar\\\/ac5001d2a36cb6c6cd3e50789007ffca834b477b74a2144564522e944eabff61?s=96&d=mm&r=g\",\"contentUrl\":\"https:\\\/\\\/secure.gravatar.com\\\/avatar\\\/ac5001d2a36cb6c6cd3e50789007ffca834b477b74a2144564522e944eabff61?s=96&d=mm&r=g\",\"caption\":\"thomas.berner\"},\"url\":\"https:\\\/\\\/www.organisator.ch\\\/fr\\\/author\\\/thomas-berner\\\/\"}]}<\/script>\n<!-- \/ Yoast SEO plugin. -->","yoast_head_json":{"title":"Bechtle Schweiz AG renforce son management - Organisateur","description":"Christian Speck, directeur de Bechtle Schweiz AG, confie diff\u00e9rentes t\u00e2ches \u00e0 un Management Board nouvellement constitu\u00e9.","robots":{"index":"index","follow":"follow","max-snippet":"max-snippet:-1","max-image-preview":"max-image-preview:large","max-video-preview":"max-video-preview:-1"},"canonical":"https:\/\/www.organisator.ch\/fr\/gestion-2\/2023-03-20\/bechtle-schweiz-ag-verstaerkt-management\/","og_locale":"fr_FR","og_type":"article","og_title":"Bechtle Schweiz AG verst\u00e4rkt Management","og_description":"Christian Speck, Gesch\u00e4ftsf\u00fchrer der Bechtle Schweiz AG, \u00fcbergibt verschiedene Aufgaben an ein neu aufgestelltes Management-Board.","og_url":"https:\/\/www.organisator.ch\/fr\/gestion-2\/2023-03-20\/bechtle-schweiz-ag-verstaerkt-management\/","og_site_name":"Organisator","article_publisher":"https:\/\/www.facebook.com\/OrganisatorFachmagazin","article_published_time":"2023-03-20T14:03:55+00:00","og_image":[{"width":680,"height":458,"url":"https:\/\/www.organisator.ch\/wp-content\/uploads\/2023\/03\/Bechtle-Schweiz-AG-verstaerkt-Management_Organisator.jpg","type":"image\/jpeg"}],"author":"thomas.berner","twitter_card":"summary_large_image","twitter_title":"#Bechtle Schweiz AG verst\u00e4rkt Management","twitter_description":"Christian Speck, Gesch\u00e4ftsf\u00fchrer der #Bechtle Schweiz AG, \u00fcbergibt verschiedene Aufgaben an ein neu aufgestelltes Management-Board.","twitter_image":"https:\/\/www.organisator.ch\/wp-content\/uploads\/2023\/03\/Bechtle-Schweiz-AG-verstaerkt-Management_Organisator.jpg","schema":{"@context":"https:\/\/schema.org","@graph":[{"@type":"Article","@id":"https:\/\/www.organisator.ch\/management\/2023-03-20\/bechtle-schweiz-ag-verstaerkt-management\/#article","isPartOf":{"@id":"https:\/\/www.organisator.ch\/management\/2023-03-20\/bechtle-schweiz-ag-verstaerkt-management\/"},"author":{"name":"thomas.berner","@id":"https:\/\/www.organisator.ch\/#\/schema\/person\/6f650f90b2842cd4c0cc334b4e36f67e"},"headline":"Bechtle Schweiz AG verst\u00e4rkt Management","datePublished":"2023-03-20T14:03:55+00:00","mainEntityOfPage":{"@id":"https:\/\/www.organisator.ch\/management\/2023-03-20\/bechtle-schweiz-ag-verstaerkt-management\/"},"wordCount":383,"publisher":{"@id":"https:\/\/www.organisator.ch\/#organization"},"image":{"@id":"https:\/\/www.organisator.ch\/management\/2023-03-20\/bechtle-schweiz-ag-verstaerkt-management\/#primaryimage"},"thumbnailUrl":"https:\/\/www.organisator.ch\/wp-content\/uploads\/2023\/03\/Bechtle-Schweiz-AG-verstaerkt-Management_Organisator.jpg","keywords":["IT","Management und Unternehmensf\u00fchrung","Personalia","Unternehmen"],"articleSection":["MANAGEMENT"],"inLanguage":"fr-FR"},{"@type":"WebPage","@id":"https:\/\/www.organisator.ch\/management\/2023-03-20\/bechtle-schweiz-ag-verstaerkt-management\/","url":"https:\/\/www.organisator.ch\/management\/2023-03-20\/bechtle-schweiz-ag-verstaerkt-management\/","name":"Bechtle Schweiz AG renforce son management - Organisateur","isPartOf":{"@id":"https:\/\/www.organisator.ch\/#website"},"primaryImageOfPage":{"@id":"https:\/\/www.organisator.ch\/management\/2023-03-20\/bechtle-schweiz-ag-verstaerkt-management\/#primaryimage"},"image":{"@id":"https:\/\/www.organisator.ch\/management\/2023-03-20\/bechtle-schweiz-ag-verstaerkt-management\/#primaryimage"},"thumbnailUrl":"https:\/\/www.organisator.ch\/wp-content\/uploads\/2023\/03\/Bechtle-Schweiz-AG-verstaerkt-Management_Organisator.jpg","datePublished":"2023-03-20T14:03:55+00:00","description":"Christian Speck, directeur de Bechtle Schweiz AG, confie diff\u00e9rentes t\u00e2ches \u00e0 un Management Board nouvellement constitu\u00e9.","breadcrumb":{"@id":"https:\/\/www.organisator.ch\/management\/2023-03-20\/bechtle-schweiz-ag-verstaerkt-management\/#breadcrumb"},"inLanguage":"fr-FR","potentialAction":[{"@type":"ReadAction","target":["https:\/\/www.organisator.ch\/management\/2023-03-20\/bechtle-schweiz-ag-verstaerkt-management\/"]}]},{"@type":"ImageObject","inLanguage":"fr-FR","@id":"https:\/\/www.organisator.ch\/management\/2023-03-20\/bechtle-schweiz-ag-verstaerkt-management\/#primaryimage","url":"https:\/\/www.organisator.ch\/wp-content\/uploads\/2023\/03\/Bechtle-Schweiz-AG-verstaerkt-Management_Organisator.jpg","contentUrl":"https:\/\/www.organisator.ch\/wp-content\/uploads\/2023\/03\/Bechtle-Schweiz-AG-verstaerkt-Management_Organisator.jpg","width":680,"height":458,"caption":"Das erweiterte Management-Team von Bechtle Schweiz (v.l.n.r.): Patrick Fischbacher, Kerstin Friedlich, Christian Speck, Christoph Kleinsorg. (Bild: zVg \/ Bechtle)"},{"@type":"BreadcrumbList","@id":"https:\/\/www.organisator.ch\/management\/2023-03-20\/bechtle-schweiz-ag-verstaerkt-management\/#breadcrumb","itemListElement":[{"@type":"ListItem","position":1,"name":"Home","item":"https:\/\/www.organisator.ch\/"},{"@type":"ListItem","position":2,"name":"Bechtle Schweiz AG verst\u00e4rkt Management"}]},{"@type":"WebSite","@id":"https:\/\/www.organisator.ch\/#website","url":"https:\/\/www.organisator.ch\/","name":"Organisateur","description":"Comp\u00e9tence et comp\u00e9tence. Proches de la pratique. L'ORGANISATEUR pr\u00e9pare 10 num\u00e9ros par an sur les th\u00e8mes essentiels pour les dirigeants de PME.","publisher":{"@id":"https:\/\/www.organisator.ch\/#organization"},"potentialAction":[{"@type":"SearchAction","target":{"@type":"EntryPoint","urlTemplate":"https:\/\/www.organisator.ch\/?s={search_term_string}"},"query-input":{"@type":"PropertyValueSpecification","valueRequired":true,"valueName":"search_term_string"}}],"inLanguage":"fr-FR"},{"@type":"Organization","@id":"https:\/\/www.organisator.ch\/#organization","name":"Organisateur","url":"https:\/\/www.organisator.ch\/","logo":{"@type":"ImageObject","inLanguage":"fr-FR","@id":"https:\/\/www.organisator.ch\/#\/schema\/logo\/image\/","url":"https:\/\/www.organisator.ch\/wp-content\/uploads\/2022\/01\/Logo_Organisator_Website.png","contentUrl":"https:\/\/www.organisator.ch\/wp-content\/uploads\/2022\/01\/Logo_Organisator_Website.png","width":800,"height":77,"caption":"Organisator"},"image":{"@id":"https:\/\/www.organisator.ch\/#\/schema\/logo\/image\/"},"sameAs":["https:\/\/www.facebook.com\/OrganisatorFachmagazin","https:\/\/www.linkedin.com\/showcase\/organisator-das-magazin-fr-kmu","https:\/\/www.xing.com\/news\/pages\/organisator-ch-695","https:\/\/www.youtube.com\/channel\/UCGP2Sq0iWaZwT3BdIAQFYpw"]},{"@type":"Person","@id":"https:\/\/www.organisator.ch\/#\/schema\/person\/6f650f90b2842cd4c0cc334b4e36f67e","name":"thomas.berner","image":{"@type":"ImageObject","inLanguage":"fr-FR","@id":"https:\/\/secure.gravatar.com\/avatar\/ac5001d2a36cb6c6cd3e50789007ffca834b477b74a2144564522e944eabff61?s=96&d=mm&r=g","url":"https:\/\/secure.gravatar.com\/avatar\/ac5001d2a36cb6c6cd3e50789007ffca834b477b74a2144564522e944eabff61?s=96&d=mm&r=g","contentUrl":"https:\/\/secure.gravatar.com\/avatar\/ac5001d2a36cb6c6cd3e50789007ffca834b477b74a2144564522e944eabff61?s=96&d=mm&r=g","caption":"thomas.berner"},"url":"https:\/\/www.organisator.ch\/fr\/author\/thomas-berner\/"}]}},"_links":{"self":[{"href":"https:\/\/www.organisator.ch\/fr\/wp-json\/wp\/v2\/posts\/19325","targetHints":{"allow":["GET"]}}],"collection":[{"href":"https:\/\/www.organisator.ch\/fr\/wp-json\/wp\/v2\/posts"}],"about":[{"href":"https:\/\/www.organisator.ch\/fr\/wp-json\/wp\/v2\/types\/post"}],"author":[{"embeddable":true,"href":"https:\/\/www.organisator.ch\/fr\/wp-json\/wp\/v2\/users\/4"}],"replies":[{"embeddable":true,"href":"https:\/\/www.organisator.ch\/fr\/wp-json\/wp\/v2\/comments?post=19325"}],"version-history":[{"count":1,"href":"https:\/\/www.organisator.ch\/fr\/wp-json\/wp\/v2\/posts\/19325\/revisions"}],"predecessor-version":[{"id":19327,"href":"https:\/\/www.organisator.ch\/fr\/wp-json\/wp\/v2\/posts\/19325\/revisions\/19327"}],"wp:featuredmedia":[{"embeddable":true,"href":"https:\/\/www.organisator.ch\/fr\/wp-json\/wp\/v2\/media\/19326"}],"wp:attachment":[{"href":"https:\/\/www.organisator.ch\/fr\/wp-json\/wp\/v2\/media?parent=19325"}],"wp:term":[{"taxonomy":"category","embeddable":true,"href":"https:\/\/www.organisator.ch\/fr\/wp-json\/wp\/v2\/categories?post=19325"},{"taxonomy":"post_tag","embeddable":true,"href":"https:\/\/www.organisator.ch\/fr\/wp-json\/wp\/v2\/tags?post=19325"}],"curies":[{"name":"wp","href":"https:\/\/api.w.org\/{rel}","templated":true}]}}