{"id":19347,"date":"2023-03-21T09:08:54","date_gmt":"2023-03-21T08:08:54","guid":{"rendered":"https:\/\/www.organisator.ch\/?p=19347"},"modified":"2023-04-25T13:42:03","modified_gmt":"2023-04-25T11:42:03","slug":"altersdiskriminierung-ist-der-neue-sexismus","status":"publish","type":"post","link":"https:\/\/www.organisator.ch\/fr\/human-resources\/2023-03-21\/altersdiskriminierung-ist-der-neue-sexismus\/","title":{"rendered":"\"L'\u00e2gisme est le nouveau sexisme\""},"content":{"rendered":"<figure id=\"attachment_19348\" aria-describedby=\"caption-attachment-19348\" style=\"width: 680px\" class=\"wp-caption alignnone\"><img loading=\"lazy\" decoding=\"async\" class=\"size-full wp-image-19348\" src=\"https:\/\/www.organisator.ch\/wp-content\/uploads\/2023\/03\/Altersdiskriminierung-ist-der-neue-Sexismus._Organisator.jpg\" alt=\"\" width=\"680\" height=\"453\" srcset=\"https:\/\/www.organisator.ch\/wp-content\/uploads\/2023\/03\/Altersdiskriminierung-ist-der-neue-Sexismus._Organisator.jpg 680w, https:\/\/www.organisator.ch\/wp-content\/uploads\/2023\/03\/Altersdiskriminierung-ist-der-neue-Sexismus._Organisator-18x12.jpg 18w, https:\/\/www.organisator.ch\/wp-content\/uploads\/2023\/03\/Altersdiskriminierung-ist-der-neue-Sexismus._Organisator-375x250.jpg 375w, https:\/\/www.organisator.ch\/wp-content\/uploads\/2023\/03\/Altersdiskriminierung-ist-der-neue-Sexismus._Organisator-525x350.jpg 525w\" sizes=\"auto, (max-width: 680px) 100vw, 680px\" \/><figcaption id=\"caption-attachment-19348\" class=\"wp-caption-text\">Ellen Kocher, Peter Haerle et Ines Hartmann (de gauche \u00e0 droite), Les orateurs invit\u00e9s sur le th\u00e8me de la \"discrimination li\u00e9e \u00e0 l'\u00e2ge\" au Think Tank 2023 (Image : (c) Andre Grimm)<\/figcaption><\/figure>\n<p>Les femmes sont-elles en principe moins bien loties dans la vieillesse ? Existe-t-il des structures sociales pour les personnes \u00e2g\u00e9es issues de la communaut\u00e9 LGBTQ+ ? Et les personnes \u00e2g\u00e9es sont-elles structurellement d\u00e9savantag\u00e9es sur le lieu de travail, voire discrimin\u00e9es en raison de leur \u00e2ge ? Le catalogue de th\u00e8mes du think tank \"Age is just a number... really ?\" de l'association \u00e0 but non lucratif Swiss Diversity est vaste : \"L'\u00e2gisme est le nouveau sexisme\", d\u00e9clare Ellen Kocher, oratrice invit\u00e9e au think tank et auteure d'un livre sur la g\u00e9n\u00e9ration 50+ en Suisse.<\/p>\n<p>Lors de ce groupe de r\u00e9flexion, d'autres personnes de renom se sont r\u00e9unies le 20 mars \u00e0 l'Universit\u00e9 de Berne pour discuter des probl\u00e8mes, des tendances et des solutions possibles autour de la discrimination li\u00e9e \u00e0 l'\u00e2ge. Les participants sont issus des secteurs les plus divers : Stefan Gal, co-directeur de la diversit\u00e9 chez Swisscom, Michael Hoekstra, pr\u00e9sident du conseil de la ville de Berne ou Ines Hartmann, co-directrice du Competence Centre for D&amp;I University of St.<\/p>\n<h3><strong>Quand le sexe ou le pass\u00e9 d\u00e9termine l'avenir<\/strong><\/h3>\n<p>\"Les personnes \u00e2g\u00e9es sont encore victimes d'un pr\u00e9jug\u00e9 selon lequel elles bloqueraient la nouveaut\u00e9 et emp\u00eacheraient ainsi l'innovation\", explique Christiane Bisanzio, pr\u00e9sidente du jury de Swiss Diversity et cofondatrice du think tank. Mais les personnes \u00e2g\u00e9es ne sont pas les seules \u00e0 devoir lutter contre les pr\u00e9jug\u00e9s. Les femmes, par exemple, ont souvent une moins bonne retraite \u00e0 la retraite, d'une part parce qu'elles sont d\u00e9savantag\u00e9es par le gender pay gap et d'autre part parce qu'elles continuent \u00e0 \u00eatre davantage responsables de la garde des enfants et du m\u00e9nage. Un travail qui est socialement tr\u00e8s pr\u00e9cieux, mais qui n'implique pas de cotisations au 2e pilier.<\/p>\n<p>La plupart du temps, il vaut toutefois la peine de se pencher sur le pass\u00e9 socio-\u00e9conomique et culturel des personnes pour comprendre la discrimination dont elles font l'objet dans la vieillesse. Les personnes issues de m\u00e9nages financi\u00e8rement faibles ont tendance \u00e0 \u00eatre moins bien form\u00e9es et \u00e0 trouver plus tard des emplois mal pay\u00e9s et physiquement p\u00e9nibles, par exemple dans les soins ou l'artisanat. Cons\u00e9quence : \u00e0 l'\u00e2ge de la retraite, les corps sont ab\u00eem\u00e9s par l'effort physique et la pension suffit \u00e0 peine pour vivre pour beaucoup.<\/p>\n<h3><strong>La semaine de quatre jours : une solution pour toutes les g\u00e9n\u00e9rations ?<\/strong><\/h3>\n<p>Outre tous les domaines probl\u00e9matiques, le think tank a surtout mis l'accent sur les solutions possibles. Un exemple marquant : la semaine controvers\u00e9e de quatre jours. \"Nous sommes convaincus que toutes les g\u00e9n\u00e9rations profiteraient d'une semaine de quatre jours\", affirme Bisanzio avec conviction. L'\u00e9conomie n'est pas non plus totalement oppos\u00e9e \u00e0 ce nouveau mod\u00e8le de temps de travail : \"La sant\u00e9 des employ\u00e9s, en particulier, profiterait d'une semaine de quatre jours - quelle que soit la g\u00e9n\u00e9ration dont ils sont issus\", explique Bisanzio. Les collaborateurs en bonne sant\u00e9 sont moins souvent absents de leur poste de travail. Pour les entreprises, il est toutefois essentiel que la productivit\u00e9 ne souffre pas d'une semaine de quatre jours.<\/p>\n<p>La solution qui sera finalement retenue n'est toutefois pas trop d\u00e9cisive pour l'association et c'est ainsi que Stephan Lendi, co-fondateur de Swiss Diversity et animateur du groupe de r\u00e9flexion, a conclu la soir\u00e9e par ces mots : \"Il est important que les diff\u00e9rents domaines probl\u00e9matiques de la discrimination li\u00e9e \u00e0 l'\u00e2ge fassent davantage l'objet d'un discours. Le th\u00e8me de cette ann\u00e9e, \"l'\u00e2ge\", s'y pr\u00eate id\u00e9alement, car il est intersectionnel et s'adresse donc \u00e0 un large groupe cible, m\u00eame au sein des diff\u00e9rents domaines de la diversit\u00e9\".<\/p>\n<p><em>Source et informations compl\u00e9mentaires : <a href=\"http:\/\/www.swissdiversity.com\">Diversit\u00e9 suisse<\/a><\/em><\/p>","protected":false},"excerpt":{"rendered":"<p>Haben es Frauen prinzipiell schlechter im Alter? Gibt es soziale Strukturen f\u00fcr alte Menschen aus der LGBTQ+ Community? Und werden alte Menschen am Arbeitsplatz strukturell benachteiligt, ja sogar aufgrund ihres Alters diskriminiert? Der Themenkatalog des Think Tanks \u201dAge is just a number&#8230; wirklich?\u201d des gemeinn\u00fctzigen Vereins Swiss Diversity ist umfangreich: &#8222;Altersdiskriminierung ist der neue Sexismus\u201d, [&hellip;]<\/p>\n","protected":false},"author":4,"featured_media":19348,"comment_status":"closed","ping_status":"closed","sticky":false,"template":"","format":"standard","meta":{"_acf_changed":false,"_yoast_wpseo_focuskw":"Altersdiskriminierung","_yoast_wpseo_metadesc":"Am 20. M\u00e4rz 2023 fand zum zweiten Mal der Think Tank von Swiss Diversity statt. Dieses Jahr ging es dabei um Altersdiskriminierung.","articlekey":"","footnotes":""},"categories":[579],"tags":[31,159,254,503],"class_list":["post-19347","post","type-post","status-publish","format-standard","has-post-thumbnail","hentry","category-human-resources","tag-31","tag-diversity","tag-hrm","tag-verbaende"],"acf":[],"yoast_head":"<!-- This site is optimized with the Yoast SEO plugin v27.4 - https:\/\/yoast.com\/product\/yoast-seo-wordpress\/ -->\n<title>&quot;Altersdiskriminierung ist der neue Sexismus&quot; - Organisator<\/title>\n<meta name=\"description\" content=\"Am 20. M\u00e4rz 2023 fand zum zweiten Mal der Think Tank von Swiss Diversity statt. Dieses Jahr ging es dabei um Altersdiskriminierung.\" \/>\n<meta name=\"robots\" content=\"index, follow, max-snippet:-1, max-image-preview:large, max-video-preview:-1\" \/>\n<link rel=\"canonical\" href=\"https:\/\/www.organisator.ch\/fr\/ressources-humaines\/2023-03-21\/altersdiskriminierung-ist-der-neue-sexismus\/\" \/>\n<meta property=\"og:locale\" content=\"fr_FR\" \/>\n<meta property=\"og:type\" content=\"article\" \/>\n<meta property=\"og:title\" content=\"&quot;Altersdiskriminierung ist der neue Sexismus&quot;\" \/>\n<meta property=\"og:description\" content=\"Am 20. M\u00e4rz 2023 fand zum zweiten Mal der Think Tank von Swiss Diversity statt. Dieses Jahr ging es dabei um Altersdiskriminierung.\" \/>\n<meta property=\"og:url\" content=\"https:\/\/www.organisator.ch\/fr\/ressources-humaines\/2023-03-21\/altersdiskriminierung-ist-der-neue-sexismus\/\" \/>\n<meta property=\"og:site_name\" content=\"Organisator\" \/>\n<meta property=\"article:publisher\" content=\"https:\/\/www.facebook.com\/OrganisatorFachmagazin\" \/>\n<meta property=\"article:published_time\" content=\"2023-03-21T08:08:54+00:00\" \/>\n<meta property=\"article:modified_time\" content=\"2023-04-25T11:42:03+00:00\" \/>\n<meta property=\"og:image\" content=\"https:\/\/www.organisator.ch\/wp-content\/uploads\/2023\/03\/Altersdiskriminierung-ist-der-neue-Sexismus._Organisator.jpg\" \/>\n\t<meta property=\"og:image:width\" content=\"680\" \/>\n\t<meta property=\"og:image:height\" content=\"453\" \/>\n\t<meta property=\"og:image:type\" content=\"image\/jpeg\" \/>\n<meta name=\"author\" content=\"thomas.berner\" \/>\n<meta name=\"twitter:card\" content=\"summary_large_image\" \/>\n<meta name=\"twitter:title\" content=\"&quot;#Altersdiskriminierung ist der neue #Sexismus&quot;\" \/>\n<meta name=\"twitter:description\" content=\"Am 20. M\u00e4rz 2023 fand zum zweiten Mal der Think Tank von Swiss #Diversity statt. Dieses Jahr ging es dabei um #Altersdiskriminierung.\" \/>\n<meta name=\"twitter:image\" content=\"https:\/\/www.organisator.ch\/wp-content\/uploads\/2023\/03\/Altersdiskriminierung-ist-der-neue-Sexismus._Organisator.jpg\" \/>\n<script type=\"application\/ld+json\" class=\"yoast-schema-graph\">{\"@context\":\"https:\\\/\\\/schema.org\",\"@graph\":[{\"@type\":\"Article\",\"@id\":\"https:\\\/\\\/www.organisator.ch\\\/human-resources\\\/2023-03-21\\\/altersdiskriminierung-ist-der-neue-sexismus\\\/#article\",\"isPartOf\":{\"@id\":\"https:\\\/\\\/www.organisator.ch\\\/human-resources\\\/2023-03-21\\\/altersdiskriminierung-ist-der-neue-sexismus\\\/\"},\"author\":{\"name\":\"thomas.berner\",\"@id\":\"https:\\\/\\\/www.organisator.ch\\\/#\\\/schema\\\/person\\\/6f650f90b2842cd4c0cc334b4e36f67e\"},\"headline\":\"&#8222;Altersdiskriminierung ist der neue Sexismus&#8220;\",\"datePublished\":\"2023-03-21T08:08:54+00:00\",\"dateModified\":\"2023-04-25T11:42:03+00:00\",\"mainEntityOfPage\":{\"@id\":\"https:\\\/\\\/www.organisator.ch\\\/human-resources\\\/2023-03-21\\\/altersdiskriminierung-ist-der-neue-sexismus\\\/\"},\"wordCount\":536,\"publisher\":{\"@id\":\"https:\\\/\\\/www.organisator.ch\\\/#organization\"},\"image\":{\"@id\":\"https:\\\/\\\/www.organisator.ch\\\/human-resources\\\/2023-03-21\\\/altersdiskriminierung-ist-der-neue-sexismus\\\/#primaryimage\"},\"thumbnailUrl\":\"https:\\\/\\\/www.organisator.ch\\\/wp-content\\\/uploads\\\/2023\\\/03\\\/Altersdiskriminierung-ist-der-neue-Sexismus._Organisator.jpg\",\"keywords\":[\"50+\",\"Diversity\",\"HRM\",\"Verb\u00e4nde\"],\"articleSection\":[\"HUMAN RESOURCES\"],\"inLanguage\":\"fr-FR\"},{\"@type\":\"WebPage\",\"@id\":\"https:\\\/\\\/www.organisator.ch\\\/human-resources\\\/2023-03-21\\\/altersdiskriminierung-ist-der-neue-sexismus\\\/\",\"url\":\"https:\\\/\\\/www.organisator.ch\\\/human-resources\\\/2023-03-21\\\/altersdiskriminierung-ist-der-neue-sexismus\\\/\",\"name\":\"\\\"Altersdiskriminierung ist der neue Sexismus\\\" - Organisator\",\"isPartOf\":{\"@id\":\"https:\\\/\\\/www.organisator.ch\\\/#website\"},\"primaryImageOfPage\":{\"@id\":\"https:\\\/\\\/www.organisator.ch\\\/human-resources\\\/2023-03-21\\\/altersdiskriminierung-ist-der-neue-sexismus\\\/#primaryimage\"},\"image\":{\"@id\":\"https:\\\/\\\/www.organisator.ch\\\/human-resources\\\/2023-03-21\\\/altersdiskriminierung-ist-der-neue-sexismus\\\/#primaryimage\"},\"thumbnailUrl\":\"https:\\\/\\\/www.organisator.ch\\\/wp-content\\\/uploads\\\/2023\\\/03\\\/Altersdiskriminierung-ist-der-neue-Sexismus._Organisator.jpg\",\"datePublished\":\"2023-03-21T08:08:54+00:00\",\"dateModified\":\"2023-04-25T11:42:03+00:00\",\"description\":\"Am 20. M\u00e4rz 2023 fand zum zweiten Mal der Think Tank von Swiss Diversity statt. Dieses Jahr ging es dabei um Altersdiskriminierung.\",\"breadcrumb\":{\"@id\":\"https:\\\/\\\/www.organisator.ch\\\/human-resources\\\/2023-03-21\\\/altersdiskriminierung-ist-der-neue-sexismus\\\/#breadcrumb\"},\"inLanguage\":\"fr-FR\",\"potentialAction\":[{\"@type\":\"ReadAction\",\"target\":[\"https:\\\/\\\/www.organisator.ch\\\/human-resources\\\/2023-03-21\\\/altersdiskriminierung-ist-der-neue-sexismus\\\/\"]}]},{\"@type\":\"ImageObject\",\"inLanguage\":\"fr-FR\",\"@id\":\"https:\\\/\\\/www.organisator.ch\\\/human-resources\\\/2023-03-21\\\/altersdiskriminierung-ist-der-neue-sexismus\\\/#primaryimage\",\"url\":\"https:\\\/\\\/www.organisator.ch\\\/wp-content\\\/uploads\\\/2023\\\/03\\\/Altersdiskriminierung-ist-der-neue-Sexismus._Organisator.jpg\",\"contentUrl\":\"https:\\\/\\\/www.organisator.ch\\\/wp-content\\\/uploads\\\/2023\\\/03\\\/Altersdiskriminierung-ist-der-neue-Sexismus._Organisator.jpg\",\"width\":680,\"height\":453,\"caption\":\"Ellen Kocher, Peter Haerle und Ines Hartmann (v.l.n.r.), Die Gastsprecher zum Thema \\\"Altersdiskriminierung\\\" am Think Tank 2023 (c) Andre Grimm.jpg\"},{\"@type\":\"BreadcrumbList\",\"@id\":\"https:\\\/\\\/www.organisator.ch\\\/human-resources\\\/2023-03-21\\\/altersdiskriminierung-ist-der-neue-sexismus\\\/#breadcrumb\",\"itemListElement\":[{\"@type\":\"ListItem\",\"position\":1,\"name\":\"Home\",\"item\":\"https:\\\/\\\/www.organisator.ch\\\/\"},{\"@type\":\"ListItem\",\"position\":2,\"name\":\"&#8222;Altersdiskriminierung ist der neue Sexismus&#8220;\"}]},{\"@type\":\"WebSite\",\"@id\":\"https:\\\/\\\/www.organisator.ch\\\/#website\",\"url\":\"https:\\\/\\\/www.organisator.ch\\\/\",\"name\":\"Organisator\",\"description\":\"Kompetent. Praxisnah. Der ORGANISATOR bereitet in 10 Ausgaben pro Jahr die wesentlichen Themen f\u00fcr F\u00fchrungskr\u00e4fte von KMU auf.\",\"publisher\":{\"@id\":\"https:\\\/\\\/www.organisator.ch\\\/#organization\"},\"potentialAction\":[{\"@type\":\"SearchAction\",\"target\":{\"@type\":\"EntryPoint\",\"urlTemplate\":\"https:\\\/\\\/www.organisator.ch\\\/?s={search_term_string}\"},\"query-input\":{\"@type\":\"PropertyValueSpecification\",\"valueRequired\":true,\"valueName\":\"search_term_string\"}}],\"inLanguage\":\"fr-FR\"},{\"@type\":\"Organization\",\"@id\":\"https:\\\/\\\/www.organisator.ch\\\/#organization\",\"name\":\"Organisator\",\"url\":\"https:\\\/\\\/www.organisator.ch\\\/\",\"logo\":{\"@type\":\"ImageObject\",\"inLanguage\":\"fr-FR\",\"@id\":\"https:\\\/\\\/www.organisator.ch\\\/#\\\/schema\\\/logo\\\/image\\\/\",\"url\":\"https:\\\/\\\/www.organisator.ch\\\/wp-content\\\/uploads\\\/2022\\\/01\\\/Logo_Organisator_Website.png\",\"contentUrl\":\"https:\\\/\\\/www.organisator.ch\\\/wp-content\\\/uploads\\\/2022\\\/01\\\/Logo_Organisator_Website.png\",\"width\":800,\"height\":77,\"caption\":\"Organisator\"},\"image\":{\"@id\":\"https:\\\/\\\/www.organisator.ch\\\/#\\\/schema\\\/logo\\\/image\\\/\"},\"sameAs\":[\"https:\\\/\\\/www.facebook.com\\\/OrganisatorFachmagazin\",\"https:\\\/\\\/www.linkedin.com\\\/showcase\\\/organisator-das-magazin-fr-kmu\",\"https:\\\/\\\/www.xing.com\\\/news\\\/pages\\\/organisator-ch-695\",\"https:\\\/\\\/www.youtube.com\\\/channel\\\/UCGP2Sq0iWaZwT3BdIAQFYpw\"]},{\"@type\":\"Person\",\"@id\":\"https:\\\/\\\/www.organisator.ch\\\/#\\\/schema\\\/person\\\/6f650f90b2842cd4c0cc334b4e36f67e\",\"name\":\"thomas.berner\",\"image\":{\"@type\":\"ImageObject\",\"inLanguage\":\"fr-FR\",\"@id\":\"https:\\\/\\\/secure.gravatar.com\\\/avatar\\\/ac5001d2a36cb6c6cd3e50789007ffca834b477b74a2144564522e944eabff61?s=96&d=mm&r=g\",\"url\":\"https:\\\/\\\/secure.gravatar.com\\\/avatar\\\/ac5001d2a36cb6c6cd3e50789007ffca834b477b74a2144564522e944eabff61?s=96&d=mm&r=g\",\"contentUrl\":\"https:\\\/\\\/secure.gravatar.com\\\/avatar\\\/ac5001d2a36cb6c6cd3e50789007ffca834b477b74a2144564522e944eabff61?s=96&d=mm&r=g\",\"caption\":\"thomas.berner\"},\"url\":\"https:\\\/\\\/www.organisator.ch\\\/fr\\\/author\\\/thomas-berner\\\/\"}]}<\/script>\n<!-- \/ Yoast SEO plugin. -->","yoast_head_json":{"title":"\"L'\u00e2gisme est le nouveau sexisme\" - Organisateur","description":"Le 20 mars 2023, le Think Tank de Swiss Diversity a eu lieu pour la deuxi\u00e8me fois. Cette ann\u00e9e, il a \u00e9t\u00e9 question de la discrimination li\u00e9e \u00e0 l'\u00e2ge.","robots":{"index":"index","follow":"follow","max-snippet":"max-snippet:-1","max-image-preview":"max-image-preview:large","max-video-preview":"max-video-preview:-1"},"canonical":"https:\/\/www.organisator.ch\/fr\/ressources-humaines\/2023-03-21\/altersdiskriminierung-ist-der-neue-sexismus\/","og_locale":"fr_FR","og_type":"article","og_title":"\"Altersdiskriminierung ist der neue Sexismus\"","og_description":"Am 20. M\u00e4rz 2023 fand zum zweiten Mal der Think Tank von Swiss Diversity statt. Dieses Jahr ging es dabei um Altersdiskriminierung.","og_url":"https:\/\/www.organisator.ch\/fr\/ressources-humaines\/2023-03-21\/altersdiskriminierung-ist-der-neue-sexismus\/","og_site_name":"Organisator","article_publisher":"https:\/\/www.facebook.com\/OrganisatorFachmagazin","article_published_time":"2023-03-21T08:08:54+00:00","article_modified_time":"2023-04-25T11:42:03+00:00","og_image":[{"width":680,"height":453,"url":"https:\/\/www.organisator.ch\/wp-content\/uploads\/2023\/03\/Altersdiskriminierung-ist-der-neue-Sexismus._Organisator.jpg","type":"image\/jpeg"}],"author":"thomas.berner","twitter_card":"summary_large_image","twitter_title":"\"#Altersdiskriminierung ist der neue #Sexismus\"","twitter_description":"Am 20. M\u00e4rz 2023 fand zum zweiten Mal der Think Tank von Swiss #Diversity statt. Dieses Jahr ging es dabei um #Altersdiskriminierung.","twitter_image":"https:\/\/www.organisator.ch\/wp-content\/uploads\/2023\/03\/Altersdiskriminierung-ist-der-neue-Sexismus._Organisator.jpg","schema":{"@context":"https:\/\/schema.org","@graph":[{"@type":"Article","@id":"https:\/\/www.organisator.ch\/human-resources\/2023-03-21\/altersdiskriminierung-ist-der-neue-sexismus\/#article","isPartOf":{"@id":"https:\/\/www.organisator.ch\/human-resources\/2023-03-21\/altersdiskriminierung-ist-der-neue-sexismus\/"},"author":{"name":"thomas.berner","@id":"https:\/\/www.organisator.ch\/#\/schema\/person\/6f650f90b2842cd4c0cc334b4e36f67e"},"headline":"&#8222;Altersdiskriminierung ist der neue Sexismus&#8220;","datePublished":"2023-03-21T08:08:54+00:00","dateModified":"2023-04-25T11:42:03+00:00","mainEntityOfPage":{"@id":"https:\/\/www.organisator.ch\/human-resources\/2023-03-21\/altersdiskriminierung-ist-der-neue-sexismus\/"},"wordCount":536,"publisher":{"@id":"https:\/\/www.organisator.ch\/#organization"},"image":{"@id":"https:\/\/www.organisator.ch\/human-resources\/2023-03-21\/altersdiskriminierung-ist-der-neue-sexismus\/#primaryimage"},"thumbnailUrl":"https:\/\/www.organisator.ch\/wp-content\/uploads\/2023\/03\/Altersdiskriminierung-ist-der-neue-Sexismus._Organisator.jpg","keywords":["50+","Diversity","HRM","Verb\u00e4nde"],"articleSection":["HUMAN RESOURCES"],"inLanguage":"fr-FR"},{"@type":"WebPage","@id":"https:\/\/www.organisator.ch\/human-resources\/2023-03-21\/altersdiskriminierung-ist-der-neue-sexismus\/","url":"https:\/\/www.organisator.ch\/human-resources\/2023-03-21\/altersdiskriminierung-ist-der-neue-sexismus\/","name":"\"L'\u00e2gisme est le nouveau sexisme\" - Organisateur","isPartOf":{"@id":"https:\/\/www.organisator.ch\/#website"},"primaryImageOfPage":{"@id":"https:\/\/www.organisator.ch\/human-resources\/2023-03-21\/altersdiskriminierung-ist-der-neue-sexismus\/#primaryimage"},"image":{"@id":"https:\/\/www.organisator.ch\/human-resources\/2023-03-21\/altersdiskriminierung-ist-der-neue-sexismus\/#primaryimage"},"thumbnailUrl":"https:\/\/www.organisator.ch\/wp-content\/uploads\/2023\/03\/Altersdiskriminierung-ist-der-neue-Sexismus._Organisator.jpg","datePublished":"2023-03-21T08:08:54+00:00","dateModified":"2023-04-25T11:42:03+00:00","description":"Le 20 mars 2023, le Think Tank de Swiss Diversity a eu lieu pour la deuxi\u00e8me fois. Cette ann\u00e9e, il a \u00e9t\u00e9 question de la discrimination li\u00e9e \u00e0 l'\u00e2ge.","breadcrumb":{"@id":"https:\/\/www.organisator.ch\/human-resources\/2023-03-21\/altersdiskriminierung-ist-der-neue-sexismus\/#breadcrumb"},"inLanguage":"fr-FR","potentialAction":[{"@type":"ReadAction","target":["https:\/\/www.organisator.ch\/human-resources\/2023-03-21\/altersdiskriminierung-ist-der-neue-sexismus\/"]}]},{"@type":"ImageObject","inLanguage":"fr-FR","@id":"https:\/\/www.organisator.ch\/human-resources\/2023-03-21\/altersdiskriminierung-ist-der-neue-sexismus\/#primaryimage","url":"https:\/\/www.organisator.ch\/wp-content\/uploads\/2023\/03\/Altersdiskriminierung-ist-der-neue-Sexismus._Organisator.jpg","contentUrl":"https:\/\/www.organisator.ch\/wp-content\/uploads\/2023\/03\/Altersdiskriminierung-ist-der-neue-Sexismus._Organisator.jpg","width":680,"height":453,"caption":"Ellen Kocher, Peter Haerle und Ines Hartmann (v.l.n.r.), Die Gastsprecher zum Thema \"Altersdiskriminierung\" am Think Tank 2023 (c) Andre Grimm.jpg"},{"@type":"BreadcrumbList","@id":"https:\/\/www.organisator.ch\/human-resources\/2023-03-21\/altersdiskriminierung-ist-der-neue-sexismus\/#breadcrumb","itemListElement":[{"@type":"ListItem","position":1,"name":"Home","item":"https:\/\/www.organisator.ch\/"},{"@type":"ListItem","position":2,"name":"&#8222;Altersdiskriminierung ist der neue Sexismus&#8220;"}]},{"@type":"WebSite","@id":"https:\/\/www.organisator.ch\/#website","url":"https:\/\/www.organisator.ch\/","name":"Organisateur","description":"Comp\u00e9tence et comp\u00e9tence. Proches de la pratique. L'ORGANISATEUR pr\u00e9pare 10 num\u00e9ros par an sur les th\u00e8mes essentiels pour les dirigeants de PME.","publisher":{"@id":"https:\/\/www.organisator.ch\/#organization"},"potentialAction":[{"@type":"SearchAction","target":{"@type":"EntryPoint","urlTemplate":"https:\/\/www.organisator.ch\/?s={search_term_string}"},"query-input":{"@type":"PropertyValueSpecification","valueRequired":true,"valueName":"search_term_string"}}],"inLanguage":"fr-FR"},{"@type":"Organization","@id":"https:\/\/www.organisator.ch\/#organization","name":"Organisateur","url":"https:\/\/www.organisator.ch\/","logo":{"@type":"ImageObject","inLanguage":"fr-FR","@id":"https:\/\/www.organisator.ch\/#\/schema\/logo\/image\/","url":"https:\/\/www.organisator.ch\/wp-content\/uploads\/2022\/01\/Logo_Organisator_Website.png","contentUrl":"https:\/\/www.organisator.ch\/wp-content\/uploads\/2022\/01\/Logo_Organisator_Website.png","width":800,"height":77,"caption":"Organisator"},"image":{"@id":"https:\/\/www.organisator.ch\/#\/schema\/logo\/image\/"},"sameAs":["https:\/\/www.facebook.com\/OrganisatorFachmagazin","https:\/\/www.linkedin.com\/showcase\/organisator-das-magazin-fr-kmu","https:\/\/www.xing.com\/news\/pages\/organisator-ch-695","https:\/\/www.youtube.com\/channel\/UCGP2Sq0iWaZwT3BdIAQFYpw"]},{"@type":"Person","@id":"https:\/\/www.organisator.ch\/#\/schema\/person\/6f650f90b2842cd4c0cc334b4e36f67e","name":"thomas.berner","image":{"@type":"ImageObject","inLanguage":"fr-FR","@id":"https:\/\/secure.gravatar.com\/avatar\/ac5001d2a36cb6c6cd3e50789007ffca834b477b74a2144564522e944eabff61?s=96&d=mm&r=g","url":"https:\/\/secure.gravatar.com\/avatar\/ac5001d2a36cb6c6cd3e50789007ffca834b477b74a2144564522e944eabff61?s=96&d=mm&r=g","contentUrl":"https:\/\/secure.gravatar.com\/avatar\/ac5001d2a36cb6c6cd3e50789007ffca834b477b74a2144564522e944eabff61?s=96&d=mm&r=g","caption":"thomas.berner"},"url":"https:\/\/www.organisator.ch\/fr\/author\/thomas-berner\/"}]}},"_links":{"self":[{"href":"https:\/\/www.organisator.ch\/fr\/wp-json\/wp\/v2\/posts\/19347","targetHints":{"allow":["GET"]}}],"collection":[{"href":"https:\/\/www.organisator.ch\/fr\/wp-json\/wp\/v2\/posts"}],"about":[{"href":"https:\/\/www.organisator.ch\/fr\/wp-json\/wp\/v2\/types\/post"}],"author":[{"embeddable":true,"href":"https:\/\/www.organisator.ch\/fr\/wp-json\/wp\/v2\/users\/4"}],"replies":[{"embeddable":true,"href":"https:\/\/www.organisator.ch\/fr\/wp-json\/wp\/v2\/comments?post=19347"}],"version-history":[{"count":1,"href":"https:\/\/www.organisator.ch\/fr\/wp-json\/wp\/v2\/posts\/19347\/revisions"}],"predecessor-version":[{"id":19349,"href":"https:\/\/www.organisator.ch\/fr\/wp-json\/wp\/v2\/posts\/19347\/revisions\/19349"}],"wp:featuredmedia":[{"embeddable":true,"href":"https:\/\/www.organisator.ch\/fr\/wp-json\/wp\/v2\/media\/19348"}],"wp:attachment":[{"href":"https:\/\/www.organisator.ch\/fr\/wp-json\/wp\/v2\/media?parent=19347"}],"wp:term":[{"taxonomy":"category","embeddable":true,"href":"https:\/\/www.organisator.ch\/fr\/wp-json\/wp\/v2\/categories?post=19347"},{"taxonomy":"post_tag","embeddable":true,"href":"https:\/\/www.organisator.ch\/fr\/wp-json\/wp\/v2\/tags?post=19347"}],"curies":[{"name":"wp","href":"https:\/\/api.w.org\/{rel}","templated":true}]}}