{"id":19355,"date":"2023-03-21T13:29:10","date_gmt":"2023-03-21T12:29:10","guid":{"rendered":"https:\/\/www.m-q.ch\/?p=17682"},"modified":"2024-11-18T07:34:05","modified_gmt":"2024-11-18T06:34:05","slug":"warum-und-wie-sie-ihre-managementsysteme-integrieren-sollten","status":"publish","type":"post","link":"https:\/\/www.organisator.ch\/fr\/management\/2023-03-21\/warum-und-wie-sie-ihre-managementsysteme-integrieren-sollten\/","title":{"rendered":"Pourquoi et comment int\u00e9grer vos syst\u00e8mes de gestion ?"},"content":{"rendered":"[caption id=\"attachment_19406\" align=\"alignnone\" width=\"680\"]<img class=\"wp-image-19406 size-full\" src=\"https:\/\/www.organisator.ch\/wp-content\/uploads\/2023\/03\/Warum-und-wie-Sie-Ihre-Managementsysteme-integrieren-sollten-2_MQ.jpg\" alt=\"Integrierte Managementsysteme\" width=\"680\" height=\"383\" \/> Zeitliche Entwicklung von Managementstandards, schematische Darstellung (Auswahl). Quellen: Hochschule Zittau\/G\u00f6rlitz, TIMS, SQS.[\/caption]\r\n\r\n<p>F\u00fcr das Qualit\u00e4tsmanagement die Norm ISO 9001, f\u00fcr die Umwelt die ISO 14001, f\u00fcr die Informationssicherheit die ISO 27001, f\u00fcr Energiemanagement hat man die ISO 50001: Quasi jede Disziplin verf\u00fcgt \u00fcber ein eigenes Managementsystem. Nicht wenige Unternehmen betreiben diese Systeme nebeneinander. Die Folge: Ein hoher Dokumentationsaufwand und teilweise redundante \u2013 manchmal sich sogar widersprechende \u2013 Informationen. Dass man dann nicht in Begeisterungsst\u00fcrme ausbricht, wenn ein weiteres Audit ansteht, liegt auf der Hand.<\/p>\r\n<p>Eine L\u00f6sung bieten die sog. Integrierten Managementsysteme (IMS). In einem solchen System sind Anforderungen mehrerer \u00abgrosser\u00bb Managementsysteme wie die oben erw\u00e4hnten vereint. Ein weiterer Vorteil solcher IMS liegt in deren einheitlicher Systematik, die sich an der Harmonised Structure (HS) orientiert und auch die Prozesslandschaften der jeweiligen Organisationen ber\u00fccksichtigt. Prozesse, Verantwortlichkeiten sowie Dokumentation sind somit themen- und abteilungs\u00fcbergreifend geregelt.<\/p>\r\n<p>Es gibt viele Beispiele, wie Unternehmen mit IMS in der Praxis arbeiten. Allerdings existieren kaum Forschungsarbeiten \u00fcber die Anwendung von IMS im deutschsprachigen Raum. Diesen Umstand will die Hochschule Zittau\/G\u00f6rlitz in Zusammenarbeit mit der SQS, der Schweizerischen Normen-Vereinigung (SNV) und weiteren Partnern im DACH-Raum nun \u00e4ndern. In einer ersten Phase wird eine Befragung von m\u00f6glichst vielen Unternehmen durchgef\u00fchrt. Deren Ergebnisse werden dann von der Hochschule Zittau\/G\u00f6rlitz ausgewertet und l\u00e4nderspezifische Resultate abgeleitet. In einer weiteren Phase werden mit ausgew\u00e4hlten Umfrageteilnehmenden Fokusgruppen-Workshops durchgef\u00fchrt. Daraus werden dann Good-Practice-Beispiele f\u00fcr den Einsatz von IMS erarbeitet.<\/p>\r\n<p>Die SQS und die SNV werden in der Schweiz f\u00fcr die Vermittlung dieser Resultate und Beispiele guter Praxis zust\u00e4ndig sein. Auch Sie k\u00f6nnen von ihnen profitieren! Voraussetzung ist aber, dass die Qualit\u00e4t durch eine grosse Anzahl Umfrageteilnehmende gew\u00e4hrleistet ist. Deshalb sind auch Sie als Leserin und Leser eingeladen, bei der Befragung mitzumachen. Eine Teilnahme dauert 30 bis 45 Minuten. Sie leisten damit einen Beitrag, forschungsbasierte Grundlagen zu schaffen, um durch integrierte Managementsysteme Komplexit\u00e4t zu reduzieren. Um das Wirtschaften einfacher zu machen.<\/p>\r\n<p><strong>Hier geht es zur Umfrage: <a href=\"https:\/\/survey.questionstar.com\/9a3f5782\">https:\/\/survey.questionstar.com\/9a3f5782<\/a><\/strong><\/p>\r\n<p><em>Weitere Hintergrundinformationen: <a href=\"https:\/\/www.sqs.ch\/de\/blog\/mit-systemintegration-zur-komplexitaetsreduktion\">https:\/\/www.sqs.ch\/de\/blog\/mit-systemintegration-zur-komplexitaetsreduktion<\/a><\/em><\/p>\n<p class=\"syndicated-attribution\">Dieser Beitrag erschien urspr\u00fcnglich auf m-q.ch - <a href=\"https:\/\/www.m-q.ch\/de\/warum-und-wie-sie-ihre-managementsysteme-integrieren-sollten\/\" target=\"_blank\">https:\/\/www.m-q.ch\/de\/warum-und-wie-sie-ihre-managementsysteme-integrieren-sollten\/<\/a><\/p>","protected":false},"excerpt":{"rendered":"<p>F\u00fcr das Qualit\u00e4tsmanagement die Norm ISO 9001, f\u00fcr die Umwelt die ISO 14001, f\u00fcr die Informationssicherheit die ISO 27001, f\u00fcr Energiemanagement hat man die ISO 50001: Quasi jede Disziplin verf\u00fcgt \u00fcber ein eigenes Managementsystem. Nicht wenige Unternehmen betreiben diese Systeme nebeneinander. Die Folge: Ein hoher Dokumentationsaufwand und teilweise redundante \u2013 manchmal sich sogar widersprechende \u2013 [\u2026]<\/p>\n","protected":false},"author":8,"featured_media":19406,"comment_status":"closed","ping_status":"closed","sticky":false,"template":"","format":"standard","meta":{"_acf_changed":false,"_yoast_wpseo_focuskw":"Integrierte Managementsysteme","_yoast_wpseo_metadesc":"Integrierte Managementsysteme: Komplexit\u00e4t reduzieren durch ISO-Normen. Jetzt an der Umfrage teilnehmen.","articlekey":"","footnotes":""},"categories":[28],"tags":[3687],"class_list":["post-19355","post","type-post","status-publish","format-standard","has-post-thumbnail","hentry","category-management","tag-managementsysteme"],"acf":[],"yoast_head":"<!-- This site is optimized with the Yoast SEO plugin v27.5 - https:\/\/yoast.com\/product\/yoast-seo-wordpress\/ -->\n<title>Warum und wie Sie Ihre Managementsysteme integrieren (sollten) - Organisator<\/title>\n<meta name=\"description\" content=\"Integrierte Managementsysteme: Komplexit\u00e4t reduzieren durch ISO-Normen. Jetzt an der Umfrage teilnehmen.\" \/>\n<meta name=\"robots\" content=\"index, follow, max-snippet:-1, max-image-preview:large, max-video-preview:-1\" \/>\n<link rel=\"canonical\" href=\"https:\/\/www.organisator.ch\/fr\/gestion-2\/2023-03-21\/warum-und-wie-sie-ihre-managementsysteme-integrieren-sollten\/\" \/>\n<meta property=\"og:locale\" content=\"fr_FR\" \/>\n<meta property=\"og:type\" content=\"article\" \/>\n<meta property=\"og:title\" content=\"Warum und wie Sie Ihre Managementsysteme integrieren (sollten) - Organisator\" \/>\n<meta property=\"og:description\" content=\"Integrierte Managementsysteme: Komplexit\u00e4t reduzieren durch ISO-Normen. Jetzt an der Umfrage teilnehmen.\" \/>\n<meta property=\"og:url\" content=\"https:\/\/www.organisator.ch\/fr\/gestion-2\/2023-03-21\/warum-und-wie-sie-ihre-managementsysteme-integrieren-sollten\/\" \/>\n<meta property=\"og:site_name\" content=\"Organisator\" \/>\n<meta property=\"article:publisher\" content=\"https:\/\/www.facebook.com\/OrganisatorFachmagazin\" \/>\n<meta property=\"article:published_time\" content=\"2023-03-21T12:29:10+00:00\" \/>\n<meta property=\"article:modified_time\" content=\"2024-11-18T06:34:05+00:00\" \/>\n<meta property=\"og:image\" content=\"https:\/\/www.organisator.ch\/wp-content\/uploads\/2023\/03\/Warum-und-wie-Sie-Ihre-Managementsysteme-integrieren-sollten-2_MQ.jpg\" \/>\n\t<meta property=\"og:image:width\" content=\"680\" \/>\n\t<meta property=\"og:image:height\" content=\"383\" \/>\n\t<meta property=\"og:image:type\" content=\"image\/jpeg\" \/>\n<meta name=\"author\" content=\"galledia\" \/>\n<meta name=\"twitter:card\" content=\"summary_large_image\" \/>\n<meta name=\"twitter:creator\" content=\"@admin\" \/>\n<script type=\"application\/ld+json\" class=\"yoast-schema-graph\">{\"@context\":\"https:\\\/\\\/schema.org\",\"@graph\":[{\"@type\":\"Article\",\"@id\":\"https:\\\/\\\/www.organisator.ch\\\/management\\\/2023-03-21\\\/warum-und-wie-sie-ihre-managementsysteme-integrieren-sollten\\\/#article\",\"isPartOf\":{\"@id\":\"https:\\\/\\\/www.organisator.ch\\\/management\\\/2023-03-21\\\/warum-und-wie-sie-ihre-managementsysteme-integrieren-sollten\\\/\"},\"author\":{\"name\":\"galledia\",\"@id\":\"https:\\\/\\\/www.organisator.ch\\\/#\\\/schema\\\/person\\\/4e51799071cd2dd1232ac003643ef5f0\"},\"headline\":\"Warum und wie Sie Ihre Managementsysteme integrieren (sollten)\",\"datePublished\":\"2023-03-21T12:29:10+00:00\",\"dateModified\":\"2024-11-18T06:34:05+00:00\",\"mainEntityOfPage\":{\"@id\":\"https:\\\/\\\/www.organisator.ch\\\/management\\\/2023-03-21\\\/warum-und-wie-sie-ihre-managementsysteme-integrieren-sollten\\\/\"},\"wordCount\":370,\"publisher\":{\"@id\":\"https:\\\/\\\/www.organisator.ch\\\/#organization\"},\"image\":{\"@id\":\"https:\\\/\\\/www.organisator.ch\\\/management\\\/2023-03-21\\\/warum-und-wie-sie-ihre-managementsysteme-integrieren-sollten\\\/#primaryimage\"},\"thumbnailUrl\":\"https:\\\/\\\/www.organisator.ch\\\/wp-content\\\/uploads\\\/2023\\\/03\\\/Warum-und-wie-Sie-Ihre-Managementsysteme-integrieren-sollten-2_MQ.jpg\",\"keywords\":[\"Managementsysteme\"],\"articleSection\":[\"MANAGEMENT\"],\"inLanguage\":\"fr-FR\"},{\"@type\":\"WebPage\",\"@id\":\"https:\\\/\\\/www.organisator.ch\\\/management\\\/2023-03-21\\\/warum-und-wie-sie-ihre-managementsysteme-integrieren-sollten\\\/\",\"url\":\"https:\\\/\\\/www.organisator.ch\\\/management\\\/2023-03-21\\\/warum-und-wie-sie-ihre-managementsysteme-integrieren-sollten\\\/\",\"name\":\"Warum und wie Sie Ihre Managementsysteme integrieren (sollten) - Organisator\",\"isPartOf\":{\"@id\":\"https:\\\/\\\/www.organisator.ch\\\/#website\"},\"primaryImageOfPage\":{\"@id\":\"https:\\\/\\\/www.organisator.ch\\\/management\\\/2023-03-21\\\/warum-und-wie-sie-ihre-managementsysteme-integrieren-sollten\\\/#primaryimage\"},\"image\":{\"@id\":\"https:\\\/\\\/www.organisator.ch\\\/management\\\/2023-03-21\\\/warum-und-wie-sie-ihre-managementsysteme-integrieren-sollten\\\/#primaryimage\"},\"thumbnailUrl\":\"https:\\\/\\\/www.organisator.ch\\\/wp-content\\\/uploads\\\/2023\\\/03\\\/Warum-und-wie-Sie-Ihre-Managementsysteme-integrieren-sollten-2_MQ.jpg\",\"datePublished\":\"2023-03-21T12:29:10+00:00\",\"dateModified\":\"2024-11-18T06:34:05+00:00\",\"description\":\"Integrierte Managementsysteme: Komplexit\u00e4t reduzieren durch ISO-Normen. Jetzt an der Umfrage teilnehmen.\",\"breadcrumb\":{\"@id\":\"https:\\\/\\\/www.organisator.ch\\\/management\\\/2023-03-21\\\/warum-und-wie-sie-ihre-managementsysteme-integrieren-sollten\\\/#breadcrumb\"},\"inLanguage\":\"fr-FR\",\"potentialAction\":[{\"@type\":\"ReadAction\",\"target\":[\"https:\\\/\\\/www.organisator.ch\\\/management\\\/2023-03-21\\\/warum-und-wie-sie-ihre-managementsysteme-integrieren-sollten\\\/\"]}]},{\"@type\":\"ImageObject\",\"inLanguage\":\"fr-FR\",\"@id\":\"https:\\\/\\\/www.organisator.ch\\\/management\\\/2023-03-21\\\/warum-und-wie-sie-ihre-managementsysteme-integrieren-sollten\\\/#primaryimage\",\"url\":\"https:\\\/\\\/www.organisator.ch\\\/wp-content\\\/uploads\\\/2023\\\/03\\\/Warum-und-wie-Sie-Ihre-Managementsysteme-integrieren-sollten-2_MQ.jpg\",\"contentUrl\":\"https:\\\/\\\/www.organisator.ch\\\/wp-content\\\/uploads\\\/2023\\\/03\\\/Warum-und-wie-Sie-Ihre-Managementsysteme-integrieren-sollten-2_MQ.jpg\",\"width\":680,\"height\":383,\"caption\":\"Zeitliche Entwicklung von Managementstandards, schematische Darstellung (Auswahl). Quellen: Hochschule Zittau\\\/G\u00f6rlitz, TIMS, SQS.\"},{\"@type\":\"BreadcrumbList\",\"@id\":\"https:\\\/\\\/www.organisator.ch\\\/management\\\/2023-03-21\\\/warum-und-wie-sie-ihre-managementsysteme-integrieren-sollten\\\/#breadcrumb\",\"itemListElement\":[{\"@type\":\"ListItem\",\"position\":1,\"name\":\"Home\",\"item\":\"https:\\\/\\\/www.organisator.ch\\\/\"},{\"@type\":\"ListItem\",\"position\":2,\"name\":\"Warum und wie Sie Ihre Managementsysteme integrieren (sollten)\"}]},{\"@type\":\"WebSite\",\"@id\":\"https:\\\/\\\/www.organisator.ch\\\/#website\",\"url\":\"https:\\\/\\\/www.organisator.ch\\\/\",\"name\":\"Organisator\",\"description\":\"Kompetent. Praxisnah. Der ORGANISATOR bereitet in 10 Ausgaben pro Jahr die wesentlichen Themen f\u00fcr F\u00fchrungskr\u00e4fte von KMU auf.\",\"publisher\":{\"@id\":\"https:\\\/\\\/www.organisator.ch\\\/#organization\"},\"potentialAction\":[{\"@type\":\"SearchAction\",\"target\":{\"@type\":\"EntryPoint\",\"urlTemplate\":\"https:\\\/\\\/www.organisator.ch\\\/?s={search_term_string}\"},\"query-input\":{\"@type\":\"PropertyValueSpecification\",\"valueRequired\":true,\"valueName\":\"search_term_string\"}}],\"inLanguage\":\"fr-FR\"},{\"@type\":\"Organization\",\"@id\":\"https:\\\/\\\/www.organisator.ch\\\/#organization\",\"name\":\"Organisator\",\"url\":\"https:\\\/\\\/www.organisator.ch\\\/\",\"logo\":{\"@type\":\"ImageObject\",\"inLanguage\":\"fr-FR\",\"@id\":\"https:\\\/\\\/www.organisator.ch\\\/#\\\/schema\\\/logo\\\/image\\\/\",\"url\":\"https:\\\/\\\/www.organisator.ch\\\/wp-content\\\/uploads\\\/2022\\\/01\\\/Logo_Organisator_Website.png\",\"contentUrl\":\"https:\\\/\\\/www.organisator.ch\\\/wp-content\\\/uploads\\\/2022\\\/01\\\/Logo_Organisator_Website.png\",\"width\":800,\"height\":77,\"caption\":\"Organisator\"},\"image\":{\"@id\":\"https:\\\/\\\/www.organisator.ch\\\/#\\\/schema\\\/logo\\\/image\\\/\"},\"sameAs\":[\"https:\\\/\\\/www.facebook.com\\\/OrganisatorFachmagazin\",\"https:\\\/\\\/www.linkedin.com\\\/showcase\\\/organisator-das-magazin-fr-kmu\",\"https:\\\/\\\/www.xing.com\\\/news\\\/pages\\\/organisator-ch-695\",\"https:\\\/\\\/www.youtube.com\\\/channel\\\/UCGP2Sq0iWaZwT3BdIAQFYpw\"]},{\"@type\":\"Person\",\"@id\":\"https:\\\/\\\/www.organisator.ch\\\/#\\\/schema\\\/person\\\/4e51799071cd2dd1232ac003643ef5f0\",\"name\":\"galledia\",\"image\":{\"@type\":\"ImageObject\",\"inLanguage\":\"fr-FR\",\"@id\":\"https:\\\/\\\/secure.gravatar.com\\\/avatar\\\/78a7f90c01fc2bfc875782a0d4922b37cde2cf184ce347b91316d23cd7f69a36?s=96&d=mm&r=g\",\"url\":\"https:\\\/\\\/secure.gravatar.com\\\/avatar\\\/78a7f90c01fc2bfc875782a0d4922b37cde2cf184ce347b91316d23cd7f69a36?s=96&d=mm&r=g\",\"contentUrl\":\"https:\\\/\\\/secure.gravatar.com\\\/avatar\\\/78a7f90c01fc2bfc875782a0d4922b37cde2cf184ce347b91316d23cd7f69a36?s=96&d=mm&r=g\",\"caption\":\"galledia\"},\"sameAs\":[\"https:\\\/\\\/x.com\\\/admin\"],\"url\":\"https:\\\/\\\/www.organisator.ch\\\/fr\\\/author\\\/galledia\\\/\"}]}<\/script>\n<!-- \/ Yoast SEO plugin. -->","yoast_head_json":{"title":"Pourquoi et comment int\u00e9grer vos syst\u00e8mes de gestion - Organisateur","description":"Syst\u00e8mes de gestion int\u00e9gr\u00e9s : r\u00e9duire la complexit\u00e9 gr\u00e2ce aux normes ISO. Participez maintenant \u00e0 l'enqu\u00eate.","robots":{"index":"index","follow":"follow","max-snippet":"max-snippet:-1","max-image-preview":"max-image-preview:large","max-video-preview":"max-video-preview:-1"},"canonical":"https:\/\/www.organisator.ch\/fr\/gestion-2\/2023-03-21\/warum-und-wie-sie-ihre-managementsysteme-integrieren-sollten\/","og_locale":"fr_FR","og_type":"article","og_title":"Warum und wie Sie Ihre Managementsysteme integrieren (sollten) - Organisator","og_description":"Integrierte Managementsysteme: Komplexit\u00e4t reduzieren durch ISO-Normen. Jetzt an der Umfrage teilnehmen.","og_url":"https:\/\/www.organisator.ch\/fr\/gestion-2\/2023-03-21\/warum-und-wie-sie-ihre-managementsysteme-integrieren-sollten\/","og_site_name":"Organisator","article_publisher":"https:\/\/www.facebook.com\/OrganisatorFachmagazin","article_published_time":"2023-03-21T12:29:10+00:00","article_modified_time":"2024-11-18T06:34:05+00:00","og_image":[{"width":680,"height":383,"url":"https:\/\/www.organisator.ch\/wp-content\/uploads\/2023\/03\/Warum-und-wie-Sie-Ihre-Managementsysteme-integrieren-sollten-2_MQ.jpg","type":"image\/jpeg"}],"author":"galledia","twitter_card":"summary_large_image","twitter_creator":"@admin","schema":{"@context":"https:\/\/schema.org","@graph":[{"@type":"Article","@id":"https:\/\/www.organisator.ch\/management\/2023-03-21\/warum-und-wie-sie-ihre-managementsysteme-integrieren-sollten\/#article","isPartOf":{"@id":"https:\/\/www.organisator.ch\/management\/2023-03-21\/warum-und-wie-sie-ihre-managementsysteme-integrieren-sollten\/"},"author":{"name":"galledia","@id":"https:\/\/www.organisator.ch\/#\/schema\/person\/4e51799071cd2dd1232ac003643ef5f0"},"headline":"Warum und wie Sie Ihre Managementsysteme integrieren (sollten)","datePublished":"2023-03-21T12:29:10+00:00","dateModified":"2024-11-18T06:34:05+00:00","mainEntityOfPage":{"@id":"https:\/\/www.organisator.ch\/management\/2023-03-21\/warum-und-wie-sie-ihre-managementsysteme-integrieren-sollten\/"},"wordCount":370,"publisher":{"@id":"https:\/\/www.organisator.ch\/#organization"},"image":{"@id":"https:\/\/www.organisator.ch\/management\/2023-03-21\/warum-und-wie-sie-ihre-managementsysteme-integrieren-sollten\/#primaryimage"},"thumbnailUrl":"https:\/\/www.organisator.ch\/wp-content\/uploads\/2023\/03\/Warum-und-wie-Sie-Ihre-Managementsysteme-integrieren-sollten-2_MQ.jpg","keywords":["Managementsysteme"],"articleSection":["MANAGEMENT"],"inLanguage":"fr-FR"},{"@type":"WebPage","@id":"https:\/\/www.organisator.ch\/management\/2023-03-21\/warum-und-wie-sie-ihre-managementsysteme-integrieren-sollten\/","url":"https:\/\/www.organisator.ch\/management\/2023-03-21\/warum-und-wie-sie-ihre-managementsysteme-integrieren-sollten\/","name":"Pourquoi et comment int\u00e9grer vos syst\u00e8mes de gestion - Organisateur","isPartOf":{"@id":"https:\/\/www.organisator.ch\/#website"},"primaryImageOfPage":{"@id":"https:\/\/www.organisator.ch\/management\/2023-03-21\/warum-und-wie-sie-ihre-managementsysteme-integrieren-sollten\/#primaryimage"},"image":{"@id":"https:\/\/www.organisator.ch\/management\/2023-03-21\/warum-und-wie-sie-ihre-managementsysteme-integrieren-sollten\/#primaryimage"},"thumbnailUrl":"https:\/\/www.organisator.ch\/wp-content\/uploads\/2023\/03\/Warum-und-wie-Sie-Ihre-Managementsysteme-integrieren-sollten-2_MQ.jpg","datePublished":"2023-03-21T12:29:10+00:00","dateModified":"2024-11-18T06:34:05+00:00","description":"Syst\u00e8mes de gestion int\u00e9gr\u00e9s : r\u00e9duire la complexit\u00e9 gr\u00e2ce aux normes ISO. Participez maintenant \u00e0 l'enqu\u00eate.","breadcrumb":{"@id":"https:\/\/www.organisator.ch\/management\/2023-03-21\/warum-und-wie-sie-ihre-managementsysteme-integrieren-sollten\/#breadcrumb"},"inLanguage":"fr-FR","potentialAction":[{"@type":"ReadAction","target":["https:\/\/www.organisator.ch\/management\/2023-03-21\/warum-und-wie-sie-ihre-managementsysteme-integrieren-sollten\/"]}]},{"@type":"ImageObject","inLanguage":"fr-FR","@id":"https:\/\/www.organisator.ch\/management\/2023-03-21\/warum-und-wie-sie-ihre-managementsysteme-integrieren-sollten\/#primaryimage","url":"https:\/\/www.organisator.ch\/wp-content\/uploads\/2023\/03\/Warum-und-wie-Sie-Ihre-Managementsysteme-integrieren-sollten-2_MQ.jpg","contentUrl":"https:\/\/www.organisator.ch\/wp-content\/uploads\/2023\/03\/Warum-und-wie-Sie-Ihre-Managementsysteme-integrieren-sollten-2_MQ.jpg","width":680,"height":383,"caption":"Zeitliche Entwicklung von Managementstandards, schematische Darstellung (Auswahl). Quellen: Hochschule Zittau\/G\u00f6rlitz, TIMS, SQS."},{"@type":"BreadcrumbList","@id":"https:\/\/www.organisator.ch\/management\/2023-03-21\/warum-und-wie-sie-ihre-managementsysteme-integrieren-sollten\/#breadcrumb","itemListElement":[{"@type":"ListItem","position":1,"name":"Home","item":"https:\/\/www.organisator.ch\/"},{"@type":"ListItem","position":2,"name":"Warum und wie Sie Ihre Managementsysteme integrieren (sollten)"}]},{"@type":"WebSite","@id":"https:\/\/www.organisator.ch\/#website","url":"https:\/\/www.organisator.ch\/","name":"Organisateur","description":"Comp\u00e9tence et comp\u00e9tence. Proches de la pratique. L'ORGANISATEUR pr\u00e9pare 10 num\u00e9ros par an sur les th\u00e8mes essentiels pour les dirigeants de PME.","publisher":{"@id":"https:\/\/www.organisator.ch\/#organization"},"potentialAction":[{"@type":"SearchAction","target":{"@type":"EntryPoint","urlTemplate":"https:\/\/www.organisator.ch\/?s={search_term_string}"},"query-input":{"@type":"PropertyValueSpecification","valueRequired":true,"valueName":"search_term_string"}}],"inLanguage":"fr-FR"},{"@type":"Organization","@id":"https:\/\/www.organisator.ch\/#organization","name":"Organisateur","url":"https:\/\/www.organisator.ch\/","logo":{"@type":"ImageObject","inLanguage":"fr-FR","@id":"https:\/\/www.organisator.ch\/#\/schema\/logo\/image\/","url":"https:\/\/www.organisator.ch\/wp-content\/uploads\/2022\/01\/Logo_Organisator_Website.png","contentUrl":"https:\/\/www.organisator.ch\/wp-content\/uploads\/2022\/01\/Logo_Organisator_Website.png","width":800,"height":77,"caption":"Organisator"},"image":{"@id":"https:\/\/www.organisator.ch\/#\/schema\/logo\/image\/"},"sameAs":["https:\/\/www.facebook.com\/OrganisatorFachmagazin","https:\/\/www.linkedin.com\/showcase\/organisator-das-magazin-fr-kmu","https:\/\/www.xing.com\/news\/pages\/organisator-ch-695","https:\/\/www.youtube.com\/channel\/UCGP2Sq0iWaZwT3BdIAQFYpw"]},{"@type":"Person","@id":"https:\/\/www.organisator.ch\/#\/schema\/person\/4e51799071cd2dd1232ac003643ef5f0","name":"galledia","image":{"@type":"ImageObject","inLanguage":"fr-FR","@id":"https:\/\/secure.gravatar.com\/avatar\/78a7f90c01fc2bfc875782a0d4922b37cde2cf184ce347b91316d23cd7f69a36?s=96&d=mm&r=g","url":"https:\/\/secure.gravatar.com\/avatar\/78a7f90c01fc2bfc875782a0d4922b37cde2cf184ce347b91316d23cd7f69a36?s=96&d=mm&r=g","contentUrl":"https:\/\/secure.gravatar.com\/avatar\/78a7f90c01fc2bfc875782a0d4922b37cde2cf184ce347b91316d23cd7f69a36?s=96&d=mm&r=g","caption":"galledia"},"sameAs":["https:\/\/x.com\/admin"],"url":"https:\/\/www.organisator.ch\/fr\/author\/galledia\/"}]}},"_links":{"self":[{"href":"https:\/\/www.organisator.ch\/fr\/wp-json\/wp\/v2\/posts\/19355","targetHints":{"allow":["GET"]}}],"collection":[{"href":"https:\/\/www.organisator.ch\/fr\/wp-json\/wp\/v2\/posts"}],"about":[{"href":"https:\/\/www.organisator.ch\/fr\/wp-json\/wp\/v2\/types\/post"}],"author":[{"embeddable":true,"href":"https:\/\/www.organisator.ch\/fr\/wp-json\/wp\/v2\/users\/8"}],"replies":[{"embeddable":true,"href":"https:\/\/www.organisator.ch\/fr\/wp-json\/wp\/v2\/comments?post=19355"}],"version-history":[{"count":7,"href":"https:\/\/www.organisator.ch\/fr\/wp-json\/wp\/v2\/posts\/19355\/revisions"}],"predecessor-version":[{"id":33297,"href":"https:\/\/www.organisator.ch\/fr\/wp-json\/wp\/v2\/posts\/19355\/revisions\/33297"}],"wp:featuredmedia":[{"embeddable":true,"href":"https:\/\/www.organisator.ch\/fr\/wp-json\/wp\/v2\/media\/19406"}],"wp:attachment":[{"href":"https:\/\/www.organisator.ch\/fr\/wp-json\/wp\/v2\/media?parent=19355"}],"wp:term":[{"taxonomy":"category","embeddable":true,"href":"https:\/\/www.organisator.ch\/fr\/wp-json\/wp\/v2\/categories?post=19355"},{"taxonomy":"post_tag","embeddable":true,"href":"https:\/\/www.organisator.ch\/fr\/wp-json\/wp\/v2\/tags?post=19355"}],"curies":[{"name":"wp","href":"https:\/\/api.w.org\/{rel}","templated":true}]}}