{"id":19371,"date":"2023-03-22T14:49:36","date_gmt":"2023-03-22T13:49:36","guid":{"rendered":"https:\/\/www.organisator.ch\/?p=19371"},"modified":"2023-03-22T14:49:36","modified_gmt":"2023-03-22T13:49:36","slug":"energieverbrauch-die-sommerzeit-hat-durchaus-vorteile","status":"publish","type":"post","link":"https:\/\/www.organisator.ch\/fr\/sustainability\/2023-03-22\/energieverbrauch-die-sommerzeit-hat-durchaus-vorteile\/","title":{"rendered":"Consommation d'\u00e9nergie : l'heure d'\u00e9t\u00e9 a ses avantages"},"content":{"rendered":"<div class=\"std-paragraph-block\">\n<div class=\"std-art-paragraph\">\n<figure id=\"attachment_19372\" aria-describedby=\"caption-attachment-19372\" style=\"width: 680px\" class=\"wp-caption alignnone\"><img loading=\"lazy\" decoding=\"async\" class=\"size-full wp-image-19372\" src=\"https:\/\/www.organisator.ch\/wp-content\/uploads\/2023\/03\/Energieverbrauch-Die-Sommerzeit-hat-durchaus-Vorteile_Organisator.jpg\" alt=\"\" width=\"680\" height=\"466\" srcset=\"https:\/\/www.organisator.ch\/wp-content\/uploads\/2023\/03\/Energieverbrauch-Die-Sommerzeit-hat-durchaus-Vorteile_Organisator.jpg 680w, https:\/\/www.organisator.ch\/wp-content\/uploads\/2023\/03\/Energieverbrauch-Die-Sommerzeit-hat-durchaus-Vorteile_Organisator-18x12.jpg 18w, https:\/\/www.organisator.ch\/wp-content\/uploads\/2023\/03\/Energieverbrauch-Die-Sommerzeit-hat-durchaus-Vorteile_Organisator-375x257.jpg 375w, https:\/\/www.organisator.ch\/wp-content\/uploads\/2023\/03\/Energieverbrauch-Die-Sommerzeit-hat-durchaus-Vorteile_Organisator-511x350.jpg 511w\" sizes=\"auto, (max-width: 680px) 100vw, 680px\" \/><figcaption id=\"caption-attachment-19372\" class=\"wp-caption-text\">Le changement climatique entra\u00eene une augmentation des besoins en \u00e9nergie de refroidissement. Si, pendant l'heure d'\u00e9t\u00e9, on travaille \u00e0 d'autres moments de la journ\u00e9e qu'en hiver, il est tout \u00e0 fait possible d'\u00e9conomiser de l'\u00e9nergie gr\u00e2ce \u00e0 une commande de refroidissement intelligente. Le passage \u00e0 l'heure d'\u00e9t\u00e9 peut donc s'av\u00e9rer \u00eatre un avantage, comme l'ont constat\u00e9 les chercheurs de l'Empa. (Image : Pixabay.com)<\/figcaption><\/figure>\n<\/div>\n<div><\/div>\n<div class=\"std-art-paragraph\">Le week-end du 25 au 26 mars 2023, les horloges seront \u00e0 nouveau avanc\u00e9es d'une heure. Avec le changement d'heure annuel, les discussions sur l'opportunit\u00e9 de l'abolir ou non refont surface. Les opposants argumentent que le changement d'heure a des effets n\u00e9gatifs sur la sant\u00e9, comme les troubles du sommeil. En revanche, les partisans de l'heure d'\u00e9t\u00e9 avancent souvent l'argument des \u00e9conomies d'\u00e9lectricit\u00e9. En effet, lorsqu'il fait jour une heure de plus le soir, on a moins besoin de lumi\u00e8re artificielle. \"C'\u00e9tait l'intention initiale derri\u00e8re l'introduction du changement d'heure. De notre point de vue, il est toutefois judicieux de consid\u00e9rer non seulement l'influence sur l'\u00e9conomie d'\u00e9lectricit\u00e9 au niveau de l'\u00e9clairage, mais aussi sur la consommation \u00e9nerg\u00e9tique globale d'un b\u00e2timent\", explique Sven Eggimann. Avec son coll\u00e8gue Massimo Fiorentini et d'autres chercheurs du laboratoire \"Urban Energy Systems\" de l'Empa, il a donc d\u00e9termin\u00e9 si et comment le changement d'heure avait un impact sur la consommation d'\u00e9nergie de chauffage et de refroidissement.<\/div>\n<\/div>\n<div class=\"std-paragraph-block\">\n<h3>Rentrer plus t\u00f4t \u00e0 la maison permet d'\u00e9conomiser de l'\u00e9nergie<\/h3>\n<div class=\"std-art-paragraph\">\n<p>L'hypoth\u00e8se de base de l'\u00e9quipe de recherche \u00e9tait qu'en raison du changement d'heure en \u00e9t\u00e9, les employ\u00e9s de bureau arrivent au bureau une heure plus t\u00f4t et le quittent donc \u00e9galement plus t\u00f4t dans l'apr\u00e8s-midi. Comme la majeure partie de la puissance frigorifique est produite en fin d'apr\u00e8s-midi, cela permet d'\u00e9conomiser de l'\u00e9nergie. Il faut toutefois que la climatisation puisse \u00eatre r\u00e9duite ou arr\u00eat\u00e9e lorsque le bureau est vide. Cela serait facile \u00e0 r\u00e9aliser dans les \"Smart Buildings\". Mais dans de nombreux endroits, il s'agit encore de musique d'avenir.<\/p>\n<p>Pour v\u00e9rifier l'hypoth\u00e8se ci-dessus, les chercheurs ont simul\u00e9 l'\u00e9nergie de chauffage et de refroidissement d\u00e9pens\u00e9e avec et sans l'heure d'\u00e9t\u00e9 pour diff\u00e9rentes r\u00e9gions climatiques, en se basant sur les donn\u00e9es de diff\u00e9rents immeubles de bureaux dans 15 villes am\u00e9ricaines. Ils ont pris en compte non seulement le climat actuel, mais aussi les sc\u00e9narios climatiques futurs jusqu'en 2050, afin d'int\u00e9grer l'influence du changement climatique. C'est essentiel, car les changements climatiques ont une \u00e9norme influence sur la consommation d'\u00e9nergie d'un b\u00e2timent. Dans une autre \u00e9tude, les chercheurs de l'Empa ont par exemple d\u00e9couvert qu'\u00e0 l'avenir, en raison du changement climatique, la Suisse pourrait avoir les m\u00eames besoins en \u00e9nergie de refroidissement qu'en \u00e9nergie de chauffage.<\/p>\n<p>Les r\u00e9sultats de l'\u00e9tude apportent de l'eau au moulin des partisans de l'heure d'\u00e9t\u00e9. \"Le passage \u00e0 l'heure d'\u00e9t\u00e9 peut r\u00e9duire l'\u00e9nergie de refroidissement d'un immeuble de bureaux jusqu'\u00e0 pr\u00e8s de six pour cent. Parall\u00e8lement, les besoins en chauffage peuvent augmenter jusqu'\u00e0 4,4 pour cent en raison d'un d\u00e9but de travail plus pr\u00e9coce le matin. Mais comme on consomme beaucoup plus d'\u00e9nergie de refroidissement que de chauffage en \u00e9t\u00e9, le changement d'heure a globalement une influence positive sur le bilan \u00e9nerg\u00e9tique d'un b\u00e2timent\", r\u00e9sume Massimo Fiorentini. Bien que les \u00e9conomies d'\u00e9nergie varient selon les sc\u00e9narios climatiques et les zones climatiques - l'\u00e9conomie d'\u00e9nergie totale maximale \u00e9tait de 3 pour cent - elles sont partout positives. Bien que ce r\u00e9sultat ne concerne que les immeubles de bureaux aux \u00c9tats-Unis, il fournit \u00e9galement des informations pr\u00e9cieuses pour la Suisse, car les conditions climatiques sont comparables pour plusieurs des zones climatiques simul\u00e9es.<\/p>\n<\/div>\n<\/div>\n<div class=\"std-paragraph-block\">\n<h3>Contribution \u00e0 la protection du climat<\/h3>\n<div class=\"std-art-paragraph\">\n<p>\"Notre \u00e9tude montre que le changement d'heure peut contribuer \u00e0 la protection du climat. Les d\u00e9cideurs politiques devraient donc tenir compte, dans le d\u00e9bat sur l'abolition de l'heure d'\u00e9t\u00e9, non seulement des \u00e9conomies d'\u00e9lectricit\u00e9 r\u00e9alis\u00e9es sur l'\u00e9clairage artificiel, mais aussi de l'influence sur le bilan \u00e9nerg\u00e9tique des immeubles de bureaux dans leur ensemble\", explique M. Eggimann. En m\u00eame temps, les chercheurs soulignent que le changement d'heure n'est qu'une des nombreuses possibilit\u00e9s d'influencer la consommation d'\u00e9nergie d'un immeuble de bureaux. L'am\u00e9lioration du parc immobilier, des changements de comportement ou une adaptation g\u00e9n\u00e9rale des horaires de travail peuvent \u00e9galement contribuer \u00e0 \u00e9conomiser de l'\u00e9nergie et donc \u00e0 r\u00e9duire les \u00e9missions de CO<sub>2<\/sub>-ind\u00e9pendamment du fait que les horloges doivent \u00eatre chang\u00e9es ou non.<\/p>\n<p><em>Source : <a href=\"https:\/\/www.empa.ch\/\">Empa<\/a><\/em><\/p>\n<\/div>\n<\/div>","protected":false},"excerpt":{"rendered":"<p>Am Wochenende vom 25. auf den 26. M\u00e4rz 2023 werden die Uhren wieder um eine Stunde vorgestellt. Mit der allj\u00e4hrlichen Zeitumstellung kommen auch wieder die Diskussionen dar\u00fcber, ob sie abgeschafft werden soll oder nicht. Gegner argumentieren, dass die Zeitumstellung negative gesundheitliche Effekte wie Schlafst\u00f6rungen mit sich bringt. Bef\u00fcrworter der Sommerzeit hingegen f\u00fchren oft das Argument [&hellip;]<\/p>\n","protected":false},"author":4,"featured_media":19372,"comment_status":"closed","ping_status":"closed","sticky":false,"template":"","format":"standard","meta":{"_acf_changed":false,"_yoast_wpseo_focuskw":"Sommerzeit","_yoast_wpseo_metadesc":"Eine neue Empa-Studie st\u00fctzt die Argumente der Bef\u00fcrworter der Sommerzeit: Dank der Zeitumstellung l\u00e4sst sich Energie sparen.","articlekey":"","footnotes":""},"categories":[580],"tags":[1052,584,3694,459,533],"class_list":["post-19371","post","type-post","status-publish","format-standard","has-post-thumbnail","hentry","category-sustainability","tag-empa","tag-energie","tag-sommerzeit","tag-studie","tag-wissenschaft"],"acf":[],"yoast_head":"<!-- This site is optimized with the Yoast SEO plugin v27.4 - https:\/\/yoast.com\/product\/yoast-seo-wordpress\/ -->\n<title>Energieverbrauch: Die Sommerzeit hat durchaus Vorteile - Organisator<\/title>\n<meta name=\"description\" content=\"Eine neue Empa-Studie st\u00fctzt die Argumente der Bef\u00fcrworter der Sommerzeit: Dank der Zeitumstellung l\u00e4sst sich Energie sparen.\" \/>\n<meta name=\"robots\" content=\"index, follow, max-snippet:-1, max-image-preview:large, max-video-preview:-1\" \/>\n<link rel=\"canonical\" href=\"https:\/\/www.organisator.ch\/fr\/sustainability\/2023-03-22\/energieverbrauch-die-sommerzeit-hat-durchaus-vorteile\/\" \/>\n<meta property=\"og:locale\" content=\"fr_FR\" \/>\n<meta property=\"og:type\" content=\"article\" \/>\n<meta property=\"og:title\" content=\"Energieverbrauch: Die Sommerzeit hat durchaus Vorteile\" \/>\n<meta property=\"og:description\" content=\"Eine neue Empa-Studie st\u00fctzt die Argumente der Bef\u00fcrworter der Sommerzeit: Dank der Zeitumstellung l\u00e4sst sich Energie sparen.\" \/>\n<meta property=\"og:url\" content=\"https:\/\/www.organisator.ch\/fr\/sustainability\/2023-03-22\/energieverbrauch-die-sommerzeit-hat-durchaus-vorteile\/\" \/>\n<meta property=\"og:site_name\" content=\"Organisator\" \/>\n<meta property=\"article:publisher\" content=\"https:\/\/www.facebook.com\/OrganisatorFachmagazin\" \/>\n<meta property=\"article:published_time\" content=\"2023-03-22T13:49:36+00:00\" \/>\n<meta property=\"og:image\" content=\"https:\/\/www.organisator.ch\/wp-content\/uploads\/2023\/03\/Energieverbrauch-Die-Sommerzeit-hat-durchaus-Vorteile_Organisator.jpg\" \/>\n\t<meta property=\"og:image:width\" content=\"680\" \/>\n\t<meta property=\"og:image:height\" content=\"466\" \/>\n\t<meta property=\"og:image:type\" content=\"image\/jpeg\" \/>\n<meta name=\"author\" content=\"thomas.berner\" \/>\n<meta name=\"twitter:card\" content=\"summary_large_image\" \/>\n<meta name=\"twitter:title\" content=\"#Energieverbrauch: Die #Sommerzeit hat durchaus Vorteile\" \/>\n<meta name=\"twitter:description\" content=\"Eine neue #Empa-Studie st\u00fctzt die Argumente der Bef\u00fcrworter der #Sommerzeit: Dank der #Zeitumstellung l\u00e4sst sich Energie sparen.\" \/>\n<meta name=\"twitter:image\" content=\"https:\/\/www.organisator.ch\/wp-content\/uploads\/2023\/03\/Energieverbrauch-Die-Sommerzeit-hat-durchaus-Vorteile_Organisator.jpg\" \/>\n<script type=\"application\/ld+json\" class=\"yoast-schema-graph\">{\"@context\":\"https:\\\/\\\/schema.org\",\"@graph\":[{\"@type\":\"Article\",\"@id\":\"https:\\\/\\\/www.organisator.ch\\\/sustainability\\\/2023-03-22\\\/energieverbrauch-die-sommerzeit-hat-durchaus-vorteile\\\/#article\",\"isPartOf\":{\"@id\":\"https:\\\/\\\/www.organisator.ch\\\/sustainability\\\/2023-03-22\\\/energieverbrauch-die-sommerzeit-hat-durchaus-vorteile\\\/\"},\"author\":{\"name\":\"thomas.berner\",\"@id\":\"https:\\\/\\\/www.organisator.ch\\\/#\\\/schema\\\/person\\\/6f650f90b2842cd4c0cc334b4e36f67e\"},\"headline\":\"Energieverbrauch: Die Sommerzeit hat durchaus Vorteile\",\"datePublished\":\"2023-03-22T13:49:36+00:00\",\"mainEntityOfPage\":{\"@id\":\"https:\\\/\\\/www.organisator.ch\\\/sustainability\\\/2023-03-22\\\/energieverbrauch-die-sommerzeit-hat-durchaus-vorteile\\\/\"},\"wordCount\":667,\"publisher\":{\"@id\":\"https:\\\/\\\/www.organisator.ch\\\/#organization\"},\"image\":{\"@id\":\"https:\\\/\\\/www.organisator.ch\\\/sustainability\\\/2023-03-22\\\/energieverbrauch-die-sommerzeit-hat-durchaus-vorteile\\\/#primaryimage\"},\"thumbnailUrl\":\"https:\\\/\\\/www.organisator.ch\\\/wp-content\\\/uploads\\\/2023\\\/03\\\/Energieverbrauch-Die-Sommerzeit-hat-durchaus-Vorteile_Organisator.jpg\",\"keywords\":[\"Empa\",\"ENERGIE\",\"Sommerzeit\",\"Studie\",\"Wissenschaft\"],\"articleSection\":[\"SUSTAINABILITY\"],\"inLanguage\":\"fr-FR\"},{\"@type\":\"WebPage\",\"@id\":\"https:\\\/\\\/www.organisator.ch\\\/sustainability\\\/2023-03-22\\\/energieverbrauch-die-sommerzeit-hat-durchaus-vorteile\\\/\",\"url\":\"https:\\\/\\\/www.organisator.ch\\\/sustainability\\\/2023-03-22\\\/energieverbrauch-die-sommerzeit-hat-durchaus-vorteile\\\/\",\"name\":\"Energieverbrauch: Die Sommerzeit hat durchaus Vorteile - Organisator\",\"isPartOf\":{\"@id\":\"https:\\\/\\\/www.organisator.ch\\\/#website\"},\"primaryImageOfPage\":{\"@id\":\"https:\\\/\\\/www.organisator.ch\\\/sustainability\\\/2023-03-22\\\/energieverbrauch-die-sommerzeit-hat-durchaus-vorteile\\\/#primaryimage\"},\"image\":{\"@id\":\"https:\\\/\\\/www.organisator.ch\\\/sustainability\\\/2023-03-22\\\/energieverbrauch-die-sommerzeit-hat-durchaus-vorteile\\\/#primaryimage\"},\"thumbnailUrl\":\"https:\\\/\\\/www.organisator.ch\\\/wp-content\\\/uploads\\\/2023\\\/03\\\/Energieverbrauch-Die-Sommerzeit-hat-durchaus-Vorteile_Organisator.jpg\",\"datePublished\":\"2023-03-22T13:49:36+00:00\",\"description\":\"Eine neue Empa-Studie st\u00fctzt die Argumente der Bef\u00fcrworter der Sommerzeit: Dank der Zeitumstellung l\u00e4sst sich Energie sparen.\",\"breadcrumb\":{\"@id\":\"https:\\\/\\\/www.organisator.ch\\\/sustainability\\\/2023-03-22\\\/energieverbrauch-die-sommerzeit-hat-durchaus-vorteile\\\/#breadcrumb\"},\"inLanguage\":\"fr-FR\",\"potentialAction\":[{\"@type\":\"ReadAction\",\"target\":[\"https:\\\/\\\/www.organisator.ch\\\/sustainability\\\/2023-03-22\\\/energieverbrauch-die-sommerzeit-hat-durchaus-vorteile\\\/\"]}]},{\"@type\":\"ImageObject\",\"inLanguage\":\"fr-FR\",\"@id\":\"https:\\\/\\\/www.organisator.ch\\\/sustainability\\\/2023-03-22\\\/energieverbrauch-die-sommerzeit-hat-durchaus-vorteile\\\/#primaryimage\",\"url\":\"https:\\\/\\\/www.organisator.ch\\\/wp-content\\\/uploads\\\/2023\\\/03\\\/Energieverbrauch-Die-Sommerzeit-hat-durchaus-Vorteile_Organisator.jpg\",\"contentUrl\":\"https:\\\/\\\/www.organisator.ch\\\/wp-content\\\/uploads\\\/2023\\\/03\\\/Energieverbrauch-Die-Sommerzeit-hat-durchaus-Vorteile_Organisator.jpg\",\"width\":680,\"height\":466,\"caption\":\"Der Klimawandel f\u00fchrt zu h\u00f6herem Bedarf an K\u00fchlenergie. Wenn w\u00e4hrend der Sommerzeit zu anderen Tageszeiten gearbeitet wird als im Winter, kann mit intelligenter K\u00fchl-Steuerung durchaus Energie eingespart werden. Die Umstellung auf Sommerzeit kann sich also als Vorteil erweisen, wie Empa-Forscher feststellten. (Bild: Pixabay.com)\"},{\"@type\":\"BreadcrumbList\",\"@id\":\"https:\\\/\\\/www.organisator.ch\\\/sustainability\\\/2023-03-22\\\/energieverbrauch-die-sommerzeit-hat-durchaus-vorteile\\\/#breadcrumb\",\"itemListElement\":[{\"@type\":\"ListItem\",\"position\":1,\"name\":\"Home\",\"item\":\"https:\\\/\\\/www.organisator.ch\\\/\"},{\"@type\":\"ListItem\",\"position\":2,\"name\":\"Energieverbrauch: Die Sommerzeit hat durchaus Vorteile\"}]},{\"@type\":\"WebSite\",\"@id\":\"https:\\\/\\\/www.organisator.ch\\\/#website\",\"url\":\"https:\\\/\\\/www.organisator.ch\\\/\",\"name\":\"Organisator\",\"description\":\"Kompetent. Praxisnah. Der ORGANISATOR bereitet in 10 Ausgaben pro Jahr die wesentlichen Themen f\u00fcr F\u00fchrungskr\u00e4fte von KMU auf.\",\"publisher\":{\"@id\":\"https:\\\/\\\/www.organisator.ch\\\/#organization\"},\"potentialAction\":[{\"@type\":\"SearchAction\",\"target\":{\"@type\":\"EntryPoint\",\"urlTemplate\":\"https:\\\/\\\/www.organisator.ch\\\/?s={search_term_string}\"},\"query-input\":{\"@type\":\"PropertyValueSpecification\",\"valueRequired\":true,\"valueName\":\"search_term_string\"}}],\"inLanguage\":\"fr-FR\"},{\"@type\":\"Organization\",\"@id\":\"https:\\\/\\\/www.organisator.ch\\\/#organization\",\"name\":\"Organisator\",\"url\":\"https:\\\/\\\/www.organisator.ch\\\/\",\"logo\":{\"@type\":\"ImageObject\",\"inLanguage\":\"fr-FR\",\"@id\":\"https:\\\/\\\/www.organisator.ch\\\/#\\\/schema\\\/logo\\\/image\\\/\",\"url\":\"https:\\\/\\\/www.organisator.ch\\\/wp-content\\\/uploads\\\/2022\\\/01\\\/Logo_Organisator_Website.png\",\"contentUrl\":\"https:\\\/\\\/www.organisator.ch\\\/wp-content\\\/uploads\\\/2022\\\/01\\\/Logo_Organisator_Website.png\",\"width\":800,\"height\":77,\"caption\":\"Organisator\"},\"image\":{\"@id\":\"https:\\\/\\\/www.organisator.ch\\\/#\\\/schema\\\/logo\\\/image\\\/\"},\"sameAs\":[\"https:\\\/\\\/www.facebook.com\\\/OrganisatorFachmagazin\",\"https:\\\/\\\/www.linkedin.com\\\/showcase\\\/organisator-das-magazin-fr-kmu\",\"https:\\\/\\\/www.xing.com\\\/news\\\/pages\\\/organisator-ch-695\",\"https:\\\/\\\/www.youtube.com\\\/channel\\\/UCGP2Sq0iWaZwT3BdIAQFYpw\"]},{\"@type\":\"Person\",\"@id\":\"https:\\\/\\\/www.organisator.ch\\\/#\\\/schema\\\/person\\\/6f650f90b2842cd4c0cc334b4e36f67e\",\"name\":\"thomas.berner\",\"image\":{\"@type\":\"ImageObject\",\"inLanguage\":\"fr-FR\",\"@id\":\"https:\\\/\\\/secure.gravatar.com\\\/avatar\\\/ac5001d2a36cb6c6cd3e50789007ffca834b477b74a2144564522e944eabff61?s=96&d=mm&r=g\",\"url\":\"https:\\\/\\\/secure.gravatar.com\\\/avatar\\\/ac5001d2a36cb6c6cd3e50789007ffca834b477b74a2144564522e944eabff61?s=96&d=mm&r=g\",\"contentUrl\":\"https:\\\/\\\/secure.gravatar.com\\\/avatar\\\/ac5001d2a36cb6c6cd3e50789007ffca834b477b74a2144564522e944eabff61?s=96&d=mm&r=g\",\"caption\":\"thomas.berner\"},\"url\":\"https:\\\/\\\/www.organisator.ch\\\/fr\\\/author\\\/thomas-berner\\\/\"}]}<\/script>\n<!-- \/ Yoast SEO plugin. -->","yoast_head_json":{"title":"Consommation d'\u00e9nergie : l'heure d'\u00e9t\u00e9 a ses avantages - Organisateur","description":"Une nouvelle \u00e9tude de l'Empa appuie les arguments des partisans de l'heure d'\u00e9t\u00e9 : gr\u00e2ce au changement d'heure, il est possible d'\u00e9conomiser de l'\u00e9nergie.","robots":{"index":"index","follow":"follow","max-snippet":"max-snippet:-1","max-image-preview":"max-image-preview:large","max-video-preview":"max-video-preview:-1"},"canonical":"https:\/\/www.organisator.ch\/fr\/sustainability\/2023-03-22\/energieverbrauch-die-sommerzeit-hat-durchaus-vorteile\/","og_locale":"fr_FR","og_type":"article","og_title":"Energieverbrauch: Die Sommerzeit hat durchaus Vorteile","og_description":"Eine neue Empa-Studie st\u00fctzt die Argumente der Bef\u00fcrworter der Sommerzeit: Dank der Zeitumstellung l\u00e4sst sich Energie sparen.","og_url":"https:\/\/www.organisator.ch\/fr\/sustainability\/2023-03-22\/energieverbrauch-die-sommerzeit-hat-durchaus-vorteile\/","og_site_name":"Organisator","article_publisher":"https:\/\/www.facebook.com\/OrganisatorFachmagazin","article_published_time":"2023-03-22T13:49:36+00:00","og_image":[{"width":680,"height":466,"url":"https:\/\/www.organisator.ch\/wp-content\/uploads\/2023\/03\/Energieverbrauch-Die-Sommerzeit-hat-durchaus-Vorteile_Organisator.jpg","type":"image\/jpeg"}],"author":"thomas.berner","twitter_card":"summary_large_image","twitter_title":"#Energieverbrauch: Die #Sommerzeit hat durchaus Vorteile","twitter_description":"Eine neue #Empa-Studie st\u00fctzt die Argumente der Bef\u00fcrworter der #Sommerzeit: Dank der #Zeitumstellung l\u00e4sst sich Energie sparen.","twitter_image":"https:\/\/www.organisator.ch\/wp-content\/uploads\/2023\/03\/Energieverbrauch-Die-Sommerzeit-hat-durchaus-Vorteile_Organisator.jpg","schema":{"@context":"https:\/\/schema.org","@graph":[{"@type":"Article","@id":"https:\/\/www.organisator.ch\/sustainability\/2023-03-22\/energieverbrauch-die-sommerzeit-hat-durchaus-vorteile\/#article","isPartOf":{"@id":"https:\/\/www.organisator.ch\/sustainability\/2023-03-22\/energieverbrauch-die-sommerzeit-hat-durchaus-vorteile\/"},"author":{"name":"thomas.berner","@id":"https:\/\/www.organisator.ch\/#\/schema\/person\/6f650f90b2842cd4c0cc334b4e36f67e"},"headline":"Energieverbrauch: Die Sommerzeit hat durchaus Vorteile","datePublished":"2023-03-22T13:49:36+00:00","mainEntityOfPage":{"@id":"https:\/\/www.organisator.ch\/sustainability\/2023-03-22\/energieverbrauch-die-sommerzeit-hat-durchaus-vorteile\/"},"wordCount":667,"publisher":{"@id":"https:\/\/www.organisator.ch\/#organization"},"image":{"@id":"https:\/\/www.organisator.ch\/sustainability\/2023-03-22\/energieverbrauch-die-sommerzeit-hat-durchaus-vorteile\/#primaryimage"},"thumbnailUrl":"https:\/\/www.organisator.ch\/wp-content\/uploads\/2023\/03\/Energieverbrauch-Die-Sommerzeit-hat-durchaus-Vorteile_Organisator.jpg","keywords":["Empa","ENERGIE","Sommerzeit","Studie","Wissenschaft"],"articleSection":["SUSTAINABILITY"],"inLanguage":"fr-FR"},{"@type":"WebPage","@id":"https:\/\/www.organisator.ch\/sustainability\/2023-03-22\/energieverbrauch-die-sommerzeit-hat-durchaus-vorteile\/","url":"https:\/\/www.organisator.ch\/sustainability\/2023-03-22\/energieverbrauch-die-sommerzeit-hat-durchaus-vorteile\/","name":"Consommation d'\u00e9nergie : l'heure d'\u00e9t\u00e9 a ses avantages - Organisateur","isPartOf":{"@id":"https:\/\/www.organisator.ch\/#website"},"primaryImageOfPage":{"@id":"https:\/\/www.organisator.ch\/sustainability\/2023-03-22\/energieverbrauch-die-sommerzeit-hat-durchaus-vorteile\/#primaryimage"},"image":{"@id":"https:\/\/www.organisator.ch\/sustainability\/2023-03-22\/energieverbrauch-die-sommerzeit-hat-durchaus-vorteile\/#primaryimage"},"thumbnailUrl":"https:\/\/www.organisator.ch\/wp-content\/uploads\/2023\/03\/Energieverbrauch-Die-Sommerzeit-hat-durchaus-Vorteile_Organisator.jpg","datePublished":"2023-03-22T13:49:36+00:00","description":"Une nouvelle \u00e9tude de l'Empa appuie les arguments des partisans de l'heure d'\u00e9t\u00e9 : gr\u00e2ce au changement d'heure, il est possible d'\u00e9conomiser de l'\u00e9nergie.","breadcrumb":{"@id":"https:\/\/www.organisator.ch\/sustainability\/2023-03-22\/energieverbrauch-die-sommerzeit-hat-durchaus-vorteile\/#breadcrumb"},"inLanguage":"fr-FR","potentialAction":[{"@type":"ReadAction","target":["https:\/\/www.organisator.ch\/sustainability\/2023-03-22\/energieverbrauch-die-sommerzeit-hat-durchaus-vorteile\/"]}]},{"@type":"ImageObject","inLanguage":"fr-FR","@id":"https:\/\/www.organisator.ch\/sustainability\/2023-03-22\/energieverbrauch-die-sommerzeit-hat-durchaus-vorteile\/#primaryimage","url":"https:\/\/www.organisator.ch\/wp-content\/uploads\/2023\/03\/Energieverbrauch-Die-Sommerzeit-hat-durchaus-Vorteile_Organisator.jpg","contentUrl":"https:\/\/www.organisator.ch\/wp-content\/uploads\/2023\/03\/Energieverbrauch-Die-Sommerzeit-hat-durchaus-Vorteile_Organisator.jpg","width":680,"height":466,"caption":"Der Klimawandel f\u00fchrt zu h\u00f6herem Bedarf an K\u00fchlenergie. Wenn w\u00e4hrend der Sommerzeit zu anderen Tageszeiten gearbeitet wird als im Winter, kann mit intelligenter K\u00fchl-Steuerung durchaus Energie eingespart werden. Die Umstellung auf Sommerzeit kann sich also als Vorteil erweisen, wie Empa-Forscher feststellten. (Bild: Pixabay.com)"},{"@type":"BreadcrumbList","@id":"https:\/\/www.organisator.ch\/sustainability\/2023-03-22\/energieverbrauch-die-sommerzeit-hat-durchaus-vorteile\/#breadcrumb","itemListElement":[{"@type":"ListItem","position":1,"name":"Home","item":"https:\/\/www.organisator.ch\/"},{"@type":"ListItem","position":2,"name":"Energieverbrauch: Die Sommerzeit hat durchaus Vorteile"}]},{"@type":"WebSite","@id":"https:\/\/www.organisator.ch\/#website","url":"https:\/\/www.organisator.ch\/","name":"Organisateur","description":"Comp\u00e9tence et comp\u00e9tence. Proches de la pratique. L'ORGANISATEUR pr\u00e9pare 10 num\u00e9ros par an sur les th\u00e8mes essentiels pour les dirigeants de PME.","publisher":{"@id":"https:\/\/www.organisator.ch\/#organization"},"potentialAction":[{"@type":"SearchAction","target":{"@type":"EntryPoint","urlTemplate":"https:\/\/www.organisator.ch\/?s={search_term_string}"},"query-input":{"@type":"PropertyValueSpecification","valueRequired":true,"valueName":"search_term_string"}}],"inLanguage":"fr-FR"},{"@type":"Organization","@id":"https:\/\/www.organisator.ch\/#organization","name":"Organisateur","url":"https:\/\/www.organisator.ch\/","logo":{"@type":"ImageObject","inLanguage":"fr-FR","@id":"https:\/\/www.organisator.ch\/#\/schema\/logo\/image\/","url":"https:\/\/www.organisator.ch\/wp-content\/uploads\/2022\/01\/Logo_Organisator_Website.png","contentUrl":"https:\/\/www.organisator.ch\/wp-content\/uploads\/2022\/01\/Logo_Organisator_Website.png","width":800,"height":77,"caption":"Organisator"},"image":{"@id":"https:\/\/www.organisator.ch\/#\/schema\/logo\/image\/"},"sameAs":["https:\/\/www.facebook.com\/OrganisatorFachmagazin","https:\/\/www.linkedin.com\/showcase\/organisator-das-magazin-fr-kmu","https:\/\/www.xing.com\/news\/pages\/organisator-ch-695","https:\/\/www.youtube.com\/channel\/UCGP2Sq0iWaZwT3BdIAQFYpw"]},{"@type":"Person","@id":"https:\/\/www.organisator.ch\/#\/schema\/person\/6f650f90b2842cd4c0cc334b4e36f67e","name":"thomas.berner","image":{"@type":"ImageObject","inLanguage":"fr-FR","@id":"https:\/\/secure.gravatar.com\/avatar\/ac5001d2a36cb6c6cd3e50789007ffca834b477b74a2144564522e944eabff61?s=96&d=mm&r=g","url":"https:\/\/secure.gravatar.com\/avatar\/ac5001d2a36cb6c6cd3e50789007ffca834b477b74a2144564522e944eabff61?s=96&d=mm&r=g","contentUrl":"https:\/\/secure.gravatar.com\/avatar\/ac5001d2a36cb6c6cd3e50789007ffca834b477b74a2144564522e944eabff61?s=96&d=mm&r=g","caption":"thomas.berner"},"url":"https:\/\/www.organisator.ch\/fr\/author\/thomas-berner\/"}]}},"_links":{"self":[{"href":"https:\/\/www.organisator.ch\/fr\/wp-json\/wp\/v2\/posts\/19371","targetHints":{"allow":["GET"]}}],"collection":[{"href":"https:\/\/www.organisator.ch\/fr\/wp-json\/wp\/v2\/posts"}],"about":[{"href":"https:\/\/www.organisator.ch\/fr\/wp-json\/wp\/v2\/types\/post"}],"author":[{"embeddable":true,"href":"https:\/\/www.organisator.ch\/fr\/wp-json\/wp\/v2\/users\/4"}],"replies":[{"embeddable":true,"href":"https:\/\/www.organisator.ch\/fr\/wp-json\/wp\/v2\/comments?post=19371"}],"version-history":[{"count":3,"href":"https:\/\/www.organisator.ch\/fr\/wp-json\/wp\/v2\/posts\/19371\/revisions"}],"predecessor-version":[{"id":19432,"href":"https:\/\/www.organisator.ch\/fr\/wp-json\/wp\/v2\/posts\/19371\/revisions\/19432"}],"wp:featuredmedia":[{"embeddable":true,"href":"https:\/\/www.organisator.ch\/fr\/wp-json\/wp\/v2\/media\/19372"}],"wp:attachment":[{"href":"https:\/\/www.organisator.ch\/fr\/wp-json\/wp\/v2\/media?parent=19371"}],"wp:term":[{"taxonomy":"category","embeddable":true,"href":"https:\/\/www.organisator.ch\/fr\/wp-json\/wp\/v2\/categories?post=19371"},{"taxonomy":"post_tag","embeddable":true,"href":"https:\/\/www.organisator.ch\/fr\/wp-json\/wp\/v2\/tags?post=19371"}],"curies":[{"name":"wp","href":"https:\/\/api.w.org\/{rel}","templated":true}]}}