{"id":19415,"date":"2023-03-27T10:40:11","date_gmt":"2023-03-27T08:40:11","guid":{"rendered":"https:\/\/www.organisator.ch\/?p=19415"},"modified":"2023-03-27T10:40:11","modified_gmt":"2023-03-27T08:40:11","slug":"sef-womenaward-2023-vergeben","status":"publish","type":"post","link":"https:\/\/www.organisator.ch\/fr\/management\/2023-03-27\/sef-womenaward-2023-vergeben\/","title":{"rendered":"Attribution du SEF.WomenAward 2023"},"content":{"rendered":"<figure id=\"attachment_19416\" aria-describedby=\"caption-attachment-19416\" style=\"width: 680px\" class=\"wp-caption alignnone\"><img loading=\"lazy\" decoding=\"async\" class=\"size-full wp-image-19416\" src=\"https:\/\/www.organisator.ch\/wp-content\/uploads\/2023\/03\/SEF.WomenAward-2023-vergeben_Organisator.jpg\" alt=\"\" width=\"680\" height=\"501\" srcset=\"https:\/\/www.organisator.ch\/wp-content\/uploads\/2023\/03\/SEF.WomenAward-2023-vergeben_Organisator.jpg 680w, https:\/\/www.organisator.ch\/wp-content\/uploads\/2023\/03\/SEF.WomenAward-2023-vergeben_Organisator-16x12.jpg 16w, https:\/\/www.organisator.ch\/wp-content\/uploads\/2023\/03\/SEF.WomenAward-2023-vergeben_Organisator-375x276.jpg 375w, https:\/\/www.organisator.ch\/wp-content\/uploads\/2023\/03\/SEF.WomenAward-2023-vergeben_Organisator-475x350.jpg 475w\" sizes=\"auto, (max-width: 680px) 100vw, 680px\" \/><figcaption id=\"caption-attachment-19416\" class=\"wp-caption-text\">Catarina Dahlin, gagnante du SEF.WomenAward dans la cat\u00e9gorie \"Jeune entrepreneuse de l'ann\u00e9e\". (Image : \u00a9NZZ Connect, Sandra Blaser)<\/figcaption><\/figure>\n<p>Le Swiss Economic Forum (SEF) rend hommage aux femmes qui se distinguent par leurs performances entrepreneuriales : pour la troisi\u00e8me fois d\u00e9j\u00e0, trois femmes entrepreneurs ont \u00e9t\u00e9 r\u00e9compens\u00e9es par le SEF.WomenAward. Avec ce prix, le Swiss Economic Forum poursuit trois objectifs : Renforcer la visibilit\u00e9 des femmes d'affaires aupr\u00e8s du grand public, cr\u00e9er des mod\u00e8les pour la prochaine g\u00e9n\u00e9ration et consolider une plate-forme d'avenir pour les femmes dans l'\u00e9conomie.<\/p>\n<figure id=\"attachment_19417\" aria-describedby=\"caption-attachment-19417\" style=\"width: 680px\" class=\"wp-caption alignnone\"><img loading=\"lazy\" decoding=\"async\" class=\"size-full wp-image-19417\" src=\"https:\/\/www.organisator.ch\/wp-content\/uploads\/2023\/03\/SEF.WomenAward-2023-vergeben-2_Organisator.jpg\" alt=\"\" width=\"680\" height=\"453\" srcset=\"https:\/\/www.organisator.ch\/wp-content\/uploads\/2023\/03\/SEF.WomenAward-2023-vergeben-2_Organisator.jpg 680w, https:\/\/www.organisator.ch\/wp-content\/uploads\/2023\/03\/SEF.WomenAward-2023-vergeben-2_Organisator-18x12.jpg 18w, https:\/\/www.organisator.ch\/wp-content\/uploads\/2023\/03\/SEF.WomenAward-2023-vergeben-2_Organisator-375x250.jpg 375w, https:\/\/www.organisator.ch\/wp-content\/uploads\/2023\/03\/SEF.WomenAward-2023-vergeben-2_Organisator-525x350.jpg 525w\" sizes=\"auto, (max-width: 680px) 100vw, 680px\" \/><figcaption id=\"caption-attachment-19417\" class=\"wp-caption-text\">Dans la cat\u00e9gorie \"Entrepreneur\/CEO de l'ann\u00e9e\", Marie-France Tschudin (Novartis) a remport\u00e9 le troph\u00e9e. (Image : \u00a9NZZ Connect, Sandra Blaser)<\/figcaption><\/figure>\n<p>Le SEF.WomenAward est d\u00e9cern\u00e9 \u00e0 des femmes entrepreneurs dans les cat\u00e9gories \"Jeune entrepreneuse de l'ann\u00e9e\" et \"Entrepreneur\/CEO de l'ann\u00e9e\". Outre ces deux cat\u00e9gories, le prix d'honneur r\u00e9compense une personnalit\u00e9 exceptionnelle qui s'est engag\u00e9e toute sa vie pour une place \u00e9conomique suisse forte. Les trois laur\u00e9ates de cette ann\u00e9e sont<\/p>\n<ul>\n<li>Jeune entrepreneuse de l'ann\u00e9e : Catarina Dahlin, co-fondatrice et co-CEO de Dagsmejan Ventures AG. Elle incarne, par sa personne et son entreprise, le succ\u00e8s de l'entrepreneuriat f\u00e9minin, peut-on lire dans l'hommage qui lui est rendu. Sa confiance en sa propre vision entrepreneuriale a convaincu le jury.<\/li>\n<li>Entrepreneur\/CEO de l'ann\u00e9e : Marie-France Tschudin, Pr\u00e9sidente, Innovative Medicines International &amp; CCO Novartis : elle accorde une grande priorit\u00e9 \u00e0 la promotion des femmes et est un mod\u00e8le d'inspiration pour de nombreuses femmes dans l'\u00e9conomie - en Suisse et dans le monde. Dans son domaine de responsabilit\u00e9, un nombre impressionnant de 50% des collaborateurs sont des femmes.<\/li>\n<li>Prix d'honneur : Antoinette Hunziker-Ebneter, partenaire fondatrice &amp; CEO Forma Futura Invest AG et pr\u00e9sidente du conseil d'administration de la Banque Cantonale Bernoise SA. Elle a \u00e9t\u00e9 la premi\u00e8re femme \u00e0 diriger la Bourse suisse de 1995 \u00e0 2001 et s'engage activement pour une gestion d'entreprise durable ainsi que pour une plus grande proportion de femmes dans les postes de direction.<\/li>\n<\/ul>\n<p>La remise des prix a eu lieu lors d'une soir\u00e9e de gala le 24 mars 2023 \u00e0 Zurich.<\/p>\n<p><em>Source et informations compl\u00e9mentaires : <a href=\"http:\/\/swisseconomic.ch\/sef-womenaward\">swisseconomic.ch\/sef-womenaward<\/a><\/em><\/p>","protected":false},"excerpt":{"rendered":"<p>Das Swiss Economic Forum (SEF) ehrt Frauen mit einem herausragenden unternehmerischen Leistungsausweis: Bereits zum dritten Mal wurden drei Unternehmerinnen mit dem SEF.WomenAward ausgezeichnet. Mit dem Preis verfolgt das Swiss Economic Forum drei Zielsetzungen: St\u00e4rkung der Visibilit\u00e4t von Wirtschaftsfrauen in der breiten \u00d6ffentlichkeit, Schaffung von Vorbildern f\u00fcr die n\u00e4chste Generation sowie Festigung einer zukunftsgerichteten Plattform f\u00fcr [&hellip;]<\/p>\n","protected":false},"author":4,"featured_media":19416,"comment_status":"closed","ping_status":"closed","sticky":false,"template":"","format":"standard","meta":{"_acf_changed":false,"_yoast_wpseo_focuskw":"SEF.WomenAward","_yoast_wpseo_metadesc":"Am 24. M\u00e4rz 2023 wurde in Z\u00fcrich der SEF.WomenAward, f\u00fcr herausragende unternehmerische Leistungen verliehen.","articlekey":"","footnotes":""},"categories":[28],"tags":[66,159,2255],"class_list":["post-19415","post","type-post","status-publish","format-standard","has-post-thumbnail","hentry","category-management","tag-awards","tag-diversity","tag-swiss-economic-forum"],"acf":[],"yoast_head":"<!-- This site is optimized with the Yoast SEO plugin v27.4 - https:\/\/yoast.com\/product\/yoast-seo-wordpress\/ -->\n<title>SEF.WomenAward 2023 vergeben - Organisator<\/title>\n<meta name=\"description\" content=\"Am 24. M\u00e4rz 2023 wurde in Z\u00fcrich der SEF.WomenAward, f\u00fcr herausragende unternehmerische Leistungen verliehen.\" \/>\n<meta name=\"robots\" content=\"index, follow, max-snippet:-1, max-image-preview:large, max-video-preview:-1\" \/>\n<link rel=\"canonical\" href=\"https:\/\/www.organisator.ch\/fr\/gestion-2\/2023-03-27\/sef-womenaward-2023-vergeben\/\" \/>\n<meta property=\"og:locale\" content=\"fr_FR\" \/>\n<meta property=\"og:type\" content=\"article\" \/>\n<meta property=\"og:title\" content=\"SEF.WomenAward 2023 vergeben\" \/>\n<meta property=\"og:description\" content=\"Am 24. M\u00e4rz 2023 wurde in Z\u00fcrich der SEF.WomenAward, f\u00fcr herausragende unternehmerische Leistungen verliehen.\" \/>\n<meta property=\"og:url\" content=\"https:\/\/www.organisator.ch\/fr\/gestion-2\/2023-03-27\/sef-womenaward-2023-vergeben\/\" \/>\n<meta property=\"og:site_name\" content=\"Organisator\" \/>\n<meta property=\"article:publisher\" content=\"https:\/\/www.facebook.com\/OrganisatorFachmagazin\" \/>\n<meta property=\"article:published_time\" content=\"2023-03-27T08:40:11+00:00\" \/>\n<meta property=\"og:image\" content=\"https:\/\/www.organisator.ch\/wp-content\/uploads\/2023\/03\/SEF.WomenAward-2023-vergeben_Organisator.jpg\" \/>\n\t<meta property=\"og:image:width\" content=\"680\" \/>\n\t<meta property=\"og:image:height\" content=\"501\" \/>\n\t<meta property=\"og:image:type\" content=\"image\/jpeg\" \/>\n<meta name=\"author\" content=\"thomas.berner\" \/>\n<meta name=\"twitter:card\" content=\"summary_large_image\" \/>\n<meta name=\"twitter:title\" content=\"#SEF.WomenAward 2023 vergeben\" \/>\n<meta name=\"twitter:description\" content=\"Am 24. M\u00e4rz 2023 wurde in Z\u00fcrich der #SEF.WomenAward, f\u00fcr herausragende unternehmerische Leistungen verliehen.\" \/>\n<meta name=\"twitter:image\" content=\"https:\/\/www.organisator.ch\/wp-content\/uploads\/2023\/03\/SEF.WomenAward-2023-vergeben_Organisator.jpg\" \/>\n<script type=\"application\/ld+json\" class=\"yoast-schema-graph\">{\"@context\":\"https:\\\/\\\/schema.org\",\"@graph\":[{\"@type\":\"Article\",\"@id\":\"https:\\\/\\\/www.organisator.ch\\\/management\\\/2023-03-27\\\/sef-womenaward-2023-vergeben\\\/#article\",\"isPartOf\":{\"@id\":\"https:\\\/\\\/www.organisator.ch\\\/management\\\/2023-03-27\\\/sef-womenaward-2023-vergeben\\\/\"},\"author\":{\"name\":\"thomas.berner\",\"@id\":\"https:\\\/\\\/www.organisator.ch\\\/#\\\/schema\\\/person\\\/6f650f90b2842cd4c0cc334b4e36f67e\"},\"headline\":\"SEF.WomenAward 2023 vergeben\",\"datePublished\":\"2023-03-27T08:40:11+00:00\",\"mainEntityOfPage\":{\"@id\":\"https:\\\/\\\/www.organisator.ch\\\/management\\\/2023-03-27\\\/sef-womenaward-2023-vergeben\\\/\"},\"wordCount\":331,\"publisher\":{\"@id\":\"https:\\\/\\\/www.organisator.ch\\\/#organization\"},\"image\":{\"@id\":\"https:\\\/\\\/www.organisator.ch\\\/management\\\/2023-03-27\\\/sef-womenaward-2023-vergeben\\\/#primaryimage\"},\"thumbnailUrl\":\"https:\\\/\\\/www.organisator.ch\\\/wp-content\\\/uploads\\\/2023\\\/03\\\/SEF.WomenAward-2023-vergeben_Organisator.jpg\",\"keywords\":[\"Awards\",\"Diversity\",\"Swiss Economic Forum\"],\"articleSection\":[\"MANAGEMENT\"],\"inLanguage\":\"fr-FR\"},{\"@type\":\"WebPage\",\"@id\":\"https:\\\/\\\/www.organisator.ch\\\/management\\\/2023-03-27\\\/sef-womenaward-2023-vergeben\\\/\",\"url\":\"https:\\\/\\\/www.organisator.ch\\\/management\\\/2023-03-27\\\/sef-womenaward-2023-vergeben\\\/\",\"name\":\"SEF.WomenAward 2023 vergeben - Organisator\",\"isPartOf\":{\"@id\":\"https:\\\/\\\/www.organisator.ch\\\/#website\"},\"primaryImageOfPage\":{\"@id\":\"https:\\\/\\\/www.organisator.ch\\\/management\\\/2023-03-27\\\/sef-womenaward-2023-vergeben\\\/#primaryimage\"},\"image\":{\"@id\":\"https:\\\/\\\/www.organisator.ch\\\/management\\\/2023-03-27\\\/sef-womenaward-2023-vergeben\\\/#primaryimage\"},\"thumbnailUrl\":\"https:\\\/\\\/www.organisator.ch\\\/wp-content\\\/uploads\\\/2023\\\/03\\\/SEF.WomenAward-2023-vergeben_Organisator.jpg\",\"datePublished\":\"2023-03-27T08:40:11+00:00\",\"description\":\"Am 24. M\u00e4rz 2023 wurde in Z\u00fcrich der SEF.WomenAward, f\u00fcr herausragende unternehmerische Leistungen verliehen.\",\"breadcrumb\":{\"@id\":\"https:\\\/\\\/www.organisator.ch\\\/management\\\/2023-03-27\\\/sef-womenaward-2023-vergeben\\\/#breadcrumb\"},\"inLanguage\":\"fr-FR\",\"potentialAction\":[{\"@type\":\"ReadAction\",\"target\":[\"https:\\\/\\\/www.organisator.ch\\\/management\\\/2023-03-27\\\/sef-womenaward-2023-vergeben\\\/\"]}]},{\"@type\":\"ImageObject\",\"inLanguage\":\"fr-FR\",\"@id\":\"https:\\\/\\\/www.organisator.ch\\\/management\\\/2023-03-27\\\/sef-womenaward-2023-vergeben\\\/#primaryimage\",\"url\":\"https:\\\/\\\/www.organisator.ch\\\/wp-content\\\/uploads\\\/2023\\\/03\\\/SEF.WomenAward-2023-vergeben_Organisator.jpg\",\"contentUrl\":\"https:\\\/\\\/www.organisator.ch\\\/wp-content\\\/uploads\\\/2023\\\/03\\\/SEF.WomenAward-2023-vergeben_Organisator.jpg\",\"width\":680,\"height\":501,\"caption\":\"Catarina Dahlin, Gewinner des SEF.WomenAward in der Kategorie \\\"Jungunternehmerin des Jahres\\\". (Bild: \u00a9NZZ Connect, Sandra Blaser)\"},{\"@type\":\"BreadcrumbList\",\"@id\":\"https:\\\/\\\/www.organisator.ch\\\/management\\\/2023-03-27\\\/sef-womenaward-2023-vergeben\\\/#breadcrumb\",\"itemListElement\":[{\"@type\":\"ListItem\",\"position\":1,\"name\":\"Home\",\"item\":\"https:\\\/\\\/www.organisator.ch\\\/\"},{\"@type\":\"ListItem\",\"position\":2,\"name\":\"SEF.WomenAward 2023 vergeben\"}]},{\"@type\":\"WebSite\",\"@id\":\"https:\\\/\\\/www.organisator.ch\\\/#website\",\"url\":\"https:\\\/\\\/www.organisator.ch\\\/\",\"name\":\"Organisator\",\"description\":\"Kompetent. Praxisnah. Der ORGANISATOR bereitet in 10 Ausgaben pro Jahr die wesentlichen Themen f\u00fcr F\u00fchrungskr\u00e4fte von KMU auf.\",\"publisher\":{\"@id\":\"https:\\\/\\\/www.organisator.ch\\\/#organization\"},\"potentialAction\":[{\"@type\":\"SearchAction\",\"target\":{\"@type\":\"EntryPoint\",\"urlTemplate\":\"https:\\\/\\\/www.organisator.ch\\\/?s={search_term_string}\"},\"query-input\":{\"@type\":\"PropertyValueSpecification\",\"valueRequired\":true,\"valueName\":\"search_term_string\"}}],\"inLanguage\":\"fr-FR\"},{\"@type\":\"Organization\",\"@id\":\"https:\\\/\\\/www.organisator.ch\\\/#organization\",\"name\":\"Organisator\",\"url\":\"https:\\\/\\\/www.organisator.ch\\\/\",\"logo\":{\"@type\":\"ImageObject\",\"inLanguage\":\"fr-FR\",\"@id\":\"https:\\\/\\\/www.organisator.ch\\\/#\\\/schema\\\/logo\\\/image\\\/\",\"url\":\"https:\\\/\\\/www.organisator.ch\\\/wp-content\\\/uploads\\\/2022\\\/01\\\/Logo_Organisator_Website.png\",\"contentUrl\":\"https:\\\/\\\/www.organisator.ch\\\/wp-content\\\/uploads\\\/2022\\\/01\\\/Logo_Organisator_Website.png\",\"width\":800,\"height\":77,\"caption\":\"Organisator\"},\"image\":{\"@id\":\"https:\\\/\\\/www.organisator.ch\\\/#\\\/schema\\\/logo\\\/image\\\/\"},\"sameAs\":[\"https:\\\/\\\/www.facebook.com\\\/OrganisatorFachmagazin\",\"https:\\\/\\\/www.linkedin.com\\\/showcase\\\/organisator-das-magazin-fr-kmu\",\"https:\\\/\\\/www.xing.com\\\/news\\\/pages\\\/organisator-ch-695\",\"https:\\\/\\\/www.youtube.com\\\/channel\\\/UCGP2Sq0iWaZwT3BdIAQFYpw\"]},{\"@type\":\"Person\",\"@id\":\"https:\\\/\\\/www.organisator.ch\\\/#\\\/schema\\\/person\\\/6f650f90b2842cd4c0cc334b4e36f67e\",\"name\":\"thomas.berner\",\"image\":{\"@type\":\"ImageObject\",\"inLanguage\":\"fr-FR\",\"@id\":\"https:\\\/\\\/secure.gravatar.com\\\/avatar\\\/ac5001d2a36cb6c6cd3e50789007ffca834b477b74a2144564522e944eabff61?s=96&d=mm&r=g\",\"url\":\"https:\\\/\\\/secure.gravatar.com\\\/avatar\\\/ac5001d2a36cb6c6cd3e50789007ffca834b477b74a2144564522e944eabff61?s=96&d=mm&r=g\",\"contentUrl\":\"https:\\\/\\\/secure.gravatar.com\\\/avatar\\\/ac5001d2a36cb6c6cd3e50789007ffca834b477b74a2144564522e944eabff61?s=96&d=mm&r=g\",\"caption\":\"thomas.berner\"},\"url\":\"https:\\\/\\\/www.organisator.ch\\\/fr\\\/author\\\/thomas-berner\\\/\"}]}<\/script>\n<!-- \/ Yoast SEO plugin. -->","yoast_head_json":{"title":"SEF.WomenAward 2023 attribu\u00e9 - Organisateur","description":"Le 24 mars 2023, le SEF.WomenAward a \u00e9t\u00e9 d\u00e9cern\u00e9 \u00e0 Zurich pour r\u00e9compenser des performances entrepreneuriales exceptionnelles.","robots":{"index":"index","follow":"follow","max-snippet":"max-snippet:-1","max-image-preview":"max-image-preview:large","max-video-preview":"max-video-preview:-1"},"canonical":"https:\/\/www.organisator.ch\/fr\/gestion-2\/2023-03-27\/sef-womenaward-2023-vergeben\/","og_locale":"fr_FR","og_type":"article","og_title":"SEF.WomenAward 2023 vergeben","og_description":"Am 24. M\u00e4rz 2023 wurde in Z\u00fcrich der SEF.WomenAward, f\u00fcr herausragende unternehmerische Leistungen verliehen.","og_url":"https:\/\/www.organisator.ch\/fr\/gestion-2\/2023-03-27\/sef-womenaward-2023-vergeben\/","og_site_name":"Organisator","article_publisher":"https:\/\/www.facebook.com\/OrganisatorFachmagazin","article_published_time":"2023-03-27T08:40:11+00:00","og_image":[{"width":680,"height":501,"url":"https:\/\/www.organisator.ch\/wp-content\/uploads\/2023\/03\/SEF.WomenAward-2023-vergeben_Organisator.jpg","type":"image\/jpeg"}],"author":"thomas.berner","twitter_card":"summary_large_image","twitter_title":"#SEF.WomenAward 2023 vergeben","twitter_description":"Am 24. M\u00e4rz 2023 wurde in Z\u00fcrich der #SEF.WomenAward, f\u00fcr herausragende unternehmerische Leistungen verliehen.","twitter_image":"https:\/\/www.organisator.ch\/wp-content\/uploads\/2023\/03\/SEF.WomenAward-2023-vergeben_Organisator.jpg","schema":{"@context":"https:\/\/schema.org","@graph":[{"@type":"Article","@id":"https:\/\/www.organisator.ch\/management\/2023-03-27\/sef-womenaward-2023-vergeben\/#article","isPartOf":{"@id":"https:\/\/www.organisator.ch\/management\/2023-03-27\/sef-womenaward-2023-vergeben\/"},"author":{"name":"thomas.berner","@id":"https:\/\/www.organisator.ch\/#\/schema\/person\/6f650f90b2842cd4c0cc334b4e36f67e"},"headline":"SEF.WomenAward 2023 vergeben","datePublished":"2023-03-27T08:40:11+00:00","mainEntityOfPage":{"@id":"https:\/\/www.organisator.ch\/management\/2023-03-27\/sef-womenaward-2023-vergeben\/"},"wordCount":331,"publisher":{"@id":"https:\/\/www.organisator.ch\/#organization"},"image":{"@id":"https:\/\/www.organisator.ch\/management\/2023-03-27\/sef-womenaward-2023-vergeben\/#primaryimage"},"thumbnailUrl":"https:\/\/www.organisator.ch\/wp-content\/uploads\/2023\/03\/SEF.WomenAward-2023-vergeben_Organisator.jpg","keywords":["Awards","Diversity","Swiss Economic Forum"],"articleSection":["MANAGEMENT"],"inLanguage":"fr-FR"},{"@type":"WebPage","@id":"https:\/\/www.organisator.ch\/management\/2023-03-27\/sef-womenaward-2023-vergeben\/","url":"https:\/\/www.organisator.ch\/management\/2023-03-27\/sef-womenaward-2023-vergeben\/","name":"SEF.WomenAward 2023 attribu\u00e9 - Organisateur","isPartOf":{"@id":"https:\/\/www.organisator.ch\/#website"},"primaryImageOfPage":{"@id":"https:\/\/www.organisator.ch\/management\/2023-03-27\/sef-womenaward-2023-vergeben\/#primaryimage"},"image":{"@id":"https:\/\/www.organisator.ch\/management\/2023-03-27\/sef-womenaward-2023-vergeben\/#primaryimage"},"thumbnailUrl":"https:\/\/www.organisator.ch\/wp-content\/uploads\/2023\/03\/SEF.WomenAward-2023-vergeben_Organisator.jpg","datePublished":"2023-03-27T08:40:11+00:00","description":"Le 24 mars 2023, le SEF.WomenAward a \u00e9t\u00e9 d\u00e9cern\u00e9 \u00e0 Zurich pour r\u00e9compenser des performances entrepreneuriales exceptionnelles.","breadcrumb":{"@id":"https:\/\/www.organisator.ch\/management\/2023-03-27\/sef-womenaward-2023-vergeben\/#breadcrumb"},"inLanguage":"fr-FR","potentialAction":[{"@type":"ReadAction","target":["https:\/\/www.organisator.ch\/management\/2023-03-27\/sef-womenaward-2023-vergeben\/"]}]},{"@type":"ImageObject","inLanguage":"fr-FR","@id":"https:\/\/www.organisator.ch\/management\/2023-03-27\/sef-womenaward-2023-vergeben\/#primaryimage","url":"https:\/\/www.organisator.ch\/wp-content\/uploads\/2023\/03\/SEF.WomenAward-2023-vergeben_Organisator.jpg","contentUrl":"https:\/\/www.organisator.ch\/wp-content\/uploads\/2023\/03\/SEF.WomenAward-2023-vergeben_Organisator.jpg","width":680,"height":501,"caption":"Catarina Dahlin, Gewinner des SEF.WomenAward in der Kategorie \"Jungunternehmerin des Jahres\". (Bild: \u00a9NZZ Connect, Sandra Blaser)"},{"@type":"BreadcrumbList","@id":"https:\/\/www.organisator.ch\/management\/2023-03-27\/sef-womenaward-2023-vergeben\/#breadcrumb","itemListElement":[{"@type":"ListItem","position":1,"name":"Home","item":"https:\/\/www.organisator.ch\/"},{"@type":"ListItem","position":2,"name":"SEF.WomenAward 2023 vergeben"}]},{"@type":"WebSite","@id":"https:\/\/www.organisator.ch\/#website","url":"https:\/\/www.organisator.ch\/","name":"Organisateur","description":"Comp\u00e9tence et comp\u00e9tence. Proches de la pratique. L'ORGANISATEUR pr\u00e9pare 10 num\u00e9ros par an sur les th\u00e8mes essentiels pour les dirigeants de PME.","publisher":{"@id":"https:\/\/www.organisator.ch\/#organization"},"potentialAction":[{"@type":"SearchAction","target":{"@type":"EntryPoint","urlTemplate":"https:\/\/www.organisator.ch\/?s={search_term_string}"},"query-input":{"@type":"PropertyValueSpecification","valueRequired":true,"valueName":"search_term_string"}}],"inLanguage":"fr-FR"},{"@type":"Organization","@id":"https:\/\/www.organisator.ch\/#organization","name":"Organisateur","url":"https:\/\/www.organisator.ch\/","logo":{"@type":"ImageObject","inLanguage":"fr-FR","@id":"https:\/\/www.organisator.ch\/#\/schema\/logo\/image\/","url":"https:\/\/www.organisator.ch\/wp-content\/uploads\/2022\/01\/Logo_Organisator_Website.png","contentUrl":"https:\/\/www.organisator.ch\/wp-content\/uploads\/2022\/01\/Logo_Organisator_Website.png","width":800,"height":77,"caption":"Organisator"},"image":{"@id":"https:\/\/www.organisator.ch\/#\/schema\/logo\/image\/"},"sameAs":["https:\/\/www.facebook.com\/OrganisatorFachmagazin","https:\/\/www.linkedin.com\/showcase\/organisator-das-magazin-fr-kmu","https:\/\/www.xing.com\/news\/pages\/organisator-ch-695","https:\/\/www.youtube.com\/channel\/UCGP2Sq0iWaZwT3BdIAQFYpw"]},{"@type":"Person","@id":"https:\/\/www.organisator.ch\/#\/schema\/person\/6f650f90b2842cd4c0cc334b4e36f67e","name":"thomas.berner","image":{"@type":"ImageObject","inLanguage":"fr-FR","@id":"https:\/\/secure.gravatar.com\/avatar\/ac5001d2a36cb6c6cd3e50789007ffca834b477b74a2144564522e944eabff61?s=96&d=mm&r=g","url":"https:\/\/secure.gravatar.com\/avatar\/ac5001d2a36cb6c6cd3e50789007ffca834b477b74a2144564522e944eabff61?s=96&d=mm&r=g","contentUrl":"https:\/\/secure.gravatar.com\/avatar\/ac5001d2a36cb6c6cd3e50789007ffca834b477b74a2144564522e944eabff61?s=96&d=mm&r=g","caption":"thomas.berner"},"url":"https:\/\/www.organisator.ch\/fr\/author\/thomas-berner\/"}]}},"_links":{"self":[{"href":"https:\/\/www.organisator.ch\/fr\/wp-json\/wp\/v2\/posts\/19415","targetHints":{"allow":["GET"]}}],"collection":[{"href":"https:\/\/www.organisator.ch\/fr\/wp-json\/wp\/v2\/posts"}],"about":[{"href":"https:\/\/www.organisator.ch\/fr\/wp-json\/wp\/v2\/types\/post"}],"author":[{"embeddable":true,"href":"https:\/\/www.organisator.ch\/fr\/wp-json\/wp\/v2\/users\/4"}],"replies":[{"embeddable":true,"href":"https:\/\/www.organisator.ch\/fr\/wp-json\/wp\/v2\/comments?post=19415"}],"version-history":[{"count":1,"href":"https:\/\/www.organisator.ch\/fr\/wp-json\/wp\/v2\/posts\/19415\/revisions"}],"predecessor-version":[{"id":19418,"href":"https:\/\/www.organisator.ch\/fr\/wp-json\/wp\/v2\/posts\/19415\/revisions\/19418"}],"wp:featuredmedia":[{"embeddable":true,"href":"https:\/\/www.organisator.ch\/fr\/wp-json\/wp\/v2\/media\/19416"}],"wp:attachment":[{"href":"https:\/\/www.organisator.ch\/fr\/wp-json\/wp\/v2\/media?parent=19415"}],"wp:term":[{"taxonomy":"category","embeddable":true,"href":"https:\/\/www.organisator.ch\/fr\/wp-json\/wp\/v2\/categories?post=19415"},{"taxonomy":"post_tag","embeddable":true,"href":"https:\/\/www.organisator.ch\/fr\/wp-json\/wp\/v2\/tags?post=19415"}],"curies":[{"name":"wp","href":"https:\/\/api.w.org\/{rel}","templated":true}]}}