{"id":1943,"date":"2019-01-15T16:58:00","date_gmt":"2019-01-15T15:58:00","guid":{"rendered":"https:\/\/www.umweltperspektiven.ch\/?p=1943"},"modified":"2022-02-09T11:06:18","modified_gmt":"2022-02-09T10:06:18","slug":"watt-dor-zum-zwoelften-mal-wurde-der-schweizer-energiepreis-verliehen","status":"publish","type":"post","link":"https:\/\/www.organisator.ch\/fr\/sustainability\/2019-01-15\/watt-dor-zum-zwoelften-mal-wurde-der-schweizer-energiepreis-verliehen\/","title":{"rendered":"Watt d'Or : le prix suisse de l'\u00e9nergie a \u00e9t\u00e9 d\u00e9cern\u00e9 pour la douzi\u00e8me fois"},"content":{"rendered":"<figure id=\"attachment_1944\" aria-describedby=\"caption-attachment-1944\" style=\"width: 680px\" class=\"wp-caption alignnone\"><img loading=\"lazy\" decoding=\"async\" class=\"wp-image-1944 size-medium\" src=\"\/\/www.umweltperspektiven.ch\/wp-content\/uploads\/2019\/01\/Prix_Watt_Dor_2019_UP_Umweltperspektiven.jpg\" alt=\"\" width=\"680\" height=\"486\" \/><figcaption id=\"caption-attachment-1944\" class=\"wp-caption-text\">Lors du Watt d'Or de cette ann\u00e9e, l'Empa a notamment \u00e9t\u00e9 r\u00e9compens\u00e9 pour ses Building Units, des zones modulaires ayant \u00e9t\u00e9 int\u00e9gr\u00e9es dans le c\u00e9l\u00e8bre b\u00e2timent de recherche NEST. Ces modules pourraient bient\u00f4t \u00eatre utilis\u00e9s dans la pratique. (Image : Office f\u00e9d\u00e9ral de l'\u00e9nergie)<\/figcaption><\/figure>\n<p>Le Watt d'Or a \u00e9t\u00e9 d\u00e9cern\u00e9 pour la premi\u00e8re fois en 2007. Son objectif est de faire conna\u00eetre des r\u00e9alisations exceptionnelles dans le domaine de l'\u00e9nergie. Elles doivent motiver l'\u00e9conomie, la politique et le grand public \u00e0 d\u00e9couvrir les avantages des technologies \u00e9nerg\u00e9tiques innovantes. Le Watt d'Or n'est pas dot\u00e9, aucun prix n'est donc distribu\u00e9.<\/p>\n<p>44 candidatures ont \u00e9t\u00e9 d\u00e9pos\u00e9es jusqu'\u00e0 fin juillet 2018 pour le Watt d'Or 2019 et ont \u00e9t\u00e9 \u00e9valu\u00e9es par une \u00e9quipe d'experts. Au final, 20 contributions ont \u00e9t\u00e9 nomin\u00e9es pour la phase finale. Parmi elles, le jury pr\u00e9sid\u00e9 par Pascale Bruderer, pr\u00e9sidente du jury, a d\u00e9sign\u00e9 les projets gagnants dans les quatre cat\u00e9gories du Watt d'Or. En outre, le jury a d\u00e9cern\u00e9 le prix sp\u00e9cial Watt d'Or \"Transition\".<\/p>\n<p>CAT\u00c9GORIE TECHNOLOGIES DE L'\u00c9NERGIE<\/p>\n<p><strong>DEPsys SA et IBB Energie AG<br \/>\nGridEye : Pilote automatique dans le smartgrid<br \/>\n<\/strong>DEPsys SA, bas\u00e9e \u00e0 Puidoux dans le canton de Vaud, a d\u00e9velopp\u00e9 la plateforme Smartgrid GridEye jusqu'\u00e0 sa commercialisation. Elle aide les exploitants de r\u00e9seau \u00e0 int\u00e9grer des quantit\u00e9s toujours plus importantes d'\u00e9nergie d\u00e9centralis\u00e9e et fluctuante dans le r\u00e9seau \u00e9lectrique. GridEye peut \u00eatre int\u00e9gr\u00e9 tr\u00e8s facilement dans l'infrastructure existante. Gr\u00e2ce \u00e0 des mesures, le logiciel intelligent apprend comment le r\u00e9seau se comporte. Il en d\u00e9duit des informations sur l'\u00e9tat actuel du r\u00e9seau et peut ainsi g\u00e9rer les flux d'\u00e9nergie de mani\u00e8re optimale, s\u00fbre et efficace. GridEye a \u00e9t\u00e9 install\u00e9 sur l'a\u00e9rodrome de Birrfeld \u00e0 la demande d'IBB Energie AG. Depuis, l'installation photovolta\u00efque de 200 kW situ\u00e9e sur le hangar de l'a\u00e9ro-club d'Argovie peut injecter sa puissance maximale sans mettre en danger la stabilit\u00e9 du r\u00e9seau.<\/p>\n<p>CAT\u00c9GORIE \u00c9NERGIES RENOUVELABLES<\/p>\n<p><strong>dhp technology AG et IBC Energie Wasser Chur<br \/>\nCentrales solaires flottantes : la technologie du t\u00e9l\u00e9ph\u00e9rique permet une double utilisation des surfaces d'infrastructure<br \/>\n<\/strong>Afin d'utiliser de mani\u00e8re multifonctionnelle les surfaces d'infrastructure telles que les parkings ou les stations d'\u00e9puration, la soci\u00e9t\u00e9 dhp technology AG de Zizers dans le canton des Grisons a d\u00e9velopp\u00e9 l'installation solaire l\u00e9g\u00e8re mobile \"HORIZON\" jusqu'\u00e0 sa commercialisation. Gr\u00e2ce \u00e0 la technologie du t\u00e9l\u00e9ph\u00e9rique, HORIZON flotte \u00e0 cinq m\u00e8tres au-dessus de la surface de l'infrastructure et se replie comme un orgue \u00e0 main. Un algorithme m\u00e9t\u00e9orologique d\u00e9ploie automatiquement l'installation lorsque le soleil brille et la replie en cas de vent fort ou de chute de neige. La premi\u00e8re grande installation HORIZON a \u00e9t\u00e9 r\u00e9alis\u00e9e pour le compte d'IBC Energie Wasser Chur \u00e0 la STEP de Coire et mise en service en 2018. Elle produit environ 540'000 kilowattheures d'\u00e9lectricit\u00e9 par an, ce qui couvre environ 20% des besoins totaux en \u00e9lectricit\u00e9 de la station d'\u00e9puration.<\/p>\n<p>CAT\u00c9GORIE MOBILIT\u00c9 EFFICACE SUR LE PLAN \u00c9NERG\u00c9TIQUE<\/p>\n<p><strong>BLS SA et Universit\u00e9 de B\u00e2le<br \/>\nPetit \u00e0 petit vers une meilleure efficacit\u00e9 \u00e9nerg\u00e9tique<br \/>\n<\/strong>Si l'on veut \u00e9conomiser de l'\u00e9nergie, il faut d'abord mesurer la consommation de mani\u00e8re d\u00e9taill\u00e9e. Peter Oelhafen, physicien \u00e9m\u00e9rite, a trouv\u00e9 une oreille attentive chez BLS AG avec l'id\u00e9e de mener une telle campagne de mesure dans les v\u00e9hicules ferroviaires. Les r\u00e9sultats impressionnants des mesures ont conduit \u00e0 un vaste programme de modernisation des 36 rames du RER NINA, qui s'ach\u00e8vera en 2019. Gr\u00e2ce \u00e0 cela et \u00e0 d'autres mesures d'efficacit\u00e9 pour le reste du parc de v\u00e9hicules ferroviaires, BLS \u00e9conomise chaque ann\u00e9e environ 13 millions de kilowattheures d'\u00e9lectricit\u00e9, soit la consommation annuelle de plus de 3'000 m\u00e9nages. D'autres entreprises de transport et de nombreux partenaires issus de la recherche et de l'industrie participent \u00e0 des projets partiels du programme d'\u00e9conomie d'\u00e9nergie initi\u00e9 par Peter Oelhafen.<\/p>\n<p>CAT\u00c9GORIE B\u00c2TIMENT ET ESPACE<\/p>\n<p><strong>Fondation Habitat et ADEV Energiegenossenschaft<br \/>\nErlenmatt Est : un site durable et color\u00e9 avec une production et un approvisionnement locaux en \u00e9nergie<br \/>\n<\/strong>Sur le site de l'ancienne gare de marchandises de la Deutsche Bahn \u00e0 B\u00e2le, la fondation Habitat d\u00e9veloppe le nouveau quartier urbain Erlenmatt Ost. En 2017, le premier b\u00e2timent a \u00e9t\u00e9 occup\u00e9, d'ici fin 2019, environ 500 personnes y vivront dans plus de 200 appartements. On le voit d\u00e9j\u00e0 aujourd'hui : le quartier est vivant, color\u00e9 et durable : tout \u00e0 fait dans l'esprit de la soci\u00e9t\u00e9 \u00e0 2000 watts. Les objectifs de durabilit\u00e9 du quartier sont mesurables et forment un cadre logique qui est compris et v\u00e9cu par les habitants. La coop\u00e9rative \u00e9nerg\u00e9tique ADEV, qui a r\u00e9alis\u00e9 ici l'une des plus grandes communaut\u00e9s d'autoconsommation d'\u00e9lectricit\u00e9 solaire de Suisse, y contribue \u00e9galement. Au final, Erlenmatt Est sera approvisionn\u00e9 \u00e0 plus de 70% en \u00e9lectricit\u00e9 et en chaleur produites directement sur place.<\/p>\n<p>WATT D'OR 2019 - PRIX SP\u00c9CIAL TRANSITION<\/p>\n<p><strong>Empa, Eawag et dransfeldarchitekten ag<br \/>\nNEST - Une maison Lego comme acc\u00e9l\u00e9rateur d'innovation<br \/>\n<\/strong>Les innovations visant \u00e0 pr\u00e9server l'\u00e9nergie et les ressources ne progressent que lentement dans le secteur du b\u00e2timent. Les investisseurs et les ma\u00eetres d'ouvrage sont peu enclins \u00e0 innover et \u00e0 prendre des risques, et les solutions existantes sont souvent privil\u00e9gi\u00e9es. Le \"living lab\" NEST, initi\u00e9 par l'Empa et l'Eawag en 2016, vise \u00e0 acc\u00e9l\u00e9rer les processus d'innovation dans le domaine du b\u00e2timent en collaboration avec quelque 140 partenaires issus de la recherche, de l'\u00e9conomie et des pouvoirs publics. Des \"unit\u00e9s\" th\u00e9matiques, qui peuvent \u00eatre int\u00e9gr\u00e9es au NEST comme des briques de Lego, permettent d'atteindre cet objectif. Une unit\u00e9 particuli\u00e8rement attrayante est l'installation de fitness et de bien-\u00eatre enti\u00e8rement aliment\u00e9e par l'\u00e9nergie solaire, qui consomme six fois moins d'\u00e9nergie que les installations traditionnelles. Elle a \u00e9t\u00e9 con\u00e7ue par dransfeldarchitekten ag d'Ermatingen.<\/p>\n<p><a href=\"\/\/www.bfe.admin.ch\">www.bfe.admin.ch<\/a><\/p>","protected":false},"excerpt":{"rendered":"<p>2007 wurde der Watt d&#8217;Or zum ersten Mal verliehen. Sein Ziel ist es, aussergew\u00f6hnliche Leistungen im Energiebereich bekannt zu machen. Sie sollen Wirtschaft, Politik und die breite \u00d6ffentlichkeit motivieren, die Vorteile innovativer Energietechnologien f\u00fcr sich zu entdecken. Der Watt d&#8217;Or ist nicht dotiert, es werden also keine Preisgelder ausgesch\u00fcttet. 44 Bewerbungen wurden bis Ende Juli [&hellip;]<\/p>\n","protected":false},"author":5,"featured_media":9578,"comment_status":"open","ping_status":"open","sticky":false,"template":"","format":"standard","meta":{"_acf_changed":false,"_yoast_wpseo_focuskw":"Watt d'Or","_yoast_wpseo_metadesc":"Am 10. Januar hat das Bundesamt f\u00fcr Energie den renommierten Schweizer Energiepreis Watt d'Or verliehen, darunter wurde auch ein Spezialpreis vergeben.","articlekey":"","footnotes":""},"categories":[580],"tags":[65,1247,1325,354,1943,424,2319],"class_list":["post-1943","post","type-post","status-publish","format-standard","has-post-thumbnail","hentry","category-sustainability","tag-award","tag-gebaeude","tag-grits","tag-mobilitaet","tag-preis","tag-schweiz","tag-transition"],"acf":[],"yoast_head":"<!-- This site is optimized with the Yoast SEO plugin v27.4 - https:\/\/yoast.com\/product\/yoast-seo-wordpress\/ -->\n<title>Watt d&#039;Or: Zum zw\u00f6lften Mal wurde der Schweizer Energiepreis verliehen - Organisator<\/title>\n<meta name=\"description\" content=\"Am 10. Januar hat das Bundesamt f\u00fcr Energie den renommierten Schweizer Energiepreis Watt d&#039;Or verliehen, darunter wurde auch ein Spezialpreis vergeben.\" \/>\n<meta name=\"robots\" content=\"index, follow, max-snippet:-1, max-image-preview:large, max-video-preview:-1\" \/>\n<link rel=\"canonical\" href=\"https:\/\/www.organisator.ch\/fr\/sustainability\/2019-01-15\/watt-dor-zum-zwoelften-mal-wurde-der-schweizer-energiepreis-verliehen\/\" \/>\n<meta property=\"og:locale\" content=\"fr_FR\" \/>\n<meta property=\"og:type\" content=\"article\" \/>\n<meta property=\"og:title\" content=\"Watt d&#039;Or: Zum zw\u00f6lften Mal wurde der Schweizer Energiepreis verliehen - Organisator\" \/>\n<meta property=\"og:description\" content=\"Am 10. Januar hat das Bundesamt f\u00fcr Energie den renommierten Schweizer Energiepreis Watt d&#039;Or verliehen, darunter wurde auch ein Spezialpreis vergeben.\" \/>\n<meta property=\"og:url\" content=\"https:\/\/www.organisator.ch\/fr\/sustainability\/2019-01-15\/watt-dor-zum-zwoelften-mal-wurde-der-schweizer-energiepreis-verliehen\/\" \/>\n<meta property=\"og:site_name\" content=\"Organisator\" \/>\n<meta property=\"article:publisher\" content=\"https:\/\/www.facebook.com\/OrganisatorFachmagazin\" \/>\n<meta property=\"article:published_time\" content=\"2019-01-15T15:58:00+00:00\" \/>\n<meta property=\"article:modified_time\" content=\"2022-02-09T10:06:18+00:00\" \/>\n<meta property=\"og:image\" content=\"https:\/\/www.organisator.ch\/wp-content\/uploads\/2019\/01\/Prix_Watt_Dor_2019_UP_Umweltperspektiven.jpg\" \/>\n\t<meta property=\"og:image:width\" content=\"2048\" \/>\n\t<meta property=\"og:image:height\" content=\"1465\" \/>\n\t<meta property=\"og:image:type\" content=\"image\/jpeg\" \/>\n<meta name=\"author\" content=\"michael.merz\" \/>\n<meta name=\"twitter:card\" content=\"summary_large_image\" \/>\n<script type=\"application\/ld+json\" class=\"yoast-schema-graph\">{\"@context\":\"https:\\\/\\\/schema.org\",\"@graph\":[{\"@type\":\"Article\",\"@id\":\"https:\\\/\\\/www.organisator.ch\\\/sustainability\\\/2019-01-15\\\/watt-dor-zum-zwoelften-mal-wurde-der-schweizer-energiepreis-verliehen\\\/#article\",\"isPartOf\":{\"@id\":\"https:\\\/\\\/www.organisator.ch\\\/sustainability\\\/2019-01-15\\\/watt-dor-zum-zwoelften-mal-wurde-der-schweizer-energiepreis-verliehen\\\/\"},\"author\":{\"name\":\"michael.merz\",\"@id\":\"https:\\\/\\\/www.organisator.ch\\\/#\\\/schema\\\/person\\\/134708ca9321c57b0362cceb7948ffbd\"},\"headline\":\"Watt d&#8217;Or: Zum zw\u00f6lften Mal wurde der Schweizer Energiepreis verliehen\",\"datePublished\":\"2019-01-15T15:58:00+00:00\",\"dateModified\":\"2022-02-09T10:06:18+00:00\",\"mainEntityOfPage\":{\"@id\":\"https:\\\/\\\/www.organisator.ch\\\/sustainability\\\/2019-01-15\\\/watt-dor-zum-zwoelften-mal-wurde-der-schweizer-energiepreis-verliehen\\\/\"},\"wordCount\":789,\"commentCount\":0,\"publisher\":{\"@id\":\"https:\\\/\\\/www.organisator.ch\\\/#organization\"},\"image\":{\"@id\":\"https:\\\/\\\/www.organisator.ch\\\/sustainability\\\/2019-01-15\\\/watt-dor-zum-zwoelften-mal-wurde-der-schweizer-energiepreis-verliehen\\\/#primaryimage\"},\"thumbnailUrl\":\"https:\\\/\\\/www.organisator.ch\\\/wp-content\\\/uploads\\\/2019\\\/01\\\/Prix_Watt_Dor_2019_UP_Umweltperspektiven.jpg\",\"keywords\":[\"Award\",\"Geb\u00e4ude\",\"Grits\",\"Mobilit\u00e4t\",\"Preis\",\"Schweiz\",\"Transition\"],\"articleSection\":[\"SUSTAINABILITY\"],\"inLanguage\":\"fr-FR\"},{\"@type\":\"WebPage\",\"@id\":\"https:\\\/\\\/www.organisator.ch\\\/sustainability\\\/2019-01-15\\\/watt-dor-zum-zwoelften-mal-wurde-der-schweizer-energiepreis-verliehen\\\/\",\"url\":\"https:\\\/\\\/www.organisator.ch\\\/sustainability\\\/2019-01-15\\\/watt-dor-zum-zwoelften-mal-wurde-der-schweizer-energiepreis-verliehen\\\/\",\"name\":\"Watt d'Or: Zum zw\u00f6lften Mal wurde der Schweizer Energiepreis verliehen - Organisator\",\"isPartOf\":{\"@id\":\"https:\\\/\\\/www.organisator.ch\\\/#website\"},\"primaryImageOfPage\":{\"@id\":\"https:\\\/\\\/www.organisator.ch\\\/sustainability\\\/2019-01-15\\\/watt-dor-zum-zwoelften-mal-wurde-der-schweizer-energiepreis-verliehen\\\/#primaryimage\"},\"image\":{\"@id\":\"https:\\\/\\\/www.organisator.ch\\\/sustainability\\\/2019-01-15\\\/watt-dor-zum-zwoelften-mal-wurde-der-schweizer-energiepreis-verliehen\\\/#primaryimage\"},\"thumbnailUrl\":\"https:\\\/\\\/www.organisator.ch\\\/wp-content\\\/uploads\\\/2019\\\/01\\\/Prix_Watt_Dor_2019_UP_Umweltperspektiven.jpg\",\"datePublished\":\"2019-01-15T15:58:00+00:00\",\"dateModified\":\"2022-02-09T10:06:18+00:00\",\"description\":\"Am 10. Januar hat das Bundesamt f\u00fcr Energie den renommierten Schweizer Energiepreis Watt d'Or verliehen, darunter wurde auch ein Spezialpreis vergeben.\",\"breadcrumb\":{\"@id\":\"https:\\\/\\\/www.organisator.ch\\\/sustainability\\\/2019-01-15\\\/watt-dor-zum-zwoelften-mal-wurde-der-schweizer-energiepreis-verliehen\\\/#breadcrumb\"},\"inLanguage\":\"fr-FR\",\"potentialAction\":[{\"@type\":\"ReadAction\",\"target\":[\"https:\\\/\\\/www.organisator.ch\\\/sustainability\\\/2019-01-15\\\/watt-dor-zum-zwoelften-mal-wurde-der-schweizer-energiepreis-verliehen\\\/\"]}]},{\"@type\":\"ImageObject\",\"inLanguage\":\"fr-FR\",\"@id\":\"https:\\\/\\\/www.organisator.ch\\\/sustainability\\\/2019-01-15\\\/watt-dor-zum-zwoelften-mal-wurde-der-schweizer-energiepreis-verliehen\\\/#primaryimage\",\"url\":\"https:\\\/\\\/www.organisator.ch\\\/wp-content\\\/uploads\\\/2019\\\/01\\\/Prix_Watt_Dor_2019_UP_Umweltperspektiven.jpg\",\"contentUrl\":\"https:\\\/\\\/www.organisator.ch\\\/wp-content\\\/uploads\\\/2019\\\/01\\\/Prix_Watt_Dor_2019_UP_Umweltperspektiven.jpg\",\"width\":2048,\"height\":1465},{\"@type\":\"BreadcrumbList\",\"@id\":\"https:\\\/\\\/www.organisator.ch\\\/sustainability\\\/2019-01-15\\\/watt-dor-zum-zwoelften-mal-wurde-der-schweizer-energiepreis-verliehen\\\/#breadcrumb\",\"itemListElement\":[{\"@type\":\"ListItem\",\"position\":1,\"name\":\"Home\",\"item\":\"https:\\\/\\\/www.organisator.ch\\\/\"},{\"@type\":\"ListItem\",\"position\":2,\"name\":\"Watt d&#8217;Or: Zum zw\u00f6lften Mal wurde der Schweizer Energiepreis verliehen\"}]},{\"@type\":\"WebSite\",\"@id\":\"https:\\\/\\\/www.organisator.ch\\\/#website\",\"url\":\"https:\\\/\\\/www.organisator.ch\\\/\",\"name\":\"Organisator\",\"description\":\"Kompetent. Praxisnah. Der ORGANISATOR bereitet in 10 Ausgaben pro Jahr die wesentlichen Themen f\u00fcr F\u00fchrungskr\u00e4fte von KMU auf.\",\"publisher\":{\"@id\":\"https:\\\/\\\/www.organisator.ch\\\/#organization\"},\"potentialAction\":[{\"@type\":\"SearchAction\",\"target\":{\"@type\":\"EntryPoint\",\"urlTemplate\":\"https:\\\/\\\/www.organisator.ch\\\/?s={search_term_string}\"},\"query-input\":{\"@type\":\"PropertyValueSpecification\",\"valueRequired\":true,\"valueName\":\"search_term_string\"}}],\"inLanguage\":\"fr-FR\"},{\"@type\":\"Organization\",\"@id\":\"https:\\\/\\\/www.organisator.ch\\\/#organization\",\"name\":\"Organisator\",\"url\":\"https:\\\/\\\/www.organisator.ch\\\/\",\"logo\":{\"@type\":\"ImageObject\",\"inLanguage\":\"fr-FR\",\"@id\":\"https:\\\/\\\/www.organisator.ch\\\/#\\\/schema\\\/logo\\\/image\\\/\",\"url\":\"https:\\\/\\\/www.organisator.ch\\\/wp-content\\\/uploads\\\/2022\\\/01\\\/Logo_Organisator_Website.png\",\"contentUrl\":\"https:\\\/\\\/www.organisator.ch\\\/wp-content\\\/uploads\\\/2022\\\/01\\\/Logo_Organisator_Website.png\",\"width\":800,\"height\":77,\"caption\":\"Organisator\"},\"image\":{\"@id\":\"https:\\\/\\\/www.organisator.ch\\\/#\\\/schema\\\/logo\\\/image\\\/\"},\"sameAs\":[\"https:\\\/\\\/www.facebook.com\\\/OrganisatorFachmagazin\",\"https:\\\/\\\/www.linkedin.com\\\/showcase\\\/organisator-das-magazin-fr-kmu\",\"https:\\\/\\\/www.xing.com\\\/news\\\/pages\\\/organisator-ch-695\",\"https:\\\/\\\/www.youtube.com\\\/channel\\\/UCGP2Sq0iWaZwT3BdIAQFYpw\"]},{\"@type\":\"Person\",\"@id\":\"https:\\\/\\\/www.organisator.ch\\\/#\\\/schema\\\/person\\\/134708ca9321c57b0362cceb7948ffbd\",\"name\":\"michael.merz\",\"image\":{\"@type\":\"ImageObject\",\"inLanguage\":\"fr-FR\",\"@id\":\"https:\\\/\\\/secure.gravatar.com\\\/avatar\\\/?s=96&d=mm&r=g\",\"url\":\"https:\\\/\\\/secure.gravatar.com\\\/avatar\\\/?s=96&d=mm&r=g\",\"contentUrl\":\"https:\\\/\\\/secure.gravatar.com\\\/avatar\\\/?s=96&d=mm&r=g\",\"caption\":\"michael.merz\"},\"url\":\"https:\\\/\\\/www.organisator.ch\\\/fr\\\/author\\\/michael-merz\\\/\"}]}<\/script>\n<!-- \/ Yoast SEO plugin. -->","yoast_head_json":{"title":"Watt d'Or : le prix suisse de l'\u00e9nergie a \u00e9t\u00e9 d\u00e9cern\u00e9 pour la douzi\u00e8me fois - Organisateur","description":"Le 10 janvier, l'Office f\u00e9d\u00e9ral de l'\u00e9nergie a d\u00e9cern\u00e9 le prestigieux prix suisse de l'\u00e9nergie Watt d'Or, parmi lequel un prix sp\u00e9cial a \u00e9t\u00e9 attribu\u00e9.","robots":{"index":"index","follow":"follow","max-snippet":"max-snippet:-1","max-image-preview":"max-image-preview:large","max-video-preview":"max-video-preview:-1"},"canonical":"https:\/\/www.organisator.ch\/fr\/sustainability\/2019-01-15\/watt-dor-zum-zwoelften-mal-wurde-der-schweizer-energiepreis-verliehen\/","og_locale":"fr_FR","og_type":"article","og_title":"Watt d'Or: Zum zw\u00f6lften Mal wurde der Schweizer Energiepreis verliehen - Organisator","og_description":"Am 10. Januar hat das Bundesamt f\u00fcr Energie den renommierten Schweizer Energiepreis Watt d'Or verliehen, darunter wurde auch ein Spezialpreis vergeben.","og_url":"https:\/\/www.organisator.ch\/fr\/sustainability\/2019-01-15\/watt-dor-zum-zwoelften-mal-wurde-der-schweizer-energiepreis-verliehen\/","og_site_name":"Organisator","article_publisher":"https:\/\/www.facebook.com\/OrganisatorFachmagazin","article_published_time":"2019-01-15T15:58:00+00:00","article_modified_time":"2022-02-09T10:06:18+00:00","og_image":[{"width":2048,"height":1465,"url":"https:\/\/www.organisator.ch\/wp-content\/uploads\/2019\/01\/Prix_Watt_Dor_2019_UP_Umweltperspektiven.jpg","type":"image\/jpeg"}],"author":"michael.merz","twitter_card":"summary_large_image","schema":{"@context":"https:\/\/schema.org","@graph":[{"@type":"Article","@id":"https:\/\/www.organisator.ch\/sustainability\/2019-01-15\/watt-dor-zum-zwoelften-mal-wurde-der-schweizer-energiepreis-verliehen\/#article","isPartOf":{"@id":"https:\/\/www.organisator.ch\/sustainability\/2019-01-15\/watt-dor-zum-zwoelften-mal-wurde-der-schweizer-energiepreis-verliehen\/"},"author":{"name":"michael.merz","@id":"https:\/\/www.organisator.ch\/#\/schema\/person\/134708ca9321c57b0362cceb7948ffbd"},"headline":"Watt d&#8217;Or: Zum zw\u00f6lften Mal wurde der Schweizer Energiepreis verliehen","datePublished":"2019-01-15T15:58:00+00:00","dateModified":"2022-02-09T10:06:18+00:00","mainEntityOfPage":{"@id":"https:\/\/www.organisator.ch\/sustainability\/2019-01-15\/watt-dor-zum-zwoelften-mal-wurde-der-schweizer-energiepreis-verliehen\/"},"wordCount":789,"commentCount":0,"publisher":{"@id":"https:\/\/www.organisator.ch\/#organization"},"image":{"@id":"https:\/\/www.organisator.ch\/sustainability\/2019-01-15\/watt-dor-zum-zwoelften-mal-wurde-der-schweizer-energiepreis-verliehen\/#primaryimage"},"thumbnailUrl":"https:\/\/www.organisator.ch\/wp-content\/uploads\/2019\/01\/Prix_Watt_Dor_2019_UP_Umweltperspektiven.jpg","keywords":["Award","Geb\u00e4ude","Grits","Mobilit\u00e4t","Preis","Schweiz","Transition"],"articleSection":["SUSTAINABILITY"],"inLanguage":"fr-FR"},{"@type":"WebPage","@id":"https:\/\/www.organisator.ch\/sustainability\/2019-01-15\/watt-dor-zum-zwoelften-mal-wurde-der-schweizer-energiepreis-verliehen\/","url":"https:\/\/www.organisator.ch\/sustainability\/2019-01-15\/watt-dor-zum-zwoelften-mal-wurde-der-schweizer-energiepreis-verliehen\/","name":"Watt d'Or : le prix suisse de l'\u00e9nergie a \u00e9t\u00e9 d\u00e9cern\u00e9 pour la douzi\u00e8me fois - Organisateur","isPartOf":{"@id":"https:\/\/www.organisator.ch\/#website"},"primaryImageOfPage":{"@id":"https:\/\/www.organisator.ch\/sustainability\/2019-01-15\/watt-dor-zum-zwoelften-mal-wurde-der-schweizer-energiepreis-verliehen\/#primaryimage"},"image":{"@id":"https:\/\/www.organisator.ch\/sustainability\/2019-01-15\/watt-dor-zum-zwoelften-mal-wurde-der-schweizer-energiepreis-verliehen\/#primaryimage"},"thumbnailUrl":"https:\/\/www.organisator.ch\/wp-content\/uploads\/2019\/01\/Prix_Watt_Dor_2019_UP_Umweltperspektiven.jpg","datePublished":"2019-01-15T15:58:00+00:00","dateModified":"2022-02-09T10:06:18+00:00","description":"Le 10 janvier, l'Office f\u00e9d\u00e9ral de l'\u00e9nergie a d\u00e9cern\u00e9 le prestigieux prix suisse de l'\u00e9nergie Watt d'Or, parmi lequel un prix sp\u00e9cial a \u00e9t\u00e9 attribu\u00e9.","breadcrumb":{"@id":"https:\/\/www.organisator.ch\/sustainability\/2019-01-15\/watt-dor-zum-zwoelften-mal-wurde-der-schweizer-energiepreis-verliehen\/#breadcrumb"},"inLanguage":"fr-FR","potentialAction":[{"@type":"ReadAction","target":["https:\/\/www.organisator.ch\/sustainability\/2019-01-15\/watt-dor-zum-zwoelften-mal-wurde-der-schweizer-energiepreis-verliehen\/"]}]},{"@type":"ImageObject","inLanguage":"fr-FR","@id":"https:\/\/www.organisator.ch\/sustainability\/2019-01-15\/watt-dor-zum-zwoelften-mal-wurde-der-schweizer-energiepreis-verliehen\/#primaryimage","url":"https:\/\/www.organisator.ch\/wp-content\/uploads\/2019\/01\/Prix_Watt_Dor_2019_UP_Umweltperspektiven.jpg","contentUrl":"https:\/\/www.organisator.ch\/wp-content\/uploads\/2019\/01\/Prix_Watt_Dor_2019_UP_Umweltperspektiven.jpg","width":2048,"height":1465},{"@type":"BreadcrumbList","@id":"https:\/\/www.organisator.ch\/sustainability\/2019-01-15\/watt-dor-zum-zwoelften-mal-wurde-der-schweizer-energiepreis-verliehen\/#breadcrumb","itemListElement":[{"@type":"ListItem","position":1,"name":"Home","item":"https:\/\/www.organisator.ch\/"},{"@type":"ListItem","position":2,"name":"Watt d&#8217;Or: Zum zw\u00f6lften Mal wurde der Schweizer Energiepreis verliehen"}]},{"@type":"WebSite","@id":"https:\/\/www.organisator.ch\/#website","url":"https:\/\/www.organisator.ch\/","name":"Organisateur","description":"Comp\u00e9tence et comp\u00e9tence. Proches de la pratique. L'ORGANISATEUR pr\u00e9pare 10 num\u00e9ros par an sur les th\u00e8mes essentiels pour les dirigeants de PME.","publisher":{"@id":"https:\/\/www.organisator.ch\/#organization"},"potentialAction":[{"@type":"SearchAction","target":{"@type":"EntryPoint","urlTemplate":"https:\/\/www.organisator.ch\/?s={search_term_string}"},"query-input":{"@type":"PropertyValueSpecification","valueRequired":true,"valueName":"search_term_string"}}],"inLanguage":"fr-FR"},{"@type":"Organization","@id":"https:\/\/www.organisator.ch\/#organization","name":"Organisateur","url":"https:\/\/www.organisator.ch\/","logo":{"@type":"ImageObject","inLanguage":"fr-FR","@id":"https:\/\/www.organisator.ch\/#\/schema\/logo\/image\/","url":"https:\/\/www.organisator.ch\/wp-content\/uploads\/2022\/01\/Logo_Organisator_Website.png","contentUrl":"https:\/\/www.organisator.ch\/wp-content\/uploads\/2022\/01\/Logo_Organisator_Website.png","width":800,"height":77,"caption":"Organisator"},"image":{"@id":"https:\/\/www.organisator.ch\/#\/schema\/logo\/image\/"},"sameAs":["https:\/\/www.facebook.com\/OrganisatorFachmagazin","https:\/\/www.linkedin.com\/showcase\/organisator-das-magazin-fr-kmu","https:\/\/www.xing.com\/news\/pages\/organisator-ch-695","https:\/\/www.youtube.com\/channel\/UCGP2Sq0iWaZwT3BdIAQFYpw"]},{"@type":"Person","@id":"https:\/\/www.organisator.ch\/#\/schema\/person\/134708ca9321c57b0362cceb7948ffbd","name":"michael.merz","image":{"@type":"ImageObject","inLanguage":"fr-FR","@id":"https:\/\/secure.gravatar.com\/avatar\/?s=96&d=mm&r=g","url":"https:\/\/secure.gravatar.com\/avatar\/?s=96&d=mm&r=g","contentUrl":"https:\/\/secure.gravatar.com\/avatar\/?s=96&d=mm&r=g","caption":"michael.merz"},"url":"https:\/\/www.organisator.ch\/fr\/author\/michael-merz\/"}]}},"_links":{"self":[{"href":"https:\/\/www.organisator.ch\/fr\/wp-json\/wp\/v2\/posts\/1943","targetHints":{"allow":["GET"]}}],"collection":[{"href":"https:\/\/www.organisator.ch\/fr\/wp-json\/wp\/v2\/posts"}],"about":[{"href":"https:\/\/www.organisator.ch\/fr\/wp-json\/wp\/v2\/types\/post"}],"author":[{"embeddable":true,"href":"https:\/\/www.organisator.ch\/fr\/wp-json\/wp\/v2\/users\/5"}],"replies":[{"embeddable":true,"href":"https:\/\/www.organisator.ch\/fr\/wp-json\/wp\/v2\/comments?post=1943"}],"version-history":[{"count":1,"href":"https:\/\/www.organisator.ch\/fr\/wp-json\/wp\/v2\/posts\/1943\/revisions"}],"predecessor-version":[{"id":10562,"href":"https:\/\/www.organisator.ch\/fr\/wp-json\/wp\/v2\/posts\/1943\/revisions\/10562"}],"wp:featuredmedia":[{"embeddable":true,"href":"https:\/\/www.organisator.ch\/fr\/wp-json\/wp\/v2\/media\/9578"}],"wp:attachment":[{"href":"https:\/\/www.organisator.ch\/fr\/wp-json\/wp\/v2\/media?parent=1943"}],"wp:term":[{"taxonomy":"category","embeddable":true,"href":"https:\/\/www.organisator.ch\/fr\/wp-json\/wp\/v2\/categories?post=1943"},{"taxonomy":"post_tag","embeddable":true,"href":"https:\/\/www.organisator.ch\/fr\/wp-json\/wp\/v2\/tags?post=1943"}],"curies":[{"name":"wp","href":"https:\/\/api.w.org\/{rel}","templated":true}]}}