{"id":19484,"date":"2023-03-30T09:26:54","date_gmt":"2023-03-30T07:26:54","guid":{"rendered":"https:\/\/www.organisator.ch\/?p=19484"},"modified":"2023-03-31T14:57:08","modified_gmt":"2023-03-31T12:57:08","slug":"quickline-waechst-bei-mobile-abos-und-tv-streaming","status":"publish","type":"post","link":"https:\/\/www.organisator.ch\/fr\/allgemein\/2023-03-30\/quickline-waechst-bei-mobile-abos-und-tv-streaming\/","title":{"rendered":"Quickline se d\u00e9veloppe dans les abonnements mobiles et le streaming TV"},"content":{"rendered":"<figure id=\"attachment_19485\" aria-describedby=\"caption-attachment-19485\" style=\"width: 680px\" class=\"wp-caption alignnone\"><img loading=\"lazy\" decoding=\"async\" class=\"size-full wp-image-19485\" src=\"https:\/\/www.organisator.ch\/wp-content\/uploads\/2023\/03\/Quickline-waechst-bei-Mobile-Abos-und-TV-Streaming_Organisator.jpg\" alt=\"\" width=\"680\" height=\"442\" srcset=\"https:\/\/www.organisator.ch\/wp-content\/uploads\/2023\/03\/Quickline-waechst-bei-Mobile-Abos-und-TV-Streaming_Organisator.jpg 680w, https:\/\/www.organisator.ch\/wp-content\/uploads\/2023\/03\/Quickline-waechst-bei-Mobile-Abos-und-TV-Streaming_Organisator-18x12.jpg 18w, https:\/\/www.organisator.ch\/wp-content\/uploads\/2023\/03\/Quickline-waechst-bei-Mobile-Abos-und-TV-Streaming_Organisator-375x244.jpg 375w, https:\/\/www.organisator.ch\/wp-content\/uploads\/2023\/03\/Quickline-waechst-bei-Mobile-Abos-und-TV-Streaming_Organisator-538x350.jpg 538w\" sizes=\"auto, (max-width: 680px) 100vw, 680px\" \/><figcaption id=\"caption-attachment-19485\" class=\"wp-caption-text\">L'entreprise de t\u00e9l\u00e9communication Quickline a enregistr\u00e9 en 2022 des croissances dans diff\u00e9rents domaines. (Image : zVg \/ Quickline)<\/figcaption><\/figure>\n<p>L'op\u00e9rateur de t\u00e9l\u00e9communications Quickline a non seulement enregistr\u00e9 une croissance des abonnements mobiles et de la t\u00e9l\u00e9vision en streaming en 2022, mais peut \u00e9galement se r\u00e9jouir d'une augmentation de la satisfaction des clients. \"La grande satisfaction des clients et l'excellent taux de recommandation confirment la grande qualit\u00e9 de nos produits et services. Depuis septembre 2022, les clients peuvent profiter de notre offre dans toute la Suisse\", d\u00e9clare Fr\u00e9d\u00e9ric Goetschmann, CEO de Quickline. \"En tant qu'entreprise suisse, nous g\u00e9n\u00e9rons la valeur ajout\u00e9e en Suisse, agissons avec agilit\u00e9 gr\u00e2ce \u00e0 notre taille et sommes pr\u00e9sents dans les r\u00e9gions. Cela fait partie de notre ADN et est tr\u00e8s appr\u00e9ci\u00e9 par les clientes et les clients\".<\/p>\n<h3>Attirer de nouveaux clients, r\u00e9compenser la fid\u00e9lit\u00e9<\/h3>\n<p>En septembre, Quickline est pass\u00e9 du statut de fournisseur r\u00e9gional \u00e0 celui de fournisseur national et propose d\u00e9sormais toute sa gamme de produits en dehors de la zone d'interconnexion des partenaires Quickline. \"Le feed-back des clients montre que Quickline est per\u00e7u comme un fournisseur de t\u00e9l\u00e9communications sympathique. Notre performance en mati\u00e8re de d\u00e9veloppement de produits, de commercialisation et de support est bien per\u00e7ue par notre client\u00e8le. Je suis tr\u00e8s fier de nos collaborateurs du r\u00e9seau Quickline qui, par leur engagement quotidien, assurent une excellente exp\u00e9rience client\", d\u00e9clare Fr\u00e9d\u00e9ric Goetschmann.<\/p>\n<p>Quickline ne propose pas seulement des offres attrayantes \u00e0 ses nouveaux clients, mais r\u00e9compense \u00e9galement ses clients existants. En f\u00e9vrier 2022, Quickline a lanc\u00e9 le programme de fid\u00e9lisation de la client\u00e8le Benefit. Les clientes et clients sont r\u00e9compens\u00e9s de leur fid\u00e9lit\u00e9 par des billets gratuits ou \u00e0 prix r\u00e9duit pour des manifestations sportives, culturelles et de loisirs. En 2022, plus de 50 000 clientes et clients ont pu profiter de ce programme.<\/p>\n<h3>Quickline a simplifi\u00e9 son portefeuille<\/h3>\n<p>Pour son entr\u00e9e sur le march\u00e9 national, Quickline a simplifi\u00e9 son offre et doubl\u00e9 la vitesse d'Internet pour les deux plus petits abonnements. Il est d\u00e9sormais possible de s'abonner \u00e0 des produits Internet Only. Les clients peuvent d\u00e9sormais choisir entre Quickline Internet S (100 Mbit\/s) et Quickline Internet XL (10 Gbit\/s). Actuellement, les clients profitent pendant un an d'abonnements Internet pour seulement 34 francs par mois. Ils peuvent y ajouter Quickline TV et la t\u00e9l\u00e9phonie fixe en fonction de leurs besoins. L'offre mobile a fait ses preuves et a \u00e9t\u00e9 maintenue.<\/p>\n<p>Quickline a lanc\u00e9 l'Internet mobile en compl\u00e9ment de l'Internet c\u00e2bl\u00e9 en juin 2022. Avec ce produit, Quickline couvre les besoins des clients mobiles qui souhaitent utiliser leur acc\u00e8s personnel \u00e0 Internet \u00e0 tout moment. Et ce, ind\u00e9pendamment du fait qu'ils passent leur temps dans un appartement de vacances ou dans un camping-car.<\/p>\n<h3>Des solutions de compteurs intelligents pour contribuer \u00e0 la transition \u00e9nerg\u00e9tique<\/h3>\n<p>Depuis juillet 2022, les petites et moyennes entreprises d'approvisionnement en \u00e9nergie (EAE) misent sur la solution globale Smart Meter de Quickline Energy. De l'acquisition des modules de comptage et de communication \u00e0 l'int\u00e9gration dans le syst\u00e8me de facturation et le portail client, en passant par la gestion des donn\u00e9es, la solution compl\u00e8te de Quickline Energy offre de grandes synergies. Les EAE peuvent ainsi se concentrer sur leurs clients et sur l'exploitation. \"Les compteurs intelligents sont un \u00e9l\u00e9ment important des r\u00e9seaux de distribution intelligents. Avec Quickline Energy, nous contribuons \u00e0 la mise en \u0153uvre de la strat\u00e9gie \u00e9nerg\u00e9tique 2050 et donc au tournant \u00e9nerg\u00e9tique\", d\u00e9clare Fr\u00e9d\u00e9ric Goetschmann.<\/p>\n<p><a href=\"https:\/\/quickline.ch\/\"><em>Source et informations compl\u00e9mentaires<\/em><\/a><\/p>","protected":false},"excerpt":{"rendered":"<p>Die Telekommunikationsanbieterin Quickline\u00a0 verzeichnete im Jahr 2022 nicht nur Zuw\u00e4chse bei Mobil-Abos und im TV-Streaming, sondern darf sich auch \u00fcber eine Steigerung bei der Kundenzufriedenheit freuen. \u00abDie hohe Kundenzufriedenheit und hervorragende Weiterempfehlungsrate best\u00e4tigen die hohe Qualit\u00e4t unserer Produkte und Dienstleistungen. Seit September 2022 k\u00f6nnen Kundinnen und Kunden in der ganzen Schweiz von unserem Angebot profitieren\u00bb, [&hellip;]<\/p>\n","protected":false},"author":4,"featured_media":19485,"comment_status":"closed","ping_status":"closed","sticky":false,"template":"","format":"standard","meta":{"_acf_changed":false,"_yoast_wpseo_focuskw":"Quickline","_yoast_wpseo_metadesc":"Im hart umk\u00e4mpften Markt w\u00e4chst die Telekommunikationsanbieterin Quickline im Jahr 2022 bei Mobile-Abos (+9.3%) und TV-Streaming (+8.5%).","articlekey":"","footnotes":""},"categories":[1],"tags":[334,358,479,492],"class_list":["post-19484","post","type-post","status-publish","format-standard","has-post-thumbnail","hentry","category-allgemein","tag-management","tag-nachhaltige-wirtschaft","tag-telekommunikation","tag-unternehmen"],"acf":[],"yoast_head":"<!-- This site is optimized with the Yoast SEO plugin v27.5 - https:\/\/yoast.com\/product\/yoast-seo-wordpress\/ -->\n<title>Quickline w\u00e4chst bei Mobile-Abos und TV-Streaming - Organisator<\/title>\n<meta name=\"description\" content=\"Im hart umk\u00e4mpften Markt w\u00e4chst die Telekommunikationsanbieterin Quickline im Jahr 2022 bei Mobile-Abos (+9.3%) und TV-Streaming (+8.5%).\" \/>\n<meta name=\"robots\" content=\"index, follow, max-snippet:-1, max-image-preview:large, max-video-preview:-1\" \/>\n<link rel=\"canonical\" href=\"https:\/\/www.organisator.ch\/fr\/general\/2023-03-30\/quickline-waechst-bei-mobile-abos-und-tv-streaming\/\" \/>\n<meta property=\"og:locale\" content=\"fr_FR\" \/>\n<meta property=\"og:type\" content=\"article\" \/>\n<meta property=\"og:title\" content=\"Quickline w\u00e4chst bei Mobile-Abos und TV-Streaming\" \/>\n<meta property=\"og:description\" content=\"Im hart umk\u00e4mpften Markt w\u00e4chst die Telekommunikationsanbieterin Quickline im Jahr 2022 bei Mobile-Abos (+9.3%) und TV-Streaming (+8.5%).\" \/>\n<meta property=\"og:url\" content=\"https:\/\/www.organisator.ch\/fr\/general\/2023-03-30\/quickline-waechst-bei-mobile-abos-und-tv-streaming\/\" \/>\n<meta property=\"og:site_name\" content=\"Organisator\" \/>\n<meta property=\"article:publisher\" content=\"https:\/\/www.facebook.com\/OrganisatorFachmagazin\" \/>\n<meta property=\"article:published_time\" content=\"2023-03-30T07:26:54+00:00\" \/>\n<meta property=\"article:modified_time\" content=\"2023-03-31T12:57:08+00:00\" \/>\n<meta property=\"og:image\" content=\"https:\/\/www.organisator.ch\/wp-content\/uploads\/2023\/03\/Quickline-waechst-bei-Mobile-Abos-und-TV-Streaming_Organisator.jpg\" \/>\n\t<meta property=\"og:image:width\" content=\"680\" \/>\n\t<meta property=\"og:image:height\" content=\"442\" \/>\n\t<meta property=\"og:image:type\" content=\"image\/jpeg\" \/>\n<meta name=\"author\" content=\"thomas.berner\" \/>\n<meta name=\"twitter:card\" content=\"summary_large_image\" \/>\n<meta name=\"twitter:title\" content=\"#Quickline w\u00e4chst bei #Mobile-Abos und #TV-Streaming\" \/>\n<meta name=\"twitter:description\" content=\"Im hart umk\u00e4mpften Markt w\u00e4chst die #Telekommunikationsanbieterin #Quickline im Jahr 2022 bei #Mobile-Abos (+9.3%) und #TV-Streaming (+8.5%).\" \/>\n<meta name=\"twitter:image\" content=\"https:\/\/www.organisator.ch\/wp-content\/uploads\/2023\/03\/Quickline-waechst-bei-Mobile-Abos-und-TV-Streaming_Organisator.jpg\" \/>\n<script type=\"application\/ld+json\" class=\"yoast-schema-graph\">{\"@context\":\"https:\\\/\\\/schema.org\",\"@graph\":[{\"@type\":\"Article\",\"@id\":\"https:\\\/\\\/www.organisator.ch\\\/allgemein\\\/2023-03-30\\\/quickline-waechst-bei-mobile-abos-und-tv-streaming\\\/#article\",\"isPartOf\":{\"@id\":\"https:\\\/\\\/www.organisator.ch\\\/allgemein\\\/2023-03-30\\\/quickline-waechst-bei-mobile-abos-und-tv-streaming\\\/\"},\"author\":{\"name\":\"thomas.berner\",\"@id\":\"https:\\\/\\\/www.organisator.ch\\\/#\\\/schema\\\/person\\\/6f650f90b2842cd4c0cc334b4e36f67e\"},\"headline\":\"Quickline w\u00e4chst bei Mobile-Abos und TV-Streaming\",\"datePublished\":\"2023-03-30T07:26:54+00:00\",\"dateModified\":\"2023-03-31T12:57:08+00:00\",\"mainEntityOfPage\":{\"@id\":\"https:\\\/\\\/www.organisator.ch\\\/allgemein\\\/2023-03-30\\\/quickline-waechst-bei-mobile-abos-und-tv-streaming\\\/\"},\"wordCount\":509,\"publisher\":{\"@id\":\"https:\\\/\\\/www.organisator.ch\\\/#organization\"},\"image\":{\"@id\":\"https:\\\/\\\/www.organisator.ch\\\/allgemein\\\/2023-03-30\\\/quickline-waechst-bei-mobile-abos-und-tv-streaming\\\/#primaryimage\"},\"thumbnailUrl\":\"https:\\\/\\\/www.organisator.ch\\\/wp-content\\\/uploads\\\/2023\\\/03\\\/Quickline-waechst-bei-Mobile-Abos-und-TV-Streaming_Organisator.jpg\",\"keywords\":[\"Management\",\"Nachhaltige Wirtschaft\",\"Telekommunikation\",\"Unternehmen\"],\"articleSection\":[\"Allgemein\"],\"inLanguage\":\"fr-FR\"},{\"@type\":\"WebPage\",\"@id\":\"https:\\\/\\\/www.organisator.ch\\\/allgemein\\\/2023-03-30\\\/quickline-waechst-bei-mobile-abos-und-tv-streaming\\\/\",\"url\":\"https:\\\/\\\/www.organisator.ch\\\/allgemein\\\/2023-03-30\\\/quickline-waechst-bei-mobile-abos-und-tv-streaming\\\/\",\"name\":\"Quickline w\u00e4chst bei Mobile-Abos und TV-Streaming - Organisator\",\"isPartOf\":{\"@id\":\"https:\\\/\\\/www.organisator.ch\\\/#website\"},\"primaryImageOfPage\":{\"@id\":\"https:\\\/\\\/www.organisator.ch\\\/allgemein\\\/2023-03-30\\\/quickline-waechst-bei-mobile-abos-und-tv-streaming\\\/#primaryimage\"},\"image\":{\"@id\":\"https:\\\/\\\/www.organisator.ch\\\/allgemein\\\/2023-03-30\\\/quickline-waechst-bei-mobile-abos-und-tv-streaming\\\/#primaryimage\"},\"thumbnailUrl\":\"https:\\\/\\\/www.organisator.ch\\\/wp-content\\\/uploads\\\/2023\\\/03\\\/Quickline-waechst-bei-Mobile-Abos-und-TV-Streaming_Organisator.jpg\",\"datePublished\":\"2023-03-30T07:26:54+00:00\",\"dateModified\":\"2023-03-31T12:57:08+00:00\",\"description\":\"Im hart umk\u00e4mpften Markt w\u00e4chst die Telekommunikationsanbieterin Quickline im Jahr 2022 bei Mobile-Abos (+9.3%) und TV-Streaming (+8.5%).\",\"breadcrumb\":{\"@id\":\"https:\\\/\\\/www.organisator.ch\\\/allgemein\\\/2023-03-30\\\/quickline-waechst-bei-mobile-abos-und-tv-streaming\\\/#breadcrumb\"},\"inLanguage\":\"fr-FR\",\"potentialAction\":[{\"@type\":\"ReadAction\",\"target\":[\"https:\\\/\\\/www.organisator.ch\\\/allgemein\\\/2023-03-30\\\/quickline-waechst-bei-mobile-abos-und-tv-streaming\\\/\"]}]},{\"@type\":\"ImageObject\",\"inLanguage\":\"fr-FR\",\"@id\":\"https:\\\/\\\/www.organisator.ch\\\/allgemein\\\/2023-03-30\\\/quickline-waechst-bei-mobile-abos-und-tv-streaming\\\/#primaryimage\",\"url\":\"https:\\\/\\\/www.organisator.ch\\\/wp-content\\\/uploads\\\/2023\\\/03\\\/Quickline-waechst-bei-Mobile-Abos-und-TV-Streaming_Organisator.jpg\",\"contentUrl\":\"https:\\\/\\\/www.organisator.ch\\\/wp-content\\\/uploads\\\/2023\\\/03\\\/Quickline-waechst-bei-Mobile-Abos-und-TV-Streaming_Organisator.jpg\",\"width\":680,\"height\":442,\"caption\":\"Das Telekommunikationsunternehmen Quickline verzeichnete im Jahr 2022 Zuw\u00e4chse in verschiedenen Bereichen. (Bild: zVg \\\/ Quickline)\"},{\"@type\":\"BreadcrumbList\",\"@id\":\"https:\\\/\\\/www.organisator.ch\\\/allgemein\\\/2023-03-30\\\/quickline-waechst-bei-mobile-abos-und-tv-streaming\\\/#breadcrumb\",\"itemListElement\":[{\"@type\":\"ListItem\",\"position\":1,\"name\":\"Home\",\"item\":\"https:\\\/\\\/www.organisator.ch\\\/\"},{\"@type\":\"ListItem\",\"position\":2,\"name\":\"Quickline w\u00e4chst bei Mobile-Abos und TV-Streaming\"}]},{\"@type\":\"WebSite\",\"@id\":\"https:\\\/\\\/www.organisator.ch\\\/#website\",\"url\":\"https:\\\/\\\/www.organisator.ch\\\/\",\"name\":\"Organisator\",\"description\":\"Kompetent. Praxisnah. Der ORGANISATOR bereitet in 10 Ausgaben pro Jahr die wesentlichen Themen f\u00fcr F\u00fchrungskr\u00e4fte von KMU auf.\",\"publisher\":{\"@id\":\"https:\\\/\\\/www.organisator.ch\\\/#organization\"},\"potentialAction\":[{\"@type\":\"SearchAction\",\"target\":{\"@type\":\"EntryPoint\",\"urlTemplate\":\"https:\\\/\\\/www.organisator.ch\\\/?s={search_term_string}\"},\"query-input\":{\"@type\":\"PropertyValueSpecification\",\"valueRequired\":true,\"valueName\":\"search_term_string\"}}],\"inLanguage\":\"fr-FR\"},{\"@type\":\"Organization\",\"@id\":\"https:\\\/\\\/www.organisator.ch\\\/#organization\",\"name\":\"Organisator\",\"url\":\"https:\\\/\\\/www.organisator.ch\\\/\",\"logo\":{\"@type\":\"ImageObject\",\"inLanguage\":\"fr-FR\",\"@id\":\"https:\\\/\\\/www.organisator.ch\\\/#\\\/schema\\\/logo\\\/image\\\/\",\"url\":\"https:\\\/\\\/www.organisator.ch\\\/wp-content\\\/uploads\\\/2022\\\/01\\\/Logo_Organisator_Website.png\",\"contentUrl\":\"https:\\\/\\\/www.organisator.ch\\\/wp-content\\\/uploads\\\/2022\\\/01\\\/Logo_Organisator_Website.png\",\"width\":800,\"height\":77,\"caption\":\"Organisator\"},\"image\":{\"@id\":\"https:\\\/\\\/www.organisator.ch\\\/#\\\/schema\\\/logo\\\/image\\\/\"},\"sameAs\":[\"https:\\\/\\\/www.facebook.com\\\/OrganisatorFachmagazin\",\"https:\\\/\\\/www.linkedin.com\\\/showcase\\\/organisator-das-magazin-fr-kmu\",\"https:\\\/\\\/www.xing.com\\\/news\\\/pages\\\/organisator-ch-695\",\"https:\\\/\\\/www.youtube.com\\\/channel\\\/UCGP2Sq0iWaZwT3BdIAQFYpw\"]},{\"@type\":\"Person\",\"@id\":\"https:\\\/\\\/www.organisator.ch\\\/#\\\/schema\\\/person\\\/6f650f90b2842cd4c0cc334b4e36f67e\",\"name\":\"thomas.berner\",\"image\":{\"@type\":\"ImageObject\",\"inLanguage\":\"fr-FR\",\"@id\":\"https:\\\/\\\/secure.gravatar.com\\\/avatar\\\/ac5001d2a36cb6c6cd3e50789007ffca834b477b74a2144564522e944eabff61?s=96&d=mm&r=g\",\"url\":\"https:\\\/\\\/secure.gravatar.com\\\/avatar\\\/ac5001d2a36cb6c6cd3e50789007ffca834b477b74a2144564522e944eabff61?s=96&d=mm&r=g\",\"contentUrl\":\"https:\\\/\\\/secure.gravatar.com\\\/avatar\\\/ac5001d2a36cb6c6cd3e50789007ffca834b477b74a2144564522e944eabff61?s=96&d=mm&r=g\",\"caption\":\"thomas.berner\"},\"url\":\"https:\\\/\\\/www.organisator.ch\\\/fr\\\/author\\\/thomas-berner\\\/\"}]}<\/script>\n<!-- \/ Yoast SEO plugin. -->","yoast_head_json":{"title":"Quickline se d\u00e9veloppe dans les abonnements mobiles et le streaming TV - Organisateur","description":"Sur un march\u00e9 tr\u00e8s concurrentiel, le fournisseur de services de t\u00e9l\u00e9communications Quickline cro\u00eet en 2022 dans les abonnements mobiles (+9,3%) et la t\u00e9l\u00e9vision en streaming (+8,5%).","robots":{"index":"index","follow":"follow","max-snippet":"max-snippet:-1","max-image-preview":"max-image-preview:large","max-video-preview":"max-video-preview:-1"},"canonical":"https:\/\/www.organisator.ch\/fr\/general\/2023-03-30\/quickline-waechst-bei-mobile-abos-und-tv-streaming\/","og_locale":"fr_FR","og_type":"article","og_title":"Quickline w\u00e4chst bei Mobile-Abos und TV-Streaming","og_description":"Im hart umk\u00e4mpften Markt w\u00e4chst die Telekommunikationsanbieterin Quickline im Jahr 2022 bei Mobile-Abos (+9.3%) und TV-Streaming (+8.5%).","og_url":"https:\/\/www.organisator.ch\/fr\/general\/2023-03-30\/quickline-waechst-bei-mobile-abos-und-tv-streaming\/","og_site_name":"Organisator","article_publisher":"https:\/\/www.facebook.com\/OrganisatorFachmagazin","article_published_time":"2023-03-30T07:26:54+00:00","article_modified_time":"2023-03-31T12:57:08+00:00","og_image":[{"width":680,"height":442,"url":"https:\/\/www.organisator.ch\/wp-content\/uploads\/2023\/03\/Quickline-waechst-bei-Mobile-Abos-und-TV-Streaming_Organisator.jpg","type":"image\/jpeg"}],"author":"thomas.berner","twitter_card":"summary_large_image","twitter_title":"#Quickline w\u00e4chst bei #Mobile-Abos und #TV-Streaming","twitter_description":"Im hart umk\u00e4mpften Markt w\u00e4chst die #Telekommunikationsanbieterin #Quickline im Jahr 2022 bei #Mobile-Abos (+9.3%) und #TV-Streaming (+8.5%).","twitter_image":"https:\/\/www.organisator.ch\/wp-content\/uploads\/2023\/03\/Quickline-waechst-bei-Mobile-Abos-und-TV-Streaming_Organisator.jpg","schema":{"@context":"https:\/\/schema.org","@graph":[{"@type":"Article","@id":"https:\/\/www.organisator.ch\/allgemein\/2023-03-30\/quickline-waechst-bei-mobile-abos-und-tv-streaming\/#article","isPartOf":{"@id":"https:\/\/www.organisator.ch\/allgemein\/2023-03-30\/quickline-waechst-bei-mobile-abos-und-tv-streaming\/"},"author":{"name":"thomas.berner","@id":"https:\/\/www.organisator.ch\/#\/schema\/person\/6f650f90b2842cd4c0cc334b4e36f67e"},"headline":"Quickline w\u00e4chst bei Mobile-Abos und TV-Streaming","datePublished":"2023-03-30T07:26:54+00:00","dateModified":"2023-03-31T12:57:08+00:00","mainEntityOfPage":{"@id":"https:\/\/www.organisator.ch\/allgemein\/2023-03-30\/quickline-waechst-bei-mobile-abos-und-tv-streaming\/"},"wordCount":509,"publisher":{"@id":"https:\/\/www.organisator.ch\/#organization"},"image":{"@id":"https:\/\/www.organisator.ch\/allgemein\/2023-03-30\/quickline-waechst-bei-mobile-abos-und-tv-streaming\/#primaryimage"},"thumbnailUrl":"https:\/\/www.organisator.ch\/wp-content\/uploads\/2023\/03\/Quickline-waechst-bei-Mobile-Abos-und-TV-Streaming_Organisator.jpg","keywords":["Management","Nachhaltige Wirtschaft","Telekommunikation","Unternehmen"],"articleSection":["Allgemein"],"inLanguage":"fr-FR"},{"@type":"WebPage","@id":"https:\/\/www.organisator.ch\/allgemein\/2023-03-30\/quickline-waechst-bei-mobile-abos-und-tv-streaming\/","url":"https:\/\/www.organisator.ch\/allgemein\/2023-03-30\/quickline-waechst-bei-mobile-abos-und-tv-streaming\/","name":"Quickline se d\u00e9veloppe dans les abonnements mobiles et le streaming TV - Organisateur","isPartOf":{"@id":"https:\/\/www.organisator.ch\/#website"},"primaryImageOfPage":{"@id":"https:\/\/www.organisator.ch\/allgemein\/2023-03-30\/quickline-waechst-bei-mobile-abos-und-tv-streaming\/#primaryimage"},"image":{"@id":"https:\/\/www.organisator.ch\/allgemein\/2023-03-30\/quickline-waechst-bei-mobile-abos-und-tv-streaming\/#primaryimage"},"thumbnailUrl":"https:\/\/www.organisator.ch\/wp-content\/uploads\/2023\/03\/Quickline-waechst-bei-Mobile-Abos-und-TV-Streaming_Organisator.jpg","datePublished":"2023-03-30T07:26:54+00:00","dateModified":"2023-03-31T12:57:08+00:00","description":"Sur un march\u00e9 tr\u00e8s concurrentiel, le fournisseur de services de t\u00e9l\u00e9communications Quickline cro\u00eet en 2022 dans les abonnements mobiles (+9,3%) et la t\u00e9l\u00e9vision en streaming (+8,5%).","breadcrumb":{"@id":"https:\/\/www.organisator.ch\/allgemein\/2023-03-30\/quickline-waechst-bei-mobile-abos-und-tv-streaming\/#breadcrumb"},"inLanguage":"fr-FR","potentialAction":[{"@type":"ReadAction","target":["https:\/\/www.organisator.ch\/allgemein\/2023-03-30\/quickline-waechst-bei-mobile-abos-und-tv-streaming\/"]}]},{"@type":"ImageObject","inLanguage":"fr-FR","@id":"https:\/\/www.organisator.ch\/allgemein\/2023-03-30\/quickline-waechst-bei-mobile-abos-und-tv-streaming\/#primaryimage","url":"https:\/\/www.organisator.ch\/wp-content\/uploads\/2023\/03\/Quickline-waechst-bei-Mobile-Abos-und-TV-Streaming_Organisator.jpg","contentUrl":"https:\/\/www.organisator.ch\/wp-content\/uploads\/2023\/03\/Quickline-waechst-bei-Mobile-Abos-und-TV-Streaming_Organisator.jpg","width":680,"height":442,"caption":"Das Telekommunikationsunternehmen Quickline verzeichnete im Jahr 2022 Zuw\u00e4chse in verschiedenen Bereichen. (Bild: zVg \/ Quickline)"},{"@type":"BreadcrumbList","@id":"https:\/\/www.organisator.ch\/allgemein\/2023-03-30\/quickline-waechst-bei-mobile-abos-und-tv-streaming\/#breadcrumb","itemListElement":[{"@type":"ListItem","position":1,"name":"Home","item":"https:\/\/www.organisator.ch\/"},{"@type":"ListItem","position":2,"name":"Quickline w\u00e4chst bei Mobile-Abos und TV-Streaming"}]},{"@type":"WebSite","@id":"https:\/\/www.organisator.ch\/#website","url":"https:\/\/www.organisator.ch\/","name":"Organisateur","description":"Comp\u00e9tence et comp\u00e9tence. Proches de la pratique. L'ORGANISATEUR pr\u00e9pare 10 num\u00e9ros par an sur les th\u00e8mes essentiels pour les dirigeants de PME.","publisher":{"@id":"https:\/\/www.organisator.ch\/#organization"},"potentialAction":[{"@type":"SearchAction","target":{"@type":"EntryPoint","urlTemplate":"https:\/\/www.organisator.ch\/?s={search_term_string}"},"query-input":{"@type":"PropertyValueSpecification","valueRequired":true,"valueName":"search_term_string"}}],"inLanguage":"fr-FR"},{"@type":"Organization","@id":"https:\/\/www.organisator.ch\/#organization","name":"Organisateur","url":"https:\/\/www.organisator.ch\/","logo":{"@type":"ImageObject","inLanguage":"fr-FR","@id":"https:\/\/www.organisator.ch\/#\/schema\/logo\/image\/","url":"https:\/\/www.organisator.ch\/wp-content\/uploads\/2022\/01\/Logo_Organisator_Website.png","contentUrl":"https:\/\/www.organisator.ch\/wp-content\/uploads\/2022\/01\/Logo_Organisator_Website.png","width":800,"height":77,"caption":"Organisator"},"image":{"@id":"https:\/\/www.organisator.ch\/#\/schema\/logo\/image\/"},"sameAs":["https:\/\/www.facebook.com\/OrganisatorFachmagazin","https:\/\/www.linkedin.com\/showcase\/organisator-das-magazin-fr-kmu","https:\/\/www.xing.com\/news\/pages\/organisator-ch-695","https:\/\/www.youtube.com\/channel\/UCGP2Sq0iWaZwT3BdIAQFYpw"]},{"@type":"Person","@id":"https:\/\/www.organisator.ch\/#\/schema\/person\/6f650f90b2842cd4c0cc334b4e36f67e","name":"thomas.berner","image":{"@type":"ImageObject","inLanguage":"fr-FR","@id":"https:\/\/secure.gravatar.com\/avatar\/ac5001d2a36cb6c6cd3e50789007ffca834b477b74a2144564522e944eabff61?s=96&d=mm&r=g","url":"https:\/\/secure.gravatar.com\/avatar\/ac5001d2a36cb6c6cd3e50789007ffca834b477b74a2144564522e944eabff61?s=96&d=mm&r=g","contentUrl":"https:\/\/secure.gravatar.com\/avatar\/ac5001d2a36cb6c6cd3e50789007ffca834b477b74a2144564522e944eabff61?s=96&d=mm&r=g","caption":"thomas.berner"},"url":"https:\/\/www.organisator.ch\/fr\/author\/thomas-berner\/"}]}},"_links":{"self":[{"href":"https:\/\/www.organisator.ch\/fr\/wp-json\/wp\/v2\/posts\/19484","targetHints":{"allow":["GET"]}}],"collection":[{"href":"https:\/\/www.organisator.ch\/fr\/wp-json\/wp\/v2\/posts"}],"about":[{"href":"https:\/\/www.organisator.ch\/fr\/wp-json\/wp\/v2\/types\/post"}],"author":[{"embeddable":true,"href":"https:\/\/www.organisator.ch\/fr\/wp-json\/wp\/v2\/users\/4"}],"replies":[{"embeddable":true,"href":"https:\/\/www.organisator.ch\/fr\/wp-json\/wp\/v2\/comments?post=19484"}],"version-history":[{"count":1,"href":"https:\/\/www.organisator.ch\/fr\/wp-json\/wp\/v2\/posts\/19484\/revisions"}],"predecessor-version":[{"id":19486,"href":"https:\/\/www.organisator.ch\/fr\/wp-json\/wp\/v2\/posts\/19484\/revisions\/19486"}],"wp:featuredmedia":[{"embeddable":true,"href":"https:\/\/www.organisator.ch\/fr\/wp-json\/wp\/v2\/media\/19485"}],"wp:attachment":[{"href":"https:\/\/www.organisator.ch\/fr\/wp-json\/wp\/v2\/media?parent=19484"}],"wp:term":[{"taxonomy":"category","embeddable":true,"href":"https:\/\/www.organisator.ch\/fr\/wp-json\/wp\/v2\/categories?post=19484"},{"taxonomy":"post_tag","embeddable":true,"href":"https:\/\/www.organisator.ch\/fr\/wp-json\/wp\/v2\/tags?post=19484"}],"curies":[{"name":"wp","href":"https:\/\/api.w.org\/{rel}","templated":true}]}}