{"id":19500,"date":"2023-03-31T14:55:53","date_gmt":"2023-03-31T12:55:53","guid":{"rendered":"https:\/\/www.organisator.ch\/?p=19500"},"modified":"2023-03-31T14:55:53","modified_gmt":"2023-03-31T12:55:53","slug":"wi-award-2023-fuer-beste-abschlussarbeiten-in-wirtschaftsingenieurwesen","status":"publish","type":"post","link":"https:\/\/www.organisator.ch\/fr\/weiterbildung\/2023-03-31\/wi-award-2023-fuer-beste-abschlussarbeiten-in-wirtschaftsingenieurwesen\/","title":{"rendered":"WI-Award 2023 pour les meilleurs travaux de fin d'\u00e9tudes en g\u00e9nie industriel"},"content":{"rendered":"<figure id=\"attachment_19501\" aria-describedby=\"caption-attachment-19501\" style=\"width: 680px\" class=\"wp-caption alignnone\"><img loading=\"lazy\" decoding=\"async\" class=\"size-full wp-image-19501\" src=\"https:\/\/www.organisator.ch\/wp-content\/uploads\/2023\/03\/WI-Award-2023-fuer-beste-Abschlussarbeiten-in-Wirtschaftsingenieurwesen_Organisator.jpg\" alt=\"\" width=\"680\" height=\"383\" srcset=\"https:\/\/www.organisator.ch\/wp-content\/uploads\/2023\/03\/WI-Award-2023-fuer-beste-Abschlussarbeiten-in-Wirtschaftsingenieurwesen_Organisator.jpg 680w, https:\/\/www.organisator.ch\/wp-content\/uploads\/2023\/03\/WI-Award-2023-fuer-beste-Abschlussarbeiten-in-Wirtschaftsingenieurwesen_Organisator-18x10.jpg 18w, https:\/\/www.organisator.ch\/wp-content\/uploads\/2023\/03\/WI-Award-2023-fuer-beste-Abschlussarbeiten-in-Wirtschaftsingenieurwesen_Organisator-375x211.jpg 375w, https:\/\/www.organisator.ch\/wp-content\/uploads\/2023\/03\/WI-Award-2023-fuer-beste-Abschlussarbeiten-in-Wirtschaftsingenieurwesen_Organisator-621x350.jpg 621w\" sizes=\"auto, (max-width: 680px) 100vw, 680px\" \/><figcaption id=\"caption-attachment-19501\" class=\"wp-caption-text\">Les finalistes pour le WI-Award 2023 : (de gauche \u00e0 droite) Fabiano Ulmke (ZHAW), Tobias Frech (ZHAW), Enrico Pfyffer (HSLU), Roger Waltensp\u00fcl (HSLU), Armando Demarmels (HSLU), Sandro Gafner (BFH), Alexander Zingrich (FHNW), Roger Rinderer (OST) (Photo : zVg \/ Haute \u00e9cole sp\u00e9cialis\u00e9e bernoise)<\/figcaption><\/figure>\n<p>O\u00f9 va la transformation num\u00e9rique ? O\u00f9 en sommes-nous aujourd'hui ? Quelles sont les id\u00e9es fausses r\u00e9pandues sur ce que la transformation num\u00e9rique doit pouvoir faire ? Bastian Widenmayer a abord\u00e9 ces questions et d'autres dans sa conf\u00e9rence \"Transformation num\u00e9rique - Quo vadis ? Sa keynote a constitu\u00e9 le pr\u00e9lude th\u00e9matique de la soir\u00e9e. \"La transformation num\u00e9rique est un processus qui dure depuis quelques ann\u00e9es d\u00e9j\u00e0. Au lieu de vouloir g\u00e9rer la transformation num\u00e9rique et de la simplifier, nous devrions plut\u00f4t apprendre \u00e0 supporter sa complexit\u00e9 et \u00e0 r\u00e9fl\u00e9chir \u00e0 la num\u00e9risation - par exemple dans notre propre entreprise - et \u00e0 nous demander si ce que nous faisons est vraiment la bonne chose \u00e0 faire\", explique Widenmayer. Le professeur Stefan Gr\u00f6sser, responsable de l'ing\u00e9nierie \u00e9conomique \u00e0 la Haute \u00e9cole sp\u00e9cialis\u00e9e bernoise, ajoute : \"Les instruments, m\u00e9thodes et processus qui permettent la num\u00e9risation sont indispensables, mais ne sont pas la seule cl\u00e9 du succ\u00e8s. Il est bien plus important de former des personnes capables de les utiliser correctement et, en tant que moteurs du changement, de rendre leurs connaissances efficaces dans les entreprises\". Les ing\u00e9nieurs en \u00e9conomie* apportent pr\u00e9cis\u00e9ment ces comp\u00e9tences pour analyser, interpr\u00e9ter et optimiser les aspects techniques et \u00e9conomiques des processus d'entreprise, des mod\u00e8les commerciaux et des cha\u00eenes d'approvisionnement de mani\u00e8re interdisciplinaire.<\/p>\n<h3>De l'outil Persona bas\u00e9 sur les donn\u00e9es au r\u00e9seau Urban Air Mobility \u00e0 la demande<\/h3>\n<p>Cette ann\u00e9e, le WI-Award a r\u00e9compens\u00e9 les meilleurs travaux dans les cat\u00e9gories Bachelor et Master de formation continue (MAS). \"Nous sommes fiers de pouvoir apporter notre contribution \u00e0 la visibilit\u00e9 de la profession gr\u00e2ce \u00e0 notre r\u00e9seau d'\u00e9coles partenaires dans toute la Suisse. Les travaux pr\u00e9sent\u00e9s t\u00e9moignent de la diversit\u00e9 des domaines d'application et d'activit\u00e9 : De la production au marketing, les ing\u00e9nieurs de gestion* peuvent occuper une position cl\u00e9 gr\u00e2ce \u00e0 leur travail\", explique Daniel B\u00fcchel, pr\u00e9sident adjoint de l'Association suisse des ing\u00e9nieurs de gestion. Les questions trait\u00e9es dans les travaux de dipl\u00f4me montrent \u00e0 quel point le travail des ing\u00e9nieurs* industriels est vaste, interdisciplinaire et pertinent pour relever les d\u00e9fis actuels de l'\u00e9conomie et de la soci\u00e9t\u00e9 : les travaux de fin d'\u00e9tudes nomin\u00e9s traitent de sujets allant de la cr\u00e9ation de personas pour les entreprises \u00e0 l'aide de donn\u00e9es issues de Google Analytics au traitement des aspects strat\u00e9giques et op\u00e9rationnels pour l'introduction d'un r\u00e9seau de mobilit\u00e9 a\u00e9rienne urbaine \"\u00e0 la demande\" dans la r\u00e9gion de Zurich. Le jury a \u00e9valu\u00e9 les travaux soumis selon des crit\u00e8res de rentabilit\u00e9, de traitement du sujet, de durabilit\u00e9 et de lien avec la pratique r\u00e9elle ou la faisabilit\u00e9. Le travail de bachelor \"Datengest\u00fctzte Prozess- und Kostenoptimierung f\u00fcr Kommissionierung und Versand\" d'Alexander Zingrich (Fachhochschule Nordwestschweiz FHNW) et le travail de master \"Development of an on-demand Urban Air Mobility network in the greater Zurich Area\" (\"D\u00e9veloppement d'un r\u00e9seau de mobilit\u00e9 a\u00e9rienne urbaine \u00e0 la demande dans la grande r\u00e9gion de Zurich\") de Fabiano Ulmke (Haute \u00e9cole zurichoise de sciences appliqu\u00e9es ZHAW) ont finalement convaincu.Le prix du public pour la meilleure pr\u00e9sentation a \u00e9t\u00e9 remport\u00e9 par Sandro Gafner (HESB) pour son travail de bachelor \"Google Analytics as Basis for Creation of Personas\".<\/p>\n<h3>Le WI-Award est attribu\u00e9 par rotation<\/h3>\n<p>Selon le principe de rotation, le WI-Award 2024 sera accueilli dans une autre universit\u00e9 du r\u00e9seau des \u00e9coles partenaires.<br \/>\n\u00c9coles partenaires : Berner Fachhochschule, Fachhochschule Nordwestschweiz FHNW, Ostschweizer Fachhochschule OST, Hochschule Luzern HSLU, Fernfachhochschule Schweiz FFHS et Z\u00fcrcher Hochschule f\u00fcr angewandte Wissenschaften ZHAW.<\/p>\n<p>Les ing\u00e9nieurs commerciaux* con\u00e7oivent des produits, num\u00e9risent des cha\u00eenes d'approvisionnement, optimisent des processus logistiques et des installations de production. Ils s'occupent des questions techniques et \u00e9conomiques du monde num\u00e9rique et font le lien entre l'\u00e9conomie, l'informatique et la technique. Dans un monde num\u00e9rique o\u00f9 la durabilit\u00e9 est devenue incontournable, ils poss\u00e8dent les meilleurs atouts pour occuper une position cl\u00e9 dans une entreprise en r\u00e9seau, tourn\u00e9e vers l'avenir et la comp\u00e9titivit\u00e9.<\/p>\n<p><em>Source : <a href=\"http:\/\/www.bfh.ch\/ti\">Haute \u00e9cole sp\u00e9cialis\u00e9e bernoise<\/a><\/em><\/p>","protected":false},"excerpt":{"rendered":"<p>Wohin geht es mir der digitalen Transformation? Wo stehen wir heute? Was sind verbreitete Fehlvorstellungen, was digitale Transformation k\u00f6nnen muss? Diesen und weiteren Fragen ging Prof. Dr. Bastian Widenmayer in seinem Keynote \u00abDigitale Transformation \u2013 Quo vadis?\u00bb auf den Grund. Sein Keynote bildete den thematischen Auftakt zum Abend. \u00abDie digitale Transformation ist ein bereits seit [&hellip;]<\/p>\n","protected":false},"author":4,"featured_media":19501,"comment_status":"closed","ping_status":"closed","sticky":false,"template":"","format":"standard","meta":{"_acf_changed":false,"_yoast_wpseo_focuskw":"WI-Award","_yoast_wpseo_metadesc":"Bereits zum vierzehnten Mal wurden die schweizweit besten Diplomarbeiten in Wirtschaftsingenieurwesen mit dem WI-Award ausgezeichnet.","articlekey":"","footnotes":""},"categories":[30],"tags":[62,66,192,3708],"class_list":["post-19500","post","type-post","status-publish","format-standard","has-post-thumbnail","hentry","category-weiterbildung","tag-aus-weiterbildung","tag-awards","tag-fachhochschulen","tag-wirtschaftsingenieure"],"acf":[],"yoast_head":"<!-- This site is optimized with the Yoast SEO plugin v27.4 - https:\/\/yoast.com\/product\/yoast-seo-wordpress\/ -->\n<title>WI-Award 2023 f\u00fcr beste Abschlussarbeiten in Wirtschaftsingenieurwesen - Organisator<\/title>\n<meta name=\"description\" content=\"Bereits zum vierzehnten Mal wurden die schweizweit besten Diplomarbeiten in Wirtschaftsingenieurwesen mit dem WI-Award ausgezeichnet.\" \/>\n<meta name=\"robots\" content=\"index, follow, max-snippet:-1, max-image-preview:large, max-video-preview:-1\" \/>\n<link rel=\"canonical\" href=\"https:\/\/www.organisator.ch\/fr\/formation-continue-2\/2023-03-31\/wi-award-2023-fuer-beste-abschlussarbeiten-in-wirtschaftsingenieurwesen\/\" \/>\n<meta property=\"og:locale\" content=\"fr_FR\" \/>\n<meta property=\"og:type\" content=\"article\" \/>\n<meta property=\"og:title\" content=\"WI-Award 2023 f\u00fcr beste Abschlussarbeiten in Wirtschaftsingenieurwesen\" \/>\n<meta property=\"og:description\" content=\"Bereits zum vierzehnten Mal wurden die schweizweit besten Diplomarbeiten in Wirtschaftsingenieurwesen mit dem WI-Award ausgezeichnet.\" \/>\n<meta property=\"og:url\" content=\"https:\/\/www.organisator.ch\/fr\/formation-continue-2\/2023-03-31\/wi-award-2023-fuer-beste-abschlussarbeiten-in-wirtschaftsingenieurwesen\/\" \/>\n<meta property=\"og:site_name\" content=\"Organisator\" \/>\n<meta property=\"article:publisher\" content=\"https:\/\/www.facebook.com\/OrganisatorFachmagazin\" \/>\n<meta property=\"article:published_time\" content=\"2023-03-31T12:55:53+00:00\" \/>\n<meta property=\"og:image\" content=\"https:\/\/www.organisator.ch\/wp-content\/uploads\/2023\/03\/WI-Award-2023-fuer-beste-Abschlussarbeiten-in-Wirtschaftsingenieurwesen_Organisator.jpg\" \/>\n\t<meta property=\"og:image:width\" content=\"680\" \/>\n\t<meta property=\"og:image:height\" content=\"383\" \/>\n\t<meta property=\"og:image:type\" content=\"image\/jpeg\" \/>\n<meta name=\"author\" content=\"thomas.berner\" \/>\n<meta name=\"twitter:card\" content=\"summary_large_image\" \/>\n<meta name=\"twitter:title\" content=\"#WI-Award 2023 f\u00fcr beste #Abschlussarbeiten in #Wirtschaftsingenieurwesen\" \/>\n<meta name=\"twitter:description\" content=\"Bereits zum vierzehnten Mal wurden die schweizweit besten #Diplomarbeiten in #Wirtschaftsingenieurwesen mit dem #WI-Award ausgezeichnet.\" \/>\n<meta name=\"twitter:image\" content=\"https:\/\/www.organisator.ch\/wp-content\/uploads\/2023\/03\/WI-Award-2023-fuer-beste-Abschlussarbeiten-in-Wirtschaftsingenieurwesen_Organisator.jpg\" \/>\n<script type=\"application\/ld+json\" class=\"yoast-schema-graph\">{\"@context\":\"https:\\\/\\\/schema.org\",\"@graph\":[{\"@type\":\"Article\",\"@id\":\"https:\\\/\\\/www.organisator.ch\\\/weiterbildung\\\/2023-03-31\\\/wi-award-2023-fuer-beste-abschlussarbeiten-in-wirtschaftsingenieurwesen\\\/#article\",\"isPartOf\":{\"@id\":\"https:\\\/\\\/www.organisator.ch\\\/weiterbildung\\\/2023-03-31\\\/wi-award-2023-fuer-beste-abschlussarbeiten-in-wirtschaftsingenieurwesen\\\/\"},\"author\":{\"name\":\"thomas.berner\",\"@id\":\"https:\\\/\\\/www.organisator.ch\\\/#\\\/schema\\\/person\\\/6f650f90b2842cd4c0cc334b4e36f67e\"},\"headline\":\"WI-Award 2023 f\u00fcr beste Abschlussarbeiten in Wirtschaftsingenieurwesen\",\"datePublished\":\"2023-03-31T12:55:53+00:00\",\"mainEntityOfPage\":{\"@id\":\"https:\\\/\\\/www.organisator.ch\\\/weiterbildung\\\/2023-03-31\\\/wi-award-2023-fuer-beste-abschlussarbeiten-in-wirtschaftsingenieurwesen\\\/\"},\"wordCount\":620,\"publisher\":{\"@id\":\"https:\\\/\\\/www.organisator.ch\\\/#organization\"},\"image\":{\"@id\":\"https:\\\/\\\/www.organisator.ch\\\/weiterbildung\\\/2023-03-31\\\/wi-award-2023-fuer-beste-abschlussarbeiten-in-wirtschaftsingenieurwesen\\\/#primaryimage\"},\"thumbnailUrl\":\"https:\\\/\\\/www.organisator.ch\\\/wp-content\\\/uploads\\\/2023\\\/03\\\/WI-Award-2023-fuer-beste-Abschlussarbeiten-in-Wirtschaftsingenieurwesen_Organisator.jpg\",\"keywords\":[\"Aus-\\\/Weiterbildung\",\"Awards\",\"Fachhochschulen\",\"Wirtschaftsingenieure\"],\"articleSection\":[\"WEITERBILDUNG\"],\"inLanguage\":\"fr-FR\"},{\"@type\":\"WebPage\",\"@id\":\"https:\\\/\\\/www.organisator.ch\\\/weiterbildung\\\/2023-03-31\\\/wi-award-2023-fuer-beste-abschlussarbeiten-in-wirtschaftsingenieurwesen\\\/\",\"url\":\"https:\\\/\\\/www.organisator.ch\\\/weiterbildung\\\/2023-03-31\\\/wi-award-2023-fuer-beste-abschlussarbeiten-in-wirtschaftsingenieurwesen\\\/\",\"name\":\"WI-Award 2023 f\u00fcr beste Abschlussarbeiten in Wirtschaftsingenieurwesen - Organisator\",\"isPartOf\":{\"@id\":\"https:\\\/\\\/www.organisator.ch\\\/#website\"},\"primaryImageOfPage\":{\"@id\":\"https:\\\/\\\/www.organisator.ch\\\/weiterbildung\\\/2023-03-31\\\/wi-award-2023-fuer-beste-abschlussarbeiten-in-wirtschaftsingenieurwesen\\\/#primaryimage\"},\"image\":{\"@id\":\"https:\\\/\\\/www.organisator.ch\\\/weiterbildung\\\/2023-03-31\\\/wi-award-2023-fuer-beste-abschlussarbeiten-in-wirtschaftsingenieurwesen\\\/#primaryimage\"},\"thumbnailUrl\":\"https:\\\/\\\/www.organisator.ch\\\/wp-content\\\/uploads\\\/2023\\\/03\\\/WI-Award-2023-fuer-beste-Abschlussarbeiten-in-Wirtschaftsingenieurwesen_Organisator.jpg\",\"datePublished\":\"2023-03-31T12:55:53+00:00\",\"description\":\"Bereits zum vierzehnten Mal wurden die schweizweit besten Diplomarbeiten in Wirtschaftsingenieurwesen mit dem WI-Award ausgezeichnet.\",\"breadcrumb\":{\"@id\":\"https:\\\/\\\/www.organisator.ch\\\/weiterbildung\\\/2023-03-31\\\/wi-award-2023-fuer-beste-abschlussarbeiten-in-wirtschaftsingenieurwesen\\\/#breadcrumb\"},\"inLanguage\":\"fr-FR\",\"potentialAction\":[{\"@type\":\"ReadAction\",\"target\":[\"https:\\\/\\\/www.organisator.ch\\\/weiterbildung\\\/2023-03-31\\\/wi-award-2023-fuer-beste-abschlussarbeiten-in-wirtschaftsingenieurwesen\\\/\"]}]},{\"@type\":\"ImageObject\",\"inLanguage\":\"fr-FR\",\"@id\":\"https:\\\/\\\/www.organisator.ch\\\/weiterbildung\\\/2023-03-31\\\/wi-award-2023-fuer-beste-abschlussarbeiten-in-wirtschaftsingenieurwesen\\\/#primaryimage\",\"url\":\"https:\\\/\\\/www.organisator.ch\\\/wp-content\\\/uploads\\\/2023\\\/03\\\/WI-Award-2023-fuer-beste-Abschlussarbeiten-in-Wirtschaftsingenieurwesen_Organisator.jpg\",\"contentUrl\":\"https:\\\/\\\/www.organisator.ch\\\/wp-content\\\/uploads\\\/2023\\\/03\\\/WI-Award-2023-fuer-beste-Abschlussarbeiten-in-Wirtschaftsingenieurwesen_Organisator.jpg\",\"width\":680,\"height\":383,\"caption\":\"Die Finalisten f\u00fcr den WI-Award 2023: Finalisten v.l.n.r. Fabiano Ulmke (ZHAW), Tobias Frech (ZHAW), Enrico Pfyffer (HSLU), Roger Waltensp\u00fcl (HSLU), Armando Demarmels (HSLU), Sandro Gafner (BFH), Alexander Zingrich (FHNW), Roger Rinderer (OST) (Bild: zVg \\\/ Berner Fachhochschule)\"},{\"@type\":\"BreadcrumbList\",\"@id\":\"https:\\\/\\\/www.organisator.ch\\\/weiterbildung\\\/2023-03-31\\\/wi-award-2023-fuer-beste-abschlussarbeiten-in-wirtschaftsingenieurwesen\\\/#breadcrumb\",\"itemListElement\":[{\"@type\":\"ListItem\",\"position\":1,\"name\":\"Home\",\"item\":\"https:\\\/\\\/www.organisator.ch\\\/\"},{\"@type\":\"ListItem\",\"position\":2,\"name\":\"WI-Award 2023 f\u00fcr beste Abschlussarbeiten in Wirtschaftsingenieurwesen\"}]},{\"@type\":\"WebSite\",\"@id\":\"https:\\\/\\\/www.organisator.ch\\\/#website\",\"url\":\"https:\\\/\\\/www.organisator.ch\\\/\",\"name\":\"Organisator\",\"description\":\"Kompetent. Praxisnah. Der ORGANISATOR bereitet in 10 Ausgaben pro Jahr die wesentlichen Themen f\u00fcr F\u00fchrungskr\u00e4fte von KMU auf.\",\"publisher\":{\"@id\":\"https:\\\/\\\/www.organisator.ch\\\/#organization\"},\"potentialAction\":[{\"@type\":\"SearchAction\",\"target\":{\"@type\":\"EntryPoint\",\"urlTemplate\":\"https:\\\/\\\/www.organisator.ch\\\/?s={search_term_string}\"},\"query-input\":{\"@type\":\"PropertyValueSpecification\",\"valueRequired\":true,\"valueName\":\"search_term_string\"}}],\"inLanguage\":\"fr-FR\"},{\"@type\":\"Organization\",\"@id\":\"https:\\\/\\\/www.organisator.ch\\\/#organization\",\"name\":\"Organisator\",\"url\":\"https:\\\/\\\/www.organisator.ch\\\/\",\"logo\":{\"@type\":\"ImageObject\",\"inLanguage\":\"fr-FR\",\"@id\":\"https:\\\/\\\/www.organisator.ch\\\/#\\\/schema\\\/logo\\\/image\\\/\",\"url\":\"https:\\\/\\\/www.organisator.ch\\\/wp-content\\\/uploads\\\/2022\\\/01\\\/Logo_Organisator_Website.png\",\"contentUrl\":\"https:\\\/\\\/www.organisator.ch\\\/wp-content\\\/uploads\\\/2022\\\/01\\\/Logo_Organisator_Website.png\",\"width\":800,\"height\":77,\"caption\":\"Organisator\"},\"image\":{\"@id\":\"https:\\\/\\\/www.organisator.ch\\\/#\\\/schema\\\/logo\\\/image\\\/\"},\"sameAs\":[\"https:\\\/\\\/www.facebook.com\\\/OrganisatorFachmagazin\",\"https:\\\/\\\/www.linkedin.com\\\/showcase\\\/organisator-das-magazin-fr-kmu\",\"https:\\\/\\\/www.xing.com\\\/news\\\/pages\\\/organisator-ch-695\",\"https:\\\/\\\/www.youtube.com\\\/channel\\\/UCGP2Sq0iWaZwT3BdIAQFYpw\"]},{\"@type\":\"Person\",\"@id\":\"https:\\\/\\\/www.organisator.ch\\\/#\\\/schema\\\/person\\\/6f650f90b2842cd4c0cc334b4e36f67e\",\"name\":\"thomas.berner\",\"image\":{\"@type\":\"ImageObject\",\"inLanguage\":\"fr-FR\",\"@id\":\"https:\\\/\\\/secure.gravatar.com\\\/avatar\\\/ac5001d2a36cb6c6cd3e50789007ffca834b477b74a2144564522e944eabff61?s=96&d=mm&r=g\",\"url\":\"https:\\\/\\\/secure.gravatar.com\\\/avatar\\\/ac5001d2a36cb6c6cd3e50789007ffca834b477b74a2144564522e944eabff61?s=96&d=mm&r=g\",\"contentUrl\":\"https:\\\/\\\/secure.gravatar.com\\\/avatar\\\/ac5001d2a36cb6c6cd3e50789007ffca834b477b74a2144564522e944eabff61?s=96&d=mm&r=g\",\"caption\":\"thomas.berner\"},\"url\":\"https:\\\/\\\/www.organisator.ch\\\/fr\\\/author\\\/thomas-berner\\\/\"}]}<\/script>\n<!-- \/ Yoast SEO plugin. -->","yoast_head_json":{"title":"WI-Award 2023 pour les meilleurs travaux de fin d'\u00e9tudes en g\u00e9nie industriel - Organisateur","description":"Pour la quatorzi\u00e8me fois d\u00e9j\u00e0, les meilleurs travaux de dipl\u00f4me en g\u00e9nie industriel de toute la Suisse ont \u00e9t\u00e9 r\u00e9compens\u00e9s par le WI-Award.","robots":{"index":"index","follow":"follow","max-snippet":"max-snippet:-1","max-image-preview":"max-image-preview:large","max-video-preview":"max-video-preview:-1"},"canonical":"https:\/\/www.organisator.ch\/fr\/formation-continue-2\/2023-03-31\/wi-award-2023-fuer-beste-abschlussarbeiten-in-wirtschaftsingenieurwesen\/","og_locale":"fr_FR","og_type":"article","og_title":"WI-Award 2023 f\u00fcr beste Abschlussarbeiten in Wirtschaftsingenieurwesen","og_description":"Bereits zum vierzehnten Mal wurden die schweizweit besten Diplomarbeiten in Wirtschaftsingenieurwesen mit dem WI-Award ausgezeichnet.","og_url":"https:\/\/www.organisator.ch\/fr\/formation-continue-2\/2023-03-31\/wi-award-2023-fuer-beste-abschlussarbeiten-in-wirtschaftsingenieurwesen\/","og_site_name":"Organisator","article_publisher":"https:\/\/www.facebook.com\/OrganisatorFachmagazin","article_published_time":"2023-03-31T12:55:53+00:00","og_image":[{"width":680,"height":383,"url":"https:\/\/www.organisator.ch\/wp-content\/uploads\/2023\/03\/WI-Award-2023-fuer-beste-Abschlussarbeiten-in-Wirtschaftsingenieurwesen_Organisator.jpg","type":"image\/jpeg"}],"author":"thomas.berner","twitter_card":"summary_large_image","twitter_title":"#WI-Award 2023 f\u00fcr beste #Abschlussarbeiten in #Wirtschaftsingenieurwesen","twitter_description":"Bereits zum vierzehnten Mal wurden die schweizweit besten #Diplomarbeiten in #Wirtschaftsingenieurwesen mit dem #WI-Award ausgezeichnet.","twitter_image":"https:\/\/www.organisator.ch\/wp-content\/uploads\/2023\/03\/WI-Award-2023-fuer-beste-Abschlussarbeiten-in-Wirtschaftsingenieurwesen_Organisator.jpg","schema":{"@context":"https:\/\/schema.org","@graph":[{"@type":"Article","@id":"https:\/\/www.organisator.ch\/weiterbildung\/2023-03-31\/wi-award-2023-fuer-beste-abschlussarbeiten-in-wirtschaftsingenieurwesen\/#article","isPartOf":{"@id":"https:\/\/www.organisator.ch\/weiterbildung\/2023-03-31\/wi-award-2023-fuer-beste-abschlussarbeiten-in-wirtschaftsingenieurwesen\/"},"author":{"name":"thomas.berner","@id":"https:\/\/www.organisator.ch\/#\/schema\/person\/6f650f90b2842cd4c0cc334b4e36f67e"},"headline":"WI-Award 2023 f\u00fcr beste Abschlussarbeiten in Wirtschaftsingenieurwesen","datePublished":"2023-03-31T12:55:53+00:00","mainEntityOfPage":{"@id":"https:\/\/www.organisator.ch\/weiterbildung\/2023-03-31\/wi-award-2023-fuer-beste-abschlussarbeiten-in-wirtschaftsingenieurwesen\/"},"wordCount":620,"publisher":{"@id":"https:\/\/www.organisator.ch\/#organization"},"image":{"@id":"https:\/\/www.organisator.ch\/weiterbildung\/2023-03-31\/wi-award-2023-fuer-beste-abschlussarbeiten-in-wirtschaftsingenieurwesen\/#primaryimage"},"thumbnailUrl":"https:\/\/www.organisator.ch\/wp-content\/uploads\/2023\/03\/WI-Award-2023-fuer-beste-Abschlussarbeiten-in-Wirtschaftsingenieurwesen_Organisator.jpg","keywords":["Aus-\/Weiterbildung","Awards","Fachhochschulen","Wirtschaftsingenieure"],"articleSection":["WEITERBILDUNG"],"inLanguage":"fr-FR"},{"@type":"WebPage","@id":"https:\/\/www.organisator.ch\/weiterbildung\/2023-03-31\/wi-award-2023-fuer-beste-abschlussarbeiten-in-wirtschaftsingenieurwesen\/","url":"https:\/\/www.organisator.ch\/weiterbildung\/2023-03-31\/wi-award-2023-fuer-beste-abschlussarbeiten-in-wirtschaftsingenieurwesen\/","name":"WI-Award 2023 pour les meilleurs travaux de fin d'\u00e9tudes en g\u00e9nie industriel - Organisateur","isPartOf":{"@id":"https:\/\/www.organisator.ch\/#website"},"primaryImageOfPage":{"@id":"https:\/\/www.organisator.ch\/weiterbildung\/2023-03-31\/wi-award-2023-fuer-beste-abschlussarbeiten-in-wirtschaftsingenieurwesen\/#primaryimage"},"image":{"@id":"https:\/\/www.organisator.ch\/weiterbildung\/2023-03-31\/wi-award-2023-fuer-beste-abschlussarbeiten-in-wirtschaftsingenieurwesen\/#primaryimage"},"thumbnailUrl":"https:\/\/www.organisator.ch\/wp-content\/uploads\/2023\/03\/WI-Award-2023-fuer-beste-Abschlussarbeiten-in-Wirtschaftsingenieurwesen_Organisator.jpg","datePublished":"2023-03-31T12:55:53+00:00","description":"Pour la quatorzi\u00e8me fois d\u00e9j\u00e0, les meilleurs travaux de dipl\u00f4me en g\u00e9nie industriel de toute la Suisse ont \u00e9t\u00e9 r\u00e9compens\u00e9s par le WI-Award.","breadcrumb":{"@id":"https:\/\/www.organisator.ch\/weiterbildung\/2023-03-31\/wi-award-2023-fuer-beste-abschlussarbeiten-in-wirtschaftsingenieurwesen\/#breadcrumb"},"inLanguage":"fr-FR","potentialAction":[{"@type":"ReadAction","target":["https:\/\/www.organisator.ch\/weiterbildung\/2023-03-31\/wi-award-2023-fuer-beste-abschlussarbeiten-in-wirtschaftsingenieurwesen\/"]}]},{"@type":"ImageObject","inLanguage":"fr-FR","@id":"https:\/\/www.organisator.ch\/weiterbildung\/2023-03-31\/wi-award-2023-fuer-beste-abschlussarbeiten-in-wirtschaftsingenieurwesen\/#primaryimage","url":"https:\/\/www.organisator.ch\/wp-content\/uploads\/2023\/03\/WI-Award-2023-fuer-beste-Abschlussarbeiten-in-Wirtschaftsingenieurwesen_Organisator.jpg","contentUrl":"https:\/\/www.organisator.ch\/wp-content\/uploads\/2023\/03\/WI-Award-2023-fuer-beste-Abschlussarbeiten-in-Wirtschaftsingenieurwesen_Organisator.jpg","width":680,"height":383,"caption":"Die Finalisten f\u00fcr den WI-Award 2023: Finalisten v.l.n.r. Fabiano Ulmke (ZHAW), Tobias Frech (ZHAW), Enrico Pfyffer (HSLU), Roger Waltensp\u00fcl (HSLU), Armando Demarmels (HSLU), Sandro Gafner (BFH), Alexander Zingrich (FHNW), Roger Rinderer (OST) (Bild: zVg \/ Berner Fachhochschule)"},{"@type":"BreadcrumbList","@id":"https:\/\/www.organisator.ch\/weiterbildung\/2023-03-31\/wi-award-2023-fuer-beste-abschlussarbeiten-in-wirtschaftsingenieurwesen\/#breadcrumb","itemListElement":[{"@type":"ListItem","position":1,"name":"Home","item":"https:\/\/www.organisator.ch\/"},{"@type":"ListItem","position":2,"name":"WI-Award 2023 f\u00fcr beste Abschlussarbeiten in Wirtschaftsingenieurwesen"}]},{"@type":"WebSite","@id":"https:\/\/www.organisator.ch\/#website","url":"https:\/\/www.organisator.ch\/","name":"Organisateur","description":"Comp\u00e9tence et comp\u00e9tence. Proches de la pratique. L'ORGANISATEUR pr\u00e9pare 10 num\u00e9ros par an sur les th\u00e8mes essentiels pour les dirigeants de PME.","publisher":{"@id":"https:\/\/www.organisator.ch\/#organization"},"potentialAction":[{"@type":"SearchAction","target":{"@type":"EntryPoint","urlTemplate":"https:\/\/www.organisator.ch\/?s={search_term_string}"},"query-input":{"@type":"PropertyValueSpecification","valueRequired":true,"valueName":"search_term_string"}}],"inLanguage":"fr-FR"},{"@type":"Organization","@id":"https:\/\/www.organisator.ch\/#organization","name":"Organisateur","url":"https:\/\/www.organisator.ch\/","logo":{"@type":"ImageObject","inLanguage":"fr-FR","@id":"https:\/\/www.organisator.ch\/#\/schema\/logo\/image\/","url":"https:\/\/www.organisator.ch\/wp-content\/uploads\/2022\/01\/Logo_Organisator_Website.png","contentUrl":"https:\/\/www.organisator.ch\/wp-content\/uploads\/2022\/01\/Logo_Organisator_Website.png","width":800,"height":77,"caption":"Organisator"},"image":{"@id":"https:\/\/www.organisator.ch\/#\/schema\/logo\/image\/"},"sameAs":["https:\/\/www.facebook.com\/OrganisatorFachmagazin","https:\/\/www.linkedin.com\/showcase\/organisator-das-magazin-fr-kmu","https:\/\/www.xing.com\/news\/pages\/organisator-ch-695","https:\/\/www.youtube.com\/channel\/UCGP2Sq0iWaZwT3BdIAQFYpw"]},{"@type":"Person","@id":"https:\/\/www.organisator.ch\/#\/schema\/person\/6f650f90b2842cd4c0cc334b4e36f67e","name":"thomas.berner","image":{"@type":"ImageObject","inLanguage":"fr-FR","@id":"https:\/\/secure.gravatar.com\/avatar\/ac5001d2a36cb6c6cd3e50789007ffca834b477b74a2144564522e944eabff61?s=96&d=mm&r=g","url":"https:\/\/secure.gravatar.com\/avatar\/ac5001d2a36cb6c6cd3e50789007ffca834b477b74a2144564522e944eabff61?s=96&d=mm&r=g","contentUrl":"https:\/\/secure.gravatar.com\/avatar\/ac5001d2a36cb6c6cd3e50789007ffca834b477b74a2144564522e944eabff61?s=96&d=mm&r=g","caption":"thomas.berner"},"url":"https:\/\/www.organisator.ch\/fr\/author\/thomas-berner\/"}]}},"_links":{"self":[{"href":"https:\/\/www.organisator.ch\/fr\/wp-json\/wp\/v2\/posts\/19500","targetHints":{"allow":["GET"]}}],"collection":[{"href":"https:\/\/www.organisator.ch\/fr\/wp-json\/wp\/v2\/posts"}],"about":[{"href":"https:\/\/www.organisator.ch\/fr\/wp-json\/wp\/v2\/types\/post"}],"author":[{"embeddable":true,"href":"https:\/\/www.organisator.ch\/fr\/wp-json\/wp\/v2\/users\/4"}],"replies":[{"embeddable":true,"href":"https:\/\/www.organisator.ch\/fr\/wp-json\/wp\/v2\/comments?post=19500"}],"version-history":[{"count":1,"href":"https:\/\/www.organisator.ch\/fr\/wp-json\/wp\/v2\/posts\/19500\/revisions"}],"predecessor-version":[{"id":19502,"href":"https:\/\/www.organisator.ch\/fr\/wp-json\/wp\/v2\/posts\/19500\/revisions\/19502"}],"wp:featuredmedia":[{"embeddable":true,"href":"https:\/\/www.organisator.ch\/fr\/wp-json\/wp\/v2\/media\/19501"}],"wp:attachment":[{"href":"https:\/\/www.organisator.ch\/fr\/wp-json\/wp\/v2\/media?parent=19500"}],"wp:term":[{"taxonomy":"category","embeddable":true,"href":"https:\/\/www.organisator.ch\/fr\/wp-json\/wp\/v2\/categories?post=19500"},{"taxonomy":"post_tag","embeddable":true,"href":"https:\/\/www.organisator.ch\/fr\/wp-json\/wp\/v2\/tags?post=19500"}],"curies":[{"name":"wp","href":"https:\/\/api.w.org\/{rel}","templated":true}]}}