{"id":19514,"date":"2023-04-03T13:48:55","date_gmt":"2023-04-03T11:48:55","guid":{"rendered":"https:\/\/www.organisator.ch\/?p=19514"},"modified":"2023-04-05T09:29:05","modified_gmt":"2023-04-05T07:29:05","slug":"purpose-wie-viele-schweizer-unternehmen-sind-diesbezueglich-glaubwuerdig","status":"publish","type":"post","link":"https:\/\/www.organisator.ch\/fr\/management\/2023-04-03\/purpose-wie-viele-schweizer-unternehmen-sind-diesbezueglich-glaubwuerdig\/","title":{"rendered":"Purpose : Combien d'entreprises suisses sont cr\u00e9dibles \u00e0 cet \u00e9gard ?"},"content":{"rendered":"<figure id=\"attachment_19515\" aria-describedby=\"caption-attachment-19515\" style=\"width: 680px\" class=\"wp-caption alignnone\"><img loading=\"lazy\" decoding=\"async\" class=\"size-full wp-image-19515\" src=\"https:\/\/www.organisator.ch\/wp-content\/uploads\/2023\/04\/Purpose-Wie-viele-Schweizer-Unternehmen-sind-diesbezueglich-glaubwuerdig_Organisator.jpg\" alt=\"\" width=\"680\" height=\"462\" srcset=\"https:\/\/www.organisator.ch\/wp-content\/uploads\/2023\/04\/Purpose-Wie-viele-Schweizer-Unternehmen-sind-diesbezueglich-glaubwuerdig_Organisator.jpg 680w, https:\/\/www.organisator.ch\/wp-content\/uploads\/2023\/04\/Purpose-Wie-viele-Schweizer-Unternehmen-sind-diesbezueglich-glaubwuerdig_Organisator-18x12.jpg 18w, https:\/\/www.organisator.ch\/wp-content\/uploads\/2023\/04\/Purpose-Wie-viele-Schweizer-Unternehmen-sind-diesbezueglich-glaubwuerdig_Organisator-375x255.jpg 375w, https:\/\/www.organisator.ch\/wp-content\/uploads\/2023\/04\/Purpose-Wie-viele-Schweizer-Unternehmen-sind-diesbezueglich-glaubwuerdig_Organisator-515x350.jpg 515w\" sizes=\"auto, (max-width: 680px) 100vw, 680px\" \/><figcaption id=\"caption-attachment-19515\" class=\"wp-caption-text\">Dans quelle mesure les grandes entreprises suisses communiquent-elles de mani\u00e8re cr\u00e9dible leur objectif d'entreprise socialement pertinent ? Une \u00e9tude a d\u00e9velopp\u00e9 un \"Purpose Readiness Index\" \u00e0 ce sujet. (Image : Unsplash.com)<\/figcaption><\/figure>\n<p>Une \u00e9tude r\u00e9cemment publi\u00e9e montre \u00e0 quel point les entreprises suisses peuvent se positionner de mani\u00e8re cr\u00e9dible. Le \"Purpose Readiness Index\" (PRI) d\u00e9velopp\u00e9 sp\u00e9cialement pour l'\u00e9tude repr\u00e9sentative du cabinet de conseil en management Globeone se compose de 15 attributs d'image pertinents pour le Purpose dans cinq dimensions d'image. Le PRI, \u00e9tabli sur la base des r\u00e9sultats de l'enqu\u00eate, indique donc, sur une \u00e9chelle de un \u00e0 cent et sur quatre niveaux, la cr\u00e9dibilit\u00e9 avec laquelle les entreprises et les institutions peuvent repr\u00e9senter un objectif d'entreprise pertinent pour la soci\u00e9t\u00e9 dans la perception du public. Les entreprises dont la valeur PRI est inf\u00e9rieure \u00e0 50 ne disposent souvent pas de la base appropri\u00e9e pour communiquer leur objectif de mani\u00e8re cr\u00e9dible, tandis que celles dont la valeur est sup\u00e9rieure \u00e0 70 disposent d'une cr\u00e9dibilit\u00e9 \u00e9lev\u00e9e de leur objectif, qui n'est gu\u00e8re masqu\u00e9e par des associations n\u00e9gatives. Dans l'actuel PRI, 60 entreprises suisses de premier plan sont class\u00e9es.<\/p>\n<h3>Pr\u00e8s de deux tiers des marques sont \"Purpose ready\".<\/h3>\n<p>L'\u00e9tude a r\u00e9v\u00e9l\u00e9 que : 64% des marques suisses sont per\u00e7ues par le public comme \u00e9tant au moins partiellement \"Purpose ready\" - elles ne pr\u00e9sentent pas de d\u00e9ficits majeurs dans les dimensions de l'image li\u00e9es au Purpose. Cinq marques (8 %) sont consid\u00e9r\u00e9es comme enti\u00e8rement cr\u00e9dibles et disposent ainsi d'une tr\u00e8s bonne base pour une activation r\u00e9ussie du Purpose. Avec une valeur de 72,3, Victorinox occupe la premi\u00e8re place du Purpose Readiness Index (PRI). Migros, Geberit, Lindt &amp; Spr\u00fcngli et Coop se trouvent \u00e9galement dans le peloton de t\u00eate avec des valeurs PRI de plus de 70. Environ 36% des marques analys\u00e9es sont confront\u00e9es \u00e0 des probl\u00e8mes de cr\u00e9dibilit\u00e9, ce qui les rend plus vuln\u00e9rables aux accusations de greenwashing.<\/p>\n<figure id=\"attachment_19517\" aria-describedby=\"caption-attachment-19517\" style=\"width: 680px\" class=\"wp-caption alignnone\"><img loading=\"lazy\" decoding=\"async\" class=\"size-full wp-image-19517\" src=\"https:\/\/www.organisator.ch\/wp-content\/uploads\/2023\/04\/Purpose-Wie-viele-Schweizer-Unternehmen-sind-diesbezueglich-glaubwuerdig-1_Organisator.jpg\" alt=\"\" width=\"680\" height=\"680\" srcset=\"https:\/\/www.organisator.ch\/wp-content\/uploads\/2023\/04\/Purpose-Wie-viele-Schweizer-Unternehmen-sind-diesbezueglich-glaubwuerdig-1_Organisator.jpg 680w, https:\/\/www.organisator.ch\/wp-content\/uploads\/2023\/04\/Purpose-Wie-viele-Schweizer-Unternehmen-sind-diesbezueglich-glaubwuerdig-1_Organisator-150x150.jpg 150w, https:\/\/www.organisator.ch\/wp-content\/uploads\/2023\/04\/Purpose-Wie-viele-Schweizer-Unternehmen-sind-diesbezueglich-glaubwuerdig-1_Organisator-12x12.jpg 12w, https:\/\/www.organisator.ch\/wp-content\/uploads\/2023\/04\/Purpose-Wie-viele-Schweizer-Unternehmen-sind-diesbezueglich-glaubwuerdig-1_Organisator-300x300.jpg 300w, https:\/\/www.organisator.ch\/wp-content\/uploads\/2023\/04\/Purpose-Wie-viele-Schweizer-Unternehmen-sind-diesbezueglich-glaubwuerdig-1_Organisator-350x350.jpg 350w, https:\/\/www.organisator.ch\/wp-content\/uploads\/2023\/04\/Purpose-Wie-viele-Schweizer-Unternehmen-sind-diesbezueglich-glaubwuerdig-1_Organisator-250x250.jpg 250w\" sizes=\"auto, (max-width: 680px) 100vw, 680px\" \/><figcaption id=\"caption-attachment-19517\" class=\"wp-caption-text\">Classement actuel du Purpose Readiness Index. (Graphique : Globeone)<\/figcaption><\/figure>\n<p>\"Le commerce de d\u00e9tail, les marques technologiques, les entreprises commerciales organis\u00e9es en coop\u00e9ratives ainsi que les marques de consommation traditionnelles se r\u00e9v\u00e8lent particuli\u00e8rement cr\u00e9dibles dans la perception du public en ce qui concerne un positionnement centr\u00e9 sur les objectifs\", explique Carina Hauswald, Managing Partner chez Globeone. \"De nombreux gagnants des PRI profitent certainement aussi fortement de leur proximit\u00e9 quotidienne avec les clients\".<\/p>\n<h3><strong>Les consommateurs portent un regard critique sur les entreprises<\/strong><\/h3>\n<p>En comparaison avec la premi\u00e8re \u00e9tude Purpose Readiness pour la Suisse de 2020, on remarque toutefois que les leaders n'obtiennent plus des valeurs aussi \u00e9lev\u00e9es dans l'indice Purpose Readiness (PRI) : Migros, en deuxi\u00e8me position, a perdu 6,5 points d'indice, Victorinox, vainqueur du PRI, 5,1 points d'indice. La Mobili\u00e8re a perdu 6,2 points d'indice et a gliss\u00e9 de la cinqui\u00e8me \u00e0 la quinzi\u00e8me place. \"Le recul des \u00e9valuations est probablement aussi le signe que les consommateurs suisses sont de plus en plus critiques \u00e0 l'\u00e9gard des promesses faites par les entreprises en mati\u00e8re de purpose - une tendance que l'on constate \u00e9galement de plus en plus dans d'autres pays industrialis\u00e9s\", explique Hauswald. \"M\u00eame pour les marques particuli\u00e8rement cr\u00e9dibles, l'exigence d'am\u00e9liorer constamment leur contribution \u00e0 la soci\u00e9t\u00e9, de la prouver concr\u00e8tement et de la communiquer de mani\u00e8re transparente a augment\u00e9\". M\u00eame les marques qui marquent enti\u00e8rement des points en termes de viabilit\u00e9, de durabilit\u00e9, d'authenticit\u00e9 et de pertinence sociale doivent vivre et faire conna\u00eetre clairement leur purpose 24 heures sur 24 afin de maintenir ou d'accro\u00eetre leur r\u00e9putation.<\/p>\n<figure id=\"attachment_19516\" aria-describedby=\"caption-attachment-19516\" style=\"width: 680px\" class=\"wp-caption alignnone\"><img loading=\"lazy\" decoding=\"async\" class=\"size-full wp-image-19516\" src=\"https:\/\/www.organisator.ch\/wp-content\/uploads\/2023\/04\/Purpose-Wie-viele-Schweizer-Unternehmen-sind-diesbezueglich-glaubwuerdig-2_Organisator.jpg\" alt=\"\" width=\"680\" height=\"680\" srcset=\"https:\/\/www.organisator.ch\/wp-content\/uploads\/2023\/04\/Purpose-Wie-viele-Schweizer-Unternehmen-sind-diesbezueglich-glaubwuerdig-2_Organisator.jpg 680w, https:\/\/www.organisator.ch\/wp-content\/uploads\/2023\/04\/Purpose-Wie-viele-Schweizer-Unternehmen-sind-diesbezueglich-glaubwuerdig-2_Organisator-150x150.jpg 150w, https:\/\/www.organisator.ch\/wp-content\/uploads\/2023\/04\/Purpose-Wie-viele-Schweizer-Unternehmen-sind-diesbezueglich-glaubwuerdig-2_Organisator-12x12.jpg 12w, https:\/\/www.organisator.ch\/wp-content\/uploads\/2023\/04\/Purpose-Wie-viele-Schweizer-Unternehmen-sind-diesbezueglich-glaubwuerdig-2_Organisator-300x300.jpg 300w, https:\/\/www.organisator.ch\/wp-content\/uploads\/2023\/04\/Purpose-Wie-viele-Schweizer-Unternehmen-sind-diesbezueglich-glaubwuerdig-2_Organisator-350x350.jpg 350w, https:\/\/www.organisator.ch\/wp-content\/uploads\/2023\/04\/Purpose-Wie-viele-Schweizer-Unternehmen-sind-diesbezueglich-glaubwuerdig-2_Organisator-250x250.jpg 250w\" sizes=\"auto, (max-width: 680px) 100vw, 680px\" \/><figcaption id=\"caption-attachment-19516\" class=\"wp-caption-text\">(Graphique : Globeone)<\/figcaption><\/figure>\n<h3><strong>Les secteurs pharmaceutique et financier souffrent d'une image n\u00e9gative<\/strong><\/h3>\n<p>En tant que colonne vert\u00e9brale de l'\u00e9conomie suisse, les entreprises financi\u00e8res et pharmaceutiques ne parviennent pas \u00e0 convaincre la perception du public, en particulier dans les dimensions d'image que sont la durabilit\u00e9, l'honn\u00eatet\u00e9 et l'orientation vers le profit. Les entreprises de ces secteurs, comme par exemple Novartis (58,1), Vontobel (56,7), Roche (56,7), Julius B\u00e4r (56,2) et UBS (53,0), souffrent des risques que comporte l'image ternie de leurs branches en cas de positionnement centr\u00e9 sur le purpose. En ce qui concerne le Credit Suisse (48,6), les donn\u00e9es montrent qu'une crise de cr\u00e9dibilit\u00e9 importante se dessinait d\u00e9j\u00e0 avant les r\u00e9centes turbulences qui ont culmin\u00e9 avec son rachat par l'UBS.<\/p>\n<h3><strong>La construction et les mati\u00e8res premi\u00e8res en queue du classement sectoriel<\/strong><\/h3>\n<p>La transformation du secteur de la construction et des mati\u00e8res premi\u00e8res vers plus de durabilit\u00e9 ne parvient que lentement \u00e0 l'opinion publique. Aussi bien Implenia (PRI 59,2), Holcim (58,1) et Glencore (41,0) pr\u00e9sentent des lacunes critiques en mati\u00e8re de Purpose dans la perception du public. Avec un PRI moyen de 52,8 points, le secteur se situe donc en bas du classement. Des marques de consommateurs comme Nestl\u00e9 (49,8) ou Philip Morris (48,3) ont souvent \u00e9t\u00e9 critiqu\u00e9es ces derni\u00e8res ann\u00e9es et se classent \u00e9galement loin derri\u00e8re dans le PRI 2023.<\/p>\n<p><em>Source et informations compl\u00e9mentaires : <a href=\"https:\/\/globe-one.com\/german\/\">Globeone<\/a><\/em><\/p>","protected":false},"excerpt":{"rendered":"<p>Eine k\u00fcrzlich ver\u00f6ffentlichte Studie zeigt, wie glaubw\u00fcrdig sich Schweizer Unternehmen positionieren k\u00f6nnen. Der f\u00fcr die repr\u00e4sentative Studie der Managementberatung Globeone eigens entwickelte \u00abPurpose Readiness Index\u00bb (PRI) setzt sich aus 15 Purpose-relevanten Imageattributen in f\u00fcnf Imagedimensionen zusammen. Der auf Basis der Befragungsergebnisse erstellte PRI zeigt demnach auf einer Skala von eins bis hundert sowie in vier [&hellip;]<\/p>\n","protected":false},"author":4,"featured_media":19515,"comment_status":"closed","ping_status":"closed","sticky":false,"template":"","format":"standard","meta":{"_acf_changed":false,"_yoast_wpseo_focuskw":"Purpose","_yoast_wpseo_metadesc":"Viele Schweizer Unternehmen k\u00f6nnen sich glaubw\u00fcrdig \u00fcber einen gesellschaftlich relevanten Purpose positionieren, wie eine Studie zeigt.","articlekey":"","footnotes":""},"categories":[28],"tags":[335,339,3710,404,459],"class_list":["post-19514","post","type-post","status-publish","format-standard","has-post-thumbnail","hentry","category-management","tag-management-und-unternehmensfuehrung","tag-marketing","tag-positionierung","tag-ranking","tag-studie"],"acf":[],"yoast_head":"<!-- This site is optimized with the Yoast SEO plugin v27.5 - https:\/\/yoast.com\/product\/yoast-seo-wordpress\/ -->\n<title>Purpose: Wie viele Schweizer Unternehmen sind diesbez\u00fcglich glaubw\u00fcrdig? - Organisator<\/title>\n<meta name=\"description\" content=\"Viele Schweizer Unternehmen k\u00f6nnen sich glaubw\u00fcrdig \u00fcber einen gesellschaftlich relevanten Purpose positionieren, wie eine Studie zeigt.\" \/>\n<meta name=\"robots\" content=\"index, follow, max-snippet:-1, max-image-preview:large, max-video-preview:-1\" \/>\n<link rel=\"canonical\" href=\"https:\/\/www.organisator.ch\/fr\/gestion-2\/2023-04-03\/purpose-wie-viele-schweizer-unternehmen-sind-diesbezueglich-glaubwuerdig\/\" \/>\n<meta property=\"og:locale\" content=\"fr_FR\" \/>\n<meta property=\"og:type\" content=\"article\" \/>\n<meta property=\"og:title\" content=\"Purpose: Wie viele Schweizer Unternehmen sind diesbez\u00fcglich glaubw\u00fcrdig?\" \/>\n<meta property=\"og:description\" content=\"Viele Schweizer Unternehmen k\u00f6nnen sich glaubw\u00fcrdig \u00fcber einen gesellschaftlich relevanten Purpose positionieren, wie eine Studie zeigt.\" \/>\n<meta property=\"og:url\" content=\"https:\/\/www.organisator.ch\/fr\/gestion-2\/2023-04-03\/purpose-wie-viele-schweizer-unternehmen-sind-diesbezueglich-glaubwuerdig\/\" \/>\n<meta property=\"og:site_name\" content=\"Organisator\" \/>\n<meta property=\"article:publisher\" content=\"https:\/\/www.facebook.com\/OrganisatorFachmagazin\" \/>\n<meta property=\"article:published_time\" content=\"2023-04-03T11:48:55+00:00\" \/>\n<meta property=\"article:modified_time\" content=\"2023-04-05T07:29:05+00:00\" \/>\n<meta property=\"og:image\" content=\"https:\/\/www.organisator.ch\/wp-content\/uploads\/2023\/04\/Purpose-Wie-viele-Schweizer-Unternehmen-sind-diesbezueglich-glaubwuerdig_Organisator.jpg\" \/>\n\t<meta property=\"og:image:width\" content=\"680\" \/>\n\t<meta property=\"og:image:height\" content=\"462\" \/>\n\t<meta property=\"og:image:type\" content=\"image\/jpeg\" \/>\n<meta name=\"author\" content=\"thomas.berner\" \/>\n<meta name=\"twitter:card\" content=\"summary_large_image\" \/>\n<meta name=\"twitter:title\" content=\"#Purpose: Wie viele Schweizer #Unternehmen sind diesbez\u00fcglich glaubw\u00fcrdig?\" \/>\n<meta name=\"twitter:description\" content=\"Viele Schweizer #Unternehmen k\u00f6nnen sich #glaubw\u00fcrdig \u00fcber einen gesellschaftlich relevanten #Purpose positionieren, wie eine Studie zeigt.\" \/>\n<meta name=\"twitter:image\" content=\"https:\/\/www.organisator.ch\/wp-content\/uploads\/2023\/04\/Purpose-Wie-viele-Schweizer-Unternehmen-sind-diesbezueglich-glaubwuerdig_Organisator.jpg\" \/>\n<script type=\"application\/ld+json\" class=\"yoast-schema-graph\">{\"@context\":\"https:\\\/\\\/schema.org\",\"@graph\":[{\"@type\":\"Article\",\"@id\":\"https:\\\/\\\/www.organisator.ch\\\/management\\\/2023-04-03\\\/purpose-wie-viele-schweizer-unternehmen-sind-diesbezueglich-glaubwuerdig\\\/#article\",\"isPartOf\":{\"@id\":\"https:\\\/\\\/www.organisator.ch\\\/management\\\/2023-04-03\\\/purpose-wie-viele-schweizer-unternehmen-sind-diesbezueglich-glaubwuerdig\\\/\"},\"author\":{\"name\":\"thomas.berner\",\"@id\":\"https:\\\/\\\/www.organisator.ch\\\/#\\\/schema\\\/person\\\/6f650f90b2842cd4c0cc334b4e36f67e\"},\"headline\":\"Purpose: Wie viele Schweizer Unternehmen sind diesbez\u00fcglich glaubw\u00fcrdig?\",\"datePublished\":\"2023-04-03T11:48:55+00:00\",\"dateModified\":\"2023-04-05T07:29:05+00:00\",\"mainEntityOfPage\":{\"@id\":\"https:\\\/\\\/www.organisator.ch\\\/management\\\/2023-04-03\\\/purpose-wie-viele-schweizer-unternehmen-sind-diesbezueglich-glaubwuerdig\\\/\"},\"wordCount\":681,\"publisher\":{\"@id\":\"https:\\\/\\\/www.organisator.ch\\\/#organization\"},\"image\":{\"@id\":\"https:\\\/\\\/www.organisator.ch\\\/management\\\/2023-04-03\\\/purpose-wie-viele-schweizer-unternehmen-sind-diesbezueglich-glaubwuerdig\\\/#primaryimage\"},\"thumbnailUrl\":\"https:\\\/\\\/www.organisator.ch\\\/wp-content\\\/uploads\\\/2023\\\/04\\\/Purpose-Wie-viele-Schweizer-Unternehmen-sind-diesbezueglich-glaubwuerdig_Organisator.jpg\",\"keywords\":[\"Management und Unternehmensf\u00fchrung\",\"Marketing\",\"Positionierung\",\"Ranking\",\"Studie\"],\"articleSection\":[\"MANAGEMENT\"],\"inLanguage\":\"fr-FR\"},{\"@type\":\"WebPage\",\"@id\":\"https:\\\/\\\/www.organisator.ch\\\/management\\\/2023-04-03\\\/purpose-wie-viele-schweizer-unternehmen-sind-diesbezueglich-glaubwuerdig\\\/\",\"url\":\"https:\\\/\\\/www.organisator.ch\\\/management\\\/2023-04-03\\\/purpose-wie-viele-schweizer-unternehmen-sind-diesbezueglich-glaubwuerdig\\\/\",\"name\":\"Purpose: Wie viele Schweizer Unternehmen sind diesbez\u00fcglich glaubw\u00fcrdig? - Organisator\",\"isPartOf\":{\"@id\":\"https:\\\/\\\/www.organisator.ch\\\/#website\"},\"primaryImageOfPage\":{\"@id\":\"https:\\\/\\\/www.organisator.ch\\\/management\\\/2023-04-03\\\/purpose-wie-viele-schweizer-unternehmen-sind-diesbezueglich-glaubwuerdig\\\/#primaryimage\"},\"image\":{\"@id\":\"https:\\\/\\\/www.organisator.ch\\\/management\\\/2023-04-03\\\/purpose-wie-viele-schweizer-unternehmen-sind-diesbezueglich-glaubwuerdig\\\/#primaryimage\"},\"thumbnailUrl\":\"https:\\\/\\\/www.organisator.ch\\\/wp-content\\\/uploads\\\/2023\\\/04\\\/Purpose-Wie-viele-Schweizer-Unternehmen-sind-diesbezueglich-glaubwuerdig_Organisator.jpg\",\"datePublished\":\"2023-04-03T11:48:55+00:00\",\"dateModified\":\"2023-04-05T07:29:05+00:00\",\"description\":\"Viele Schweizer Unternehmen k\u00f6nnen sich glaubw\u00fcrdig \u00fcber einen gesellschaftlich relevanten Purpose positionieren, wie eine Studie zeigt.\",\"breadcrumb\":{\"@id\":\"https:\\\/\\\/www.organisator.ch\\\/management\\\/2023-04-03\\\/purpose-wie-viele-schweizer-unternehmen-sind-diesbezueglich-glaubwuerdig\\\/#breadcrumb\"},\"inLanguage\":\"fr-FR\",\"potentialAction\":[{\"@type\":\"ReadAction\",\"target\":[\"https:\\\/\\\/www.organisator.ch\\\/management\\\/2023-04-03\\\/purpose-wie-viele-schweizer-unternehmen-sind-diesbezueglich-glaubwuerdig\\\/\"]}]},{\"@type\":\"ImageObject\",\"inLanguage\":\"fr-FR\",\"@id\":\"https:\\\/\\\/www.organisator.ch\\\/management\\\/2023-04-03\\\/purpose-wie-viele-schweizer-unternehmen-sind-diesbezueglich-glaubwuerdig\\\/#primaryimage\",\"url\":\"https:\\\/\\\/www.organisator.ch\\\/wp-content\\\/uploads\\\/2023\\\/04\\\/Purpose-Wie-viele-Schweizer-Unternehmen-sind-diesbezueglich-glaubwuerdig_Organisator.jpg\",\"contentUrl\":\"https:\\\/\\\/www.organisator.ch\\\/wp-content\\\/uploads\\\/2023\\\/04\\\/Purpose-Wie-viele-Schweizer-Unternehmen-sind-diesbezueglich-glaubwuerdig_Organisator.jpg\",\"width\":680,\"height\":462,\"caption\":\"Wie glaubw\u00fcrdig kommunizieren f\u00fchrende Schweizer Unternehmen ihren gesellschaftlich relevanten Unternehmenszweck? Eine Studie diesbez\u00fcglich einen \\\"Purpose Readiness Index\\\" entwickelt. (Bild: Unsplash.com)\"},{\"@type\":\"BreadcrumbList\",\"@id\":\"https:\\\/\\\/www.organisator.ch\\\/management\\\/2023-04-03\\\/purpose-wie-viele-schweizer-unternehmen-sind-diesbezueglich-glaubwuerdig\\\/#breadcrumb\",\"itemListElement\":[{\"@type\":\"ListItem\",\"position\":1,\"name\":\"Home\",\"item\":\"https:\\\/\\\/www.organisator.ch\\\/\"},{\"@type\":\"ListItem\",\"position\":2,\"name\":\"Purpose: Wie viele Schweizer Unternehmen sind diesbez\u00fcglich glaubw\u00fcrdig?\"}]},{\"@type\":\"WebSite\",\"@id\":\"https:\\\/\\\/www.organisator.ch\\\/#website\",\"url\":\"https:\\\/\\\/www.organisator.ch\\\/\",\"name\":\"Organisator\",\"description\":\"Kompetent. Praxisnah. Der ORGANISATOR bereitet in 10 Ausgaben pro Jahr die wesentlichen Themen f\u00fcr F\u00fchrungskr\u00e4fte von KMU auf.\",\"publisher\":{\"@id\":\"https:\\\/\\\/www.organisator.ch\\\/#organization\"},\"potentialAction\":[{\"@type\":\"SearchAction\",\"target\":{\"@type\":\"EntryPoint\",\"urlTemplate\":\"https:\\\/\\\/www.organisator.ch\\\/?s={search_term_string}\"},\"query-input\":{\"@type\":\"PropertyValueSpecification\",\"valueRequired\":true,\"valueName\":\"search_term_string\"}}],\"inLanguage\":\"fr-FR\"},{\"@type\":\"Organization\",\"@id\":\"https:\\\/\\\/www.organisator.ch\\\/#organization\",\"name\":\"Organisator\",\"url\":\"https:\\\/\\\/www.organisator.ch\\\/\",\"logo\":{\"@type\":\"ImageObject\",\"inLanguage\":\"fr-FR\",\"@id\":\"https:\\\/\\\/www.organisator.ch\\\/#\\\/schema\\\/logo\\\/image\\\/\",\"url\":\"https:\\\/\\\/www.organisator.ch\\\/wp-content\\\/uploads\\\/2022\\\/01\\\/Logo_Organisator_Website.png\",\"contentUrl\":\"https:\\\/\\\/www.organisator.ch\\\/wp-content\\\/uploads\\\/2022\\\/01\\\/Logo_Organisator_Website.png\",\"width\":800,\"height\":77,\"caption\":\"Organisator\"},\"image\":{\"@id\":\"https:\\\/\\\/www.organisator.ch\\\/#\\\/schema\\\/logo\\\/image\\\/\"},\"sameAs\":[\"https:\\\/\\\/www.facebook.com\\\/OrganisatorFachmagazin\",\"https:\\\/\\\/www.linkedin.com\\\/showcase\\\/organisator-das-magazin-fr-kmu\",\"https:\\\/\\\/www.xing.com\\\/news\\\/pages\\\/organisator-ch-695\",\"https:\\\/\\\/www.youtube.com\\\/channel\\\/UCGP2Sq0iWaZwT3BdIAQFYpw\"]},{\"@type\":\"Person\",\"@id\":\"https:\\\/\\\/www.organisator.ch\\\/#\\\/schema\\\/person\\\/6f650f90b2842cd4c0cc334b4e36f67e\",\"name\":\"thomas.berner\",\"image\":{\"@type\":\"ImageObject\",\"inLanguage\":\"fr-FR\",\"@id\":\"https:\\\/\\\/secure.gravatar.com\\\/avatar\\\/ac5001d2a36cb6c6cd3e50789007ffca834b477b74a2144564522e944eabff61?s=96&d=mm&r=g\",\"url\":\"https:\\\/\\\/secure.gravatar.com\\\/avatar\\\/ac5001d2a36cb6c6cd3e50789007ffca834b477b74a2144564522e944eabff61?s=96&d=mm&r=g\",\"contentUrl\":\"https:\\\/\\\/secure.gravatar.com\\\/avatar\\\/ac5001d2a36cb6c6cd3e50789007ffca834b477b74a2144564522e944eabff61?s=96&d=mm&r=g\",\"caption\":\"thomas.berner\"},\"url\":\"https:\\\/\\\/www.organisator.ch\\\/fr\\\/author\\\/thomas-berner\\\/\"}]}<\/script>\n<!-- \/ Yoast SEO plugin. -->","yoast_head_json":{"title":"Purpose : Combien d'entreprises suisses sont cr\u00e9dibles \u00e0 cet \u00e9gard ? - Organisateur","description":"De nombreuses entreprises suisses peuvent se positionner de mani\u00e8re cr\u00e9dible par le biais d'un purpose socialement pertinent, comme le montre une \u00e9tude.","robots":{"index":"index","follow":"follow","max-snippet":"max-snippet:-1","max-image-preview":"max-image-preview:large","max-video-preview":"max-video-preview:-1"},"canonical":"https:\/\/www.organisator.ch\/fr\/gestion-2\/2023-04-03\/purpose-wie-viele-schweizer-unternehmen-sind-diesbezueglich-glaubwuerdig\/","og_locale":"fr_FR","og_type":"article","og_title":"Purpose: Wie viele Schweizer Unternehmen sind diesbez\u00fcglich glaubw\u00fcrdig?","og_description":"Viele Schweizer Unternehmen k\u00f6nnen sich glaubw\u00fcrdig \u00fcber einen gesellschaftlich relevanten Purpose positionieren, wie eine Studie zeigt.","og_url":"https:\/\/www.organisator.ch\/fr\/gestion-2\/2023-04-03\/purpose-wie-viele-schweizer-unternehmen-sind-diesbezueglich-glaubwuerdig\/","og_site_name":"Organisator","article_publisher":"https:\/\/www.facebook.com\/OrganisatorFachmagazin","article_published_time":"2023-04-03T11:48:55+00:00","article_modified_time":"2023-04-05T07:29:05+00:00","og_image":[{"width":680,"height":462,"url":"https:\/\/www.organisator.ch\/wp-content\/uploads\/2023\/04\/Purpose-Wie-viele-Schweizer-Unternehmen-sind-diesbezueglich-glaubwuerdig_Organisator.jpg","type":"image\/jpeg"}],"author":"thomas.berner","twitter_card":"summary_large_image","twitter_title":"#Purpose: Wie viele Schweizer #Unternehmen sind diesbez\u00fcglich glaubw\u00fcrdig?","twitter_description":"Viele Schweizer #Unternehmen k\u00f6nnen sich #glaubw\u00fcrdig \u00fcber einen gesellschaftlich relevanten #Purpose positionieren, wie eine Studie zeigt.","twitter_image":"https:\/\/www.organisator.ch\/wp-content\/uploads\/2023\/04\/Purpose-Wie-viele-Schweizer-Unternehmen-sind-diesbezueglich-glaubwuerdig_Organisator.jpg","schema":{"@context":"https:\/\/schema.org","@graph":[{"@type":"Article","@id":"https:\/\/www.organisator.ch\/management\/2023-04-03\/purpose-wie-viele-schweizer-unternehmen-sind-diesbezueglich-glaubwuerdig\/#article","isPartOf":{"@id":"https:\/\/www.organisator.ch\/management\/2023-04-03\/purpose-wie-viele-schweizer-unternehmen-sind-diesbezueglich-glaubwuerdig\/"},"author":{"name":"thomas.berner","@id":"https:\/\/www.organisator.ch\/#\/schema\/person\/6f650f90b2842cd4c0cc334b4e36f67e"},"headline":"Purpose: Wie viele Schweizer Unternehmen sind diesbez\u00fcglich glaubw\u00fcrdig?","datePublished":"2023-04-03T11:48:55+00:00","dateModified":"2023-04-05T07:29:05+00:00","mainEntityOfPage":{"@id":"https:\/\/www.organisator.ch\/management\/2023-04-03\/purpose-wie-viele-schweizer-unternehmen-sind-diesbezueglich-glaubwuerdig\/"},"wordCount":681,"publisher":{"@id":"https:\/\/www.organisator.ch\/#organization"},"image":{"@id":"https:\/\/www.organisator.ch\/management\/2023-04-03\/purpose-wie-viele-schweizer-unternehmen-sind-diesbezueglich-glaubwuerdig\/#primaryimage"},"thumbnailUrl":"https:\/\/www.organisator.ch\/wp-content\/uploads\/2023\/04\/Purpose-Wie-viele-Schweizer-Unternehmen-sind-diesbezueglich-glaubwuerdig_Organisator.jpg","keywords":["Management und Unternehmensf\u00fchrung","Marketing","Positionierung","Ranking","Studie"],"articleSection":["MANAGEMENT"],"inLanguage":"fr-FR"},{"@type":"WebPage","@id":"https:\/\/www.organisator.ch\/management\/2023-04-03\/purpose-wie-viele-schweizer-unternehmen-sind-diesbezueglich-glaubwuerdig\/","url":"https:\/\/www.organisator.ch\/management\/2023-04-03\/purpose-wie-viele-schweizer-unternehmen-sind-diesbezueglich-glaubwuerdig\/","name":"Purpose : Combien d'entreprises suisses sont cr\u00e9dibles \u00e0 cet \u00e9gard ? - Organisateur","isPartOf":{"@id":"https:\/\/www.organisator.ch\/#website"},"primaryImageOfPage":{"@id":"https:\/\/www.organisator.ch\/management\/2023-04-03\/purpose-wie-viele-schweizer-unternehmen-sind-diesbezueglich-glaubwuerdig\/#primaryimage"},"image":{"@id":"https:\/\/www.organisator.ch\/management\/2023-04-03\/purpose-wie-viele-schweizer-unternehmen-sind-diesbezueglich-glaubwuerdig\/#primaryimage"},"thumbnailUrl":"https:\/\/www.organisator.ch\/wp-content\/uploads\/2023\/04\/Purpose-Wie-viele-Schweizer-Unternehmen-sind-diesbezueglich-glaubwuerdig_Organisator.jpg","datePublished":"2023-04-03T11:48:55+00:00","dateModified":"2023-04-05T07:29:05+00:00","description":"De nombreuses entreprises suisses peuvent se positionner de mani\u00e8re cr\u00e9dible par le biais d'un purpose socialement pertinent, comme le montre une \u00e9tude.","breadcrumb":{"@id":"https:\/\/www.organisator.ch\/management\/2023-04-03\/purpose-wie-viele-schweizer-unternehmen-sind-diesbezueglich-glaubwuerdig\/#breadcrumb"},"inLanguage":"fr-FR","potentialAction":[{"@type":"ReadAction","target":["https:\/\/www.organisator.ch\/management\/2023-04-03\/purpose-wie-viele-schweizer-unternehmen-sind-diesbezueglich-glaubwuerdig\/"]}]},{"@type":"ImageObject","inLanguage":"fr-FR","@id":"https:\/\/www.organisator.ch\/management\/2023-04-03\/purpose-wie-viele-schweizer-unternehmen-sind-diesbezueglich-glaubwuerdig\/#primaryimage","url":"https:\/\/www.organisator.ch\/wp-content\/uploads\/2023\/04\/Purpose-Wie-viele-Schweizer-Unternehmen-sind-diesbezueglich-glaubwuerdig_Organisator.jpg","contentUrl":"https:\/\/www.organisator.ch\/wp-content\/uploads\/2023\/04\/Purpose-Wie-viele-Schweizer-Unternehmen-sind-diesbezueglich-glaubwuerdig_Organisator.jpg","width":680,"height":462,"caption":"Wie glaubw\u00fcrdig kommunizieren f\u00fchrende Schweizer Unternehmen ihren gesellschaftlich relevanten Unternehmenszweck? Eine Studie diesbez\u00fcglich einen \"Purpose Readiness Index\" entwickelt. (Bild: Unsplash.com)"},{"@type":"BreadcrumbList","@id":"https:\/\/www.organisator.ch\/management\/2023-04-03\/purpose-wie-viele-schweizer-unternehmen-sind-diesbezueglich-glaubwuerdig\/#breadcrumb","itemListElement":[{"@type":"ListItem","position":1,"name":"Home","item":"https:\/\/www.organisator.ch\/"},{"@type":"ListItem","position":2,"name":"Purpose: Wie viele Schweizer Unternehmen sind diesbez\u00fcglich glaubw\u00fcrdig?"}]},{"@type":"WebSite","@id":"https:\/\/www.organisator.ch\/#website","url":"https:\/\/www.organisator.ch\/","name":"Organisateur","description":"Comp\u00e9tence et comp\u00e9tence. Proches de la pratique. L'ORGANISATEUR pr\u00e9pare 10 num\u00e9ros par an sur les th\u00e8mes essentiels pour les dirigeants de PME.","publisher":{"@id":"https:\/\/www.organisator.ch\/#organization"},"potentialAction":[{"@type":"SearchAction","target":{"@type":"EntryPoint","urlTemplate":"https:\/\/www.organisator.ch\/?s={search_term_string}"},"query-input":{"@type":"PropertyValueSpecification","valueRequired":true,"valueName":"search_term_string"}}],"inLanguage":"fr-FR"},{"@type":"Organization","@id":"https:\/\/www.organisator.ch\/#organization","name":"Organisateur","url":"https:\/\/www.organisator.ch\/","logo":{"@type":"ImageObject","inLanguage":"fr-FR","@id":"https:\/\/www.organisator.ch\/#\/schema\/logo\/image\/","url":"https:\/\/www.organisator.ch\/wp-content\/uploads\/2022\/01\/Logo_Organisator_Website.png","contentUrl":"https:\/\/www.organisator.ch\/wp-content\/uploads\/2022\/01\/Logo_Organisator_Website.png","width":800,"height":77,"caption":"Organisator"},"image":{"@id":"https:\/\/www.organisator.ch\/#\/schema\/logo\/image\/"},"sameAs":["https:\/\/www.facebook.com\/OrganisatorFachmagazin","https:\/\/www.linkedin.com\/showcase\/organisator-das-magazin-fr-kmu","https:\/\/www.xing.com\/news\/pages\/organisator-ch-695","https:\/\/www.youtube.com\/channel\/UCGP2Sq0iWaZwT3BdIAQFYpw"]},{"@type":"Person","@id":"https:\/\/www.organisator.ch\/#\/schema\/person\/6f650f90b2842cd4c0cc334b4e36f67e","name":"thomas.berner","image":{"@type":"ImageObject","inLanguage":"fr-FR","@id":"https:\/\/secure.gravatar.com\/avatar\/ac5001d2a36cb6c6cd3e50789007ffca834b477b74a2144564522e944eabff61?s=96&d=mm&r=g","url":"https:\/\/secure.gravatar.com\/avatar\/ac5001d2a36cb6c6cd3e50789007ffca834b477b74a2144564522e944eabff61?s=96&d=mm&r=g","contentUrl":"https:\/\/secure.gravatar.com\/avatar\/ac5001d2a36cb6c6cd3e50789007ffca834b477b74a2144564522e944eabff61?s=96&d=mm&r=g","caption":"thomas.berner"},"url":"https:\/\/www.organisator.ch\/fr\/author\/thomas-berner\/"}]}},"_links":{"self":[{"href":"https:\/\/www.organisator.ch\/fr\/wp-json\/wp\/v2\/posts\/19514","targetHints":{"allow":["GET"]}}],"collection":[{"href":"https:\/\/www.organisator.ch\/fr\/wp-json\/wp\/v2\/posts"}],"about":[{"href":"https:\/\/www.organisator.ch\/fr\/wp-json\/wp\/v2\/types\/post"}],"author":[{"embeddable":true,"href":"https:\/\/www.organisator.ch\/fr\/wp-json\/wp\/v2\/users\/4"}],"replies":[{"embeddable":true,"href":"https:\/\/www.organisator.ch\/fr\/wp-json\/wp\/v2\/comments?post=19514"}],"version-history":[{"count":1,"href":"https:\/\/www.organisator.ch\/fr\/wp-json\/wp\/v2\/posts\/19514\/revisions"}],"predecessor-version":[{"id":19518,"href":"https:\/\/www.organisator.ch\/fr\/wp-json\/wp\/v2\/posts\/19514\/revisions\/19518"}],"wp:featuredmedia":[{"embeddable":true,"href":"https:\/\/www.organisator.ch\/fr\/wp-json\/wp\/v2\/media\/19515"}],"wp:attachment":[{"href":"https:\/\/www.organisator.ch\/fr\/wp-json\/wp\/v2\/media?parent=19514"}],"wp:term":[{"taxonomy":"category","embeddable":true,"href":"https:\/\/www.organisator.ch\/fr\/wp-json\/wp\/v2\/categories?post=19514"},{"taxonomy":"post_tag","embeddable":true,"href":"https:\/\/www.organisator.ch\/fr\/wp-json\/wp\/v2\/tags?post=19514"}],"curies":[{"name":"wp","href":"https:\/\/api.w.org\/{rel}","templated":true}]}}