{"id":19521,"date":"2023-04-04T08:41:01","date_gmt":"2023-04-04T06:41:01","guid":{"rendered":"https:\/\/www.organisator.ch\/?p=19521"},"modified":"2023-04-04T08:41:01","modified_gmt":"2023-04-04T06:41:01","slug":"umfrage-unter-kv-lehrabgaengerinnen-ueberstunden-und-digitalisierung-im-fokus","status":"publish","type":"post","link":"https:\/\/www.organisator.ch\/fr\/weiterbildung\/2023-04-04\/umfrage-unter-kv-lehrabgaengerinnen-ueberstunden-und-digitalisierung-im-fokus\/","title":{"rendered":"Enqu\u00eate aupr\u00e8s des apprentis de commerce : Heures suppl\u00e9mentaires et num\u00e9risation en point de mire"},"content":{"rendered":"<figure id=\"attachment_19522\" aria-describedby=\"caption-attachment-19522\" style=\"width: 680px\" class=\"wp-caption alignnone\"><img loading=\"lazy\" decoding=\"async\" class=\"size-full wp-image-19522\" src=\"https:\/\/www.organisator.ch\/wp-content\/uploads\/2023\/04\/Umfrage-unter-KV-Lehrabgaengerinnen-Ueberstunden-und-Digitalisierung-im-Fokus_Organisator.jpg\" alt=\"\" width=\"680\" height=\"424\" srcset=\"https:\/\/www.organisator.ch\/wp-content\/uploads\/2023\/04\/Umfrage-unter-KV-Lehrabgaengerinnen-Ueberstunden-und-Digitalisierung-im-Fokus_Organisator.jpg 680w, https:\/\/www.organisator.ch\/wp-content\/uploads\/2023\/04\/Umfrage-unter-KV-Lehrabgaengerinnen-Ueberstunden-und-Digitalisierung-im-Fokus_Organisator-18x12.jpg 18w, https:\/\/www.organisator.ch\/wp-content\/uploads\/2023\/04\/Umfrage-unter-KV-Lehrabgaengerinnen-Ueberstunden-und-Digitalisierung-im-Fokus_Organisator-375x234.jpg 375w, https:\/\/www.organisator.ch\/wp-content\/uploads\/2023\/04\/Umfrage-unter-KV-Lehrabgaengerinnen-Ueberstunden-und-Digitalisierung-im-Fokus_Organisator-561x350.jpg 561w\" sizes=\"auto, (max-width: 680px) 100vw, 680px\" \/><figcaption id=\"caption-attachment-19522\" class=\"wp-caption-text\">Pas de peur de la num\u00e9risation, mais beaucoup d'heures suppl\u00e9mentaires : C'est ce que disent les apprentis de commerce dans un sondage r\u00e9cent. (Image : Unsplash.com)<\/figcaption><\/figure>\n<p>Avec plus de 12 000 dipl\u00f4m\u00e9s par an, l'apprentissage de commerce est la formation initiale la plus appr\u00e9ci\u00e9e en Suisse. Afin d'observer la situation pendant et apr\u00e8s l'apprentissage ainsi que les projets d'avenir des jeunes professionnels, la Soci\u00e9t\u00e9 des employ\u00e9s de commerce m\u00e8ne chaque ann\u00e9e depuis 2006 une enqu\u00eate aupr\u00e8s des apprentis de commerce en Suisse. Environ 4000 personnes, soit pr\u00e8s d'un tiers de tous les apprentis de commerce de Suisse, ont particip\u00e9 \u00e0 la premi\u00e8re vague de l'enqu\u00eate de cette ann\u00e9e, en juillet 2022, et environ 1600 personnes \u00e0 la deuxi\u00e8me vague, en novembre 2022. En vue de la r\u00e9forme de la formation professionnelle qui d\u00e9butera en \u00e9t\u00e9 2023, la Soci\u00e9t\u00e9 des employ\u00e9s de commerce, en coop\u00e9ration avec l'Institut des sciences politiques de l'Universit\u00e9 de Zurich, a mis l'accent sur la num\u00e9risation.<\/p>\n<h3>Situation stable de l'emploi et nombreux plans de formation continue<\/h3>\n<p>La majorit\u00e9 des dipl\u00f4m\u00e9s (65.9%) sont actifs au moment de la deuxi\u00e8me vague de l'enqu\u00eate, en novembre 2022 (voir graphique 1). Certes, la proportion de personnes actives est l\u00e9g\u00e8rement inf\u00e9rieure \u00e0 celle de l'ann\u00e9e pr\u00e9c\u00e9dente, mais elle reste dans la moyenne des cinq derni\u00e8res ann\u00e9es. Environ 25.5% sont dans une situation d'inactivit\u00e9 apr\u00e8s l'apprentissage, comme une formation continue, un s\u00e9jour linguistique ou le service militaire. Seuls 5.5% sont \u00e0 la recherche d'un emploi en novembre 2022.<\/p>\n<figure id=\"attachment_19523\" aria-describedby=\"caption-attachment-19523\" style=\"width: 680px\" class=\"wp-caption alignnone\"><img loading=\"lazy\" decoding=\"async\" class=\"size-full wp-image-19523\" src=\"https:\/\/www.organisator.ch\/wp-content\/uploads\/2023\/04\/Umfrage-unter-KV-Lehrabgaengerinnen-Ueberstunden-und-Digitalisierung-im-Fokus-1_Organisator.jpg\" alt=\"\" width=\"680\" height=\"412\" srcset=\"https:\/\/www.organisator.ch\/wp-content\/uploads\/2023\/04\/Umfrage-unter-KV-Lehrabgaengerinnen-Ueberstunden-und-Digitalisierung-im-Fokus-1_Organisator.jpg 680w, https:\/\/www.organisator.ch\/wp-content\/uploads\/2023\/04\/Umfrage-unter-KV-Lehrabgaengerinnen-Ueberstunden-und-Digitalisierung-im-Fokus-1_Organisator-18x12.jpg 18w, https:\/\/www.organisator.ch\/wp-content\/uploads\/2023\/04\/Umfrage-unter-KV-Lehrabgaengerinnen-Ueberstunden-und-Digitalisierung-im-Fokus-1_Organisator-375x227.jpg 375w, https:\/\/www.organisator.ch\/wp-content\/uploads\/2023\/04\/Umfrage-unter-KV-Lehrabgaengerinnen-Ueberstunden-und-Digitalisierung-im-Fokus-1_Organisator-578x350.jpg 578w\" sizes=\"auto, (max-width: 680px) 100vw, 680px\" \/><figcaption id=\"caption-attachment-19523\" class=\"wp-caption-text\">Graphique 1 : Activit\u00e9 professionnelle quatre mois apr\u00e8s la fin de l'apprentissage (en pourcentage). (Graphique : SEC Suisse)<\/figcaption><\/figure>\n<h3>Heures suppl\u00e9mentaires et compensation pendant l'apprentissage<\/h3>\n<p>L'enqu\u00eate 2022 se concentre sur les heures suppl\u00e9mentaires pendant l'apprentissage : pr\u00e8s des deux tiers des participants (63%) ont indiqu\u00e9 avoir d\u00fb effectuer des heures suppl\u00e9mentaires pendant la formation initiale. Dans 40% des cas, il s'agit d'heures suppl\u00e9mentaires volontaires dans le cadre de l'horaire variable et des heures de travail flexibles. De m\u00eame, 40% ont effectu\u00e9 des heures suppl\u00e9mentaires involontaires pour ex\u00e9cuter des ordres de travail. \"Ce qui est pr\u00e9occupant, c'est la proportion de personnes qui ont d\u00fb effectuer des heures suppl\u00e9mentaires hebdomadaires de mani\u00e8re involontaire\", souligne Kathrin Ziltener, responsable de la formation professionnelle \u00e0 la Soci\u00e9t\u00e9 suisse des employ\u00e9s de commerce. Cela repr\u00e9sente environ 7% de tous les participants. En outre, 12% ont d\u00fb faire des heures suppl\u00e9mentaires involontaires plusieurs fois par mois. \"C'est justement pendant l'apprentissage, o\u00f9 le travail et l'\u00e9cole repr\u00e9sentent d\u00e9j\u00e0 une double charge, que des heures suppl\u00e9mentaires fr\u00e9quentes et longues peuvent avoir des r\u00e9percussions n\u00e9gatives sur la sant\u00e9 psychique des apprentis\".<\/p>\n<h3>Une perception majoritairement positive de la num\u00e9risation<\/h3>\n<p>La num\u00e9risation modifie le monde du travail dans de nombreuses branches et a \u00e9galement des r\u00e9percussions consid\u00e9rables sur le travail quotidien dans le domaine commercial. Ainsi, les activit\u00e9s routini\u00e8res disparaissent de plus en plus, tandis que les activit\u00e9s analytiques, de coordination et interpersonnelles deviennent plus centrales. C'est pourquoi la Soci\u00e9t\u00e9 suisse des employ\u00e9s de commerce, en collaboration avec l'Institut des sciences politiques de l'Universit\u00e9 de Zurich, a \u00e9tudi\u00e9 la mani\u00e8re dont les apprentis per\u00e7oivent la num\u00e9risation. La majorit\u00e9 des participants voit dans la num\u00e9risation plut\u00f4t une chance (72%) qu'un risque (21%) - 7% ne se sont pas prononc\u00e9s sur cette question. Les jeunes dipl\u00f4m\u00e9s justifient le plus souvent leur point de vue positif par le fait que le travail devient plus facile gr\u00e2ce \u00e0 la num\u00e9risation. Le professeur Thomas Kurer, professeur assistant \u00e0 l'Institut des sciences politiques de l'Universit\u00e9 de Zurich, ajoute : \"Les participants ont confirm\u00e9 que leur formation les avait bien pr\u00e9par\u00e9s au monde du travail\". N\u00e9anmoins, Kurer fait remarquer que \"la num\u00e9risation n'est toutefois pas consid\u00e9r\u00e9e par tous uniquement comme une force positive. Environ un cinqui\u00e8me se fait du souci pour leur avenir professionnel\". La principale raison en est, selon lui, la crainte que les ordinateurs ou les logiciels ne remplacent le travail humain.<\/p>\n<figure id=\"attachment_19524\" aria-describedby=\"caption-attachment-19524\" style=\"width: 680px\" class=\"wp-caption alignnone\"><img loading=\"lazy\" decoding=\"async\" class=\"size-full wp-image-19524\" src=\"https:\/\/www.organisator.ch\/wp-content\/uploads\/2023\/04\/Umfrage-unter-KV-Lehrabgaengerinnen-Ueberstunden-und-Digitalisierung-im-Fokus-2_Organisator.jpg\" alt=\"\" width=\"680\" height=\"432\" srcset=\"https:\/\/www.organisator.ch\/wp-content\/uploads\/2023\/04\/Umfrage-unter-KV-Lehrabgaengerinnen-Ueberstunden-und-Digitalisierung-im-Fokus-2_Organisator.jpg 680w, https:\/\/www.organisator.ch\/wp-content\/uploads\/2023\/04\/Umfrage-unter-KV-Lehrabgaengerinnen-Ueberstunden-und-Digitalisierung-im-Fokus-2_Organisator-18x12.jpg 18w, https:\/\/www.organisator.ch\/wp-content\/uploads\/2023\/04\/Umfrage-unter-KV-Lehrabgaengerinnen-Ueberstunden-und-Digitalisierung-im-Fokus-2_Organisator-375x238.jpg 375w, https:\/\/www.organisator.ch\/wp-content\/uploads\/2023\/04\/Umfrage-unter-KV-Lehrabgaengerinnen-Ueberstunden-und-Digitalisierung-im-Fokus-2_Organisator-551x350.jpg 551w\" sizes=\"auto, (max-width: 680px) 100vw, 680px\" \/><figcaption id=\"caption-attachment-19524\" class=\"wp-caption-text\">Graphique 2 : Num\u00e9risation : perception des apprentis en fin de formation. (Graphique : SEC Suisse)<\/figcaption><\/figure>\n<p>En m\u00eame temps, les jeunes dipl\u00f4m\u00e9s constatent avec r\u00e9alisme que l'automatisation et la num\u00e9risation vont modifier fondamentalement de nombreux domaines du travail quotidien. Ainsi, les participants estiment qu'en th\u00e9orie, 48% de leur travail pourrait \u00eatre num\u00e9ris\u00e9 (voir graphique 2). Cela correspond \u00e0 peu pr\u00e8s \u00e0 une \u00e9tude empirique de l'OCDE, qui estime \u00e0 57% la part des activit\u00e9s automatisables dans le domaine commercial.<\/p>\n<h3>Les apprentis de commerce se sentent bien pr\u00e9par\u00e9s<\/h3>\n<p>En r\u00e9sum\u00e9, la plupart des participants consid\u00e8rent les changements induits par la num\u00e9risation comme une chance et ont une vision positive du changement num\u00e9rique. \"Dans ce contexte, la formation commerciale de base est consid\u00e9r\u00e9e comme une base pr\u00e9cieuse et une bonne pr\u00e9paration au march\u00e9 du travail moderne\", ajoute Ziltener. \"En m\u00eame temps, il y a une grande conscience de l'importance et de la n\u00e9cessit\u00e9 d'une formation continue\".<\/p>\n<p><em>Source : <a href=\"http:\/\/www.kfmv.ch\">SEC Suisse<\/a><\/em><\/p>","protected":false},"excerpt":{"rendered":"<p>Mit \u00fcber 12 000 Absolvierenden pro Jahr ist die KV-Lehre die beliebteste Grundbildung der Schweiz. Um die Situation w\u00e4hrend und nach der Lehre sowie die Zukunftspl\u00e4ne der jungen Berufsleute zu observieren, f\u00fchrt der Kaufm\u00e4nnische Verband seit 2006 j\u00e4hrlich eine Umfrage bei KV-Lehrabg\u00e4nger:innen in der Schweiz durch. An der ersten Erhebungswelle der diesj\u00e4hrigen Lehrabg\u00e4nger:innen-Umfrage im Juli [&hellip;]<\/p>\n","protected":false},"author":4,"featured_media":19522,"comment_status":"closed","ping_status":"closed","sticky":false,"template":"","format":"standard","meta":{"_acf_changed":false,"_yoast_wpseo_focuskw":"KV-Lehrabg\u00e4nger:innen","_yoast_wpseo_metadesc":"Die Umfrage 2022 unter KV-Lehrabg\u00e4nger:innen zeigt, dass ein Grossteil der Befragten optimistisch auf die digitalen Ver\u00e4nderungen blickt.","articlekey":"","footnotes":""},"categories":[30],"tags":[62,3351,487],"class_list":["post-19521","post","type-post","status-publish","format-standard","has-post-thumbnail","hentry","category-weiterbildung","tag-aus-weiterbildung","tag-kaufmaennische-berufsbildung","tag-umfrage"],"acf":[],"yoast_head":"<!-- This site is optimized with the Yoast SEO plugin v27.5 - https:\/\/yoast.com\/product\/yoast-seo-wordpress\/ -->\n<title>Umfrage unter KV-Lehrabg\u00e4nger:innen: \u00dcberstunden und Digitalisierung im Fokus - Organisator<\/title>\n<meta name=\"description\" content=\"Die Umfrage 2022 unter KV-Lehrabg\u00e4nger:innen zeigt, dass ein Grossteil der Befragten optimistisch auf die digitalen Ver\u00e4nderungen blickt.\" \/>\n<meta name=\"robots\" content=\"index, follow, max-snippet:-1, max-image-preview:large, max-video-preview:-1\" \/>\n<link rel=\"canonical\" href=\"https:\/\/www.organisator.ch\/fr\/formation-continue-2\/2023-04-04\/umfrage-unter-kv-lehrabgaengerinnen-ueberstunden-und-digitalisierung-im-fokus\/\" \/>\n<meta property=\"og:locale\" content=\"fr_FR\" \/>\n<meta property=\"og:type\" content=\"article\" \/>\n<meta property=\"og:title\" content=\"Umfrage unter KV-Lehrabg\u00e4nger:innen: \u00dcberstunden und Digitalisierung im Fokus\" \/>\n<meta property=\"og:description\" content=\"Die Umfrage 2022 unter KV-Lehrabg\u00e4nger:innen zeigt, dass ein Grossteil der Befragten optimistisch auf die digitalen Ver\u00e4nderungen blickt.\" \/>\n<meta property=\"og:url\" content=\"https:\/\/www.organisator.ch\/fr\/formation-continue-2\/2023-04-04\/umfrage-unter-kv-lehrabgaengerinnen-ueberstunden-und-digitalisierung-im-fokus\/\" \/>\n<meta property=\"og:site_name\" content=\"Organisator\" \/>\n<meta property=\"article:publisher\" content=\"https:\/\/www.facebook.com\/OrganisatorFachmagazin\" \/>\n<meta property=\"article:published_time\" content=\"2023-04-04T06:41:01+00:00\" \/>\n<meta property=\"og:image\" content=\"https:\/\/www.organisator.ch\/wp-content\/uploads\/2023\/04\/Umfrage-unter-KV-Lehrabgaengerinnen-Ueberstunden-und-Digitalisierung-im-Fokus_Organisator.jpg\" \/>\n\t<meta property=\"og:image:width\" content=\"680\" \/>\n\t<meta property=\"og:image:height\" content=\"424\" \/>\n\t<meta property=\"og:image:type\" content=\"image\/jpeg\" \/>\n<meta name=\"author\" content=\"thomas.berner\" \/>\n<meta name=\"twitter:card\" content=\"summary_large_image\" \/>\n<meta name=\"twitter:title\" content=\"Umfrage unter #KV-Lehrabg\u00e4nger:innen: #\u00dcberstunden und #Digitalisierung im Fokus\" \/>\n<meta name=\"twitter:description\" content=\"Die Umfrage 2022 unter #KV-Lehrabg\u00e4nger:innen zeigt, dass ein Grossteil der Befragten optimistisch auf die digitalen Ver\u00e4nderungen blickt.\" \/>\n<meta name=\"twitter:image\" content=\"https:\/\/www.organisator.ch\/wp-content\/uploads\/2023\/04\/Umfrage-unter-KV-Lehrabgaengerinnen-Ueberstunden-und-Digitalisierung-im-Fokus_Organisator.jpg\" \/>\n<script type=\"application\/ld+json\" class=\"yoast-schema-graph\">{\"@context\":\"https:\\\/\\\/schema.org\",\"@graph\":[{\"@type\":\"Article\",\"@id\":\"https:\\\/\\\/www.organisator.ch\\\/weiterbildung\\\/2023-04-04\\\/umfrage-unter-kv-lehrabgaengerinnen-ueberstunden-und-digitalisierung-im-fokus\\\/#article\",\"isPartOf\":{\"@id\":\"https:\\\/\\\/www.organisator.ch\\\/weiterbildung\\\/2023-04-04\\\/umfrage-unter-kv-lehrabgaengerinnen-ueberstunden-und-digitalisierung-im-fokus\\\/\"},\"author\":{\"name\":\"thomas.berner\",\"@id\":\"https:\\\/\\\/www.organisator.ch\\\/#\\\/schema\\\/person\\\/6f650f90b2842cd4c0cc334b4e36f67e\"},\"headline\":\"Umfrage unter KV-Lehrabg\u00e4nger:innen: \u00dcberstunden und Digitalisierung im Fokus\",\"datePublished\":\"2023-04-04T06:41:01+00:00\",\"mainEntityOfPage\":{\"@id\":\"https:\\\/\\\/www.organisator.ch\\\/weiterbildung\\\/2023-04-04\\\/umfrage-unter-kv-lehrabgaengerinnen-ueberstunden-und-digitalisierung-im-fokus\\\/\"},\"wordCount\":710,\"publisher\":{\"@id\":\"https:\\\/\\\/www.organisator.ch\\\/#organization\"},\"image\":{\"@id\":\"https:\\\/\\\/www.organisator.ch\\\/weiterbildung\\\/2023-04-04\\\/umfrage-unter-kv-lehrabgaengerinnen-ueberstunden-und-digitalisierung-im-fokus\\\/#primaryimage\"},\"thumbnailUrl\":\"https:\\\/\\\/www.organisator.ch\\\/wp-content\\\/uploads\\\/2023\\\/04\\\/Umfrage-unter-KV-Lehrabgaengerinnen-Ueberstunden-und-Digitalisierung-im-Fokus_Organisator.jpg\",\"keywords\":[\"Aus-\\\/Weiterbildung\",\"Kaufm\u00e4nnische Berufsbildung\",\"Umfrage\"],\"articleSection\":[\"WEITERBILDUNG\"],\"inLanguage\":\"fr-FR\"},{\"@type\":\"WebPage\",\"@id\":\"https:\\\/\\\/www.organisator.ch\\\/weiterbildung\\\/2023-04-04\\\/umfrage-unter-kv-lehrabgaengerinnen-ueberstunden-und-digitalisierung-im-fokus\\\/\",\"url\":\"https:\\\/\\\/www.organisator.ch\\\/weiterbildung\\\/2023-04-04\\\/umfrage-unter-kv-lehrabgaengerinnen-ueberstunden-und-digitalisierung-im-fokus\\\/\",\"name\":\"Umfrage unter KV-Lehrabg\u00e4nger:innen: \u00dcberstunden und Digitalisierung im Fokus - Organisator\",\"isPartOf\":{\"@id\":\"https:\\\/\\\/www.organisator.ch\\\/#website\"},\"primaryImageOfPage\":{\"@id\":\"https:\\\/\\\/www.organisator.ch\\\/weiterbildung\\\/2023-04-04\\\/umfrage-unter-kv-lehrabgaengerinnen-ueberstunden-und-digitalisierung-im-fokus\\\/#primaryimage\"},\"image\":{\"@id\":\"https:\\\/\\\/www.organisator.ch\\\/weiterbildung\\\/2023-04-04\\\/umfrage-unter-kv-lehrabgaengerinnen-ueberstunden-und-digitalisierung-im-fokus\\\/#primaryimage\"},\"thumbnailUrl\":\"https:\\\/\\\/www.organisator.ch\\\/wp-content\\\/uploads\\\/2023\\\/04\\\/Umfrage-unter-KV-Lehrabgaengerinnen-Ueberstunden-und-Digitalisierung-im-Fokus_Organisator.jpg\",\"datePublished\":\"2023-04-04T06:41:01+00:00\",\"description\":\"Die Umfrage 2022 unter KV-Lehrabg\u00e4nger:innen zeigt, dass ein Grossteil der Befragten optimistisch auf die digitalen Ver\u00e4nderungen blickt.\",\"breadcrumb\":{\"@id\":\"https:\\\/\\\/www.organisator.ch\\\/weiterbildung\\\/2023-04-04\\\/umfrage-unter-kv-lehrabgaengerinnen-ueberstunden-und-digitalisierung-im-fokus\\\/#breadcrumb\"},\"inLanguage\":\"fr-FR\",\"potentialAction\":[{\"@type\":\"ReadAction\",\"target\":[\"https:\\\/\\\/www.organisator.ch\\\/weiterbildung\\\/2023-04-04\\\/umfrage-unter-kv-lehrabgaengerinnen-ueberstunden-und-digitalisierung-im-fokus\\\/\"]}]},{\"@type\":\"ImageObject\",\"inLanguage\":\"fr-FR\",\"@id\":\"https:\\\/\\\/www.organisator.ch\\\/weiterbildung\\\/2023-04-04\\\/umfrage-unter-kv-lehrabgaengerinnen-ueberstunden-und-digitalisierung-im-fokus\\\/#primaryimage\",\"url\":\"https:\\\/\\\/www.organisator.ch\\\/wp-content\\\/uploads\\\/2023\\\/04\\\/Umfrage-unter-KV-Lehrabgaengerinnen-Ueberstunden-und-Digitalisierung-im-Fokus_Organisator.jpg\",\"contentUrl\":\"https:\\\/\\\/www.organisator.ch\\\/wp-content\\\/uploads\\\/2023\\\/04\\\/Umfrage-unter-KV-Lehrabgaengerinnen-Ueberstunden-und-Digitalisierung-im-Fokus_Organisator.jpg\",\"width\":680,\"height\":424,\"caption\":\"Keine Angst vor Digitalisierung, aber viele \u00dcberstunden: Dies sagen KV-Lehrabg\u00e4nger:innen in einer aktuellen Umfrage. (Bild: Unsplash.com)\"},{\"@type\":\"BreadcrumbList\",\"@id\":\"https:\\\/\\\/www.organisator.ch\\\/weiterbildung\\\/2023-04-04\\\/umfrage-unter-kv-lehrabgaengerinnen-ueberstunden-und-digitalisierung-im-fokus\\\/#breadcrumb\",\"itemListElement\":[{\"@type\":\"ListItem\",\"position\":1,\"name\":\"Home\",\"item\":\"https:\\\/\\\/www.organisator.ch\\\/\"},{\"@type\":\"ListItem\",\"position\":2,\"name\":\"Umfrage unter KV-Lehrabg\u00e4nger:innen: \u00dcberstunden und Digitalisierung im Fokus\"}]},{\"@type\":\"WebSite\",\"@id\":\"https:\\\/\\\/www.organisator.ch\\\/#website\",\"url\":\"https:\\\/\\\/www.organisator.ch\\\/\",\"name\":\"Organisator\",\"description\":\"Kompetent. Praxisnah. Der ORGANISATOR bereitet in 10 Ausgaben pro Jahr die wesentlichen Themen f\u00fcr F\u00fchrungskr\u00e4fte von KMU auf.\",\"publisher\":{\"@id\":\"https:\\\/\\\/www.organisator.ch\\\/#organization\"},\"potentialAction\":[{\"@type\":\"SearchAction\",\"target\":{\"@type\":\"EntryPoint\",\"urlTemplate\":\"https:\\\/\\\/www.organisator.ch\\\/?s={search_term_string}\"},\"query-input\":{\"@type\":\"PropertyValueSpecification\",\"valueRequired\":true,\"valueName\":\"search_term_string\"}}],\"inLanguage\":\"fr-FR\"},{\"@type\":\"Organization\",\"@id\":\"https:\\\/\\\/www.organisator.ch\\\/#organization\",\"name\":\"Organisator\",\"url\":\"https:\\\/\\\/www.organisator.ch\\\/\",\"logo\":{\"@type\":\"ImageObject\",\"inLanguage\":\"fr-FR\",\"@id\":\"https:\\\/\\\/www.organisator.ch\\\/#\\\/schema\\\/logo\\\/image\\\/\",\"url\":\"https:\\\/\\\/www.organisator.ch\\\/wp-content\\\/uploads\\\/2022\\\/01\\\/Logo_Organisator_Website.png\",\"contentUrl\":\"https:\\\/\\\/www.organisator.ch\\\/wp-content\\\/uploads\\\/2022\\\/01\\\/Logo_Organisator_Website.png\",\"width\":800,\"height\":77,\"caption\":\"Organisator\"},\"image\":{\"@id\":\"https:\\\/\\\/www.organisator.ch\\\/#\\\/schema\\\/logo\\\/image\\\/\"},\"sameAs\":[\"https:\\\/\\\/www.facebook.com\\\/OrganisatorFachmagazin\",\"https:\\\/\\\/www.linkedin.com\\\/showcase\\\/organisator-das-magazin-fr-kmu\",\"https:\\\/\\\/www.xing.com\\\/news\\\/pages\\\/organisator-ch-695\",\"https:\\\/\\\/www.youtube.com\\\/channel\\\/UCGP2Sq0iWaZwT3BdIAQFYpw\"]},{\"@type\":\"Person\",\"@id\":\"https:\\\/\\\/www.organisator.ch\\\/#\\\/schema\\\/person\\\/6f650f90b2842cd4c0cc334b4e36f67e\",\"name\":\"thomas.berner\",\"image\":{\"@type\":\"ImageObject\",\"inLanguage\":\"fr-FR\",\"@id\":\"https:\\\/\\\/secure.gravatar.com\\\/avatar\\\/ac5001d2a36cb6c6cd3e50789007ffca834b477b74a2144564522e944eabff61?s=96&d=mm&r=g\",\"url\":\"https:\\\/\\\/secure.gravatar.com\\\/avatar\\\/ac5001d2a36cb6c6cd3e50789007ffca834b477b74a2144564522e944eabff61?s=96&d=mm&r=g\",\"contentUrl\":\"https:\\\/\\\/secure.gravatar.com\\\/avatar\\\/ac5001d2a36cb6c6cd3e50789007ffca834b477b74a2144564522e944eabff61?s=96&d=mm&r=g\",\"caption\":\"thomas.berner\"},\"url\":\"https:\\\/\\\/www.organisator.ch\\\/fr\\\/author\\\/thomas-berner\\\/\"}]}<\/script>\n<!-- \/ Yoast SEO plugin. -->","yoast_head_json":{"title":"Enqu\u00eate aupr\u00e8s des apprentis de commerce : Heures suppl\u00e9mentaires et num\u00e9risation en point de mire - Organisateur","description":"L'enqu\u00eate 2022 aupr\u00e8s des apprentis de commerce montre qu'une grande partie des personnes interrog\u00e9es sont optimistes quant aux changements num\u00e9riques.","robots":{"index":"index","follow":"follow","max-snippet":"max-snippet:-1","max-image-preview":"max-image-preview:large","max-video-preview":"max-video-preview:-1"},"canonical":"https:\/\/www.organisator.ch\/fr\/formation-continue-2\/2023-04-04\/umfrage-unter-kv-lehrabgaengerinnen-ueberstunden-und-digitalisierung-im-fokus\/","og_locale":"fr_FR","og_type":"article","og_title":"Umfrage unter KV-Lehrabg\u00e4nger:innen: \u00dcberstunden und Digitalisierung im Fokus","og_description":"Die Umfrage 2022 unter KV-Lehrabg\u00e4nger:innen zeigt, dass ein Grossteil der Befragten optimistisch auf die digitalen Ver\u00e4nderungen blickt.","og_url":"https:\/\/www.organisator.ch\/fr\/formation-continue-2\/2023-04-04\/umfrage-unter-kv-lehrabgaengerinnen-ueberstunden-und-digitalisierung-im-fokus\/","og_site_name":"Organisator","article_publisher":"https:\/\/www.facebook.com\/OrganisatorFachmagazin","article_published_time":"2023-04-04T06:41:01+00:00","og_image":[{"width":680,"height":424,"url":"https:\/\/www.organisator.ch\/wp-content\/uploads\/2023\/04\/Umfrage-unter-KV-Lehrabgaengerinnen-Ueberstunden-und-Digitalisierung-im-Fokus_Organisator.jpg","type":"image\/jpeg"}],"author":"thomas.berner","twitter_card":"summary_large_image","twitter_title":"Umfrage unter #KV-Lehrabg\u00e4nger:innen: #\u00dcberstunden und #Digitalisierung im Fokus","twitter_description":"Die Umfrage 2022 unter #KV-Lehrabg\u00e4nger:innen zeigt, dass ein Grossteil der Befragten optimistisch auf die digitalen Ver\u00e4nderungen blickt.","twitter_image":"https:\/\/www.organisator.ch\/wp-content\/uploads\/2023\/04\/Umfrage-unter-KV-Lehrabgaengerinnen-Ueberstunden-und-Digitalisierung-im-Fokus_Organisator.jpg","schema":{"@context":"https:\/\/schema.org","@graph":[{"@type":"Article","@id":"https:\/\/www.organisator.ch\/weiterbildung\/2023-04-04\/umfrage-unter-kv-lehrabgaengerinnen-ueberstunden-und-digitalisierung-im-fokus\/#article","isPartOf":{"@id":"https:\/\/www.organisator.ch\/weiterbildung\/2023-04-04\/umfrage-unter-kv-lehrabgaengerinnen-ueberstunden-und-digitalisierung-im-fokus\/"},"author":{"name":"thomas.berner","@id":"https:\/\/www.organisator.ch\/#\/schema\/person\/6f650f90b2842cd4c0cc334b4e36f67e"},"headline":"Umfrage unter KV-Lehrabg\u00e4nger:innen: \u00dcberstunden und Digitalisierung im Fokus","datePublished":"2023-04-04T06:41:01+00:00","mainEntityOfPage":{"@id":"https:\/\/www.organisator.ch\/weiterbildung\/2023-04-04\/umfrage-unter-kv-lehrabgaengerinnen-ueberstunden-und-digitalisierung-im-fokus\/"},"wordCount":710,"publisher":{"@id":"https:\/\/www.organisator.ch\/#organization"},"image":{"@id":"https:\/\/www.organisator.ch\/weiterbildung\/2023-04-04\/umfrage-unter-kv-lehrabgaengerinnen-ueberstunden-und-digitalisierung-im-fokus\/#primaryimage"},"thumbnailUrl":"https:\/\/www.organisator.ch\/wp-content\/uploads\/2023\/04\/Umfrage-unter-KV-Lehrabgaengerinnen-Ueberstunden-und-Digitalisierung-im-Fokus_Organisator.jpg","keywords":["Aus-\/Weiterbildung","Kaufm\u00e4nnische Berufsbildung","Umfrage"],"articleSection":["WEITERBILDUNG"],"inLanguage":"fr-FR"},{"@type":"WebPage","@id":"https:\/\/www.organisator.ch\/weiterbildung\/2023-04-04\/umfrage-unter-kv-lehrabgaengerinnen-ueberstunden-und-digitalisierung-im-fokus\/","url":"https:\/\/www.organisator.ch\/weiterbildung\/2023-04-04\/umfrage-unter-kv-lehrabgaengerinnen-ueberstunden-und-digitalisierung-im-fokus\/","name":"Enqu\u00eate aupr\u00e8s des apprentis de commerce : Heures suppl\u00e9mentaires et num\u00e9risation en point de mire - Organisateur","isPartOf":{"@id":"https:\/\/www.organisator.ch\/#website"},"primaryImageOfPage":{"@id":"https:\/\/www.organisator.ch\/weiterbildung\/2023-04-04\/umfrage-unter-kv-lehrabgaengerinnen-ueberstunden-und-digitalisierung-im-fokus\/#primaryimage"},"image":{"@id":"https:\/\/www.organisator.ch\/weiterbildung\/2023-04-04\/umfrage-unter-kv-lehrabgaengerinnen-ueberstunden-und-digitalisierung-im-fokus\/#primaryimage"},"thumbnailUrl":"https:\/\/www.organisator.ch\/wp-content\/uploads\/2023\/04\/Umfrage-unter-KV-Lehrabgaengerinnen-Ueberstunden-und-Digitalisierung-im-Fokus_Organisator.jpg","datePublished":"2023-04-04T06:41:01+00:00","description":"L'enqu\u00eate 2022 aupr\u00e8s des apprentis de commerce montre qu'une grande partie des personnes interrog\u00e9es sont optimistes quant aux changements num\u00e9riques.","breadcrumb":{"@id":"https:\/\/www.organisator.ch\/weiterbildung\/2023-04-04\/umfrage-unter-kv-lehrabgaengerinnen-ueberstunden-und-digitalisierung-im-fokus\/#breadcrumb"},"inLanguage":"fr-FR","potentialAction":[{"@type":"ReadAction","target":["https:\/\/www.organisator.ch\/weiterbildung\/2023-04-04\/umfrage-unter-kv-lehrabgaengerinnen-ueberstunden-und-digitalisierung-im-fokus\/"]}]},{"@type":"ImageObject","inLanguage":"fr-FR","@id":"https:\/\/www.organisator.ch\/weiterbildung\/2023-04-04\/umfrage-unter-kv-lehrabgaengerinnen-ueberstunden-und-digitalisierung-im-fokus\/#primaryimage","url":"https:\/\/www.organisator.ch\/wp-content\/uploads\/2023\/04\/Umfrage-unter-KV-Lehrabgaengerinnen-Ueberstunden-und-Digitalisierung-im-Fokus_Organisator.jpg","contentUrl":"https:\/\/www.organisator.ch\/wp-content\/uploads\/2023\/04\/Umfrage-unter-KV-Lehrabgaengerinnen-Ueberstunden-und-Digitalisierung-im-Fokus_Organisator.jpg","width":680,"height":424,"caption":"Keine Angst vor Digitalisierung, aber viele \u00dcberstunden: Dies sagen KV-Lehrabg\u00e4nger:innen in einer aktuellen Umfrage. (Bild: Unsplash.com)"},{"@type":"BreadcrumbList","@id":"https:\/\/www.organisator.ch\/weiterbildung\/2023-04-04\/umfrage-unter-kv-lehrabgaengerinnen-ueberstunden-und-digitalisierung-im-fokus\/#breadcrumb","itemListElement":[{"@type":"ListItem","position":1,"name":"Home","item":"https:\/\/www.organisator.ch\/"},{"@type":"ListItem","position":2,"name":"Umfrage unter KV-Lehrabg\u00e4nger:innen: \u00dcberstunden und Digitalisierung im Fokus"}]},{"@type":"WebSite","@id":"https:\/\/www.organisator.ch\/#website","url":"https:\/\/www.organisator.ch\/","name":"Organisateur","description":"Comp\u00e9tence et comp\u00e9tence. Proches de la pratique. L'ORGANISATEUR pr\u00e9pare 10 num\u00e9ros par an sur les th\u00e8mes essentiels pour les dirigeants de PME.","publisher":{"@id":"https:\/\/www.organisator.ch\/#organization"},"potentialAction":[{"@type":"SearchAction","target":{"@type":"EntryPoint","urlTemplate":"https:\/\/www.organisator.ch\/?s={search_term_string}"},"query-input":{"@type":"PropertyValueSpecification","valueRequired":true,"valueName":"search_term_string"}}],"inLanguage":"fr-FR"},{"@type":"Organization","@id":"https:\/\/www.organisator.ch\/#organization","name":"Organisateur","url":"https:\/\/www.organisator.ch\/","logo":{"@type":"ImageObject","inLanguage":"fr-FR","@id":"https:\/\/www.organisator.ch\/#\/schema\/logo\/image\/","url":"https:\/\/www.organisator.ch\/wp-content\/uploads\/2022\/01\/Logo_Organisator_Website.png","contentUrl":"https:\/\/www.organisator.ch\/wp-content\/uploads\/2022\/01\/Logo_Organisator_Website.png","width":800,"height":77,"caption":"Organisator"},"image":{"@id":"https:\/\/www.organisator.ch\/#\/schema\/logo\/image\/"},"sameAs":["https:\/\/www.facebook.com\/OrganisatorFachmagazin","https:\/\/www.linkedin.com\/showcase\/organisator-das-magazin-fr-kmu","https:\/\/www.xing.com\/news\/pages\/organisator-ch-695","https:\/\/www.youtube.com\/channel\/UCGP2Sq0iWaZwT3BdIAQFYpw"]},{"@type":"Person","@id":"https:\/\/www.organisator.ch\/#\/schema\/person\/6f650f90b2842cd4c0cc334b4e36f67e","name":"thomas.berner","image":{"@type":"ImageObject","inLanguage":"fr-FR","@id":"https:\/\/secure.gravatar.com\/avatar\/ac5001d2a36cb6c6cd3e50789007ffca834b477b74a2144564522e944eabff61?s=96&d=mm&r=g","url":"https:\/\/secure.gravatar.com\/avatar\/ac5001d2a36cb6c6cd3e50789007ffca834b477b74a2144564522e944eabff61?s=96&d=mm&r=g","contentUrl":"https:\/\/secure.gravatar.com\/avatar\/ac5001d2a36cb6c6cd3e50789007ffca834b477b74a2144564522e944eabff61?s=96&d=mm&r=g","caption":"thomas.berner"},"url":"https:\/\/www.organisator.ch\/fr\/author\/thomas-berner\/"}]}},"_links":{"self":[{"href":"https:\/\/www.organisator.ch\/fr\/wp-json\/wp\/v2\/posts\/19521","targetHints":{"allow":["GET"]}}],"collection":[{"href":"https:\/\/www.organisator.ch\/fr\/wp-json\/wp\/v2\/posts"}],"about":[{"href":"https:\/\/www.organisator.ch\/fr\/wp-json\/wp\/v2\/types\/post"}],"author":[{"embeddable":true,"href":"https:\/\/www.organisator.ch\/fr\/wp-json\/wp\/v2\/users\/4"}],"replies":[{"embeddable":true,"href":"https:\/\/www.organisator.ch\/fr\/wp-json\/wp\/v2\/comments?post=19521"}],"version-history":[{"count":4,"href":"https:\/\/www.organisator.ch\/fr\/wp-json\/wp\/v2\/posts\/19521\/revisions"}],"predecessor-version":[{"id":19528,"href":"https:\/\/www.organisator.ch\/fr\/wp-json\/wp\/v2\/posts\/19521\/revisions\/19528"}],"wp:featuredmedia":[{"embeddable":true,"href":"https:\/\/www.organisator.ch\/fr\/wp-json\/wp\/v2\/media\/19522"}],"wp:attachment":[{"href":"https:\/\/www.organisator.ch\/fr\/wp-json\/wp\/v2\/media?parent=19521"}],"wp:term":[{"taxonomy":"category","embeddable":true,"href":"https:\/\/www.organisator.ch\/fr\/wp-json\/wp\/v2\/categories?post=19521"},{"taxonomy":"post_tag","embeddable":true,"href":"https:\/\/www.organisator.ch\/fr\/wp-json\/wp\/v2\/tags?post=19521"}],"curies":[{"name":"wp","href":"https:\/\/api.w.org\/{rel}","templated":true}]}}