{"id":19580,"date":"2023-04-06T16:28:06","date_gmt":"2023-04-06T14:28:06","guid":{"rendered":"https:\/\/www.organisator.ch\/?p=19580"},"modified":"2023-04-06T16:28:06","modified_gmt":"2023-04-06T14:28:06","slug":"finalistinnen-und-finalisten-des-swiss-economic-award-sind-bekannt","status":"publish","type":"post","link":"https:\/\/www.organisator.ch\/fr\/management\/2023-04-06\/finalistinnen-und-finalisten-des-swiss-economic-award-sind-bekannt\/","title":{"rendered":"Les finalistes du Swiss Economic Award sont connus"},"content":{"rendered":"<figure id=\"attachment_19582\" aria-describedby=\"caption-attachment-19582\" style=\"width: 680px\" class=\"wp-caption alignnone\"><img loading=\"lazy\" decoding=\"async\" class=\"size-medium wp-image-19582\" src=\"https:\/\/www.organisator.ch\/wp-content\/uploads\/2023\/04\/Finalistinnen-und-Finalisten-des-Swiss-Economic-Award-sind-bekannt_Organisator-680x456.jpg\" alt=\"\" width=\"680\" height=\"456\" srcset=\"https:\/\/www.organisator.ch\/wp-content\/uploads\/2023\/04\/Finalistinnen-und-Finalisten-des-Swiss-Economic-Award-sind-bekannt_Organisator-680x456.jpg 680w, https:\/\/www.organisator.ch\/wp-content\/uploads\/2023\/04\/Finalistinnen-und-Finalisten-des-Swiss-Economic-Award-sind-bekannt_Organisator-768x515.jpg 768w, https:\/\/www.organisator.ch\/wp-content\/uploads\/2023\/04\/Finalistinnen-und-Finalisten-des-Swiss-Economic-Award-sind-bekannt_Organisator-18x12.jpg 18w, https:\/\/www.organisator.ch\/wp-content\/uploads\/2023\/04\/Finalistinnen-und-Finalisten-des-Swiss-Economic-Award-sind-bekannt_Organisator-375x252.jpg 375w, https:\/\/www.organisator.ch\/wp-content\/uploads\/2023\/04\/Finalistinnen-und-Finalisten-des-Swiss-Economic-Award-sind-bekannt_Organisator-522x350.jpg 522w, https:\/\/www.organisator.ch\/wp-content\/uploads\/2023\/04\/Finalistinnen-und-Finalisten-des-Swiss-Economic-Award-sind-bekannt_Organisator.jpg 945w\" sizes=\"auto, (max-width: 680px) 100vw, 680px\" \/><figcaption id=\"caption-attachment-19582\" class=\"wp-caption-text\">Impressions de la remise du Swiss Economic Award 2022. (Image : NZZ Connect)<\/figcaption><\/figure>\n<p>Le Swiss Economic Award (SEF) est, selon ses propres dires, le prix le plus important pour les jeunes entreprises en Suisse et f\u00eate cette ann\u00e9e son 25e anniversaire. Ce prix tr\u00e8s convoit\u00e9 r\u00e9compense des performances entrepreneuriales exceptionnelles dans les cat\u00e9gories services, deeptech\/science de la vie et production\/artisanat. Une \u00e9quipe compos\u00e9e d'experts bien inform\u00e9s a s\u00e9lectionn\u00e9 neuf entreprises parmi les 120 candidatures re\u00e7ues pour la finale.<\/p>\n<p>Les finalistes pr\u00e9senteront leur id\u00e9e commerciale pendant le Swiss Economic Forum les 8 et 9 juin 2023 devant un jury de renom et des acteurs influents de l'\u00e9conomie suisse. Les finalistes du Swiss Economic Award 2023 sont :<\/p>\n<ul>\n<li><strong>Cat\u00e9gorie Service :<\/strong> <a href=\"https:\/\/maptiler.ch\/de\/\">MapTiler SA<\/a> (plateforme de cartographie pour la cr\u00e9ation de cartes zoomables), <a href=\"https:\/\/neho.ch\/de\">Proptech Partners SA \/ Neho<\/a> (agence immobili\u00e8re sans commission), <a href=\"https:\/\/unit8.com\/\">Unit8 SA<\/a> (soci\u00e9t\u00e9 de services de donn\u00e9es dont la mission est d'aider les entreprises non num\u00e9riques \u00e0 transformer les donn\u00e9es en valeur gr\u00e2ce \u00e0 un m\u00e9lange de science des donn\u00e9es, d'analytique et d'IA).<\/li>\n<li><strong>Cat\u00e9gorie Deeptech\/Science de la vie :<\/strong> <a href=\"https:\/\/daphnetechnology.com\/\">Daphne Technology SA<\/a> (technologie de r\u00e9duction du m\u00e9thane, gaz \u00e0 effet de serre), <a href=\"https:\/\/flybotix.com\/\">Flybotix SA<\/a> (syst\u00e8me d'inspection int\u00e9rieure assist\u00e9 par drone), <a href=\"https:\/\/www.sevensense.ai\/\">Sevensense Robotics AG <\/a>(syst\u00e8mes pour robots mobiles autonomes)<\/li>\n<li><strong>Cat\u00e9gorie production\/commerce :<\/strong> <a href=\"https:\/\/boostbar.ch\/de\/\">Boostbar AG<\/a> (solution de restauration durable avec Smart Fridge), <a href=\"https:\/\/impactacoustic.com\/de\">Impact Acoustic AG<\/a> (solutions d'acoustique int\u00e9rieure en plastique recycl\u00e9 \u00e0 partir de bouteilles en plastique), <a href=\"https:\/\/koa-impact.com\/?lang=de\">Koa Switzerland AG<\/a> (fruits du cacao issus d'une production durable)<\/li>\n<\/ul>\n<p>Les finalistes b\u00e9n\u00e9ficient d'une expertise approfondie, d'une \u00e9norme couverture m\u00e9diatique et de l'acc\u00e8s au r\u00e9seau SEF.Founder. Les gagnants recevront chacun un prix de 25 000 francs.<\/p>\n<p><em>Source et informations compl\u00e9mentaires : Swiss Economic Forum <a href=\"\/www.swisseconomic.ch\">SEF<\/a><\/em><\/p>","protected":false},"excerpt":{"rendered":"<p>Der Swiss Economic Award (SEF) ist der nach eigenen Angaben bedeutendste Preis f\u00fcr Jungunternehmen in der Schweiz und feiert dieses Jahr das 25-j\u00e4hrige Jubil\u00e4um. Die begehrte Auszeichnung pr\u00e4miert herausragende unternehmerische Leistungen in den Kategorien Dienstleistung, Deeptech\/Life Science und Produktion\/Gewerbe. Ein Team bestehend aus kenntnisreichen Experten hat aus \u00fcber 120 eingereichten Bewerbungen neun Unternehmen f\u00fcr das [&hellip;]<\/p>\n","protected":false},"author":4,"featured_media":19582,"comment_status":"closed","ping_status":"closed","sticky":false,"template":"","format":"standard","meta":{"_acf_changed":false,"_yoast_wpseo_focuskw":"Swiss Economic Award","_yoast_wpseo_metadesc":"Die Finalisten f\u00fcr den Swiss Economic Award 2023 stehen fest. Die Gewinner werden am 8.\/9. Juni 2023 am Swiss Economic Forum (SEF) pr\u00e4miert.","articlekey":"","footnotes":""},"categories":[28],"tags":[66,451,2255],"class_list":["post-19580","post","type-post","status-publish","format-standard","has-post-thumbnail","hentry","category-management","tag-awards","tag-startups","tag-swiss-economic-forum"],"acf":[],"yoast_head":"<!-- This site is optimized with the Yoast SEO plugin v27.5 - https:\/\/yoast.com\/product\/yoast-seo-wordpress\/ -->\n<title>Finalistinnen und Finalisten des Swiss Economic Award sind bekannt - Organisator<\/title>\n<meta name=\"description\" content=\"Die Finalisten f\u00fcr den Swiss Economic Award 2023 stehen fest. Die Gewinner werden am 8.\/9. Juni 2023 am Swiss Economic Forum (SEF) pr\u00e4miert.\" \/>\n<meta name=\"robots\" content=\"index, follow, max-snippet:-1, max-image-preview:large, max-video-preview:-1\" \/>\n<link rel=\"canonical\" href=\"https:\/\/www.organisator.ch\/fr\/gestion-2\/2023-04-06\/finalistinnen-und-finalisten-des-swiss-economic-award-sind-bekannt\/\" \/>\n<meta property=\"og:locale\" content=\"fr_FR\" \/>\n<meta property=\"og:type\" content=\"article\" \/>\n<meta property=\"og:title\" content=\"Finalistinnen und Finalisten des Swiss Economic Award sind bekannt\" \/>\n<meta property=\"og:description\" content=\"Die Finalisten f\u00fcr den Swiss Economic Award 2023 stehen fest. Die Gewinner werden am 8.\/9. Juni 2023 am Swiss Economic Forum (SEF) pr\u00e4miert.\" \/>\n<meta property=\"og:url\" content=\"https:\/\/www.organisator.ch\/fr\/gestion-2\/2023-04-06\/finalistinnen-und-finalisten-des-swiss-economic-award-sind-bekannt\/\" \/>\n<meta property=\"og:site_name\" content=\"Organisator\" \/>\n<meta property=\"article:publisher\" content=\"https:\/\/www.facebook.com\/OrganisatorFachmagazin\" \/>\n<meta property=\"article:published_time\" content=\"2023-04-06T14:28:06+00:00\" \/>\n<meta property=\"og:image\" content=\"https:\/\/www.organisator.ch\/wp-content\/uploads\/2023\/04\/Finalistinnen-und-Finalisten-des-Swiss-Economic-Award-sind-bekannt_Organisator.jpg\" \/>\n\t<meta property=\"og:image:width\" content=\"945\" \/>\n\t<meta property=\"og:image:height\" content=\"634\" \/>\n\t<meta property=\"og:image:type\" content=\"image\/jpeg\" \/>\n<meta name=\"author\" content=\"thomas.berner\" \/>\n<meta name=\"twitter:card\" content=\"summary_large_image\" \/>\n<meta name=\"twitter:title\" content=\"#Finalistinnen und #Finalisten des Swiss Economic Award sind bekannt\" \/>\n<meta name=\"twitter:description\" content=\"Die #Finalisten f\u00fcr den Swiss Economic Award 2023 stehen fest. Die Gewinner werden am 8.\/9. Juni 2023 am Swiss Economic Forum (#SEF) pr\u00e4miert.\" \/>\n<meta name=\"twitter:image\" content=\"https:\/\/www.organisator.ch\/wp-content\/uploads\/2023\/04\/Finalistinnen-und-Finalisten-des-Swiss-Economic-Award-sind-bekannt_Organisator.jpg\" \/>\n<script type=\"application\/ld+json\" class=\"yoast-schema-graph\">{\"@context\":\"https:\\\/\\\/schema.org\",\"@graph\":[{\"@type\":\"Article\",\"@id\":\"https:\\\/\\\/www.organisator.ch\\\/management\\\/2023-04-06\\\/finalistinnen-und-finalisten-des-swiss-economic-award-sind-bekannt\\\/#article\",\"isPartOf\":{\"@id\":\"https:\\\/\\\/www.organisator.ch\\\/management\\\/2023-04-06\\\/finalistinnen-und-finalisten-des-swiss-economic-award-sind-bekannt\\\/\"},\"author\":{\"name\":\"thomas.berner\",\"@id\":\"https:\\\/\\\/www.organisator.ch\\\/#\\\/schema\\\/person\\\/6f650f90b2842cd4c0cc334b4e36f67e\"},\"headline\":\"Finalistinnen und Finalisten des Swiss Economic Award sind bekannt\",\"datePublished\":\"2023-04-06T14:28:06+00:00\",\"mainEntityOfPage\":{\"@id\":\"https:\\\/\\\/www.organisator.ch\\\/management\\\/2023-04-06\\\/finalistinnen-und-finalisten-des-swiss-economic-award-sind-bekannt\\\/\"},\"wordCount\":269,\"publisher\":{\"@id\":\"https:\\\/\\\/www.organisator.ch\\\/#organization\"},\"image\":{\"@id\":\"https:\\\/\\\/www.organisator.ch\\\/management\\\/2023-04-06\\\/finalistinnen-und-finalisten-des-swiss-economic-award-sind-bekannt\\\/#primaryimage\"},\"thumbnailUrl\":\"https:\\\/\\\/www.organisator.ch\\\/wp-content\\\/uploads\\\/2023\\\/04\\\/Finalistinnen-und-Finalisten-des-Swiss-Economic-Award-sind-bekannt_Organisator.jpg\",\"keywords\":[\"Awards\",\"Startups\",\"Swiss Economic Forum\"],\"articleSection\":[\"MANAGEMENT\"],\"inLanguage\":\"fr-FR\"},{\"@type\":\"WebPage\",\"@id\":\"https:\\\/\\\/www.organisator.ch\\\/management\\\/2023-04-06\\\/finalistinnen-und-finalisten-des-swiss-economic-award-sind-bekannt\\\/\",\"url\":\"https:\\\/\\\/www.organisator.ch\\\/management\\\/2023-04-06\\\/finalistinnen-und-finalisten-des-swiss-economic-award-sind-bekannt\\\/\",\"name\":\"Finalistinnen und Finalisten des Swiss Economic Award sind bekannt - Organisator\",\"isPartOf\":{\"@id\":\"https:\\\/\\\/www.organisator.ch\\\/#website\"},\"primaryImageOfPage\":{\"@id\":\"https:\\\/\\\/www.organisator.ch\\\/management\\\/2023-04-06\\\/finalistinnen-und-finalisten-des-swiss-economic-award-sind-bekannt\\\/#primaryimage\"},\"image\":{\"@id\":\"https:\\\/\\\/www.organisator.ch\\\/management\\\/2023-04-06\\\/finalistinnen-und-finalisten-des-swiss-economic-award-sind-bekannt\\\/#primaryimage\"},\"thumbnailUrl\":\"https:\\\/\\\/www.organisator.ch\\\/wp-content\\\/uploads\\\/2023\\\/04\\\/Finalistinnen-und-Finalisten-des-Swiss-Economic-Award-sind-bekannt_Organisator.jpg\",\"datePublished\":\"2023-04-06T14:28:06+00:00\",\"description\":\"Die Finalisten f\u00fcr den Swiss Economic Award 2023 stehen fest. Die Gewinner werden am 8.\\\/9. Juni 2023 am Swiss Economic Forum (SEF) pr\u00e4miert.\",\"breadcrumb\":{\"@id\":\"https:\\\/\\\/www.organisator.ch\\\/management\\\/2023-04-06\\\/finalistinnen-und-finalisten-des-swiss-economic-award-sind-bekannt\\\/#breadcrumb\"},\"inLanguage\":\"fr-FR\",\"potentialAction\":[{\"@type\":\"ReadAction\",\"target\":[\"https:\\\/\\\/www.organisator.ch\\\/management\\\/2023-04-06\\\/finalistinnen-und-finalisten-des-swiss-economic-award-sind-bekannt\\\/\"]}]},{\"@type\":\"ImageObject\",\"inLanguage\":\"fr-FR\",\"@id\":\"https:\\\/\\\/www.organisator.ch\\\/management\\\/2023-04-06\\\/finalistinnen-und-finalisten-des-swiss-economic-award-sind-bekannt\\\/#primaryimage\",\"url\":\"https:\\\/\\\/www.organisator.ch\\\/wp-content\\\/uploads\\\/2023\\\/04\\\/Finalistinnen-und-Finalisten-des-Swiss-Economic-Award-sind-bekannt_Organisator.jpg\",\"contentUrl\":\"https:\\\/\\\/www.organisator.ch\\\/wp-content\\\/uploads\\\/2023\\\/04\\\/Finalistinnen-und-Finalisten-des-Swiss-Economic-Award-sind-bekannt_Organisator.jpg\",\"width\":945,\"height\":634,\"caption\":\"Impressionen von der Verleihung des Swiss Economic Award 2022. (Bild: NZZ Connect)\"},{\"@type\":\"BreadcrumbList\",\"@id\":\"https:\\\/\\\/www.organisator.ch\\\/management\\\/2023-04-06\\\/finalistinnen-und-finalisten-des-swiss-economic-award-sind-bekannt\\\/#breadcrumb\",\"itemListElement\":[{\"@type\":\"ListItem\",\"position\":1,\"name\":\"Home\",\"item\":\"https:\\\/\\\/www.organisator.ch\\\/\"},{\"@type\":\"ListItem\",\"position\":2,\"name\":\"Finalistinnen und Finalisten des Swiss Economic Award sind bekannt\"}]},{\"@type\":\"WebSite\",\"@id\":\"https:\\\/\\\/www.organisator.ch\\\/#website\",\"url\":\"https:\\\/\\\/www.organisator.ch\\\/\",\"name\":\"Organisator\",\"description\":\"Kompetent. Praxisnah. Der ORGANISATOR bereitet in 10 Ausgaben pro Jahr die wesentlichen Themen f\u00fcr F\u00fchrungskr\u00e4fte von KMU auf.\",\"publisher\":{\"@id\":\"https:\\\/\\\/www.organisator.ch\\\/#organization\"},\"potentialAction\":[{\"@type\":\"SearchAction\",\"target\":{\"@type\":\"EntryPoint\",\"urlTemplate\":\"https:\\\/\\\/www.organisator.ch\\\/?s={search_term_string}\"},\"query-input\":{\"@type\":\"PropertyValueSpecification\",\"valueRequired\":true,\"valueName\":\"search_term_string\"}}],\"inLanguage\":\"fr-FR\"},{\"@type\":\"Organization\",\"@id\":\"https:\\\/\\\/www.organisator.ch\\\/#organization\",\"name\":\"Organisator\",\"url\":\"https:\\\/\\\/www.organisator.ch\\\/\",\"logo\":{\"@type\":\"ImageObject\",\"inLanguage\":\"fr-FR\",\"@id\":\"https:\\\/\\\/www.organisator.ch\\\/#\\\/schema\\\/logo\\\/image\\\/\",\"url\":\"https:\\\/\\\/www.organisator.ch\\\/wp-content\\\/uploads\\\/2022\\\/01\\\/Logo_Organisator_Website.png\",\"contentUrl\":\"https:\\\/\\\/www.organisator.ch\\\/wp-content\\\/uploads\\\/2022\\\/01\\\/Logo_Organisator_Website.png\",\"width\":800,\"height\":77,\"caption\":\"Organisator\"},\"image\":{\"@id\":\"https:\\\/\\\/www.organisator.ch\\\/#\\\/schema\\\/logo\\\/image\\\/\"},\"sameAs\":[\"https:\\\/\\\/www.facebook.com\\\/OrganisatorFachmagazin\",\"https:\\\/\\\/www.linkedin.com\\\/showcase\\\/organisator-das-magazin-fr-kmu\",\"https:\\\/\\\/www.xing.com\\\/news\\\/pages\\\/organisator-ch-695\",\"https:\\\/\\\/www.youtube.com\\\/channel\\\/UCGP2Sq0iWaZwT3BdIAQFYpw\"]},{\"@type\":\"Person\",\"@id\":\"https:\\\/\\\/www.organisator.ch\\\/#\\\/schema\\\/person\\\/6f650f90b2842cd4c0cc334b4e36f67e\",\"name\":\"thomas.berner\",\"image\":{\"@type\":\"ImageObject\",\"inLanguage\":\"fr-FR\",\"@id\":\"https:\\\/\\\/secure.gravatar.com\\\/avatar\\\/ac5001d2a36cb6c6cd3e50789007ffca834b477b74a2144564522e944eabff61?s=96&d=mm&r=g\",\"url\":\"https:\\\/\\\/secure.gravatar.com\\\/avatar\\\/ac5001d2a36cb6c6cd3e50789007ffca834b477b74a2144564522e944eabff61?s=96&d=mm&r=g\",\"contentUrl\":\"https:\\\/\\\/secure.gravatar.com\\\/avatar\\\/ac5001d2a36cb6c6cd3e50789007ffca834b477b74a2144564522e944eabff61?s=96&d=mm&r=g\",\"caption\":\"thomas.berner\"},\"url\":\"https:\\\/\\\/www.organisator.ch\\\/fr\\\/author\\\/thomas-berner\\\/\"}]}<\/script>\n<!-- \/ Yoast SEO plugin. -->","yoast_head_json":{"title":"Les finalistes du Swiss Economic Award sont connus - Organisateur","description":"Les finalistes du Swiss Economic Award 2023 ont \u00e9t\u00e9 d\u00e9sign\u00e9s. Les gagnants seront r\u00e9compens\u00e9s les 8 et 9 juin 2023 lors du Swiss Economic Forum (SEF).","robots":{"index":"index","follow":"follow","max-snippet":"max-snippet:-1","max-image-preview":"max-image-preview:large","max-video-preview":"max-video-preview:-1"},"canonical":"https:\/\/www.organisator.ch\/fr\/gestion-2\/2023-04-06\/finalistinnen-und-finalisten-des-swiss-economic-award-sind-bekannt\/","og_locale":"fr_FR","og_type":"article","og_title":"Finalistinnen und Finalisten des Swiss Economic Award sind bekannt","og_description":"Die Finalisten f\u00fcr den Swiss Economic Award 2023 stehen fest. Die Gewinner werden am 8.\/9. Juni 2023 am Swiss Economic Forum (SEF) pr\u00e4miert.","og_url":"https:\/\/www.organisator.ch\/fr\/gestion-2\/2023-04-06\/finalistinnen-und-finalisten-des-swiss-economic-award-sind-bekannt\/","og_site_name":"Organisator","article_publisher":"https:\/\/www.facebook.com\/OrganisatorFachmagazin","article_published_time":"2023-04-06T14:28:06+00:00","og_image":[{"width":945,"height":634,"url":"https:\/\/www.organisator.ch\/wp-content\/uploads\/2023\/04\/Finalistinnen-und-Finalisten-des-Swiss-Economic-Award-sind-bekannt_Organisator.jpg","type":"image\/jpeg"}],"author":"thomas.berner","twitter_card":"summary_large_image","twitter_title":"#Finalistinnen und #Finalisten des Swiss Economic Award sind bekannt","twitter_description":"Die #Finalisten f\u00fcr den Swiss Economic Award 2023 stehen fest. Die Gewinner werden am 8.\/9. Juni 2023 am Swiss Economic Forum (#SEF) pr\u00e4miert.","twitter_image":"https:\/\/www.organisator.ch\/wp-content\/uploads\/2023\/04\/Finalistinnen-und-Finalisten-des-Swiss-Economic-Award-sind-bekannt_Organisator.jpg","schema":{"@context":"https:\/\/schema.org","@graph":[{"@type":"Article","@id":"https:\/\/www.organisator.ch\/management\/2023-04-06\/finalistinnen-und-finalisten-des-swiss-economic-award-sind-bekannt\/#article","isPartOf":{"@id":"https:\/\/www.organisator.ch\/management\/2023-04-06\/finalistinnen-und-finalisten-des-swiss-economic-award-sind-bekannt\/"},"author":{"name":"thomas.berner","@id":"https:\/\/www.organisator.ch\/#\/schema\/person\/6f650f90b2842cd4c0cc334b4e36f67e"},"headline":"Finalistinnen und Finalisten des Swiss Economic Award sind bekannt","datePublished":"2023-04-06T14:28:06+00:00","mainEntityOfPage":{"@id":"https:\/\/www.organisator.ch\/management\/2023-04-06\/finalistinnen-und-finalisten-des-swiss-economic-award-sind-bekannt\/"},"wordCount":269,"publisher":{"@id":"https:\/\/www.organisator.ch\/#organization"},"image":{"@id":"https:\/\/www.organisator.ch\/management\/2023-04-06\/finalistinnen-und-finalisten-des-swiss-economic-award-sind-bekannt\/#primaryimage"},"thumbnailUrl":"https:\/\/www.organisator.ch\/wp-content\/uploads\/2023\/04\/Finalistinnen-und-Finalisten-des-Swiss-Economic-Award-sind-bekannt_Organisator.jpg","keywords":["Awards","Startups","Swiss Economic Forum"],"articleSection":["MANAGEMENT"],"inLanguage":"fr-FR"},{"@type":"WebPage","@id":"https:\/\/www.organisator.ch\/management\/2023-04-06\/finalistinnen-und-finalisten-des-swiss-economic-award-sind-bekannt\/","url":"https:\/\/www.organisator.ch\/management\/2023-04-06\/finalistinnen-und-finalisten-des-swiss-economic-award-sind-bekannt\/","name":"Les finalistes du Swiss Economic Award sont connus - Organisateur","isPartOf":{"@id":"https:\/\/www.organisator.ch\/#website"},"primaryImageOfPage":{"@id":"https:\/\/www.organisator.ch\/management\/2023-04-06\/finalistinnen-und-finalisten-des-swiss-economic-award-sind-bekannt\/#primaryimage"},"image":{"@id":"https:\/\/www.organisator.ch\/management\/2023-04-06\/finalistinnen-und-finalisten-des-swiss-economic-award-sind-bekannt\/#primaryimage"},"thumbnailUrl":"https:\/\/www.organisator.ch\/wp-content\/uploads\/2023\/04\/Finalistinnen-und-Finalisten-des-Swiss-Economic-Award-sind-bekannt_Organisator.jpg","datePublished":"2023-04-06T14:28:06+00:00","description":"Les finalistes du Swiss Economic Award 2023 ont \u00e9t\u00e9 d\u00e9sign\u00e9s. Les gagnants seront r\u00e9compens\u00e9s les 8 et 9 juin 2023 lors du Swiss Economic Forum (SEF).","breadcrumb":{"@id":"https:\/\/www.organisator.ch\/management\/2023-04-06\/finalistinnen-und-finalisten-des-swiss-economic-award-sind-bekannt\/#breadcrumb"},"inLanguage":"fr-FR","potentialAction":[{"@type":"ReadAction","target":["https:\/\/www.organisator.ch\/management\/2023-04-06\/finalistinnen-und-finalisten-des-swiss-economic-award-sind-bekannt\/"]}]},{"@type":"ImageObject","inLanguage":"fr-FR","@id":"https:\/\/www.organisator.ch\/management\/2023-04-06\/finalistinnen-und-finalisten-des-swiss-economic-award-sind-bekannt\/#primaryimage","url":"https:\/\/www.organisator.ch\/wp-content\/uploads\/2023\/04\/Finalistinnen-und-Finalisten-des-Swiss-Economic-Award-sind-bekannt_Organisator.jpg","contentUrl":"https:\/\/www.organisator.ch\/wp-content\/uploads\/2023\/04\/Finalistinnen-und-Finalisten-des-Swiss-Economic-Award-sind-bekannt_Organisator.jpg","width":945,"height":634,"caption":"Impressionen von der Verleihung des Swiss Economic Award 2022. (Bild: NZZ Connect)"},{"@type":"BreadcrumbList","@id":"https:\/\/www.organisator.ch\/management\/2023-04-06\/finalistinnen-und-finalisten-des-swiss-economic-award-sind-bekannt\/#breadcrumb","itemListElement":[{"@type":"ListItem","position":1,"name":"Home","item":"https:\/\/www.organisator.ch\/"},{"@type":"ListItem","position":2,"name":"Finalistinnen und Finalisten des Swiss Economic Award sind bekannt"}]},{"@type":"WebSite","@id":"https:\/\/www.organisator.ch\/#website","url":"https:\/\/www.organisator.ch\/","name":"Organisateur","description":"Comp\u00e9tence et comp\u00e9tence. Proches de la pratique. L'ORGANISATEUR pr\u00e9pare 10 num\u00e9ros par an sur les th\u00e8mes essentiels pour les dirigeants de PME.","publisher":{"@id":"https:\/\/www.organisator.ch\/#organization"},"potentialAction":[{"@type":"SearchAction","target":{"@type":"EntryPoint","urlTemplate":"https:\/\/www.organisator.ch\/?s={search_term_string}"},"query-input":{"@type":"PropertyValueSpecification","valueRequired":true,"valueName":"search_term_string"}}],"inLanguage":"fr-FR"},{"@type":"Organization","@id":"https:\/\/www.organisator.ch\/#organization","name":"Organisateur","url":"https:\/\/www.organisator.ch\/","logo":{"@type":"ImageObject","inLanguage":"fr-FR","@id":"https:\/\/www.organisator.ch\/#\/schema\/logo\/image\/","url":"https:\/\/www.organisator.ch\/wp-content\/uploads\/2022\/01\/Logo_Organisator_Website.png","contentUrl":"https:\/\/www.organisator.ch\/wp-content\/uploads\/2022\/01\/Logo_Organisator_Website.png","width":800,"height":77,"caption":"Organisator"},"image":{"@id":"https:\/\/www.organisator.ch\/#\/schema\/logo\/image\/"},"sameAs":["https:\/\/www.facebook.com\/OrganisatorFachmagazin","https:\/\/www.linkedin.com\/showcase\/organisator-das-magazin-fr-kmu","https:\/\/www.xing.com\/news\/pages\/organisator-ch-695","https:\/\/www.youtube.com\/channel\/UCGP2Sq0iWaZwT3BdIAQFYpw"]},{"@type":"Person","@id":"https:\/\/www.organisator.ch\/#\/schema\/person\/6f650f90b2842cd4c0cc334b4e36f67e","name":"thomas.berner","image":{"@type":"ImageObject","inLanguage":"fr-FR","@id":"https:\/\/secure.gravatar.com\/avatar\/ac5001d2a36cb6c6cd3e50789007ffca834b477b74a2144564522e944eabff61?s=96&d=mm&r=g","url":"https:\/\/secure.gravatar.com\/avatar\/ac5001d2a36cb6c6cd3e50789007ffca834b477b74a2144564522e944eabff61?s=96&d=mm&r=g","contentUrl":"https:\/\/secure.gravatar.com\/avatar\/ac5001d2a36cb6c6cd3e50789007ffca834b477b74a2144564522e944eabff61?s=96&d=mm&r=g","caption":"thomas.berner"},"url":"https:\/\/www.organisator.ch\/fr\/author\/thomas-berner\/"}]}},"_links":{"self":[{"href":"https:\/\/www.organisator.ch\/fr\/wp-json\/wp\/v2\/posts\/19580","targetHints":{"allow":["GET"]}}],"collection":[{"href":"https:\/\/www.organisator.ch\/fr\/wp-json\/wp\/v2\/posts"}],"about":[{"href":"https:\/\/www.organisator.ch\/fr\/wp-json\/wp\/v2\/types\/post"}],"author":[{"embeddable":true,"href":"https:\/\/www.organisator.ch\/fr\/wp-json\/wp\/v2\/users\/4"}],"replies":[{"embeddable":true,"href":"https:\/\/www.organisator.ch\/fr\/wp-json\/wp\/v2\/comments?post=19580"}],"version-history":[{"count":1,"href":"https:\/\/www.organisator.ch\/fr\/wp-json\/wp\/v2\/posts\/19580\/revisions"}],"predecessor-version":[{"id":19583,"href":"https:\/\/www.organisator.ch\/fr\/wp-json\/wp\/v2\/posts\/19580\/revisions\/19583"}],"wp:featuredmedia":[{"embeddable":true,"href":"https:\/\/www.organisator.ch\/fr\/wp-json\/wp\/v2\/media\/19582"}],"wp:attachment":[{"href":"https:\/\/www.organisator.ch\/fr\/wp-json\/wp\/v2\/media?parent=19580"}],"wp:term":[{"taxonomy":"category","embeddable":true,"href":"https:\/\/www.organisator.ch\/fr\/wp-json\/wp\/v2\/categories?post=19580"},{"taxonomy":"post_tag","embeddable":true,"href":"https:\/\/www.organisator.ch\/fr\/wp-json\/wp\/v2\/tags?post=19580"}],"curies":[{"name":"wp","href":"https:\/\/api.w.org\/{rel}","templated":true}]}}