{"id":19644,"date":"2023-04-11T20:53:11","date_gmt":"2023-04-11T18:53:11","guid":{"rendered":"https:\/\/www.organisator.ch\/de\/?p=19644"},"modified":"2023-04-11T10:56:39","modified_gmt":"2023-04-11T08:56:39","slug":"erfolgsfaktor-vertrauen-in-einer-digitalen-welt","status":"publish","type":"post","link":"https:\/\/www.organisator.ch\/fr\/abo\/2023-04-11\/erfolgsfaktor-vertrauen-in-einer-digitalen-welt\/","title":{"rendered":"La confiance, facteur de r\u00e9ussite dans un monde num\u00e9rique"},"content":{"rendered":"<div class=\"swpm-post-not-logged-in-msg\">Vous devez \u00eatre connect\u00e9 pour voir ce contenu. Veuillez <a class=\"swpm-login-link\" href=\"https:\/\/www.organisator.ch\/login\/\">Se connecter<\/a>. Pas un membre ? <a href=\"https:\/\/www.organisator.ch\/shop\/\">Nous Rejoindre<\/a><\/div>","protected":false},"excerpt":{"rendered":"<p>L'experte en communication num\u00e9rique, Nadine Stutz, explique les effets de la collaboration virtuelle sur la confiance. Elle montre ce que nous pouvons faire pour instaurer et renforcer la confiance dans un monde num\u00e9rique. <\/p>","protected":false},"author":1,"featured_media":19642,"comment_status":"closed","ping_status":"closed","sticky":false,"template":"","format":"standard","meta":{"_acf_changed":false,"_yoast_wpseo_focuskw":"Vertrauen","_yoast_wpseo_metadesc":"Die Expertin f\u00fcr digitale Kommunikation, Nadine Stutz, erl\u00e4utert, welche Auswirkungen die virtuelle Zusammenarbeit auf Vertrauen hat.","articlekey":"36645","footnotes":""},"categories":[578,29],"tags":[156,308],"class_list":["post-19644","post","type-post","status-publish","format-standard","has-post-thumbnail","hentry","category-abo","category-marketing","tag-digitalisierung","tag-kommunikation"],"acf":[],"yoast_head":"<!-- This site is optimized with the Yoast SEO plugin v27.5 - https:\/\/yoast.com\/product\/yoast-seo-wordpress\/ -->\n<title>Erfolgsfaktor Vertrauen in einer digitalen Welt - Organisator<\/title>\n<meta name=\"description\" content=\"Die Expertin f\u00fcr digitale Kommunikation, Nadine Stutz, erl\u00e4utert, welche Auswirkungen die virtuelle Zusammenarbeit auf Vertrauen hat.\" \/>\n<meta name=\"robots\" content=\"index, follow, max-snippet:-1, max-image-preview:large, max-video-preview:-1\" \/>\n<link rel=\"canonical\" href=\"https:\/\/www.organisator.ch\/fr\/marketing\/2023-04-11\/erfolgsfaktor-vertrauen-in-einer-digitalen-welt\/\" \/>\n<meta property=\"og:locale\" content=\"fr_FR\" \/>\n<meta property=\"og:type\" content=\"article\" \/>\n<meta property=\"og:title\" content=\"Erfolgsfaktor Vertrauen in einer digitalen Welt - Organisator\" \/>\n<meta property=\"og:description\" content=\"Die Expertin f\u00fcr digitale Kommunikation, Nadine Stutz, erl\u00e4utert, welche Auswirkungen die virtuelle Zusammenarbeit auf Vertrauen hat.\" \/>\n<meta property=\"og:url\" content=\"https:\/\/www.organisator.ch\/fr\/marketing\/2023-04-11\/erfolgsfaktor-vertrauen-in-einer-digitalen-welt\/\" \/>\n<meta property=\"og:site_name\" content=\"Organisator\" \/>\n<meta property=\"article:publisher\" content=\"https:\/\/www.facebook.com\/OrganisatorFachmagazin\" \/>\n<meta property=\"article:published_time\" content=\"2023-04-11T18:53:11+00:00\" \/>\n<meta property=\"og:image\" content=\"https:\/\/www.organisator.ch\/wp-content\/uploads\/2023\/04\/Marketing_Stutz_Bild_organisator_36653-scaled.jpg\" \/>\n\t<meta property=\"og:image:width\" content=\"1400\" \/>\n\t<meta property=\"og:image:height\" content=\"1046\" \/>\n\t<meta property=\"og:image:type\" content=\"image\/jpeg\" \/>\n<meta name=\"author\" content=\"admin\" \/>\n<meta name=\"twitter:card\" content=\"summary_large_image\" \/>\n<script type=\"application\/ld+json\" class=\"yoast-schema-graph\">{\"@context\":\"https:\\\/\\\/schema.org\",\"@graph\":[{\"@type\":\"Article\",\"@id\":\"https:\\\/\\\/www.organisator.ch\\\/marketing\\\/2023-04-11\\\/erfolgsfaktor-vertrauen-in-einer-digitalen-welt\\\/#article\",\"isPartOf\":{\"@id\":\"https:\\\/\\\/www.organisator.ch\\\/marketing\\\/2023-04-11\\\/erfolgsfaktor-vertrauen-in-einer-digitalen-welt\\\/\"},\"author\":{\"name\":\"admin\",\"@id\":\"https:\\\/\\\/www.organisator.ch\\\/#\\\/schema\\\/person\\\/aa2bace6c5c5aad60102004a50c4eb1c\"},\"headline\":\"Erfolgsfaktor Vertrauen in einer digitalen Welt\",\"datePublished\":\"2023-04-11T18:53:11+00:00\",\"mainEntityOfPage\":{\"@id\":\"https:\\\/\\\/www.organisator.ch\\\/marketing\\\/2023-04-11\\\/erfolgsfaktor-vertrauen-in-einer-digitalen-welt\\\/\"},\"wordCount\":1194,\"publisher\":{\"@id\":\"https:\\\/\\\/www.organisator.ch\\\/#organization\"},\"image\":{\"@id\":\"https:\\\/\\\/www.organisator.ch\\\/marketing\\\/2023-04-11\\\/erfolgsfaktor-vertrauen-in-einer-digitalen-welt\\\/#primaryimage\"},\"thumbnailUrl\":\"https:\\\/\\\/www.organisator.ch\\\/wp-content\\\/uploads\\\/2023\\\/04\\\/Marketing_Stutz_Bild_organisator_36653-scaled.jpg\",\"keywords\":[\"Digitalisierung\",\"Kommunikation\"],\"articleSection\":[\"ABO+\",\"MARKETING\"],\"inLanguage\":\"fr-FR\"},{\"@type\":\"WebPage\",\"@id\":\"https:\\\/\\\/www.organisator.ch\\\/marketing\\\/2023-04-11\\\/erfolgsfaktor-vertrauen-in-einer-digitalen-welt\\\/\",\"url\":\"https:\\\/\\\/www.organisator.ch\\\/marketing\\\/2023-04-11\\\/erfolgsfaktor-vertrauen-in-einer-digitalen-welt\\\/\",\"name\":\"Erfolgsfaktor Vertrauen in einer digitalen Welt - Organisator\",\"isPartOf\":{\"@id\":\"https:\\\/\\\/www.organisator.ch\\\/#website\"},\"primaryImageOfPage\":{\"@id\":\"https:\\\/\\\/www.organisator.ch\\\/marketing\\\/2023-04-11\\\/erfolgsfaktor-vertrauen-in-einer-digitalen-welt\\\/#primaryimage\"},\"image\":{\"@id\":\"https:\\\/\\\/www.organisator.ch\\\/marketing\\\/2023-04-11\\\/erfolgsfaktor-vertrauen-in-einer-digitalen-welt\\\/#primaryimage\"},\"thumbnailUrl\":\"https:\\\/\\\/www.organisator.ch\\\/wp-content\\\/uploads\\\/2023\\\/04\\\/Marketing_Stutz_Bild_organisator_36653-scaled.jpg\",\"datePublished\":\"2023-04-11T18:53:11+00:00\",\"description\":\"Die Expertin f\u00fcr digitale Kommunikation, Nadine Stutz, erl\u00e4utert, welche Auswirkungen die virtuelle Zusammenarbeit auf Vertrauen hat.\",\"breadcrumb\":{\"@id\":\"https:\\\/\\\/www.organisator.ch\\\/marketing\\\/2023-04-11\\\/erfolgsfaktor-vertrauen-in-einer-digitalen-welt\\\/#breadcrumb\"},\"inLanguage\":\"fr-FR\",\"potentialAction\":[{\"@type\":\"ReadAction\",\"target\":[\"https:\\\/\\\/www.organisator.ch\\\/marketing\\\/2023-04-11\\\/erfolgsfaktor-vertrauen-in-einer-digitalen-welt\\\/\"]}]},{\"@type\":\"ImageObject\",\"inLanguage\":\"fr-FR\",\"@id\":\"https:\\\/\\\/www.organisator.ch\\\/marketing\\\/2023-04-11\\\/erfolgsfaktor-vertrauen-in-einer-digitalen-welt\\\/#primaryimage\",\"url\":\"https:\\\/\\\/www.organisator.ch\\\/wp-content\\\/uploads\\\/2023\\\/04\\\/Marketing_Stutz_Bild_organisator_36653-scaled.jpg\",\"contentUrl\":\"https:\\\/\\\/www.organisator.ch\\\/wp-content\\\/uploads\\\/2023\\\/04\\\/Marketing_Stutz_Bild_organisator_36653-scaled.jpg\",\"width\":1400,\"height\":1046,\"caption\":\"Vertrauen baut auf N\u00e4he und Kontinuit\u00e4t. Auch in der virtuellen Welt muss N\u00e4he hergestellt und m\u00fcssen emotionale Distanzen abgebaut werden. \u00a9Depositphotos.com \u00a9Depositphotos.com\"},{\"@type\":\"BreadcrumbList\",\"@id\":\"https:\\\/\\\/www.organisator.ch\\\/marketing\\\/2023-04-11\\\/erfolgsfaktor-vertrauen-in-einer-digitalen-welt\\\/#breadcrumb\",\"itemListElement\":[{\"@type\":\"ListItem\",\"position\":1,\"name\":\"Home\",\"item\":\"https:\\\/\\\/www.organisator.ch\\\/\"},{\"@type\":\"ListItem\",\"position\":2,\"name\":\"Erfolgsfaktor Vertrauen in einer digitalen Welt\"}]},{\"@type\":\"WebSite\",\"@id\":\"https:\\\/\\\/www.organisator.ch\\\/#website\",\"url\":\"https:\\\/\\\/www.organisator.ch\\\/\",\"name\":\"Organisator\",\"description\":\"Kompetent. Praxisnah. Der ORGANISATOR bereitet in 10 Ausgaben pro Jahr die wesentlichen Themen f\u00fcr F\u00fchrungskr\u00e4fte von KMU auf.\",\"publisher\":{\"@id\":\"https:\\\/\\\/www.organisator.ch\\\/#organization\"},\"potentialAction\":[{\"@type\":\"SearchAction\",\"target\":{\"@type\":\"EntryPoint\",\"urlTemplate\":\"https:\\\/\\\/www.organisator.ch\\\/?s={search_term_string}\"},\"query-input\":{\"@type\":\"PropertyValueSpecification\",\"valueRequired\":true,\"valueName\":\"search_term_string\"}}],\"inLanguage\":\"fr-FR\"},{\"@type\":\"Organization\",\"@id\":\"https:\\\/\\\/www.organisator.ch\\\/#organization\",\"name\":\"Organisator\",\"url\":\"https:\\\/\\\/www.organisator.ch\\\/\",\"logo\":{\"@type\":\"ImageObject\",\"inLanguage\":\"fr-FR\",\"@id\":\"https:\\\/\\\/www.organisator.ch\\\/#\\\/schema\\\/logo\\\/image\\\/\",\"url\":\"https:\\\/\\\/www.organisator.ch\\\/wp-content\\\/uploads\\\/2022\\\/01\\\/Logo_Organisator_Website.png\",\"contentUrl\":\"https:\\\/\\\/www.organisator.ch\\\/wp-content\\\/uploads\\\/2022\\\/01\\\/Logo_Organisator_Website.png\",\"width\":800,\"height\":77,\"caption\":\"Organisator\"},\"image\":{\"@id\":\"https:\\\/\\\/www.organisator.ch\\\/#\\\/schema\\\/logo\\\/image\\\/\"},\"sameAs\":[\"https:\\\/\\\/www.facebook.com\\\/OrganisatorFachmagazin\",\"https:\\\/\\\/www.linkedin.com\\\/showcase\\\/organisator-das-magazin-fr-kmu\",\"https:\\\/\\\/www.xing.com\\\/news\\\/pages\\\/organisator-ch-695\",\"https:\\\/\\\/www.youtube.com\\\/channel\\\/UCGP2Sq0iWaZwT3BdIAQFYpw\"]},{\"@type\":\"Person\",\"@id\":\"https:\\\/\\\/www.organisator.ch\\\/#\\\/schema\\\/person\\\/aa2bace6c5c5aad60102004a50c4eb1c\",\"name\":\"admin\",\"image\":{\"@type\":\"ImageObject\",\"inLanguage\":\"fr-FR\",\"@id\":\"https:\\\/\\\/secure.gravatar.com\\\/avatar\\\/ae2f4d718e6c49043e314ce431e7e645d646302a24a5ef5a8bc8e3f5a032e319?s=96&d=mm&r=g\",\"url\":\"https:\\\/\\\/secure.gravatar.com\\\/avatar\\\/ae2f4d718e6c49043e314ce431e7e645d646302a24a5ef5a8bc8e3f5a032e319?s=96&d=mm&r=g\",\"contentUrl\":\"https:\\\/\\\/secure.gravatar.com\\\/avatar\\\/ae2f4d718e6c49043e314ce431e7e645d646302a24a5ef5a8bc8e3f5a032e319?s=96&d=mm&r=g\",\"caption\":\"admin\"},\"sameAs\":[\"https:\\\/\\\/www.organisator.ch\"],\"url\":\"https:\\\/\\\/www.organisator.ch\\\/fr\\\/author\\\/admin\\\/\"}]}<\/script>\n<!-- \/ Yoast SEO plugin. -->","yoast_head_json":{"title":"La confiance, facteur de r\u00e9ussite dans un monde num\u00e9rique - Organisateur","description":"L'experte en communication num\u00e9rique, Nadine Stutz, explique les effets de la collaboration virtuelle sur la confiance.","robots":{"index":"index","follow":"follow","max-snippet":"max-snippet:-1","max-image-preview":"max-image-preview:large","max-video-preview":"max-video-preview:-1"},"canonical":"https:\/\/www.organisator.ch\/fr\/marketing\/2023-04-11\/erfolgsfaktor-vertrauen-in-einer-digitalen-welt\/","og_locale":"fr_FR","og_type":"article","og_title":"Erfolgsfaktor Vertrauen in einer digitalen Welt - Organisator","og_description":"Die Expertin f\u00fcr digitale Kommunikation, Nadine Stutz, erl\u00e4utert, welche Auswirkungen die virtuelle Zusammenarbeit auf Vertrauen hat.","og_url":"https:\/\/www.organisator.ch\/fr\/marketing\/2023-04-11\/erfolgsfaktor-vertrauen-in-einer-digitalen-welt\/","og_site_name":"Organisator","article_publisher":"https:\/\/www.facebook.com\/OrganisatorFachmagazin","article_published_time":"2023-04-11T18:53:11+00:00","og_image":[{"width":1400,"height":1046,"url":"https:\/\/www.organisator.ch\/wp-content\/uploads\/2023\/04\/Marketing_Stutz_Bild_organisator_36653-scaled.jpg","type":"image\/jpeg"}],"author":"admin","twitter_card":"summary_large_image","schema":{"@context":"https:\/\/schema.org","@graph":[{"@type":"Article","@id":"https:\/\/www.organisator.ch\/marketing\/2023-04-11\/erfolgsfaktor-vertrauen-in-einer-digitalen-welt\/#article","isPartOf":{"@id":"https:\/\/www.organisator.ch\/marketing\/2023-04-11\/erfolgsfaktor-vertrauen-in-einer-digitalen-welt\/"},"author":{"name":"admin","@id":"https:\/\/www.organisator.ch\/#\/schema\/person\/aa2bace6c5c5aad60102004a50c4eb1c"},"headline":"Erfolgsfaktor Vertrauen in einer digitalen Welt","datePublished":"2023-04-11T18:53:11+00:00","mainEntityOfPage":{"@id":"https:\/\/www.organisator.ch\/marketing\/2023-04-11\/erfolgsfaktor-vertrauen-in-einer-digitalen-welt\/"},"wordCount":1194,"publisher":{"@id":"https:\/\/www.organisator.ch\/#organization"},"image":{"@id":"https:\/\/www.organisator.ch\/marketing\/2023-04-11\/erfolgsfaktor-vertrauen-in-einer-digitalen-welt\/#primaryimage"},"thumbnailUrl":"https:\/\/www.organisator.ch\/wp-content\/uploads\/2023\/04\/Marketing_Stutz_Bild_organisator_36653-scaled.jpg","keywords":["Digitalisierung","Kommunikation"],"articleSection":["ABO+","MARKETING"],"inLanguage":"fr-FR"},{"@type":"WebPage","@id":"https:\/\/www.organisator.ch\/marketing\/2023-04-11\/erfolgsfaktor-vertrauen-in-einer-digitalen-welt\/","url":"https:\/\/www.organisator.ch\/marketing\/2023-04-11\/erfolgsfaktor-vertrauen-in-einer-digitalen-welt\/","name":"La confiance, facteur de r\u00e9ussite dans un monde num\u00e9rique - Organisateur","isPartOf":{"@id":"https:\/\/www.organisator.ch\/#website"},"primaryImageOfPage":{"@id":"https:\/\/www.organisator.ch\/marketing\/2023-04-11\/erfolgsfaktor-vertrauen-in-einer-digitalen-welt\/#primaryimage"},"image":{"@id":"https:\/\/www.organisator.ch\/marketing\/2023-04-11\/erfolgsfaktor-vertrauen-in-einer-digitalen-welt\/#primaryimage"},"thumbnailUrl":"https:\/\/www.organisator.ch\/wp-content\/uploads\/2023\/04\/Marketing_Stutz_Bild_organisator_36653-scaled.jpg","datePublished":"2023-04-11T18:53:11+00:00","description":"L'experte en communication num\u00e9rique, Nadine Stutz, explique les effets de la collaboration virtuelle sur la confiance.","breadcrumb":{"@id":"https:\/\/www.organisator.ch\/marketing\/2023-04-11\/erfolgsfaktor-vertrauen-in-einer-digitalen-welt\/#breadcrumb"},"inLanguage":"fr-FR","potentialAction":[{"@type":"ReadAction","target":["https:\/\/www.organisator.ch\/marketing\/2023-04-11\/erfolgsfaktor-vertrauen-in-einer-digitalen-welt\/"]}]},{"@type":"ImageObject","inLanguage":"fr-FR","@id":"https:\/\/www.organisator.ch\/marketing\/2023-04-11\/erfolgsfaktor-vertrauen-in-einer-digitalen-welt\/#primaryimage","url":"https:\/\/www.organisator.ch\/wp-content\/uploads\/2023\/04\/Marketing_Stutz_Bild_organisator_36653-scaled.jpg","contentUrl":"https:\/\/www.organisator.ch\/wp-content\/uploads\/2023\/04\/Marketing_Stutz_Bild_organisator_36653-scaled.jpg","width":1400,"height":1046,"caption":"Vertrauen baut auf N\u00e4he und Kontinuit\u00e4t. Auch in der virtuellen Welt muss N\u00e4he hergestellt und m\u00fcssen emotionale Distanzen abgebaut werden. \u00a9Depositphotos.com \u00a9Depositphotos.com"},{"@type":"BreadcrumbList","@id":"https:\/\/www.organisator.ch\/marketing\/2023-04-11\/erfolgsfaktor-vertrauen-in-einer-digitalen-welt\/#breadcrumb","itemListElement":[{"@type":"ListItem","position":1,"name":"Home","item":"https:\/\/www.organisator.ch\/"},{"@type":"ListItem","position":2,"name":"Erfolgsfaktor Vertrauen in einer digitalen Welt"}]},{"@type":"WebSite","@id":"https:\/\/www.organisator.ch\/#website","url":"https:\/\/www.organisator.ch\/","name":"Organisateur","description":"Comp\u00e9tence et comp\u00e9tence. Proches de la pratique. L'ORGANISATEUR pr\u00e9pare 10 num\u00e9ros par an sur les th\u00e8mes essentiels pour les dirigeants de PME.","publisher":{"@id":"https:\/\/www.organisator.ch\/#organization"},"potentialAction":[{"@type":"SearchAction","target":{"@type":"EntryPoint","urlTemplate":"https:\/\/www.organisator.ch\/?s={search_term_string}"},"query-input":{"@type":"PropertyValueSpecification","valueRequired":true,"valueName":"search_term_string"}}],"inLanguage":"fr-FR"},{"@type":"Organization","@id":"https:\/\/www.organisator.ch\/#organization","name":"Organisateur","url":"https:\/\/www.organisator.ch\/","logo":{"@type":"ImageObject","inLanguage":"fr-FR","@id":"https:\/\/www.organisator.ch\/#\/schema\/logo\/image\/","url":"https:\/\/www.organisator.ch\/wp-content\/uploads\/2022\/01\/Logo_Organisator_Website.png","contentUrl":"https:\/\/www.organisator.ch\/wp-content\/uploads\/2022\/01\/Logo_Organisator_Website.png","width":800,"height":77,"caption":"Organisator"},"image":{"@id":"https:\/\/www.organisator.ch\/#\/schema\/logo\/image\/"},"sameAs":["https:\/\/www.facebook.com\/OrganisatorFachmagazin","https:\/\/www.linkedin.com\/showcase\/organisator-das-magazin-fr-kmu","https:\/\/www.xing.com\/news\/pages\/organisator-ch-695","https:\/\/www.youtube.com\/channel\/UCGP2Sq0iWaZwT3BdIAQFYpw"]},{"@type":"Person","@id":"https:\/\/www.organisator.ch\/#\/schema\/person\/aa2bace6c5c5aad60102004a50c4eb1c","name":"admin","image":{"@type":"ImageObject","inLanguage":"fr-FR","@id":"https:\/\/secure.gravatar.com\/avatar\/ae2f4d718e6c49043e314ce431e7e645d646302a24a5ef5a8bc8e3f5a032e319?s=96&d=mm&r=g","url":"https:\/\/secure.gravatar.com\/avatar\/ae2f4d718e6c49043e314ce431e7e645d646302a24a5ef5a8bc8e3f5a032e319?s=96&d=mm&r=g","contentUrl":"https:\/\/secure.gravatar.com\/avatar\/ae2f4d718e6c49043e314ce431e7e645d646302a24a5ef5a8bc8e3f5a032e319?s=96&d=mm&r=g","caption":"admin"},"sameAs":["https:\/\/www.organisator.ch"],"url":"https:\/\/www.organisator.ch\/fr\/author\/admin\/"}]}},"_links":{"self":[{"href":"https:\/\/www.organisator.ch\/fr\/wp-json\/wp\/v2\/posts\/19644","targetHints":{"allow":["GET"]}}],"collection":[{"href":"https:\/\/www.organisator.ch\/fr\/wp-json\/wp\/v2\/posts"}],"about":[{"href":"https:\/\/www.organisator.ch\/fr\/wp-json\/wp\/v2\/types\/post"}],"author":[{"embeddable":true,"href":"https:\/\/www.organisator.ch\/fr\/wp-json\/wp\/v2\/users\/1"}],"replies":[{"embeddable":true,"href":"https:\/\/www.organisator.ch\/fr\/wp-json\/wp\/v2\/comments?post=19644"}],"version-history":[{"count":4,"href":"https:\/\/www.organisator.ch\/fr\/wp-json\/wp\/v2\/posts\/19644\/revisions"}],"predecessor-version":[{"id":19807,"href":"https:\/\/www.organisator.ch\/fr\/wp-json\/wp\/v2\/posts\/19644\/revisions\/19807"}],"wp:featuredmedia":[{"embeddable":true,"href":"https:\/\/www.organisator.ch\/fr\/wp-json\/wp\/v2\/media\/19642"}],"wp:attachment":[{"href":"https:\/\/www.organisator.ch\/fr\/wp-json\/wp\/v2\/media?parent=19644"}],"wp:term":[{"taxonomy":"category","embeddable":true,"href":"https:\/\/www.organisator.ch\/fr\/wp-json\/wp\/v2\/categories?post=19644"},{"taxonomy":"post_tag","embeddable":true,"href":"https:\/\/www.organisator.ch\/fr\/wp-json\/wp\/v2\/tags?post=19644"}],"curies":[{"name":"wp","href":"https:\/\/api.w.org\/{rel}","templated":true}]}}