{"id":1965,"date":"2017-05-31T08:56:53","date_gmt":"2017-05-31T06:56:53","guid":{"rendered":"https:\/\/www.organisator.ch\/?p=1965"},"modified":"2017-05-31T08:56:53","modified_gmt":"2017-05-31T06:56:53","slug":"bauhauptgewerbe-verzeichnet-gute-umsaetze-im-ersten-quartal","status":"publish","type":"post","link":"https:\/\/www.organisator.ch\/fr\/allgemein\/2017-05-31\/bauhauptgewerbe-verzeichnet-gute-umsaetze-im-ersten-quartal\/","title":{"rendered":"Le secteur principal de la construction enregistre de bons chiffres d'affaires au premier trimestre"},"content":{"rendered":"<figure id=\"attachment_1966\" aria-describedby=\"caption-attachment-1966\" style=\"width: 640px\" class=\"wp-caption alignnone\"><img loading=\"lazy\" decoding=\"async\" class=\"size-full wp-image-1966\" src=\"https:\/\/www.organisator.ch\/wp-content\/uploads\/2017\/05\/Bauhauptgewerbe-verzeichnet-gute-Umsaetze-im-ersten-Quartal_Organisator.jpg\" alt=\"\" width=\"640\" height=\"425\" srcset=\"https:\/\/www.organisator.ch\/wp-content\/uploads\/2017\/05\/Bauhauptgewerbe-verzeichnet-gute-Umsaetze-im-ersten-Quartal_Organisator.jpg 640w, https:\/\/www.organisator.ch\/wp-content\/uploads\/2017\/05\/Bauhauptgewerbe-verzeichnet-gute-Umsaetze-im-ersten-Quartal_Organisator-16x12.jpg 16w, https:\/\/www.organisator.ch\/wp-content\/uploads\/2017\/05\/Bauhauptgewerbe-verzeichnet-gute-Umsaetze-im-ersten-Quartal_Organisator-264x175.jpg 264w, https:\/\/www.organisator.ch\/wp-content\/uploads\/2017\/05\/Bauhauptgewerbe-verzeichnet-gute-Umsaetze-im-ersten-Quartal_Organisator-527x350.jpg 527w, https:\/\/www.organisator.ch\/wp-content\/uploads\/2017\/05\/Bauhauptgewerbe-verzeichnet-gute-Umsaetze-im-ersten-Quartal_Organisator-300x199.jpg 300w\" sizes=\"auto, (max-width: 640px) 100vw, 640px\" \/><figcaption id=\"caption-attachment-1966\" class=\"wp-caption-text\">Le secteur principal de la construction enregistre des chiffres d'affaires plus \u00e9lev\u00e9s au premier trimestre 2017. (Petra Bork \/ pixelio.de)<\/figcaption><\/figure>\n<p>Apr\u00e8s une bonne ann\u00e9e 2016 dans la construction, de nombreux \u00e9l\u00e9ments laissent pr\u00e9sager une consolidation \u00e0 un niveau \u00e9lev\u00e9 pour l'ann\u00e9e en cours. Les chiffres d'affaires du secteur principal de la construction au premier trimestre augmentent certes de 7,2% \u00e0 pr\u00e8s de 4 milliards de francs, le b\u00e2timent (+10,2%) s'en sortant mieux que le g\u00e9nie civil (+4,1%). Toutefois, les effets m\u00e9t\u00e9orologiques jouent toujours un r\u00f4le important au premier trimestre, raison pour laquelle cette hausse ne doit pas \u00eatre surestim\u00e9e. Dans le Mitteland, le mois de janvier a \u00e9t\u00e9 tr\u00e8s froid, mais on ne construit de toute fa\u00e7on que peu en janvier. En f\u00e9vrier et mars, mois plus d\u00e9cisifs, les conditions m\u00e9t\u00e9orologiques ont \u00e9t\u00e9 favorables aux entreprises de construction, ce qui devrait avoir plus que compens\u00e9 le froid de janvier.<\/p>\n<p><strong>Consolidation \u00e0 haut niveau attendue<\/strong><\/p>\n<p>Les entr\u00e9es de commandes ont diminu\u00e9 de 8,1% par rapport \u00e0 l'ann\u00e9e pr\u00e9c\u00e9dente. Les carnets de commandes sont \u00e9galement en baisse. Cela indique que la hausse du chiffre d'affaires au premier trimestre \u00e9tait de nature passag\u00e8re et qu'il faut s'attendre \u00e0 une consolidation \u00e0 un niveau \u00e9lev\u00e9 au cours de l'ann\u00e9e. Dans l'ensemble, la Soci\u00e9t\u00e9 Suisse des Entrepreneurs s'attend \u00e0 ce que le volume de construction de l'ann\u00e9e en cours soit similaire \u00e0 celui de 2016.<\/p>\n<p><strong>Des risques plus \u00e9lev\u00e9s \u00e0 long terme sur le march\u00e9 du logement<\/strong><\/p>\n<p>Les facteurs fondamentaux pour le secteur de la construction, notamment le faible niveau des taux d'int\u00e9r\u00eat et la croissance d\u00e9mographique toujours appr\u00e9ciable malgr\u00e9 le recul de l'immigration nette, restent intacts. Le fait que l'on construise depuis quelques ann\u00e9es plus de logements que le march\u00e9 ne peut en absorber est toutefois pr\u00e9occupant. Le taux de vacance augmente en cons\u00e9quence. Il n'est certes pas encore \u00e0 un niveau critique, mais les risques sur le march\u00e9 du logement augmentent \u00e0 moyen et long terme.<\/p>\n<p><em>Plus d'informations : <a href=\"http:\/\/www.baumeister.ch\">Soci\u00e9t\u00e9 suisse des entrepreneurs<\/a><\/em><\/p>","protected":false},"excerpt":{"rendered":"<p>Nach dem guten Baujahr 2016 deutet vieles im aktuellen Jahr auf eine Konsolidierung auf hohem Niveau hin. Die Ums\u00e4tze im Bauhauptgewerbe\u00a0im ersten Quartal steigen zwar um 7.2% auf knapp 4 Milliarden Franken, wobei der Hochbau (+10.2%) besser abschneidet als der Tiefbau (+4.1%). Im ersten Quartal spielen jedoch Witterungseffekte immer eine grosse Rolle, weshalb der Anstieg [&hellip;]<\/p>\n","protected":false},"author":4,"featured_media":1966,"comment_status":"open","ping_status":"open","sticky":false,"template":"","format":"standard","meta":{"_acf_changed":false,"_yoast_wpseo_focuskw":"Bauhauptgewerbe","_yoast_wpseo_metadesc":"Die Ums\u00e4tze im Schweizer Bauhauptgewerbe sind im ersten Quartal 2017 gegen\u00fcber dem Vorjahresquartal um sieben Prozent gestiegen.","articlekey":"","footnotes":""},"categories":[1],"tags":[71,492,503,531],"class_list":["post-1965","post","type-post","status-publish","format-standard","has-post-thumbnail","hentry","category-allgemein","tag-baubranche","tag-unternehmen","tag-verbaende","tag-wirtschaftspolitik"],"acf":[],"yoast_head":"<!-- This site is optimized with the Yoast SEO plugin v27.5 - https:\/\/yoast.com\/product\/yoast-seo-wordpress\/ -->\n<title>Bauhauptgewerbe verzeichnet gute Ums\u00e4tze im ersten Quartal - Organisator<\/title>\n<meta name=\"description\" content=\"Die Ums\u00e4tze im Schweizer Bauhauptgewerbe sind im ersten Quartal 2017 gegen\u00fcber dem Vorjahresquartal um sieben Prozent gestiegen.\" \/>\n<meta name=\"robots\" content=\"index, follow, max-snippet:-1, max-image-preview:large, max-video-preview:-1\" \/>\n<link rel=\"canonical\" href=\"https:\/\/www.organisator.ch\/fr\/general\/2017-05-31\/bauhauptgewerbe-verzeichnet-gute-umsaetze-im-ersten-quartal\/\" \/>\n<meta property=\"og:locale\" content=\"fr_FR\" \/>\n<meta property=\"og:type\" content=\"article\" \/>\n<meta property=\"og:title\" content=\"Bauhauptgewerbe verzeichnet gute Ums\u00e4tze im ersten Quartal\" \/>\n<meta property=\"og:description\" content=\"Die Ums\u00e4tze im Schweizer #Bauhauptgewerbe sind im ersten Quartal 2017 gegen\u00fcber dem Vorjahresquartal um sieben Prozent gestiegen.\" \/>\n<meta property=\"og:url\" content=\"https:\/\/www.organisator.ch\/fr\/general\/2017-05-31\/bauhauptgewerbe-verzeichnet-gute-umsaetze-im-ersten-quartal\/\" \/>\n<meta property=\"og:site_name\" content=\"Organisator\" \/>\n<meta property=\"article:publisher\" content=\"https:\/\/www.facebook.com\/OrganisatorFachmagazin\" \/>\n<meta property=\"article:published_time\" content=\"2017-05-31T06:56:53+00:00\" \/>\n<meta property=\"og:image\" content=\"https:\/\/www.organisator.ch\/wp-content\/uploads\/2017\/05\/Bauhauptgewerbe-verzeichnet-gute-Umsaetze-im-ersten-Quartal_Organisator.jpg\" \/>\n\t<meta property=\"og:image:width\" content=\"640\" \/>\n\t<meta property=\"og:image:height\" content=\"425\" \/>\n\t<meta property=\"og:image:type\" content=\"image\/jpeg\" \/>\n<meta name=\"author\" content=\"thomas.berner\" \/>\n<meta name=\"twitter:card\" content=\"summary_large_image\" \/>\n<meta name=\"twitter:title\" content=\"#Bauhauptgewerbe verzeichnet gute Ums\u00e4tze im ersten Quartal, sagt #Baumeisterverband\" \/>\n<meta name=\"twitter:description\" content=\"Die Ums\u00e4tze im Schweizer #Bauhauptgewerbe sind im ersten Quartal 2017 gegen\u00fcber dem Vorjahresquartal um sieben Prozent gestiegen.\" \/>\n<meta name=\"twitter:image\" content=\"https:\/\/www.organisator.ch\/wp-content\/uploads\/2017\/05\/Bauhauptgewerbe-verzeichnet-gute-Ums\u00e4tze-im-ersten-Quartal_Organisator.jpg\" \/>\n<script type=\"application\/ld+json\" class=\"yoast-schema-graph\">{\"@context\":\"https:\\\/\\\/schema.org\",\"@graph\":[{\"@type\":\"Article\",\"@id\":\"https:\\\/\\\/www.organisator.ch\\\/fr\\\/general\\\/2017-05-31\\\/bauhauptgewerbe-verzeichnet-gute-umsaetze-im-ersten-quartal\\\/#article\",\"isPartOf\":{\"@id\":\"https:\\\/\\\/www.organisator.ch\\\/fr\\\/general\\\/2017-05-31\\\/bauhauptgewerbe-verzeichnet-gute-umsaetze-im-ersten-quartal\\\/\"},\"author\":{\"name\":\"thomas.berner\",\"@id\":\"https:\\\/\\\/www.organisator.ch\\\/#\\\/schema\\\/person\\\/6f650f90b2842cd4c0cc334b4e36f67e\"},\"headline\":\"Bauhauptgewerbe verzeichnet gute Ums\u00e4tze im ersten Quartal\",\"datePublished\":\"2017-05-31T06:56:53+00:00\",\"mainEntityOfPage\":{\"@id\":\"https:\\\/\\\/www.organisator.ch\\\/fr\\\/general\\\/2017-05-31\\\/bauhauptgewerbe-verzeichnet-gute-umsaetze-im-ersten-quartal\\\/\"},\"wordCount\":271,\"commentCount\":0,\"publisher\":{\"@id\":\"https:\\\/\\\/www.organisator.ch\\\/#organization\"},\"image\":{\"@id\":\"https:\\\/\\\/www.organisator.ch\\\/fr\\\/general\\\/2017-05-31\\\/bauhauptgewerbe-verzeichnet-gute-umsaetze-im-ersten-quartal\\\/#primaryimage\"},\"thumbnailUrl\":\"https:\\\/\\\/www.organisator.ch\\\/wp-content\\\/uploads\\\/2017\\\/05\\\/Bauhauptgewerbe-verzeichnet-gute-Umsaetze-im-ersten-Quartal_Organisator.jpg\",\"keywords\":[\"Baubranche\",\"Unternehmen\",\"Verb\u00e4nde\",\"Wirtschaftspolitik\"],\"articleSection\":[\"Allgemein\"],\"inLanguage\":\"fr-FR\"},{\"@type\":\"WebPage\",\"@id\":\"https:\\\/\\\/www.organisator.ch\\\/fr\\\/general\\\/2017-05-31\\\/bauhauptgewerbe-verzeichnet-gute-umsaetze-im-ersten-quartal\\\/\",\"url\":\"https:\\\/\\\/www.organisator.ch\\\/fr\\\/general\\\/2017-05-31\\\/bauhauptgewerbe-verzeichnet-gute-umsaetze-im-ersten-quartal\\\/\",\"name\":\"Bauhauptgewerbe verzeichnet gute Ums\u00e4tze im ersten Quartal - Organisator\",\"isPartOf\":{\"@id\":\"https:\\\/\\\/www.organisator.ch\\\/#website\"},\"primaryImageOfPage\":{\"@id\":\"https:\\\/\\\/www.organisator.ch\\\/fr\\\/general\\\/2017-05-31\\\/bauhauptgewerbe-verzeichnet-gute-umsaetze-im-ersten-quartal\\\/#primaryimage\"},\"image\":{\"@id\":\"https:\\\/\\\/www.organisator.ch\\\/fr\\\/general\\\/2017-05-31\\\/bauhauptgewerbe-verzeichnet-gute-umsaetze-im-ersten-quartal\\\/#primaryimage\"},\"thumbnailUrl\":\"https:\\\/\\\/www.organisator.ch\\\/wp-content\\\/uploads\\\/2017\\\/05\\\/Bauhauptgewerbe-verzeichnet-gute-Umsaetze-im-ersten-Quartal_Organisator.jpg\",\"datePublished\":\"2017-05-31T06:56:53+00:00\",\"description\":\"Die Ums\u00e4tze im Schweizer Bauhauptgewerbe sind im ersten Quartal 2017 gegen\u00fcber dem Vorjahresquartal um sieben Prozent gestiegen.\",\"breadcrumb\":{\"@id\":\"https:\\\/\\\/www.organisator.ch\\\/fr\\\/general\\\/2017-05-31\\\/bauhauptgewerbe-verzeichnet-gute-umsaetze-im-ersten-quartal\\\/#breadcrumb\"},\"inLanguage\":\"fr-FR\",\"potentialAction\":[{\"@type\":\"ReadAction\",\"target\":[\"https:\\\/\\\/www.organisator.ch\\\/fr\\\/general\\\/2017-05-31\\\/bauhauptgewerbe-verzeichnet-gute-umsaetze-im-ersten-quartal\\\/\"]}]},{\"@type\":\"ImageObject\",\"inLanguage\":\"fr-FR\",\"@id\":\"https:\\\/\\\/www.organisator.ch\\\/fr\\\/general\\\/2017-05-31\\\/bauhauptgewerbe-verzeichnet-gute-umsaetze-im-ersten-quartal\\\/#primaryimage\",\"url\":\"https:\\\/\\\/www.organisator.ch\\\/wp-content\\\/uploads\\\/2017\\\/05\\\/Bauhauptgewerbe-verzeichnet-gute-Umsaetze-im-ersten-Quartal_Organisator.jpg\",\"contentUrl\":\"https:\\\/\\\/www.organisator.ch\\\/wp-content\\\/uploads\\\/2017\\\/05\\\/Bauhauptgewerbe-verzeichnet-gute-Umsaetze-im-ersten-Quartal_Organisator.jpg\",\"width\":640,\"height\":425,\"caption\":\"Das Bauhauptgewerbe verzeichnet im ersten Quartal 2017 h\u00f6here Ums\u00e4tze. (Petra Bork \\\/ pixelio.de)\"},{\"@type\":\"BreadcrumbList\",\"@id\":\"https:\\\/\\\/www.organisator.ch\\\/fr\\\/general\\\/2017-05-31\\\/bauhauptgewerbe-verzeichnet-gute-umsaetze-im-ersten-quartal\\\/#breadcrumb\",\"itemListElement\":[{\"@type\":\"ListItem\",\"position\":1,\"name\":\"Home\",\"item\":\"https:\\\/\\\/www.organisator.ch\\\/\"},{\"@type\":\"ListItem\",\"position\":2,\"name\":\"Bauhauptgewerbe verzeichnet gute Ums\u00e4tze im ersten Quartal\"}]},{\"@type\":\"WebSite\",\"@id\":\"https:\\\/\\\/www.organisator.ch\\\/#website\",\"url\":\"https:\\\/\\\/www.organisator.ch\\\/\",\"name\":\"Organisator\",\"description\":\"Kompetent. Praxisnah. Der ORGANISATOR bereitet in 10 Ausgaben pro Jahr die wesentlichen Themen f\u00fcr F\u00fchrungskr\u00e4fte von KMU auf.\",\"publisher\":{\"@id\":\"https:\\\/\\\/www.organisator.ch\\\/#organization\"},\"potentialAction\":[{\"@type\":\"SearchAction\",\"target\":{\"@type\":\"EntryPoint\",\"urlTemplate\":\"https:\\\/\\\/www.organisator.ch\\\/?s={search_term_string}\"},\"query-input\":{\"@type\":\"PropertyValueSpecification\",\"valueRequired\":true,\"valueName\":\"search_term_string\"}}],\"inLanguage\":\"fr-FR\"},{\"@type\":\"Organization\",\"@id\":\"https:\\\/\\\/www.organisator.ch\\\/#organization\",\"name\":\"Organisator\",\"url\":\"https:\\\/\\\/www.organisator.ch\\\/\",\"logo\":{\"@type\":\"ImageObject\",\"inLanguage\":\"fr-FR\",\"@id\":\"https:\\\/\\\/www.organisator.ch\\\/#\\\/schema\\\/logo\\\/image\\\/\",\"url\":\"https:\\\/\\\/www.organisator.ch\\\/wp-content\\\/uploads\\\/2022\\\/01\\\/Logo_Organisator_Website.png\",\"contentUrl\":\"https:\\\/\\\/www.organisator.ch\\\/wp-content\\\/uploads\\\/2022\\\/01\\\/Logo_Organisator_Website.png\",\"width\":800,\"height\":77,\"caption\":\"Organisator\"},\"image\":{\"@id\":\"https:\\\/\\\/www.organisator.ch\\\/#\\\/schema\\\/logo\\\/image\\\/\"},\"sameAs\":[\"https:\\\/\\\/www.facebook.com\\\/OrganisatorFachmagazin\",\"https:\\\/\\\/www.linkedin.com\\\/showcase\\\/organisator-das-magazin-fr-kmu\",\"https:\\\/\\\/www.xing.com\\\/news\\\/pages\\\/organisator-ch-695\",\"https:\\\/\\\/www.youtube.com\\\/channel\\\/UCGP2Sq0iWaZwT3BdIAQFYpw\"]},{\"@type\":\"Person\",\"@id\":\"https:\\\/\\\/www.organisator.ch\\\/#\\\/schema\\\/person\\\/6f650f90b2842cd4c0cc334b4e36f67e\",\"name\":\"thomas.berner\",\"image\":{\"@type\":\"ImageObject\",\"inLanguage\":\"fr-FR\",\"@id\":\"https:\\\/\\\/secure.gravatar.com\\\/avatar\\\/ac5001d2a36cb6c6cd3e50789007ffca834b477b74a2144564522e944eabff61?s=96&d=mm&r=g\",\"url\":\"https:\\\/\\\/secure.gravatar.com\\\/avatar\\\/ac5001d2a36cb6c6cd3e50789007ffca834b477b74a2144564522e944eabff61?s=96&d=mm&r=g\",\"contentUrl\":\"https:\\\/\\\/secure.gravatar.com\\\/avatar\\\/ac5001d2a36cb6c6cd3e50789007ffca834b477b74a2144564522e944eabff61?s=96&d=mm&r=g\",\"caption\":\"thomas.berner\"},\"url\":\"https:\\\/\\\/www.organisator.ch\\\/fr\\\/author\\\/thomas-berner\\\/\"}]}<\/script>\n<!-- \/ Yoast SEO plugin. -->","yoast_head_json":{"title":"Le secteur principal de la construction enregistre de bons chiffres d'affaires au premier trimestre - Organisateur","description":"Au premier trimestre 2017, les chiffres d'affaires du secteur principal de la construction en Suisse ont augment\u00e9 de 7% par rapport au m\u00eame trimestre de l'ann\u00e9e pr\u00e9c\u00e9dente.","robots":{"index":"index","follow":"follow","max-snippet":"max-snippet:-1","max-image-preview":"max-image-preview:large","max-video-preview":"max-video-preview:-1"},"canonical":"https:\/\/www.organisator.ch\/fr\/general\/2017-05-31\/bauhauptgewerbe-verzeichnet-gute-umsaetze-im-ersten-quartal\/","og_locale":"fr_FR","og_type":"article","og_title":"Bauhauptgewerbe verzeichnet gute Ums\u00e4tze im ersten Quartal","og_description":"Die Ums\u00e4tze im Schweizer #Bauhauptgewerbe sind im ersten Quartal 2017 gegen\u00fcber dem Vorjahresquartal um sieben Prozent gestiegen.","og_url":"https:\/\/www.organisator.ch\/fr\/general\/2017-05-31\/bauhauptgewerbe-verzeichnet-gute-umsaetze-im-ersten-quartal\/","og_site_name":"Organisator","article_publisher":"https:\/\/www.facebook.com\/OrganisatorFachmagazin","article_published_time":"2017-05-31T06:56:53+00:00","og_image":[{"width":640,"height":425,"url":"https:\/\/www.organisator.ch\/wp-content\/uploads\/2017\/05\/Bauhauptgewerbe-verzeichnet-gute-Umsaetze-im-ersten-Quartal_Organisator.jpg","type":"image\/jpeg"}],"author":"thomas.berner","twitter_card":"summary_large_image","twitter_title":"#Bauhauptgewerbe verzeichnet gute Ums\u00e4tze im ersten Quartal, sagt #Baumeisterverband","twitter_description":"Die Ums\u00e4tze im Schweizer #Bauhauptgewerbe sind im ersten Quartal 2017 gegen\u00fcber dem Vorjahresquartal um sieben Prozent gestiegen.","twitter_image":"https:\/\/www.organisator.ch\/wp-content\/uploads\/2017\/05\/Bauhauptgewerbe-verzeichnet-gute-Ums\u00e4tze-im-ersten-Quartal_Organisator.jpg","schema":{"@context":"https:\/\/schema.org","@graph":[{"@type":"Article","@id":"https:\/\/www.organisator.ch\/fr\/general\/2017-05-31\/bauhauptgewerbe-verzeichnet-gute-umsaetze-im-ersten-quartal\/#article","isPartOf":{"@id":"https:\/\/www.organisator.ch\/fr\/general\/2017-05-31\/bauhauptgewerbe-verzeichnet-gute-umsaetze-im-ersten-quartal\/"},"author":{"name":"thomas.berner","@id":"https:\/\/www.organisator.ch\/#\/schema\/person\/6f650f90b2842cd4c0cc334b4e36f67e"},"headline":"Bauhauptgewerbe verzeichnet gute Ums\u00e4tze im ersten Quartal","datePublished":"2017-05-31T06:56:53+00:00","mainEntityOfPage":{"@id":"https:\/\/www.organisator.ch\/fr\/general\/2017-05-31\/bauhauptgewerbe-verzeichnet-gute-umsaetze-im-ersten-quartal\/"},"wordCount":271,"commentCount":0,"publisher":{"@id":"https:\/\/www.organisator.ch\/#organization"},"image":{"@id":"https:\/\/www.organisator.ch\/fr\/general\/2017-05-31\/bauhauptgewerbe-verzeichnet-gute-umsaetze-im-ersten-quartal\/#primaryimage"},"thumbnailUrl":"https:\/\/www.organisator.ch\/wp-content\/uploads\/2017\/05\/Bauhauptgewerbe-verzeichnet-gute-Umsaetze-im-ersten-Quartal_Organisator.jpg","keywords":["Baubranche","Unternehmen","Verb\u00e4nde","Wirtschaftspolitik"],"articleSection":["Allgemein"],"inLanguage":"fr-FR"},{"@type":"WebPage","@id":"https:\/\/www.organisator.ch\/fr\/general\/2017-05-31\/bauhauptgewerbe-verzeichnet-gute-umsaetze-im-ersten-quartal\/","url":"https:\/\/www.organisator.ch\/fr\/general\/2017-05-31\/bauhauptgewerbe-verzeichnet-gute-umsaetze-im-ersten-quartal\/","name":"Le secteur principal de la construction enregistre de bons chiffres d'affaires au premier trimestre - Organisateur","isPartOf":{"@id":"https:\/\/www.organisator.ch\/#website"},"primaryImageOfPage":{"@id":"https:\/\/www.organisator.ch\/fr\/general\/2017-05-31\/bauhauptgewerbe-verzeichnet-gute-umsaetze-im-ersten-quartal\/#primaryimage"},"image":{"@id":"https:\/\/www.organisator.ch\/fr\/general\/2017-05-31\/bauhauptgewerbe-verzeichnet-gute-umsaetze-im-ersten-quartal\/#primaryimage"},"thumbnailUrl":"https:\/\/www.organisator.ch\/wp-content\/uploads\/2017\/05\/Bauhauptgewerbe-verzeichnet-gute-Umsaetze-im-ersten-Quartal_Organisator.jpg","datePublished":"2017-05-31T06:56:53+00:00","description":"Au premier trimestre 2017, les chiffres d'affaires du secteur principal de la construction en Suisse ont augment\u00e9 de 7% par rapport au m\u00eame trimestre de l'ann\u00e9e pr\u00e9c\u00e9dente.","breadcrumb":{"@id":"https:\/\/www.organisator.ch\/fr\/general\/2017-05-31\/bauhauptgewerbe-verzeichnet-gute-umsaetze-im-ersten-quartal\/#breadcrumb"},"inLanguage":"fr-FR","potentialAction":[{"@type":"ReadAction","target":["https:\/\/www.organisator.ch\/fr\/general\/2017-05-31\/bauhauptgewerbe-verzeichnet-gute-umsaetze-im-ersten-quartal\/"]}]},{"@type":"ImageObject","inLanguage":"fr-FR","@id":"https:\/\/www.organisator.ch\/fr\/general\/2017-05-31\/bauhauptgewerbe-verzeichnet-gute-umsaetze-im-ersten-quartal\/#primaryimage","url":"https:\/\/www.organisator.ch\/wp-content\/uploads\/2017\/05\/Bauhauptgewerbe-verzeichnet-gute-Umsaetze-im-ersten-Quartal_Organisator.jpg","contentUrl":"https:\/\/www.organisator.ch\/wp-content\/uploads\/2017\/05\/Bauhauptgewerbe-verzeichnet-gute-Umsaetze-im-ersten-Quartal_Organisator.jpg","width":640,"height":425,"caption":"Das Bauhauptgewerbe verzeichnet im ersten Quartal 2017 h\u00f6here Ums\u00e4tze. (Petra Bork \/ pixelio.de)"},{"@type":"BreadcrumbList","@id":"https:\/\/www.organisator.ch\/fr\/general\/2017-05-31\/bauhauptgewerbe-verzeichnet-gute-umsaetze-im-ersten-quartal\/#breadcrumb","itemListElement":[{"@type":"ListItem","position":1,"name":"Home","item":"https:\/\/www.organisator.ch\/"},{"@type":"ListItem","position":2,"name":"Bauhauptgewerbe verzeichnet gute Ums\u00e4tze im ersten Quartal"}]},{"@type":"WebSite","@id":"https:\/\/www.organisator.ch\/#website","url":"https:\/\/www.organisator.ch\/","name":"Organisateur","description":"Comp\u00e9tence et comp\u00e9tence. Proches de la pratique. L'ORGANISATEUR pr\u00e9pare 10 num\u00e9ros par an sur les th\u00e8mes essentiels pour les dirigeants de PME.","publisher":{"@id":"https:\/\/www.organisator.ch\/#organization"},"potentialAction":[{"@type":"SearchAction","target":{"@type":"EntryPoint","urlTemplate":"https:\/\/www.organisator.ch\/?s={search_term_string}"},"query-input":{"@type":"PropertyValueSpecification","valueRequired":true,"valueName":"search_term_string"}}],"inLanguage":"fr-FR"},{"@type":"Organization","@id":"https:\/\/www.organisator.ch\/#organization","name":"Organisateur","url":"https:\/\/www.organisator.ch\/","logo":{"@type":"ImageObject","inLanguage":"fr-FR","@id":"https:\/\/www.organisator.ch\/#\/schema\/logo\/image\/","url":"https:\/\/www.organisator.ch\/wp-content\/uploads\/2022\/01\/Logo_Organisator_Website.png","contentUrl":"https:\/\/www.organisator.ch\/wp-content\/uploads\/2022\/01\/Logo_Organisator_Website.png","width":800,"height":77,"caption":"Organisator"},"image":{"@id":"https:\/\/www.organisator.ch\/#\/schema\/logo\/image\/"},"sameAs":["https:\/\/www.facebook.com\/OrganisatorFachmagazin","https:\/\/www.linkedin.com\/showcase\/organisator-das-magazin-fr-kmu","https:\/\/www.xing.com\/news\/pages\/organisator-ch-695","https:\/\/www.youtube.com\/channel\/UCGP2Sq0iWaZwT3BdIAQFYpw"]},{"@type":"Person","@id":"https:\/\/www.organisator.ch\/#\/schema\/person\/6f650f90b2842cd4c0cc334b4e36f67e","name":"thomas.berner","image":{"@type":"ImageObject","inLanguage":"fr-FR","@id":"https:\/\/secure.gravatar.com\/avatar\/ac5001d2a36cb6c6cd3e50789007ffca834b477b74a2144564522e944eabff61?s=96&d=mm&r=g","url":"https:\/\/secure.gravatar.com\/avatar\/ac5001d2a36cb6c6cd3e50789007ffca834b477b74a2144564522e944eabff61?s=96&d=mm&r=g","contentUrl":"https:\/\/secure.gravatar.com\/avatar\/ac5001d2a36cb6c6cd3e50789007ffca834b477b74a2144564522e944eabff61?s=96&d=mm&r=g","caption":"thomas.berner"},"url":"https:\/\/www.organisator.ch\/fr\/author\/thomas-berner\/"}]}},"_links":{"self":[{"href":"https:\/\/www.organisator.ch\/fr\/wp-json\/wp\/v2\/posts\/1965","targetHints":{"allow":["GET"]}}],"collection":[{"href":"https:\/\/www.organisator.ch\/fr\/wp-json\/wp\/v2\/posts"}],"about":[{"href":"https:\/\/www.organisator.ch\/fr\/wp-json\/wp\/v2\/types\/post"}],"author":[{"embeddable":true,"href":"https:\/\/www.organisator.ch\/fr\/wp-json\/wp\/v2\/users\/4"}],"replies":[{"embeddable":true,"href":"https:\/\/www.organisator.ch\/fr\/wp-json\/wp\/v2\/comments?post=1965"}],"version-history":[{"count":0,"href":"https:\/\/www.organisator.ch\/fr\/wp-json\/wp\/v2\/posts\/1965\/revisions"}],"wp:featuredmedia":[{"embeddable":true,"href":"https:\/\/www.organisator.ch\/fr\/wp-json\/wp\/v2\/media\/1966"}],"wp:attachment":[{"href":"https:\/\/www.organisator.ch\/fr\/wp-json\/wp\/v2\/media?parent=1965"}],"wp:term":[{"taxonomy":"category","embeddable":true,"href":"https:\/\/www.organisator.ch\/fr\/wp-json\/wp\/v2\/categories?post=1965"},{"taxonomy":"post_tag","embeddable":true,"href":"https:\/\/www.organisator.ch\/fr\/wp-json\/wp\/v2\/tags?post=1965"}],"curies":[{"name":"wp","href":"https:\/\/api.w.org\/{rel}","templated":true}]}}