{"id":19666,"date":"2023-04-11T19:56:21","date_gmt":"2023-04-11T17:56:21","guid":{"rendered":"https:\/\/www.organisator.ch\/de\/?p=19666"},"modified":"2023-04-11T10:06:06","modified_gmt":"2023-04-11T08:06:06","slug":"essen-als-grundbeduerfnis-auch-am-arbeitsplatz","status":"publish","type":"post","link":"https:\/\/www.organisator.ch\/fr\/abo\/2023-04-11\/essen-als-grundbeduerfnis-auch-am-arbeitsplatz\/","title":{"rendered":"Manger, un besoin fondamental - m\u00eame au travail"},"content":{"rendered":"<div class=\"swpm-post-not-logged-in-msg\">Vous devez \u00eatre connect\u00e9 pour voir ce contenu. Veuillez <a class=\"swpm-login-link\" href=\"https:\/\/www.organisator.ch\/login\/\">Se connecter<\/a>. Pas un membre ? <a href=\"https:\/\/www.organisator.ch\/shop\/\">Nous Rejoindre<\/a><\/div>","protected":false},"excerpt":{"rendered":"<p>Le march\u00e9 du travail est actuellement en pleine \u00e9volution. Il est donc important de se positionner en tant qu'employeur. Il est possible de marquer des points en proposant des offres adapt\u00e9es pour la restauration des collaborateurs. <\/p>","protected":false},"author":1,"featured_media":19733,"comment_status":"closed","ping_status":"closed","sticky":false,"template":"","format":"standard","meta":{"_acf_changed":false,"_yoast_wpseo_focuskw":"Essen","_yoast_wpseo_metadesc":"Der Arbeitsmarkt ist derzeit stark in Bewegung. Entsprechend wichtig ist es, sich als Arbeitgeber zu positionieren - auch \u00fcbers Essen.","articlekey":"36657","footnotes":""},"categories":[578,579],"tags":[172,254,510],"class_list":["post-19666","post","type-post","status-publish","format-standard","has-post-thumbnail","hentry","category-abo","category-human-resources","tag-employer-branding","tag-hrm","tag-verpflegung"],"acf":[],"yoast_head":"<!-- This site is optimized with the Yoast SEO plugin v27.5 - https:\/\/yoast.com\/product\/yoast-seo-wordpress\/ -->\n<title>Essen als Grundbed\u00fcrfnis \u2013 auch am Arbeitsplatz - Organisator<\/title>\n<meta name=\"description\" content=\"Der Arbeitsmarkt ist derzeit stark in Bewegung. Entsprechend wichtig ist es, sich als Arbeitgeber zu positionieren - auch \u00fcbers Essen.\" \/>\n<meta name=\"robots\" content=\"index, follow, max-snippet:-1, max-image-preview:large, max-video-preview:-1\" \/>\n<link rel=\"canonical\" href=\"https:\/\/www.organisator.ch\/fr\/abonnement\/2023-04-11\/essen-als-grundbeduerfnis-auch-am-arbeitsplatz\/\" \/>\n<meta property=\"og:locale\" content=\"fr_FR\" \/>\n<meta property=\"og:type\" content=\"article\" \/>\n<meta property=\"og:title\" content=\"Essen als Grundbed\u00fcrfnis \u2013 auch am Arbeitsplatz - Organisator\" \/>\n<meta property=\"og:description\" content=\"Der Arbeitsmarkt ist derzeit stark in Bewegung. Entsprechend wichtig ist es, sich als Arbeitgeber zu positionieren - auch \u00fcbers Essen.\" \/>\n<meta property=\"og:url\" content=\"https:\/\/www.organisator.ch\/fr\/abonnement\/2023-04-11\/essen-als-grundbeduerfnis-auch-am-arbeitsplatz\/\" \/>\n<meta property=\"og:site_name\" content=\"Organisator\" \/>\n<meta property=\"article:publisher\" content=\"https:\/\/www.facebook.com\/OrganisatorFachmagazin\" \/>\n<meta property=\"article:published_time\" content=\"2023-04-11T17:56:21+00:00\" \/>\n<meta property=\"og:image\" content=\"https:\/\/www.organisator.ch\/wp-content\/uploads\/2023\/04\/HRM_Interview_SVGroup_Bild1_klein.jpg\" \/>\n\t<meta property=\"og:image:width\" content=\"680\" \/>\n\t<meta property=\"og:image:height\" content=\"442\" \/>\n\t<meta property=\"og:image:type\" content=\"image\/jpeg\" \/>\n<meta name=\"author\" content=\"admin\" \/>\n<meta name=\"twitter:card\" content=\"summary_large_image\" \/>\n<script type=\"application\/ld+json\" class=\"yoast-schema-graph\">{\"@context\":\"https:\\\/\\\/schema.org\",\"@graph\":[{\"@type\":\"Article\",\"@id\":\"https:\\\/\\\/www.organisator.ch\\\/abo\\\/2023-04-11\\\/essen-als-grundbeduerfnis-auch-am-arbeitsplatz\\\/#article\",\"isPartOf\":{\"@id\":\"https:\\\/\\\/www.organisator.ch\\\/abo\\\/2023-04-11\\\/essen-als-grundbeduerfnis-auch-am-arbeitsplatz\\\/\"},\"author\":{\"name\":\"admin\",\"@id\":\"https:\\\/\\\/www.organisator.ch\\\/#\\\/schema\\\/person\\\/aa2bace6c5c5aad60102004a50c4eb1c\"},\"headline\":\"Essen als Grundbed\u00fcrfnis \u2013 auch am Arbeitsplatz\",\"datePublished\":\"2023-04-11T17:56:21+00:00\",\"mainEntityOfPage\":{\"@id\":\"https:\\\/\\\/www.organisator.ch\\\/abo\\\/2023-04-11\\\/essen-als-grundbeduerfnis-auch-am-arbeitsplatz\\\/\"},\"wordCount\":1091,\"publisher\":{\"@id\":\"https:\\\/\\\/www.organisator.ch\\\/#organization\"},\"image\":{\"@id\":\"https:\\\/\\\/www.organisator.ch\\\/abo\\\/2023-04-11\\\/essen-als-grundbeduerfnis-auch-am-arbeitsplatz\\\/#primaryimage\"},\"thumbnailUrl\":\"https:\\\/\\\/www.organisator.ch\\\/wp-content\\\/uploads\\\/2023\\\/04\\\/HRM_Interview_SVGroup_Bild1_klein.jpg\",\"keywords\":[\"Employer Branding\",\"HRM\",\"Verpflegung\"],\"articleSection\":[\"ABO+\",\"HUMAN RESOURCES\"],\"inLanguage\":\"fr-FR\"},{\"@type\":\"WebPage\",\"@id\":\"https:\\\/\\\/www.organisator.ch\\\/abo\\\/2023-04-11\\\/essen-als-grundbeduerfnis-auch-am-arbeitsplatz\\\/\",\"url\":\"https:\\\/\\\/www.organisator.ch\\\/abo\\\/2023-04-11\\\/essen-als-grundbeduerfnis-auch-am-arbeitsplatz\\\/\",\"name\":\"Essen als Grundbed\u00fcrfnis \u2013 auch am Arbeitsplatz - Organisator\",\"isPartOf\":{\"@id\":\"https:\\\/\\\/www.organisator.ch\\\/#website\"},\"primaryImageOfPage\":{\"@id\":\"https:\\\/\\\/www.organisator.ch\\\/abo\\\/2023-04-11\\\/essen-als-grundbeduerfnis-auch-am-arbeitsplatz\\\/#primaryimage\"},\"image\":{\"@id\":\"https:\\\/\\\/www.organisator.ch\\\/abo\\\/2023-04-11\\\/essen-als-grundbeduerfnis-auch-am-arbeitsplatz\\\/#primaryimage\"},\"thumbnailUrl\":\"https:\\\/\\\/www.organisator.ch\\\/wp-content\\\/uploads\\\/2023\\\/04\\\/HRM_Interview_SVGroup_Bild1_klein.jpg\",\"datePublished\":\"2023-04-11T17:56:21+00:00\",\"description\":\"Der Arbeitsmarkt ist derzeit stark in Bewegung. Entsprechend wichtig ist es, sich als Arbeitgeber zu positionieren - auch \u00fcbers Essen.\",\"breadcrumb\":{\"@id\":\"https:\\\/\\\/www.organisator.ch\\\/abo\\\/2023-04-11\\\/essen-als-grundbeduerfnis-auch-am-arbeitsplatz\\\/#breadcrumb\"},\"inLanguage\":\"fr-FR\",\"potentialAction\":[{\"@type\":\"ReadAction\",\"target\":[\"https:\\\/\\\/www.organisator.ch\\\/abo\\\/2023-04-11\\\/essen-als-grundbeduerfnis-auch-am-arbeitsplatz\\\/\"]}]},{\"@type\":\"ImageObject\",\"inLanguage\":\"fr-FR\",\"@id\":\"https:\\\/\\\/www.organisator.ch\\\/abo\\\/2023-04-11\\\/essen-als-grundbeduerfnis-auch-am-arbeitsplatz\\\/#primaryimage\",\"url\":\"https:\\\/\\\/www.organisator.ch\\\/wp-content\\\/uploads\\\/2023\\\/04\\\/HRM_Interview_SVGroup_Bild1_klein.jpg\",\"contentUrl\":\"https:\\\/\\\/www.organisator.ch\\\/wp-content\\\/uploads\\\/2023\\\/04\\\/HRM_Interview_SVGroup_Bild1_klein.jpg\",\"width\":680,\"height\":442},{\"@type\":\"BreadcrumbList\",\"@id\":\"https:\\\/\\\/www.organisator.ch\\\/abo\\\/2023-04-11\\\/essen-als-grundbeduerfnis-auch-am-arbeitsplatz\\\/#breadcrumb\",\"itemListElement\":[{\"@type\":\"ListItem\",\"position\":1,\"name\":\"Home\",\"item\":\"https:\\\/\\\/www.organisator.ch\\\/\"},{\"@type\":\"ListItem\",\"position\":2,\"name\":\"Essen als Grundbed\u00fcrfnis \u2013 auch am Arbeitsplatz\"}]},{\"@type\":\"WebSite\",\"@id\":\"https:\\\/\\\/www.organisator.ch\\\/#website\",\"url\":\"https:\\\/\\\/www.organisator.ch\\\/\",\"name\":\"Organisator\",\"description\":\"Kompetent. Praxisnah. Der ORGANISATOR bereitet in 10 Ausgaben pro Jahr die wesentlichen Themen f\u00fcr F\u00fchrungskr\u00e4fte von KMU auf.\",\"publisher\":{\"@id\":\"https:\\\/\\\/www.organisator.ch\\\/#organization\"},\"potentialAction\":[{\"@type\":\"SearchAction\",\"target\":{\"@type\":\"EntryPoint\",\"urlTemplate\":\"https:\\\/\\\/www.organisator.ch\\\/?s={search_term_string}\"},\"query-input\":{\"@type\":\"PropertyValueSpecification\",\"valueRequired\":true,\"valueName\":\"search_term_string\"}}],\"inLanguage\":\"fr-FR\"},{\"@type\":\"Organization\",\"@id\":\"https:\\\/\\\/www.organisator.ch\\\/#organization\",\"name\":\"Organisator\",\"url\":\"https:\\\/\\\/www.organisator.ch\\\/\",\"logo\":{\"@type\":\"ImageObject\",\"inLanguage\":\"fr-FR\",\"@id\":\"https:\\\/\\\/www.organisator.ch\\\/#\\\/schema\\\/logo\\\/image\\\/\",\"url\":\"https:\\\/\\\/www.organisator.ch\\\/wp-content\\\/uploads\\\/2022\\\/01\\\/Logo_Organisator_Website.png\",\"contentUrl\":\"https:\\\/\\\/www.organisator.ch\\\/wp-content\\\/uploads\\\/2022\\\/01\\\/Logo_Organisator_Website.png\",\"width\":800,\"height\":77,\"caption\":\"Organisator\"},\"image\":{\"@id\":\"https:\\\/\\\/www.organisator.ch\\\/#\\\/schema\\\/logo\\\/image\\\/\"},\"sameAs\":[\"https:\\\/\\\/www.facebook.com\\\/OrganisatorFachmagazin\",\"https:\\\/\\\/www.linkedin.com\\\/showcase\\\/organisator-das-magazin-fr-kmu\",\"https:\\\/\\\/www.xing.com\\\/news\\\/pages\\\/organisator-ch-695\",\"https:\\\/\\\/www.youtube.com\\\/channel\\\/UCGP2Sq0iWaZwT3BdIAQFYpw\"]},{\"@type\":\"Person\",\"@id\":\"https:\\\/\\\/www.organisator.ch\\\/#\\\/schema\\\/person\\\/aa2bace6c5c5aad60102004a50c4eb1c\",\"name\":\"admin\",\"image\":{\"@type\":\"ImageObject\",\"inLanguage\":\"fr-FR\",\"@id\":\"https:\\\/\\\/secure.gravatar.com\\\/avatar\\\/ae2f4d718e6c49043e314ce431e7e645d646302a24a5ef5a8bc8e3f5a032e319?s=96&d=mm&r=g\",\"url\":\"https:\\\/\\\/secure.gravatar.com\\\/avatar\\\/ae2f4d718e6c49043e314ce431e7e645d646302a24a5ef5a8bc8e3f5a032e319?s=96&d=mm&r=g\",\"contentUrl\":\"https:\\\/\\\/secure.gravatar.com\\\/avatar\\\/ae2f4d718e6c49043e314ce431e7e645d646302a24a5ef5a8bc8e3f5a032e319?s=96&d=mm&r=g\",\"caption\":\"admin\"},\"sameAs\":[\"https:\\\/\\\/www.organisator.ch\"],\"url\":\"https:\\\/\\\/www.organisator.ch\\\/fr\\\/author\\\/admin\\\/\"}]}<\/script>\n<!-- \/ Yoast SEO plugin. -->","yoast_head_json":{"title":"Manger comme un besoin fondamental - m\u00eame au travail - Organisateur","description":"Le march\u00e9 du travail est actuellement en pleine \u00e9volution. Il est donc important de se positionner en tant qu'employeur - \u00e9galement par le biais de la nourriture.","robots":{"index":"index","follow":"follow","max-snippet":"max-snippet:-1","max-image-preview":"max-image-preview:large","max-video-preview":"max-video-preview:-1"},"canonical":"https:\/\/www.organisator.ch\/fr\/abonnement\/2023-04-11\/essen-als-grundbeduerfnis-auch-am-arbeitsplatz\/","og_locale":"fr_FR","og_type":"article","og_title":"Essen als Grundbed\u00fcrfnis \u2013 auch am Arbeitsplatz - Organisator","og_description":"Der Arbeitsmarkt ist derzeit stark in Bewegung. Entsprechend wichtig ist es, sich als Arbeitgeber zu positionieren - auch \u00fcbers Essen.","og_url":"https:\/\/www.organisator.ch\/fr\/abonnement\/2023-04-11\/essen-als-grundbeduerfnis-auch-am-arbeitsplatz\/","og_site_name":"Organisator","article_publisher":"https:\/\/www.facebook.com\/OrganisatorFachmagazin","article_published_time":"2023-04-11T17:56:21+00:00","og_image":[{"width":680,"height":442,"url":"https:\/\/www.organisator.ch\/wp-content\/uploads\/2023\/04\/HRM_Interview_SVGroup_Bild1_klein.jpg","type":"image\/jpeg"}],"author":"admin","twitter_card":"summary_large_image","schema":{"@context":"https:\/\/schema.org","@graph":[{"@type":"Article","@id":"https:\/\/www.organisator.ch\/abo\/2023-04-11\/essen-als-grundbeduerfnis-auch-am-arbeitsplatz\/#article","isPartOf":{"@id":"https:\/\/www.organisator.ch\/abo\/2023-04-11\/essen-als-grundbeduerfnis-auch-am-arbeitsplatz\/"},"author":{"name":"admin","@id":"https:\/\/www.organisator.ch\/#\/schema\/person\/aa2bace6c5c5aad60102004a50c4eb1c"},"headline":"Essen als Grundbed\u00fcrfnis \u2013 auch am Arbeitsplatz","datePublished":"2023-04-11T17:56:21+00:00","mainEntityOfPage":{"@id":"https:\/\/www.organisator.ch\/abo\/2023-04-11\/essen-als-grundbeduerfnis-auch-am-arbeitsplatz\/"},"wordCount":1091,"publisher":{"@id":"https:\/\/www.organisator.ch\/#organization"},"image":{"@id":"https:\/\/www.organisator.ch\/abo\/2023-04-11\/essen-als-grundbeduerfnis-auch-am-arbeitsplatz\/#primaryimage"},"thumbnailUrl":"https:\/\/www.organisator.ch\/wp-content\/uploads\/2023\/04\/HRM_Interview_SVGroup_Bild1_klein.jpg","keywords":["Employer Branding","HRM","Verpflegung"],"articleSection":["ABO+","HUMAN RESOURCES"],"inLanguage":"fr-FR"},{"@type":"WebPage","@id":"https:\/\/www.organisator.ch\/abo\/2023-04-11\/essen-als-grundbeduerfnis-auch-am-arbeitsplatz\/","url":"https:\/\/www.organisator.ch\/abo\/2023-04-11\/essen-als-grundbeduerfnis-auch-am-arbeitsplatz\/","name":"Manger comme un besoin fondamental - m\u00eame au travail - Organisateur","isPartOf":{"@id":"https:\/\/www.organisator.ch\/#website"},"primaryImageOfPage":{"@id":"https:\/\/www.organisator.ch\/abo\/2023-04-11\/essen-als-grundbeduerfnis-auch-am-arbeitsplatz\/#primaryimage"},"image":{"@id":"https:\/\/www.organisator.ch\/abo\/2023-04-11\/essen-als-grundbeduerfnis-auch-am-arbeitsplatz\/#primaryimage"},"thumbnailUrl":"https:\/\/www.organisator.ch\/wp-content\/uploads\/2023\/04\/HRM_Interview_SVGroup_Bild1_klein.jpg","datePublished":"2023-04-11T17:56:21+00:00","description":"Le march\u00e9 du travail est actuellement en pleine \u00e9volution. Il est donc important de se positionner en tant qu'employeur - \u00e9galement par le biais de la nourriture.","breadcrumb":{"@id":"https:\/\/www.organisator.ch\/abo\/2023-04-11\/essen-als-grundbeduerfnis-auch-am-arbeitsplatz\/#breadcrumb"},"inLanguage":"fr-FR","potentialAction":[{"@type":"ReadAction","target":["https:\/\/www.organisator.ch\/abo\/2023-04-11\/essen-als-grundbeduerfnis-auch-am-arbeitsplatz\/"]}]},{"@type":"ImageObject","inLanguage":"fr-FR","@id":"https:\/\/www.organisator.ch\/abo\/2023-04-11\/essen-als-grundbeduerfnis-auch-am-arbeitsplatz\/#primaryimage","url":"https:\/\/www.organisator.ch\/wp-content\/uploads\/2023\/04\/HRM_Interview_SVGroup_Bild1_klein.jpg","contentUrl":"https:\/\/www.organisator.ch\/wp-content\/uploads\/2023\/04\/HRM_Interview_SVGroup_Bild1_klein.jpg","width":680,"height":442},{"@type":"BreadcrumbList","@id":"https:\/\/www.organisator.ch\/abo\/2023-04-11\/essen-als-grundbeduerfnis-auch-am-arbeitsplatz\/#breadcrumb","itemListElement":[{"@type":"ListItem","position":1,"name":"Home","item":"https:\/\/www.organisator.ch\/"},{"@type":"ListItem","position":2,"name":"Essen als Grundbed\u00fcrfnis \u2013 auch am Arbeitsplatz"}]},{"@type":"WebSite","@id":"https:\/\/www.organisator.ch\/#website","url":"https:\/\/www.organisator.ch\/","name":"Organisateur","description":"Comp\u00e9tence et comp\u00e9tence. Proches de la pratique. L'ORGANISATEUR pr\u00e9pare 10 num\u00e9ros par an sur les th\u00e8mes essentiels pour les dirigeants de PME.","publisher":{"@id":"https:\/\/www.organisator.ch\/#organization"},"potentialAction":[{"@type":"SearchAction","target":{"@type":"EntryPoint","urlTemplate":"https:\/\/www.organisator.ch\/?s={search_term_string}"},"query-input":{"@type":"PropertyValueSpecification","valueRequired":true,"valueName":"search_term_string"}}],"inLanguage":"fr-FR"},{"@type":"Organization","@id":"https:\/\/www.organisator.ch\/#organization","name":"Organisateur","url":"https:\/\/www.organisator.ch\/","logo":{"@type":"ImageObject","inLanguage":"fr-FR","@id":"https:\/\/www.organisator.ch\/#\/schema\/logo\/image\/","url":"https:\/\/www.organisator.ch\/wp-content\/uploads\/2022\/01\/Logo_Organisator_Website.png","contentUrl":"https:\/\/www.organisator.ch\/wp-content\/uploads\/2022\/01\/Logo_Organisator_Website.png","width":800,"height":77,"caption":"Organisator"},"image":{"@id":"https:\/\/www.organisator.ch\/#\/schema\/logo\/image\/"},"sameAs":["https:\/\/www.facebook.com\/OrganisatorFachmagazin","https:\/\/www.linkedin.com\/showcase\/organisator-das-magazin-fr-kmu","https:\/\/www.xing.com\/news\/pages\/organisator-ch-695","https:\/\/www.youtube.com\/channel\/UCGP2Sq0iWaZwT3BdIAQFYpw"]},{"@type":"Person","@id":"https:\/\/www.organisator.ch\/#\/schema\/person\/aa2bace6c5c5aad60102004a50c4eb1c","name":"admin","image":{"@type":"ImageObject","inLanguage":"fr-FR","@id":"https:\/\/secure.gravatar.com\/avatar\/ae2f4d718e6c49043e314ce431e7e645d646302a24a5ef5a8bc8e3f5a032e319?s=96&d=mm&r=g","url":"https:\/\/secure.gravatar.com\/avatar\/ae2f4d718e6c49043e314ce431e7e645d646302a24a5ef5a8bc8e3f5a032e319?s=96&d=mm&r=g","contentUrl":"https:\/\/secure.gravatar.com\/avatar\/ae2f4d718e6c49043e314ce431e7e645d646302a24a5ef5a8bc8e3f5a032e319?s=96&d=mm&r=g","caption":"admin"},"sameAs":["https:\/\/www.organisator.ch"],"url":"https:\/\/www.organisator.ch\/fr\/author\/admin\/"}]}},"_links":{"self":[{"href":"https:\/\/www.organisator.ch\/fr\/wp-json\/wp\/v2\/posts\/19666","targetHints":{"allow":["GET"]}}],"collection":[{"href":"https:\/\/www.organisator.ch\/fr\/wp-json\/wp\/v2\/posts"}],"about":[{"href":"https:\/\/www.organisator.ch\/fr\/wp-json\/wp\/v2\/types\/post"}],"author":[{"embeddable":true,"href":"https:\/\/www.organisator.ch\/fr\/wp-json\/wp\/v2\/users\/1"}],"replies":[{"embeddable":true,"href":"https:\/\/www.organisator.ch\/fr\/wp-json\/wp\/v2\/comments?post=19666"}],"version-history":[{"count":3,"href":"https:\/\/www.organisator.ch\/fr\/wp-json\/wp\/v2\/posts\/19666\/revisions"}],"predecessor-version":[{"id":19735,"href":"https:\/\/www.organisator.ch\/fr\/wp-json\/wp\/v2\/posts\/19666\/revisions\/19735"}],"wp:featuredmedia":[{"embeddable":true,"href":"https:\/\/www.organisator.ch\/fr\/wp-json\/wp\/v2\/media\/19733"}],"wp:attachment":[{"href":"https:\/\/www.organisator.ch\/fr\/wp-json\/wp\/v2\/media?parent=19666"}],"wp:term":[{"taxonomy":"category","embeddable":true,"href":"https:\/\/www.organisator.ch\/fr\/wp-json\/wp\/v2\/categories?post=19666"},{"taxonomy":"post_tag","embeddable":true,"href":"https:\/\/www.organisator.ch\/fr\/wp-json\/wp\/v2\/tags?post=19666"}],"curies":[{"name":"wp","href":"https:\/\/api.w.org\/{rel}","templated":true}]}}