{"id":19796,"date":"2023-04-13T08:55:21","date_gmt":"2023-04-13T06:55:21","guid":{"rendered":"https:\/\/www.organisator.ch\/?p=19796"},"modified":"2023-04-13T08:55:21","modified_gmt":"2023-04-13T06:55:21","slug":"arbeitsmarkt-breite-sprachkenntnisse-erhoehen-jobchancen-deutlich","status":"publish","type":"post","link":"https:\/\/www.organisator.ch\/fr\/human-resources\/2023-04-13\/arbeitsmarkt-breite-sprachkenntnisse-erhoehen-jobchancen-deutlich\/","title":{"rendered":"March\u00e9 du travail : de larges connaissances linguistiques augmentent nettement les chances de trouver un emploi"},"content":{"rendered":"<figure id=\"attachment_19797\" aria-describedby=\"caption-attachment-19797\" style=\"width: 680px\" class=\"wp-caption alignnone\"><img loading=\"lazy\" decoding=\"async\" class=\"size-full wp-image-19797\" src=\"https:\/\/www.organisator.ch\/wp-content\/uploads\/2023\/04\/Arbeitsmarkt-Breite-Sprachkenntnisse-erhoehen-Jobchancen-deutlich-2_Organisator.jpg\" alt=\"\" width=\"680\" height=\"352\" srcset=\"https:\/\/www.organisator.ch\/wp-content\/uploads\/2023\/04\/Arbeitsmarkt-Breite-Sprachkenntnisse-erhoehen-Jobchancen-deutlich-2_Organisator.jpg 680w, https:\/\/www.organisator.ch\/wp-content\/uploads\/2023\/04\/Arbeitsmarkt-Breite-Sprachkenntnisse-erhoehen-Jobchancen-deutlich-2_Organisator-18x9.jpg 18w, https:\/\/www.organisator.ch\/wp-content\/uploads\/2023\/04\/Arbeitsmarkt-Breite-Sprachkenntnisse-erhoehen-Jobchancen-deutlich-2_Organisator-375x194.jpg 375w, https:\/\/www.organisator.ch\/wp-content\/uploads\/2023\/04\/Arbeitsmarkt-Breite-Sprachkenntnisse-erhoehen-Jobchancen-deutlich-2_Organisator-676x350.jpg 676w\" sizes=\"auto, (max-width: 680px) 100vw, 680px\" \/><figcaption id=\"caption-attachment-19797\" class=\"wp-caption-text\">Plus d'un tiers des offres d'emploi mentionnent deux langues ou plus, les travailleurs ayant des connaissances dans deux langues \u00e9tant particuli\u00e8rement recherch\u00e9s. (Graphique : Adecco Group)<\/figcaption><\/figure>\n<p>Le march\u00e9 suisse du travail commence l'ann\u00e9e 2023 avec une l\u00e9g\u00e8re baisse du nombre de postes vacants. L'Adecco Group Swiss Job Market Index stagne ainsi \u00e0 un niveau toujours historiquement \u00e9lev\u00e9. Par rapport au 4e trimestre 2022, le 1er trimestre 2023 enregistre 1% d'offres d'emploi publi\u00e9es en moins. Cependant, par rapport au m\u00eame trimestre de l'ann\u00e9e pr\u00e9c\u00e9dente (1er trimestre 2022), le Job Index a augment\u00e9 de 4%. \"L'hiver doux a jou\u00e9 un r\u00f4le d\u00e9cisif dans l'obtention d'une <a href=\"https:\/\/kof.ethz.ch\/news-und-veranstaltungen\/medien\/medienmitteilungen\/2023\/03\/milder-winter-daempft-rezessionsaengste.html\" target=\"_blank\" rel=\"noopener\">une crise \u00e9nerg\u00e9tique potentielle et, par cons\u00e9quent, un effondrement \u00e9conomique<\/a> d'emp\u00eacher la hausse de la demande. La demande de main-d'\u0153uvre est ainsi rest\u00e9e globalement stable. Les chiffres du ch\u00f4mage, qui se situent \u00e0 un niveau tr\u00e8s bas en f\u00e9vrier 2023, en t\u00e9moignent\", explique Yanik Kipfer du Moniteur suisse du march\u00e9 de l'emploi.<\/p>\n<h3>Focus sp\u00e9cial : les connaissances linguistiques sur le march\u00e9 du travail suisse<\/h3>\n<p>La Suisse est connue pour sa diversit\u00e9 culturelle, qui se manifeste notamment dans les quatre langues nationales que sont l'allemand, le fran\u00e7ais, l'italien et le romanche. La diversit\u00e9 linguistique renvoie \u00e0 l'importance des connaissances linguistiques en tant qu'avantage concurrentiel d\u00e9cisif sur le march\u00e9 du travail suisse. Ceci est d'autant plus vrai \u00e0 une \u00e9poque o\u00f9 les entreprises op\u00e8rent de plus en plus \u00e0 l'\u00e9chelle mondiale et o\u00f9 la communication avec la client\u00e8le et les partenaires commerciaux de diff\u00e9rents pays se d\u00e9veloppe. Mais quelles sont les langues r\u00e9ellement demand\u00e9es par les employeurs et quelle est la pertinence de la ma\u00eetrise simultan\u00e9e de plusieurs langues ? Le Moniteur du March\u00e9 d'Emploi de l'Universit\u00e9 de Zurich a examin\u00e9 les annonces d'emploi en fonction des exigences linguistiques. Concr\u00e8tement, les langues mentionn\u00e9es implicitement ou explicitement dans les annonces d'emploi ont \u00e9t\u00e9 analys\u00e9es. Ainsi, une annonce a \u00e9t\u00e9 class\u00e9e comme \"mentionne la langue allemande\" si elle est r\u00e9dig\u00e9e en allemand (mention implicite de la langue) ou si des d\u00e9clarations telles que \"connaissances d'allemand souhait\u00e9es\" figurent dans l'annonce (mention explicite de la langue).<\/p>\n<p>Une analyse de la demande par langue nationale montre que la grande majorit\u00e9 des offres d'emploi publi\u00e9es en Suisse mentionnent des connaissances en allemand (87%), suivies du fran\u00e7ais (23%) et de l'italien (4%). En outre, environ 1% des offres d'emploi mentionnent des connaissances en suisse allemand, contre moins de 1% pour les connaissances en langues romanes. La r\u00e9partition de la demande par langue nationale correspond donc tr\u00e8s largement \u00e0 la composition linguistique de la Suisse. Selon l'Office f\u00e9d\u00e9ral de la statistique, en 2021, 62% de la population suisse parlait l'allemand comme langue principale, suivi du fran\u00e7ais (22,8%), de l'italien (7,9%) et du romanche (0,5%).<\/p>\n<p>En ce qui concerne les langues \u00e9trang\u00e8res, l'anglais (32%) est la deuxi\u00e8me langue la plus souvent mentionn\u00e9e apr\u00e8s l'allemand. La demande de connaissances en anglais d\u00e9passe donc celle des langues nationales que sont le fran\u00e7ais, l'italien et le romanche. Seule une faible proportion des offres d'emploi publi\u00e9es au cours des neuf derni\u00e8res ann\u00e9es mentionne des connaissances dans d'autres langues \u00e9trang\u00e8res (~1%), le portugais et l'espagnol \u00e9tant notamment fr\u00e9quemment cit\u00e9s. Dans l'ensemble, on constate que plus d'un tiers des annonces mentionnent deux langues ou plus, les travailleurs ayant des connaissances dans deux langues \u00e9tant particuli\u00e8rement recherch\u00e9s. Les combinaisons de langues les plus fr\u00e9quemment cit\u00e9es sont l'allemand et l'anglais ou l'allemand et le fran\u00e7ais.<\/p>\n<figure id=\"attachment_19798\" aria-describedby=\"caption-attachment-19798\" style=\"width: 680px\" class=\"wp-caption alignnone\"><img loading=\"lazy\" decoding=\"async\" class=\"size-full wp-image-19798\" src=\"https:\/\/www.organisator.ch\/wp-content\/uploads\/2023\/04\/Arbeitsmarkt-Breite-Sprachkenntnisse-erhoehen-Jobchancen-deutlich-1_Organisator.jpg\" alt=\"\" width=\"680\" height=\"352\" srcset=\"https:\/\/www.organisator.ch\/wp-content\/uploads\/2023\/04\/Arbeitsmarkt-Breite-Sprachkenntnisse-erhoehen-Jobchancen-deutlich-1_Organisator.jpg 680w, https:\/\/www.organisator.ch\/wp-content\/uploads\/2023\/04\/Arbeitsmarkt-Breite-Sprachkenntnisse-erhoehen-Jobchancen-deutlich-1_Organisator-18x9.jpg 18w, https:\/\/www.organisator.ch\/wp-content\/uploads\/2023\/04\/Arbeitsmarkt-Breite-Sprachkenntnisse-erhoehen-Jobchancen-deutlich-1_Organisator-375x194.jpg 375w, https:\/\/www.organisator.ch\/wp-content\/uploads\/2023\/04\/Arbeitsmarkt-Breite-Sprachkenntnisse-erhoehen-Jobchancen-deutlich-1_Organisator-676x350.jpg 676w\" sizes=\"auto, (max-width: 680px) 100vw, 680px\" \/><figcaption id=\"caption-attachment-19798\" class=\"wp-caption-text\">De larges connaissances linguistiques sont demand\u00e9es - l'allemand en premier lieu. (Graphique : Adecco Group)<\/figcaption><\/figure>\n<h3>Diff\u00e9rences r\u00e9gionales : le R\u00f6stigraben linguistique<\/h3>\n<p>Si l'on analyse la demande en fonction des langues dans les diff\u00e9rentes grandes r\u00e9gions, on constate que les connaissances en allemand sont demand\u00e9es dans la grande majorit\u00e9 des offres d'emploi dans les grandes r\u00e9gions germanophones : Suisse orientale (99%), Zurich (95%), Suisse centrale (94%), Suisse du Nord-Ouest (93%) et Espace Mittelland (90%). N\u00e9anmoins, dans le sud-ouest de la Suisse (37%), plus d'un tiers des offres d'emploi recherchaient des candidats ayant des connaissances en allemand.<\/p>\n<p>La connaissance du fran\u00e7ais est surtout importante dans le sud-ouest de la Suisse (73%). Contrairement aux connaissances d'allemand dans le sud-ouest de la Suisse, les connaissances de fran\u00e7ais jouent un r\u00f4le moins important dans les grandes r\u00e9gions germanophones, \u00e0 l'exception de l'Espace Mittelland (32%), qui comprend \u00e0 la fois des cantons francophones et germanophones. Les annonces d'emploi qui mentionnent des connaissances de fran\u00e7ais ne repr\u00e9sentent jamais plus d'un sixi\u00e8me de toutes les annonces dans les diff\u00e9rentes grandes r\u00e9gions de Suisse al\u00e9manique.<\/p>\n<p>La ma\u00eetrise de l'anglais est importante en priorit\u00e9 dans les grandes r\u00e9gions dot\u00e9es de centres \u00e9conomiques internationaux, comme Zurich (42%), le sud-ouest de la Suisse (42%), le nord-ouest de la Suisse (34%) et la Suisse centrale (30%). Dans ces r\u00e9gions, les entreprises et les organisations sont souvent orient\u00e9es vers les march\u00e9s mondiaux et ont des partenaires commerciaux internationaux.<\/p>\n<p>Les connaissances en italien jouent un r\u00f4le plut\u00f4t secondaire par rapport aux autres langues. M\u00eame dans le sud-ouest de la Suisse, qui comprend le canton du Tessin, seules 7% de toutes les annonces recherchaient des connaissances d'italien. Dans les autres grandes r\u00e9gions, la demande de connaissances d'italien ne repr\u00e9sente plus qu'une part marginale.<\/p>\n<h3>Personnel de bureau et administratif : nous cherchons des talents linguistiques !<\/h3>\n<p>La demande de langues varie \u00e9galement en fonction du groupe professionnel et de la r\u00e9gion linguistique. En g\u00e9n\u00e9ral, on constate que les langues principales r\u00e9gionales (par exemple l'allemand en Suisse al\u00e9manique) sont particuli\u00e8rement importantes pour les professions artisanales et les professions de service et de vente. Ces groupes professionnels sont souvent en contact direct avec leur client\u00e8le et desservent principalement des march\u00e9s r\u00e9gionaux.<\/p>\n<p>Une analyse plus approfondie des donn\u00e9es r\u00e9v\u00e8le en outre des diff\u00e9rences diff\u00e9renci\u00e9es dans la composition r\u00e9gionale de la demande. Ainsi, par exemple, la ma\u00eetrise de l'allemand est plus exig\u00e9e en Suisse latine que celle du fran\u00e7ais en Suisse al\u00e9manique, tous groupes professionnels confondus. Il est frappant de constater que pr\u00e8s de la moiti\u00e9 de toutes les offres d'emploi en Suisse latine exigent la ma\u00eetrise de l'allemand pour les groupes de professions Technique (49%) et Bureau et administration (48%). En comparaison, le groupe professionnel qui demande le plus de connaissances en fran\u00e7ais en Suisse al\u00e9manique - les sp\u00e9cialistes en bureautique et administration (30%) - montre que la connaissance de l'autre langue nationale est plus importante en Suisse latine qu'en Suisse al\u00e9manique. Cela s'explique notamment par la diversit\u00e9 linguistique de la Suisse latine, qui comprend des cantons francophones et italophones, ainsi que des cantons franco-allemands comme le Valais et Fribourg.<\/p>\n<p>En Suisse latine, on accorde g\u00e9n\u00e9ralement un peu plus d'importance \u00e0 la connaissance de l'anglais qu'en Suisse al\u00e9manique. Dans les deux r\u00e9gions linguistiques, on attend en particulier des cadres une bonne connaissance de l'anglais. De mani\u00e8re surprenante, les cadres sont en outre le groupe professionnel pour lequel la connaissance des langues nationales r\u00e9gionales respectives est la moins exig\u00e9e. Dans l'ensemble, on peut dire que la connaissance de l'anglais joue un r\u00f4le important dans les deux r\u00e9gions linguistiques, surtout pour les professions universitaires et les professions de bureau\/administratives. En ce qui concerne les connaissances d'italien, il appara\u00eet \u00e9galement que les groupes professionnels du sud-ouest de la Suisse sont plus demandeurs que ceux de Suisse al\u00e9manique. Dans les deux r\u00e9gions linguistiques, les connaissances en italien sont toutefois surtout mentionn\u00e9es dans les offres d'emploi pour les professionnels du bureau et de l'administration.<\/p>\n<p>De mani\u00e8re g\u00e9n\u00e9rale, on observe que la connaissance de plusieurs langues est particuli\u00e8rement importante pour les professionnels du bureau et de l'administration. Cela s'explique probablement par le fait que la client\u00e8le dont s'occupent ces professionnels d\u00e9passe souvent les fronti\u00e8res linguistiques et nationales, contrairement \u00e0 la client\u00e8le des m\u00e9tiers de l'artisanat et de la vente.<\/p>\n<p><em>Source : <a href=\"https:\/\/www.adeccogroup.com\/de-ch\/\">Groupe Adecco<\/a><\/em><\/p>","protected":false},"excerpt":{"rendered":"<p>Bien qu'une baisse marginale des postes vacants soit enregistr\u00e9e au 1er trimestre 2023 par rapport au 4e trimestre 2022 (-1%), le march\u00e9 du travail suisse reste r\u00e9silient. L'Adecco Group Swiss Job Market Index se maintient \u00e0 un niveau historiquement \u00e9lev\u00e9 pour le trimestre en cours. Les travailleurs qui disposent de connaissances dans diff\u00e9rentes langues ont actuellement de tr\u00e8s bonnes chances sur le march\u00e9 du travail. C'est ce que montre l'enqu\u00eate scientifiquement fond\u00e9e de l'Adecco Group Swiss Job Market Index, le moniteur du march\u00e9 de l'emploi en Suisse de l'Universit\u00e9 de Zurich.<\/p>","protected":false},"author":4,"featured_media":19797,"comment_status":"closed","ping_status":"closed","sticky":false,"template":"","format":"standard","meta":{"_acf_changed":false,"_yoast_wpseo_focuskw":"Sprachkenntnisse","_yoast_wpseo_metadesc":"Arbeitnehmende, die breite Sprachkenntnisse haben, haben gem\u00e4ss dem Swiss Job Market Index derzeit sehr gute Chancen auf dem Arbeitsmarkt.","articlekey":"","footnotes":""},"categories":[579],"tags":[47,407,3727],"class_list":["post-19796","post","type-post","status-publish","format-standard","has-post-thumbnail","hentry","category-human-resources","tag-arbeitsmarkt","tag-recruiting","tag-sprachkenntnisse"],"acf":[],"yoast_head":"<!-- This site is optimized with the Yoast SEO plugin v27.4 - https:\/\/yoast.com\/product\/yoast-seo-wordpress\/ -->\n<title>Arbeitsmarkt: Breite Sprachkenntnisse erh\u00f6hen Jobchancen deutlich - Organisator<\/title>\n<meta name=\"description\" content=\"Arbeitnehmende, die breite Sprachkenntnisse haben, haben gem\u00e4ss dem Swiss Job Market Index derzeit sehr gute Chancen auf dem Arbeitsmarkt.\" \/>\n<meta name=\"robots\" content=\"index, follow, max-snippet:-1, max-image-preview:large, max-video-preview:-1\" \/>\n<link rel=\"canonical\" href=\"https:\/\/www.organisator.ch\/fr\/ressources-humaines\/2023-04-13\/arbeitsmarkt-breite-sprachkenntnisse-erhoehen-jobchancen-deutlich\/\" \/>\n<meta property=\"og:locale\" content=\"fr_FR\" \/>\n<meta property=\"og:type\" content=\"article\" \/>\n<meta property=\"og:title\" content=\"Arbeitsmarkt: Breite Sprachkenntnisse erh\u00f6hen Jobchancen deutlich\" \/>\n<meta property=\"og:description\" content=\"Arbeitnehmende, die breite Sprachkenntnisse haben, haben gem\u00e4ss dem Swiss Job Market Index derzeit sehr gute Chancen auf dem Arbeitsmarkt.\" \/>\n<meta property=\"og:url\" content=\"https:\/\/www.organisator.ch\/fr\/ressources-humaines\/2023-04-13\/arbeitsmarkt-breite-sprachkenntnisse-erhoehen-jobchancen-deutlich\/\" \/>\n<meta property=\"og:site_name\" content=\"Organisator\" \/>\n<meta property=\"article:publisher\" content=\"https:\/\/www.facebook.com\/OrganisatorFachmagazin\" \/>\n<meta property=\"article:published_time\" content=\"2023-04-13T06:55:21+00:00\" \/>\n<meta property=\"og:image\" content=\"https:\/\/www.organisator.ch\/wp-content\/uploads\/2023\/04\/Arbeitsmarkt-Breite-Sprachkenntnisse-erhoehen-Jobchancen-deutlich-2_Organisator.jpg\" \/>\n\t<meta property=\"og:image:width\" content=\"680\" \/>\n\t<meta property=\"og:image:height\" content=\"352\" \/>\n\t<meta property=\"og:image:type\" content=\"image\/jpeg\" \/>\n<meta name=\"author\" content=\"thomas.berner\" \/>\n<meta name=\"twitter:card\" content=\"summary_large_image\" \/>\n<meta name=\"twitter:title\" content=\"#Arbeitsmarkt: Breite #Sprachkenntnisse erh\u00f6hen #Jobchancen deutlich\" \/>\n<meta name=\"twitter:description\" content=\"Arbeitnehmende, die breite #Sprachkenntnisse haben, haben gem\u00e4ss dem Swiss Job Market Index derzeit sehr gute Chancen auf dem #Arbeitsmarkt.\" \/>\n<meta name=\"twitter:image\" content=\"https:\/\/www.organisator.ch\/wp-content\/uploads\/2023\/04\/Arbeitsmarkt-Breite-Sprachkenntnisse-erhoehen-Jobchancen-deutlich-2_Organisator.jpg\" \/>\n<script type=\"application\/ld+json\" class=\"yoast-schema-graph\">{\"@context\":\"https:\\\/\\\/schema.org\",\"@graph\":[{\"@type\":\"Article\",\"@id\":\"https:\\\/\\\/www.organisator.ch\\\/human-resources\\\/2023-04-13\\\/arbeitsmarkt-breite-sprachkenntnisse-erhoehen-jobchancen-deutlich\\\/#article\",\"isPartOf\":{\"@id\":\"https:\\\/\\\/www.organisator.ch\\\/human-resources\\\/2023-04-13\\\/arbeitsmarkt-breite-sprachkenntnisse-erhoehen-jobchancen-deutlich\\\/\"},\"author\":{\"name\":\"thomas.berner\",\"@id\":\"https:\\\/\\\/www.organisator.ch\\\/#\\\/schema\\\/person\\\/6f650f90b2842cd4c0cc334b4e36f67e\"},\"headline\":\"Arbeitsmarkt: Breite Sprachkenntnisse erh\u00f6hen Jobchancen deutlich\",\"datePublished\":\"2023-04-13T06:55:21+00:00\",\"mainEntityOfPage\":{\"@id\":\"https:\\\/\\\/www.organisator.ch\\\/human-resources\\\/2023-04-13\\\/arbeitsmarkt-breite-sprachkenntnisse-erhoehen-jobchancen-deutlich\\\/\"},\"wordCount\":1095,\"publisher\":{\"@id\":\"https:\\\/\\\/www.organisator.ch\\\/#organization\"},\"image\":{\"@id\":\"https:\\\/\\\/www.organisator.ch\\\/human-resources\\\/2023-04-13\\\/arbeitsmarkt-breite-sprachkenntnisse-erhoehen-jobchancen-deutlich\\\/#primaryimage\"},\"thumbnailUrl\":\"https:\\\/\\\/www.organisator.ch\\\/wp-content\\\/uploads\\\/2023\\\/04\\\/Arbeitsmarkt-Breite-Sprachkenntnisse-erhoehen-Jobchancen-deutlich-2_Organisator.jpg\",\"keywords\":[\"Arbeitsmarkt\",\"Recruiting\",\"Sprachkenntnisse\"],\"articleSection\":[\"HUMAN RESOURCES\"],\"inLanguage\":\"fr-FR\"},{\"@type\":\"WebPage\",\"@id\":\"https:\\\/\\\/www.organisator.ch\\\/human-resources\\\/2023-04-13\\\/arbeitsmarkt-breite-sprachkenntnisse-erhoehen-jobchancen-deutlich\\\/\",\"url\":\"https:\\\/\\\/www.organisator.ch\\\/human-resources\\\/2023-04-13\\\/arbeitsmarkt-breite-sprachkenntnisse-erhoehen-jobchancen-deutlich\\\/\",\"name\":\"Arbeitsmarkt: Breite Sprachkenntnisse erh\u00f6hen Jobchancen deutlich - Organisator\",\"isPartOf\":{\"@id\":\"https:\\\/\\\/www.organisator.ch\\\/#website\"},\"primaryImageOfPage\":{\"@id\":\"https:\\\/\\\/www.organisator.ch\\\/human-resources\\\/2023-04-13\\\/arbeitsmarkt-breite-sprachkenntnisse-erhoehen-jobchancen-deutlich\\\/#primaryimage\"},\"image\":{\"@id\":\"https:\\\/\\\/www.organisator.ch\\\/human-resources\\\/2023-04-13\\\/arbeitsmarkt-breite-sprachkenntnisse-erhoehen-jobchancen-deutlich\\\/#primaryimage\"},\"thumbnailUrl\":\"https:\\\/\\\/www.organisator.ch\\\/wp-content\\\/uploads\\\/2023\\\/04\\\/Arbeitsmarkt-Breite-Sprachkenntnisse-erhoehen-Jobchancen-deutlich-2_Organisator.jpg\",\"datePublished\":\"2023-04-13T06:55:21+00:00\",\"description\":\"Arbeitnehmende, die breite Sprachkenntnisse haben, haben gem\u00e4ss dem Swiss Job Market Index derzeit sehr gute Chancen auf dem Arbeitsmarkt.\",\"breadcrumb\":{\"@id\":\"https:\\\/\\\/www.organisator.ch\\\/human-resources\\\/2023-04-13\\\/arbeitsmarkt-breite-sprachkenntnisse-erhoehen-jobchancen-deutlich\\\/#breadcrumb\"},\"inLanguage\":\"fr-FR\",\"potentialAction\":[{\"@type\":\"ReadAction\",\"target\":[\"https:\\\/\\\/www.organisator.ch\\\/human-resources\\\/2023-04-13\\\/arbeitsmarkt-breite-sprachkenntnisse-erhoehen-jobchancen-deutlich\\\/\"]}]},{\"@type\":\"ImageObject\",\"inLanguage\":\"fr-FR\",\"@id\":\"https:\\\/\\\/www.organisator.ch\\\/human-resources\\\/2023-04-13\\\/arbeitsmarkt-breite-sprachkenntnisse-erhoehen-jobchancen-deutlich\\\/#primaryimage\",\"url\":\"https:\\\/\\\/www.organisator.ch\\\/wp-content\\\/uploads\\\/2023\\\/04\\\/Arbeitsmarkt-Breite-Sprachkenntnisse-erhoehen-Jobchancen-deutlich-2_Organisator.jpg\",\"contentUrl\":\"https:\\\/\\\/www.organisator.ch\\\/wp-content\\\/uploads\\\/2023\\\/04\\\/Arbeitsmarkt-Breite-Sprachkenntnisse-erhoehen-Jobchancen-deutlich-2_Organisator.jpg\",\"width\":680,\"height\":352,\"caption\":\"Mehr als ein Drittel der Stelleninserate erw\u00e4hnen zwei oder mehr Sprachen, wobei vor allem Arbeitnehmende mit Kenntnissen in zwei Sprachen besonders gefragt sind. (Grafik: Adecco Group)\"},{\"@type\":\"BreadcrumbList\",\"@id\":\"https:\\\/\\\/www.organisator.ch\\\/human-resources\\\/2023-04-13\\\/arbeitsmarkt-breite-sprachkenntnisse-erhoehen-jobchancen-deutlich\\\/#breadcrumb\",\"itemListElement\":[{\"@type\":\"ListItem\",\"position\":1,\"name\":\"Home\",\"item\":\"https:\\\/\\\/www.organisator.ch\\\/\"},{\"@type\":\"ListItem\",\"position\":2,\"name\":\"Arbeitsmarkt: Breite Sprachkenntnisse erh\u00f6hen Jobchancen deutlich\"}]},{\"@type\":\"WebSite\",\"@id\":\"https:\\\/\\\/www.organisator.ch\\\/#website\",\"url\":\"https:\\\/\\\/www.organisator.ch\\\/\",\"name\":\"Organisator\",\"description\":\"Kompetent. Praxisnah. Der ORGANISATOR bereitet in 10 Ausgaben pro Jahr die wesentlichen Themen f\u00fcr F\u00fchrungskr\u00e4fte von KMU auf.\",\"publisher\":{\"@id\":\"https:\\\/\\\/www.organisator.ch\\\/#organization\"},\"potentialAction\":[{\"@type\":\"SearchAction\",\"target\":{\"@type\":\"EntryPoint\",\"urlTemplate\":\"https:\\\/\\\/www.organisator.ch\\\/?s={search_term_string}\"},\"query-input\":{\"@type\":\"PropertyValueSpecification\",\"valueRequired\":true,\"valueName\":\"search_term_string\"}}],\"inLanguage\":\"fr-FR\"},{\"@type\":\"Organization\",\"@id\":\"https:\\\/\\\/www.organisator.ch\\\/#organization\",\"name\":\"Organisator\",\"url\":\"https:\\\/\\\/www.organisator.ch\\\/\",\"logo\":{\"@type\":\"ImageObject\",\"inLanguage\":\"fr-FR\",\"@id\":\"https:\\\/\\\/www.organisator.ch\\\/#\\\/schema\\\/logo\\\/image\\\/\",\"url\":\"https:\\\/\\\/www.organisator.ch\\\/wp-content\\\/uploads\\\/2022\\\/01\\\/Logo_Organisator_Website.png\",\"contentUrl\":\"https:\\\/\\\/www.organisator.ch\\\/wp-content\\\/uploads\\\/2022\\\/01\\\/Logo_Organisator_Website.png\",\"width\":800,\"height\":77,\"caption\":\"Organisator\"},\"image\":{\"@id\":\"https:\\\/\\\/www.organisator.ch\\\/#\\\/schema\\\/logo\\\/image\\\/\"},\"sameAs\":[\"https:\\\/\\\/www.facebook.com\\\/OrganisatorFachmagazin\",\"https:\\\/\\\/www.linkedin.com\\\/showcase\\\/organisator-das-magazin-fr-kmu\",\"https:\\\/\\\/www.xing.com\\\/news\\\/pages\\\/organisator-ch-695\",\"https:\\\/\\\/www.youtube.com\\\/channel\\\/UCGP2Sq0iWaZwT3BdIAQFYpw\"]},{\"@type\":\"Person\",\"@id\":\"https:\\\/\\\/www.organisator.ch\\\/#\\\/schema\\\/person\\\/6f650f90b2842cd4c0cc334b4e36f67e\",\"name\":\"thomas.berner\",\"image\":{\"@type\":\"ImageObject\",\"inLanguage\":\"fr-FR\",\"@id\":\"https:\\\/\\\/secure.gravatar.com\\\/avatar\\\/ac5001d2a36cb6c6cd3e50789007ffca834b477b74a2144564522e944eabff61?s=96&d=mm&r=g\",\"url\":\"https:\\\/\\\/secure.gravatar.com\\\/avatar\\\/ac5001d2a36cb6c6cd3e50789007ffca834b477b74a2144564522e944eabff61?s=96&d=mm&r=g\",\"contentUrl\":\"https:\\\/\\\/secure.gravatar.com\\\/avatar\\\/ac5001d2a36cb6c6cd3e50789007ffca834b477b74a2144564522e944eabff61?s=96&d=mm&r=g\",\"caption\":\"thomas.berner\"},\"url\":\"https:\\\/\\\/www.organisator.ch\\\/fr\\\/author\\\/thomas-berner\\\/\"}]}<\/script>\n<!-- \/ Yoast SEO plugin. -->","yoast_head_json":{"title":"March\u00e9 du travail : de larges connaissances linguistiques augmentent nettement les chances d'emploi - Organisateur","description":"Selon le Swiss Job Market Index, les travailleurs qui ont de larges connaissances linguistiques ont actuellement de tr\u00e8s bonnes chances sur le march\u00e9 du travail.","robots":{"index":"index","follow":"follow","max-snippet":"max-snippet:-1","max-image-preview":"max-image-preview:large","max-video-preview":"max-video-preview:-1"},"canonical":"https:\/\/www.organisator.ch\/fr\/ressources-humaines\/2023-04-13\/arbeitsmarkt-breite-sprachkenntnisse-erhoehen-jobchancen-deutlich\/","og_locale":"fr_FR","og_type":"article","og_title":"Arbeitsmarkt: Breite Sprachkenntnisse erh\u00f6hen Jobchancen deutlich","og_description":"Arbeitnehmende, die breite Sprachkenntnisse haben, haben gem\u00e4ss dem Swiss Job Market Index derzeit sehr gute Chancen auf dem Arbeitsmarkt.","og_url":"https:\/\/www.organisator.ch\/fr\/ressources-humaines\/2023-04-13\/arbeitsmarkt-breite-sprachkenntnisse-erhoehen-jobchancen-deutlich\/","og_site_name":"Organisator","article_publisher":"https:\/\/www.facebook.com\/OrganisatorFachmagazin","article_published_time":"2023-04-13T06:55:21+00:00","og_image":[{"width":680,"height":352,"url":"https:\/\/www.organisator.ch\/wp-content\/uploads\/2023\/04\/Arbeitsmarkt-Breite-Sprachkenntnisse-erhoehen-Jobchancen-deutlich-2_Organisator.jpg","type":"image\/jpeg"}],"author":"thomas.berner","twitter_card":"summary_large_image","twitter_title":"#Arbeitsmarkt: Breite #Sprachkenntnisse erh\u00f6hen #Jobchancen deutlich","twitter_description":"Arbeitnehmende, die breite #Sprachkenntnisse haben, haben gem\u00e4ss dem Swiss Job Market Index derzeit sehr gute Chancen auf dem #Arbeitsmarkt.","twitter_image":"https:\/\/www.organisator.ch\/wp-content\/uploads\/2023\/04\/Arbeitsmarkt-Breite-Sprachkenntnisse-erhoehen-Jobchancen-deutlich-2_Organisator.jpg","schema":{"@context":"https:\/\/schema.org","@graph":[{"@type":"Article","@id":"https:\/\/www.organisator.ch\/human-resources\/2023-04-13\/arbeitsmarkt-breite-sprachkenntnisse-erhoehen-jobchancen-deutlich\/#article","isPartOf":{"@id":"https:\/\/www.organisator.ch\/human-resources\/2023-04-13\/arbeitsmarkt-breite-sprachkenntnisse-erhoehen-jobchancen-deutlich\/"},"author":{"name":"thomas.berner","@id":"https:\/\/www.organisator.ch\/#\/schema\/person\/6f650f90b2842cd4c0cc334b4e36f67e"},"headline":"Arbeitsmarkt: Breite Sprachkenntnisse erh\u00f6hen Jobchancen deutlich","datePublished":"2023-04-13T06:55:21+00:00","mainEntityOfPage":{"@id":"https:\/\/www.organisator.ch\/human-resources\/2023-04-13\/arbeitsmarkt-breite-sprachkenntnisse-erhoehen-jobchancen-deutlich\/"},"wordCount":1095,"publisher":{"@id":"https:\/\/www.organisator.ch\/#organization"},"image":{"@id":"https:\/\/www.organisator.ch\/human-resources\/2023-04-13\/arbeitsmarkt-breite-sprachkenntnisse-erhoehen-jobchancen-deutlich\/#primaryimage"},"thumbnailUrl":"https:\/\/www.organisator.ch\/wp-content\/uploads\/2023\/04\/Arbeitsmarkt-Breite-Sprachkenntnisse-erhoehen-Jobchancen-deutlich-2_Organisator.jpg","keywords":["Arbeitsmarkt","Recruiting","Sprachkenntnisse"],"articleSection":["HUMAN RESOURCES"],"inLanguage":"fr-FR"},{"@type":"WebPage","@id":"https:\/\/www.organisator.ch\/human-resources\/2023-04-13\/arbeitsmarkt-breite-sprachkenntnisse-erhoehen-jobchancen-deutlich\/","url":"https:\/\/www.organisator.ch\/human-resources\/2023-04-13\/arbeitsmarkt-breite-sprachkenntnisse-erhoehen-jobchancen-deutlich\/","name":"March\u00e9 du travail : de larges connaissances linguistiques augmentent nettement les chances d'emploi - Organisateur","isPartOf":{"@id":"https:\/\/www.organisator.ch\/#website"},"primaryImageOfPage":{"@id":"https:\/\/www.organisator.ch\/human-resources\/2023-04-13\/arbeitsmarkt-breite-sprachkenntnisse-erhoehen-jobchancen-deutlich\/#primaryimage"},"image":{"@id":"https:\/\/www.organisator.ch\/human-resources\/2023-04-13\/arbeitsmarkt-breite-sprachkenntnisse-erhoehen-jobchancen-deutlich\/#primaryimage"},"thumbnailUrl":"https:\/\/www.organisator.ch\/wp-content\/uploads\/2023\/04\/Arbeitsmarkt-Breite-Sprachkenntnisse-erhoehen-Jobchancen-deutlich-2_Organisator.jpg","datePublished":"2023-04-13T06:55:21+00:00","description":"Selon le Swiss Job Market Index, les travailleurs qui ont de larges connaissances linguistiques ont actuellement de tr\u00e8s bonnes chances sur le march\u00e9 du travail.","breadcrumb":{"@id":"https:\/\/www.organisator.ch\/human-resources\/2023-04-13\/arbeitsmarkt-breite-sprachkenntnisse-erhoehen-jobchancen-deutlich\/#breadcrumb"},"inLanguage":"fr-FR","potentialAction":[{"@type":"ReadAction","target":["https:\/\/www.organisator.ch\/human-resources\/2023-04-13\/arbeitsmarkt-breite-sprachkenntnisse-erhoehen-jobchancen-deutlich\/"]}]},{"@type":"ImageObject","inLanguage":"fr-FR","@id":"https:\/\/www.organisator.ch\/human-resources\/2023-04-13\/arbeitsmarkt-breite-sprachkenntnisse-erhoehen-jobchancen-deutlich\/#primaryimage","url":"https:\/\/www.organisator.ch\/wp-content\/uploads\/2023\/04\/Arbeitsmarkt-Breite-Sprachkenntnisse-erhoehen-Jobchancen-deutlich-2_Organisator.jpg","contentUrl":"https:\/\/www.organisator.ch\/wp-content\/uploads\/2023\/04\/Arbeitsmarkt-Breite-Sprachkenntnisse-erhoehen-Jobchancen-deutlich-2_Organisator.jpg","width":680,"height":352,"caption":"Mehr als ein Drittel der Stelleninserate erw\u00e4hnen zwei oder mehr Sprachen, wobei vor allem Arbeitnehmende mit Kenntnissen in zwei Sprachen besonders gefragt sind. (Grafik: Adecco Group)"},{"@type":"BreadcrumbList","@id":"https:\/\/www.organisator.ch\/human-resources\/2023-04-13\/arbeitsmarkt-breite-sprachkenntnisse-erhoehen-jobchancen-deutlich\/#breadcrumb","itemListElement":[{"@type":"ListItem","position":1,"name":"Home","item":"https:\/\/www.organisator.ch\/"},{"@type":"ListItem","position":2,"name":"Arbeitsmarkt: Breite Sprachkenntnisse erh\u00f6hen Jobchancen deutlich"}]},{"@type":"WebSite","@id":"https:\/\/www.organisator.ch\/#website","url":"https:\/\/www.organisator.ch\/","name":"Organisateur","description":"Comp\u00e9tence et comp\u00e9tence. Proches de la pratique. L'ORGANISATEUR pr\u00e9pare 10 num\u00e9ros par an sur les th\u00e8mes essentiels pour les dirigeants de PME.","publisher":{"@id":"https:\/\/www.organisator.ch\/#organization"},"potentialAction":[{"@type":"SearchAction","target":{"@type":"EntryPoint","urlTemplate":"https:\/\/www.organisator.ch\/?s={search_term_string}"},"query-input":{"@type":"PropertyValueSpecification","valueRequired":true,"valueName":"search_term_string"}}],"inLanguage":"fr-FR"},{"@type":"Organization","@id":"https:\/\/www.organisator.ch\/#organization","name":"Organisateur","url":"https:\/\/www.organisator.ch\/","logo":{"@type":"ImageObject","inLanguage":"fr-FR","@id":"https:\/\/www.organisator.ch\/#\/schema\/logo\/image\/","url":"https:\/\/www.organisator.ch\/wp-content\/uploads\/2022\/01\/Logo_Organisator_Website.png","contentUrl":"https:\/\/www.organisator.ch\/wp-content\/uploads\/2022\/01\/Logo_Organisator_Website.png","width":800,"height":77,"caption":"Organisator"},"image":{"@id":"https:\/\/www.organisator.ch\/#\/schema\/logo\/image\/"},"sameAs":["https:\/\/www.facebook.com\/OrganisatorFachmagazin","https:\/\/www.linkedin.com\/showcase\/organisator-das-magazin-fr-kmu","https:\/\/www.xing.com\/news\/pages\/organisator-ch-695","https:\/\/www.youtube.com\/channel\/UCGP2Sq0iWaZwT3BdIAQFYpw"]},{"@type":"Person","@id":"https:\/\/www.organisator.ch\/#\/schema\/person\/6f650f90b2842cd4c0cc334b4e36f67e","name":"thomas.berner","image":{"@type":"ImageObject","inLanguage":"fr-FR","@id":"https:\/\/secure.gravatar.com\/avatar\/ac5001d2a36cb6c6cd3e50789007ffca834b477b74a2144564522e944eabff61?s=96&d=mm&r=g","url":"https:\/\/secure.gravatar.com\/avatar\/ac5001d2a36cb6c6cd3e50789007ffca834b477b74a2144564522e944eabff61?s=96&d=mm&r=g","contentUrl":"https:\/\/secure.gravatar.com\/avatar\/ac5001d2a36cb6c6cd3e50789007ffca834b477b74a2144564522e944eabff61?s=96&d=mm&r=g","caption":"thomas.berner"},"url":"https:\/\/www.organisator.ch\/fr\/author\/thomas-berner\/"}]}},"_links":{"self":[{"href":"https:\/\/www.organisator.ch\/fr\/wp-json\/wp\/v2\/posts\/19796","targetHints":{"allow":["GET"]}}],"collection":[{"href":"https:\/\/www.organisator.ch\/fr\/wp-json\/wp\/v2\/posts"}],"about":[{"href":"https:\/\/www.organisator.ch\/fr\/wp-json\/wp\/v2\/types\/post"}],"author":[{"embeddable":true,"href":"https:\/\/www.organisator.ch\/fr\/wp-json\/wp\/v2\/users\/4"}],"replies":[{"embeddable":true,"href":"https:\/\/www.organisator.ch\/fr\/wp-json\/wp\/v2\/comments?post=19796"}],"version-history":[{"count":1,"href":"https:\/\/www.organisator.ch\/fr\/wp-json\/wp\/v2\/posts\/19796\/revisions"}],"predecessor-version":[{"id":19799,"href":"https:\/\/www.organisator.ch\/fr\/wp-json\/wp\/v2\/posts\/19796\/revisions\/19799"}],"wp:featuredmedia":[{"embeddable":true,"href":"https:\/\/www.organisator.ch\/fr\/wp-json\/wp\/v2\/media\/19797"}],"wp:attachment":[{"href":"https:\/\/www.organisator.ch\/fr\/wp-json\/wp\/v2\/media?parent=19796"}],"wp:term":[{"taxonomy":"category","embeddable":true,"href":"https:\/\/www.organisator.ch\/fr\/wp-json\/wp\/v2\/categories?post=19796"},{"taxonomy":"post_tag","embeddable":true,"href":"https:\/\/www.organisator.ch\/fr\/wp-json\/wp\/v2\/tags?post=19796"}],"curies":[{"name":"wp","href":"https:\/\/api.w.org\/{rel}","templated":true}]}}