{"id":19872,"date":"2023-04-24T08:31:50","date_gmt":"2023-04-24T06:31:50","guid":{"rendered":"https:\/\/www.organisator.ch\/?p=19872"},"modified":"2023-04-24T08:31:50","modified_gmt":"2023-04-24T06:31:50","slug":"investitionen-in-innovation-wachsen-bis-2026-zweistellig","status":"publish","type":"post","link":"https:\/\/www.organisator.ch\/fr\/management\/2023-04-24\/investitionen-in-innovation-wachsen-bis-2026-zweistellig\/","title":{"rendered":"Les investissements dans l'innovation conna\u00eetront une croissance \u00e0 deux chiffres d'ici 2026"},"content":{"rendered":"<figure id=\"attachment_19873\" aria-describedby=\"caption-attachment-19873\" style=\"width: 680px\" class=\"wp-caption alignnone\"><img loading=\"lazy\" decoding=\"async\" class=\"size-full wp-image-19873\" src=\"https:\/\/www.organisator.ch\/wp-content\/uploads\/2023\/04\/Investitionen-in-Innovation-wachsen-bis-2026-zweistellig_Organisator.jpg\" alt=\"\" width=\"680\" height=\"453\" srcset=\"https:\/\/www.organisator.ch\/wp-content\/uploads\/2023\/04\/Investitionen-in-Innovation-wachsen-bis-2026-zweistellig_Organisator.jpg 680w, https:\/\/www.organisator.ch\/wp-content\/uploads\/2023\/04\/Investitionen-in-Innovation-wachsen-bis-2026-zweistellig_Organisator-18x12.jpg 18w, https:\/\/www.organisator.ch\/wp-content\/uploads\/2023\/04\/Investitionen-in-Innovation-wachsen-bis-2026-zweistellig_Organisator-375x250.jpg 375w, https:\/\/www.organisator.ch\/wp-content\/uploads\/2023\/04\/Investitionen-in-Innovation-wachsen-bis-2026-zweistellig_Organisator-525x350.jpg 525w\" sizes=\"auto, (max-width: 680px) 100vw, 680px\" \/><figcaption id=\"caption-attachment-19873\" class=\"wp-caption-text\">On ne peut pas se passer d'investir dans l'innovation. En cons\u00e9quence, les entreprises vont fortement progresser dans ce domaine d'ici 2026. (Image : Pixabay.com)<\/figcaption><\/figure>\n<p>L'inflation est \u00e9lev\u00e9e, la conjoncture est au ralenti. Pourtant, les entreprises industrielles du monde entier pr\u00e9voient d'augmenter massivement leurs d\u00e9penses en mati\u00e8re d'ing\u00e9nierie, de recherche et de d\u00e9veloppement (ER&amp;D) et donc d'innovation au sens large dans les ann\u00e9es \u00e0 venir. Dans des secteurs industriels centraux comme l'automobile, l'\u00e9nergie ou la construction m\u00e9canique, les budgets ER&amp;D mondiaux pourraient ainsi augmenter de 10 % par an en moyenne jusqu'en 2026. Ce sont les r\u00e9sultats du premier \"Global Engineering and R&amp;D Report\" du cabinet de conseil international Bain &amp; Company, pour lequel plus de 500 cadres sup\u00e9rieurs des principaux pays industrialis\u00e9s ont \u00e9t\u00e9 interrog\u00e9s dans le monde entier. Les moteurs et les restrictions sont \u00e9galement mis en \u00e9vidence, tout comme les raisons de l'externalisation des activit\u00e9s ER&amp;D, que les entreprises de fabrication choisissent de plus en plus dans tous les secteurs.<\/p>\n<h3>Accorder une plus grande importance \u00e0 l'innovation<\/h3>\n<p>Le fait que la volont\u00e9 d'investir soit \u00e9lev\u00e9e malgr\u00e9 la faiblesse de la conjoncture n'\u00e9tonne pas Daniel Suter, partenaire de Bain et auteur de l'\u00e9tude : \"Les d\u00e9penses en mati\u00e8re d'innovation sont d\u00e9sormais souvent au c\u0153ur des r\u00e9flexions strat\u00e9giques. Elles ne servent plus seulement \u00e0 d\u00e9velopper et \u00e0 optimiser des produits, mais pr\u00e9parent en m\u00eame temps le terrain pour continuer \u00e0 d\u00e9velopper des mod\u00e8les commerciaux ou m\u00eame en r\u00e9inventer certains\".<\/p>\n<p>L'importance accrue accord\u00e9e \u00e0 l'innovation est \u00e9troitement li\u00e9e \u00e0 la progression de la num\u00e9risation. Selon l'\u00e9tude de Bain, les d\u00e9penses ER&amp;D pour les produits et services num\u00e9riques augmenteront en moyenne de 19 % par an dans le monde d'ici 2026, soit presque deux fois plus vite que les investissements totaux. \"Les entreprises industrielles de la r\u00e9gion DACH devraient \u00e9galement acc\u00e9l\u00e9rer leurs activit\u00e9s dans ce domaine\", souligne Suter. \"Le pass\u00e9 a montr\u00e9 que les investissements dans l'innovation pendant un ralentissement se traduisent souvent par un avantage concurrentiel durable. Et les r\u00e9centes suppressions d'emplois dans le secteur technologique facilitent le recrutement de talents num\u00e9riques\".<\/p>\n<h3>Faire face \u00e0 la p\u00e9nurie de main-d'\u0153uvre qualifi\u00e9e<\/h3>\n<p>En plus des produits et services innovants, il faut avant tout investir dans le personnel. Pour que les entreprises industrielles puissent faire avancer leurs activit\u00e9s ER&amp;D, elles ont besoin de sp\u00e9cialistes et de cadres hautement qualifi\u00e9s. Or, c'est ce qui manque aujourd'hui dans le monde entier. Selon l'\u00e9tude Bain, 73 % des personnes interrog\u00e9es parlent de p\u00e9nuries de personnel. Et la vague de d\u00e9parts \u00e0 la retraite des baby-boomers ne fait que commencer. De plus, avec l'\u00e2ge, les ing\u00e9nieurs changent souvent de fonction, ce qui accro\u00eet encore la p\u00e9nurie de personnel dans le domaine du d\u00e9veloppement.<\/p>\n<p>L'associ\u00e9 de Bain Michael Staebe, qui dirige le groupe de pratique Biens et services industriels dans la r\u00e9gion DACH, appelle \u00e0 un changement de mentalit\u00e9 : \"\u00c0 une \u00e9poque de p\u00e9nurie globale de main-d'\u0153uvre qualifi\u00e9e, il ne suffit pas de lancer des campagnes co\u00fbteuses pour attirer des talents rares. Il est au moins aussi important de cr\u00e9er des conditions attrayantes pour le personnel existant et surtout pour les ing\u00e9nieurs, afin qu'ils puissent se d\u00e9velopper en permanence\".<\/p>\n<h3>Investir dans l'innovation pour des solutions ax\u00e9es sur les r\u00e9sultats<\/h3>\n<p>Seuls ceux qui rel\u00e8vent ce d\u00e9fi et proposent des offres adapt\u00e9es seront en mesure de r\u00e9pondre aux nouvelles exigences du march\u00e9. L'accent est de moins en moins mis sur les produits en tant que tels, mais plut\u00f4t sur des solutions ax\u00e9es sur les r\u00e9sultats, pour lesquelles la client\u00e8le paie en fonction de leur disponibilit\u00e9. \"Les entreprises industrielles doivent trouver de nouvelles formes de cr\u00e9ation de valeur\", explique Staebe. \"Si elles n'investissent ni dans l'innovation ni dans l'am\u00e9lioration de l'exp\u00e9rience client, elles risquent d'\u00eatre marginalis\u00e9es par des concurrents plus flexibles\".<\/p>\n<p>Les participants \u00e0 l'\u00e9tude de Bain sont tout \u00e0 fait conscients de ce danger. C'est pourquoi la r\u00e9duction des temps de d\u00e9veloppement fait partie des mesures prioritaires pour trois personnes interrog\u00e9es sur quatre. Ils accordent une importance presque aussi grande \u00e0 l'int\u00e9gration de nouvelles technologies. L'intelligence artificielle en fait notamment partie. Pour les cadres allemands, la gestion de la forte pression sur les co\u00fbts est en outre un sujet urgent.<\/p>\n<h3>D\u00e9fendre le leadership technologique avec des partenaires<\/h3>\n<p>Afin d'obtenir des r\u00e9sultats de d\u00e9veloppement rapides avec des ressources en personnel limit\u00e9es, de plus en plus d'entreprises collaborent avec des partenaires externes. Selon l'\u00e9tude de Bain, 60 pour cent des entreprises de production pr\u00e9voient d'externaliser une grande partie de leurs activit\u00e9s d'innovation dans les ann\u00e9es \u00e0 venir. Jusqu'\u00e0 pr\u00e9sent, le taux d'externalisation des grandes entreprises est en moyenne de 18 pour cent. C'est plut\u00f4t faible en comparaison avec le secteur informatique, par exemple. Dans ce dernier, le taux d'externalisation s'\u00e9l\u00e8ve \u00e0 46%. Lors du choix du partenaire externe, l'expertise joue un r\u00f4le central. Les co\u00fbts ne sont que le deuxi\u00e8me crit\u00e8re de d\u00e9cision le plus important.<\/p>\n<p>Le fait que les entreprises de fabrication du monde entier externalisent de plus en plus les activit\u00e9s ER&amp;D est un changement fondamental du point de vue de l'associ\u00e9 de Bain, M. Suter : \"Traditionnellement, les entreprises industrielles ont tout mis en \u0153uvre pour faire avancer les d\u00e9veloppements pour l'activit\u00e9 principale en interne et n'ont externalis\u00e9 que les \u00e9tapes de cr\u00e9ation de valeur en amont ou en aval. D\u00e9sormais, m\u00eame le c\u0153ur de m\u00e9tier n'est plus tabou \u00e0 cet \u00e9gard\". Les coop\u00e9rations des constructeurs automobiles avec les producteurs de puces et les g\u00e9ants de l'Internet ne sont qu'un signe avant-coureur. Pour Suter, une chose est s\u00fbre : \"L'industrie dans la r\u00e9gion DACH ne peut d\u00e9fendre son leadership technologique qu'en s'associant \u00e0 des partenaires\".<\/p>\n<p><em>Source : <a href=\"http:\/\/www.bain-company.ch\">Bain &amp; Company<\/a><\/em><\/p>","protected":false},"excerpt":{"rendered":"<p>Malgr\u00e9 des perspectives \u00e9conomiques incertaines, les entreprises de fabrication du monde entier augmentent leurs d\u00e9penses pour le d\u00e9veloppement de nouveaux produits et l'optimisation des produits existants. Les investissements dans les innovations num\u00e9riques augmenteront en moyenne de 19 % par an jusqu'en 2026. C'est ce que r\u00e9v\u00e8le une enqu\u00eate.<\/p>","protected":false},"author":4,"featured_media":19873,"comment_status":"closed","ping_status":"closed","sticky":false,"template":"","format":"standard","meta":{"_acf_changed":false,"_yoast_wpseo_focuskw":"Investitionen in Innovation","_yoast_wpseo_metadesc":"Investitionen in Innovation werden weltweit bis 2026 um durchschnittlich 19 Prozent pro Jahr steigen. Das hat eine Befragung ergeben.","articlekey":"","footnotes":""},"categories":[28],"tags":[274,335,487],"class_list":["post-19872","post","type-post","status-publish","format-standard","has-post-thumbnail","hentry","category-management","tag-innovation","tag-management-und-unternehmensfuehrung","tag-umfrage"],"acf":[],"yoast_head":"<!-- This site is optimized with the Yoast SEO plugin v27.4 - https:\/\/yoast.com\/product\/yoast-seo-wordpress\/ -->\n<title>Investitionen in Innovation wachsen bis 2026 zweistellig - Organisator<\/title>\n<meta name=\"description\" content=\"Investitionen in Innovation werden weltweit bis 2026 um durchschnittlich 19 Prozent pro Jahr steigen. Das hat eine Befragung ergeben.\" \/>\n<meta name=\"robots\" content=\"index, follow, max-snippet:-1, max-image-preview:large, max-video-preview:-1\" \/>\n<link rel=\"canonical\" href=\"https:\/\/www.organisator.ch\/fr\/gestion-2\/2023-04-24\/investitionen-in-innovation-wachsen-bis-2026-zweistellig\/\" \/>\n<meta property=\"og:locale\" content=\"fr_FR\" \/>\n<meta property=\"og:type\" content=\"article\" \/>\n<meta property=\"og:title\" content=\"Investitionen in Innovation wachsen bis 2026 zweistellig\" \/>\n<meta property=\"og:description\" content=\"Investitionen in Innovation werden weltweit bis 2026 um durchschnittlich 19 Prozent pro Jahr steigen. Das hat eine Befragung ergeben.\" \/>\n<meta property=\"og:url\" content=\"https:\/\/www.organisator.ch\/fr\/gestion-2\/2023-04-24\/investitionen-in-innovation-wachsen-bis-2026-zweistellig\/\" \/>\n<meta property=\"og:site_name\" content=\"Organisator\" \/>\n<meta property=\"article:publisher\" content=\"https:\/\/www.facebook.com\/OrganisatorFachmagazin\" \/>\n<meta property=\"article:published_time\" content=\"2023-04-24T06:31:50+00:00\" \/>\n<meta property=\"og:image\" content=\"https:\/\/www.organisator.ch\/wp-content\/uploads\/2023\/04\/Investitionen-in-Innovation-wachsen-bis-2026-zweistellig_Organisator.jpg\" \/>\n\t<meta property=\"og:image:width\" content=\"680\" \/>\n\t<meta property=\"og:image:height\" content=\"453\" \/>\n\t<meta property=\"og:image:type\" content=\"image\/jpeg\" \/>\n<meta name=\"author\" content=\"thomas.berner\" \/>\n<meta name=\"twitter:card\" content=\"summary_large_image\" \/>\n<meta name=\"twitter:title\" content=\"#Investitionen in #Innovation wachsen bis 2026 zweistellig\" \/>\n<meta name=\"twitter:description\" content=\"#Investitionen in #Innovation werden weltweit bis 2026 um durchschnittlich 19 Prozent pro Jahr steigen. Das hat eine #Befragung ergeben.\" \/>\n<meta name=\"twitter:image\" content=\"https:\/\/www.organisator.ch\/wp-content\/uploads\/2023\/04\/Investitionen-in-Innovation-wachsen-bis-2026-zweistellig_Organisator.jpg\" \/>\n<script type=\"application\/ld+json\" class=\"yoast-schema-graph\">{\"@context\":\"https:\\\/\\\/schema.org\",\"@graph\":[{\"@type\":\"Article\",\"@id\":\"https:\\\/\\\/www.organisator.ch\\\/management\\\/2023-04-24\\\/investitionen-in-innovation-wachsen-bis-2026-zweistellig\\\/#article\",\"isPartOf\":{\"@id\":\"https:\\\/\\\/www.organisator.ch\\\/management\\\/2023-04-24\\\/investitionen-in-innovation-wachsen-bis-2026-zweistellig\\\/\"},\"author\":{\"name\":\"thomas.berner\",\"@id\":\"https:\\\/\\\/www.organisator.ch\\\/#\\\/schema\\\/person\\\/6f650f90b2842cd4c0cc334b4e36f67e\"},\"headline\":\"Investitionen in Innovation wachsen bis 2026 zweistellig\",\"datePublished\":\"2023-04-24T06:31:50+00:00\",\"mainEntityOfPage\":{\"@id\":\"https:\\\/\\\/www.organisator.ch\\\/management\\\/2023-04-24\\\/investitionen-in-innovation-wachsen-bis-2026-zweistellig\\\/\"},\"wordCount\":800,\"publisher\":{\"@id\":\"https:\\\/\\\/www.organisator.ch\\\/#organization\"},\"image\":{\"@id\":\"https:\\\/\\\/www.organisator.ch\\\/management\\\/2023-04-24\\\/investitionen-in-innovation-wachsen-bis-2026-zweistellig\\\/#primaryimage\"},\"thumbnailUrl\":\"https:\\\/\\\/www.organisator.ch\\\/wp-content\\\/uploads\\\/2023\\\/04\\\/Investitionen-in-Innovation-wachsen-bis-2026-zweistellig_Organisator.jpg\",\"keywords\":[\"Innovation\",\"Management und Unternehmensf\u00fchrung\",\"Umfrage\"],\"articleSection\":[\"MANAGEMENT\"],\"inLanguage\":\"fr-FR\"},{\"@type\":\"WebPage\",\"@id\":\"https:\\\/\\\/www.organisator.ch\\\/management\\\/2023-04-24\\\/investitionen-in-innovation-wachsen-bis-2026-zweistellig\\\/\",\"url\":\"https:\\\/\\\/www.organisator.ch\\\/management\\\/2023-04-24\\\/investitionen-in-innovation-wachsen-bis-2026-zweistellig\\\/\",\"name\":\"Investitionen in Innovation wachsen bis 2026 zweistellig - Organisator\",\"isPartOf\":{\"@id\":\"https:\\\/\\\/www.organisator.ch\\\/#website\"},\"primaryImageOfPage\":{\"@id\":\"https:\\\/\\\/www.organisator.ch\\\/management\\\/2023-04-24\\\/investitionen-in-innovation-wachsen-bis-2026-zweistellig\\\/#primaryimage\"},\"image\":{\"@id\":\"https:\\\/\\\/www.organisator.ch\\\/management\\\/2023-04-24\\\/investitionen-in-innovation-wachsen-bis-2026-zweistellig\\\/#primaryimage\"},\"thumbnailUrl\":\"https:\\\/\\\/www.organisator.ch\\\/wp-content\\\/uploads\\\/2023\\\/04\\\/Investitionen-in-Innovation-wachsen-bis-2026-zweistellig_Organisator.jpg\",\"datePublished\":\"2023-04-24T06:31:50+00:00\",\"description\":\"Investitionen in Innovation werden weltweit bis 2026 um durchschnittlich 19 Prozent pro Jahr steigen. Das hat eine Befragung ergeben.\",\"breadcrumb\":{\"@id\":\"https:\\\/\\\/www.organisator.ch\\\/management\\\/2023-04-24\\\/investitionen-in-innovation-wachsen-bis-2026-zweistellig\\\/#breadcrumb\"},\"inLanguage\":\"fr-FR\",\"potentialAction\":[{\"@type\":\"ReadAction\",\"target\":[\"https:\\\/\\\/www.organisator.ch\\\/management\\\/2023-04-24\\\/investitionen-in-innovation-wachsen-bis-2026-zweistellig\\\/\"]}]},{\"@type\":\"ImageObject\",\"inLanguage\":\"fr-FR\",\"@id\":\"https:\\\/\\\/www.organisator.ch\\\/management\\\/2023-04-24\\\/investitionen-in-innovation-wachsen-bis-2026-zweistellig\\\/#primaryimage\",\"url\":\"https:\\\/\\\/www.organisator.ch\\\/wp-content\\\/uploads\\\/2023\\\/04\\\/Investitionen-in-Innovation-wachsen-bis-2026-zweistellig_Organisator.jpg\",\"contentUrl\":\"https:\\\/\\\/www.organisator.ch\\\/wp-content\\\/uploads\\\/2023\\\/04\\\/Investitionen-in-Innovation-wachsen-bis-2026-zweistellig_Organisator.jpg\",\"width\":680,\"height\":453,\"caption\":\"Ohne Investitionen in Innovation geht es nicht. Entsprechend werden Unternehmen bis 2026 hier stark zulegen. (Bild: Pixabay.com)\"},{\"@type\":\"BreadcrumbList\",\"@id\":\"https:\\\/\\\/www.organisator.ch\\\/management\\\/2023-04-24\\\/investitionen-in-innovation-wachsen-bis-2026-zweistellig\\\/#breadcrumb\",\"itemListElement\":[{\"@type\":\"ListItem\",\"position\":1,\"name\":\"Home\",\"item\":\"https:\\\/\\\/www.organisator.ch\\\/\"},{\"@type\":\"ListItem\",\"position\":2,\"name\":\"Investitionen in Innovation wachsen bis 2026 zweistellig\"}]},{\"@type\":\"WebSite\",\"@id\":\"https:\\\/\\\/www.organisator.ch\\\/#website\",\"url\":\"https:\\\/\\\/www.organisator.ch\\\/\",\"name\":\"Organisator\",\"description\":\"Kompetent. Praxisnah. Der ORGANISATOR bereitet in 10 Ausgaben pro Jahr die wesentlichen Themen f\u00fcr F\u00fchrungskr\u00e4fte von KMU auf.\",\"publisher\":{\"@id\":\"https:\\\/\\\/www.organisator.ch\\\/#organization\"},\"potentialAction\":[{\"@type\":\"SearchAction\",\"target\":{\"@type\":\"EntryPoint\",\"urlTemplate\":\"https:\\\/\\\/www.organisator.ch\\\/?s={search_term_string}\"},\"query-input\":{\"@type\":\"PropertyValueSpecification\",\"valueRequired\":true,\"valueName\":\"search_term_string\"}}],\"inLanguage\":\"fr-FR\"},{\"@type\":\"Organization\",\"@id\":\"https:\\\/\\\/www.organisator.ch\\\/#organization\",\"name\":\"Organisator\",\"url\":\"https:\\\/\\\/www.organisator.ch\\\/\",\"logo\":{\"@type\":\"ImageObject\",\"inLanguage\":\"fr-FR\",\"@id\":\"https:\\\/\\\/www.organisator.ch\\\/#\\\/schema\\\/logo\\\/image\\\/\",\"url\":\"https:\\\/\\\/www.organisator.ch\\\/wp-content\\\/uploads\\\/2022\\\/01\\\/Logo_Organisator_Website.png\",\"contentUrl\":\"https:\\\/\\\/www.organisator.ch\\\/wp-content\\\/uploads\\\/2022\\\/01\\\/Logo_Organisator_Website.png\",\"width\":800,\"height\":77,\"caption\":\"Organisator\"},\"image\":{\"@id\":\"https:\\\/\\\/www.organisator.ch\\\/#\\\/schema\\\/logo\\\/image\\\/\"},\"sameAs\":[\"https:\\\/\\\/www.facebook.com\\\/OrganisatorFachmagazin\",\"https:\\\/\\\/www.linkedin.com\\\/showcase\\\/organisator-das-magazin-fr-kmu\",\"https:\\\/\\\/www.xing.com\\\/news\\\/pages\\\/organisator-ch-695\",\"https:\\\/\\\/www.youtube.com\\\/channel\\\/UCGP2Sq0iWaZwT3BdIAQFYpw\"]},{\"@type\":\"Person\",\"@id\":\"https:\\\/\\\/www.organisator.ch\\\/#\\\/schema\\\/person\\\/6f650f90b2842cd4c0cc334b4e36f67e\",\"name\":\"thomas.berner\",\"image\":{\"@type\":\"ImageObject\",\"inLanguage\":\"fr-FR\",\"@id\":\"https:\\\/\\\/secure.gravatar.com\\\/avatar\\\/ac5001d2a36cb6c6cd3e50789007ffca834b477b74a2144564522e944eabff61?s=96&d=mm&r=g\",\"url\":\"https:\\\/\\\/secure.gravatar.com\\\/avatar\\\/ac5001d2a36cb6c6cd3e50789007ffca834b477b74a2144564522e944eabff61?s=96&d=mm&r=g\",\"contentUrl\":\"https:\\\/\\\/secure.gravatar.com\\\/avatar\\\/ac5001d2a36cb6c6cd3e50789007ffca834b477b74a2144564522e944eabff61?s=96&d=mm&r=g\",\"caption\":\"thomas.berner\"},\"url\":\"https:\\\/\\\/www.organisator.ch\\\/fr\\\/author\\\/thomas-berner\\\/\"}]}<\/script>\n<!-- \/ Yoast SEO plugin. -->","yoast_head_json":{"title":"Les investissements dans l'innovation conna\u00eetront une croissance \u00e0 deux chiffres d'ici 2026 - Organisateur","description":"Les investissements dans l'innovation augmenteront en moyenne de 19 % par an dans le monde d'ici 2026. C'est ce que r\u00e9v\u00e8le une enqu\u00eate.","robots":{"index":"index","follow":"follow","max-snippet":"max-snippet:-1","max-image-preview":"max-image-preview:large","max-video-preview":"max-video-preview:-1"},"canonical":"https:\/\/www.organisator.ch\/fr\/gestion-2\/2023-04-24\/investitionen-in-innovation-wachsen-bis-2026-zweistellig\/","og_locale":"fr_FR","og_type":"article","og_title":"Investitionen in Innovation wachsen bis 2026 zweistellig","og_description":"Investitionen in Innovation werden weltweit bis 2026 um durchschnittlich 19 Prozent pro Jahr steigen. Das hat eine Befragung ergeben.","og_url":"https:\/\/www.organisator.ch\/fr\/gestion-2\/2023-04-24\/investitionen-in-innovation-wachsen-bis-2026-zweistellig\/","og_site_name":"Organisator","article_publisher":"https:\/\/www.facebook.com\/OrganisatorFachmagazin","article_published_time":"2023-04-24T06:31:50+00:00","og_image":[{"width":680,"height":453,"url":"https:\/\/www.organisator.ch\/wp-content\/uploads\/2023\/04\/Investitionen-in-Innovation-wachsen-bis-2026-zweistellig_Organisator.jpg","type":"image\/jpeg"}],"author":"thomas.berner","twitter_card":"summary_large_image","twitter_title":"#Investitionen in #Innovation wachsen bis 2026 zweistellig","twitter_description":"#Investitionen in #Innovation werden weltweit bis 2026 um durchschnittlich 19 Prozent pro Jahr steigen. Das hat eine #Befragung ergeben.","twitter_image":"https:\/\/www.organisator.ch\/wp-content\/uploads\/2023\/04\/Investitionen-in-Innovation-wachsen-bis-2026-zweistellig_Organisator.jpg","schema":{"@context":"https:\/\/schema.org","@graph":[{"@type":"Article","@id":"https:\/\/www.organisator.ch\/management\/2023-04-24\/investitionen-in-innovation-wachsen-bis-2026-zweistellig\/#article","isPartOf":{"@id":"https:\/\/www.organisator.ch\/management\/2023-04-24\/investitionen-in-innovation-wachsen-bis-2026-zweistellig\/"},"author":{"name":"thomas.berner","@id":"https:\/\/www.organisator.ch\/#\/schema\/person\/6f650f90b2842cd4c0cc334b4e36f67e"},"headline":"Investitionen in Innovation wachsen bis 2026 zweistellig","datePublished":"2023-04-24T06:31:50+00:00","mainEntityOfPage":{"@id":"https:\/\/www.organisator.ch\/management\/2023-04-24\/investitionen-in-innovation-wachsen-bis-2026-zweistellig\/"},"wordCount":800,"publisher":{"@id":"https:\/\/www.organisator.ch\/#organization"},"image":{"@id":"https:\/\/www.organisator.ch\/management\/2023-04-24\/investitionen-in-innovation-wachsen-bis-2026-zweistellig\/#primaryimage"},"thumbnailUrl":"https:\/\/www.organisator.ch\/wp-content\/uploads\/2023\/04\/Investitionen-in-Innovation-wachsen-bis-2026-zweistellig_Organisator.jpg","keywords":["Innovation","Management und Unternehmensf\u00fchrung","Umfrage"],"articleSection":["MANAGEMENT"],"inLanguage":"fr-FR"},{"@type":"WebPage","@id":"https:\/\/www.organisator.ch\/management\/2023-04-24\/investitionen-in-innovation-wachsen-bis-2026-zweistellig\/","url":"https:\/\/www.organisator.ch\/management\/2023-04-24\/investitionen-in-innovation-wachsen-bis-2026-zweistellig\/","name":"Les investissements dans l'innovation conna\u00eetront une croissance \u00e0 deux chiffres d'ici 2026 - Organisateur","isPartOf":{"@id":"https:\/\/www.organisator.ch\/#website"},"primaryImageOfPage":{"@id":"https:\/\/www.organisator.ch\/management\/2023-04-24\/investitionen-in-innovation-wachsen-bis-2026-zweistellig\/#primaryimage"},"image":{"@id":"https:\/\/www.organisator.ch\/management\/2023-04-24\/investitionen-in-innovation-wachsen-bis-2026-zweistellig\/#primaryimage"},"thumbnailUrl":"https:\/\/www.organisator.ch\/wp-content\/uploads\/2023\/04\/Investitionen-in-Innovation-wachsen-bis-2026-zweistellig_Organisator.jpg","datePublished":"2023-04-24T06:31:50+00:00","description":"Les investissements dans l'innovation augmenteront en moyenne de 19 % par an dans le monde d'ici 2026. C'est ce que r\u00e9v\u00e8le une enqu\u00eate.","breadcrumb":{"@id":"https:\/\/www.organisator.ch\/management\/2023-04-24\/investitionen-in-innovation-wachsen-bis-2026-zweistellig\/#breadcrumb"},"inLanguage":"fr-FR","potentialAction":[{"@type":"ReadAction","target":["https:\/\/www.organisator.ch\/management\/2023-04-24\/investitionen-in-innovation-wachsen-bis-2026-zweistellig\/"]}]},{"@type":"ImageObject","inLanguage":"fr-FR","@id":"https:\/\/www.organisator.ch\/management\/2023-04-24\/investitionen-in-innovation-wachsen-bis-2026-zweistellig\/#primaryimage","url":"https:\/\/www.organisator.ch\/wp-content\/uploads\/2023\/04\/Investitionen-in-Innovation-wachsen-bis-2026-zweistellig_Organisator.jpg","contentUrl":"https:\/\/www.organisator.ch\/wp-content\/uploads\/2023\/04\/Investitionen-in-Innovation-wachsen-bis-2026-zweistellig_Organisator.jpg","width":680,"height":453,"caption":"Ohne Investitionen in Innovation geht es nicht. Entsprechend werden Unternehmen bis 2026 hier stark zulegen. (Bild: Pixabay.com)"},{"@type":"BreadcrumbList","@id":"https:\/\/www.organisator.ch\/management\/2023-04-24\/investitionen-in-innovation-wachsen-bis-2026-zweistellig\/#breadcrumb","itemListElement":[{"@type":"ListItem","position":1,"name":"Home","item":"https:\/\/www.organisator.ch\/"},{"@type":"ListItem","position":2,"name":"Investitionen in Innovation wachsen bis 2026 zweistellig"}]},{"@type":"WebSite","@id":"https:\/\/www.organisator.ch\/#website","url":"https:\/\/www.organisator.ch\/","name":"Organisateur","description":"Comp\u00e9tence et comp\u00e9tence. Proches de la pratique. L'ORGANISATEUR pr\u00e9pare 10 num\u00e9ros par an sur les th\u00e8mes essentiels pour les dirigeants de PME.","publisher":{"@id":"https:\/\/www.organisator.ch\/#organization"},"potentialAction":[{"@type":"SearchAction","target":{"@type":"EntryPoint","urlTemplate":"https:\/\/www.organisator.ch\/?s={search_term_string}"},"query-input":{"@type":"PropertyValueSpecification","valueRequired":true,"valueName":"search_term_string"}}],"inLanguage":"fr-FR"},{"@type":"Organization","@id":"https:\/\/www.organisator.ch\/#organization","name":"Organisateur","url":"https:\/\/www.organisator.ch\/","logo":{"@type":"ImageObject","inLanguage":"fr-FR","@id":"https:\/\/www.organisator.ch\/#\/schema\/logo\/image\/","url":"https:\/\/www.organisator.ch\/wp-content\/uploads\/2022\/01\/Logo_Organisator_Website.png","contentUrl":"https:\/\/www.organisator.ch\/wp-content\/uploads\/2022\/01\/Logo_Organisator_Website.png","width":800,"height":77,"caption":"Organisator"},"image":{"@id":"https:\/\/www.organisator.ch\/#\/schema\/logo\/image\/"},"sameAs":["https:\/\/www.facebook.com\/OrganisatorFachmagazin","https:\/\/www.linkedin.com\/showcase\/organisator-das-magazin-fr-kmu","https:\/\/www.xing.com\/news\/pages\/organisator-ch-695","https:\/\/www.youtube.com\/channel\/UCGP2Sq0iWaZwT3BdIAQFYpw"]},{"@type":"Person","@id":"https:\/\/www.organisator.ch\/#\/schema\/person\/6f650f90b2842cd4c0cc334b4e36f67e","name":"thomas.berner","image":{"@type":"ImageObject","inLanguage":"fr-FR","@id":"https:\/\/secure.gravatar.com\/avatar\/ac5001d2a36cb6c6cd3e50789007ffca834b477b74a2144564522e944eabff61?s=96&d=mm&r=g","url":"https:\/\/secure.gravatar.com\/avatar\/ac5001d2a36cb6c6cd3e50789007ffca834b477b74a2144564522e944eabff61?s=96&d=mm&r=g","contentUrl":"https:\/\/secure.gravatar.com\/avatar\/ac5001d2a36cb6c6cd3e50789007ffca834b477b74a2144564522e944eabff61?s=96&d=mm&r=g","caption":"thomas.berner"},"url":"https:\/\/www.organisator.ch\/fr\/author\/thomas-berner\/"}]}},"_links":{"self":[{"href":"https:\/\/www.organisator.ch\/fr\/wp-json\/wp\/v2\/posts\/19872","targetHints":{"allow":["GET"]}}],"collection":[{"href":"https:\/\/www.organisator.ch\/fr\/wp-json\/wp\/v2\/posts"}],"about":[{"href":"https:\/\/www.organisator.ch\/fr\/wp-json\/wp\/v2\/types\/post"}],"author":[{"embeddable":true,"href":"https:\/\/www.organisator.ch\/fr\/wp-json\/wp\/v2\/users\/4"}],"replies":[{"embeddable":true,"href":"https:\/\/www.organisator.ch\/fr\/wp-json\/wp\/v2\/comments?post=19872"}],"version-history":[{"count":1,"href":"https:\/\/www.organisator.ch\/fr\/wp-json\/wp\/v2\/posts\/19872\/revisions"}],"predecessor-version":[{"id":19874,"href":"https:\/\/www.organisator.ch\/fr\/wp-json\/wp\/v2\/posts\/19872\/revisions\/19874"}],"wp:featuredmedia":[{"embeddable":true,"href":"https:\/\/www.organisator.ch\/fr\/wp-json\/wp\/v2\/media\/19873"}],"wp:attachment":[{"href":"https:\/\/www.organisator.ch\/fr\/wp-json\/wp\/v2\/media?parent=19872"}],"wp:term":[{"taxonomy":"category","embeddable":true,"href":"https:\/\/www.organisator.ch\/fr\/wp-json\/wp\/v2\/categories?post=19872"},{"taxonomy":"post_tag","embeddable":true,"href":"https:\/\/www.organisator.ch\/fr\/wp-json\/wp\/v2\/tags?post=19872"}],"curies":[{"name":"wp","href":"https:\/\/api.w.org\/{rel}","templated":true}]}}