{"id":1989,"date":"2017-06-01T17:01:43","date_gmt":"2017-06-01T15:01:43","guid":{"rendered":"https:\/\/www.organisator.ch\/?p=1989"},"modified":"2017-06-01T17:01:43","modified_gmt":"2017-06-01T15:01:43","slug":"wettbewerbsfaehigkeit-das-sind-die-spitzenreiter","status":"publish","type":"post","link":"https:\/\/www.organisator.ch\/fr\/allgemein\/2017-06-01\/wettbewerbsfaehigkeit-das-sind-die-spitzenreiter\/","title":{"rendered":"Comp\u00e9titivit\u00e9 : voici les leaders"},"content":{"rendered":"<figure id=\"attachment_1991\" aria-describedby=\"caption-attachment-1991\" style=\"width: 640px\" class=\"wp-caption alignnone\"><img loading=\"lazy\" decoding=\"async\" class=\"size-full wp-image-1991\" src=\"https:\/\/www.organisator.ch\/wp-content\/uploads\/2017\/06\/Wettbewerbsfaehigkeit-Das-sind-die-Spitzenreiter-1_Organisator.jpg\" alt=\"\" width=\"640\" height=\"295\" srcset=\"https:\/\/www.organisator.ch\/wp-content\/uploads\/2017\/06\/Wettbewerbsfaehigkeit-Das-sind-die-Spitzenreiter-1_Organisator.jpg 640w, https:\/\/www.organisator.ch\/wp-content\/uploads\/2017\/06\/Wettbewerbsfaehigkeit-Das-sind-die-Spitzenreiter-1_Organisator-16x7.jpg 16w, https:\/\/www.organisator.ch\/wp-content\/uploads\/2017\/06\/Wettbewerbsfaehigkeit-Das-sind-die-Spitzenreiter-1_Organisator-375x173.jpg 375w, https:\/\/www.organisator.ch\/wp-content\/uploads\/2017\/06\/Wettbewerbsfaehigkeit-Das-sind-die-Spitzenreiter-1_Organisator-300x138.jpg 300w\" sizes=\"auto, (max-width: 640px) 100vw, 640px\" \/><figcaption id=\"caption-attachment-1991\" class=\"wp-caption-text\">Une nouvelle \u00e9lite se dessine dans le dernier classement de la comp\u00e9titivit\u00e9 mondiale. (Graphique : obs\/IMD International)<\/figcaption><\/figure>\n<p>L'IMD World Competitiveness Center, un centre de recherche de l'IMD Business School en Suisse, publie chaque ann\u00e9e depuis 1989 un classement des pays les plus comp\u00e9titifs sur la base de 260 indicateurs. Cette ann\u00e9e, 63 pays ont \u00e9t\u00e9 class\u00e9s, dont Chypre et l'Arabie saoudite pour la premi\u00e8re fois.<\/p>\n<p>Hong Kong a consolid\u00e9 sa forte position dans ce classement de la comp\u00e9titivit\u00e9 et est en t\u00eate pour la deuxi\u00e8me ann\u00e9e cons\u00e9cutive. La Suisse et Singapour se sont class\u00e9s respectivement \u00e0 la deuxi\u00e8me et \u00e0 la troisi\u00e8me place. En revanche, les \u00c9tats-Unis sont pass\u00e9s de la troisi\u00e8me place l'ann\u00e9e derni\u00e8re \u00e0 la quatri\u00e8me place, soit le pire classement de ces cinq derni\u00e8res ann\u00e9es. Les Pays-Bas ont fait un bond par rapport \u00e0 l'ann\u00e9e derni\u00e8re, passant de la huiti\u00e8me \u00e0 la cinqui\u00e8me place.<\/p>\n<p>Parmi les pays qui se sont le plus am\u00e9lior\u00e9s, les indicateurs li\u00e9s \u00e0 l'efficacit\u00e9 des entreprises et du gouvernement ainsi qu'\u00e0 la productivit\u00e9 ont \u00e9t\u00e9 les plus remarquables, selon le professeur Arturo Bris, directeur de l'IMD World Competitiveness Center. \"Ces pays ont maintenu un environnement favorable aux entreprises, encourageant l'ouverture et la productivit\u00e9\", a expliqu\u00e9 Bris. \"La Chine, par exemple, est pass\u00e9e de la 18e place \u00e0 sept places. Cela peut \u00eatre attribu\u00e9 \u00e0 son engagement dans le domaine du commerce international, qui continue de stimuler l'\u00e9conomie et d'am\u00e9liorer l'efficacit\u00e9 des entreprises et du gouvernement\". Les derniers rangs sont occup\u00e9s par des pays en proie \u00e0 des bouleversements politiques et \u00e9conomiques.<\/p>\n<p><strong>Qu'en est-il de la comp\u00e9titivit\u00e9 num\u00e9rique ?<\/strong><\/p>\n<p>Pour la premi\u00e8re fois cette ann\u00e9e, l'IMD World Competitiveness Center a publi\u00e9 un rapport s\u00e9par\u00e9 et a \u00e9tabli un classement bas\u00e9 sur la comp\u00e9titivit\u00e9 num\u00e9rique des pays. Le Digital Competitiveness Ranking vise \u00e0 \u00e9valuer la capacit\u00e9 des pays \u00e0 utiliser et \u00e0 explorer les technologies num\u00e9riques qui entra\u00eenent des changements dans la gouvernance, les mod\u00e8les d'entreprise et la soci\u00e9t\u00e9 en g\u00e9n\u00e9ral.<\/p>\n<p>Dans ce domaine, Singapour arrive en t\u00eate, suivi par la Su\u00e8de, les \u00c9tats-Unis, la Finlande et le Danemark. \"Il est clair qu'une approche encourageante et inclusive de la part des autorit\u00e9s gouvernementales stimule l'innovation technologique\", a d\u00e9clar\u00e9 Bris. \"Singapour et la Su\u00e8de ont mis au point une r\u00e9glementation qui s'appuie sur l'expertise disponible : par exemple, une r\u00e9glementation a \u00e9t\u00e9 introduite pour permettre aux experts \u00e9trangers de compl\u00e9ter le vivier national. Les \u00c9tats-Unis se concentrent plut\u00f4t sur le renforcement de la recherche et l'\u00e9mergence de nouvelles id\u00e9es, mais historiquement, le gouvernement du pays a toujours soutenu l'innovation technologique. Cela montre que le gouvernement encourage l'adoption de nouvelles technologies dans les pays qui sont comp\u00e9titifs dans le domaine du num\u00e9rique\".<\/p>\n<p><strong>Le classement d\u00e9taill\u00e9 :<\/strong><\/p>\n<figure id=\"attachment_1992\" aria-describedby=\"caption-attachment-1992\" style=\"width: 452px\" class=\"wp-caption alignnone\"><img loading=\"lazy\" decoding=\"async\" class=\"size-full wp-image-1992\" src=\"https:\/\/www.organisator.ch\/wp-content\/uploads\/2017\/06\/Wettbewerbsfaehigkeit-Das-sind-die-Spitzenreiter-2_Organisator.jpg\" alt=\"\" width=\"452\" height=\"640\" srcset=\"https:\/\/www.organisator.ch\/wp-content\/uploads\/2017\/06\/Wettbewerbsfaehigkeit-Das-sind-die-Spitzenreiter-2_Organisator.jpg 452w, https:\/\/www.organisator.ch\/wp-content\/uploads\/2017\/06\/Wettbewerbsfaehigkeit-Das-sind-die-Spitzenreiter-2_Organisator-8x12.jpg 8w, https:\/\/www.organisator.ch\/wp-content\/uploads\/2017\/06\/Wettbewerbsfaehigkeit-Das-sind-die-Spitzenreiter-2_Organisator-124x175.jpg 124w, https:\/\/www.organisator.ch\/wp-content\/uploads\/2017\/06\/Wettbewerbsfaehigkeit-Das-sind-die-Spitzenreiter-2_Organisator-247x350.jpg 247w, https:\/\/www.organisator.ch\/wp-content\/uploads\/2017\/06\/Wettbewerbsfaehigkeit-Das-sind-die-Spitzenreiter-2_Organisator-300x425.jpg 300w\" sizes=\"auto, (max-width: 452px) 100vw, 452px\" \/><figcaption id=\"caption-attachment-1992\" class=\"wp-caption-text\">Graphique : obs\/IMD International<\/figcaption><\/figure>\n<p><em>Source :\u00a0<a href=\"http:\/\/www.imd.org\/\">www.imd.org<\/a><\/em><\/p>\n<p>&nbsp;<\/p>","protected":false},"excerpt":{"rendered":"<p>Das IMD World Competitiveness Center, ein Forschungszentrum an der IMD Business School in der Schweiz, ver\u00f6ffentlicht seit 1989 im Jahresrhythmus eine Rangliste der wettbewerbsf\u00e4higsten L\u00e4nder\u00a0und nimmt die Aufstellung basierend auf 260 Indikatoren vor. Dieses Jahr wurden 63 L\u00e4nder gelistet, unter ihnen waren auch zum ersten Mal Zypern und Saudi-Arabien. Hongkong konnte seine starke Position\u00a0in diesem [&hellip;]<\/p>\n","protected":false},"author":4,"featured_media":1991,"comment_status":"open","ping_status":"open","sticky":false,"template":"","format":"standard","meta":{"_acf_changed":false,"_yoast_wpseo_focuskw":"Wettbewerbsf\u00e4higkeit","_yoast_wpseo_metadesc":"Die wettbewerbsf\u00e4higsten L\u00e4nder der Welt ringen weiter um die Spitzenpositionen im IMD World Competitiveness Yearbook. Die USA sind nicht mehr in den Top 3.","articlekey":"","footnotes":""},"categories":[1],"tags":[340,404,508,523,531],"class_list":["post-1989","post","type-post","status-publish","format-standard","has-post-thumbnail","hentry","category-allgemein","tag-maerkte","tag-ranking","tag-vermischtes","tag-wettbewerbsfaehigkeit","tag-wirtschaftspolitik"],"acf":[],"yoast_head":"<!-- This site is optimized with the Yoast SEO plugin v27.4 - https:\/\/yoast.com\/product\/yoast-seo-wordpress\/ -->\n<title>Wettbewerbsf\u00e4higkeit: Das sind die Spitzenreiter - Organisator<\/title>\n<meta name=\"description\" content=\"Die wettbewerbsf\u00e4higsten L\u00e4nder der Welt ringen weiter um die Spitzenpositionen im IMD World Competitiveness Yearbook. Die USA sind nicht mehr in den Top 3.\" \/>\n<meta name=\"robots\" content=\"index, follow, max-snippet:-1, max-image-preview:large, max-video-preview:-1\" \/>\n<link rel=\"canonical\" href=\"https:\/\/www.organisator.ch\/fr\/general\/2017-06-01\/wettbewerbsfaehigkeit-das-sind-die-spitzenreiter\/\" \/>\n<meta property=\"og:locale\" content=\"fr_FR\" \/>\n<meta property=\"og:type\" content=\"article\" \/>\n<meta property=\"og:title\" content=\"Wettbewerbsf\u00e4higkeit: Das sind die Spitzenreiter\" \/>\n<meta property=\"og:description\" content=\"Die wettbewerbsf\u00e4higsten L\u00e4nder der Welt ringen weiter um die Spitzenpositionen im #IMD World #Competitiveness Yearbook und die USA werden aus den Top 3 verdr\u00e4ngt.\" \/>\n<meta property=\"og:url\" content=\"https:\/\/www.organisator.ch\/fr\/general\/2017-06-01\/wettbewerbsfaehigkeit-das-sind-die-spitzenreiter\/\" \/>\n<meta property=\"og:site_name\" content=\"Organisator\" \/>\n<meta property=\"article:publisher\" content=\"https:\/\/www.facebook.com\/OrganisatorFachmagazin\" \/>\n<meta property=\"article:published_time\" content=\"2017-06-01T15:01:43+00:00\" \/>\n<meta property=\"og:image\" content=\"https:\/\/www.organisator.ch\/wp-content\/uploads\/2017\/06\/Wettbewerbsfaehigkeit-Das-sind-die-Spitzenreiter-1_Organisator.jpg\" \/>\n\t<meta property=\"og:image:width\" content=\"640\" \/>\n\t<meta property=\"og:image:height\" content=\"295\" \/>\n\t<meta property=\"og:image:type\" content=\"image\/jpeg\" \/>\n<meta name=\"author\" content=\"thomas.berner\" \/>\n<meta name=\"twitter:card\" content=\"summary_large_image\" \/>\n<meta name=\"twitter:title\" content=\"#Wettbewerbsf\u00e4higkeit: Das sind die #Spitzenreiter\" \/>\n<meta name=\"twitter:description\" content=\"Die wettbewerbsf\u00e4higsten L\u00e4nder der Welt ringen weiter um die Spitzenpositionen im #IMD World #Competitiveness Yearbook und die USA werden aus den Top 3 verdr\u00e4ngt.\" \/>\n<meta name=\"twitter:image\" content=\"https:\/\/www.organisator.ch\/wp-content\/uploads\/2017\/06\/Wettbewerbsf\u00e4higkeit-Das-sind-die-Spitzenreiter-1_Organisator.jpg\" \/>\n<script type=\"application\/ld+json\" class=\"yoast-schema-graph\">{\"@context\":\"https:\\\/\\\/schema.org\",\"@graph\":[{\"@type\":\"Article\",\"@id\":\"https:\\\/\\\/www.organisator.ch\\\/de\\\/allgemein\\\/2017-06-01\\\/wettbewerbsfaehigkeit-das-sind-die-spitzenreiter\\\/#article\",\"isPartOf\":{\"@id\":\"https:\\\/\\\/www.organisator.ch\\\/de\\\/allgemein\\\/2017-06-01\\\/wettbewerbsfaehigkeit-das-sind-die-spitzenreiter\\\/\"},\"author\":{\"name\":\"thomas.berner\",\"@id\":\"https:\\\/\\\/www.organisator.ch\\\/#\\\/schema\\\/person\\\/6f650f90b2842cd4c0cc334b4e36f67e\"},\"headline\":\"Wettbewerbsf\u00e4higkeit: Das sind die Spitzenreiter\",\"datePublished\":\"2017-06-01T15:01:43+00:00\",\"mainEntityOfPage\":{\"@id\":\"https:\\\/\\\/www.organisator.ch\\\/de\\\/allgemein\\\/2017-06-01\\\/wettbewerbsfaehigkeit-das-sind-die-spitzenreiter\\\/\"},\"wordCount\":486,\"commentCount\":0,\"publisher\":{\"@id\":\"https:\\\/\\\/www.organisator.ch\\\/#organization\"},\"image\":{\"@id\":\"https:\\\/\\\/www.organisator.ch\\\/de\\\/allgemein\\\/2017-06-01\\\/wettbewerbsfaehigkeit-das-sind-die-spitzenreiter\\\/#primaryimage\"},\"thumbnailUrl\":\"https:\\\/\\\/www.organisator.ch\\\/wp-content\\\/uploads\\\/2017\\\/06\\\/Wettbewerbsfaehigkeit-Das-sind-die-Spitzenreiter-1_Organisator.jpg\",\"keywords\":[\"M\u00e4rkte\",\"Ranking\",\"Vermischtes\",\"Wettbewerbsf\u00e4higkeit\",\"Wirtschaftspolitik\"],\"articleSection\":[\"Allgemein\"],\"inLanguage\":\"fr-FR\"},{\"@type\":\"WebPage\",\"@id\":\"https:\\\/\\\/www.organisator.ch\\\/de\\\/allgemein\\\/2017-06-01\\\/wettbewerbsfaehigkeit-das-sind-die-spitzenreiter\\\/\",\"url\":\"https:\\\/\\\/www.organisator.ch\\\/de\\\/allgemein\\\/2017-06-01\\\/wettbewerbsfaehigkeit-das-sind-die-spitzenreiter\\\/\",\"name\":\"Wettbewerbsf\u00e4higkeit: Das sind die Spitzenreiter - Organisator\",\"isPartOf\":{\"@id\":\"https:\\\/\\\/www.organisator.ch\\\/#website\"},\"primaryImageOfPage\":{\"@id\":\"https:\\\/\\\/www.organisator.ch\\\/de\\\/allgemein\\\/2017-06-01\\\/wettbewerbsfaehigkeit-das-sind-die-spitzenreiter\\\/#primaryimage\"},\"image\":{\"@id\":\"https:\\\/\\\/www.organisator.ch\\\/de\\\/allgemein\\\/2017-06-01\\\/wettbewerbsfaehigkeit-das-sind-die-spitzenreiter\\\/#primaryimage\"},\"thumbnailUrl\":\"https:\\\/\\\/www.organisator.ch\\\/wp-content\\\/uploads\\\/2017\\\/06\\\/Wettbewerbsfaehigkeit-Das-sind-die-Spitzenreiter-1_Organisator.jpg\",\"datePublished\":\"2017-06-01T15:01:43+00:00\",\"description\":\"Die wettbewerbsf\u00e4higsten L\u00e4nder der Welt ringen weiter um die Spitzenpositionen im IMD World Competitiveness Yearbook. Die USA sind nicht mehr in den Top 3.\",\"breadcrumb\":{\"@id\":\"https:\\\/\\\/www.organisator.ch\\\/de\\\/allgemein\\\/2017-06-01\\\/wettbewerbsfaehigkeit-das-sind-die-spitzenreiter\\\/#breadcrumb\"},\"inLanguage\":\"fr-FR\",\"potentialAction\":[{\"@type\":\"ReadAction\",\"target\":[\"https:\\\/\\\/www.organisator.ch\\\/de\\\/allgemein\\\/2017-06-01\\\/wettbewerbsfaehigkeit-das-sind-die-spitzenreiter\\\/\"]}]},{\"@type\":\"ImageObject\",\"inLanguage\":\"fr-FR\",\"@id\":\"https:\\\/\\\/www.organisator.ch\\\/de\\\/allgemein\\\/2017-06-01\\\/wettbewerbsfaehigkeit-das-sind-die-spitzenreiter\\\/#primaryimage\",\"url\":\"https:\\\/\\\/www.organisator.ch\\\/wp-content\\\/uploads\\\/2017\\\/06\\\/Wettbewerbsfaehigkeit-Das-sind-die-Spitzenreiter-1_Organisator.jpg\",\"contentUrl\":\"https:\\\/\\\/www.organisator.ch\\\/wp-content\\\/uploads\\\/2017\\\/06\\\/Wettbewerbsfaehigkeit-Das-sind-die-Spitzenreiter-1_Organisator.jpg\",\"width\":640,\"height\":295,\"caption\":\"Im neuesten Ranken der globalen Wettbewerbsf\u00e4higkeit zeichnet sich eine neue Elite ab. (Grafik: obs\\\/IMD International)\"},{\"@type\":\"BreadcrumbList\",\"@id\":\"https:\\\/\\\/www.organisator.ch\\\/de\\\/allgemein\\\/2017-06-01\\\/wettbewerbsfaehigkeit-das-sind-die-spitzenreiter\\\/#breadcrumb\",\"itemListElement\":[{\"@type\":\"ListItem\",\"position\":1,\"name\":\"Home\",\"item\":\"https:\\\/\\\/www.organisator.ch\\\/\"},{\"@type\":\"ListItem\",\"position\":2,\"name\":\"Wettbewerbsf\u00e4higkeit: Das sind die Spitzenreiter\"}]},{\"@type\":\"WebSite\",\"@id\":\"https:\\\/\\\/www.organisator.ch\\\/#website\",\"url\":\"https:\\\/\\\/www.organisator.ch\\\/\",\"name\":\"Organisator\",\"description\":\"Kompetent. Praxisnah. Der ORGANISATOR bereitet in 10 Ausgaben pro Jahr die wesentlichen Themen f\u00fcr F\u00fchrungskr\u00e4fte von KMU auf.\",\"publisher\":{\"@id\":\"https:\\\/\\\/www.organisator.ch\\\/#organization\"},\"potentialAction\":[{\"@type\":\"SearchAction\",\"target\":{\"@type\":\"EntryPoint\",\"urlTemplate\":\"https:\\\/\\\/www.organisator.ch\\\/?s={search_term_string}\"},\"query-input\":{\"@type\":\"PropertyValueSpecification\",\"valueRequired\":true,\"valueName\":\"search_term_string\"}}],\"inLanguage\":\"fr-FR\"},{\"@type\":\"Organization\",\"@id\":\"https:\\\/\\\/www.organisator.ch\\\/#organization\",\"name\":\"Organisator\",\"url\":\"https:\\\/\\\/www.organisator.ch\\\/\",\"logo\":{\"@type\":\"ImageObject\",\"inLanguage\":\"fr-FR\",\"@id\":\"https:\\\/\\\/www.organisator.ch\\\/#\\\/schema\\\/logo\\\/image\\\/\",\"url\":\"https:\\\/\\\/www.organisator.ch\\\/wp-content\\\/uploads\\\/2022\\\/01\\\/Logo_Organisator_Website.png\",\"contentUrl\":\"https:\\\/\\\/www.organisator.ch\\\/wp-content\\\/uploads\\\/2022\\\/01\\\/Logo_Organisator_Website.png\",\"width\":800,\"height\":77,\"caption\":\"Organisator\"},\"image\":{\"@id\":\"https:\\\/\\\/www.organisator.ch\\\/#\\\/schema\\\/logo\\\/image\\\/\"},\"sameAs\":[\"https:\\\/\\\/www.facebook.com\\\/OrganisatorFachmagazin\",\"https:\\\/\\\/www.linkedin.com\\\/showcase\\\/organisator-das-magazin-fr-kmu\",\"https:\\\/\\\/www.xing.com\\\/news\\\/pages\\\/organisator-ch-695\",\"https:\\\/\\\/www.youtube.com\\\/channel\\\/UCGP2Sq0iWaZwT3BdIAQFYpw\"]},{\"@type\":\"Person\",\"@id\":\"https:\\\/\\\/www.organisator.ch\\\/#\\\/schema\\\/person\\\/6f650f90b2842cd4c0cc334b4e36f67e\",\"name\":\"thomas.berner\",\"image\":{\"@type\":\"ImageObject\",\"inLanguage\":\"fr-FR\",\"@id\":\"https:\\\/\\\/secure.gravatar.com\\\/avatar\\\/ac5001d2a36cb6c6cd3e50789007ffca834b477b74a2144564522e944eabff61?s=96&d=mm&r=g\",\"url\":\"https:\\\/\\\/secure.gravatar.com\\\/avatar\\\/ac5001d2a36cb6c6cd3e50789007ffca834b477b74a2144564522e944eabff61?s=96&d=mm&r=g\",\"contentUrl\":\"https:\\\/\\\/secure.gravatar.com\\\/avatar\\\/ac5001d2a36cb6c6cd3e50789007ffca834b477b74a2144564522e944eabff61?s=96&d=mm&r=g\",\"caption\":\"thomas.berner\"},\"url\":\"https:\\\/\\\/www.organisator.ch\\\/fr\\\/author\\\/thomas-berner\\\/\"}]}<\/script>\n<!-- \/ Yoast SEO plugin. -->","yoast_head_json":{"title":"Comp\u00e9titivit\u00e9 : voici les t\u00eates de liste - Organisateur","description":"Les pays les plus comp\u00e9titifs du monde continuent de se disputer les premi\u00e8res places de l'IMD World Competitiveness Yearbook. Les Etats-Unis ne font plus partie du top 3.","robots":{"index":"index","follow":"follow","max-snippet":"max-snippet:-1","max-image-preview":"max-image-preview:large","max-video-preview":"max-video-preview:-1"},"canonical":"https:\/\/www.organisator.ch\/fr\/general\/2017-06-01\/wettbewerbsfaehigkeit-das-sind-die-spitzenreiter\/","og_locale":"fr_FR","og_type":"article","og_title":"Wettbewerbsf\u00e4higkeit: Das sind die Spitzenreiter","og_description":"Die wettbewerbsf\u00e4higsten L\u00e4nder der Welt ringen weiter um die Spitzenpositionen im #IMD World #Competitiveness Yearbook und die USA werden aus den Top 3 verdr\u00e4ngt.","og_url":"https:\/\/www.organisator.ch\/fr\/general\/2017-06-01\/wettbewerbsfaehigkeit-das-sind-die-spitzenreiter\/","og_site_name":"Organisator","article_publisher":"https:\/\/www.facebook.com\/OrganisatorFachmagazin","article_published_time":"2017-06-01T15:01:43+00:00","og_image":[{"width":640,"height":295,"url":"https:\/\/www.organisator.ch\/wp-content\/uploads\/2017\/06\/Wettbewerbsfaehigkeit-Das-sind-die-Spitzenreiter-1_Organisator.jpg","type":"image\/jpeg"}],"author":"thomas.berner","twitter_card":"summary_large_image","twitter_title":"#Wettbewerbsf\u00e4higkeit: Das sind die #Spitzenreiter","twitter_description":"Die wettbewerbsf\u00e4higsten L\u00e4nder der Welt ringen weiter um die Spitzenpositionen im #IMD World #Competitiveness Yearbook und die USA werden aus den Top 3 verdr\u00e4ngt.","twitter_image":"https:\/\/www.organisator.ch\/wp-content\/uploads\/2017\/06\/Wettbewerbsf\u00e4higkeit-Das-sind-die-Spitzenreiter-1_Organisator.jpg","schema":{"@context":"https:\/\/schema.org","@graph":[{"@type":"Article","@id":"https:\/\/www.organisator.ch\/de\/allgemein\/2017-06-01\/wettbewerbsfaehigkeit-das-sind-die-spitzenreiter\/#article","isPartOf":{"@id":"https:\/\/www.organisator.ch\/de\/allgemein\/2017-06-01\/wettbewerbsfaehigkeit-das-sind-die-spitzenreiter\/"},"author":{"name":"thomas.berner","@id":"https:\/\/www.organisator.ch\/#\/schema\/person\/6f650f90b2842cd4c0cc334b4e36f67e"},"headline":"Wettbewerbsf\u00e4higkeit: Das sind die Spitzenreiter","datePublished":"2017-06-01T15:01:43+00:00","mainEntityOfPage":{"@id":"https:\/\/www.organisator.ch\/de\/allgemein\/2017-06-01\/wettbewerbsfaehigkeit-das-sind-die-spitzenreiter\/"},"wordCount":486,"commentCount":0,"publisher":{"@id":"https:\/\/www.organisator.ch\/#organization"},"image":{"@id":"https:\/\/www.organisator.ch\/de\/allgemein\/2017-06-01\/wettbewerbsfaehigkeit-das-sind-die-spitzenreiter\/#primaryimage"},"thumbnailUrl":"https:\/\/www.organisator.ch\/wp-content\/uploads\/2017\/06\/Wettbewerbsfaehigkeit-Das-sind-die-Spitzenreiter-1_Organisator.jpg","keywords":["M\u00e4rkte","Ranking","Vermischtes","Wettbewerbsf\u00e4higkeit","Wirtschaftspolitik"],"articleSection":["Allgemein"],"inLanguage":"fr-FR"},{"@type":"WebPage","@id":"https:\/\/www.organisator.ch\/de\/allgemein\/2017-06-01\/wettbewerbsfaehigkeit-das-sind-die-spitzenreiter\/","url":"https:\/\/www.organisator.ch\/de\/allgemein\/2017-06-01\/wettbewerbsfaehigkeit-das-sind-die-spitzenreiter\/","name":"Comp\u00e9titivit\u00e9 : voici les t\u00eates de liste - Organisateur","isPartOf":{"@id":"https:\/\/www.organisator.ch\/#website"},"primaryImageOfPage":{"@id":"https:\/\/www.organisator.ch\/de\/allgemein\/2017-06-01\/wettbewerbsfaehigkeit-das-sind-die-spitzenreiter\/#primaryimage"},"image":{"@id":"https:\/\/www.organisator.ch\/de\/allgemein\/2017-06-01\/wettbewerbsfaehigkeit-das-sind-die-spitzenreiter\/#primaryimage"},"thumbnailUrl":"https:\/\/www.organisator.ch\/wp-content\/uploads\/2017\/06\/Wettbewerbsfaehigkeit-Das-sind-die-Spitzenreiter-1_Organisator.jpg","datePublished":"2017-06-01T15:01:43+00:00","description":"Les pays les plus comp\u00e9titifs du monde continuent de se disputer les premi\u00e8res places de l'IMD World Competitiveness Yearbook. Les Etats-Unis ne font plus partie du top 3.","breadcrumb":{"@id":"https:\/\/www.organisator.ch\/de\/allgemein\/2017-06-01\/wettbewerbsfaehigkeit-das-sind-die-spitzenreiter\/#breadcrumb"},"inLanguage":"fr-FR","potentialAction":[{"@type":"ReadAction","target":["https:\/\/www.organisator.ch\/de\/allgemein\/2017-06-01\/wettbewerbsfaehigkeit-das-sind-die-spitzenreiter\/"]}]},{"@type":"ImageObject","inLanguage":"fr-FR","@id":"https:\/\/www.organisator.ch\/de\/allgemein\/2017-06-01\/wettbewerbsfaehigkeit-das-sind-die-spitzenreiter\/#primaryimage","url":"https:\/\/www.organisator.ch\/wp-content\/uploads\/2017\/06\/Wettbewerbsfaehigkeit-Das-sind-die-Spitzenreiter-1_Organisator.jpg","contentUrl":"https:\/\/www.organisator.ch\/wp-content\/uploads\/2017\/06\/Wettbewerbsfaehigkeit-Das-sind-die-Spitzenreiter-1_Organisator.jpg","width":640,"height":295,"caption":"Im neuesten Ranken der globalen Wettbewerbsf\u00e4higkeit zeichnet sich eine neue Elite ab. (Grafik: obs\/IMD International)"},{"@type":"BreadcrumbList","@id":"https:\/\/www.organisator.ch\/de\/allgemein\/2017-06-01\/wettbewerbsfaehigkeit-das-sind-die-spitzenreiter\/#breadcrumb","itemListElement":[{"@type":"ListItem","position":1,"name":"Home","item":"https:\/\/www.organisator.ch\/"},{"@type":"ListItem","position":2,"name":"Wettbewerbsf\u00e4higkeit: Das sind die Spitzenreiter"}]},{"@type":"WebSite","@id":"https:\/\/www.organisator.ch\/#website","url":"https:\/\/www.organisator.ch\/","name":"Organisateur","description":"Comp\u00e9tence et comp\u00e9tence. Proches de la pratique. L'ORGANISATEUR pr\u00e9pare 10 num\u00e9ros par an sur les th\u00e8mes essentiels pour les dirigeants de PME.","publisher":{"@id":"https:\/\/www.organisator.ch\/#organization"},"potentialAction":[{"@type":"SearchAction","target":{"@type":"EntryPoint","urlTemplate":"https:\/\/www.organisator.ch\/?s={search_term_string}"},"query-input":{"@type":"PropertyValueSpecification","valueRequired":true,"valueName":"search_term_string"}}],"inLanguage":"fr-FR"},{"@type":"Organization","@id":"https:\/\/www.organisator.ch\/#organization","name":"Organisateur","url":"https:\/\/www.organisator.ch\/","logo":{"@type":"ImageObject","inLanguage":"fr-FR","@id":"https:\/\/www.organisator.ch\/#\/schema\/logo\/image\/","url":"https:\/\/www.organisator.ch\/wp-content\/uploads\/2022\/01\/Logo_Organisator_Website.png","contentUrl":"https:\/\/www.organisator.ch\/wp-content\/uploads\/2022\/01\/Logo_Organisator_Website.png","width":800,"height":77,"caption":"Organisator"},"image":{"@id":"https:\/\/www.organisator.ch\/#\/schema\/logo\/image\/"},"sameAs":["https:\/\/www.facebook.com\/OrganisatorFachmagazin","https:\/\/www.linkedin.com\/showcase\/organisator-das-magazin-fr-kmu","https:\/\/www.xing.com\/news\/pages\/organisator-ch-695","https:\/\/www.youtube.com\/channel\/UCGP2Sq0iWaZwT3BdIAQFYpw"]},{"@type":"Person","@id":"https:\/\/www.organisator.ch\/#\/schema\/person\/6f650f90b2842cd4c0cc334b4e36f67e","name":"thomas.berner","image":{"@type":"ImageObject","inLanguage":"fr-FR","@id":"https:\/\/secure.gravatar.com\/avatar\/ac5001d2a36cb6c6cd3e50789007ffca834b477b74a2144564522e944eabff61?s=96&d=mm&r=g","url":"https:\/\/secure.gravatar.com\/avatar\/ac5001d2a36cb6c6cd3e50789007ffca834b477b74a2144564522e944eabff61?s=96&d=mm&r=g","contentUrl":"https:\/\/secure.gravatar.com\/avatar\/ac5001d2a36cb6c6cd3e50789007ffca834b477b74a2144564522e944eabff61?s=96&d=mm&r=g","caption":"thomas.berner"},"url":"https:\/\/www.organisator.ch\/fr\/author\/thomas-berner\/"}]}},"_links":{"self":[{"href":"https:\/\/www.organisator.ch\/fr\/wp-json\/wp\/v2\/posts\/1989","targetHints":{"allow":["GET"]}}],"collection":[{"href":"https:\/\/www.organisator.ch\/fr\/wp-json\/wp\/v2\/posts"}],"about":[{"href":"https:\/\/www.organisator.ch\/fr\/wp-json\/wp\/v2\/types\/post"}],"author":[{"embeddable":true,"href":"https:\/\/www.organisator.ch\/fr\/wp-json\/wp\/v2\/users\/4"}],"replies":[{"embeddable":true,"href":"https:\/\/www.organisator.ch\/fr\/wp-json\/wp\/v2\/comments?post=1989"}],"version-history":[{"count":0,"href":"https:\/\/www.organisator.ch\/fr\/wp-json\/wp\/v2\/posts\/1989\/revisions"}],"wp:featuredmedia":[{"embeddable":true,"href":"https:\/\/www.organisator.ch\/fr\/wp-json\/wp\/v2\/media\/1991"}],"wp:attachment":[{"href":"https:\/\/www.organisator.ch\/fr\/wp-json\/wp\/v2\/media?parent=1989"}],"wp:term":[{"taxonomy":"category","embeddable":true,"href":"https:\/\/www.organisator.ch\/fr\/wp-json\/wp\/v2\/categories?post=1989"},{"taxonomy":"post_tag","embeddable":true,"href":"https:\/\/www.organisator.ch\/fr\/wp-json\/wp\/v2\/tags?post=1989"}],"curies":[{"name":"wp","href":"https:\/\/api.w.org\/{rel}","templated":true}]}}