{"id":1993,"date":"2019-02-01T11:34:19","date_gmt":"2019-02-01T10:34:19","guid":{"rendered":"https:\/\/www.umweltperspektiven.ch\/?p=1993"},"modified":"2022-02-09T11:10:08","modified_gmt":"2022-02-09T10:10:08","slug":"10-kmupreis-von-der-schreinerei-uebers-baugeschaeft-zum-reinigunsspezialisten","status":"publish","type":"post","link":"https:\/\/www.organisator.ch\/fr\/sustainability\/2019-02-01\/10-kmupreis-von-der-schreinerei-uebers-baugeschaeft-zum-reinigunsspezialisten\/","title":{"rendered":"10e Prix PME : de la menuiserie au sp\u00e9cialiste du nettoyage en passant par l'entreprise de construction"},"content":{"rendered":"<figure id=\"attachment_1995\" aria-describedby=\"caption-attachment-1995\" style=\"width: 680px\" class=\"wp-caption alignnone\"><img loading=\"lazy\" decoding=\"async\" class=\"wp-image-1995 size-medium\" src=\"\/\/www.umweltperspektiven.ch\/wp-content\/uploads\/2019\/02\/ZKB_KMU_Preis_MQ_Management-u-Qualitaet.jpg\" alt=\"\" width=\"680\" height=\"453\" \/><figcaption id=\"caption-attachment-1995\" class=\"wp-caption-text\">Prix sp\u00e9cial pour une PME mod\u00e8le : Nanovis GmbH d'Illnau-Effretikon, pionni\u00e8re dans la fabrication de syst\u00e8mes et de produits de nettoyage \u00e9cologiques pour l'industrie de l'imprimerie. (Photo : Michael Merz)<\/figcaption><\/figure>\n<p>La 10e \u00e9dition du Prix PME s'est d\u00e9roul\u00e9e le 31 janvier 2019 \u00e0 l'Umwelt Arena Schweiz de Spreitenbach devant un public combl\u00e9. Lors de la c\u00e9r\u00e9monie de remise des prix, Martin Scholl, pr\u00e9sident de la direction g\u00e9n\u00e9rale de la Z\u00fcrcher Kantonalbank, a accueilli les finalistes nomin\u00e9s ainsi que les plus de 650 repr\u00e9sentants de l'\u00e9conomie, de la science et de la politique invit\u00e9s.<\/p>\n<p>En 2019, c'est la soci\u00e9t\u00e9 T\u00fcrenfabrik Brunegg AG de Brunegg (AG) qui a remport\u00e9 le premier prix. Diebold &amp; Zgraggen Gartenbau AG de Fislisbach (AG) et Wyon AG d'Appenzell Steinegg (AI) se sont class\u00e9s respectivement deuxi\u00e8me et troisi\u00e8me. Deux prix sp\u00e9ciaux ont \u00e9t\u00e9 d\u00e9cern\u00e9s \u00e0 des petites entreprises diff\u00e9rentes mais engag\u00e9es. Le prix sp\u00e9cial pour petite entreprise exemplaire a \u00e9t\u00e9 remport\u00e9 par la soci\u00e9t\u00e9 Nanovis GmbH d'Illnau-Effretikon ; le prix sp\u00e9cial pour prestations exceptionnelles a \u00e9t\u00e9 d\u00e9cern\u00e9 \u00e0 Webrepublic AG de Zurich.<\/p>\n<p><strong>Un engagement \u00e0 360 degr\u00e9s <\/strong><\/p>\n<p>Sur une cinquantaine de candidatures, dix entreprises ont \u00e9t\u00e9 s\u00e9lectionn\u00e9es cette ann\u00e9e pour la finale du prix dot\u00e9 de 150 000 CHF ; cinq d'entre elles ont \u00e9t\u00e9 r\u00e9compens\u00e9es. Le jury, compos\u00e9 de repr\u00e9sentants de la Banque cantonale de Zurich, des partenaires CCRS (Center for Corporate Responsibility and Sustainability) et \u00f6bu (Netzwerk f\u00fcr nachhaltiges Wirtschaften) ainsi que de repr\u00e9sentants renomm\u00e9s de PME, a \u00e9valu\u00e9 les entreprises participantes sous l'angle des aspects actuels et futurs dans les domaines de l'\u00e9conomie, du management, de l'environnement et de la soci\u00e9t\u00e9.  Selon les informations fournies par l'organisateur, 2 750 pages de dossiers de jury ont \u00e9t\u00e9 r\u00e9dig\u00e9es et 222 heures de r\u00e9unions du jury ont \u00e9t\u00e9 n\u00e9cessaires.<\/p>\n<p>Le jury a \u00e9lu \u00e0 la deuxi\u00e8me place Diebold &amp; Zgraggen Gartenbau AG de Fislisbach (AG), une entreprise d'horticulture leader dans le canton d'Argovie, dont les comp\u00e9tences cl\u00e9s sont la planification, l'am\u00e9nagement et l'entretien de jardins. Dans sa motivation, le jury a soulign\u00e9 la palette tr\u00e8s large et durable de services que l'entreprise apporte. L'entretien durable des jardins joue un r\u00f4le d\u00e9cisif d\u00e8s la planification.<\/p>\n<p>Il en va de m\u00eame pour la biodiversit\u00e9 \u00e9lev\u00e9e des plantations et la lutte naturelle contre les mauvaises herbes. La proportion d'apprentis, sup\u00e9rieure \u00e0 la moyenne, est \u00e9galement impressionnante.<\/p>\n<p>La troisi\u00e8me place a \u00e9t\u00e9 remport\u00e9e par l'entreprise technologique Wyon AG d'Appenzell Steinegg (AI). Cette entreprise familiale suisse est aujourd'hui leader mondial dans la technologie des petites et tr\u00e8s petites tailles de batteries rechargeables au lithium-ion. \"Les micro-piles rechargeables de Wyon apportent une contribution importante \u00e0 la durabilit\u00e9. Le fort ancrage r\u00e9gional, la promotion de la formation, la collaboration avec des fournisseurs suisses et la mise en \u0153uvre cons\u00e9quente de la durabilit\u00e9 des b\u00e2timents ont \u00e9galement convaincu\", a expliqu\u00e9 Christoph Weber, vice-directeur de la ZKB, \u00e0 propos de ce choix.<\/p>\n<p><strong>Prix sp\u00e9ciaux m\u00e9rit\u00e9s <\/strong><\/p>\n<p>Outre les trois prix principaux, deux prix sp\u00e9ciaux ont \u00e0 nouveau \u00e9t\u00e9 d\u00e9cern\u00e9s : La Banque cantonale de Zurich a d\u00e9cern\u00e9 le prix sp\u00e9cial de la petite entreprise exemplaire \u00e0 Nanovis GmbH d'Illnau-Effretikon (ZH). L'entreprise zurichoise est pionni\u00e8re dans la fabrication de syst\u00e8mes de nettoyage respectueux de l'environnement et de produits de nettoyage recyclables pour l'industrie de l'impression et sert un portefeuille de clients largement diversifi\u00e9 avec de gros clients internationaux. En 2007, l'entreprise avait d\u00e9j\u00e0 remport\u00e9 un prix de l'innovation pr\u00e9sent\u00e9 par la revue sp\u00e9cialis\u00e9e Umwelt Perspektiven.<\/p>\n<p>Le prix sp\u00e9cial pour des prestations exceptionnelles a \u00e9t\u00e9 d\u00e9cern\u00e9 \u00e0 Webrepublic AG de Zurich. Cette agence leader dans le domaine du marketing num\u00e9rique \u00e9volue dans un secteur d'avenir, en mutation rapide et tr\u00e8s concurrentiel, et a des clients dans le monde entier. Au si\u00e8ge principal \u00e0 Zurich, la diversit\u00e9 culturelle est v\u00e9cue et la cr\u00e9ativit\u00e9 et l'\u00e9change sont encourag\u00e9s dans les bureaux.<\/p>\n<p><strong>Troph\u00e9e du vainqueur con\u00e7u par la ZHdK<\/strong><\/p>\n<p>Le cr\u00e9ateur du troph\u00e9e pour la remise du Prix PME ZKB 2019 s'appelle Leo Hess. L'\u0153uvre d'art sp\u00e9cialement con\u00e7ue pour le Prix PME ZKB symbolise les trois valeurs que sont l'efficacit\u00e9 \u00e9conomique, la durabilit\u00e9 \u00e9cologique et la justice sociale. Elle est toujours cr\u00e9\u00e9e par des \u00e9tudiants de la Z\u00fcrcher Hochschule der K\u00fcnste (ZHdK) dans le cadre d'un appel d'offres de la Z\u00fcrcher Kantonalbank. Sa r\u00e9alisation a permis \u00e0 l'\u00e9tudiant en design de remporter un prix de 10 000 CHF.<\/p>\n<p><a href=\"\/\/www.zkb.ch\/kmupreis\">www.zkb.ch\/kmupreis<\/a><\/p>\n<p>&nbsp;<\/p>\n<p>&nbsp;<\/p>\n<p>&nbsp;<\/p>","protected":false},"excerpt":{"rendered":"<p>Der 10. KMUPreis wurde am \u00a031. Januar 2019 in der Umwelt Arena Schweiz in Spreitenbach vor vollen Reihen durchgef\u00fchrt. Zur feierlichen Preisverleihung begr\u00fcsste Martin Scholl, Vorsitzender der Generaldirektion der Z\u00fcrcher Kantonalbank, die nominierten Finalisten sowie die mehr als 650 geladenen Vertreter aus Wirtschaft, Wissenschaft und Politik. Den Hauptpreis gewann 2019 die T\u00fcrenfabrik Brunegg AG aus [&hellip;]<\/p>\n","protected":false},"author":5,"featured_media":9582,"comment_status":"open","ping_status":"open","sticky":false,"template":"","format":"standard","meta":{"_acf_changed":false,"_yoast_wpseo_focuskw":"10. KMUPreis","_yoast_wpseo_metadesc":"Der 10. KMUPreis der Z\u00fcrcher Kantonalbank belohnte mit einer Preissumme von insgesamt 150\u2018000 Schweizer Franken nachhaltig engagierte Unternehmen.","articlekey":"","footnotes":""},"categories":[580],"tags":[292,1779,1943],"class_list":["post-1993","post","type-post","status-publish","format-standard","has-post-thumbnail","hentry","category-sustainability","tag-jubilaeum","tag-nachhaltiges-engagement","tag-preis"],"acf":[],"yoast_head":"<!-- This site is optimized with the Yoast SEO plugin v27.4 - https:\/\/yoast.com\/product\/yoast-seo-wordpress\/ -->\n<title>10. KMUPreis: Von der Schreinerei, \u00fcbers Baugesch\u00e4ft zum Reinigunsspezialisten - Organisator<\/title>\n<meta name=\"description\" content=\"Der 10. KMUPreis der Z\u00fcrcher Kantonalbank belohnte mit einer Preissumme von insgesamt 150\u2018000 Schweizer Franken nachhaltig engagierte Unternehmen.\" \/>\n<meta name=\"robots\" content=\"index, follow, max-snippet:-1, max-image-preview:large, max-video-preview:-1\" \/>\n<link rel=\"canonical\" href=\"https:\/\/www.organisator.ch\/fr\/sustainability\/2019-02-01\/10-kmupreis-von-der-schreinerei-uebers-baugeschaeft-zum-reinigunsspezialisten\/\" \/>\n<meta property=\"og:locale\" content=\"fr_FR\" \/>\n<meta property=\"og:type\" content=\"article\" \/>\n<meta property=\"og:title\" content=\"10. KMUPreis: Von der Schreinerei, \u00fcbers Baugesch\u00e4ft zum Reinigunsspezialisten - Organisator\" \/>\n<meta property=\"og:description\" content=\"Der 10. KMUPreis der Z\u00fcrcher Kantonalbank belohnte mit einer Preissumme von insgesamt 150\u2018000 Schweizer Franken nachhaltig engagierte Unternehmen.\" \/>\n<meta property=\"og:url\" content=\"https:\/\/www.organisator.ch\/fr\/sustainability\/2019-02-01\/10-kmupreis-von-der-schreinerei-uebers-baugeschaeft-zum-reinigunsspezialisten\/\" \/>\n<meta property=\"og:site_name\" content=\"Organisator\" \/>\n<meta property=\"article:publisher\" content=\"https:\/\/www.facebook.com\/OrganisatorFachmagazin\" \/>\n<meta property=\"article:published_time\" content=\"2019-02-01T10:34:19+00:00\" \/>\n<meta property=\"article:modified_time\" content=\"2022-02-09T10:10:08+00:00\" \/>\n<meta property=\"og:image\" content=\"https:\/\/www.organisator.ch\/wp-content\/uploads\/2019\/02\/ZKB_KMU_Preis_MQ_Management-u-Qualitaet.jpg\" \/>\n\t<meta property=\"og:image:width\" content=\"2048\" \/>\n\t<meta property=\"og:image:height\" content=\"1364\" \/>\n\t<meta property=\"og:image:type\" content=\"image\/jpeg\" \/>\n<meta name=\"author\" content=\"michael.merz\" \/>\n<meta name=\"twitter:card\" content=\"summary_large_image\" \/>\n<script type=\"application\/ld+json\" class=\"yoast-schema-graph\">{\"@context\":\"https:\\\/\\\/schema.org\",\"@graph\":[{\"@type\":\"Article\",\"@id\":\"https:\\\/\\\/www.organisator.ch\\\/sustainability\\\/2019-02-01\\\/10-kmupreis-von-der-schreinerei-uebers-baugeschaeft-zum-reinigunsspezialisten\\\/#article\",\"isPartOf\":{\"@id\":\"https:\\\/\\\/www.organisator.ch\\\/sustainability\\\/2019-02-01\\\/10-kmupreis-von-der-schreinerei-uebers-baugeschaeft-zum-reinigunsspezialisten\\\/\"},\"author\":{\"name\":\"michael.merz\",\"@id\":\"https:\\\/\\\/www.organisator.ch\\\/#\\\/schema\\\/person\\\/134708ca9321c57b0362cceb7948ffbd\"},\"headline\":\"10. KMUPreis: Von der Schreinerei, \u00fcbers Baugesch\u00e4ft zum Reinigunsspezialisten\",\"datePublished\":\"2019-02-01T10:34:19+00:00\",\"dateModified\":\"2022-02-09T10:10:08+00:00\",\"mainEntityOfPage\":{\"@id\":\"https:\\\/\\\/www.organisator.ch\\\/sustainability\\\/2019-02-01\\\/10-kmupreis-von-der-schreinerei-uebers-baugeschaeft-zum-reinigunsspezialisten\\\/\"},\"wordCount\":631,\"commentCount\":0,\"publisher\":{\"@id\":\"https:\\\/\\\/www.organisator.ch\\\/#organization\"},\"image\":{\"@id\":\"https:\\\/\\\/www.organisator.ch\\\/sustainability\\\/2019-02-01\\\/10-kmupreis-von-der-schreinerei-uebers-baugeschaeft-zum-reinigunsspezialisten\\\/#primaryimage\"},\"thumbnailUrl\":\"https:\\\/\\\/www.organisator.ch\\\/wp-content\\\/uploads\\\/2019\\\/02\\\/ZKB_KMU_Preis_MQ_Management-u-Qualitaet.jpg\",\"keywords\":[\"Jubil\u00e4um\",\"Nachhaltiges Engagement\",\"Preis\"],\"articleSection\":[\"SUSTAINABILITY\"],\"inLanguage\":\"fr-FR\"},{\"@type\":\"WebPage\",\"@id\":\"https:\\\/\\\/www.organisator.ch\\\/sustainability\\\/2019-02-01\\\/10-kmupreis-von-der-schreinerei-uebers-baugeschaeft-zum-reinigunsspezialisten\\\/\",\"url\":\"https:\\\/\\\/www.organisator.ch\\\/sustainability\\\/2019-02-01\\\/10-kmupreis-von-der-schreinerei-uebers-baugeschaeft-zum-reinigunsspezialisten\\\/\",\"name\":\"10. KMUPreis: Von der Schreinerei, \u00fcbers Baugesch\u00e4ft zum Reinigunsspezialisten - Organisator\",\"isPartOf\":{\"@id\":\"https:\\\/\\\/www.organisator.ch\\\/#website\"},\"primaryImageOfPage\":{\"@id\":\"https:\\\/\\\/www.organisator.ch\\\/sustainability\\\/2019-02-01\\\/10-kmupreis-von-der-schreinerei-uebers-baugeschaeft-zum-reinigunsspezialisten\\\/#primaryimage\"},\"image\":{\"@id\":\"https:\\\/\\\/www.organisator.ch\\\/sustainability\\\/2019-02-01\\\/10-kmupreis-von-der-schreinerei-uebers-baugeschaeft-zum-reinigunsspezialisten\\\/#primaryimage\"},\"thumbnailUrl\":\"https:\\\/\\\/www.organisator.ch\\\/wp-content\\\/uploads\\\/2019\\\/02\\\/ZKB_KMU_Preis_MQ_Management-u-Qualitaet.jpg\",\"datePublished\":\"2019-02-01T10:34:19+00:00\",\"dateModified\":\"2022-02-09T10:10:08+00:00\",\"description\":\"Der 10. KMUPreis der Z\u00fcrcher Kantonalbank belohnte mit einer Preissumme von insgesamt 150\u2018000 Schweizer Franken nachhaltig engagierte Unternehmen.\",\"breadcrumb\":{\"@id\":\"https:\\\/\\\/www.organisator.ch\\\/sustainability\\\/2019-02-01\\\/10-kmupreis-von-der-schreinerei-uebers-baugeschaeft-zum-reinigunsspezialisten\\\/#breadcrumb\"},\"inLanguage\":\"fr-FR\",\"potentialAction\":[{\"@type\":\"ReadAction\",\"target\":[\"https:\\\/\\\/www.organisator.ch\\\/sustainability\\\/2019-02-01\\\/10-kmupreis-von-der-schreinerei-uebers-baugeschaeft-zum-reinigunsspezialisten\\\/\"]}]},{\"@type\":\"ImageObject\",\"inLanguage\":\"fr-FR\",\"@id\":\"https:\\\/\\\/www.organisator.ch\\\/sustainability\\\/2019-02-01\\\/10-kmupreis-von-der-schreinerei-uebers-baugeschaeft-zum-reinigunsspezialisten\\\/#primaryimage\",\"url\":\"https:\\\/\\\/www.organisator.ch\\\/wp-content\\\/uploads\\\/2019\\\/02\\\/ZKB_KMU_Preis_MQ_Management-u-Qualitaet.jpg\",\"contentUrl\":\"https:\\\/\\\/www.organisator.ch\\\/wp-content\\\/uploads\\\/2019\\\/02\\\/ZKB_KMU_Preis_MQ_Management-u-Qualitaet.jpg\",\"width\":2048,\"height\":1364},{\"@type\":\"BreadcrumbList\",\"@id\":\"https:\\\/\\\/www.organisator.ch\\\/sustainability\\\/2019-02-01\\\/10-kmupreis-von-der-schreinerei-uebers-baugeschaeft-zum-reinigunsspezialisten\\\/#breadcrumb\",\"itemListElement\":[{\"@type\":\"ListItem\",\"position\":1,\"name\":\"Home\",\"item\":\"https:\\\/\\\/www.organisator.ch\\\/\"},{\"@type\":\"ListItem\",\"position\":2,\"name\":\"10. KMUPreis: Von der Schreinerei, \u00fcbers Baugesch\u00e4ft zum Reinigunsspezialisten\"}]},{\"@type\":\"WebSite\",\"@id\":\"https:\\\/\\\/www.organisator.ch\\\/#website\",\"url\":\"https:\\\/\\\/www.organisator.ch\\\/\",\"name\":\"Organisator\",\"description\":\"Kompetent. Praxisnah. Der ORGANISATOR bereitet in 10 Ausgaben pro Jahr die wesentlichen Themen f\u00fcr F\u00fchrungskr\u00e4fte von KMU auf.\",\"publisher\":{\"@id\":\"https:\\\/\\\/www.organisator.ch\\\/#organization\"},\"potentialAction\":[{\"@type\":\"SearchAction\",\"target\":{\"@type\":\"EntryPoint\",\"urlTemplate\":\"https:\\\/\\\/www.organisator.ch\\\/?s={search_term_string}\"},\"query-input\":{\"@type\":\"PropertyValueSpecification\",\"valueRequired\":true,\"valueName\":\"search_term_string\"}}],\"inLanguage\":\"fr-FR\"},{\"@type\":\"Organization\",\"@id\":\"https:\\\/\\\/www.organisator.ch\\\/#organization\",\"name\":\"Organisator\",\"url\":\"https:\\\/\\\/www.organisator.ch\\\/\",\"logo\":{\"@type\":\"ImageObject\",\"inLanguage\":\"fr-FR\",\"@id\":\"https:\\\/\\\/www.organisator.ch\\\/#\\\/schema\\\/logo\\\/image\\\/\",\"url\":\"https:\\\/\\\/www.organisator.ch\\\/wp-content\\\/uploads\\\/2022\\\/01\\\/Logo_Organisator_Website.png\",\"contentUrl\":\"https:\\\/\\\/www.organisator.ch\\\/wp-content\\\/uploads\\\/2022\\\/01\\\/Logo_Organisator_Website.png\",\"width\":800,\"height\":77,\"caption\":\"Organisator\"},\"image\":{\"@id\":\"https:\\\/\\\/www.organisator.ch\\\/#\\\/schema\\\/logo\\\/image\\\/\"},\"sameAs\":[\"https:\\\/\\\/www.facebook.com\\\/OrganisatorFachmagazin\",\"https:\\\/\\\/www.linkedin.com\\\/showcase\\\/organisator-das-magazin-fr-kmu\",\"https:\\\/\\\/www.xing.com\\\/news\\\/pages\\\/organisator-ch-695\",\"https:\\\/\\\/www.youtube.com\\\/channel\\\/UCGP2Sq0iWaZwT3BdIAQFYpw\"]},{\"@type\":\"Person\",\"@id\":\"https:\\\/\\\/www.organisator.ch\\\/#\\\/schema\\\/person\\\/134708ca9321c57b0362cceb7948ffbd\",\"name\":\"michael.merz\",\"image\":{\"@type\":\"ImageObject\",\"inLanguage\":\"fr-FR\",\"@id\":\"https:\\\/\\\/secure.gravatar.com\\\/avatar\\\/?s=96&d=mm&r=g\",\"url\":\"https:\\\/\\\/secure.gravatar.com\\\/avatar\\\/?s=96&d=mm&r=g\",\"contentUrl\":\"https:\\\/\\\/secure.gravatar.com\\\/avatar\\\/?s=96&d=mm&r=g\",\"caption\":\"michael.merz\"},\"url\":\"https:\\\/\\\/www.organisator.ch\\\/fr\\\/author\\\/michael-merz\\\/\"}]}<\/script>\n<!-- \/ Yoast SEO plugin. -->","yoast_head_json":{"title":"10e Prix PME : de la menuiserie au sp\u00e9cialiste du nettoyage en passant par l'entreprise de construction - Organisateur","description":"Le 10e Prix PME de la Banque cantonale de Zurich a r\u00e9compens\u00e9 des entreprises engag\u00e9es dans le d\u00e9veloppement durable en leur attribuant une somme totale de 150 000 francs suisses.","robots":{"index":"index","follow":"follow","max-snippet":"max-snippet:-1","max-image-preview":"max-image-preview:large","max-video-preview":"max-video-preview:-1"},"canonical":"https:\/\/www.organisator.ch\/fr\/sustainability\/2019-02-01\/10-kmupreis-von-der-schreinerei-uebers-baugeschaeft-zum-reinigunsspezialisten\/","og_locale":"fr_FR","og_type":"article","og_title":"10. KMUPreis: Von der Schreinerei, \u00fcbers Baugesch\u00e4ft zum Reinigunsspezialisten - Organisator","og_description":"Der 10. KMUPreis der Z\u00fcrcher Kantonalbank belohnte mit einer Preissumme von insgesamt 150\u2018000 Schweizer Franken nachhaltig engagierte Unternehmen.","og_url":"https:\/\/www.organisator.ch\/fr\/sustainability\/2019-02-01\/10-kmupreis-von-der-schreinerei-uebers-baugeschaeft-zum-reinigunsspezialisten\/","og_site_name":"Organisator","article_publisher":"https:\/\/www.facebook.com\/OrganisatorFachmagazin","article_published_time":"2019-02-01T10:34:19+00:00","article_modified_time":"2022-02-09T10:10:08+00:00","og_image":[{"width":2048,"height":1364,"url":"https:\/\/www.organisator.ch\/wp-content\/uploads\/2019\/02\/ZKB_KMU_Preis_MQ_Management-u-Qualitaet.jpg","type":"image\/jpeg"}],"author":"michael.merz","twitter_card":"summary_large_image","schema":{"@context":"https:\/\/schema.org","@graph":[{"@type":"Article","@id":"https:\/\/www.organisator.ch\/sustainability\/2019-02-01\/10-kmupreis-von-der-schreinerei-uebers-baugeschaeft-zum-reinigunsspezialisten\/#article","isPartOf":{"@id":"https:\/\/www.organisator.ch\/sustainability\/2019-02-01\/10-kmupreis-von-der-schreinerei-uebers-baugeschaeft-zum-reinigunsspezialisten\/"},"author":{"name":"michael.merz","@id":"https:\/\/www.organisator.ch\/#\/schema\/person\/134708ca9321c57b0362cceb7948ffbd"},"headline":"10. KMUPreis: Von der Schreinerei, \u00fcbers Baugesch\u00e4ft zum Reinigunsspezialisten","datePublished":"2019-02-01T10:34:19+00:00","dateModified":"2022-02-09T10:10:08+00:00","mainEntityOfPage":{"@id":"https:\/\/www.organisator.ch\/sustainability\/2019-02-01\/10-kmupreis-von-der-schreinerei-uebers-baugeschaeft-zum-reinigunsspezialisten\/"},"wordCount":631,"commentCount":0,"publisher":{"@id":"https:\/\/www.organisator.ch\/#organization"},"image":{"@id":"https:\/\/www.organisator.ch\/sustainability\/2019-02-01\/10-kmupreis-von-der-schreinerei-uebers-baugeschaeft-zum-reinigunsspezialisten\/#primaryimage"},"thumbnailUrl":"https:\/\/www.organisator.ch\/wp-content\/uploads\/2019\/02\/ZKB_KMU_Preis_MQ_Management-u-Qualitaet.jpg","keywords":["Jubil\u00e4um","Nachhaltiges Engagement","Preis"],"articleSection":["SUSTAINABILITY"],"inLanguage":"fr-FR"},{"@type":"WebPage","@id":"https:\/\/www.organisator.ch\/sustainability\/2019-02-01\/10-kmupreis-von-der-schreinerei-uebers-baugeschaeft-zum-reinigunsspezialisten\/","url":"https:\/\/www.organisator.ch\/sustainability\/2019-02-01\/10-kmupreis-von-der-schreinerei-uebers-baugeschaeft-zum-reinigunsspezialisten\/","name":"10e Prix PME : de la menuiserie au sp\u00e9cialiste du nettoyage en passant par l'entreprise de construction - Organisateur","isPartOf":{"@id":"https:\/\/www.organisator.ch\/#website"},"primaryImageOfPage":{"@id":"https:\/\/www.organisator.ch\/sustainability\/2019-02-01\/10-kmupreis-von-der-schreinerei-uebers-baugeschaeft-zum-reinigunsspezialisten\/#primaryimage"},"image":{"@id":"https:\/\/www.organisator.ch\/sustainability\/2019-02-01\/10-kmupreis-von-der-schreinerei-uebers-baugeschaeft-zum-reinigunsspezialisten\/#primaryimage"},"thumbnailUrl":"https:\/\/www.organisator.ch\/wp-content\/uploads\/2019\/02\/ZKB_KMU_Preis_MQ_Management-u-Qualitaet.jpg","datePublished":"2019-02-01T10:34:19+00:00","dateModified":"2022-02-09T10:10:08+00:00","description":"Le 10e Prix PME de la Banque cantonale de Zurich a r\u00e9compens\u00e9 des entreprises engag\u00e9es dans le d\u00e9veloppement durable en leur attribuant une somme totale de 150 000 francs suisses.","breadcrumb":{"@id":"https:\/\/www.organisator.ch\/sustainability\/2019-02-01\/10-kmupreis-von-der-schreinerei-uebers-baugeschaeft-zum-reinigunsspezialisten\/#breadcrumb"},"inLanguage":"fr-FR","potentialAction":[{"@type":"ReadAction","target":["https:\/\/www.organisator.ch\/sustainability\/2019-02-01\/10-kmupreis-von-der-schreinerei-uebers-baugeschaeft-zum-reinigunsspezialisten\/"]}]},{"@type":"ImageObject","inLanguage":"fr-FR","@id":"https:\/\/www.organisator.ch\/sustainability\/2019-02-01\/10-kmupreis-von-der-schreinerei-uebers-baugeschaeft-zum-reinigunsspezialisten\/#primaryimage","url":"https:\/\/www.organisator.ch\/wp-content\/uploads\/2019\/02\/ZKB_KMU_Preis_MQ_Management-u-Qualitaet.jpg","contentUrl":"https:\/\/www.organisator.ch\/wp-content\/uploads\/2019\/02\/ZKB_KMU_Preis_MQ_Management-u-Qualitaet.jpg","width":2048,"height":1364},{"@type":"BreadcrumbList","@id":"https:\/\/www.organisator.ch\/sustainability\/2019-02-01\/10-kmupreis-von-der-schreinerei-uebers-baugeschaeft-zum-reinigunsspezialisten\/#breadcrumb","itemListElement":[{"@type":"ListItem","position":1,"name":"Home","item":"https:\/\/www.organisator.ch\/"},{"@type":"ListItem","position":2,"name":"10. KMUPreis: Von der Schreinerei, \u00fcbers Baugesch\u00e4ft zum Reinigunsspezialisten"}]},{"@type":"WebSite","@id":"https:\/\/www.organisator.ch\/#website","url":"https:\/\/www.organisator.ch\/","name":"Organisateur","description":"Comp\u00e9tence et comp\u00e9tence. Proches de la pratique. L'ORGANISATEUR pr\u00e9pare 10 num\u00e9ros par an sur les th\u00e8mes essentiels pour les dirigeants de PME.","publisher":{"@id":"https:\/\/www.organisator.ch\/#organization"},"potentialAction":[{"@type":"SearchAction","target":{"@type":"EntryPoint","urlTemplate":"https:\/\/www.organisator.ch\/?s={search_term_string}"},"query-input":{"@type":"PropertyValueSpecification","valueRequired":true,"valueName":"search_term_string"}}],"inLanguage":"fr-FR"},{"@type":"Organization","@id":"https:\/\/www.organisator.ch\/#organization","name":"Organisateur","url":"https:\/\/www.organisator.ch\/","logo":{"@type":"ImageObject","inLanguage":"fr-FR","@id":"https:\/\/www.organisator.ch\/#\/schema\/logo\/image\/","url":"https:\/\/www.organisator.ch\/wp-content\/uploads\/2022\/01\/Logo_Organisator_Website.png","contentUrl":"https:\/\/www.organisator.ch\/wp-content\/uploads\/2022\/01\/Logo_Organisator_Website.png","width":800,"height":77,"caption":"Organisator"},"image":{"@id":"https:\/\/www.organisator.ch\/#\/schema\/logo\/image\/"},"sameAs":["https:\/\/www.facebook.com\/OrganisatorFachmagazin","https:\/\/www.linkedin.com\/showcase\/organisator-das-magazin-fr-kmu","https:\/\/www.xing.com\/news\/pages\/organisator-ch-695","https:\/\/www.youtube.com\/channel\/UCGP2Sq0iWaZwT3BdIAQFYpw"]},{"@type":"Person","@id":"https:\/\/www.organisator.ch\/#\/schema\/person\/134708ca9321c57b0362cceb7948ffbd","name":"michael.merz","image":{"@type":"ImageObject","inLanguage":"fr-FR","@id":"https:\/\/secure.gravatar.com\/avatar\/?s=96&d=mm&r=g","url":"https:\/\/secure.gravatar.com\/avatar\/?s=96&d=mm&r=g","contentUrl":"https:\/\/secure.gravatar.com\/avatar\/?s=96&d=mm&r=g","caption":"michael.merz"},"url":"https:\/\/www.organisator.ch\/fr\/author\/michael-merz\/"}]}},"_links":{"self":[{"href":"https:\/\/www.organisator.ch\/fr\/wp-json\/wp\/v2\/posts\/1993","targetHints":{"allow":["GET"]}}],"collection":[{"href":"https:\/\/www.organisator.ch\/fr\/wp-json\/wp\/v2\/posts"}],"about":[{"href":"https:\/\/www.organisator.ch\/fr\/wp-json\/wp\/v2\/types\/post"}],"author":[{"embeddable":true,"href":"https:\/\/www.organisator.ch\/fr\/wp-json\/wp\/v2\/users\/5"}],"replies":[{"embeddable":true,"href":"https:\/\/www.organisator.ch\/fr\/wp-json\/wp\/v2\/comments?post=1993"}],"version-history":[{"count":1,"href":"https:\/\/www.organisator.ch\/fr\/wp-json\/wp\/v2\/posts\/1993\/revisions"}],"predecessor-version":[{"id":10912,"href":"https:\/\/www.organisator.ch\/fr\/wp-json\/wp\/v2\/posts\/1993\/revisions\/10912"}],"wp:featuredmedia":[{"embeddable":true,"href":"https:\/\/www.organisator.ch\/fr\/wp-json\/wp\/v2\/media\/9582"}],"wp:attachment":[{"href":"https:\/\/www.organisator.ch\/fr\/wp-json\/wp\/v2\/media?parent=1993"}],"wp:term":[{"taxonomy":"category","embeddable":true,"href":"https:\/\/www.organisator.ch\/fr\/wp-json\/wp\/v2\/categories?post=1993"},{"taxonomy":"post_tag","embeddable":true,"href":"https:\/\/www.organisator.ch\/fr\/wp-json\/wp\/v2\/tags?post=1993"}],"curies":[{"name":"wp","href":"https:\/\/api.w.org\/{rel}","templated":true}]}}