{"id":19988,"date":"2023-05-01T08:01:42","date_gmt":"2023-05-01T06:01:42","guid":{"rendered":"https:\/\/www.organisator.ch\/?p=19988"},"modified":"2023-05-01T08:01:42","modified_gmt":"2023-05-01T06:01:42","slug":"konjunktur-und-arbeitskraeftemangel-belasten-temporaergeschaeft-der-personaldienstleister","status":"publish","type":"post","link":"https:\/\/www.organisator.ch\/fr\/human-resources\/2023-05-01\/konjunktur-und-arbeitskraeftemangel-belasten-temporaergeschaeft-der-personaldienstleister\/","title":{"rendered":"La conjoncture et la p\u00e9nurie de main-d'\u0153uvre p\u00e8sent sur les activit\u00e9s de travail temporaire des services de l'emploi"},"content":{"rendered":"<figure id=\"attachment_19989\" aria-describedby=\"caption-attachment-19989\" style=\"width: 680px\" class=\"wp-caption alignnone\"><img loading=\"lazy\" decoding=\"async\" class=\"size-full wp-image-19989\" src=\"https:\/\/www.organisator.ch\/wp-content\/uploads\/2023\/05\/Konjunktur-und-Arbeitskraeftemangel-belasten-Temporaergeschaeft-der-Personaldienstleister_Organisator.jpg\" alt=\"\" width=\"680\" height=\"453\" srcset=\"https:\/\/www.organisator.ch\/wp-content\/uploads\/2023\/05\/Konjunktur-und-Arbeitskraeftemangel-belasten-Temporaergeschaeft-der-Personaldienstleister_Organisator.jpg 680w, https:\/\/www.organisator.ch\/wp-content\/uploads\/2023\/05\/Konjunktur-und-Arbeitskraeftemangel-belasten-Temporaergeschaeft-der-Personaldienstleister_Organisator-18x12.jpg 18w, https:\/\/www.organisator.ch\/wp-content\/uploads\/2023\/05\/Konjunktur-und-Arbeitskraeftemangel-belasten-Temporaergeschaeft-der-Personaldienstleister_Organisator-375x250.jpg 375w, https:\/\/www.organisator.ch\/wp-content\/uploads\/2023\/05\/Konjunktur-und-Arbeitskraeftemangel-belasten-Temporaergeschaeft-der-Personaldienstleister_Organisator-525x350.jpg 525w\" sizes=\"auto, (max-width: 680px) 100vw, 680px\" \/><figcaption id=\"caption-attachment-19989\" class=\"wp-caption-text\">La p\u00e9nurie de main-d'\u0153uvre met \u00e9galement sous pression le secteur du travail temporaire. (Image : Pixabay.com)<\/figcaption><\/figure>\n<p>Selon le Swiss Staffingindex, l'activit\u00e9 temporaire des services de l'emploi a gliss\u00e9 pour la premi\u00e8re fois depuis deux ans dans le rouge avec 3,4 pour cent. Avec une croissance de 15,3 pour cent, le secteur des emplois fixes a le vent en poupe. La raison : la p\u00e9nurie de main-d'\u0153uvre devient de plus en plus un frein \u00e0 la croissance des services de l'emploi comme de l'\u00e9conomie dans son ensemble. D'une part, le ralentissement de la conjoncture et la normalisation apr\u00e8s la p\u00e9riode Corona ont permis aux entreprises de moins faire face aux pics de commandes \u00e0 court terme, qui devaient \u00eatre couverts par le travail temporaire. D'autre part, les entreprises dont le taux d'occupation reste \u00e9lev\u00e9 misent de plus en plus sur les emplois fixes - parce que le march\u00e9 est devenu plus planifiable et pour fid\u00e9liser le personnel.<\/p>\n<h3>Situation tendue en mati\u00e8re de recrutement dans les entreprises<\/h3>\n<p>\"La demande sans pr\u00e9c\u00e9dent de personnel qualifi\u00e9 montre clairement que la p\u00e9nurie de personnel qualifi\u00e9 continue de s'aggraver en Suisse\" constate Jan Jacob, Country Manager ManpowerGroup Suisse sur la base de l'enqu\u00eate Manpower sur le march\u00e9 de l'emploi. Trois entreprises sur quatre d\u00e9plorent des difficult\u00e9s \u00e0 recruter du personnel qualifi\u00e9. Cette \u00e9volution se fait sentir sur le march\u00e9 de l'emploi. Selon le <a href=\"https:\/\/www.organisator.ch\/de\/human-resources\/2023-04-13\/arbeitsmarkt-breite-sprachkenntnisse-erhoehen-jobchancen-deutlich\/\">Adecco Group Swiss Job Market Index a augment\u00e9 le nombre de postes vacants au premier trimestre 2023<\/a> n'a que l\u00e9g\u00e8rement baiss\u00e9 par rapport au pic historique du T4 2022.<\/p>\n<p>Marcel Keller, Country President Adecco Group Switzerland, commente : \"Apr\u00e8s presque trois ans d'incertitudes li\u00e9es au Covid, la confiance s'installe. Les entreprises investissent \u00e0 nouveau dans des postes fixes et engagent de plus en plus de collaborateurs temporaires \u00e0 titre permanent. En outre, le Covid n'a pas seulement r\u00e9duit la p\u00e9nurie de main-d'\u0153uvre qualifi\u00e9e, mais a \u00e9galement augment\u00e9 le pouvoir de n\u00e9gociation de cette derni\u00e8re, de sorte que les entreprises font tout ce qui est en leur pouvoir pour fid\u00e9liser leurs collaborateurs - et ce, si possible, \u00e0 long terme\".<\/p>\n<h3>Des talents tr\u00e8s disput\u00e9s sur le march\u00e9 du travail<\/h3>\n<p>Compte tenu de la situation tendue sur le march\u00e9 du travail, les entreprises doivent trouver de nouvelles m\u00e9thodes pour attirer les candidats. La g\u00e9n\u00e9ration Z, en particulier, est tr\u00e8s disput\u00e9e. Le dernier livre blanc du conseiller en personnel Careerplus le montre : Les valeurs et la flexibilit\u00e9 sont les cl\u00e9s du succ\u00e8s. 64 pour cent de la g\u00e9n\u00e9ration Z r\u00eavent de faire quelque chose de bien. Seuls 19 pour cent des personnes interrog\u00e9es accepteraient de travailler dans une entreprise qui ne partage pas leurs valeurs. Quatre candidats sur dix refusent les offres d'emploi sans possibilit\u00e9 de travail \u00e0 domicile. La flexibilit\u00e9 est g\u00e9n\u00e9ralement en vogue dans les professions en manque de personnel qualifi\u00e9. Une enqu\u00eate men\u00e9e par la plateforme de placement Coople aupr\u00e8s de personnes ayant un profil d'emploi m\u00e9dical montre que 76,4 % d'entre elles estiment que la libre organisation de leur temps de travail est un avantage. 63,1 % utilisent le travail flexible comme revenu suppl\u00e9mentaire et 38,8 % recherchent un meilleur \u00e9quilibre entre vie professionnelle et vie priv\u00e9e.<\/p>\n<h3>Perspectives d'avenir : Les agences de recrutement restent pr\u00e9occup\u00e9es par la p\u00e9nurie de main-d'\u0153uvre<\/h3>\n<p>La situation tendue sur le march\u00e9 du travail pr\u00e9occupe les services de l'emploi. En ce qui concerne les six prochains mois, 46,8% s'attendent \u00e0 une augmentation de l'activit\u00e9 dans le secteur de l'int\u00e9rim. 32,5% s'attendent \u00e9galement \u00e0 une nouvelle augmentation dans le secteur de l'emploi fixe. A titre de comparaison, ces valeurs \u00e9taient encore de 70 et 54 pour cent au 1er trimestre 2022. L'ass\u00e8chement du march\u00e9 du travail et la faible dynamique conjoncturelle devraient \u00eatre les principales raisons de cette estimation des dirigeants. Le fait que les employ\u00e9s profitent de la bonne situation du march\u00e9 du travail pour changer d'emploi ou optent d\u00e9lib\u00e9r\u00e9ment pour des mod\u00e8les de travail flexibles comme le travail temporaire pourrait avoir un effet positif sur l'\u00e9volution des affaires.<\/p>\n<p><em>Source : <a href=\"http:\/\/www.swissstaffing.ch\">Swissstaffing<\/a><\/em><\/p>","protected":false},"excerpt":{"rendered":"<p>Malgr\u00e9 des perspectives conjoncturelles moroses, la grave p\u00e9nurie de main-d'\u0153uvre inqui\u00e8te les entreprises et conf\u00e8re aux demandeurs d'emploi un plus grand pouvoir de n\u00e9gociation. C'est ce que r\u00e9v\u00e8le le dernier Swiss Staffingindex.<\/p>","protected":false},"author":4,"featured_media":19989,"comment_status":"closed","ping_status":"closed","sticky":false,"template":"","format":"standard","meta":{"_acf_changed":false,"_yoast_wpseo_focuskw":"Arbeitskr\u00e4ftemangel","_yoast_wpseo_metadesc":"Der akute Arbeitskr\u00e4ftemangel bereitet Unternehmen weiterhin Sorgen. Das Tempor\u00e4rgesch\u00e4ft der Personaldienstleister ist unter Druck.","articlekey":"","footnotes":""},"categories":[579],"tags":[194,310,3745],"class_list":["post-19988","post","type-post","status-publish","format-standard","has-post-thumbnail","hentry","category-human-resources","tag-fachkraeftemangel","tag-konjunktur","tag-temporaerarbeit"],"acf":[],"yoast_head":"<!-- This site is optimized with the Yoast SEO plugin v27.4 - https:\/\/yoast.com\/product\/yoast-seo-wordpress\/ -->\n<title>Konjunktur und Arbeitskr\u00e4ftemangel belasten Tempor\u00e4rgesch\u00e4ft der Personaldienstleister - Organisator<\/title>\n<meta name=\"description\" content=\"Der akute Arbeitskr\u00e4ftemangel bereitet Unternehmen weiterhin Sorgen. Das Tempor\u00e4rgesch\u00e4ft der Personaldienstleister ist unter Druck.\" \/>\n<meta name=\"robots\" content=\"index, follow, max-snippet:-1, max-image-preview:large, max-video-preview:-1\" \/>\n<link rel=\"canonical\" href=\"https:\/\/www.organisator.ch\/fr\/ressources-humaines\/2023-05-01\/konjunktur-und-arbeitskraeftemangel-belasten-temporaergeschaeft-der-personaldienstleister\/\" \/>\n<meta property=\"og:locale\" content=\"fr_FR\" \/>\n<meta property=\"og:type\" content=\"article\" \/>\n<meta property=\"og:title\" content=\"Konjunktur und Arbeitskr\u00e4ftemangel belasten Tempor\u00e4rgesch\u00e4ft der Personaldienstleister\" \/>\n<meta property=\"og:description\" content=\"Der akute Arbeitskr\u00e4ftemangel bereitet Unternehmen weiterhin Sorgen. Das Tempor\u00e4rgesch\u00e4ft der Personaldienstleister ist unter Druck.\" \/>\n<meta property=\"og:url\" content=\"https:\/\/www.organisator.ch\/fr\/ressources-humaines\/2023-05-01\/konjunktur-und-arbeitskraeftemangel-belasten-temporaergeschaeft-der-personaldienstleister\/\" \/>\n<meta property=\"og:site_name\" content=\"Organisator\" \/>\n<meta property=\"article:publisher\" content=\"https:\/\/www.facebook.com\/OrganisatorFachmagazin\" \/>\n<meta property=\"article:published_time\" content=\"2023-05-01T06:01:42+00:00\" \/>\n<meta property=\"og:image\" content=\"https:\/\/www.organisator.ch\/wp-content\/uploads\/2023\/05\/Konjunktur-und-Arbeitskraeftemangel-belasten-Temporaergeschaeft-der-Personaldienstleister_Organisator.jpg\" \/>\n\t<meta property=\"og:image:width\" content=\"680\" \/>\n\t<meta property=\"og:image:height\" content=\"453\" \/>\n\t<meta property=\"og:image:type\" content=\"image\/jpeg\" \/>\n<meta name=\"author\" content=\"thomas.berner\" \/>\n<meta name=\"twitter:card\" content=\"summary_large_image\" \/>\n<meta name=\"twitter:title\" content=\"Konjunktur und #Arbeitskr\u00e4ftemangel belasten #Tempor\u00e4rgesch\u00e4ft der #Personaldienstleister\" \/>\n<meta name=\"twitter:description\" content=\"Der akute #Arbeitskr\u00e4ftemangel bereitet Unternehmen weiterhin Sorgen. Das #Tempor\u00e4rgesch\u00e4ft der #Personaldienstleister ist unter Druck.\" \/>\n<meta name=\"twitter:image\" content=\"https:\/\/www.organisator.ch\/wp-content\/uploads\/2023\/05\/Konjunktur-und-Arbeitskraeftemangel-belasten-Temporaergeschaeft-der-Personaldienstleister_Organisator.jpg\" \/>\n<script type=\"application\/ld+json\" class=\"yoast-schema-graph\">{\"@context\":\"https:\\\/\\\/schema.org\",\"@graph\":[{\"@type\":\"Article\",\"@id\":\"https:\\\/\\\/www.organisator.ch\\\/human-resources\\\/2023-05-01\\\/konjunktur-und-arbeitskraeftemangel-belasten-temporaergeschaeft-der-personaldienstleister\\\/#article\",\"isPartOf\":{\"@id\":\"https:\\\/\\\/www.organisator.ch\\\/human-resources\\\/2023-05-01\\\/konjunktur-und-arbeitskraeftemangel-belasten-temporaergeschaeft-der-personaldienstleister\\\/\"},\"author\":{\"name\":\"thomas.berner\",\"@id\":\"https:\\\/\\\/www.organisator.ch\\\/#\\\/schema\\\/person\\\/6f650f90b2842cd4c0cc334b4e36f67e\"},\"headline\":\"Konjunktur und Arbeitskr\u00e4ftemangel belasten Tempor\u00e4rgesch\u00e4ft der Personaldienstleister\",\"datePublished\":\"2023-05-01T06:01:42+00:00\",\"mainEntityOfPage\":{\"@id\":\"https:\\\/\\\/www.organisator.ch\\\/human-resources\\\/2023-05-01\\\/konjunktur-und-arbeitskraeftemangel-belasten-temporaergeschaeft-der-personaldienstleister\\\/\"},\"wordCount\":523,\"publisher\":{\"@id\":\"https:\\\/\\\/www.organisator.ch\\\/#organization\"},\"image\":{\"@id\":\"https:\\\/\\\/www.organisator.ch\\\/human-resources\\\/2023-05-01\\\/konjunktur-und-arbeitskraeftemangel-belasten-temporaergeschaeft-der-personaldienstleister\\\/#primaryimage\"},\"thumbnailUrl\":\"https:\\\/\\\/www.organisator.ch\\\/wp-content\\\/uploads\\\/2023\\\/05\\\/Konjunktur-und-Arbeitskraeftemangel-belasten-Temporaergeschaeft-der-Personaldienstleister_Organisator.jpg\",\"keywords\":[\"Fachkr\u00e4ftemangel\",\"Konjunktur\",\"Tempor\u00e4rarbeit\"],\"articleSection\":[\"HUMAN RESOURCES\"],\"inLanguage\":\"fr-FR\"},{\"@type\":\"WebPage\",\"@id\":\"https:\\\/\\\/www.organisator.ch\\\/human-resources\\\/2023-05-01\\\/konjunktur-und-arbeitskraeftemangel-belasten-temporaergeschaeft-der-personaldienstleister\\\/\",\"url\":\"https:\\\/\\\/www.organisator.ch\\\/human-resources\\\/2023-05-01\\\/konjunktur-und-arbeitskraeftemangel-belasten-temporaergeschaeft-der-personaldienstleister\\\/\",\"name\":\"Konjunktur und Arbeitskr\u00e4ftemangel belasten Tempor\u00e4rgesch\u00e4ft der Personaldienstleister - Organisator\",\"isPartOf\":{\"@id\":\"https:\\\/\\\/www.organisator.ch\\\/#website\"},\"primaryImageOfPage\":{\"@id\":\"https:\\\/\\\/www.organisator.ch\\\/human-resources\\\/2023-05-01\\\/konjunktur-und-arbeitskraeftemangel-belasten-temporaergeschaeft-der-personaldienstleister\\\/#primaryimage\"},\"image\":{\"@id\":\"https:\\\/\\\/www.organisator.ch\\\/human-resources\\\/2023-05-01\\\/konjunktur-und-arbeitskraeftemangel-belasten-temporaergeschaeft-der-personaldienstleister\\\/#primaryimage\"},\"thumbnailUrl\":\"https:\\\/\\\/www.organisator.ch\\\/wp-content\\\/uploads\\\/2023\\\/05\\\/Konjunktur-und-Arbeitskraeftemangel-belasten-Temporaergeschaeft-der-Personaldienstleister_Organisator.jpg\",\"datePublished\":\"2023-05-01T06:01:42+00:00\",\"description\":\"Der akute Arbeitskr\u00e4ftemangel bereitet Unternehmen weiterhin Sorgen. Das Tempor\u00e4rgesch\u00e4ft der Personaldienstleister ist unter Druck.\",\"breadcrumb\":{\"@id\":\"https:\\\/\\\/www.organisator.ch\\\/human-resources\\\/2023-05-01\\\/konjunktur-und-arbeitskraeftemangel-belasten-temporaergeschaeft-der-personaldienstleister\\\/#breadcrumb\"},\"inLanguage\":\"fr-FR\",\"potentialAction\":[{\"@type\":\"ReadAction\",\"target\":[\"https:\\\/\\\/www.organisator.ch\\\/human-resources\\\/2023-05-01\\\/konjunktur-und-arbeitskraeftemangel-belasten-temporaergeschaeft-der-personaldienstleister\\\/\"]}]},{\"@type\":\"ImageObject\",\"inLanguage\":\"fr-FR\",\"@id\":\"https:\\\/\\\/www.organisator.ch\\\/human-resources\\\/2023-05-01\\\/konjunktur-und-arbeitskraeftemangel-belasten-temporaergeschaeft-der-personaldienstleister\\\/#primaryimage\",\"url\":\"https:\\\/\\\/www.organisator.ch\\\/wp-content\\\/uploads\\\/2023\\\/05\\\/Konjunktur-und-Arbeitskraeftemangel-belasten-Temporaergeschaeft-der-Personaldienstleister_Organisator.jpg\",\"contentUrl\":\"https:\\\/\\\/www.organisator.ch\\\/wp-content\\\/uploads\\\/2023\\\/05\\\/Konjunktur-und-Arbeitskraeftemangel-belasten-Temporaergeschaeft-der-Personaldienstleister_Organisator.jpg\",\"width\":680,\"height\":453,\"caption\":\"Der Arbeitskr\u00e4ftemangel setzt auch das Gesch\u00e4ft mit Tempor\u00e4rarbeit unter Druck. (Bild: Pixabay.com)\"},{\"@type\":\"BreadcrumbList\",\"@id\":\"https:\\\/\\\/www.organisator.ch\\\/human-resources\\\/2023-05-01\\\/konjunktur-und-arbeitskraeftemangel-belasten-temporaergeschaeft-der-personaldienstleister\\\/#breadcrumb\",\"itemListElement\":[{\"@type\":\"ListItem\",\"position\":1,\"name\":\"Home\",\"item\":\"https:\\\/\\\/www.organisator.ch\\\/\"},{\"@type\":\"ListItem\",\"position\":2,\"name\":\"Konjunktur und Arbeitskr\u00e4ftemangel belasten Tempor\u00e4rgesch\u00e4ft der Personaldienstleister\"}]},{\"@type\":\"WebSite\",\"@id\":\"https:\\\/\\\/www.organisator.ch\\\/#website\",\"url\":\"https:\\\/\\\/www.organisator.ch\\\/\",\"name\":\"Organisator\",\"description\":\"Kompetent. Praxisnah. Der ORGANISATOR bereitet in 10 Ausgaben pro Jahr die wesentlichen Themen f\u00fcr F\u00fchrungskr\u00e4fte von KMU auf.\",\"publisher\":{\"@id\":\"https:\\\/\\\/www.organisator.ch\\\/#organization\"},\"potentialAction\":[{\"@type\":\"SearchAction\",\"target\":{\"@type\":\"EntryPoint\",\"urlTemplate\":\"https:\\\/\\\/www.organisator.ch\\\/?s={search_term_string}\"},\"query-input\":{\"@type\":\"PropertyValueSpecification\",\"valueRequired\":true,\"valueName\":\"search_term_string\"}}],\"inLanguage\":\"fr-FR\"},{\"@type\":\"Organization\",\"@id\":\"https:\\\/\\\/www.organisator.ch\\\/#organization\",\"name\":\"Organisator\",\"url\":\"https:\\\/\\\/www.organisator.ch\\\/\",\"logo\":{\"@type\":\"ImageObject\",\"inLanguage\":\"fr-FR\",\"@id\":\"https:\\\/\\\/www.organisator.ch\\\/#\\\/schema\\\/logo\\\/image\\\/\",\"url\":\"https:\\\/\\\/www.organisator.ch\\\/wp-content\\\/uploads\\\/2022\\\/01\\\/Logo_Organisator_Website.png\",\"contentUrl\":\"https:\\\/\\\/www.organisator.ch\\\/wp-content\\\/uploads\\\/2022\\\/01\\\/Logo_Organisator_Website.png\",\"width\":800,\"height\":77,\"caption\":\"Organisator\"},\"image\":{\"@id\":\"https:\\\/\\\/www.organisator.ch\\\/#\\\/schema\\\/logo\\\/image\\\/\"},\"sameAs\":[\"https:\\\/\\\/www.facebook.com\\\/OrganisatorFachmagazin\",\"https:\\\/\\\/www.linkedin.com\\\/showcase\\\/organisator-das-magazin-fr-kmu\",\"https:\\\/\\\/www.xing.com\\\/news\\\/pages\\\/organisator-ch-695\",\"https:\\\/\\\/www.youtube.com\\\/channel\\\/UCGP2Sq0iWaZwT3BdIAQFYpw\"]},{\"@type\":\"Person\",\"@id\":\"https:\\\/\\\/www.organisator.ch\\\/#\\\/schema\\\/person\\\/6f650f90b2842cd4c0cc334b4e36f67e\",\"name\":\"thomas.berner\",\"image\":{\"@type\":\"ImageObject\",\"inLanguage\":\"fr-FR\",\"@id\":\"https:\\\/\\\/secure.gravatar.com\\\/avatar\\\/ac5001d2a36cb6c6cd3e50789007ffca834b477b74a2144564522e944eabff61?s=96&d=mm&r=g\",\"url\":\"https:\\\/\\\/secure.gravatar.com\\\/avatar\\\/ac5001d2a36cb6c6cd3e50789007ffca834b477b74a2144564522e944eabff61?s=96&d=mm&r=g\",\"contentUrl\":\"https:\\\/\\\/secure.gravatar.com\\\/avatar\\\/ac5001d2a36cb6c6cd3e50789007ffca834b477b74a2144564522e944eabff61?s=96&d=mm&r=g\",\"caption\":\"thomas.berner\"},\"url\":\"https:\\\/\\\/www.organisator.ch\\\/fr\\\/author\\\/thomas-berner\\\/\"}]}<\/script>\n<!-- \/ Yoast SEO plugin. -->","yoast_head_json":{"title":"La conjoncture et la p\u00e9nurie de main-d'\u0153uvre p\u00e8sent sur les activit\u00e9s de travail temporaire des services de l'emploi - Organisateur","description":"La grave p\u00e9nurie de main-d'\u0153uvre continue de pr\u00e9occuper les entreprises. L'activit\u00e9 de travail temporaire des services de l'emploi est sous pression.","robots":{"index":"index","follow":"follow","max-snippet":"max-snippet:-1","max-image-preview":"max-image-preview:large","max-video-preview":"max-video-preview:-1"},"canonical":"https:\/\/www.organisator.ch\/fr\/ressources-humaines\/2023-05-01\/konjunktur-und-arbeitskraeftemangel-belasten-temporaergeschaeft-der-personaldienstleister\/","og_locale":"fr_FR","og_type":"article","og_title":"Konjunktur und Arbeitskr\u00e4ftemangel belasten Tempor\u00e4rgesch\u00e4ft der Personaldienstleister","og_description":"Der akute Arbeitskr\u00e4ftemangel bereitet Unternehmen weiterhin Sorgen. Das Tempor\u00e4rgesch\u00e4ft der Personaldienstleister ist unter Druck.","og_url":"https:\/\/www.organisator.ch\/fr\/ressources-humaines\/2023-05-01\/konjunktur-und-arbeitskraeftemangel-belasten-temporaergeschaeft-der-personaldienstleister\/","og_site_name":"Organisator","article_publisher":"https:\/\/www.facebook.com\/OrganisatorFachmagazin","article_published_time":"2023-05-01T06:01:42+00:00","og_image":[{"width":680,"height":453,"url":"https:\/\/www.organisator.ch\/wp-content\/uploads\/2023\/05\/Konjunktur-und-Arbeitskraeftemangel-belasten-Temporaergeschaeft-der-Personaldienstleister_Organisator.jpg","type":"image\/jpeg"}],"author":"thomas.berner","twitter_card":"summary_large_image","twitter_title":"Konjunktur und #Arbeitskr\u00e4ftemangel belasten #Tempor\u00e4rgesch\u00e4ft der #Personaldienstleister","twitter_description":"Der akute #Arbeitskr\u00e4ftemangel bereitet Unternehmen weiterhin Sorgen. Das #Tempor\u00e4rgesch\u00e4ft der #Personaldienstleister ist unter Druck.","twitter_image":"https:\/\/www.organisator.ch\/wp-content\/uploads\/2023\/05\/Konjunktur-und-Arbeitskraeftemangel-belasten-Temporaergeschaeft-der-Personaldienstleister_Organisator.jpg","schema":{"@context":"https:\/\/schema.org","@graph":[{"@type":"Article","@id":"https:\/\/www.organisator.ch\/human-resources\/2023-05-01\/konjunktur-und-arbeitskraeftemangel-belasten-temporaergeschaeft-der-personaldienstleister\/#article","isPartOf":{"@id":"https:\/\/www.organisator.ch\/human-resources\/2023-05-01\/konjunktur-und-arbeitskraeftemangel-belasten-temporaergeschaeft-der-personaldienstleister\/"},"author":{"name":"thomas.berner","@id":"https:\/\/www.organisator.ch\/#\/schema\/person\/6f650f90b2842cd4c0cc334b4e36f67e"},"headline":"Konjunktur und Arbeitskr\u00e4ftemangel belasten Tempor\u00e4rgesch\u00e4ft der Personaldienstleister","datePublished":"2023-05-01T06:01:42+00:00","mainEntityOfPage":{"@id":"https:\/\/www.organisator.ch\/human-resources\/2023-05-01\/konjunktur-und-arbeitskraeftemangel-belasten-temporaergeschaeft-der-personaldienstleister\/"},"wordCount":523,"publisher":{"@id":"https:\/\/www.organisator.ch\/#organization"},"image":{"@id":"https:\/\/www.organisator.ch\/human-resources\/2023-05-01\/konjunktur-und-arbeitskraeftemangel-belasten-temporaergeschaeft-der-personaldienstleister\/#primaryimage"},"thumbnailUrl":"https:\/\/www.organisator.ch\/wp-content\/uploads\/2023\/05\/Konjunktur-und-Arbeitskraeftemangel-belasten-Temporaergeschaeft-der-Personaldienstleister_Organisator.jpg","keywords":["Fachkr\u00e4ftemangel","Konjunktur","Tempor\u00e4rarbeit"],"articleSection":["HUMAN RESOURCES"],"inLanguage":"fr-FR"},{"@type":"WebPage","@id":"https:\/\/www.organisator.ch\/human-resources\/2023-05-01\/konjunktur-und-arbeitskraeftemangel-belasten-temporaergeschaeft-der-personaldienstleister\/","url":"https:\/\/www.organisator.ch\/human-resources\/2023-05-01\/konjunktur-und-arbeitskraeftemangel-belasten-temporaergeschaeft-der-personaldienstleister\/","name":"La conjoncture et la p\u00e9nurie de main-d'\u0153uvre p\u00e8sent sur les activit\u00e9s de travail temporaire des services de l'emploi - Organisateur","isPartOf":{"@id":"https:\/\/www.organisator.ch\/#website"},"primaryImageOfPage":{"@id":"https:\/\/www.organisator.ch\/human-resources\/2023-05-01\/konjunktur-und-arbeitskraeftemangel-belasten-temporaergeschaeft-der-personaldienstleister\/#primaryimage"},"image":{"@id":"https:\/\/www.organisator.ch\/human-resources\/2023-05-01\/konjunktur-und-arbeitskraeftemangel-belasten-temporaergeschaeft-der-personaldienstleister\/#primaryimage"},"thumbnailUrl":"https:\/\/www.organisator.ch\/wp-content\/uploads\/2023\/05\/Konjunktur-und-Arbeitskraeftemangel-belasten-Temporaergeschaeft-der-Personaldienstleister_Organisator.jpg","datePublished":"2023-05-01T06:01:42+00:00","description":"La grave p\u00e9nurie de main-d'\u0153uvre continue de pr\u00e9occuper les entreprises. L'activit\u00e9 de travail temporaire des services de l'emploi est sous pression.","breadcrumb":{"@id":"https:\/\/www.organisator.ch\/human-resources\/2023-05-01\/konjunktur-und-arbeitskraeftemangel-belasten-temporaergeschaeft-der-personaldienstleister\/#breadcrumb"},"inLanguage":"fr-FR","potentialAction":[{"@type":"ReadAction","target":["https:\/\/www.organisator.ch\/human-resources\/2023-05-01\/konjunktur-und-arbeitskraeftemangel-belasten-temporaergeschaeft-der-personaldienstleister\/"]}]},{"@type":"ImageObject","inLanguage":"fr-FR","@id":"https:\/\/www.organisator.ch\/human-resources\/2023-05-01\/konjunktur-und-arbeitskraeftemangel-belasten-temporaergeschaeft-der-personaldienstleister\/#primaryimage","url":"https:\/\/www.organisator.ch\/wp-content\/uploads\/2023\/05\/Konjunktur-und-Arbeitskraeftemangel-belasten-Temporaergeschaeft-der-Personaldienstleister_Organisator.jpg","contentUrl":"https:\/\/www.organisator.ch\/wp-content\/uploads\/2023\/05\/Konjunktur-und-Arbeitskraeftemangel-belasten-Temporaergeschaeft-der-Personaldienstleister_Organisator.jpg","width":680,"height":453,"caption":"Der Arbeitskr\u00e4ftemangel setzt auch das Gesch\u00e4ft mit Tempor\u00e4rarbeit unter Druck. (Bild: Pixabay.com)"},{"@type":"BreadcrumbList","@id":"https:\/\/www.organisator.ch\/human-resources\/2023-05-01\/konjunktur-und-arbeitskraeftemangel-belasten-temporaergeschaeft-der-personaldienstleister\/#breadcrumb","itemListElement":[{"@type":"ListItem","position":1,"name":"Home","item":"https:\/\/www.organisator.ch\/"},{"@type":"ListItem","position":2,"name":"Konjunktur und Arbeitskr\u00e4ftemangel belasten Tempor\u00e4rgesch\u00e4ft der Personaldienstleister"}]},{"@type":"WebSite","@id":"https:\/\/www.organisator.ch\/#website","url":"https:\/\/www.organisator.ch\/","name":"Organisateur","description":"Comp\u00e9tence et comp\u00e9tence. Proches de la pratique. L'ORGANISATEUR pr\u00e9pare 10 num\u00e9ros par an sur les th\u00e8mes essentiels pour les dirigeants de PME.","publisher":{"@id":"https:\/\/www.organisator.ch\/#organization"},"potentialAction":[{"@type":"SearchAction","target":{"@type":"EntryPoint","urlTemplate":"https:\/\/www.organisator.ch\/?s={search_term_string}"},"query-input":{"@type":"PropertyValueSpecification","valueRequired":true,"valueName":"search_term_string"}}],"inLanguage":"fr-FR"},{"@type":"Organization","@id":"https:\/\/www.organisator.ch\/#organization","name":"Organisateur","url":"https:\/\/www.organisator.ch\/","logo":{"@type":"ImageObject","inLanguage":"fr-FR","@id":"https:\/\/www.organisator.ch\/#\/schema\/logo\/image\/","url":"https:\/\/www.organisator.ch\/wp-content\/uploads\/2022\/01\/Logo_Organisator_Website.png","contentUrl":"https:\/\/www.organisator.ch\/wp-content\/uploads\/2022\/01\/Logo_Organisator_Website.png","width":800,"height":77,"caption":"Organisator"},"image":{"@id":"https:\/\/www.organisator.ch\/#\/schema\/logo\/image\/"},"sameAs":["https:\/\/www.facebook.com\/OrganisatorFachmagazin","https:\/\/www.linkedin.com\/showcase\/organisator-das-magazin-fr-kmu","https:\/\/www.xing.com\/news\/pages\/organisator-ch-695","https:\/\/www.youtube.com\/channel\/UCGP2Sq0iWaZwT3BdIAQFYpw"]},{"@type":"Person","@id":"https:\/\/www.organisator.ch\/#\/schema\/person\/6f650f90b2842cd4c0cc334b4e36f67e","name":"thomas.berner","image":{"@type":"ImageObject","inLanguage":"fr-FR","@id":"https:\/\/secure.gravatar.com\/avatar\/ac5001d2a36cb6c6cd3e50789007ffca834b477b74a2144564522e944eabff61?s=96&d=mm&r=g","url":"https:\/\/secure.gravatar.com\/avatar\/ac5001d2a36cb6c6cd3e50789007ffca834b477b74a2144564522e944eabff61?s=96&d=mm&r=g","contentUrl":"https:\/\/secure.gravatar.com\/avatar\/ac5001d2a36cb6c6cd3e50789007ffca834b477b74a2144564522e944eabff61?s=96&d=mm&r=g","caption":"thomas.berner"},"url":"https:\/\/www.organisator.ch\/fr\/author\/thomas-berner\/"}]}},"_links":{"self":[{"href":"https:\/\/www.organisator.ch\/fr\/wp-json\/wp\/v2\/posts\/19988","targetHints":{"allow":["GET"]}}],"collection":[{"href":"https:\/\/www.organisator.ch\/fr\/wp-json\/wp\/v2\/posts"}],"about":[{"href":"https:\/\/www.organisator.ch\/fr\/wp-json\/wp\/v2\/types\/post"}],"author":[{"embeddable":true,"href":"https:\/\/www.organisator.ch\/fr\/wp-json\/wp\/v2\/users\/4"}],"replies":[{"embeddable":true,"href":"https:\/\/www.organisator.ch\/fr\/wp-json\/wp\/v2\/comments?post=19988"}],"version-history":[{"count":1,"href":"https:\/\/www.organisator.ch\/fr\/wp-json\/wp\/v2\/posts\/19988\/revisions"}],"predecessor-version":[{"id":19990,"href":"https:\/\/www.organisator.ch\/fr\/wp-json\/wp\/v2\/posts\/19988\/revisions\/19990"}],"wp:featuredmedia":[{"embeddable":true,"href":"https:\/\/www.organisator.ch\/fr\/wp-json\/wp\/v2\/media\/19989"}],"wp:attachment":[{"href":"https:\/\/www.organisator.ch\/fr\/wp-json\/wp\/v2\/media?parent=19988"}],"wp:term":[{"taxonomy":"category","embeddable":true,"href":"https:\/\/www.organisator.ch\/fr\/wp-json\/wp\/v2\/categories?post=19988"},{"taxonomy":"post_tag","embeddable":true,"href":"https:\/\/www.organisator.ch\/fr\/wp-json\/wp\/v2\/tags?post=19988"}],"curies":[{"name":"wp","href":"https:\/\/api.w.org\/{rel}","templated":true}]}}