{"id":19991,"date":"2023-05-02T08:03:00","date_gmt":"2023-05-02T06:03:00","guid":{"rendered":"https:\/\/www.organisator.ch\/?p=19991"},"modified":"2023-05-01T08:39:58","modified_gmt":"2023-05-01T06:39:58","slug":"kmu-haben-weltweit-digitalen-nachholbedarf","status":"publish","type":"post","link":"https:\/\/www.organisator.ch\/fr\/operational-excellence\/2023-05-02\/kmu-haben-weltweit-digitalen-nachholbedarf\/","title":{"rendered":"Les PME ont un retard num\u00e9rique \u00e0 rattraper dans le monde entier"},"content":{"rendered":"<figure id=\"attachment_19992\" aria-describedby=\"caption-attachment-19992\" style=\"width: 680px\" class=\"wp-caption alignnone\"><img loading=\"lazy\" decoding=\"async\" class=\"size-full wp-image-19992\" src=\"https:\/\/www.organisator.ch\/wp-content\/uploads\/2023\/05\/KMU-haben-weltweit-digitalen-Nachholbedarf_Organisator.jpg\" alt=\"\" width=\"680\" height=\"340\" srcset=\"https:\/\/www.organisator.ch\/wp-content\/uploads\/2023\/05\/KMU-haben-weltweit-digitalen-Nachholbedarf_Organisator.jpg 680w, https:\/\/www.organisator.ch\/wp-content\/uploads\/2023\/05\/KMU-haben-weltweit-digitalen-Nachholbedarf_Organisator-18x9.jpg 18w, https:\/\/www.organisator.ch\/wp-content\/uploads\/2023\/05\/KMU-haben-weltweit-digitalen-Nachholbedarf_Organisator-375x188.jpg 375w\" sizes=\"auto, (max-width: 680px) 100vw, 680px\" \/><figcaption id=\"caption-attachment-19992\" class=\"wp-caption-text\">De nombreuses PME dans le monde ont encore du retard en mati\u00e8re de num\u00e9rique, comme l'a constat\u00e9 une nouvelle \u00e9tude. (Image : Pixabay.com)<\/figcaption><\/figure>\n<p>Dans quelle mesure les PME du monde entier sont-elles bien positionn\u00e9es sur le plan num\u00e9rique ? C'est la question \u00e0 laquelle a tent\u00e9 de r\u00e9pondre une \u00e9tude d'Adobe. Pour ce faire, 1000 collaborateurs ont \u00e9t\u00e9 interrog\u00e9s aux \u00c9tats-Unis, en Grande-Bretagne, en Australie, en Inde et au Japon. Les facteurs socio-\u00e9conomiques omnipr\u00e9sents tels que l'inflation, la r\u00e9cession, les licenciements et les troubles mondiaux ont \u00e9galement \u00e9t\u00e9 pris en compte.<\/p>\n<h3>La num\u00e9risation a un impact positif sur le travail<\/h3>\n<p>Les r\u00e9sultats montrent que : Les petites entreprises du monde entier ont un besoin de rattrapage num\u00e9rique. Ainsi, 88 pour cent des PME indiquent qu'une technologie insuffisante nuirait \u00e0 la productivit\u00e9 de leur entreprise. 55 pour cent des PME interrog\u00e9es d\u00e9clarent en outre qu'au moins la moiti\u00e9 du travail dans leur entreprise se fait encore sur papier. En raison de processus de travail obsol\u00e8tes, la moiti\u00e9 des PME (58 %) perdent entre deux et quatre heures de productivit\u00e9 par jour. De m\u00eame, un nombre presque unanime de PME (85 %) pensent que l'automatisation augmente la productivit\u00e9 de leur entreprise. Un pourcentage encore plus \u00e9lev\u00e9 (92 %) de collaborateurs* dans les PME qui utilisent l'IA affirment que la technologie pilot\u00e9e par l'IA a un impact positif sur leurs processus de travail.<\/p>\n<h3>Une bonne technologie augmente l'attractivit\u00e9 du lieu de travail<\/h3>\n<p>L'\"aptitude num\u00e9rique\" d'une PME est \u00e9galement d\u00e9terminante pour les postes \u00e0 pourvoir. En effet, presque tous les salari\u00e9s (92 %) des PME interrog\u00e9es d\u00e9clarent que la technologie de travail est un facteur qui d\u00e9termine s'ils acceptent un poste dans une nouvelle entreprise, pr\u00e8s d'un quart d'entre eux d\u00e9clarant m\u00eame qu'il s'agit d'un facteur important.<br \/>\n(24 %) affirme qu'elle est \"absolument essentielle\", car son succ\u00e8s d\u00e9pend d'une bonne technologie. Les personnes interrog\u00e9es d\u00e9clarent en outre accorder une grande importance aux technologies qui favorisent la collaboration au sein d'\u00e9quipes d\u00e9centralis\u00e9es, notamment les outils de vid\u00e9oconf\u00e9rence, mais aussi la gestion num\u00e9rique des documents - les PDF et les e-scans occupent ici la premi\u00e8re place des technologies indispensables \u00e0 leurs yeux, les outils de collaboration et la vid\u00e9oconf\u00e9rence la deuxi\u00e8me et la troisi\u00e8me.<\/p>\n<h3>Des logiciels pour rattraper le retard num\u00e9rique<\/h3>\n<p>\"Les documents num\u00e9riques sont un \u00e9l\u00e9ment essentiel de notre activit\u00e9. Nous les utilisons pour tout, des factures aux contrats en passant par les catalogues de produits\", explique Sofiya Deva, fondatrice de <em>The Postcard Edit<\/em>. \"Nous trouvons par exemple qu'il est fluide et facile de traiter, de partager et de conclure des contrats avec Acrobat. Nous sommes actifs dans le monde entier et travaillons aussi bien avec de grands d\u00e9taillants qu'avec de jeunes designers*. Les PDF nous aident \u00e0 communiquer de mani\u00e8re professionnelle tout en \u00e9tant agile et conviviale\".<\/p>\n<p>Une bonne technologie aide donc les petites entreprises non seulement \u00e0 \u00eatre plus productives, mais aussi \u00e0 attirer des collaborateurs qualifi\u00e9s*. L'automatisation et l'IA restent les mots-cl\u00e9s du moment lorsqu'il s'agit d'effectuer le travail de mani\u00e8re plus intelligente et plus rapide, conclut l'\u00e9tude d'Adobe.<\/p>\n<p><em>Source : <a href=\"http:\/\/www.adobe.de\">Adobe<\/a><\/em><\/p>","protected":false},"excerpt":{"rendered":"<p>Adobe a r\u00e9cemment command\u00e9 une \u00e9tude intitul\u00e9e \"The Future of Digital Work\", dans le cadre de laquelle plus de 1000 employ\u00e9s de PME du monde entier ont \u00e9t\u00e9 interrog\u00e9s sur la question de savoir si la technologie favorise ou entrave la productivit\u00e9 des petites entreprises. <\/p>","protected":false},"author":4,"featured_media":19992,"comment_status":"closed","ping_status":"closed","sticky":false,"template":"","format":"standard","meta":{"_acf_changed":false,"_yoast_wpseo_focuskw":"digitalen Nachholbedarf","_yoast_wpseo_metadesc":"Angestellte von KMU weltweit wurden befragt, wie es um die Technologie am Arbeitsplatz aussieht. Fazit: Viele haben digitalen Nachholbedarf.","articlekey":"","footnotes":""},"categories":[582],"tags":[51,156,459],"class_list":["post-19991","post","type-post","status-publish","format-standard","has-post-thumbnail","hentry","category-operational-excellence","tag-arbeitsplatzgestaltung","tag-digitalisierung","tag-studie"],"acf":[],"yoast_head":"<!-- This site is optimized with the Yoast SEO plugin v27.4 - https:\/\/yoast.com\/product\/yoast-seo-wordpress\/ -->\n<title>KMU haben weltweit digitalen Nachholbedarf - Organisator<\/title>\n<meta name=\"description\" content=\"Angestellte von KMU weltweit wurden befragt, wie es um die Technologie am Arbeitsplatz aussieht. Fazit: Viele haben digitalen Nachholbedarf.\" \/>\n<meta name=\"robots\" content=\"index, follow, max-snippet:-1, max-image-preview:large, max-video-preview:-1\" \/>\n<link rel=\"canonical\" href=\"https:\/\/www.organisator.ch\/fr\/excellence-operationnelle\/2023-05-02\/kmu-haben-weltweit-digitalen-nachholbedarf\/\" \/>\n<meta property=\"og:locale\" content=\"fr_FR\" \/>\n<meta property=\"og:type\" content=\"article\" \/>\n<meta property=\"og:title\" content=\"KMU haben weltweit digitalen Nachholbedarf\" \/>\n<meta property=\"og:description\" content=\"Angestellte von KMU weltweit wurden befragt, wie es um die Technologie am Arbeitsplatz aussieht. Fazit: Viele haben digitalen Nachholbedarf.\" \/>\n<meta property=\"og:url\" content=\"https:\/\/www.organisator.ch\/fr\/excellence-operationnelle\/2023-05-02\/kmu-haben-weltweit-digitalen-nachholbedarf\/\" \/>\n<meta property=\"og:site_name\" content=\"Organisator\" \/>\n<meta property=\"article:publisher\" content=\"https:\/\/www.facebook.com\/OrganisatorFachmagazin\" \/>\n<meta property=\"article:published_time\" content=\"2023-05-02T06:03:00+00:00\" \/>\n<meta property=\"og:image\" content=\"https:\/\/www.organisator.ch\/wp-content\/uploads\/2023\/05\/KMU-haben-weltweit-digitalen-Nachholbedarf_Organisator.jpg\" \/>\n\t<meta property=\"og:image:width\" content=\"680\" \/>\n\t<meta property=\"og:image:height\" content=\"340\" \/>\n\t<meta property=\"og:image:type\" content=\"image\/jpeg\" \/>\n<meta name=\"author\" content=\"thomas.berner\" \/>\n<meta name=\"twitter:card\" content=\"summary_large_image\" \/>\n<meta name=\"twitter:title\" content=\"#KMU haben weltweit digitalen #Nachholbedarf\" \/>\n<meta name=\"twitter:description\" content=\"Angestellte von #KMU weltweit wurden befragt, wie es um die Technologie am Arbeitsplatz aussieht. Fazit: Viele haben digitalen #Nachholbedarf.\" \/>\n<meta name=\"twitter:image\" content=\"https:\/\/www.organisator.ch\/wp-content\/uploads\/2023\/05\/KMU-haben-weltweit-digitalen-Nachholbedarf_Organisator.jpg\" \/>\n<script type=\"application\/ld+json\" class=\"yoast-schema-graph\">{\"@context\":\"https:\\\/\\\/schema.org\",\"@graph\":[{\"@type\":\"Article\",\"@id\":\"https:\\\/\\\/www.organisator.ch\\\/operational-excellence\\\/2023-05-02\\\/kmu-haben-weltweit-digitalen-nachholbedarf\\\/#article\",\"isPartOf\":{\"@id\":\"https:\\\/\\\/www.organisator.ch\\\/operational-excellence\\\/2023-05-02\\\/kmu-haben-weltweit-digitalen-nachholbedarf\\\/\"},\"author\":{\"name\":\"thomas.berner\",\"@id\":\"https:\\\/\\\/www.organisator.ch\\\/#\\\/schema\\\/person\\\/6f650f90b2842cd4c0cc334b4e36f67e\"},\"headline\":\"KMU haben weltweit digitalen Nachholbedarf\",\"datePublished\":\"2023-05-02T06:03:00+00:00\",\"mainEntityOfPage\":{\"@id\":\"https:\\\/\\\/www.organisator.ch\\\/operational-excellence\\\/2023-05-02\\\/kmu-haben-weltweit-digitalen-nachholbedarf\\\/\"},\"wordCount\":447,\"publisher\":{\"@id\":\"https:\\\/\\\/www.organisator.ch\\\/#organization\"},\"image\":{\"@id\":\"https:\\\/\\\/www.organisator.ch\\\/operational-excellence\\\/2023-05-02\\\/kmu-haben-weltweit-digitalen-nachholbedarf\\\/#primaryimage\"},\"thumbnailUrl\":\"https:\\\/\\\/www.organisator.ch\\\/wp-content\\\/uploads\\\/2023\\\/05\\\/KMU-haben-weltweit-digitalen-Nachholbedarf_Organisator.jpg\",\"keywords\":[\"Arbeitsplatzgestaltung\",\"Digitalisierung\",\"Studie\"],\"articleSection\":[\"OPERATIONAL EXCELLENCE\"],\"inLanguage\":\"fr-FR\"},{\"@type\":\"WebPage\",\"@id\":\"https:\\\/\\\/www.organisator.ch\\\/operational-excellence\\\/2023-05-02\\\/kmu-haben-weltweit-digitalen-nachholbedarf\\\/\",\"url\":\"https:\\\/\\\/www.organisator.ch\\\/operational-excellence\\\/2023-05-02\\\/kmu-haben-weltweit-digitalen-nachholbedarf\\\/\",\"name\":\"KMU haben weltweit digitalen Nachholbedarf - Organisator\",\"isPartOf\":{\"@id\":\"https:\\\/\\\/www.organisator.ch\\\/#website\"},\"primaryImageOfPage\":{\"@id\":\"https:\\\/\\\/www.organisator.ch\\\/operational-excellence\\\/2023-05-02\\\/kmu-haben-weltweit-digitalen-nachholbedarf\\\/#primaryimage\"},\"image\":{\"@id\":\"https:\\\/\\\/www.organisator.ch\\\/operational-excellence\\\/2023-05-02\\\/kmu-haben-weltweit-digitalen-nachholbedarf\\\/#primaryimage\"},\"thumbnailUrl\":\"https:\\\/\\\/www.organisator.ch\\\/wp-content\\\/uploads\\\/2023\\\/05\\\/KMU-haben-weltweit-digitalen-Nachholbedarf_Organisator.jpg\",\"datePublished\":\"2023-05-02T06:03:00+00:00\",\"description\":\"Angestellte von KMU weltweit wurden befragt, wie es um die Technologie am Arbeitsplatz aussieht. Fazit: Viele haben digitalen Nachholbedarf.\",\"breadcrumb\":{\"@id\":\"https:\\\/\\\/www.organisator.ch\\\/operational-excellence\\\/2023-05-02\\\/kmu-haben-weltweit-digitalen-nachholbedarf\\\/#breadcrumb\"},\"inLanguage\":\"fr-FR\",\"potentialAction\":[{\"@type\":\"ReadAction\",\"target\":[\"https:\\\/\\\/www.organisator.ch\\\/operational-excellence\\\/2023-05-02\\\/kmu-haben-weltweit-digitalen-nachholbedarf\\\/\"]}]},{\"@type\":\"ImageObject\",\"inLanguage\":\"fr-FR\",\"@id\":\"https:\\\/\\\/www.organisator.ch\\\/operational-excellence\\\/2023-05-02\\\/kmu-haben-weltweit-digitalen-nachholbedarf\\\/#primaryimage\",\"url\":\"https:\\\/\\\/www.organisator.ch\\\/wp-content\\\/uploads\\\/2023\\\/05\\\/KMU-haben-weltweit-digitalen-Nachholbedarf_Organisator.jpg\",\"contentUrl\":\"https:\\\/\\\/www.organisator.ch\\\/wp-content\\\/uploads\\\/2023\\\/05\\\/KMU-haben-weltweit-digitalen-Nachholbedarf_Organisator.jpg\",\"width\":680,\"height\":340,\"caption\":\"Viele KMU weltweit haben immer noch digitalen Nachholbedarf, wie eine neue Studie festgestellt hat. (Bild: Pixabay.com)\"},{\"@type\":\"BreadcrumbList\",\"@id\":\"https:\\\/\\\/www.organisator.ch\\\/operational-excellence\\\/2023-05-02\\\/kmu-haben-weltweit-digitalen-nachholbedarf\\\/#breadcrumb\",\"itemListElement\":[{\"@type\":\"ListItem\",\"position\":1,\"name\":\"Home\",\"item\":\"https:\\\/\\\/www.organisator.ch\\\/\"},{\"@type\":\"ListItem\",\"position\":2,\"name\":\"KMU haben weltweit digitalen Nachholbedarf\"}]},{\"@type\":\"WebSite\",\"@id\":\"https:\\\/\\\/www.organisator.ch\\\/#website\",\"url\":\"https:\\\/\\\/www.organisator.ch\\\/\",\"name\":\"Organisator\",\"description\":\"Kompetent. Praxisnah. Der ORGANISATOR bereitet in 10 Ausgaben pro Jahr die wesentlichen Themen f\u00fcr F\u00fchrungskr\u00e4fte von KMU auf.\",\"publisher\":{\"@id\":\"https:\\\/\\\/www.organisator.ch\\\/#organization\"},\"potentialAction\":[{\"@type\":\"SearchAction\",\"target\":{\"@type\":\"EntryPoint\",\"urlTemplate\":\"https:\\\/\\\/www.organisator.ch\\\/?s={search_term_string}\"},\"query-input\":{\"@type\":\"PropertyValueSpecification\",\"valueRequired\":true,\"valueName\":\"search_term_string\"}}],\"inLanguage\":\"fr-FR\"},{\"@type\":\"Organization\",\"@id\":\"https:\\\/\\\/www.organisator.ch\\\/#organization\",\"name\":\"Organisator\",\"url\":\"https:\\\/\\\/www.organisator.ch\\\/\",\"logo\":{\"@type\":\"ImageObject\",\"inLanguage\":\"fr-FR\",\"@id\":\"https:\\\/\\\/www.organisator.ch\\\/#\\\/schema\\\/logo\\\/image\\\/\",\"url\":\"https:\\\/\\\/www.organisator.ch\\\/wp-content\\\/uploads\\\/2022\\\/01\\\/Logo_Organisator_Website.png\",\"contentUrl\":\"https:\\\/\\\/www.organisator.ch\\\/wp-content\\\/uploads\\\/2022\\\/01\\\/Logo_Organisator_Website.png\",\"width\":800,\"height\":77,\"caption\":\"Organisator\"},\"image\":{\"@id\":\"https:\\\/\\\/www.organisator.ch\\\/#\\\/schema\\\/logo\\\/image\\\/\"},\"sameAs\":[\"https:\\\/\\\/www.facebook.com\\\/OrganisatorFachmagazin\",\"https:\\\/\\\/www.linkedin.com\\\/showcase\\\/organisator-das-magazin-fr-kmu\",\"https:\\\/\\\/www.xing.com\\\/news\\\/pages\\\/organisator-ch-695\",\"https:\\\/\\\/www.youtube.com\\\/channel\\\/UCGP2Sq0iWaZwT3BdIAQFYpw\"]},{\"@type\":\"Person\",\"@id\":\"https:\\\/\\\/www.organisator.ch\\\/#\\\/schema\\\/person\\\/6f650f90b2842cd4c0cc334b4e36f67e\",\"name\":\"thomas.berner\",\"image\":{\"@type\":\"ImageObject\",\"inLanguage\":\"fr-FR\",\"@id\":\"https:\\\/\\\/secure.gravatar.com\\\/avatar\\\/ac5001d2a36cb6c6cd3e50789007ffca834b477b74a2144564522e944eabff61?s=96&d=mm&r=g\",\"url\":\"https:\\\/\\\/secure.gravatar.com\\\/avatar\\\/ac5001d2a36cb6c6cd3e50789007ffca834b477b74a2144564522e944eabff61?s=96&d=mm&r=g\",\"contentUrl\":\"https:\\\/\\\/secure.gravatar.com\\\/avatar\\\/ac5001d2a36cb6c6cd3e50789007ffca834b477b74a2144564522e944eabff61?s=96&d=mm&r=g\",\"caption\":\"thomas.berner\"},\"url\":\"https:\\\/\\\/www.organisator.ch\\\/fr\\\/author\\\/thomas-berner\\\/\"}]}<\/script>\n<!-- \/ Yoast SEO plugin. -->","yoast_head_json":{"title":"Les PME ont un retard num\u00e9rique \u00e0 rattraper dans le monde entier - Organisateur","description":"Des employ\u00e9s de PME du monde entier ont \u00e9t\u00e9 interrog\u00e9s sur la situation en mati\u00e8re de technologie sur le lieu de travail. Conclusion : beaucoup ont un retard \u00e0 rattraper en mati\u00e8re de num\u00e9rique.","robots":{"index":"index","follow":"follow","max-snippet":"max-snippet:-1","max-image-preview":"max-image-preview:large","max-video-preview":"max-video-preview:-1"},"canonical":"https:\/\/www.organisator.ch\/fr\/excellence-operationnelle\/2023-05-02\/kmu-haben-weltweit-digitalen-nachholbedarf\/","og_locale":"fr_FR","og_type":"article","og_title":"KMU haben weltweit digitalen Nachholbedarf","og_description":"Angestellte von KMU weltweit wurden befragt, wie es um die Technologie am Arbeitsplatz aussieht. Fazit: Viele haben digitalen Nachholbedarf.","og_url":"https:\/\/www.organisator.ch\/fr\/excellence-operationnelle\/2023-05-02\/kmu-haben-weltweit-digitalen-nachholbedarf\/","og_site_name":"Organisator","article_publisher":"https:\/\/www.facebook.com\/OrganisatorFachmagazin","article_published_time":"2023-05-02T06:03:00+00:00","og_image":[{"width":680,"height":340,"url":"https:\/\/www.organisator.ch\/wp-content\/uploads\/2023\/05\/KMU-haben-weltweit-digitalen-Nachholbedarf_Organisator.jpg","type":"image\/jpeg"}],"author":"thomas.berner","twitter_card":"summary_large_image","twitter_title":"#KMU haben weltweit digitalen #Nachholbedarf","twitter_description":"Angestellte von #KMU weltweit wurden befragt, wie es um die Technologie am Arbeitsplatz aussieht. Fazit: Viele haben digitalen #Nachholbedarf.","twitter_image":"https:\/\/www.organisator.ch\/wp-content\/uploads\/2023\/05\/KMU-haben-weltweit-digitalen-Nachholbedarf_Organisator.jpg","schema":{"@context":"https:\/\/schema.org","@graph":[{"@type":"Article","@id":"https:\/\/www.organisator.ch\/operational-excellence\/2023-05-02\/kmu-haben-weltweit-digitalen-nachholbedarf\/#article","isPartOf":{"@id":"https:\/\/www.organisator.ch\/operational-excellence\/2023-05-02\/kmu-haben-weltweit-digitalen-nachholbedarf\/"},"author":{"name":"thomas.berner","@id":"https:\/\/www.organisator.ch\/#\/schema\/person\/6f650f90b2842cd4c0cc334b4e36f67e"},"headline":"KMU haben weltweit digitalen Nachholbedarf","datePublished":"2023-05-02T06:03:00+00:00","mainEntityOfPage":{"@id":"https:\/\/www.organisator.ch\/operational-excellence\/2023-05-02\/kmu-haben-weltweit-digitalen-nachholbedarf\/"},"wordCount":447,"publisher":{"@id":"https:\/\/www.organisator.ch\/#organization"},"image":{"@id":"https:\/\/www.organisator.ch\/operational-excellence\/2023-05-02\/kmu-haben-weltweit-digitalen-nachholbedarf\/#primaryimage"},"thumbnailUrl":"https:\/\/www.organisator.ch\/wp-content\/uploads\/2023\/05\/KMU-haben-weltweit-digitalen-Nachholbedarf_Organisator.jpg","keywords":["Arbeitsplatzgestaltung","Digitalisierung","Studie"],"articleSection":["OPERATIONAL EXCELLENCE"],"inLanguage":"fr-FR"},{"@type":"WebPage","@id":"https:\/\/www.organisator.ch\/operational-excellence\/2023-05-02\/kmu-haben-weltweit-digitalen-nachholbedarf\/","url":"https:\/\/www.organisator.ch\/operational-excellence\/2023-05-02\/kmu-haben-weltweit-digitalen-nachholbedarf\/","name":"Les PME ont un retard num\u00e9rique \u00e0 rattraper dans le monde entier - Organisateur","isPartOf":{"@id":"https:\/\/www.organisator.ch\/#website"},"primaryImageOfPage":{"@id":"https:\/\/www.organisator.ch\/operational-excellence\/2023-05-02\/kmu-haben-weltweit-digitalen-nachholbedarf\/#primaryimage"},"image":{"@id":"https:\/\/www.organisator.ch\/operational-excellence\/2023-05-02\/kmu-haben-weltweit-digitalen-nachholbedarf\/#primaryimage"},"thumbnailUrl":"https:\/\/www.organisator.ch\/wp-content\/uploads\/2023\/05\/KMU-haben-weltweit-digitalen-Nachholbedarf_Organisator.jpg","datePublished":"2023-05-02T06:03:00+00:00","description":"Des employ\u00e9s de PME du monde entier ont \u00e9t\u00e9 interrog\u00e9s sur la situation en mati\u00e8re de technologie sur le lieu de travail. Conclusion : beaucoup ont un retard \u00e0 rattraper en mati\u00e8re de num\u00e9rique.","breadcrumb":{"@id":"https:\/\/www.organisator.ch\/operational-excellence\/2023-05-02\/kmu-haben-weltweit-digitalen-nachholbedarf\/#breadcrumb"},"inLanguage":"fr-FR","potentialAction":[{"@type":"ReadAction","target":["https:\/\/www.organisator.ch\/operational-excellence\/2023-05-02\/kmu-haben-weltweit-digitalen-nachholbedarf\/"]}]},{"@type":"ImageObject","inLanguage":"fr-FR","@id":"https:\/\/www.organisator.ch\/operational-excellence\/2023-05-02\/kmu-haben-weltweit-digitalen-nachholbedarf\/#primaryimage","url":"https:\/\/www.organisator.ch\/wp-content\/uploads\/2023\/05\/KMU-haben-weltweit-digitalen-Nachholbedarf_Organisator.jpg","contentUrl":"https:\/\/www.organisator.ch\/wp-content\/uploads\/2023\/05\/KMU-haben-weltweit-digitalen-Nachholbedarf_Organisator.jpg","width":680,"height":340,"caption":"Viele KMU weltweit haben immer noch digitalen Nachholbedarf, wie eine neue Studie festgestellt hat. (Bild: Pixabay.com)"},{"@type":"BreadcrumbList","@id":"https:\/\/www.organisator.ch\/operational-excellence\/2023-05-02\/kmu-haben-weltweit-digitalen-nachholbedarf\/#breadcrumb","itemListElement":[{"@type":"ListItem","position":1,"name":"Home","item":"https:\/\/www.organisator.ch\/"},{"@type":"ListItem","position":2,"name":"KMU haben weltweit digitalen Nachholbedarf"}]},{"@type":"WebSite","@id":"https:\/\/www.organisator.ch\/#website","url":"https:\/\/www.organisator.ch\/","name":"Organisateur","description":"Comp\u00e9tence et comp\u00e9tence. Proches de la pratique. L'ORGANISATEUR pr\u00e9pare 10 num\u00e9ros par an sur les th\u00e8mes essentiels pour les dirigeants de PME.","publisher":{"@id":"https:\/\/www.organisator.ch\/#organization"},"potentialAction":[{"@type":"SearchAction","target":{"@type":"EntryPoint","urlTemplate":"https:\/\/www.organisator.ch\/?s={search_term_string}"},"query-input":{"@type":"PropertyValueSpecification","valueRequired":true,"valueName":"search_term_string"}}],"inLanguage":"fr-FR"},{"@type":"Organization","@id":"https:\/\/www.organisator.ch\/#organization","name":"Organisateur","url":"https:\/\/www.organisator.ch\/","logo":{"@type":"ImageObject","inLanguage":"fr-FR","@id":"https:\/\/www.organisator.ch\/#\/schema\/logo\/image\/","url":"https:\/\/www.organisator.ch\/wp-content\/uploads\/2022\/01\/Logo_Organisator_Website.png","contentUrl":"https:\/\/www.organisator.ch\/wp-content\/uploads\/2022\/01\/Logo_Organisator_Website.png","width":800,"height":77,"caption":"Organisator"},"image":{"@id":"https:\/\/www.organisator.ch\/#\/schema\/logo\/image\/"},"sameAs":["https:\/\/www.facebook.com\/OrganisatorFachmagazin","https:\/\/www.linkedin.com\/showcase\/organisator-das-magazin-fr-kmu","https:\/\/www.xing.com\/news\/pages\/organisator-ch-695","https:\/\/www.youtube.com\/channel\/UCGP2Sq0iWaZwT3BdIAQFYpw"]},{"@type":"Person","@id":"https:\/\/www.organisator.ch\/#\/schema\/person\/6f650f90b2842cd4c0cc334b4e36f67e","name":"thomas.berner","image":{"@type":"ImageObject","inLanguage":"fr-FR","@id":"https:\/\/secure.gravatar.com\/avatar\/ac5001d2a36cb6c6cd3e50789007ffca834b477b74a2144564522e944eabff61?s=96&d=mm&r=g","url":"https:\/\/secure.gravatar.com\/avatar\/ac5001d2a36cb6c6cd3e50789007ffca834b477b74a2144564522e944eabff61?s=96&d=mm&r=g","contentUrl":"https:\/\/secure.gravatar.com\/avatar\/ac5001d2a36cb6c6cd3e50789007ffca834b477b74a2144564522e944eabff61?s=96&d=mm&r=g","caption":"thomas.berner"},"url":"https:\/\/www.organisator.ch\/fr\/author\/thomas-berner\/"}]}},"_links":{"self":[{"href":"https:\/\/www.organisator.ch\/fr\/wp-json\/wp\/v2\/posts\/19991","targetHints":{"allow":["GET"]}}],"collection":[{"href":"https:\/\/www.organisator.ch\/fr\/wp-json\/wp\/v2\/posts"}],"about":[{"href":"https:\/\/www.organisator.ch\/fr\/wp-json\/wp\/v2\/types\/post"}],"author":[{"embeddable":true,"href":"https:\/\/www.organisator.ch\/fr\/wp-json\/wp\/v2\/users\/4"}],"replies":[{"embeddable":true,"href":"https:\/\/www.organisator.ch\/fr\/wp-json\/wp\/v2\/comments?post=19991"}],"version-history":[{"count":1,"href":"https:\/\/www.organisator.ch\/fr\/wp-json\/wp\/v2\/posts\/19991\/revisions"}],"predecessor-version":[{"id":19993,"href":"https:\/\/www.organisator.ch\/fr\/wp-json\/wp\/v2\/posts\/19991\/revisions\/19993"}],"wp:featuredmedia":[{"embeddable":true,"href":"https:\/\/www.organisator.ch\/fr\/wp-json\/wp\/v2\/media\/19992"}],"wp:attachment":[{"href":"https:\/\/www.organisator.ch\/fr\/wp-json\/wp\/v2\/media?parent=19991"}],"wp:term":[{"taxonomy":"category","embeddable":true,"href":"https:\/\/www.organisator.ch\/fr\/wp-json\/wp\/v2\/categories?post=19991"},{"taxonomy":"post_tag","embeddable":true,"href":"https:\/\/www.organisator.ch\/fr\/wp-json\/wp\/v2\/tags?post=19991"}],"curies":[{"name":"wp","href":"https:\/\/api.w.org\/{rel}","templated":true}]}}