{"id":200,"date":"2016-01-28T14:28:33","date_gmt":"2016-01-28T13:28:33","guid":{"rendered":"https:\/\/dev.umweltperspektiven.ch\/?p=200"},"modified":"2022-02-09T11:10:15","modified_gmt":"2022-02-09T10:10:15","slug":"neue-strategie-nachhaltige-entwicklung-fuer-die-schweiz","status":"publish","type":"post","link":"https:\/\/www.organisator.ch\/fr\/sustainability\/2016-01-28\/neue-strategie-nachhaltige-entwicklung-fuer-die-schweiz\/","title":{"rendered":"Nouvelle strat\u00e9gie de d\u00e9veloppement durable pour la Suisse"},"content":{"rendered":"<figure id=\"attachment_201\" aria-describedby=\"caption-attachment-201\" style=\"width: 680px\" class=\"wp-caption alignnone\"><a href=\"\/\/dev.umweltperspektiven.ch\/wp-content\/uploads\/2016\/12\/Neue-Strategie-Nachhaltige-Entwicklung-f\u00fcr-die-Schweiz-umweltperspektiven.jpg\"><img loading=\"lazy\" decoding=\"async\" class=\"size-medium wp-image-201\" src=\"\/\/dev.umweltperspektiven.ch\/wp-content\/uploads\/2016\/12\/Neue-Strategie-Nachhaltige-Entwicklung-f\u00fcr-die-Schweiz-umweltperspektiven.jpg\" alt=\"La nouvelle Strat\u00e9gie pour le d\u00e9veloppement durable contient pour la premi\u00e8re fois une vision \u00e0 long terme et des objectifs concrets pour 2030.\" width=\"680\" height=\"454\" \/><\/a><figcaption id=\"caption-attachment-201\" class=\"wp-caption-text\">La nouvelle Strat\u00e9gie pour le d\u00e9veloppement durable contient pour la premi\u00e8re fois une vision \u00e0 long terme et des objectifs concrets pour 2030.<\/figcaption><\/figure>\n<p>L'objectif de la Strat\u00e9gie pour le d\u00e9veloppement durable (SDD) 2016-2019 est de garantir une politique de d\u00e9veloppement durable coh\u00e9rente au niveau f\u00e9d\u00e9ral. Outre les lignes directrices du Conseil f\u00e9d\u00e9ral, elle contient d\u00e9sormais une vision \u00e0 long terme et des objectifs concrets pour 2030. La SDD doit ainsi servir de guide aux responsables politiques des trois niveaux de l'\u00c9tat, mais aussi \u00e0 l'\u00e9conomie, \u00e0 la soci\u00e9t\u00e9 civile et aux milieux scientifiques, afin de d\u00e9terminer dans quelle direction la Suisse doit \u00e9voluer dans des domaines importants.<\/p>\n<p><strong>La Suisse poursuit ses objectifs en r\u00e9seau<\/strong><\/p>\n<p>Le d\u00e9veloppement durable est souvent une t\u00e2che transfrontali\u00e8re qui n\u00e9cessite une coordination entre les \u00c9tats. C'est le cas par exemple du r\u00e9chauffement climatique ou de l'impact global de notre consommation. L'\"Agenda 2030 pour le d\u00e9veloppement durable\" mondial et les objectifs adopt\u00e9s par l'ONU, les \"Sustainable Development Goals\", ont cr\u00e9\u00e9 les conditions n\u00e9cessaires \u00e0 cet effet.<\/p>\n<p>L'\"Agenda 2030 pour le d\u00e9veloppement durable\" sert \u00e0 relever des d\u00e9fis tels que l'\u00e9radication de la pauvret\u00e9 ou la protection de l'environnement \u00e0 l'\u00e9chelle mondiale. La Strat\u00e9gie pour le d\u00e9veloppement durable les reprend en mettant un nouvel accent sur l'engagement international de la Suisse et la coordination entre sa politique int\u00e9rieure et sa politique ext\u00e9rieure.<\/p>\n<p><strong>Un plan d'action avec un cadre d'objectifs \u00e0 long terme<\/strong><\/p>\n<p>La pi\u00e8ce ma\u00eetresse de la SDD est le plan d'action. Celui-ci est structur\u00e9 en neuf champs d'action th\u00e9matiques relatifs aux domaines politiques prioritaires du d\u00e9veloppement durable. Les champs d'action comprennent par exemple la comp\u00e9titivit\u00e9 et la r\u00e9sistance du syst\u00e8me \u00e9conomique et financier suisse, la pr\u00e9servation des ressources naturelles, la s\u00e9curit\u00e9 sociale, la coh\u00e9sion sociale et l'\u00e9galit\u00e9 entre les sexes.<\/p>\n<p>Les champs d'action contiennent chacun une vision \u00e0 long terme, concr\u00e9tis\u00e9e par des objectifs \u00e0 moyen terme. Les objectifs correspondent aux priorit\u00e9s du Conseil f\u00e9d\u00e9ral pour le d\u00e9veloppement durable de la Suisse jusqu'en 2030. Dans ce contexte, le Conseil f\u00e9d\u00e9ral a d\u00e9j\u00e0 pris en compte une partie des \"Sustainable Development Goals\". Les mesures du plan d'action d\u00e9crivent des activit\u00e9s de politique int\u00e9rieure que le Conseil f\u00e9d\u00e9ral entend mettre en \u0153uvre entre 2016 et 2019.<\/p>\n<p><strong>Une \u00e9troite collaboration pour la mise en \u0153uvre<\/strong><\/p>\n<p>La politique de d\u00e9veloppement durable est un processus \u00e0 long terme qui n\u00e9cessite une collaboration entre tous les niveaux de l'Etat ainsi que des partenaires issus de l'\u00e9conomie, de la soci\u00e9t\u00e9 civile et de la science. C'est pourquoi l'Office f\u00e9d\u00e9ral du d\u00e9veloppement territorial (ARE) a associ\u00e9 ces acteurs au processus de renouvellement de la SDD dans le cadre d'un dialogue avec les parties prenantes. Les r\u00e9sultats de ce dialogue ont servi de base \u00e0 la pr\u00e9sente strat\u00e9gie. La conception et la mise en \u0153uvre futures du d\u00e9veloppement durable doivent \u00e9galement se faire en \u00e9troite collaboration avec les cantons, les communes et d'autres acteurs. Pour ce faire, on s'efforcera par exemple de renforcer la collaboration intercantonale dans le domaine du d\u00e9veloppement durable.<\/p>\n<p>(ARE)<\/p>","protected":false},"excerpt":{"rendered":"<p>Ziel der Strategie Nachhaltige Entwicklung (SNE) 2016-2019 ist es, auf Bundesebene eine koh\u00e4rente Nachhaltigkeitspolitik sicherzustellen. Neben den Leitlinien des Bundesrats enth\u00e4lt sie neu auch eine langfristige Vision und konkrete Ziele f\u00fcr 2030. Damit soll die SNE f\u00fcr die Politik auf allen drei Staatsebenen, aber auch f\u00fcr die Wirtschaft, die Zivilgesellschaft und die Wissenschaft eine Orientierungshilfe [&hellip;]<\/p>\n","protected":false},"author":1,"featured_media":201,"comment_status":"open","ping_status":"open","sticky":false,"template":"","format":"standard","meta":{"_acf_changed":false,"_yoast_wpseo_focuskw":"Entwicklung","_yoast_wpseo_metadesc":"Der Bundesrat hat die \u00abStrategie Nachhaltige Entwicklung 2016-2019\u00bb verabschiedet. Die Strategie beinhaltet Visionen f\u00fcr eine nachhaltigere Schweiz.","articlekey":"","footnotes":""},"categories":[580],"tags":[644,100,1760,1787,458],"class_list":["post-200","post","type-post","status-publish","format-standard","has-post-thumbnail","hentry","category-sustainability","tag-644","tag-bundesrat","tag-nachhaltige-entwicklung","tag-nachhaltigkeit","tag-strategie"],"acf":[],"yoast_head":"<!-- This site is optimized with the Yoast SEO plugin v27.4 - https:\/\/yoast.com\/product\/yoast-seo-wordpress\/ -->\n<title>Neue Strategie Nachhaltige Entwicklung f\u00fcr die Schweiz - Organisator<\/title>\n<meta name=\"description\" content=\"Der Bundesrat hat die \u00abStrategie Nachhaltige Entwicklung 2016-2019\u00bb verabschiedet. Die Strategie beinhaltet Visionen f\u00fcr eine nachhaltigere Schweiz.\" \/>\n<meta name=\"robots\" content=\"index, follow, max-snippet:-1, max-image-preview:large, max-video-preview:-1\" \/>\n<link rel=\"canonical\" href=\"https:\/\/www.organisator.ch\/fr\/sustainability\/2016-01-28\/neue-strategie-nachhaltige-entwicklung-fuer-die-schweiz\/\" \/>\n<meta property=\"og:locale\" content=\"fr_FR\" \/>\n<meta property=\"og:type\" content=\"article\" \/>\n<meta property=\"og:title\" content=\"Neue Strategie Nachhaltige Entwicklung f\u00fcr die Schweiz - Organisator\" \/>\n<meta property=\"og:description\" content=\"Der Bundesrat hat die \u00abStrategie Nachhaltige Entwicklung 2016-2019\u00bb verabschiedet. Die Strategie beinhaltet Visionen f\u00fcr eine nachhaltigere Schweiz.\" \/>\n<meta property=\"og:url\" content=\"https:\/\/www.organisator.ch\/fr\/sustainability\/2016-01-28\/neue-strategie-nachhaltige-entwicklung-fuer-die-schweiz\/\" \/>\n<meta property=\"og:site_name\" content=\"Organisator\" \/>\n<meta property=\"article:publisher\" content=\"https:\/\/www.facebook.com\/OrganisatorFachmagazin\" \/>\n<meta property=\"article:published_time\" content=\"2016-01-28T13:28:33+00:00\" \/>\n<meta property=\"article:modified_time\" content=\"2022-02-09T10:10:15+00:00\" \/>\n<meta property=\"og:image\" content=\"https:\/\/www.organisator.ch\/wp-content\/uploads\/2016\/12\/Neue-Strategie-Nachhaltige-Entwicklung-fuer-die-Schweiz-umweltperspektiven.jpg\" \/>\n\t<meta property=\"og:image:width\" content=\"1000\" \/>\n\t<meta property=\"og:image:height\" content=\"667\" \/>\n\t<meta property=\"og:image:type\" content=\"image\/jpeg\" \/>\n<meta name=\"author\" content=\"admin\" \/>\n<meta name=\"twitter:card\" content=\"summary_large_image\" \/>\n<script type=\"application\/ld+json\" class=\"yoast-schema-graph\">{\"@context\":\"https:\\\/\\\/schema.org\",\"@graph\":[{\"@type\":\"Article\",\"@id\":\"https:\\\/\\\/www.organisator.ch\\\/sustainability\\\/2016-01-28\\\/neue-strategie-nachhaltige-entwicklung-fuer-die-schweiz\\\/#article\",\"isPartOf\":{\"@id\":\"https:\\\/\\\/www.organisator.ch\\\/sustainability\\\/2016-01-28\\\/neue-strategie-nachhaltige-entwicklung-fuer-die-schweiz\\\/\"},\"author\":{\"name\":\"admin\",\"@id\":\"https:\\\/\\\/www.organisator.ch\\\/#\\\/schema\\\/person\\\/aa2bace6c5c5aad60102004a50c4eb1c\"},\"headline\":\"Neue Strategie Nachhaltige Entwicklung f\u00fcr die Schweiz\",\"datePublished\":\"2016-01-28T13:28:33+00:00\",\"dateModified\":\"2022-02-09T10:10:15+00:00\",\"mainEntityOfPage\":{\"@id\":\"https:\\\/\\\/www.organisator.ch\\\/sustainability\\\/2016-01-28\\\/neue-strategie-nachhaltige-entwicklung-fuer-die-schweiz\\\/\"},\"wordCount\":425,\"commentCount\":0,\"publisher\":{\"@id\":\"https:\\\/\\\/www.organisator.ch\\\/#organization\"},\"image\":{\"@id\":\"https:\\\/\\\/www.organisator.ch\\\/sustainability\\\/2016-01-28\\\/neue-strategie-nachhaltige-entwicklung-fuer-die-schweiz\\\/#primaryimage\"},\"thumbnailUrl\":\"https:\\\/\\\/www.organisator.ch\\\/wp-content\\\/uploads\\\/2016\\\/12\\\/Neue-Strategie-Nachhaltige-Entwicklung-fuer-die-Schweiz-umweltperspektiven.jpg\",\"keywords\":[\"2030\",\"Bundesrat\",\"nachhaltige Entwicklung\",\"Nachhaltigkeit\",\"Strategie\"],\"articleSection\":[\"SUSTAINABILITY\"],\"inLanguage\":\"fr-FR\"},{\"@type\":\"WebPage\",\"@id\":\"https:\\\/\\\/www.organisator.ch\\\/sustainability\\\/2016-01-28\\\/neue-strategie-nachhaltige-entwicklung-fuer-die-schweiz\\\/\",\"url\":\"https:\\\/\\\/www.organisator.ch\\\/sustainability\\\/2016-01-28\\\/neue-strategie-nachhaltige-entwicklung-fuer-die-schweiz\\\/\",\"name\":\"Neue Strategie Nachhaltige Entwicklung f\u00fcr die Schweiz - Organisator\",\"isPartOf\":{\"@id\":\"https:\\\/\\\/www.organisator.ch\\\/#website\"},\"primaryImageOfPage\":{\"@id\":\"https:\\\/\\\/www.organisator.ch\\\/sustainability\\\/2016-01-28\\\/neue-strategie-nachhaltige-entwicklung-fuer-die-schweiz\\\/#primaryimage\"},\"image\":{\"@id\":\"https:\\\/\\\/www.organisator.ch\\\/sustainability\\\/2016-01-28\\\/neue-strategie-nachhaltige-entwicklung-fuer-die-schweiz\\\/#primaryimage\"},\"thumbnailUrl\":\"https:\\\/\\\/www.organisator.ch\\\/wp-content\\\/uploads\\\/2016\\\/12\\\/Neue-Strategie-Nachhaltige-Entwicklung-fuer-die-Schweiz-umweltperspektiven.jpg\",\"datePublished\":\"2016-01-28T13:28:33+00:00\",\"dateModified\":\"2022-02-09T10:10:15+00:00\",\"description\":\"Der Bundesrat hat die \u00abStrategie Nachhaltige Entwicklung 2016-2019\u00bb verabschiedet. Die Strategie beinhaltet Visionen f\u00fcr eine nachhaltigere Schweiz.\",\"breadcrumb\":{\"@id\":\"https:\\\/\\\/www.organisator.ch\\\/sustainability\\\/2016-01-28\\\/neue-strategie-nachhaltige-entwicklung-fuer-die-schweiz\\\/#breadcrumb\"},\"inLanguage\":\"fr-FR\",\"potentialAction\":[{\"@type\":\"ReadAction\",\"target\":[\"https:\\\/\\\/www.organisator.ch\\\/sustainability\\\/2016-01-28\\\/neue-strategie-nachhaltige-entwicklung-fuer-die-schweiz\\\/\"]}]},{\"@type\":\"ImageObject\",\"inLanguage\":\"fr-FR\",\"@id\":\"https:\\\/\\\/www.organisator.ch\\\/sustainability\\\/2016-01-28\\\/neue-strategie-nachhaltige-entwicklung-fuer-die-schweiz\\\/#primaryimage\",\"url\":\"https:\\\/\\\/www.organisator.ch\\\/wp-content\\\/uploads\\\/2016\\\/12\\\/Neue-Strategie-Nachhaltige-Entwicklung-fuer-die-Schweiz-umweltperspektiven.jpg\",\"contentUrl\":\"https:\\\/\\\/www.organisator.ch\\\/wp-content\\\/uploads\\\/2016\\\/12\\\/Neue-Strategie-Nachhaltige-Entwicklung-fuer-die-Schweiz-umweltperspektiven.jpg\",\"width\":1000,\"height\":667,\"caption\":\"Die neue Strategie Nachhaltige Entwicklung enth\u00e4lt erstmals eine langfristige Vision und konkrete Ziele f\u00fcr 2030.\"},{\"@type\":\"BreadcrumbList\",\"@id\":\"https:\\\/\\\/www.organisator.ch\\\/sustainability\\\/2016-01-28\\\/neue-strategie-nachhaltige-entwicklung-fuer-die-schweiz\\\/#breadcrumb\",\"itemListElement\":[{\"@type\":\"ListItem\",\"position\":1,\"name\":\"Home\",\"item\":\"https:\\\/\\\/www.organisator.ch\\\/\"},{\"@type\":\"ListItem\",\"position\":2,\"name\":\"Neue Strategie Nachhaltige Entwicklung f\u00fcr die Schweiz\"}]},{\"@type\":\"WebSite\",\"@id\":\"https:\\\/\\\/www.organisator.ch\\\/#website\",\"url\":\"https:\\\/\\\/www.organisator.ch\\\/\",\"name\":\"Organisator\",\"description\":\"Kompetent. Praxisnah. Der ORGANISATOR bereitet in 10 Ausgaben pro Jahr die wesentlichen Themen f\u00fcr F\u00fchrungskr\u00e4fte von KMU auf.\",\"publisher\":{\"@id\":\"https:\\\/\\\/www.organisator.ch\\\/#organization\"},\"potentialAction\":[{\"@type\":\"SearchAction\",\"target\":{\"@type\":\"EntryPoint\",\"urlTemplate\":\"https:\\\/\\\/www.organisator.ch\\\/?s={search_term_string}\"},\"query-input\":{\"@type\":\"PropertyValueSpecification\",\"valueRequired\":true,\"valueName\":\"search_term_string\"}}],\"inLanguage\":\"fr-FR\"},{\"@type\":\"Organization\",\"@id\":\"https:\\\/\\\/www.organisator.ch\\\/#organization\",\"name\":\"Organisator\",\"url\":\"https:\\\/\\\/www.organisator.ch\\\/\",\"logo\":{\"@type\":\"ImageObject\",\"inLanguage\":\"fr-FR\",\"@id\":\"https:\\\/\\\/www.organisator.ch\\\/#\\\/schema\\\/logo\\\/image\\\/\",\"url\":\"https:\\\/\\\/www.organisator.ch\\\/wp-content\\\/uploads\\\/2022\\\/01\\\/Logo_Organisator_Website.png\",\"contentUrl\":\"https:\\\/\\\/www.organisator.ch\\\/wp-content\\\/uploads\\\/2022\\\/01\\\/Logo_Organisator_Website.png\",\"width\":800,\"height\":77,\"caption\":\"Organisator\"},\"image\":{\"@id\":\"https:\\\/\\\/www.organisator.ch\\\/#\\\/schema\\\/logo\\\/image\\\/\"},\"sameAs\":[\"https:\\\/\\\/www.facebook.com\\\/OrganisatorFachmagazin\",\"https:\\\/\\\/www.linkedin.com\\\/showcase\\\/organisator-das-magazin-fr-kmu\",\"https:\\\/\\\/www.xing.com\\\/news\\\/pages\\\/organisator-ch-695\",\"https:\\\/\\\/www.youtube.com\\\/channel\\\/UCGP2Sq0iWaZwT3BdIAQFYpw\"]},{\"@type\":\"Person\",\"@id\":\"https:\\\/\\\/www.organisator.ch\\\/#\\\/schema\\\/person\\\/aa2bace6c5c5aad60102004a50c4eb1c\",\"name\":\"admin\",\"image\":{\"@type\":\"ImageObject\",\"inLanguage\":\"fr-FR\",\"@id\":\"https:\\\/\\\/secure.gravatar.com\\\/avatar\\\/ae2f4d718e6c49043e314ce431e7e645d646302a24a5ef5a8bc8e3f5a032e319?s=96&d=mm&r=g\",\"url\":\"https:\\\/\\\/secure.gravatar.com\\\/avatar\\\/ae2f4d718e6c49043e314ce431e7e645d646302a24a5ef5a8bc8e3f5a032e319?s=96&d=mm&r=g\",\"contentUrl\":\"https:\\\/\\\/secure.gravatar.com\\\/avatar\\\/ae2f4d718e6c49043e314ce431e7e645d646302a24a5ef5a8bc8e3f5a032e319?s=96&d=mm&r=g\",\"caption\":\"admin\"},\"sameAs\":[\"https:\\\/\\\/www.organisator.ch\"],\"url\":\"https:\\\/\\\/www.organisator.ch\\\/fr\\\/author\\\/admin\\\/\"}]}<\/script>\n<!-- \/ Yoast SEO plugin. -->","yoast_head_json":{"title":"Nouvelle strat\u00e9gie de d\u00e9veloppement durable pour la Suisse - Organisateur","description":"Le Conseil f\u00e9d\u00e9ral a adopt\u00e9 la \"Strat\u00e9gie pour le d\u00e9veloppement durable 2016-2019\". Cette strat\u00e9gie contient des visions pour une Suisse plus durable.","robots":{"index":"index","follow":"follow","max-snippet":"max-snippet:-1","max-image-preview":"max-image-preview:large","max-video-preview":"max-video-preview:-1"},"canonical":"https:\/\/www.organisator.ch\/fr\/sustainability\/2016-01-28\/neue-strategie-nachhaltige-entwicklung-fuer-die-schweiz\/","og_locale":"fr_FR","og_type":"article","og_title":"Neue Strategie Nachhaltige Entwicklung f\u00fcr die Schweiz - Organisator","og_description":"Der Bundesrat hat die \u00abStrategie Nachhaltige Entwicklung 2016-2019\u00bb verabschiedet. Die Strategie beinhaltet Visionen f\u00fcr eine nachhaltigere Schweiz.","og_url":"https:\/\/www.organisator.ch\/fr\/sustainability\/2016-01-28\/neue-strategie-nachhaltige-entwicklung-fuer-die-schweiz\/","og_site_name":"Organisator","article_publisher":"https:\/\/www.facebook.com\/OrganisatorFachmagazin","article_published_time":"2016-01-28T13:28:33+00:00","article_modified_time":"2022-02-09T10:10:15+00:00","og_image":[{"width":1000,"height":667,"url":"https:\/\/www.organisator.ch\/wp-content\/uploads\/2016\/12\/Neue-Strategie-Nachhaltige-Entwicklung-fuer-die-Schweiz-umweltperspektiven.jpg","type":"image\/jpeg"}],"author":"admin","twitter_card":"summary_large_image","schema":{"@context":"https:\/\/schema.org","@graph":[{"@type":"Article","@id":"https:\/\/www.organisator.ch\/sustainability\/2016-01-28\/neue-strategie-nachhaltige-entwicklung-fuer-die-schweiz\/#article","isPartOf":{"@id":"https:\/\/www.organisator.ch\/sustainability\/2016-01-28\/neue-strategie-nachhaltige-entwicklung-fuer-die-schweiz\/"},"author":{"name":"admin","@id":"https:\/\/www.organisator.ch\/#\/schema\/person\/aa2bace6c5c5aad60102004a50c4eb1c"},"headline":"Neue Strategie Nachhaltige Entwicklung f\u00fcr die Schweiz","datePublished":"2016-01-28T13:28:33+00:00","dateModified":"2022-02-09T10:10:15+00:00","mainEntityOfPage":{"@id":"https:\/\/www.organisator.ch\/sustainability\/2016-01-28\/neue-strategie-nachhaltige-entwicklung-fuer-die-schweiz\/"},"wordCount":425,"commentCount":0,"publisher":{"@id":"https:\/\/www.organisator.ch\/#organization"},"image":{"@id":"https:\/\/www.organisator.ch\/sustainability\/2016-01-28\/neue-strategie-nachhaltige-entwicklung-fuer-die-schweiz\/#primaryimage"},"thumbnailUrl":"https:\/\/www.organisator.ch\/wp-content\/uploads\/2016\/12\/Neue-Strategie-Nachhaltige-Entwicklung-fuer-die-Schweiz-umweltperspektiven.jpg","keywords":["2030","Bundesrat","nachhaltige Entwicklung","Nachhaltigkeit","Strategie"],"articleSection":["SUSTAINABILITY"],"inLanguage":"fr-FR"},{"@type":"WebPage","@id":"https:\/\/www.organisator.ch\/sustainability\/2016-01-28\/neue-strategie-nachhaltige-entwicklung-fuer-die-schweiz\/","url":"https:\/\/www.organisator.ch\/sustainability\/2016-01-28\/neue-strategie-nachhaltige-entwicklung-fuer-die-schweiz\/","name":"Nouvelle strat\u00e9gie de d\u00e9veloppement durable pour la Suisse - Organisateur","isPartOf":{"@id":"https:\/\/www.organisator.ch\/#website"},"primaryImageOfPage":{"@id":"https:\/\/www.organisator.ch\/sustainability\/2016-01-28\/neue-strategie-nachhaltige-entwicklung-fuer-die-schweiz\/#primaryimage"},"image":{"@id":"https:\/\/www.organisator.ch\/sustainability\/2016-01-28\/neue-strategie-nachhaltige-entwicklung-fuer-die-schweiz\/#primaryimage"},"thumbnailUrl":"https:\/\/www.organisator.ch\/wp-content\/uploads\/2016\/12\/Neue-Strategie-Nachhaltige-Entwicklung-fuer-die-Schweiz-umweltperspektiven.jpg","datePublished":"2016-01-28T13:28:33+00:00","dateModified":"2022-02-09T10:10:15+00:00","description":"Le Conseil f\u00e9d\u00e9ral a adopt\u00e9 la \"Strat\u00e9gie pour le d\u00e9veloppement durable 2016-2019\". Cette strat\u00e9gie contient des visions pour une Suisse plus durable.","breadcrumb":{"@id":"https:\/\/www.organisator.ch\/sustainability\/2016-01-28\/neue-strategie-nachhaltige-entwicklung-fuer-die-schweiz\/#breadcrumb"},"inLanguage":"fr-FR","potentialAction":[{"@type":"ReadAction","target":["https:\/\/www.organisator.ch\/sustainability\/2016-01-28\/neue-strategie-nachhaltige-entwicklung-fuer-die-schweiz\/"]}]},{"@type":"ImageObject","inLanguage":"fr-FR","@id":"https:\/\/www.organisator.ch\/sustainability\/2016-01-28\/neue-strategie-nachhaltige-entwicklung-fuer-die-schweiz\/#primaryimage","url":"https:\/\/www.organisator.ch\/wp-content\/uploads\/2016\/12\/Neue-Strategie-Nachhaltige-Entwicklung-fuer-die-Schweiz-umweltperspektiven.jpg","contentUrl":"https:\/\/www.organisator.ch\/wp-content\/uploads\/2016\/12\/Neue-Strategie-Nachhaltige-Entwicklung-fuer-die-Schweiz-umweltperspektiven.jpg","width":1000,"height":667,"caption":"Die neue Strategie Nachhaltige Entwicklung enth\u00e4lt erstmals eine langfristige Vision und konkrete Ziele f\u00fcr 2030."},{"@type":"BreadcrumbList","@id":"https:\/\/www.organisator.ch\/sustainability\/2016-01-28\/neue-strategie-nachhaltige-entwicklung-fuer-die-schweiz\/#breadcrumb","itemListElement":[{"@type":"ListItem","position":1,"name":"Home","item":"https:\/\/www.organisator.ch\/"},{"@type":"ListItem","position":2,"name":"Neue Strategie Nachhaltige Entwicklung f\u00fcr die Schweiz"}]},{"@type":"WebSite","@id":"https:\/\/www.organisator.ch\/#website","url":"https:\/\/www.organisator.ch\/","name":"Organisateur","description":"Comp\u00e9tence et comp\u00e9tence. Proches de la pratique. L'ORGANISATEUR pr\u00e9pare 10 num\u00e9ros par an sur les th\u00e8mes essentiels pour les dirigeants de PME.","publisher":{"@id":"https:\/\/www.organisator.ch\/#organization"},"potentialAction":[{"@type":"SearchAction","target":{"@type":"EntryPoint","urlTemplate":"https:\/\/www.organisator.ch\/?s={search_term_string}"},"query-input":{"@type":"PropertyValueSpecification","valueRequired":true,"valueName":"search_term_string"}}],"inLanguage":"fr-FR"},{"@type":"Organization","@id":"https:\/\/www.organisator.ch\/#organization","name":"Organisateur","url":"https:\/\/www.organisator.ch\/","logo":{"@type":"ImageObject","inLanguage":"fr-FR","@id":"https:\/\/www.organisator.ch\/#\/schema\/logo\/image\/","url":"https:\/\/www.organisator.ch\/wp-content\/uploads\/2022\/01\/Logo_Organisator_Website.png","contentUrl":"https:\/\/www.organisator.ch\/wp-content\/uploads\/2022\/01\/Logo_Organisator_Website.png","width":800,"height":77,"caption":"Organisator"},"image":{"@id":"https:\/\/www.organisator.ch\/#\/schema\/logo\/image\/"},"sameAs":["https:\/\/www.facebook.com\/OrganisatorFachmagazin","https:\/\/www.linkedin.com\/showcase\/organisator-das-magazin-fr-kmu","https:\/\/www.xing.com\/news\/pages\/organisator-ch-695","https:\/\/www.youtube.com\/channel\/UCGP2Sq0iWaZwT3BdIAQFYpw"]},{"@type":"Person","@id":"https:\/\/www.organisator.ch\/#\/schema\/person\/aa2bace6c5c5aad60102004a50c4eb1c","name":"admin","image":{"@type":"ImageObject","inLanguage":"fr-FR","@id":"https:\/\/secure.gravatar.com\/avatar\/ae2f4d718e6c49043e314ce431e7e645d646302a24a5ef5a8bc8e3f5a032e319?s=96&d=mm&r=g","url":"https:\/\/secure.gravatar.com\/avatar\/ae2f4d718e6c49043e314ce431e7e645d646302a24a5ef5a8bc8e3f5a032e319?s=96&d=mm&r=g","contentUrl":"https:\/\/secure.gravatar.com\/avatar\/ae2f4d718e6c49043e314ce431e7e645d646302a24a5ef5a8bc8e3f5a032e319?s=96&d=mm&r=g","caption":"admin"},"sameAs":["https:\/\/www.organisator.ch"],"url":"https:\/\/www.organisator.ch\/fr\/author\/admin\/"}]}},"_links":{"self":[{"href":"https:\/\/www.organisator.ch\/fr\/wp-json\/wp\/v2\/posts\/200","targetHints":{"allow":["GET"]}}],"collection":[{"href":"https:\/\/www.organisator.ch\/fr\/wp-json\/wp\/v2\/posts"}],"about":[{"href":"https:\/\/www.organisator.ch\/fr\/wp-json\/wp\/v2\/types\/post"}],"author":[{"embeddable":true,"href":"https:\/\/www.organisator.ch\/fr\/wp-json\/wp\/v2\/users\/1"}],"replies":[{"embeddable":true,"href":"https:\/\/www.organisator.ch\/fr\/wp-json\/wp\/v2\/comments?post=200"}],"version-history":[{"count":1,"href":"https:\/\/www.organisator.ch\/fr\/wp-json\/wp\/v2\/posts\/200\/revisions"}],"predecessor-version":[{"id":10971,"href":"https:\/\/www.organisator.ch\/fr\/wp-json\/wp\/v2\/posts\/200\/revisions\/10971"}],"wp:featuredmedia":[{"embeddable":true,"href":"https:\/\/www.organisator.ch\/fr\/wp-json\/wp\/v2\/media\/201"}],"wp:attachment":[{"href":"https:\/\/www.organisator.ch\/fr\/wp-json\/wp\/v2\/media?parent=200"}],"wp:term":[{"taxonomy":"category","embeddable":true,"href":"https:\/\/www.organisator.ch\/fr\/wp-json\/wp\/v2\/categories?post=200"},{"taxonomy":"post_tag","embeddable":true,"href":"https:\/\/www.organisator.ch\/fr\/wp-json\/wp\/v2\/tags?post=200"}],"curies":[{"name":"wp","href":"https:\/\/api.w.org\/{rel}","templated":true}]}}