{"id":20020,"date":"2023-05-03T08:38:27","date_gmt":"2023-05-03T06:38:27","guid":{"rendered":"https:\/\/www.organisator.ch\/?p=20020"},"modified":"2023-05-03T08:38:27","modified_gmt":"2023-05-03T06:38:27","slug":"pirmin-jung-schweiz-ag-gewinnt-den-prix-svc-zentralschweiz-2023","status":"publish","type":"post","link":"https:\/\/www.organisator.ch\/fr\/management\/2023-05-03\/pirmin-jung-schweiz-ag-gewinnt-den-prix-svc-zentralschweiz-2023\/","title":{"rendered":"Pirmin Jung Schweiz AG remporte le Prix SVC Zentralschweiz 2023"},"content":{"rendered":"<figure id=\"attachment_20022\" aria-describedby=\"caption-attachment-20022\" style=\"width: 680px\" class=\"wp-caption alignnone\"><img loading=\"lazy\" decoding=\"async\" class=\"size-full wp-image-20022\" src=\"https:\/\/www.organisator.ch\/wp-content\/uploads\/2023\/05\/Pirmin-Jung-Schweiz-AG-gewinnt-den-Prix-SVC-Zentralschweiz-2023_Organisator.jpg\" alt=\"\" width=\"680\" height=\"452\" srcset=\"https:\/\/www.organisator.ch\/wp-content\/uploads\/2023\/05\/Pirmin-Jung-Schweiz-AG-gewinnt-den-Prix-SVC-Zentralschweiz-2023_Organisator.jpg 680w, https:\/\/www.organisator.ch\/wp-content\/uploads\/2023\/05\/Pirmin-Jung-Schweiz-AG-gewinnt-den-Prix-SVC-Zentralschweiz-2023_Organisator-18x12.jpg 18w, https:\/\/www.organisator.ch\/wp-content\/uploads\/2023\/05\/Pirmin-Jung-Schweiz-AG-gewinnt-den-Prix-SVC-Zentralschweiz-2023_Organisator-375x249.jpg 375w, https:\/\/www.organisator.ch\/wp-content\/uploads\/2023\/05\/Pirmin-Jung-Schweiz-AG-gewinnt-den-Prix-SVC-Zentralschweiz-2023_Organisator-527x350.jpg 527w\" sizes=\"auto, (max-width: 680px) 100vw, 680px\" \/><figcaption id=\"caption-attachment-20022\" class=\"wp-caption-text\">Marianne Jung et Pirmin Jung se r\u00e9jouissent d'avoir remport\u00e9 le Prix SVC Zentralschweiz 2023. (Photo : Thomas Berner)<\/figcaption><\/figure>\n<p>Le Prix SVC Zentralschweiz a \u00e9t\u00e9 d\u00e9cern\u00e9 pour la neuvi\u00e8me fois le 2 mai 2023 au KKL Luzern devant quelque 1100 invit\u00e9s. Six finalistes ont r\u00e9ussi \u00e0 s'imposer \u00e0 l'issue d'un processus de s\u00e9lection en plusieurs \u00e9tapes et se trouvaient ce soir-l\u00e0 devant la \"s\u00e9lection finale\". Peu avant 19 heures, le pr\u00e9sident du SVC Andreas Gerber a d\u00e9voil\u00e9 le pot aux roses : le premier prix a \u00e9t\u00e9 remport\u00e9 par Pirmin Jung Schweiz AG de Sursee. C'\u00e9tait une \u00e9vidence : la construction en bois semble avoir la cote en Suisse centrale. En effet, la derni\u00e8re fois, en 2021, c'\u00e9tait d\u00e9j\u00e0 une entreprise de construction en bois, Renggli AG, qui avait remport\u00e9 le prix.<\/p>\n<h3><strong>Prix du vainqueur pour Pirmin Jung Schweiz AG de Sursee<\/strong><\/h3>\n<p>L'entreprise gagnante 2023 s'est enti\u00e8rement consacr\u00e9e au d\u00e9veloppement de constructions en bois. La premi\u00e8re pierre du succ\u00e8s de Pirmin Jung a \u00e9t\u00e9 pos\u00e9e avec le choix professionnel du propri\u00e9taire de l'entreprise, Pirmin Jung, charpentier de formation. Il a reconnu tr\u00e8s t\u00f4t les multiples possibilit\u00e9s du bois comme mat\u00e9riau de construction, \"non seulement pour les maisons individuelles, mais aussi pour les b\u00e2timents \u00e0 plusieurs \u00e9tages\", comme il l'a expliqu\u00e9 lors de la pr\u00e9sentation de son entreprise. Depuis 1996, l'entreprise d\u00e9veloppe et promeut en cons\u00e9quence la construction en bois - par conviction. Elle compte aujourd'hui 120 collaborateurs r\u00e9partis sur sept sites en Suisse et en Allemagne. En tant que pr\u00e9curseurs r\u00e9alistes d'une nouvelle g\u00e9n\u00e9ration de construction en bois, ils planifient et agissent \u00e0 long terme, de mani\u00e8re durable et rentable, peut-on lire dans l'hommage rendu \u00e0 l'entreprise. Avec leur nouveau si\u00e8ge social \"Haus des Holzes\" \u00e0 Sursee, Pirmin Jung met en \u0153uvre de mani\u00e8re proverbiale leur philosophie d'entreprise \"construire de mani\u00e8re responsable\". Le projet de d\u00e9veloppement et de d\u00e9monstration pour une planification et une construction num\u00e9riques, respectueuses du climat et du cycle de vie, r\u00e9pond aux plus hautes pr\u00e9occupations sociales, \u00e9cologiques et \u00e9conomiques. Urban Camenzind, pr\u00e9sident du jury et directeur de l'\u00e9conomie publique du canton d'Uri, a rendu hommage au vainqueur dans son \u00e9loge : \"Pirmin Jung Schweiz AG convainc par son inspiration, sa qualit\u00e9 et son souci de l'environnement, combin\u00e9s \u00e0 un travail d'\u00e9quipe, \u00e0 la passion et au partage des connaissances\". Le jury a \u00e9t\u00e9 particuli\u00e8rement impressionn\u00e9 par le projet de construction pr\u00e9curseur \"Maison du bois\", qui incarne la vision de l'entreprise pour la construction en bois du futur. Et avec la nouvelle construction du Dock A \u00e0 l'a\u00e9roport de Zurich, un autre projet phare attend d'\u00eatre r\u00e9alis\u00e9.<\/p>\n<p>La joie des gagnants - repr\u00e9sent\u00e9s par Pirmin Jung et Marianne Jung - \u00e9tait grande. \"Ce prix est une immense reconnaissance pour nous et une marque d'estime pour tous nos collaborateurs\", a d\u00e9clar\u00e9 Pirmin Jung dans son discours de remerciement. Et Marianne Jung a \u00e9galement exprim\u00e9 sa satisfaction : \"Avec les ing\u00e9nieurs, les gens qui travaillent habituellement en arri\u00e8re-plan sont enfin sous les feux de la rampe.<\/p>\n<h3><strong>InfoGuard AG de Baar et St\u00f6ckli Swiss Sports AG de Malters (LU) aux deuxi\u00e8me et troisi\u00e8me places<\/strong><\/h3>\n<p>La deuxi\u00e8me place revient \u00e0 InfoGuard AG de Baar, l'entreprise suisse leader et ind\u00e9pendante en mati\u00e8re de cybers\u00e9curit\u00e9 globale. 200 experts en s\u00e9curit\u00e9 s'engagent quotidiennement pour la cybers\u00e9curit\u00e9 de plus de 400 clients commerciaux en Suisse, en Allemagne et en Autriche. C'est toujours une course contre les cybercriminels : Parfois, ceux-ci ont une longueur d'avance, parfois ce sont les d\u00e9fenseurs, a d\u00e9clar\u00e9 le CEO Thomas Meier pour caract\u00e9riser le travail quotidien de son entreprise. Parmi ses clients figurent des banques, des assurances, des entreprises industrielles, des prestataires de services \u00e9nerg\u00e9tiques, des h\u00f4pitaux ainsi que des fournisseurs de services et des autorit\u00e9s de renom. InfoGuard est une soci\u00e9t\u00e9 ind\u00e9pendante, enti\u00e8rement d\u00e9tenue par la direction et le conseil d'administration avec la participation des cadres.<\/p>\n<p>Le bronze a \u00e9t\u00e9 remport\u00e9 par le fabricant de skis le plus performant de Suisse, St\u00f6ckli Swiss Sports AG, dont le si\u00e8ge est \u00e0 Malters (LU). Cette entreprise traditionnelle, qui existe depuis 1935, exploite en Suisse 10 magasins de sport, 2 centres de test et approvisionne de mani\u00e8re s\u00e9lective les magasins de sport suisses. Le c\u00e9l\u00e8bre skieur de comp\u00e9tition Marco Odermatt mise lui aussi sur la marque de ski suisse, dont il est un pr\u00e9cieux ambassadeur. Plus de 60 pour cent de la production annuelle de skis est export\u00e9e dans plus de 40 pays. L'entreprise est dirig\u00e9e par le CEO Marc Gl\u00e4ser. Interrog\u00e9 sur le changement climatique et le manque de neige qui en d\u00e9coule, il a admis qu'il fallait observer l'\u00e9volution. Gr\u00e2ce \u00e0 la diversification - par exemple dans les v\u00eatements de sport - l'entreprise se voit toutefois pr\u00e9par\u00e9e \u00e0 diff\u00e9rents sc\u00e9narios. Les perspectives pour les affaires d'hiver 2023 sont en tout cas toujours bonnes, selon Gl\u00e4ser.<\/p>\n<h3><strong>Bachmann Forming AG de Hochdorf, EVZ Holding AG de Zoug et Trihow AG de Rotkreuz obtiennent des dipl\u00f4mes.<\/strong><\/h3>\n<p>Le rang de dipl\u00f4me a \u00e9t\u00e9 d\u00e9cern\u00e9 \u00e0 Bachmann Forming AG, dont le si\u00e8ge est \u00e0 Hochdorf, une entreprise familiale suisse qui d\u00e9veloppe et produit des solutions d'emballage intelligentes sur mesure pour le secteur alimentaire et non alimentaire ; \u00e0 EVZ Holding AG, le plus grand club de hockey sur glace de Suisse centrale et, en outre, une entreprise sportive innovante dans les domaines du sport, du management, de la rel\u00e8ve et de la gastronomie ; ainsi qu'\u00e0 Trihow AG, de Rotkreuz, qui d\u00e9veloppe des solutions globales et adapt\u00e9es aux besoins de l'homme dans un espace hybride, jetant ainsi des ponts entre le monde analogique et sensoriel et le monde num\u00e9rique et efficace.<\/p>\n<h3><strong>Rendez-vous de l'\u00e9conomie<\/strong><\/h3>\n<p>Avec le Prix SVC Zentralschweiz, le Swiss Venture Club (SVC) r\u00e9compense pour la neuvi\u00e8me fois des petites et moyennes entreprises (PME) exemplaires. Nik Hartmann a anim\u00e9 la c\u00e9r\u00e9monie de remise des prix au KKL Luzern, qui a par ailleurs \u00e9t\u00e9 retransmise en direct. La manifestation a permis aux 1100 invit\u00e9s issus du monde de l'\u00e9conomie, de la science, de la politique et des m\u00e9dias de d\u00e9couvrir l'impressionnante diversit\u00e9 de l'entrepreneuriat dans la r\u00e9gion. Christoph Baggenstos, responsable r\u00e9gional SVC pour la Suisse centrale, a soulign\u00e9 : \"C'\u00e9tait merveilleux de pouvoir \u00e0 nouveau vibrer cette ann\u00e9e pour le troph\u00e9e tant convoit\u00e9 avec les six impressionnants finalistes devant des gradins remplis. Je me suis particuli\u00e8rement r\u00e9joui de la formidable ambiance et des nombreuses rencontres personnelles lors du r\u00e9seautage qui a suivi\".<\/p>\n<p><em>Plus d'informations : <a href=\"http:\/\/www.svc.swiss\">Club suisse des entrepreneurs<\/a><\/em><\/p>","protected":false},"excerpt":{"rendered":"<p>La gagnante du Prix SVC Zentralschweiz 2023 est la soci\u00e9t\u00e9 Pirmin Jung Schweiz AG de Sursee, qui d\u00e9veloppe et promeut la construction en bois depuis plus de 25 ans. Infoguard AG de Baar s'est class\u00e9e deuxi\u00e8me et St\u00f6ckli Swiss Sports AG de Malters (LU) troisi\u00e8me. Par ailleurs, Bachmann Forming AG de Hochdorf, EVZ Holding AG de Zoug et Trihow AG de Rotkreuz ont \u00e9t\u00e9 r\u00e9compens\u00e9s. <\/p>","protected":false},"author":4,"featured_media":20022,"comment_status":"closed","ping_status":"closed","sticky":false,"template":"","format":"standard","meta":{"_acf_changed":false,"_yoast_wpseo_focuskw":"Pirmin Jung","_yoast_wpseo_metadesc":"Gewinnerin des Prix SVC Zentralschweiz 2023 ist die Pirmin Jung Schweiz AG aus Sursee, die das Bauen mit Holz entwickelt und f\u00f6rdert.","articlekey":"","footnotes":""},"categories":[28],"tags":[66,2839,390,492],"class_list":["post-20020","post","type-post","status-publish","format-standard","has-post-thumbnail","hentry","category-management","tag-awards","tag-bauindustrie","tag-prix-svc","tag-unternehmen"],"acf":[],"yoast_head":"<!-- This site is optimized with the Yoast SEO plugin v27.5 - https:\/\/yoast.com\/product\/yoast-seo-wordpress\/ -->\n<title>Pirmin Jung Schweiz AG gewinnt den Prix SVC Zentralschweiz 2023 - Organisator<\/title>\n<meta name=\"description\" content=\"Gewinnerin des Prix SVC Zentralschweiz 2023 ist die Pirmin Jung Schweiz AG aus Sursee, die das Bauen mit Holz entwickelt und f\u00f6rdert.\" \/>\n<meta name=\"robots\" content=\"index, follow, max-snippet:-1, max-image-preview:large, max-video-preview:-1\" \/>\n<link rel=\"canonical\" href=\"https:\/\/www.organisator.ch\/fr\/gestion-2\/2023-05-03\/pirmin-jung-schweiz-ag-gewinnt-den-prix-svc-zentralschweiz-2023\/\" \/>\n<meta property=\"og:locale\" content=\"fr_FR\" \/>\n<meta property=\"og:type\" content=\"article\" \/>\n<meta property=\"og:title\" content=\"Pirmin Jung Schweiz AG gewinnt den Prix SVC Zentralschweiz 2023\" \/>\n<meta property=\"og:description\" content=\"Gewinnerin des Prix SVC Zentralschweiz 2023 ist die Pirmin Jung Schweiz AG aus Sursee, die das Bauen mit Holz entwickelt und f\u00f6rdert.\" \/>\n<meta property=\"og:url\" content=\"https:\/\/www.organisator.ch\/fr\/gestion-2\/2023-05-03\/pirmin-jung-schweiz-ag-gewinnt-den-prix-svc-zentralschweiz-2023\/\" \/>\n<meta property=\"og:site_name\" content=\"Organisator\" \/>\n<meta property=\"article:publisher\" content=\"https:\/\/www.facebook.com\/OrganisatorFachmagazin\" \/>\n<meta property=\"article:published_time\" content=\"2023-05-03T06:38:27+00:00\" \/>\n<meta property=\"og:image\" content=\"https:\/\/www.organisator.ch\/wp-content\/uploads\/2023\/05\/Pirmin-Jung-Schweiz-AG-gewinnt-den-Prix-SVC-Zentralschweiz-2023_Organisator.jpg\" \/>\n\t<meta property=\"og:image:width\" content=\"680\" \/>\n\t<meta property=\"og:image:height\" content=\"452\" \/>\n\t<meta property=\"og:image:type\" content=\"image\/jpeg\" \/>\n<meta name=\"author\" content=\"thomas.berner\" \/>\n<meta name=\"twitter:card\" content=\"summary_large_image\" \/>\n<meta name=\"twitter:title\" content=\"#Pirmin Jung Schweiz AG gewinnt den Prix #SVC #Zentralschweiz 2023\" \/>\n<meta name=\"twitter:description\" content=\"Gewinnerin des Prix #SVC #Zentralschweiz 2023 ist die Pirmin Jung Schweiz AG aus Sursee, die das Bauen mit #Holz entwickelt und f\u00f6rdert.\" \/>\n<meta name=\"twitter:image\" content=\"https:\/\/www.organisator.ch\/wp-content\/uploads\/2023\/05\/Pirmin-Jung-Schweiz-AG-gewinnt-den-Prix-SVC-Zentralschweiz-2023_Organisator.jpg\" \/>\n<script type=\"application\/ld+json\" class=\"yoast-schema-graph\">{\"@context\":\"https:\\\/\\\/schema.org\",\"@graph\":[{\"@type\":\"Article\",\"@id\":\"https:\\\/\\\/www.organisator.ch\\\/management\\\/2023-05-03\\\/pirmin-jung-schweiz-ag-gewinnt-den-prix-svc-zentralschweiz-2023\\\/#article\",\"isPartOf\":{\"@id\":\"https:\\\/\\\/www.organisator.ch\\\/management\\\/2023-05-03\\\/pirmin-jung-schweiz-ag-gewinnt-den-prix-svc-zentralschweiz-2023\\\/\"},\"author\":{\"name\":\"thomas.berner\",\"@id\":\"https:\\\/\\\/www.organisator.ch\\\/#\\\/schema\\\/person\\\/6f650f90b2842cd4c0cc334b4e36f67e\"},\"headline\":\"Pirmin Jung Schweiz AG gewinnt den Prix SVC Zentralschweiz 2023\",\"datePublished\":\"2023-05-03T06:38:27+00:00\",\"mainEntityOfPage\":{\"@id\":\"https:\\\/\\\/www.organisator.ch\\\/management\\\/2023-05-03\\\/pirmin-jung-schweiz-ag-gewinnt-den-prix-svc-zentralschweiz-2023\\\/\"},\"wordCount\":914,\"publisher\":{\"@id\":\"https:\\\/\\\/www.organisator.ch\\\/#organization\"},\"image\":{\"@id\":\"https:\\\/\\\/www.organisator.ch\\\/management\\\/2023-05-03\\\/pirmin-jung-schweiz-ag-gewinnt-den-prix-svc-zentralschweiz-2023\\\/#primaryimage\"},\"thumbnailUrl\":\"https:\\\/\\\/www.organisator.ch\\\/wp-content\\\/uploads\\\/2023\\\/05\\\/Pirmin-Jung-Schweiz-AG-gewinnt-den-Prix-SVC-Zentralschweiz-2023_Organisator.jpg\",\"keywords\":[\"Awards\",\"Bauindustrie\",\"Prix SVC\",\"Unternehmen\"],\"articleSection\":[\"MANAGEMENT\"],\"inLanguage\":\"fr-FR\"},{\"@type\":\"WebPage\",\"@id\":\"https:\\\/\\\/www.organisator.ch\\\/management\\\/2023-05-03\\\/pirmin-jung-schweiz-ag-gewinnt-den-prix-svc-zentralschweiz-2023\\\/\",\"url\":\"https:\\\/\\\/www.organisator.ch\\\/management\\\/2023-05-03\\\/pirmin-jung-schweiz-ag-gewinnt-den-prix-svc-zentralschweiz-2023\\\/\",\"name\":\"Pirmin Jung Schweiz AG gewinnt den Prix SVC Zentralschweiz 2023 - Organisator\",\"isPartOf\":{\"@id\":\"https:\\\/\\\/www.organisator.ch\\\/#website\"},\"primaryImageOfPage\":{\"@id\":\"https:\\\/\\\/www.organisator.ch\\\/management\\\/2023-05-03\\\/pirmin-jung-schweiz-ag-gewinnt-den-prix-svc-zentralschweiz-2023\\\/#primaryimage\"},\"image\":{\"@id\":\"https:\\\/\\\/www.organisator.ch\\\/management\\\/2023-05-03\\\/pirmin-jung-schweiz-ag-gewinnt-den-prix-svc-zentralschweiz-2023\\\/#primaryimage\"},\"thumbnailUrl\":\"https:\\\/\\\/www.organisator.ch\\\/wp-content\\\/uploads\\\/2023\\\/05\\\/Pirmin-Jung-Schweiz-AG-gewinnt-den-Prix-SVC-Zentralschweiz-2023_Organisator.jpg\",\"datePublished\":\"2023-05-03T06:38:27+00:00\",\"description\":\"Gewinnerin des Prix SVC Zentralschweiz 2023 ist die Pirmin Jung Schweiz AG aus Sursee, die das Bauen mit Holz entwickelt und f\u00f6rdert.\",\"breadcrumb\":{\"@id\":\"https:\\\/\\\/www.organisator.ch\\\/management\\\/2023-05-03\\\/pirmin-jung-schweiz-ag-gewinnt-den-prix-svc-zentralschweiz-2023\\\/#breadcrumb\"},\"inLanguage\":\"fr-FR\",\"potentialAction\":[{\"@type\":\"ReadAction\",\"target\":[\"https:\\\/\\\/www.organisator.ch\\\/management\\\/2023-05-03\\\/pirmin-jung-schweiz-ag-gewinnt-den-prix-svc-zentralschweiz-2023\\\/\"]}]},{\"@type\":\"ImageObject\",\"inLanguage\":\"fr-FR\",\"@id\":\"https:\\\/\\\/www.organisator.ch\\\/management\\\/2023-05-03\\\/pirmin-jung-schweiz-ag-gewinnt-den-prix-svc-zentralschweiz-2023\\\/#primaryimage\",\"url\":\"https:\\\/\\\/www.organisator.ch\\\/wp-content\\\/uploads\\\/2023\\\/05\\\/Pirmin-Jung-Schweiz-AG-gewinnt-den-Prix-SVC-Zentralschweiz-2023_Organisator.jpg\",\"contentUrl\":\"https:\\\/\\\/www.organisator.ch\\\/wp-content\\\/uploads\\\/2023\\\/05\\\/Pirmin-Jung-Schweiz-AG-gewinnt-den-Prix-SVC-Zentralschweiz-2023_Organisator.jpg\",\"width\":680,\"height\":452,\"caption\":\"Marianne Jung und Pirmin Jung freuen sich \u00fcber den Gewinn des Prix SVC Zentralschweiz 2023. (Bild: Thomas Berner)\"},{\"@type\":\"BreadcrumbList\",\"@id\":\"https:\\\/\\\/www.organisator.ch\\\/management\\\/2023-05-03\\\/pirmin-jung-schweiz-ag-gewinnt-den-prix-svc-zentralschweiz-2023\\\/#breadcrumb\",\"itemListElement\":[{\"@type\":\"ListItem\",\"position\":1,\"name\":\"Home\",\"item\":\"https:\\\/\\\/www.organisator.ch\\\/\"},{\"@type\":\"ListItem\",\"position\":2,\"name\":\"Pirmin Jung Schweiz AG gewinnt den Prix SVC Zentralschweiz 2023\"}]},{\"@type\":\"WebSite\",\"@id\":\"https:\\\/\\\/www.organisator.ch\\\/#website\",\"url\":\"https:\\\/\\\/www.organisator.ch\\\/\",\"name\":\"Organisator\",\"description\":\"Kompetent. Praxisnah. Der ORGANISATOR bereitet in 10 Ausgaben pro Jahr die wesentlichen Themen f\u00fcr F\u00fchrungskr\u00e4fte von KMU auf.\",\"publisher\":{\"@id\":\"https:\\\/\\\/www.organisator.ch\\\/#organization\"},\"potentialAction\":[{\"@type\":\"SearchAction\",\"target\":{\"@type\":\"EntryPoint\",\"urlTemplate\":\"https:\\\/\\\/www.organisator.ch\\\/?s={search_term_string}\"},\"query-input\":{\"@type\":\"PropertyValueSpecification\",\"valueRequired\":true,\"valueName\":\"search_term_string\"}}],\"inLanguage\":\"fr-FR\"},{\"@type\":\"Organization\",\"@id\":\"https:\\\/\\\/www.organisator.ch\\\/#organization\",\"name\":\"Organisator\",\"url\":\"https:\\\/\\\/www.organisator.ch\\\/\",\"logo\":{\"@type\":\"ImageObject\",\"inLanguage\":\"fr-FR\",\"@id\":\"https:\\\/\\\/www.organisator.ch\\\/#\\\/schema\\\/logo\\\/image\\\/\",\"url\":\"https:\\\/\\\/www.organisator.ch\\\/wp-content\\\/uploads\\\/2022\\\/01\\\/Logo_Organisator_Website.png\",\"contentUrl\":\"https:\\\/\\\/www.organisator.ch\\\/wp-content\\\/uploads\\\/2022\\\/01\\\/Logo_Organisator_Website.png\",\"width\":800,\"height\":77,\"caption\":\"Organisator\"},\"image\":{\"@id\":\"https:\\\/\\\/www.organisator.ch\\\/#\\\/schema\\\/logo\\\/image\\\/\"},\"sameAs\":[\"https:\\\/\\\/www.facebook.com\\\/OrganisatorFachmagazin\",\"https:\\\/\\\/www.linkedin.com\\\/showcase\\\/organisator-das-magazin-fr-kmu\",\"https:\\\/\\\/www.xing.com\\\/news\\\/pages\\\/organisator-ch-695\",\"https:\\\/\\\/www.youtube.com\\\/channel\\\/UCGP2Sq0iWaZwT3BdIAQFYpw\"]},{\"@type\":\"Person\",\"@id\":\"https:\\\/\\\/www.organisator.ch\\\/#\\\/schema\\\/person\\\/6f650f90b2842cd4c0cc334b4e36f67e\",\"name\":\"thomas.berner\",\"image\":{\"@type\":\"ImageObject\",\"inLanguage\":\"fr-FR\",\"@id\":\"https:\\\/\\\/secure.gravatar.com\\\/avatar\\\/ac5001d2a36cb6c6cd3e50789007ffca834b477b74a2144564522e944eabff61?s=96&d=mm&r=g\",\"url\":\"https:\\\/\\\/secure.gravatar.com\\\/avatar\\\/ac5001d2a36cb6c6cd3e50789007ffca834b477b74a2144564522e944eabff61?s=96&d=mm&r=g\",\"contentUrl\":\"https:\\\/\\\/secure.gravatar.com\\\/avatar\\\/ac5001d2a36cb6c6cd3e50789007ffca834b477b74a2144564522e944eabff61?s=96&d=mm&r=g\",\"caption\":\"thomas.berner\"},\"url\":\"https:\\\/\\\/www.organisator.ch\\\/fr\\\/author\\\/thomas-berner\\\/\"}]}<\/script>\n<!-- \/ Yoast SEO plugin. -->","yoast_head_json":{"title":"Pirmin Jung Schweiz AG remporte le Prix SVC Zentralschweiz 2023 - Organisateur","description":"La gagnante du Prix SVC Zentralschweiz 2023 est la soci\u00e9t\u00e9 Pirmin Jung Schweiz AG de Sursee, qui d\u00e9veloppe et promeut la construction en bois.","robots":{"index":"index","follow":"follow","max-snippet":"max-snippet:-1","max-image-preview":"max-image-preview:large","max-video-preview":"max-video-preview:-1"},"canonical":"https:\/\/www.organisator.ch\/fr\/gestion-2\/2023-05-03\/pirmin-jung-schweiz-ag-gewinnt-den-prix-svc-zentralschweiz-2023\/","og_locale":"fr_FR","og_type":"article","og_title":"Pirmin Jung Schweiz AG gewinnt den Prix SVC Zentralschweiz 2023","og_description":"Gewinnerin des Prix SVC Zentralschweiz 2023 ist die Pirmin Jung Schweiz AG aus Sursee, die das Bauen mit Holz entwickelt und f\u00f6rdert.","og_url":"https:\/\/www.organisator.ch\/fr\/gestion-2\/2023-05-03\/pirmin-jung-schweiz-ag-gewinnt-den-prix-svc-zentralschweiz-2023\/","og_site_name":"Organisator","article_publisher":"https:\/\/www.facebook.com\/OrganisatorFachmagazin","article_published_time":"2023-05-03T06:38:27+00:00","og_image":[{"width":680,"height":452,"url":"https:\/\/www.organisator.ch\/wp-content\/uploads\/2023\/05\/Pirmin-Jung-Schweiz-AG-gewinnt-den-Prix-SVC-Zentralschweiz-2023_Organisator.jpg","type":"image\/jpeg"}],"author":"thomas.berner","twitter_card":"summary_large_image","twitter_title":"#Pirmin Jung Schweiz AG gewinnt den Prix #SVC #Zentralschweiz 2023","twitter_description":"Gewinnerin des Prix #SVC #Zentralschweiz 2023 ist die Pirmin Jung Schweiz AG aus Sursee, die das Bauen mit #Holz entwickelt und f\u00f6rdert.","twitter_image":"https:\/\/www.organisator.ch\/wp-content\/uploads\/2023\/05\/Pirmin-Jung-Schweiz-AG-gewinnt-den-Prix-SVC-Zentralschweiz-2023_Organisator.jpg","schema":{"@context":"https:\/\/schema.org","@graph":[{"@type":"Article","@id":"https:\/\/www.organisator.ch\/management\/2023-05-03\/pirmin-jung-schweiz-ag-gewinnt-den-prix-svc-zentralschweiz-2023\/#article","isPartOf":{"@id":"https:\/\/www.organisator.ch\/management\/2023-05-03\/pirmin-jung-schweiz-ag-gewinnt-den-prix-svc-zentralschweiz-2023\/"},"author":{"name":"thomas.berner","@id":"https:\/\/www.organisator.ch\/#\/schema\/person\/6f650f90b2842cd4c0cc334b4e36f67e"},"headline":"Pirmin Jung Schweiz AG gewinnt den Prix SVC Zentralschweiz 2023","datePublished":"2023-05-03T06:38:27+00:00","mainEntityOfPage":{"@id":"https:\/\/www.organisator.ch\/management\/2023-05-03\/pirmin-jung-schweiz-ag-gewinnt-den-prix-svc-zentralschweiz-2023\/"},"wordCount":914,"publisher":{"@id":"https:\/\/www.organisator.ch\/#organization"},"image":{"@id":"https:\/\/www.organisator.ch\/management\/2023-05-03\/pirmin-jung-schweiz-ag-gewinnt-den-prix-svc-zentralschweiz-2023\/#primaryimage"},"thumbnailUrl":"https:\/\/www.organisator.ch\/wp-content\/uploads\/2023\/05\/Pirmin-Jung-Schweiz-AG-gewinnt-den-Prix-SVC-Zentralschweiz-2023_Organisator.jpg","keywords":["Awards","Bauindustrie","Prix SVC","Unternehmen"],"articleSection":["MANAGEMENT"],"inLanguage":"fr-FR"},{"@type":"WebPage","@id":"https:\/\/www.organisator.ch\/management\/2023-05-03\/pirmin-jung-schweiz-ag-gewinnt-den-prix-svc-zentralschweiz-2023\/","url":"https:\/\/www.organisator.ch\/management\/2023-05-03\/pirmin-jung-schweiz-ag-gewinnt-den-prix-svc-zentralschweiz-2023\/","name":"Pirmin Jung Schweiz AG remporte le Prix SVC Zentralschweiz 2023 - Organisateur","isPartOf":{"@id":"https:\/\/www.organisator.ch\/#website"},"primaryImageOfPage":{"@id":"https:\/\/www.organisator.ch\/management\/2023-05-03\/pirmin-jung-schweiz-ag-gewinnt-den-prix-svc-zentralschweiz-2023\/#primaryimage"},"image":{"@id":"https:\/\/www.organisator.ch\/management\/2023-05-03\/pirmin-jung-schweiz-ag-gewinnt-den-prix-svc-zentralschweiz-2023\/#primaryimage"},"thumbnailUrl":"https:\/\/www.organisator.ch\/wp-content\/uploads\/2023\/05\/Pirmin-Jung-Schweiz-AG-gewinnt-den-Prix-SVC-Zentralschweiz-2023_Organisator.jpg","datePublished":"2023-05-03T06:38:27+00:00","description":"La gagnante du Prix SVC Zentralschweiz 2023 est la soci\u00e9t\u00e9 Pirmin Jung Schweiz AG de Sursee, qui d\u00e9veloppe et promeut la construction en bois.","breadcrumb":{"@id":"https:\/\/www.organisator.ch\/management\/2023-05-03\/pirmin-jung-schweiz-ag-gewinnt-den-prix-svc-zentralschweiz-2023\/#breadcrumb"},"inLanguage":"fr-FR","potentialAction":[{"@type":"ReadAction","target":["https:\/\/www.organisator.ch\/management\/2023-05-03\/pirmin-jung-schweiz-ag-gewinnt-den-prix-svc-zentralschweiz-2023\/"]}]},{"@type":"ImageObject","inLanguage":"fr-FR","@id":"https:\/\/www.organisator.ch\/management\/2023-05-03\/pirmin-jung-schweiz-ag-gewinnt-den-prix-svc-zentralschweiz-2023\/#primaryimage","url":"https:\/\/www.organisator.ch\/wp-content\/uploads\/2023\/05\/Pirmin-Jung-Schweiz-AG-gewinnt-den-Prix-SVC-Zentralschweiz-2023_Organisator.jpg","contentUrl":"https:\/\/www.organisator.ch\/wp-content\/uploads\/2023\/05\/Pirmin-Jung-Schweiz-AG-gewinnt-den-Prix-SVC-Zentralschweiz-2023_Organisator.jpg","width":680,"height":452,"caption":"Marianne Jung und Pirmin Jung freuen sich \u00fcber den Gewinn des Prix SVC Zentralschweiz 2023. (Bild: Thomas Berner)"},{"@type":"BreadcrumbList","@id":"https:\/\/www.organisator.ch\/management\/2023-05-03\/pirmin-jung-schweiz-ag-gewinnt-den-prix-svc-zentralschweiz-2023\/#breadcrumb","itemListElement":[{"@type":"ListItem","position":1,"name":"Home","item":"https:\/\/www.organisator.ch\/"},{"@type":"ListItem","position":2,"name":"Pirmin Jung Schweiz AG gewinnt den Prix SVC Zentralschweiz 2023"}]},{"@type":"WebSite","@id":"https:\/\/www.organisator.ch\/#website","url":"https:\/\/www.organisator.ch\/","name":"Organisateur","description":"Comp\u00e9tence et comp\u00e9tence. Proches de la pratique. L'ORGANISATEUR pr\u00e9pare 10 num\u00e9ros par an sur les th\u00e8mes essentiels pour les dirigeants de PME.","publisher":{"@id":"https:\/\/www.organisator.ch\/#organization"},"potentialAction":[{"@type":"SearchAction","target":{"@type":"EntryPoint","urlTemplate":"https:\/\/www.organisator.ch\/?s={search_term_string}"},"query-input":{"@type":"PropertyValueSpecification","valueRequired":true,"valueName":"search_term_string"}}],"inLanguage":"fr-FR"},{"@type":"Organization","@id":"https:\/\/www.organisator.ch\/#organization","name":"Organisateur","url":"https:\/\/www.organisator.ch\/","logo":{"@type":"ImageObject","inLanguage":"fr-FR","@id":"https:\/\/www.organisator.ch\/#\/schema\/logo\/image\/","url":"https:\/\/www.organisator.ch\/wp-content\/uploads\/2022\/01\/Logo_Organisator_Website.png","contentUrl":"https:\/\/www.organisator.ch\/wp-content\/uploads\/2022\/01\/Logo_Organisator_Website.png","width":800,"height":77,"caption":"Organisator"},"image":{"@id":"https:\/\/www.organisator.ch\/#\/schema\/logo\/image\/"},"sameAs":["https:\/\/www.facebook.com\/OrganisatorFachmagazin","https:\/\/www.linkedin.com\/showcase\/organisator-das-magazin-fr-kmu","https:\/\/www.xing.com\/news\/pages\/organisator-ch-695","https:\/\/www.youtube.com\/channel\/UCGP2Sq0iWaZwT3BdIAQFYpw"]},{"@type":"Person","@id":"https:\/\/www.organisator.ch\/#\/schema\/person\/6f650f90b2842cd4c0cc334b4e36f67e","name":"thomas.berner","image":{"@type":"ImageObject","inLanguage":"fr-FR","@id":"https:\/\/secure.gravatar.com\/avatar\/ac5001d2a36cb6c6cd3e50789007ffca834b477b74a2144564522e944eabff61?s=96&d=mm&r=g","url":"https:\/\/secure.gravatar.com\/avatar\/ac5001d2a36cb6c6cd3e50789007ffca834b477b74a2144564522e944eabff61?s=96&d=mm&r=g","contentUrl":"https:\/\/secure.gravatar.com\/avatar\/ac5001d2a36cb6c6cd3e50789007ffca834b477b74a2144564522e944eabff61?s=96&d=mm&r=g","caption":"thomas.berner"},"url":"https:\/\/www.organisator.ch\/fr\/author\/thomas-berner\/"}]}},"_links":{"self":[{"href":"https:\/\/www.organisator.ch\/fr\/wp-json\/wp\/v2\/posts\/20020","targetHints":{"allow":["GET"]}}],"collection":[{"href":"https:\/\/www.organisator.ch\/fr\/wp-json\/wp\/v2\/posts"}],"about":[{"href":"https:\/\/www.organisator.ch\/fr\/wp-json\/wp\/v2\/types\/post"}],"author":[{"embeddable":true,"href":"https:\/\/www.organisator.ch\/fr\/wp-json\/wp\/v2\/users\/4"}],"replies":[{"embeddable":true,"href":"https:\/\/www.organisator.ch\/fr\/wp-json\/wp\/v2\/comments?post=20020"}],"version-history":[{"count":1,"href":"https:\/\/www.organisator.ch\/fr\/wp-json\/wp\/v2\/posts\/20020\/revisions"}],"predecessor-version":[{"id":20023,"href":"https:\/\/www.organisator.ch\/fr\/wp-json\/wp\/v2\/posts\/20020\/revisions\/20023"}],"wp:featuredmedia":[{"embeddable":true,"href":"https:\/\/www.organisator.ch\/fr\/wp-json\/wp\/v2\/media\/20022"}],"wp:attachment":[{"href":"https:\/\/www.organisator.ch\/fr\/wp-json\/wp\/v2\/media?parent=20020"}],"wp:term":[{"taxonomy":"category","embeddable":true,"href":"https:\/\/www.organisator.ch\/fr\/wp-json\/wp\/v2\/categories?post=20020"},{"taxonomy":"post_tag","embeddable":true,"href":"https:\/\/www.organisator.ch\/fr\/wp-json\/wp\/v2\/tags?post=20020"}],"curies":[{"name":"wp","href":"https:\/\/api.w.org\/{rel}","templated":true}]}}