{"id":20077,"date":"2023-05-08T07:26:08","date_gmt":"2023-05-08T05:26:08","guid":{"rendered":"https:\/\/www.m-q.ch\/?p=17950"},"modified":"2024-11-16T11:01:54","modified_gmt":"2024-11-16T10:01:54","slug":"ingenieurinnen-und-ingenieure-sind-systemrelevant","status":"publish","type":"post","link":"https:\/\/www.organisator.ch\/fr\/weiterbildung\/2023-05-08\/ingenieurinnen-und-ingenieure-sind-systemrelevant\/","title":{"rendered":"Les ing\u00e9nieurs sont importants pour le syst\u00e8me"},"content":{"rendered":"<figure id=\"attachment_17951\" class=\"wp-caption alignnone\" style=\"width: 680px\" aria-describedby=\"caption-attachment-17951\"><img class=\"alignnone wp-image-17951 size-full\" src=\"https:\/\/www.m-q.ch\/wp-content\/uploads\/2023\/05\/Ingenieurinnen-und-Ingenieure-sind-systemrelevant_MQ.jpg\" alt=\"Assembl\u00e9e g\u00e9n\u00e9rale\" width=\"680\" height=\"436\" \/>\r\n<figcaption id=\"caption-attachment-17951\" class=\"wp-caption-text\">Les ing\u00e9nieurs se sont r\u00e9unis \u00e0 Bellinzone pour l'AG de l'association suisse.ing. (Image : zVg \/ suisse.ing)<\/figcaption>\r\n<\/figure>\r\n<p>\"Nous, les ing\u00e9nieurs, sommes importants pour le syst\u00e8me\". C'est par ces mots qu'Andrea Galli, le nouveau pr\u00e9sident de l'Union suisse des soci\u00e9t\u00e9s d'ing\u00e9nieurs-conseils suisse.ing, a ouvert l'assembl\u00e9e g\u00e9n\u00e9rale de cette ann\u00e9e \u00e0 Bellinzone. Avec un chiffre d'affaires annuel brut d'environ 2,5 milliards de francs d'honoraires, les membres de l'ing. francs, les membres de suisse.ing fournissent une part importante des prestations dans le domaine de la construction. \"Les prestations des ing\u00e9nieurs assurent et d\u00e9veloppent nos infrastructures, la communication, la mobilit\u00e9 et l'acc\u00e8s \u00e0 la technologie. En cons\u00e9quence, nous, les ing\u00e9nieurs, ne devrions pas seulement \u00eatre appr\u00e9ci\u00e9s en tant qu'interm\u00e9diaires, mais encore mieux reconnus comme garants du succ\u00e8s de la Suisse et de l'\u00e9conomie suisse\", a d\u00e9clar\u00e9 Andrea Galli.<\/p>\r\n<h3>Le directeur de l'OFROU s'adresse aux ing\u00e9nieurs<\/h3>\r\n<p>J\u00fcrg R\u00f6thlisberger, directeur de l'Office f\u00e9d\u00e9ral des routes (OFROU), a soulign\u00e9 devant le who's who de la branche des ing\u00e9nieurs, lors de son intervention en tant qu'invit\u00e9, le r\u00f4le de la Conf\u00e9d\u00e9ration en tant que partenaire d'\u00e9gal \u00e0 \u00e9gal des entreprises d'ing\u00e9nierie. R\u00f6thlisberger a soulign\u00e9 les co\u00fbts \u00e9lev\u00e9s des transports publics et a appel\u00e9 \u00e0 une plus grande efficacit\u00e9 des co\u00fbts dans ce domaine. Selon R\u00f6thlisberger, le transport individuel continuera \u00e0 jouer un r\u00f4le central \u00e0 l'avenir et n\u00e9cessitera en cons\u00e9quence des investissements permanents. \"Ce serait une erreur que la politique oppose encore plus le transport individuel aux autres modes de transport\", a d\u00e9clar\u00e9 R\u00f6thlisberger, combatif.<\/p>\r\n<h3><strong>Le Tessin dans un r\u00f4le particulier pour le secteur de l'ing\u00e9nierie<\/strong><\/h3>\r\n<p>La branche de l'ing\u00e9nierie joue \u00e9galement un r\u00f4le important dans le canton du Tessin en tant que garant du d\u00e9veloppement \u00e9conomique, de l'extension des infrastructures et en tant qu'employeur. Le Tessin \u00e9tait notamment repr\u00e9sent\u00e9 par le directeur tessinois des travaux publics, de l'am\u00e9nagement du territoire et de l'environnement, le conseiller d'\u00c9tat Claudio Zali, chef du Dipartimento del territorio, et Mario Brandi, pr\u00e9sident de la ville de Bellinzone. Pietro Brenni, pr\u00e9sident du groupe r\u00e9gional suisse.ing du Tessin, a d\u00e9crit comme l'un des plus grands d\u00e9fis du secteur de la construction le fait de r\u00e9utiliser les mat\u00e9riaux et les constructions existantes de mani\u00e8re \u00e0 ce qu'ils soient \u00e9galement \u00e0 la disposition des g\u00e9n\u00e9rations futures.<\/p>\r\n<h3><strong>Evolution mena\u00e7ante du nombre d'\u00e9tudes et de maturit\u00e9s professionnelles dans le secteur de la construction<\/strong><\/h3>\r\n<p>Urs von Arx, pr\u00e9sident et initiateur de la fondation bilding, a montr\u00e9 que l'importance du syst\u00e8me sera encore plus grande \u00e0 l'avenir. Il a expliqu\u00e9 que le nombre d'\u00e9tudiants d\u00e9butants dans les cat\u00e9gories professionnelles de l'ing\u00e9nierie civile, de la technique du b\u00e2timent et de l'\u00e9nergie continuait \u00e0 baisser. Il en va de m\u00eame pour le nombre de maturit\u00e9s professionnelles obtenues dans ces domaines. En raison de la p\u00e9nurie de personnel qualifi\u00e9, les entreprises d'ing\u00e9nierie en Suisse sont soumises \u00e0 une forte pression.<\/p>\r\n<p>Il est r\u00e9jouissant de constater que le jury d'experts de la fondation bilding a donn\u00e9 un signal clair en d\u00e9cernant cette ann\u00e9e le Cercle d'argent. Il a d\u00e9cern\u00e9 le Cercle d'argent \u00e0 la jeune ing\u00e9nieure Sora Padrutt, directrice de division chez Holinger Zurich, en tant que personnalit\u00e9 qui s'engage de mani\u00e8re polyvalente et dans diff\u00e9rents r\u00f4les en faveur de l'ing\u00e9nierie et de sa rel\u00e8ve.<\/p>\r\n<h3>Comit\u00e9 directeur recompos\u00e9<\/h3>\r\n<p>Les d\u00e9l\u00e9gu\u00e9s ont suivi toutes les propositions du comit\u00e9. Les nouveaux membres du comit\u00e9 de suisse.ing sont : Andr\u00e9 Fl\u00fcckiger, eicher+pauli AG, Berne, et Dario Bersiga, AFRY Schweiz AG, Fribourg. Agostino Clericetti, CSD Ingenieure AG, Lugano, Pierre Epars, BG Ing\u00e9nieurs SA, Lausanne et Stephan Tschudi, bbp geomatik ag, G\u00fcmligen ont \u00e9t\u00e9 confirm\u00e9s pour un nouveau mandat au comit\u00e9.<\/p>\r\n<p><em>Sources et informations compl\u00e9mentaires : <a href=\"https:\/\/usic.us13.list-manage.com\/track\/click?u=8a49d310493f6f6c58f618205&amp;id=78223a2d78&amp;e=50378e90af\">suisse-ing.ch<\/a>, <a href=\"https:\/\/usic.us13.list-manage.com\/track\/click?u=8a49d310493f6f6c58f618205&amp;id=87640ee85f&amp;e=50378e90af\">bilding.ch<\/a>\u00a0<\/em><\/p>\n<p class=\"syndicated-attribution\">Cet article est paru initialement sur m-q.ch - <a href=\"https:\/\/www.m-q.ch\/de\/ingenieurinnen-und-ingenieure-sind-systemrelevant\/\" target=\"_blank\">https:\/\/www.m-q.ch\/de\/ingenieurinnen-und-ingenieure-sind-systemrelevant\/<\/a><\/p>","protected":false},"excerpt":{"rendered":"<p>Le nombre de maturit\u00e9s professionnelles et d'\u00e9tudiants d\u00e9butants dans le domaine de la construction est en forte baisse. La p\u00e9nurie de main-d'\u0153uvre qualifi\u00e9e exerce une pression suppl\u00e9mentaire sur le secteur de l'ing\u00e9nierie.<\/p>","protected":false},"author":8,"featured_media":0,"comment_status":"closed","ping_status":"closed","sticky":false,"template":"","format":"standard","meta":{"_acf_changed":false,"_yoast_wpseo_focuskw":"Generalversammlung","_yoast_wpseo_metadesc":"GV suisse.ing 2023: Ingenieurinnen und Ingenieure als systemrelevant anerkannt. Zukunft und Herausforderungen diskutiert.","articlekey":"","footnotes":""},"categories":[30],"tags":[3768,503],"class_list":["post-20077","post","type-post","status-publish","format-standard","hentry","category-weiterbildung","tag-ingenieurwesen","tag-verbaende"],"acf":[],"yoast_head":"<!-- This site is optimized with the Yoast SEO plugin v27.5 - https:\/\/yoast.com\/product\/yoast-seo-wordpress\/ -->\n<title>Ingenieurinnen und Ingenieure sind systemrelevant - Organisator<\/title>\n<meta name=\"description\" content=\"GV suisse.ing 2023: Ingenieurinnen und Ingenieure als systemrelevant anerkannt. Zukunft und Herausforderungen diskutiert.\" \/>\n<meta name=\"robots\" content=\"index, follow, max-snippet:-1, max-image-preview:large, max-video-preview:-1\" \/>\n<link rel=\"canonical\" href=\"https:\/\/www.organisator.ch\/fr\/formation-continue-2\/2023-05-08\/ingenieurinnen-und-ingenieure-sind-systemrelevant\/\" \/>\n<meta property=\"og:locale\" content=\"fr_FR\" \/>\n<meta property=\"og:type\" content=\"article\" \/>\n<meta property=\"og:title\" content=\"Ingenieurinnen und Ingenieure sind systemrelevant - Organisator\" \/>\n<meta property=\"og:description\" content=\"GV suisse.ing 2023: Ingenieurinnen und Ingenieure als systemrelevant anerkannt. Zukunft und Herausforderungen diskutiert.\" \/>\n<meta property=\"og:url\" content=\"https:\/\/www.organisator.ch\/fr\/formation-continue-2\/2023-05-08\/ingenieurinnen-und-ingenieure-sind-systemrelevant\/\" \/>\n<meta property=\"og:site_name\" content=\"Organisator\" \/>\n<meta property=\"article:publisher\" content=\"https:\/\/www.facebook.com\/OrganisatorFachmagazin\" \/>\n<meta property=\"article:published_time\" content=\"2023-05-08T05:26:08+00:00\" \/>\n<meta property=\"article:modified_time\" content=\"2024-11-16T10:01:54+00:00\" \/>\n<meta name=\"author\" content=\"galledia\" \/>\n<meta name=\"twitter:card\" content=\"summary_large_image\" \/>\n<meta name=\"twitter:creator\" content=\"@admin\" \/>\n<script type=\"application\/ld+json\" class=\"yoast-schema-graph\">{\"@context\":\"https:\\\/\\\/schema.org\",\"@graph\":[{\"@type\":\"Article\",\"@id\":\"https:\\\/\\\/www.organisator.ch\\\/weiterbildung\\\/2023-05-08\\\/ingenieurinnen-und-ingenieure-sind-systemrelevant\\\/#article\",\"isPartOf\":{\"@id\":\"https:\\\/\\\/www.organisator.ch\\\/weiterbildung\\\/2023-05-08\\\/ingenieurinnen-und-ingenieure-sind-systemrelevant\\\/\"},\"author\":{\"name\":\"galledia\",\"@id\":\"https:\\\/\\\/www.organisator.ch\\\/#\\\/schema\\\/person\\\/4e51799071cd2dd1232ac003643ef5f0\"},\"headline\":\"Ingenieurinnen und Ingenieure sind systemrelevant\",\"datePublished\":\"2023-05-08T05:26:08+00:00\",\"dateModified\":\"2024-11-16T10:01:54+00:00\",\"mainEntityOfPage\":{\"@id\":\"https:\\\/\\\/www.organisator.ch\\\/weiterbildung\\\/2023-05-08\\\/ingenieurinnen-und-ingenieure-sind-systemrelevant\\\/\"},\"wordCount\":516,\"publisher\":{\"@id\":\"https:\\\/\\\/www.organisator.ch\\\/#organization\"},\"image\":{\"@id\":\"https:\\\/\\\/www.organisator.ch\\\/weiterbildung\\\/2023-05-08\\\/ingenieurinnen-und-ingenieure-sind-systemrelevant\\\/#primaryimage\"},\"thumbnailUrl\":\"https:\\\/\\\/www.m-q.ch\\\/wp-content\\\/uploads\\\/2023\\\/05\\\/Ingenieurinnen-und-Ingenieure-sind-systemrelevant_MQ.jpg\",\"keywords\":[\"Ingenieurwesen\",\"Verb\u00e4nde\"],\"articleSection\":[\"WEITERBILDUNG\"],\"inLanguage\":\"fr-FR\"},{\"@type\":\"WebPage\",\"@id\":\"https:\\\/\\\/www.organisator.ch\\\/weiterbildung\\\/2023-05-08\\\/ingenieurinnen-und-ingenieure-sind-systemrelevant\\\/\",\"url\":\"https:\\\/\\\/www.organisator.ch\\\/weiterbildung\\\/2023-05-08\\\/ingenieurinnen-und-ingenieure-sind-systemrelevant\\\/\",\"name\":\"Ingenieurinnen und Ingenieure sind systemrelevant - Organisator\",\"isPartOf\":{\"@id\":\"https:\\\/\\\/www.organisator.ch\\\/#website\"},\"primaryImageOfPage\":{\"@id\":\"https:\\\/\\\/www.organisator.ch\\\/weiterbildung\\\/2023-05-08\\\/ingenieurinnen-und-ingenieure-sind-systemrelevant\\\/#primaryimage\"},\"image\":{\"@id\":\"https:\\\/\\\/www.organisator.ch\\\/weiterbildung\\\/2023-05-08\\\/ingenieurinnen-und-ingenieure-sind-systemrelevant\\\/#primaryimage\"},\"thumbnailUrl\":\"https:\\\/\\\/www.m-q.ch\\\/wp-content\\\/uploads\\\/2023\\\/05\\\/Ingenieurinnen-und-Ingenieure-sind-systemrelevant_MQ.jpg\",\"datePublished\":\"2023-05-08T05:26:08+00:00\",\"dateModified\":\"2024-11-16T10:01:54+00:00\",\"description\":\"GV suisse.ing 2023: Ingenieurinnen und Ingenieure als systemrelevant anerkannt. Zukunft und Herausforderungen diskutiert.\",\"breadcrumb\":{\"@id\":\"https:\\\/\\\/www.organisator.ch\\\/weiterbildung\\\/2023-05-08\\\/ingenieurinnen-und-ingenieure-sind-systemrelevant\\\/#breadcrumb\"},\"inLanguage\":\"fr-FR\",\"potentialAction\":[{\"@type\":\"ReadAction\",\"target\":[\"https:\\\/\\\/www.organisator.ch\\\/weiterbildung\\\/2023-05-08\\\/ingenieurinnen-und-ingenieure-sind-systemrelevant\\\/\"]}]},{\"@type\":\"ImageObject\",\"inLanguage\":\"fr-FR\",\"@id\":\"https:\\\/\\\/www.organisator.ch\\\/weiterbildung\\\/2023-05-08\\\/ingenieurinnen-und-ingenieure-sind-systemrelevant\\\/#primaryimage\",\"url\":\"https:\\\/\\\/www.m-q.ch\\\/wp-content\\\/uploads\\\/2023\\\/05\\\/Ingenieurinnen-und-Ingenieure-sind-systemrelevant_MQ.jpg\",\"contentUrl\":\"https:\\\/\\\/www.m-q.ch\\\/wp-content\\\/uploads\\\/2023\\\/05\\\/Ingenieurinnen-und-Ingenieure-sind-systemrelevant_MQ.jpg\"},{\"@type\":\"BreadcrumbList\",\"@id\":\"https:\\\/\\\/www.organisator.ch\\\/weiterbildung\\\/2023-05-08\\\/ingenieurinnen-und-ingenieure-sind-systemrelevant\\\/#breadcrumb\",\"itemListElement\":[{\"@type\":\"ListItem\",\"position\":1,\"name\":\"Home\",\"item\":\"https:\\\/\\\/www.organisator.ch\\\/\"},{\"@type\":\"ListItem\",\"position\":2,\"name\":\"Ingenieurinnen und Ingenieure sind systemrelevant\"}]},{\"@type\":\"WebSite\",\"@id\":\"https:\\\/\\\/www.organisator.ch\\\/#website\",\"url\":\"https:\\\/\\\/www.organisator.ch\\\/\",\"name\":\"Organisator\",\"description\":\"Kompetent. Praxisnah. Der ORGANISATOR bereitet in 10 Ausgaben pro Jahr die wesentlichen Themen f\u00fcr F\u00fchrungskr\u00e4fte von KMU auf.\",\"publisher\":{\"@id\":\"https:\\\/\\\/www.organisator.ch\\\/#organization\"},\"potentialAction\":[{\"@type\":\"SearchAction\",\"target\":{\"@type\":\"EntryPoint\",\"urlTemplate\":\"https:\\\/\\\/www.organisator.ch\\\/?s={search_term_string}\"},\"query-input\":{\"@type\":\"PropertyValueSpecification\",\"valueRequired\":true,\"valueName\":\"search_term_string\"}}],\"inLanguage\":\"fr-FR\"},{\"@type\":\"Organization\",\"@id\":\"https:\\\/\\\/www.organisator.ch\\\/#organization\",\"name\":\"Organisator\",\"url\":\"https:\\\/\\\/www.organisator.ch\\\/\",\"logo\":{\"@type\":\"ImageObject\",\"inLanguage\":\"fr-FR\",\"@id\":\"https:\\\/\\\/www.organisator.ch\\\/#\\\/schema\\\/logo\\\/image\\\/\",\"url\":\"https:\\\/\\\/www.organisator.ch\\\/wp-content\\\/uploads\\\/2022\\\/01\\\/Logo_Organisator_Website.png\",\"contentUrl\":\"https:\\\/\\\/www.organisator.ch\\\/wp-content\\\/uploads\\\/2022\\\/01\\\/Logo_Organisator_Website.png\",\"width\":800,\"height\":77,\"caption\":\"Organisator\"},\"image\":{\"@id\":\"https:\\\/\\\/www.organisator.ch\\\/#\\\/schema\\\/logo\\\/image\\\/\"},\"sameAs\":[\"https:\\\/\\\/www.facebook.com\\\/OrganisatorFachmagazin\",\"https:\\\/\\\/www.linkedin.com\\\/showcase\\\/organisator-das-magazin-fr-kmu\",\"https:\\\/\\\/www.xing.com\\\/news\\\/pages\\\/organisator-ch-695\",\"https:\\\/\\\/www.youtube.com\\\/channel\\\/UCGP2Sq0iWaZwT3BdIAQFYpw\"]},{\"@type\":\"Person\",\"@id\":\"https:\\\/\\\/www.organisator.ch\\\/#\\\/schema\\\/person\\\/4e51799071cd2dd1232ac003643ef5f0\",\"name\":\"galledia\",\"image\":{\"@type\":\"ImageObject\",\"inLanguage\":\"fr-FR\",\"@id\":\"https:\\\/\\\/secure.gravatar.com\\\/avatar\\\/78a7f90c01fc2bfc875782a0d4922b37cde2cf184ce347b91316d23cd7f69a36?s=96&d=mm&r=g\",\"url\":\"https:\\\/\\\/secure.gravatar.com\\\/avatar\\\/78a7f90c01fc2bfc875782a0d4922b37cde2cf184ce347b91316d23cd7f69a36?s=96&d=mm&r=g\",\"contentUrl\":\"https:\\\/\\\/secure.gravatar.com\\\/avatar\\\/78a7f90c01fc2bfc875782a0d4922b37cde2cf184ce347b91316d23cd7f69a36?s=96&d=mm&r=g\",\"caption\":\"galledia\"},\"sameAs\":[\"https:\\\/\\\/x.com\\\/admin\"],\"url\":\"https:\\\/\\\/www.organisator.ch\\\/fr\\\/author\\\/galledia\\\/\"}]}<\/script>\n<!-- \/ Yoast SEO plugin. -->","yoast_head_json":{"title":"Les ing\u00e9nieurs sont importants pour le syst\u00e8me - Organisateur","description":"AG suisse.ing 2023 : Les ing\u00e9nieurs reconnus d'importance syst\u00e9mique. L'avenir et les d\u00e9fis sont discut\u00e9s.","robots":{"index":"index","follow":"follow","max-snippet":"max-snippet:-1","max-image-preview":"max-image-preview:large","max-video-preview":"max-video-preview:-1"},"canonical":"https:\/\/www.organisator.ch\/fr\/formation-continue-2\/2023-05-08\/ingenieurinnen-und-ingenieure-sind-systemrelevant\/","og_locale":"fr_FR","og_type":"article","og_title":"Ingenieurinnen und Ingenieure sind systemrelevant - Organisator","og_description":"GV suisse.ing 2023: Ingenieurinnen und Ingenieure als systemrelevant anerkannt. Zukunft und Herausforderungen diskutiert.","og_url":"https:\/\/www.organisator.ch\/fr\/formation-continue-2\/2023-05-08\/ingenieurinnen-und-ingenieure-sind-systemrelevant\/","og_site_name":"Organisator","article_publisher":"https:\/\/www.facebook.com\/OrganisatorFachmagazin","article_published_time":"2023-05-08T05:26:08+00:00","article_modified_time":"2024-11-16T10:01:54+00:00","author":"galledia","twitter_card":"summary_large_image","twitter_creator":"@admin","schema":{"@context":"https:\/\/schema.org","@graph":[{"@type":"Article","@id":"https:\/\/www.organisator.ch\/weiterbildung\/2023-05-08\/ingenieurinnen-und-ingenieure-sind-systemrelevant\/#article","isPartOf":{"@id":"https:\/\/www.organisator.ch\/weiterbildung\/2023-05-08\/ingenieurinnen-und-ingenieure-sind-systemrelevant\/"},"author":{"name":"galledia","@id":"https:\/\/www.organisator.ch\/#\/schema\/person\/4e51799071cd2dd1232ac003643ef5f0"},"headline":"Ingenieurinnen und Ingenieure sind systemrelevant","datePublished":"2023-05-08T05:26:08+00:00","dateModified":"2024-11-16T10:01:54+00:00","mainEntityOfPage":{"@id":"https:\/\/www.organisator.ch\/weiterbildung\/2023-05-08\/ingenieurinnen-und-ingenieure-sind-systemrelevant\/"},"wordCount":516,"publisher":{"@id":"https:\/\/www.organisator.ch\/#organization"},"image":{"@id":"https:\/\/www.organisator.ch\/weiterbildung\/2023-05-08\/ingenieurinnen-und-ingenieure-sind-systemrelevant\/#primaryimage"},"thumbnailUrl":"https:\/\/www.m-q.ch\/wp-content\/uploads\/2023\/05\/Ingenieurinnen-und-Ingenieure-sind-systemrelevant_MQ.jpg","keywords":["Ingenieurwesen","Verb\u00e4nde"],"articleSection":["WEITERBILDUNG"],"inLanguage":"fr-FR"},{"@type":"WebPage","@id":"https:\/\/www.organisator.ch\/weiterbildung\/2023-05-08\/ingenieurinnen-und-ingenieure-sind-systemrelevant\/","url":"https:\/\/www.organisator.ch\/weiterbildung\/2023-05-08\/ingenieurinnen-und-ingenieure-sind-systemrelevant\/","name":"Les ing\u00e9nieurs sont importants pour le syst\u00e8me - Organisateur","isPartOf":{"@id":"https:\/\/www.organisator.ch\/#website"},"primaryImageOfPage":{"@id":"https:\/\/www.organisator.ch\/weiterbildung\/2023-05-08\/ingenieurinnen-und-ingenieure-sind-systemrelevant\/#primaryimage"},"image":{"@id":"https:\/\/www.organisator.ch\/weiterbildung\/2023-05-08\/ingenieurinnen-und-ingenieure-sind-systemrelevant\/#primaryimage"},"thumbnailUrl":"https:\/\/www.m-q.ch\/wp-content\/uploads\/2023\/05\/Ingenieurinnen-und-Ingenieure-sind-systemrelevant_MQ.jpg","datePublished":"2023-05-08T05:26:08+00:00","dateModified":"2024-11-16T10:01:54+00:00","description":"AG suisse.ing 2023 : Les ing\u00e9nieurs reconnus d'importance syst\u00e9mique. L'avenir et les d\u00e9fis sont discut\u00e9s.","breadcrumb":{"@id":"https:\/\/www.organisator.ch\/weiterbildung\/2023-05-08\/ingenieurinnen-und-ingenieure-sind-systemrelevant\/#breadcrumb"},"inLanguage":"fr-FR","potentialAction":[{"@type":"ReadAction","target":["https:\/\/www.organisator.ch\/weiterbildung\/2023-05-08\/ingenieurinnen-und-ingenieure-sind-systemrelevant\/"]}]},{"@type":"ImageObject","inLanguage":"fr-FR","@id":"https:\/\/www.organisator.ch\/weiterbildung\/2023-05-08\/ingenieurinnen-und-ingenieure-sind-systemrelevant\/#primaryimage","url":"https:\/\/www.m-q.ch\/wp-content\/uploads\/2023\/05\/Ingenieurinnen-und-Ingenieure-sind-systemrelevant_MQ.jpg","contentUrl":"https:\/\/www.m-q.ch\/wp-content\/uploads\/2023\/05\/Ingenieurinnen-und-Ingenieure-sind-systemrelevant_MQ.jpg"},{"@type":"BreadcrumbList","@id":"https:\/\/www.organisator.ch\/weiterbildung\/2023-05-08\/ingenieurinnen-und-ingenieure-sind-systemrelevant\/#breadcrumb","itemListElement":[{"@type":"ListItem","position":1,"name":"Home","item":"https:\/\/www.organisator.ch\/"},{"@type":"ListItem","position":2,"name":"Ingenieurinnen und Ingenieure sind systemrelevant"}]},{"@type":"WebSite","@id":"https:\/\/www.organisator.ch\/#website","url":"https:\/\/www.organisator.ch\/","name":"Organisateur","description":"Comp\u00e9tence et comp\u00e9tence. Proches de la pratique. L'ORGANISATEUR pr\u00e9pare 10 num\u00e9ros par an sur les th\u00e8mes essentiels pour les dirigeants de PME.","publisher":{"@id":"https:\/\/www.organisator.ch\/#organization"},"potentialAction":[{"@type":"SearchAction","target":{"@type":"EntryPoint","urlTemplate":"https:\/\/www.organisator.ch\/?s={search_term_string}"},"query-input":{"@type":"PropertyValueSpecification","valueRequired":true,"valueName":"search_term_string"}}],"inLanguage":"fr-FR"},{"@type":"Organization","@id":"https:\/\/www.organisator.ch\/#organization","name":"Organisateur","url":"https:\/\/www.organisator.ch\/","logo":{"@type":"ImageObject","inLanguage":"fr-FR","@id":"https:\/\/www.organisator.ch\/#\/schema\/logo\/image\/","url":"https:\/\/www.organisator.ch\/wp-content\/uploads\/2022\/01\/Logo_Organisator_Website.png","contentUrl":"https:\/\/www.organisator.ch\/wp-content\/uploads\/2022\/01\/Logo_Organisator_Website.png","width":800,"height":77,"caption":"Organisator"},"image":{"@id":"https:\/\/www.organisator.ch\/#\/schema\/logo\/image\/"},"sameAs":["https:\/\/www.facebook.com\/OrganisatorFachmagazin","https:\/\/www.linkedin.com\/showcase\/organisator-das-magazin-fr-kmu","https:\/\/www.xing.com\/news\/pages\/organisator-ch-695","https:\/\/www.youtube.com\/channel\/UCGP2Sq0iWaZwT3BdIAQFYpw"]},{"@type":"Person","@id":"https:\/\/www.organisator.ch\/#\/schema\/person\/4e51799071cd2dd1232ac003643ef5f0","name":"galledia","image":{"@type":"ImageObject","inLanguage":"fr-FR","@id":"https:\/\/secure.gravatar.com\/avatar\/78a7f90c01fc2bfc875782a0d4922b37cde2cf184ce347b91316d23cd7f69a36?s=96&d=mm&r=g","url":"https:\/\/secure.gravatar.com\/avatar\/78a7f90c01fc2bfc875782a0d4922b37cde2cf184ce347b91316d23cd7f69a36?s=96&d=mm&r=g","contentUrl":"https:\/\/secure.gravatar.com\/avatar\/78a7f90c01fc2bfc875782a0d4922b37cde2cf184ce347b91316d23cd7f69a36?s=96&d=mm&r=g","caption":"galledia"},"sameAs":["https:\/\/x.com\/admin"],"url":"https:\/\/www.organisator.ch\/fr\/author\/galledia\/"}]}},"_links":{"self":[{"href":"https:\/\/www.organisator.ch\/fr\/wp-json\/wp\/v2\/posts\/20077","targetHints":{"allow":["GET"]}}],"collection":[{"href":"https:\/\/www.organisator.ch\/fr\/wp-json\/wp\/v2\/posts"}],"about":[{"href":"https:\/\/www.organisator.ch\/fr\/wp-json\/wp\/v2\/types\/post"}],"author":[{"embeddable":true,"href":"https:\/\/www.organisator.ch\/fr\/wp-json\/wp\/v2\/users\/8"}],"replies":[{"embeddable":true,"href":"https:\/\/www.organisator.ch\/fr\/wp-json\/wp\/v2\/comments?post=20077"}],"version-history":[{"count":5,"href":"https:\/\/www.organisator.ch\/fr\/wp-json\/wp\/v2\/posts\/20077\/revisions"}],"predecessor-version":[{"id":33167,"href":"https:\/\/www.organisator.ch\/fr\/wp-json\/wp\/v2\/posts\/20077\/revisions\/33167"}],"wp:attachment":[{"href":"https:\/\/www.organisator.ch\/fr\/wp-json\/wp\/v2\/media?parent=20077"}],"wp:term":[{"taxonomy":"category","embeddable":true,"href":"https:\/\/www.organisator.ch\/fr\/wp-json\/wp\/v2\/categories?post=20077"},{"taxonomy":"post_tag","embeddable":true,"href":"https:\/\/www.organisator.ch\/fr\/wp-json\/wp\/v2\/tags?post=20077"}],"curies":[{"name":"wp","href":"https:\/\/api.w.org\/{rel}","templated":true}]}}