{"id":20099,"date":"2023-05-09T09:36:59","date_gmt":"2023-05-09T07:36:59","guid":{"rendered":"https:\/\/www.organisator.ch\/?p=20099"},"modified":"2023-05-09T09:36:59","modified_gmt":"2023-05-09T07:36:59","slug":"e-mobilitaet-schweiz-ist-gut-vorbereitet","status":"publish","type":"post","link":"https:\/\/www.organisator.ch\/fr\/sustainability\/2023-05-09\/e-mobilitaet-schweiz-ist-gut-vorbereitet\/","title":{"rendered":"E-mobilit\u00e9 : la Suisse est bien pr\u00e9par\u00e9e"},"content":{"rendered":"<figure id=\"attachment_20100\" aria-describedby=\"caption-attachment-20100\" style=\"width: 680px\" class=\"wp-caption alignnone\"><img loading=\"lazy\" decoding=\"async\" class=\"size-full wp-image-20100\" src=\"https:\/\/www.organisator.ch\/wp-content\/uploads\/2023\/05\/E-Mobilitaet-Schweiz-ist-gut-vorbereitet-1_Organisator.jpg\" alt=\"\" width=\"680\" height=\"481\" srcset=\"https:\/\/www.organisator.ch\/wp-content\/uploads\/2023\/05\/E-Mobilitaet-Schweiz-ist-gut-vorbereitet-1_Organisator.jpg 680w, https:\/\/www.organisator.ch\/wp-content\/uploads\/2023\/05\/E-Mobilitaet-Schweiz-ist-gut-vorbereitet-1_Organisator-18x12.jpg 18w, https:\/\/www.organisator.ch\/wp-content\/uploads\/2023\/05\/E-Mobilitaet-Schweiz-ist-gut-vorbereitet-1_Organisator-375x265.jpg 375w, https:\/\/www.organisator.ch\/wp-content\/uploads\/2023\/05\/E-Mobilitaet-Schweiz-ist-gut-vorbereitet-1_Organisator-495x350.jpg 495w\" sizes=\"auto, (max-width: 680px) 100vw, 680px\" \/><figcaption id=\"caption-attachment-20100\" class=\"wp-caption-text\">Parmi les pays europ\u00e9ens, la Suisse fait m\u00eame partie du top 15 en ce qui concerne le degr\u00e9 de maturit\u00e9 du march\u00e9 (graphique : LeasePlan).<\/figcaption><\/figure>\n<p>Le fournisseur de Car-as-a-Service LeasePlan \u00e9tudie r\u00e9guli\u00e8rement le niveau de d\u00e9veloppement de l'e-mobilit\u00e9 en Europe. Notre pays peut lui aussi compter sur le moteur qu'est l'Europe. C'est l'une des principales conclusions de l'EV Readiness Index 2023 de LeasePlan, qui analyse en profondeur la mani\u00e8re dont les 22 pays europ\u00e9ens sont pr\u00e9par\u00e9s \u00e0 la r\u00e9volution \u00e9lectrique en mati\u00e8re de mobilit\u00e9. L'indice se base sur trois facteurs : la maturit\u00e9 du march\u00e9 des VE, la maturit\u00e9 de l'infrastructure des VE et le co\u00fbt total de possession (TCO) d'un VE dans chaque pays.<\/p>\n<p>\"La Suisse est pr\u00eate pour un avenir \u00e9lectrique. La demande de v\u00e9hicules \u00e9lectriques est constamment \u00e9lev\u00e9e dans notre pays. Parmi les pays europ\u00e9ens, nous faisons m\u00eame partie du top 15 en ce qui concerne le degr\u00e9 de maturit\u00e9 du march\u00e9. Seuls l'infrastructure et le co\u00fbt total d'exploitation n\u00e9cessitent encore un important rattrapage. Les pays scandinaves montrent que la demande peut encore \u00eatre renforc\u00e9e s'il existe un soutien uniforme de l'\u00c9tat. C'est pourquoi il faut des mesures politiques plus fortes au niveau f\u00e9d\u00e9ral\", estime Niklas Zetterlund dans l'actuel EV Readiness Index 2023. En ce qui concerne le degr\u00e9 de maturit\u00e9 du march\u00e9 des VE, la Suisse a m\u00eame gagn\u00e9 une place par rapport \u00e0 la situation actuelle.<\/p>\n<figure id=\"attachment_20101\" aria-describedby=\"caption-attachment-20101\" style=\"width: 680px\" class=\"wp-caption alignnone\"><img loading=\"lazy\" decoding=\"async\" class=\"size-full wp-image-20101\" src=\"https:\/\/www.organisator.ch\/wp-content\/uploads\/2023\/05\/E-Mobilitaet-Schweiz-ist-gut-vorbereitet-2_Organisator.jpg\" alt=\"\" width=\"680\" height=\"453\" srcset=\"https:\/\/www.organisator.ch\/wp-content\/uploads\/2023\/05\/E-Mobilitaet-Schweiz-ist-gut-vorbereitet-2_Organisator.jpg 680w, https:\/\/www.organisator.ch\/wp-content\/uploads\/2023\/05\/E-Mobilitaet-Schweiz-ist-gut-vorbereitet-2_Organisator-18x12.jpg 18w, https:\/\/www.organisator.ch\/wp-content\/uploads\/2023\/05\/E-Mobilitaet-Schweiz-ist-gut-vorbereitet-2_Organisator-375x250.jpg 375w, https:\/\/www.organisator.ch\/wp-content\/uploads\/2023\/05\/E-Mobilitaet-Schweiz-ist-gut-vorbereitet-2_Organisator-525x350.jpg 525w\" sizes=\"auto, (max-width: 680px) 100vw, 680px\" \/><figcaption id=\"caption-attachment-20101\" class=\"wp-caption-text\">\"La Suisse est pr\u00eate pour un avenir \u00e9lectrique\" - Niklas Zetterlund, Managing Director LeasePlan Suisse. (Image : LeasePlan)<\/figcaption><\/figure>\n<p>Les principales conclusions de l'Index 2023 montrent une augmentation de 12 % (72 points au total) de la pr\u00e9paration aux VE dans les pays \u00e9tudi\u00e9s, ce qui souligne une am\u00e9lioration g\u00e9n\u00e9rale de la maturit\u00e9 des VE dans toute l'Europe. Globalement, la maturit\u00e9 du march\u00e9 de l'e-mobilit\u00e9 a augment\u00e9 de 19 % (42 points) dans toute l'Europe, ce qui refl\u00e8te une am\u00e9lioration g\u00e9n\u00e9rale de la p\u00e9n\u00e9tration du VE dans les pays europ\u00e9ens. L'infrastructure de recharge a \u00e9galement connu des am\u00e9liorations significatives. Ici, l'indice a augment\u00e9 de 43% (45 points) dans toute l'Europe. Les gouvernements locaux et nationaux, ainsi que le gouvernement de l'UE, devront toutefois continuer \u00e0 investir dans l'infrastructure de recharge \u00e0 l'avenir, afin que celle-ci puisse suivre le rythme de la forte augmentation de la demande, selon l'\u00e9tude.<\/p>\n<p>Bien que les VE soient moins chers qu'un v\u00e9hicule \u00e0 combustion comparable dans la plupart des pays, le degr\u00e9 de maturit\u00e9 du TCO des VE a l\u00e9g\u00e8rement baiss\u00e9 (6 % ou 14 points). Ceci \u00e9tait principalement d\u00fb \u00e0 l'augmentation des prix de l'\u00e9nergie en 2022. De plus, la Suisse, avec la Roumanie, pr\u00e9sente - par rapport \u00e0 2022 - la plus forte augmentation de la dur\u00e9e de vie des VE. En g\u00e9n\u00e9ral, la dur\u00e9e a augment\u00e9 ou est rest\u00e9e stable dans tous les pays, \u00e0 l'exception de l'Italie.<\/p>\n<p><em>Source : <a href=\"https:\/\/www.leaseplan.com\/de-ch\/\">LeasePlan<\/a><\/em><\/p>","protected":false},"excerpt":{"rendered":"<p>L'Europe est mieux pr\u00e9par\u00e9e que jamais \u00e0 la transition vers l'e-mobilit\u00e9 et les v\u00e9hicules \u00e9lectriques (VE). Le niveau de maturit\u00e9 des VE s'est consid\u00e9rablement am\u00e9lior\u00e9 sur l'ensemble du continent.  <\/p>","protected":false},"author":4,"featured_media":20101,"comment_status":"closed","ping_status":"closed","sticky":false,"template":"","format":"standard","meta":{"_acf_changed":false,"_yoast_wpseo_focuskw":"E-Mobilit\u00e4t","_yoast_wpseo_metadesc":"Europa ist besser denn je auf den Wechsel hin zur E-Mobilit\u00e4t und Elektrofahrzeugen (EV) vorbereitet. Die Schweiz h\u00e4lt gut mit.","articlekey":"","footnotes":""},"categories":[580],"tags":[1006,358,459],"class_list":["post-20099","post","type-post","status-publish","format-standard","has-post-thumbnail","hentry","category-sustainability","tag-e-mobilitaet","tag-nachhaltige-wirtschaft","tag-studie"],"acf":[],"yoast_head":"<!-- This site is optimized with the Yoast SEO plugin v27.5 - https:\/\/yoast.com\/product\/yoast-seo-wordpress\/ -->\n<title>E-Mobilit\u00e4t: Schweiz ist gut vorbereitet - Organisator<\/title>\n<meta name=\"description\" content=\"Europa ist besser denn je auf den Wechsel hin zur E-Mobilit\u00e4t und Elektrofahrzeugen (EV) vorbereitet. Die Schweiz h\u00e4lt gut mit.\" \/>\n<meta name=\"robots\" content=\"index, follow, max-snippet:-1, max-image-preview:large, max-video-preview:-1\" \/>\n<link rel=\"canonical\" href=\"https:\/\/www.organisator.ch\/fr\/sustainability\/2023-05-09\/e-mobilitaet-schweiz-ist-gut-vorbereitet\/\" \/>\n<meta property=\"og:locale\" content=\"fr_FR\" \/>\n<meta property=\"og:type\" content=\"article\" \/>\n<meta property=\"og:title\" content=\"E-Mobilit\u00e4t: Schweiz ist gut vorbereitet\" \/>\n<meta property=\"og:description\" content=\"Europa ist besser denn je auf den Wechsel hin zur E-Mobilit\u00e4t und Elektrofahrzeugen (EV) vorbereitet. Die Schweiz h\u00e4lt gut mit.\" \/>\n<meta property=\"og:url\" content=\"https:\/\/www.organisator.ch\/fr\/sustainability\/2023-05-09\/e-mobilitaet-schweiz-ist-gut-vorbereitet\/\" \/>\n<meta property=\"og:site_name\" content=\"Organisator\" \/>\n<meta property=\"article:publisher\" content=\"https:\/\/www.facebook.com\/OrganisatorFachmagazin\" \/>\n<meta property=\"article:published_time\" content=\"2023-05-09T07:36:59+00:00\" \/>\n<meta property=\"og:image\" content=\"https:\/\/www.organisator.ch\/wp-content\/uploads\/2023\/05\/E-Mobilitaet-Schweiz-ist-gut-vorbereitet-2_Organisator.jpg\" \/>\n\t<meta property=\"og:image:width\" content=\"680\" \/>\n\t<meta property=\"og:image:height\" content=\"453\" \/>\n\t<meta property=\"og:image:type\" content=\"image\/jpeg\" \/>\n<meta name=\"author\" content=\"thomas.berner\" \/>\n<meta name=\"twitter:card\" content=\"summary_large_image\" \/>\n<meta name=\"twitter:title\" content=\"#E-Mobilit\u00e4t: Schweiz ist gut vorbereitet\" \/>\n<meta name=\"twitter:description\" content=\"Europa ist besser denn je auf den Wechsel hin zur #E-Mobilit\u00e4t und #Elektrofahrzeugen (EV) vorbereitet. Die #Schweiz h\u00e4lt gut mit.\" \/>\n<meta name=\"twitter:image\" content=\"https:\/\/www.organisator.ch\/wp-content\/uploads\/2023\/05\/E-Mobilitaet-Schweiz-ist-gut-vorbereitet-2_Organisator.jpg\" \/>\n<script type=\"application\/ld+json\" class=\"yoast-schema-graph\">{\"@context\":\"https:\\\/\\\/schema.org\",\"@graph\":[{\"@type\":\"Article\",\"@id\":\"https:\\\/\\\/www.organisator.ch\\\/sustainability\\\/2023-05-09\\\/e-mobilitaet-schweiz-ist-gut-vorbereitet\\\/#article\",\"isPartOf\":{\"@id\":\"https:\\\/\\\/www.organisator.ch\\\/sustainability\\\/2023-05-09\\\/e-mobilitaet-schweiz-ist-gut-vorbereitet\\\/\"},\"author\":{\"name\":\"thomas.berner\",\"@id\":\"https:\\\/\\\/www.organisator.ch\\\/#\\\/schema\\\/person\\\/6f650f90b2842cd4c0cc334b4e36f67e\"},\"headline\":\"E-Mobilit\u00e4t: Schweiz ist gut vorbereitet\",\"datePublished\":\"2023-05-09T07:36:59+00:00\",\"mainEntityOfPage\":{\"@id\":\"https:\\\/\\\/www.organisator.ch\\\/sustainability\\\/2023-05-09\\\/e-mobilitaet-schweiz-ist-gut-vorbereitet\\\/\"},\"wordCount\":428,\"publisher\":{\"@id\":\"https:\\\/\\\/www.organisator.ch\\\/#organization\"},\"image\":{\"@id\":\"https:\\\/\\\/www.organisator.ch\\\/sustainability\\\/2023-05-09\\\/e-mobilitaet-schweiz-ist-gut-vorbereitet\\\/#primaryimage\"},\"thumbnailUrl\":\"https:\\\/\\\/www.organisator.ch\\\/wp-content\\\/uploads\\\/2023\\\/05\\\/E-Mobilitaet-Schweiz-ist-gut-vorbereitet-2_Organisator.jpg\",\"keywords\":[\"E-Mobilit\u00e4t\",\"Nachhaltige Wirtschaft\",\"Studie\"],\"articleSection\":[\"SUSTAINABILITY\"],\"inLanguage\":\"fr-FR\"},{\"@type\":\"WebPage\",\"@id\":\"https:\\\/\\\/www.organisator.ch\\\/sustainability\\\/2023-05-09\\\/e-mobilitaet-schweiz-ist-gut-vorbereitet\\\/\",\"url\":\"https:\\\/\\\/www.organisator.ch\\\/sustainability\\\/2023-05-09\\\/e-mobilitaet-schweiz-ist-gut-vorbereitet\\\/\",\"name\":\"E-Mobilit\u00e4t: Schweiz ist gut vorbereitet - Organisator\",\"isPartOf\":{\"@id\":\"https:\\\/\\\/www.organisator.ch\\\/#website\"},\"primaryImageOfPage\":{\"@id\":\"https:\\\/\\\/www.organisator.ch\\\/sustainability\\\/2023-05-09\\\/e-mobilitaet-schweiz-ist-gut-vorbereitet\\\/#primaryimage\"},\"image\":{\"@id\":\"https:\\\/\\\/www.organisator.ch\\\/sustainability\\\/2023-05-09\\\/e-mobilitaet-schweiz-ist-gut-vorbereitet\\\/#primaryimage\"},\"thumbnailUrl\":\"https:\\\/\\\/www.organisator.ch\\\/wp-content\\\/uploads\\\/2023\\\/05\\\/E-Mobilitaet-Schweiz-ist-gut-vorbereitet-2_Organisator.jpg\",\"datePublished\":\"2023-05-09T07:36:59+00:00\",\"description\":\"Europa ist besser denn je auf den Wechsel hin zur E-Mobilit\u00e4t und Elektrofahrzeugen (EV) vorbereitet. Die Schweiz h\u00e4lt gut mit.\",\"breadcrumb\":{\"@id\":\"https:\\\/\\\/www.organisator.ch\\\/sustainability\\\/2023-05-09\\\/e-mobilitaet-schweiz-ist-gut-vorbereitet\\\/#breadcrumb\"},\"inLanguage\":\"fr-FR\",\"potentialAction\":[{\"@type\":\"ReadAction\",\"target\":[\"https:\\\/\\\/www.organisator.ch\\\/sustainability\\\/2023-05-09\\\/e-mobilitaet-schweiz-ist-gut-vorbereitet\\\/\"]}]},{\"@type\":\"ImageObject\",\"inLanguage\":\"fr-FR\",\"@id\":\"https:\\\/\\\/www.organisator.ch\\\/sustainability\\\/2023-05-09\\\/e-mobilitaet-schweiz-ist-gut-vorbereitet\\\/#primaryimage\",\"url\":\"https:\\\/\\\/www.organisator.ch\\\/wp-content\\\/uploads\\\/2023\\\/05\\\/E-Mobilitaet-Schweiz-ist-gut-vorbereitet-2_Organisator.jpg\",\"contentUrl\":\"https:\\\/\\\/www.organisator.ch\\\/wp-content\\\/uploads\\\/2023\\\/05\\\/E-Mobilitaet-Schweiz-ist-gut-vorbereitet-2_Organisator.jpg\",\"width\":680,\"height\":453,\"caption\":\"\u00abDie Schweiz ist bereit f\u00fcr eine elektrische Zukunft\u00bb - Niklas Zetterlund, Managing Director LeasePlan Schweiz. (Bild: LeasePlan)\"},{\"@type\":\"BreadcrumbList\",\"@id\":\"https:\\\/\\\/www.organisator.ch\\\/sustainability\\\/2023-05-09\\\/e-mobilitaet-schweiz-ist-gut-vorbereitet\\\/#breadcrumb\",\"itemListElement\":[{\"@type\":\"ListItem\",\"position\":1,\"name\":\"Home\",\"item\":\"https:\\\/\\\/www.organisator.ch\\\/\"},{\"@type\":\"ListItem\",\"position\":2,\"name\":\"E-Mobilit\u00e4t: Schweiz ist gut vorbereitet\"}]},{\"@type\":\"WebSite\",\"@id\":\"https:\\\/\\\/www.organisator.ch\\\/#website\",\"url\":\"https:\\\/\\\/www.organisator.ch\\\/\",\"name\":\"Organisator\",\"description\":\"Kompetent. Praxisnah. Der ORGANISATOR bereitet in 10 Ausgaben pro Jahr die wesentlichen Themen f\u00fcr F\u00fchrungskr\u00e4fte von KMU auf.\",\"publisher\":{\"@id\":\"https:\\\/\\\/www.organisator.ch\\\/#organization\"},\"potentialAction\":[{\"@type\":\"SearchAction\",\"target\":{\"@type\":\"EntryPoint\",\"urlTemplate\":\"https:\\\/\\\/www.organisator.ch\\\/?s={search_term_string}\"},\"query-input\":{\"@type\":\"PropertyValueSpecification\",\"valueRequired\":true,\"valueName\":\"search_term_string\"}}],\"inLanguage\":\"fr-FR\"},{\"@type\":\"Organization\",\"@id\":\"https:\\\/\\\/www.organisator.ch\\\/#organization\",\"name\":\"Organisator\",\"url\":\"https:\\\/\\\/www.organisator.ch\\\/\",\"logo\":{\"@type\":\"ImageObject\",\"inLanguage\":\"fr-FR\",\"@id\":\"https:\\\/\\\/www.organisator.ch\\\/#\\\/schema\\\/logo\\\/image\\\/\",\"url\":\"https:\\\/\\\/www.organisator.ch\\\/wp-content\\\/uploads\\\/2022\\\/01\\\/Logo_Organisator_Website.png\",\"contentUrl\":\"https:\\\/\\\/www.organisator.ch\\\/wp-content\\\/uploads\\\/2022\\\/01\\\/Logo_Organisator_Website.png\",\"width\":800,\"height\":77,\"caption\":\"Organisator\"},\"image\":{\"@id\":\"https:\\\/\\\/www.organisator.ch\\\/#\\\/schema\\\/logo\\\/image\\\/\"},\"sameAs\":[\"https:\\\/\\\/www.facebook.com\\\/OrganisatorFachmagazin\",\"https:\\\/\\\/www.linkedin.com\\\/showcase\\\/organisator-das-magazin-fr-kmu\",\"https:\\\/\\\/www.xing.com\\\/news\\\/pages\\\/organisator-ch-695\",\"https:\\\/\\\/www.youtube.com\\\/channel\\\/UCGP2Sq0iWaZwT3BdIAQFYpw\"]},{\"@type\":\"Person\",\"@id\":\"https:\\\/\\\/www.organisator.ch\\\/#\\\/schema\\\/person\\\/6f650f90b2842cd4c0cc334b4e36f67e\",\"name\":\"thomas.berner\",\"image\":{\"@type\":\"ImageObject\",\"inLanguage\":\"fr-FR\",\"@id\":\"https:\\\/\\\/secure.gravatar.com\\\/avatar\\\/ac5001d2a36cb6c6cd3e50789007ffca834b477b74a2144564522e944eabff61?s=96&d=mm&r=g\",\"url\":\"https:\\\/\\\/secure.gravatar.com\\\/avatar\\\/ac5001d2a36cb6c6cd3e50789007ffca834b477b74a2144564522e944eabff61?s=96&d=mm&r=g\",\"contentUrl\":\"https:\\\/\\\/secure.gravatar.com\\\/avatar\\\/ac5001d2a36cb6c6cd3e50789007ffca834b477b74a2144564522e944eabff61?s=96&d=mm&r=g\",\"caption\":\"thomas.berner\"},\"url\":\"https:\\\/\\\/www.organisator.ch\\\/fr\\\/author\\\/thomas-berner\\\/\"}]}<\/script>\n<!-- \/ Yoast SEO plugin. -->","yoast_head_json":{"title":"E-mobilit\u00e9 : la Suisse est bien pr\u00e9par\u00e9e - Organisateur","description":"L'Europe est mieux pr\u00e9par\u00e9e que jamais \u00e0 la transition vers l'e-mobilit\u00e9 et les v\u00e9hicules \u00e9lectriques (VE). La Suisse suit bien le mouvement.","robots":{"index":"index","follow":"follow","max-snippet":"max-snippet:-1","max-image-preview":"max-image-preview:large","max-video-preview":"max-video-preview:-1"},"canonical":"https:\/\/www.organisator.ch\/fr\/sustainability\/2023-05-09\/e-mobilitaet-schweiz-ist-gut-vorbereitet\/","og_locale":"fr_FR","og_type":"article","og_title":"E-Mobilit\u00e4t: Schweiz ist gut vorbereitet","og_description":"Europa ist besser denn je auf den Wechsel hin zur E-Mobilit\u00e4t und Elektrofahrzeugen (EV) vorbereitet. Die Schweiz h\u00e4lt gut mit.","og_url":"https:\/\/www.organisator.ch\/fr\/sustainability\/2023-05-09\/e-mobilitaet-schweiz-ist-gut-vorbereitet\/","og_site_name":"Organisator","article_publisher":"https:\/\/www.facebook.com\/OrganisatorFachmagazin","article_published_time":"2023-05-09T07:36:59+00:00","og_image":[{"width":680,"height":453,"url":"https:\/\/www.organisator.ch\/wp-content\/uploads\/2023\/05\/E-Mobilitaet-Schweiz-ist-gut-vorbereitet-2_Organisator.jpg","type":"image\/jpeg"}],"author":"thomas.berner","twitter_card":"summary_large_image","twitter_title":"#E-Mobilit\u00e4t: Schweiz ist gut vorbereitet","twitter_description":"Europa ist besser denn je auf den Wechsel hin zur #E-Mobilit\u00e4t und #Elektrofahrzeugen (EV) vorbereitet. Die #Schweiz h\u00e4lt gut mit.","twitter_image":"https:\/\/www.organisator.ch\/wp-content\/uploads\/2023\/05\/E-Mobilitaet-Schweiz-ist-gut-vorbereitet-2_Organisator.jpg","schema":{"@context":"https:\/\/schema.org","@graph":[{"@type":"Article","@id":"https:\/\/www.organisator.ch\/sustainability\/2023-05-09\/e-mobilitaet-schweiz-ist-gut-vorbereitet\/#article","isPartOf":{"@id":"https:\/\/www.organisator.ch\/sustainability\/2023-05-09\/e-mobilitaet-schweiz-ist-gut-vorbereitet\/"},"author":{"name":"thomas.berner","@id":"https:\/\/www.organisator.ch\/#\/schema\/person\/6f650f90b2842cd4c0cc334b4e36f67e"},"headline":"E-Mobilit\u00e4t: Schweiz ist gut vorbereitet","datePublished":"2023-05-09T07:36:59+00:00","mainEntityOfPage":{"@id":"https:\/\/www.organisator.ch\/sustainability\/2023-05-09\/e-mobilitaet-schweiz-ist-gut-vorbereitet\/"},"wordCount":428,"publisher":{"@id":"https:\/\/www.organisator.ch\/#organization"},"image":{"@id":"https:\/\/www.organisator.ch\/sustainability\/2023-05-09\/e-mobilitaet-schweiz-ist-gut-vorbereitet\/#primaryimage"},"thumbnailUrl":"https:\/\/www.organisator.ch\/wp-content\/uploads\/2023\/05\/E-Mobilitaet-Schweiz-ist-gut-vorbereitet-2_Organisator.jpg","keywords":["E-Mobilit\u00e4t","Nachhaltige Wirtschaft","Studie"],"articleSection":["SUSTAINABILITY"],"inLanguage":"fr-FR"},{"@type":"WebPage","@id":"https:\/\/www.organisator.ch\/sustainability\/2023-05-09\/e-mobilitaet-schweiz-ist-gut-vorbereitet\/","url":"https:\/\/www.organisator.ch\/sustainability\/2023-05-09\/e-mobilitaet-schweiz-ist-gut-vorbereitet\/","name":"E-mobilit\u00e9 : la Suisse est bien pr\u00e9par\u00e9e - Organisateur","isPartOf":{"@id":"https:\/\/www.organisator.ch\/#website"},"primaryImageOfPage":{"@id":"https:\/\/www.organisator.ch\/sustainability\/2023-05-09\/e-mobilitaet-schweiz-ist-gut-vorbereitet\/#primaryimage"},"image":{"@id":"https:\/\/www.organisator.ch\/sustainability\/2023-05-09\/e-mobilitaet-schweiz-ist-gut-vorbereitet\/#primaryimage"},"thumbnailUrl":"https:\/\/www.organisator.ch\/wp-content\/uploads\/2023\/05\/E-Mobilitaet-Schweiz-ist-gut-vorbereitet-2_Organisator.jpg","datePublished":"2023-05-09T07:36:59+00:00","description":"L'Europe est mieux pr\u00e9par\u00e9e que jamais \u00e0 la transition vers l'e-mobilit\u00e9 et les v\u00e9hicules \u00e9lectriques (VE). La Suisse suit bien le mouvement.","breadcrumb":{"@id":"https:\/\/www.organisator.ch\/sustainability\/2023-05-09\/e-mobilitaet-schweiz-ist-gut-vorbereitet\/#breadcrumb"},"inLanguage":"fr-FR","potentialAction":[{"@type":"ReadAction","target":["https:\/\/www.organisator.ch\/sustainability\/2023-05-09\/e-mobilitaet-schweiz-ist-gut-vorbereitet\/"]}]},{"@type":"ImageObject","inLanguage":"fr-FR","@id":"https:\/\/www.organisator.ch\/sustainability\/2023-05-09\/e-mobilitaet-schweiz-ist-gut-vorbereitet\/#primaryimage","url":"https:\/\/www.organisator.ch\/wp-content\/uploads\/2023\/05\/E-Mobilitaet-Schweiz-ist-gut-vorbereitet-2_Organisator.jpg","contentUrl":"https:\/\/www.organisator.ch\/wp-content\/uploads\/2023\/05\/E-Mobilitaet-Schweiz-ist-gut-vorbereitet-2_Organisator.jpg","width":680,"height":453,"caption":"\u00abDie Schweiz ist bereit f\u00fcr eine elektrische Zukunft\u00bb - Niklas Zetterlund, Managing Director LeasePlan Schweiz. (Bild: LeasePlan)"},{"@type":"BreadcrumbList","@id":"https:\/\/www.organisator.ch\/sustainability\/2023-05-09\/e-mobilitaet-schweiz-ist-gut-vorbereitet\/#breadcrumb","itemListElement":[{"@type":"ListItem","position":1,"name":"Home","item":"https:\/\/www.organisator.ch\/"},{"@type":"ListItem","position":2,"name":"E-Mobilit\u00e4t: Schweiz ist gut vorbereitet"}]},{"@type":"WebSite","@id":"https:\/\/www.organisator.ch\/#website","url":"https:\/\/www.organisator.ch\/","name":"Organisateur","description":"Comp\u00e9tence et comp\u00e9tence. Proches de la pratique. L'ORGANISATEUR pr\u00e9pare 10 num\u00e9ros par an sur les th\u00e8mes essentiels pour les dirigeants de PME.","publisher":{"@id":"https:\/\/www.organisator.ch\/#organization"},"potentialAction":[{"@type":"SearchAction","target":{"@type":"EntryPoint","urlTemplate":"https:\/\/www.organisator.ch\/?s={search_term_string}"},"query-input":{"@type":"PropertyValueSpecification","valueRequired":true,"valueName":"search_term_string"}}],"inLanguage":"fr-FR"},{"@type":"Organization","@id":"https:\/\/www.organisator.ch\/#organization","name":"Organisateur","url":"https:\/\/www.organisator.ch\/","logo":{"@type":"ImageObject","inLanguage":"fr-FR","@id":"https:\/\/www.organisator.ch\/#\/schema\/logo\/image\/","url":"https:\/\/www.organisator.ch\/wp-content\/uploads\/2022\/01\/Logo_Organisator_Website.png","contentUrl":"https:\/\/www.organisator.ch\/wp-content\/uploads\/2022\/01\/Logo_Organisator_Website.png","width":800,"height":77,"caption":"Organisator"},"image":{"@id":"https:\/\/www.organisator.ch\/#\/schema\/logo\/image\/"},"sameAs":["https:\/\/www.facebook.com\/OrganisatorFachmagazin","https:\/\/www.linkedin.com\/showcase\/organisator-das-magazin-fr-kmu","https:\/\/www.xing.com\/news\/pages\/organisator-ch-695","https:\/\/www.youtube.com\/channel\/UCGP2Sq0iWaZwT3BdIAQFYpw"]},{"@type":"Person","@id":"https:\/\/www.organisator.ch\/#\/schema\/person\/6f650f90b2842cd4c0cc334b4e36f67e","name":"thomas.berner","image":{"@type":"ImageObject","inLanguage":"fr-FR","@id":"https:\/\/secure.gravatar.com\/avatar\/ac5001d2a36cb6c6cd3e50789007ffca834b477b74a2144564522e944eabff61?s=96&d=mm&r=g","url":"https:\/\/secure.gravatar.com\/avatar\/ac5001d2a36cb6c6cd3e50789007ffca834b477b74a2144564522e944eabff61?s=96&d=mm&r=g","contentUrl":"https:\/\/secure.gravatar.com\/avatar\/ac5001d2a36cb6c6cd3e50789007ffca834b477b74a2144564522e944eabff61?s=96&d=mm&r=g","caption":"thomas.berner"},"url":"https:\/\/www.organisator.ch\/fr\/author\/thomas-berner\/"}]}},"_links":{"self":[{"href":"https:\/\/www.organisator.ch\/fr\/wp-json\/wp\/v2\/posts\/20099","targetHints":{"allow":["GET"]}}],"collection":[{"href":"https:\/\/www.organisator.ch\/fr\/wp-json\/wp\/v2\/posts"}],"about":[{"href":"https:\/\/www.organisator.ch\/fr\/wp-json\/wp\/v2\/types\/post"}],"author":[{"embeddable":true,"href":"https:\/\/www.organisator.ch\/fr\/wp-json\/wp\/v2\/users\/4"}],"replies":[{"embeddable":true,"href":"https:\/\/www.organisator.ch\/fr\/wp-json\/wp\/v2\/comments?post=20099"}],"version-history":[{"count":4,"href":"https:\/\/www.organisator.ch\/fr\/wp-json\/wp\/v2\/posts\/20099\/revisions"}],"predecessor-version":[{"id":20136,"href":"https:\/\/www.organisator.ch\/fr\/wp-json\/wp\/v2\/posts\/20099\/revisions\/20136"}],"wp:featuredmedia":[{"embeddable":true,"href":"https:\/\/www.organisator.ch\/fr\/wp-json\/wp\/v2\/media\/20101"}],"wp:attachment":[{"href":"https:\/\/www.organisator.ch\/fr\/wp-json\/wp\/v2\/media?parent=20099"}],"wp:term":[{"taxonomy":"category","embeddable":true,"href":"https:\/\/www.organisator.ch\/fr\/wp-json\/wp\/v2\/categories?post=20099"},{"taxonomy":"post_tag","embeddable":true,"href":"https:\/\/www.organisator.ch\/fr\/wp-json\/wp\/v2\/tags?post=20099"}],"curies":[{"name":"wp","href":"https:\/\/api.w.org\/{rel}","templated":true}]}}