{"id":20138,"date":"2023-05-12T09:42:28","date_gmt":"2023-05-12T07:42:28","guid":{"rendered":"https:\/\/www.organisator.ch\/?p=20138"},"modified":"2023-05-23T13:19:57","modified_gmt":"2023-05-23T11:19:57","slug":"nachhaltigkeit-wo-steht-der-schweizer-mittelstand","status":"publish","type":"post","link":"https:\/\/www.organisator.ch\/fr\/sustainability\/2023-05-12\/nachhaltigkeit-wo-steht-der-schweizer-mittelstand\/","title":{"rendered":"Durabilit\u00e9 : o\u00f9 se situe la classe moyenne suisse ?"},"content":{"rendered":"<figure id=\"attachment_20142\" aria-describedby=\"caption-attachment-20142\" style=\"width: 680px\" class=\"wp-caption alignnone\"><img loading=\"lazy\" decoding=\"async\" class=\"size-full wp-image-20142\" src=\"https:\/\/www.organisator.ch\/wp-content\/uploads\/2023\/05\/Nachhaltigkeit-Wo-steht-der-Schweizer-Mittelstand_Organisator.jpg\" alt=\"\" width=\"680\" height=\"453\" srcset=\"https:\/\/www.organisator.ch\/wp-content\/uploads\/2023\/05\/Nachhaltigkeit-Wo-steht-der-Schweizer-Mittelstand_Organisator.jpg 680w, https:\/\/www.organisator.ch\/wp-content\/uploads\/2023\/05\/Nachhaltigkeit-Wo-steht-der-Schweizer-Mittelstand_Organisator-18x12.jpg 18w, https:\/\/www.organisator.ch\/wp-content\/uploads\/2023\/05\/Nachhaltigkeit-Wo-steht-der-Schweizer-Mittelstand_Organisator-375x250.jpg 375w, https:\/\/www.organisator.ch\/wp-content\/uploads\/2023\/05\/Nachhaltigkeit-Wo-steht-der-Schweizer-Mittelstand_Organisator-525x350.jpg 525w\" sizes=\"auto, (max-width: 680px) 100vw, 680px\" \/><figcaption id=\"caption-attachment-20142\" class=\"wp-caption-text\">Encore beaucoup de vides : Les PME suisses ont encore du mal \u00e0 \u00e9tablir des rapports de durabilit\u00e9. (Image : Pixabay.com)<\/figcaption><\/figure>\n<p>Les PME suisses consid\u00e8rent les th\u00e8mes du d\u00e9veloppement durable comme importants, mais peu d'entre elles ont des strat\u00e9gies claires ou en font \u00e9tat. C'est ce que r\u00e9v\u00e8le une \u00e9tude publi\u00e9e conjointement par le cabinet d'audit Mazars et la ZHAW. Selon cette \u00e9tude, seules 18% des entreprises interrog\u00e9es \u00e9tablissent un rapport sur la durabilit\u00e9. Environ 26% des entreprises sont actuellement en train d'\u00e9laborer un rapport sur la durabilit\u00e9, tandis que 56% ne pr\u00e9voient pas d'\u00e9tablir de rapport sur la durabilit\u00e9, selon les autres r\u00e9sultats. Presque toutes les entreprises interrog\u00e9es partent du principe que le rapport sur la durabilit\u00e9 gagnera en importance \u00e0 l'avenir.<\/p>\n<h3>Les PME suisses ont du retard \u00e0 rattraper en mati\u00e8re de reporting<\/h3>\n<p>Les 18% des entreprises interrog\u00e9es qui \u00e9tablissent d\u00e9j\u00e0 un rapport de durabilit\u00e9 sur une base annuelle sont pour la plupart des grandes entreprises. Parmi les entreprises qui \u00e9tablissent un rapport de durabilit\u00e9, 70% utilisent principalement la m\u00e9thode de l'\u00e9valuation de la durabilit\u00e9.<br \/>\nGlobal Reporting Initiative (GRI). Les entreprises qui n'\u00e9tablissent pas encore de rapport sur le d\u00e9veloppement durable ou qui ne pr\u00e9voient pas d'en \u00e9tablir un indiquent que les exigences des parties prenantes font d\u00e9faut et que les ressources en personnel sont insuffisantes. Les entreprises consid\u00e8rent que les plus grands d\u00e9fis dans le cadre de la mise en \u0153uvre du rapport sur la durabilit\u00e9 sont le manque ou l'insuffisance de savoir-faire ainsi que la difficult\u00e9 de disposer des donn\u00e9es.<\/p>\n<h3>Soutien externe n\u00e9cessaire<\/h3>\n<p>La m\u00e9thodologie de la pr\u00e9sente \u00e9tude repose sur une combinaison d'enqu\u00eates quantitatives et qualitatives. 500 entreprises en Suisse ont \u00e9t\u00e9 interrog\u00e9es. En outre, dix interviews ont \u00e9t\u00e9 men\u00e9es avec des expertes et des experts. Ces entretiens personnels ont clairement montr\u00e9 que le rapport sur le d\u00e9veloppement durable va continuer \u00e0 gagner en importance \u00e0 l'avenir, de mani\u00e8re g\u00e9n\u00e9rale, mais aussi et surtout pour les entreprises qui ne sont actuellement pas concern\u00e9es par les r\u00e9glementations nationales et internationales correspondantes. Selon l'\u00e9tude, le principal moteur de l'\u00e9laboration d'un rapport de durabilit\u00e9 est la pression externe exerc\u00e9e par les clients et les acheteurs de la cha\u00eene d'approvisionnement, mais aussi la pression du public. Les personnes interrog\u00e9es consid\u00e8rent souvent comme les plus grands d\u00e9fis des th\u00e8mes tels que le manque de connaissances sp\u00e9cialis\u00e9es et la disponibilit\u00e9 des donn\u00e9es n\u00e9cessaires. En raison de ces d\u00e9fis, de nombreux experts estiment que les entreprises ont besoin d'un soutien externe.<\/p>\n<p><em>Sources : <a href=\"http:\/\/www.mazars.ch\">www.mazars.ch<\/a> \/ <a href=\"http:\/\/www.zhaw.ch\/ifi\">www.zhaw.ch\/ifi<\/a><\/em><\/p>","protected":false},"excerpt":{"rendered":"<p>Mazars et la Haute \u00e9cole des sciences appliqu\u00e9es de Zurich (ZHAW) ont \u00e9tudi\u00e9 la mani\u00e8re dont les PME suisses mettent en \u0153uvre la tendance \u00e0 une plus grande transparence en mati\u00e8re de d\u00e9veloppement durable. Les soci\u00e9t\u00e9s ont-elles une strat\u00e9gie de durabilit\u00e9 claire, celle-ci est-elle communiqu\u00e9e \u00e0 l'ext\u00e9rieur et se fait-elle selon une norme ou un ensemble de r\u00e8gles ?<\/p>","protected":false},"author":4,"featured_media":20142,"comment_status":"closed","ping_status":"closed","sticky":false,"template":"","format":"standard","meta":{"_acf_changed":false,"_yoast_wpseo_focuskw":"Schweizer Mittelstand","_yoast_wpseo_metadesc":"Eine neue Studie hat untersucht, wie der Schweizer Mittelstand den Trend zu mehr Transparenz in der Nachhaltigkeit umsetzt.","articlekey":"","footnotes":""},"categories":[580],"tags":[335,358,1789,459],"class_list":["post-20138","post","type-post","status-publish","format-standard","has-post-thumbnail","hentry","category-sustainability","tag-management-und-unternehmensfuehrung","tag-nachhaltige-wirtschaft","tag-nachhaltigkeitsbericht","tag-studie"],"acf":[],"yoast_head":"<!-- This site is optimized with the Yoast SEO plugin v27.4 - https:\/\/yoast.com\/product\/yoast-seo-wordpress\/ -->\n<title>Nachhaltigkeit: Wo steht der Schweizer Mittelstand? - Organisator<\/title>\n<meta name=\"description\" content=\"Eine neue Studie hat untersucht, wie der Schweizer Mittelstand den Trend zu mehr Transparenz in der Nachhaltigkeit umsetzt.\" \/>\n<meta name=\"robots\" content=\"index, follow, max-snippet:-1, max-image-preview:large, max-video-preview:-1\" \/>\n<link rel=\"canonical\" href=\"https:\/\/www.organisator.ch\/fr\/sustainability\/2023-05-12\/nachhaltigkeit-wo-steht-der-schweizer-mittelstand\/\" \/>\n<meta property=\"og:locale\" content=\"fr_FR\" \/>\n<meta property=\"og:type\" content=\"article\" \/>\n<meta property=\"og:title\" content=\"Nachhaltigkeit: Wo steht der Schweizer Mittelstand?\" \/>\n<meta property=\"og:description\" content=\"Eine neue Studie hat untersucht, wie der Schweizer Mittelstand den Trend zu mehr Transparenz in der Nachhaltigkeit umsetzt.\" \/>\n<meta property=\"og:url\" content=\"https:\/\/www.organisator.ch\/fr\/sustainability\/2023-05-12\/nachhaltigkeit-wo-steht-der-schweizer-mittelstand\/\" \/>\n<meta property=\"og:site_name\" content=\"Organisator\" \/>\n<meta property=\"article:publisher\" content=\"https:\/\/www.facebook.com\/OrganisatorFachmagazin\" \/>\n<meta property=\"article:published_time\" content=\"2023-05-12T07:42:28+00:00\" \/>\n<meta property=\"article:modified_time\" content=\"2023-05-23T11:19:57+00:00\" \/>\n<meta property=\"og:image\" content=\"https:\/\/www.organisator.ch\/wp-content\/uploads\/2023\/05\/Nachhaltigkeit-Wo-steht-der-Schweizer-Mittelstand_Organisator.jpg\" \/>\n\t<meta property=\"og:image:width\" content=\"680\" \/>\n\t<meta property=\"og:image:height\" content=\"453\" \/>\n\t<meta property=\"og:image:type\" content=\"image\/jpeg\" \/>\n<meta name=\"author\" content=\"thomas.berner\" \/>\n<meta name=\"twitter:card\" content=\"summary_large_image\" \/>\n<meta name=\"twitter:title\" content=\"#Nachhaltigkeit: Wo steht der Schweizer #Mittelstand?\" \/>\n<meta name=\"twitter:description\" content=\"Eine neue Studie hat untersucht, wie der Schweizer #Mittelstand den Trend zu mehr Transparenz in der #Nachhaltigkeit umsetzt.\" \/>\n<meta name=\"twitter:image\" content=\"https:\/\/www.organisator.ch\/wp-content\/uploads\/2023\/05\/Nachhaltigkeit-Wo-steht-der-Schweizer-Mittelstand_Organisator.jpg\" \/>\n<script type=\"application\/ld+json\" class=\"yoast-schema-graph\">{\"@context\":\"https:\\\/\\\/schema.org\",\"@graph\":[{\"@type\":\"Article\",\"@id\":\"https:\\\/\\\/www.organisator.ch\\\/sustainability\\\/2023-05-12\\\/nachhaltigkeit-wo-steht-der-schweizer-mittelstand\\\/#article\",\"isPartOf\":{\"@id\":\"https:\\\/\\\/www.organisator.ch\\\/sustainability\\\/2023-05-12\\\/nachhaltigkeit-wo-steht-der-schweizer-mittelstand\\\/\"},\"author\":{\"name\":\"thomas.berner\",\"@id\":\"https:\\\/\\\/www.organisator.ch\\\/#\\\/schema\\\/person\\\/6f650f90b2842cd4c0cc334b4e36f67e\"},\"headline\":\"Nachhaltigkeit: Wo steht der Schweizer Mittelstand?\",\"datePublished\":\"2023-05-12T07:42:28+00:00\",\"dateModified\":\"2023-05-23T11:19:57+00:00\",\"mainEntityOfPage\":{\"@id\":\"https:\\\/\\\/www.organisator.ch\\\/sustainability\\\/2023-05-12\\\/nachhaltigkeit-wo-steht-der-schweizer-mittelstand\\\/\"},\"wordCount\":374,\"publisher\":{\"@id\":\"https:\\\/\\\/www.organisator.ch\\\/#organization\"},\"image\":{\"@id\":\"https:\\\/\\\/www.organisator.ch\\\/sustainability\\\/2023-05-12\\\/nachhaltigkeit-wo-steht-der-schweizer-mittelstand\\\/#primaryimage\"},\"thumbnailUrl\":\"https:\\\/\\\/www.organisator.ch\\\/wp-content\\\/uploads\\\/2023\\\/05\\\/Nachhaltigkeit-Wo-steht-der-Schweizer-Mittelstand_Organisator.jpg\",\"keywords\":[\"Management und Unternehmensf\u00fchrung\",\"Nachhaltige Wirtschaft\",\"Nachhaltigkeitsbericht\",\"Studie\"],\"articleSection\":[\"SUSTAINABILITY\"],\"inLanguage\":\"fr-FR\"},{\"@type\":\"WebPage\",\"@id\":\"https:\\\/\\\/www.organisator.ch\\\/sustainability\\\/2023-05-12\\\/nachhaltigkeit-wo-steht-der-schweizer-mittelstand\\\/\",\"url\":\"https:\\\/\\\/www.organisator.ch\\\/sustainability\\\/2023-05-12\\\/nachhaltigkeit-wo-steht-der-schweizer-mittelstand\\\/\",\"name\":\"Nachhaltigkeit: Wo steht der Schweizer Mittelstand? - Organisator\",\"isPartOf\":{\"@id\":\"https:\\\/\\\/www.organisator.ch\\\/#website\"},\"primaryImageOfPage\":{\"@id\":\"https:\\\/\\\/www.organisator.ch\\\/sustainability\\\/2023-05-12\\\/nachhaltigkeit-wo-steht-der-schweizer-mittelstand\\\/#primaryimage\"},\"image\":{\"@id\":\"https:\\\/\\\/www.organisator.ch\\\/sustainability\\\/2023-05-12\\\/nachhaltigkeit-wo-steht-der-schweizer-mittelstand\\\/#primaryimage\"},\"thumbnailUrl\":\"https:\\\/\\\/www.organisator.ch\\\/wp-content\\\/uploads\\\/2023\\\/05\\\/Nachhaltigkeit-Wo-steht-der-Schweizer-Mittelstand_Organisator.jpg\",\"datePublished\":\"2023-05-12T07:42:28+00:00\",\"dateModified\":\"2023-05-23T11:19:57+00:00\",\"description\":\"Eine neue Studie hat untersucht, wie der Schweizer Mittelstand den Trend zu mehr Transparenz in der Nachhaltigkeit umsetzt.\",\"breadcrumb\":{\"@id\":\"https:\\\/\\\/www.organisator.ch\\\/sustainability\\\/2023-05-12\\\/nachhaltigkeit-wo-steht-der-schweizer-mittelstand\\\/#breadcrumb\"},\"inLanguage\":\"fr-FR\",\"potentialAction\":[{\"@type\":\"ReadAction\",\"target\":[\"https:\\\/\\\/www.organisator.ch\\\/sustainability\\\/2023-05-12\\\/nachhaltigkeit-wo-steht-der-schweizer-mittelstand\\\/\"]}]},{\"@type\":\"ImageObject\",\"inLanguage\":\"fr-FR\",\"@id\":\"https:\\\/\\\/www.organisator.ch\\\/sustainability\\\/2023-05-12\\\/nachhaltigkeit-wo-steht-der-schweizer-mittelstand\\\/#primaryimage\",\"url\":\"https:\\\/\\\/www.organisator.ch\\\/wp-content\\\/uploads\\\/2023\\\/05\\\/Nachhaltigkeit-Wo-steht-der-Schweizer-Mittelstand_Organisator.jpg\",\"contentUrl\":\"https:\\\/\\\/www.organisator.ch\\\/wp-content\\\/uploads\\\/2023\\\/05\\\/Nachhaltigkeit-Wo-steht-der-Schweizer-Mittelstand_Organisator.jpg\",\"width\":680,\"height\":453,\"caption\":\"Noch viele Leerstellen: Der Schweizer Mittelstand bzw. KMU tun sich mit Nachhaltigkeitsberichterstattung noch schwer. (Bild: Pixabay.com)\"},{\"@type\":\"BreadcrumbList\",\"@id\":\"https:\\\/\\\/www.organisator.ch\\\/sustainability\\\/2023-05-12\\\/nachhaltigkeit-wo-steht-der-schweizer-mittelstand\\\/#breadcrumb\",\"itemListElement\":[{\"@type\":\"ListItem\",\"position\":1,\"name\":\"Home\",\"item\":\"https:\\\/\\\/www.organisator.ch\\\/\"},{\"@type\":\"ListItem\",\"position\":2,\"name\":\"Nachhaltigkeit: Wo steht der Schweizer Mittelstand?\"}]},{\"@type\":\"WebSite\",\"@id\":\"https:\\\/\\\/www.organisator.ch\\\/#website\",\"url\":\"https:\\\/\\\/www.organisator.ch\\\/\",\"name\":\"Organisator\",\"description\":\"Kompetent. Praxisnah. Der ORGANISATOR bereitet in 10 Ausgaben pro Jahr die wesentlichen Themen f\u00fcr F\u00fchrungskr\u00e4fte von KMU auf.\",\"publisher\":{\"@id\":\"https:\\\/\\\/www.organisator.ch\\\/#organization\"},\"potentialAction\":[{\"@type\":\"SearchAction\",\"target\":{\"@type\":\"EntryPoint\",\"urlTemplate\":\"https:\\\/\\\/www.organisator.ch\\\/?s={search_term_string}\"},\"query-input\":{\"@type\":\"PropertyValueSpecification\",\"valueRequired\":true,\"valueName\":\"search_term_string\"}}],\"inLanguage\":\"fr-FR\"},{\"@type\":\"Organization\",\"@id\":\"https:\\\/\\\/www.organisator.ch\\\/#organization\",\"name\":\"Organisator\",\"url\":\"https:\\\/\\\/www.organisator.ch\\\/\",\"logo\":{\"@type\":\"ImageObject\",\"inLanguage\":\"fr-FR\",\"@id\":\"https:\\\/\\\/www.organisator.ch\\\/#\\\/schema\\\/logo\\\/image\\\/\",\"url\":\"https:\\\/\\\/www.organisator.ch\\\/wp-content\\\/uploads\\\/2022\\\/01\\\/Logo_Organisator_Website.png\",\"contentUrl\":\"https:\\\/\\\/www.organisator.ch\\\/wp-content\\\/uploads\\\/2022\\\/01\\\/Logo_Organisator_Website.png\",\"width\":800,\"height\":77,\"caption\":\"Organisator\"},\"image\":{\"@id\":\"https:\\\/\\\/www.organisator.ch\\\/#\\\/schema\\\/logo\\\/image\\\/\"},\"sameAs\":[\"https:\\\/\\\/www.facebook.com\\\/OrganisatorFachmagazin\",\"https:\\\/\\\/www.linkedin.com\\\/showcase\\\/organisator-das-magazin-fr-kmu\",\"https:\\\/\\\/www.xing.com\\\/news\\\/pages\\\/organisator-ch-695\",\"https:\\\/\\\/www.youtube.com\\\/channel\\\/UCGP2Sq0iWaZwT3BdIAQFYpw\"]},{\"@type\":\"Person\",\"@id\":\"https:\\\/\\\/www.organisator.ch\\\/#\\\/schema\\\/person\\\/6f650f90b2842cd4c0cc334b4e36f67e\",\"name\":\"thomas.berner\",\"image\":{\"@type\":\"ImageObject\",\"inLanguage\":\"fr-FR\",\"@id\":\"https:\\\/\\\/secure.gravatar.com\\\/avatar\\\/ac5001d2a36cb6c6cd3e50789007ffca834b477b74a2144564522e944eabff61?s=96&d=mm&r=g\",\"url\":\"https:\\\/\\\/secure.gravatar.com\\\/avatar\\\/ac5001d2a36cb6c6cd3e50789007ffca834b477b74a2144564522e944eabff61?s=96&d=mm&r=g\",\"contentUrl\":\"https:\\\/\\\/secure.gravatar.com\\\/avatar\\\/ac5001d2a36cb6c6cd3e50789007ffca834b477b74a2144564522e944eabff61?s=96&d=mm&r=g\",\"caption\":\"thomas.berner\"},\"url\":\"https:\\\/\\\/www.organisator.ch\\\/fr\\\/author\\\/thomas-berner\\\/\"}]}<\/script>\n<!-- \/ Yoast SEO plugin. -->","yoast_head_json":{"title":"Durabilit\u00e9 : o\u00f9 en est la classe moyenne suisse ? - Organisateur","description":"Une nouvelle \u00e9tude s'est pench\u00e9e sur la mani\u00e8re dont les PME suisses mettent en \u0153uvre la tendance \u00e0 une plus grande transparence en mati\u00e8re de durabilit\u00e9.","robots":{"index":"index","follow":"follow","max-snippet":"max-snippet:-1","max-image-preview":"max-image-preview:large","max-video-preview":"max-video-preview:-1"},"canonical":"https:\/\/www.organisator.ch\/fr\/sustainability\/2023-05-12\/nachhaltigkeit-wo-steht-der-schweizer-mittelstand\/","og_locale":"fr_FR","og_type":"article","og_title":"Nachhaltigkeit: Wo steht der Schweizer Mittelstand?","og_description":"Eine neue Studie hat untersucht, wie der Schweizer Mittelstand den Trend zu mehr Transparenz in der Nachhaltigkeit umsetzt.","og_url":"https:\/\/www.organisator.ch\/fr\/sustainability\/2023-05-12\/nachhaltigkeit-wo-steht-der-schweizer-mittelstand\/","og_site_name":"Organisator","article_publisher":"https:\/\/www.facebook.com\/OrganisatorFachmagazin","article_published_time":"2023-05-12T07:42:28+00:00","article_modified_time":"2023-05-23T11:19:57+00:00","og_image":[{"width":680,"height":453,"url":"https:\/\/www.organisator.ch\/wp-content\/uploads\/2023\/05\/Nachhaltigkeit-Wo-steht-der-Schweizer-Mittelstand_Organisator.jpg","type":"image\/jpeg"}],"author":"thomas.berner","twitter_card":"summary_large_image","twitter_title":"#Nachhaltigkeit: Wo steht der Schweizer #Mittelstand?","twitter_description":"Eine neue Studie hat untersucht, wie der Schweizer #Mittelstand den Trend zu mehr Transparenz in der #Nachhaltigkeit umsetzt.","twitter_image":"https:\/\/www.organisator.ch\/wp-content\/uploads\/2023\/05\/Nachhaltigkeit-Wo-steht-der-Schweizer-Mittelstand_Organisator.jpg","schema":{"@context":"https:\/\/schema.org","@graph":[{"@type":"Article","@id":"https:\/\/www.organisator.ch\/sustainability\/2023-05-12\/nachhaltigkeit-wo-steht-der-schweizer-mittelstand\/#article","isPartOf":{"@id":"https:\/\/www.organisator.ch\/sustainability\/2023-05-12\/nachhaltigkeit-wo-steht-der-schweizer-mittelstand\/"},"author":{"name":"thomas.berner","@id":"https:\/\/www.organisator.ch\/#\/schema\/person\/6f650f90b2842cd4c0cc334b4e36f67e"},"headline":"Nachhaltigkeit: Wo steht der Schweizer Mittelstand?","datePublished":"2023-05-12T07:42:28+00:00","dateModified":"2023-05-23T11:19:57+00:00","mainEntityOfPage":{"@id":"https:\/\/www.organisator.ch\/sustainability\/2023-05-12\/nachhaltigkeit-wo-steht-der-schweizer-mittelstand\/"},"wordCount":374,"publisher":{"@id":"https:\/\/www.organisator.ch\/#organization"},"image":{"@id":"https:\/\/www.organisator.ch\/sustainability\/2023-05-12\/nachhaltigkeit-wo-steht-der-schweizer-mittelstand\/#primaryimage"},"thumbnailUrl":"https:\/\/www.organisator.ch\/wp-content\/uploads\/2023\/05\/Nachhaltigkeit-Wo-steht-der-Schweizer-Mittelstand_Organisator.jpg","keywords":["Management und Unternehmensf\u00fchrung","Nachhaltige Wirtschaft","Nachhaltigkeitsbericht","Studie"],"articleSection":["SUSTAINABILITY"],"inLanguage":"fr-FR"},{"@type":"WebPage","@id":"https:\/\/www.organisator.ch\/sustainability\/2023-05-12\/nachhaltigkeit-wo-steht-der-schweizer-mittelstand\/","url":"https:\/\/www.organisator.ch\/sustainability\/2023-05-12\/nachhaltigkeit-wo-steht-der-schweizer-mittelstand\/","name":"Durabilit\u00e9 : o\u00f9 en est la classe moyenne suisse ? - Organisateur","isPartOf":{"@id":"https:\/\/www.organisator.ch\/#website"},"primaryImageOfPage":{"@id":"https:\/\/www.organisator.ch\/sustainability\/2023-05-12\/nachhaltigkeit-wo-steht-der-schweizer-mittelstand\/#primaryimage"},"image":{"@id":"https:\/\/www.organisator.ch\/sustainability\/2023-05-12\/nachhaltigkeit-wo-steht-der-schweizer-mittelstand\/#primaryimage"},"thumbnailUrl":"https:\/\/www.organisator.ch\/wp-content\/uploads\/2023\/05\/Nachhaltigkeit-Wo-steht-der-Schweizer-Mittelstand_Organisator.jpg","datePublished":"2023-05-12T07:42:28+00:00","dateModified":"2023-05-23T11:19:57+00:00","description":"Une nouvelle \u00e9tude s'est pench\u00e9e sur la mani\u00e8re dont les PME suisses mettent en \u0153uvre la tendance \u00e0 une plus grande transparence en mati\u00e8re de durabilit\u00e9.","breadcrumb":{"@id":"https:\/\/www.organisator.ch\/sustainability\/2023-05-12\/nachhaltigkeit-wo-steht-der-schweizer-mittelstand\/#breadcrumb"},"inLanguage":"fr-FR","potentialAction":[{"@type":"ReadAction","target":["https:\/\/www.organisator.ch\/sustainability\/2023-05-12\/nachhaltigkeit-wo-steht-der-schweizer-mittelstand\/"]}]},{"@type":"ImageObject","inLanguage":"fr-FR","@id":"https:\/\/www.organisator.ch\/sustainability\/2023-05-12\/nachhaltigkeit-wo-steht-der-schweizer-mittelstand\/#primaryimage","url":"https:\/\/www.organisator.ch\/wp-content\/uploads\/2023\/05\/Nachhaltigkeit-Wo-steht-der-Schweizer-Mittelstand_Organisator.jpg","contentUrl":"https:\/\/www.organisator.ch\/wp-content\/uploads\/2023\/05\/Nachhaltigkeit-Wo-steht-der-Schweizer-Mittelstand_Organisator.jpg","width":680,"height":453,"caption":"Noch viele Leerstellen: Der Schweizer Mittelstand bzw. KMU tun sich mit Nachhaltigkeitsberichterstattung noch schwer. (Bild: Pixabay.com)"},{"@type":"BreadcrumbList","@id":"https:\/\/www.organisator.ch\/sustainability\/2023-05-12\/nachhaltigkeit-wo-steht-der-schweizer-mittelstand\/#breadcrumb","itemListElement":[{"@type":"ListItem","position":1,"name":"Home","item":"https:\/\/www.organisator.ch\/"},{"@type":"ListItem","position":2,"name":"Nachhaltigkeit: Wo steht der Schweizer Mittelstand?"}]},{"@type":"WebSite","@id":"https:\/\/www.organisator.ch\/#website","url":"https:\/\/www.organisator.ch\/","name":"Organisateur","description":"Comp\u00e9tence et comp\u00e9tence. Proches de la pratique. L'ORGANISATEUR pr\u00e9pare 10 num\u00e9ros par an sur les th\u00e8mes essentiels pour les dirigeants de PME.","publisher":{"@id":"https:\/\/www.organisator.ch\/#organization"},"potentialAction":[{"@type":"SearchAction","target":{"@type":"EntryPoint","urlTemplate":"https:\/\/www.organisator.ch\/?s={search_term_string}"},"query-input":{"@type":"PropertyValueSpecification","valueRequired":true,"valueName":"search_term_string"}}],"inLanguage":"fr-FR"},{"@type":"Organization","@id":"https:\/\/www.organisator.ch\/#organization","name":"Organisateur","url":"https:\/\/www.organisator.ch\/","logo":{"@type":"ImageObject","inLanguage":"fr-FR","@id":"https:\/\/www.organisator.ch\/#\/schema\/logo\/image\/","url":"https:\/\/www.organisator.ch\/wp-content\/uploads\/2022\/01\/Logo_Organisator_Website.png","contentUrl":"https:\/\/www.organisator.ch\/wp-content\/uploads\/2022\/01\/Logo_Organisator_Website.png","width":800,"height":77,"caption":"Organisator"},"image":{"@id":"https:\/\/www.organisator.ch\/#\/schema\/logo\/image\/"},"sameAs":["https:\/\/www.facebook.com\/OrganisatorFachmagazin","https:\/\/www.linkedin.com\/showcase\/organisator-das-magazin-fr-kmu","https:\/\/www.xing.com\/news\/pages\/organisator-ch-695","https:\/\/www.youtube.com\/channel\/UCGP2Sq0iWaZwT3BdIAQFYpw"]},{"@type":"Person","@id":"https:\/\/www.organisator.ch\/#\/schema\/person\/6f650f90b2842cd4c0cc334b4e36f67e","name":"thomas.berner","image":{"@type":"ImageObject","inLanguage":"fr-FR","@id":"https:\/\/secure.gravatar.com\/avatar\/ac5001d2a36cb6c6cd3e50789007ffca834b477b74a2144564522e944eabff61?s=96&d=mm&r=g","url":"https:\/\/secure.gravatar.com\/avatar\/ac5001d2a36cb6c6cd3e50789007ffca834b477b74a2144564522e944eabff61?s=96&d=mm&r=g","contentUrl":"https:\/\/secure.gravatar.com\/avatar\/ac5001d2a36cb6c6cd3e50789007ffca834b477b74a2144564522e944eabff61?s=96&d=mm&r=g","caption":"thomas.berner"},"url":"https:\/\/www.organisator.ch\/fr\/author\/thomas-berner\/"}]}},"_links":{"self":[{"href":"https:\/\/www.organisator.ch\/fr\/wp-json\/wp\/v2\/posts\/20138","targetHints":{"allow":["GET"]}}],"collection":[{"href":"https:\/\/www.organisator.ch\/fr\/wp-json\/wp\/v2\/posts"}],"about":[{"href":"https:\/\/www.organisator.ch\/fr\/wp-json\/wp\/v2\/types\/post"}],"author":[{"embeddable":true,"href":"https:\/\/www.organisator.ch\/fr\/wp-json\/wp\/v2\/users\/4"}],"replies":[{"embeddable":true,"href":"https:\/\/www.organisator.ch\/fr\/wp-json\/wp\/v2\/comments?post=20138"}],"version-history":[{"count":4,"href":"https:\/\/www.organisator.ch\/fr\/wp-json\/wp\/v2\/posts\/20138\/revisions"}],"predecessor-version":[{"id":20368,"href":"https:\/\/www.organisator.ch\/fr\/wp-json\/wp\/v2\/posts\/20138\/revisions\/20368"}],"wp:featuredmedia":[{"embeddable":true,"href":"https:\/\/www.organisator.ch\/fr\/wp-json\/wp\/v2\/media\/20142"}],"wp:attachment":[{"href":"https:\/\/www.organisator.ch\/fr\/wp-json\/wp\/v2\/media?parent=20138"}],"wp:term":[{"taxonomy":"category","embeddable":true,"href":"https:\/\/www.organisator.ch\/fr\/wp-json\/wp\/v2\/categories?post=20138"},{"taxonomy":"post_tag","embeddable":true,"href":"https:\/\/www.organisator.ch\/fr\/wp-json\/wp\/v2\/tags?post=20138"}],"curies":[{"name":"wp","href":"https:\/\/api.w.org\/{rel}","templated":true}]}}