{"id":20177,"date":"2023-05-16T13:11:34","date_gmt":"2023-05-16T11:11:34","guid":{"rendered":"https:\/\/www.m-q.ch\/?p=17993"},"modified":"2024-11-16T08:34:32","modified_gmt":"2024-11-16T07:34:32","slug":"cyberkriminalitaet-die-bedrohungslage-im-ueberblick","status":"publish","type":"post","link":"https:\/\/www.organisator.ch\/fr\/operational-excellence\/2023-05-16\/cyberkriminalitaet-die-bedrohungslage-im-ueberblick\/","title":{"rendered":"Cybercriminalit\u00e9 : aper\u00e7u de la menace"},"content":{"rendered":"<figure id=\"attachment_17994\" class=\"wp-caption alignnone\" style=\"width: 680px\" aria-describedby=\"caption-attachment-17994\"><img class=\"alignnone wp-image-17994 size-full\" src=\"https:\/\/www.m-q.ch\/wp-content\/uploads\/2023\/05\/Cyberkriminalitaet-Die-Bedrohungslage-im-Ueberblick_MQ.jpg\" alt=\"Radar des menaces de cybers\u00e9curit\u00e9\" width=\"680\" height=\"680\" \/>\r\n<figcaption id=\"caption-attachment-17994\" class=\"wp-caption-text\">Aper\u00e7u de la situation en mati\u00e8re de cybermenaces. (Graphique : Swisscom)<\/figcaption>\r\n<\/figure>\r\n<p>Le prestataire de services de t\u00e9l\u00e9communications Swisscom a publi\u00e9 son dernier Cyber Security Threat Radar. Cette publication doit servir de guide et de boussole pour man\u0153uvrer en toute s\u00e9curit\u00e9 dans le cybermonde. Le rapport observe les tendances et les d\u00e9fis dans le cybermonde, les relie et les \u00e9value et fournit, gr\u00e2ce \u00e0 la mise en commun des connaissances d'experts, un aper\u00e7u concis de la situation des menaces et de leur \u00e9volution en Suisse. Et la situation se pr\u00e9sente comme suit : Le nombre de cybermenaces reste \u00e9lev\u00e9. Chaque jour, on peut lire dans les m\u00e9dias de nouvelles cyberattaques. Qu'il s'agisse de grandes entreprises ou de PME, tout le monde peut \u00eatre touch\u00e9. Pour am\u00e9liorer leurs attaques, les pirates informatiques sont constamment \u00e0 la recherche de nouvelles m\u00e9thodes.<\/p>\r\n<h3>Les attaques bas\u00e9es sur l'IA se multiplient<\/h3>\r\n<p>C'est pourquoi le Cyber Security Threat Radar de Swisscom de cette ann\u00e9e met l'accent sur les attaques bas\u00e9es sur l'intelligence artificielle (AI-Based Attacks, artificial intelligence). Il s'agit de cyberattaques utilisant des technologies d'intelligence artificielle. Elles permettent aux pirates de mener leurs attaques de mani\u00e8re plus efficace et plus efficiente afin de contourner les mesures de d\u00e9fense.\u00a0<\/p>\r\n<p>Swisscom observe ces derniers mois une forte augmentation des menaces dans ce domaine. Cela s'explique par les outils disponibles publiquement qui ont fait un v\u00e9ritable bond en avant. Il s'agit par exemple du Large Natural Language Model ChatGPT, publi\u00e9 en novembre 2022. Ce mod\u00e8le d'IA a \u00e9t\u00e9 d\u00e9velopp\u00e9 pour g\u00e9n\u00e9rer un texte semblable \u00e0 celui d'un humain et faire office d'assistant vocal. Les cybercriminels l'ont \u00e9galement d\u00e9couvert pour eux-m\u00eames. Il permet par exemple de formuler des e-mails de phishing personnalis\u00e9s de mani\u00e8re plus convaincante. Les attaques de phishing sont ainsi plus difficiles \u00e0 d\u00e9masquer et peuvent inciter les destinataires \u00e0 divulguer des informations sensibles ou \u00e0 cliquer sur des liens malveillants.<\/p>\r\n<h3><strong>Les ransomwares, un probl\u00e8me r\u00e9current<\/strong><\/h3>\r\n<p>Le phishing est aussi, dans la plupart des cas, la porte d'entr\u00e9e de <a href=\"https:\/\/www.m-q.ch\/de\/noch-nie-so-viele-datenverschluesselungen-durch-ransomware\/\">Attaques de ransomware<\/a> - un autre grand d\u00e9fi pour la s\u00e9curit\u00e9 informatique. Les pirates informatiques p\u00e9n\u00e8trent dans un syst\u00e8me via un logiciel malveillant, cryptent des fichiers et exigent ensuite une ran\u00e7on pour les lib\u00e9rer. Les sp\u00e9cialistes de la s\u00e9curit\u00e9 de Swisscom s'attendent ici \u00e0 une nette augmentation de l'extorsion multiple, c'est-\u00e0-dire la combinaison de plusieurs tactiques d'attaque comme les ransomwares, le vol de donn\u00e9es et le d\u00e9ni de service. Les fournisseurs de services g\u00e9r\u00e9s sont \u00e9galement de plus en plus attaqu\u00e9s, car ils sont souvent pr\u00eats \u00e0 payer une ran\u00e7on et leurs clients peuvent \u00eatre directement attaqu\u00e9s.<\/p>\r\n<h3><strong>Pr\u00e9venir la p\u00e9nurie de main-d'\u0153uvre qualifi\u00e9e gr\u00e2ce \u00e0 la formation interne<\/strong><\/h3>\r\n<p>Pour renforcer la r\u00e9sistance aux cybermenaces au sein de son entreprise, il est indispensable d'envisager la cybers\u00e9curit\u00e9 et la s\u00e9curit\u00e9 informatique dans leur ensemble. En effet, outre les dispositions techniques, des collaborateurs bien form\u00e9s et des cyber-experts internes jouent un r\u00f4le central. Les experts en s\u00e9curit\u00e9 informatique sont toutefois tr\u00e8s demand\u00e9s et difficiles \u00e0 trouver. Dans une lutte constante pour les talents, on peut s'\u00e9puiser en tant qu'entreprise et essayer de travailler sur un march\u00e9 du travail vid\u00e9. Une autre variante consiste \u00e0 tourner son regard vers l'int\u00e9rieur et \u00e0 investir dans la formation continue et la formation de ses propres collaborateurs.\u00a0<\/p>\r\n<p>Le rapport en dit plus \u00e0 ce sujet et pr\u00e9sente les autres contre-mesures que les entreprises peuvent prendre face \u00e0 la menace actuelle.<\/p>\r\n<p><em>Source et informations compl\u00e9mentaires : <a href=\"https:\/\/www.swisscom.ch\/de\/business\/kmu.html\">Swisscom<\/a><\/em><\/p>\n<p class=\"syndicated-attribution\">Cet article est paru initialement sur m-q.ch - <a href=\"https:\/\/www.m-q.ch\/de\/cyberkriminalitaet-die-bedrohungslage-im-ueberblick\/\" target=\"_blank\">https:\/\/www.m-q.ch\/de\/cyberkriminalitaet-die-bedrohungslage-im-ueberblick\/<\/a><\/p>","protected":false},"excerpt":{"rendered":"<p>Le Cyber Security Threat Radar de Swisscom r\u00e9v\u00e8le la mani\u00e8re de proc\u00e9der des cybercriminels et montre dans quelles m\u00e9thodes d'attaque ils investissent leur \u00e9nergie. Les attaques bas\u00e9es sur l'IA ont pris un essor consid\u00e9rable. Mais il y a aussi d'autres d\u00e9fis.<\/p>","protected":false},"author":8,"featured_media":0,"comment_status":"closed","ping_status":"closed","sticky":false,"template":"","format":"standard","meta":{"_acf_changed":false,"_yoast_wpseo_focuskw":"Cyber Security Threat Radar","_yoast_wpseo_metadesc":"Swisscom: AI-basierte Angriffe und Ransomware im Fokus des aktuellen Cyber Security Threat Radars.","articlekey":"","footnotes":""},"categories":[582],"tags":[],"class_list":["post-20177","post","type-post","status-publish","format-standard","hentry","category-operational-excellence"],"acf":[],"yoast_head":"<!-- This site is optimized with the Yoast SEO plugin v27.5 - https:\/\/yoast.com\/product\/yoast-seo-wordpress\/ -->\n<title>Cyberkriminalit\u00e4t: Die Bedrohungslage im \u00dcberblick - Organisator<\/title>\n<meta name=\"description\" content=\"Swisscom: AI-basierte Angriffe und Ransomware im Fokus des aktuellen Cyber Security Threat Radars.\" \/>\n<meta name=\"robots\" content=\"index, follow, max-snippet:-1, max-image-preview:large, max-video-preview:-1\" \/>\n<link rel=\"canonical\" href=\"https:\/\/www.organisator.ch\/fr\/excellence-operationnelle\/2023-05-16\/cyberkriminalitaet-die-bedrohungslage-im-ueberblick\/\" \/>\n<meta property=\"og:locale\" content=\"fr_FR\" \/>\n<meta property=\"og:type\" content=\"article\" \/>\n<meta property=\"og:title\" content=\"Cyberkriminalit\u00e4t: Die Bedrohungslage im \u00dcberblick - Organisator\" \/>\n<meta property=\"og:description\" content=\"Swisscom: AI-basierte Angriffe und Ransomware im Fokus des aktuellen Cyber Security Threat Radars.\" \/>\n<meta property=\"og:url\" content=\"https:\/\/www.organisator.ch\/fr\/excellence-operationnelle\/2023-05-16\/cyberkriminalitaet-die-bedrohungslage-im-ueberblick\/\" \/>\n<meta property=\"og:site_name\" content=\"Organisator\" \/>\n<meta property=\"article:publisher\" content=\"https:\/\/www.facebook.com\/OrganisatorFachmagazin\" \/>\n<meta property=\"article:published_time\" content=\"2023-05-16T11:11:34+00:00\" \/>\n<meta property=\"article:modified_time\" content=\"2024-11-16T07:34:32+00:00\" \/>\n<meta name=\"author\" content=\"galledia\" \/>\n<meta name=\"twitter:card\" content=\"summary_large_image\" \/>\n<meta name=\"twitter:creator\" content=\"@admin\" \/>\n<script type=\"application\/ld+json\" class=\"yoast-schema-graph\">{\"@context\":\"https:\\\/\\\/schema.org\",\"@graph\":[{\"@type\":\"Article\",\"@id\":\"https:\\\/\\\/www.organisator.ch\\\/operational-excellence\\\/2023-05-16\\\/cyberkriminalitaet-die-bedrohungslage-im-ueberblick\\\/#article\",\"isPartOf\":{\"@id\":\"https:\\\/\\\/www.organisator.ch\\\/operational-excellence\\\/2023-05-16\\\/cyberkriminalitaet-die-bedrohungslage-im-ueberblick\\\/\"},\"author\":{\"name\":\"galledia\",\"@id\":\"https:\\\/\\\/www.organisator.ch\\\/#\\\/schema\\\/person\\\/4e51799071cd2dd1232ac003643ef5f0\"},\"headline\":\"Cyberkriminalit\u00e4t: Die Bedrohungslage im \u00dcberblick\",\"datePublished\":\"2023-05-16T11:11:34+00:00\",\"dateModified\":\"2024-11-16T07:34:32+00:00\",\"mainEntityOfPage\":{\"@id\":\"https:\\\/\\\/www.organisator.ch\\\/operational-excellence\\\/2023-05-16\\\/cyberkriminalitaet-die-bedrohungslage-im-ueberblick\\\/\"},\"wordCount\":487,\"publisher\":{\"@id\":\"https:\\\/\\\/www.organisator.ch\\\/#organization\"},\"image\":{\"@id\":\"https:\\\/\\\/www.organisator.ch\\\/operational-excellence\\\/2023-05-16\\\/cyberkriminalitaet-die-bedrohungslage-im-ueberblick\\\/#primaryimage\"},\"thumbnailUrl\":\"https:\\\/\\\/www.m-q.ch\\\/wp-content\\\/uploads\\\/2023\\\/05\\\/Cyberkriminalitaet-Die-Bedrohungslage-im-Ueberblick_MQ.jpg\",\"articleSection\":[\"OPERATIONAL EXCELLENCE\"],\"inLanguage\":\"fr-FR\"},{\"@type\":\"WebPage\",\"@id\":\"https:\\\/\\\/www.organisator.ch\\\/operational-excellence\\\/2023-05-16\\\/cyberkriminalitaet-die-bedrohungslage-im-ueberblick\\\/\",\"url\":\"https:\\\/\\\/www.organisator.ch\\\/operational-excellence\\\/2023-05-16\\\/cyberkriminalitaet-die-bedrohungslage-im-ueberblick\\\/\",\"name\":\"Cyberkriminalit\u00e4t: Die Bedrohungslage im \u00dcberblick - Organisator\",\"isPartOf\":{\"@id\":\"https:\\\/\\\/www.organisator.ch\\\/#website\"},\"primaryImageOfPage\":{\"@id\":\"https:\\\/\\\/www.organisator.ch\\\/operational-excellence\\\/2023-05-16\\\/cyberkriminalitaet-die-bedrohungslage-im-ueberblick\\\/#primaryimage\"},\"image\":{\"@id\":\"https:\\\/\\\/www.organisator.ch\\\/operational-excellence\\\/2023-05-16\\\/cyberkriminalitaet-die-bedrohungslage-im-ueberblick\\\/#primaryimage\"},\"thumbnailUrl\":\"https:\\\/\\\/www.m-q.ch\\\/wp-content\\\/uploads\\\/2023\\\/05\\\/Cyberkriminalitaet-Die-Bedrohungslage-im-Ueberblick_MQ.jpg\",\"datePublished\":\"2023-05-16T11:11:34+00:00\",\"dateModified\":\"2024-11-16T07:34:32+00:00\",\"description\":\"Swisscom: AI-basierte Angriffe und Ransomware im Fokus des aktuellen Cyber Security Threat Radars.\",\"breadcrumb\":{\"@id\":\"https:\\\/\\\/www.organisator.ch\\\/operational-excellence\\\/2023-05-16\\\/cyberkriminalitaet-die-bedrohungslage-im-ueberblick\\\/#breadcrumb\"},\"inLanguage\":\"fr-FR\",\"potentialAction\":[{\"@type\":\"ReadAction\",\"target\":[\"https:\\\/\\\/www.organisator.ch\\\/operational-excellence\\\/2023-05-16\\\/cyberkriminalitaet-die-bedrohungslage-im-ueberblick\\\/\"]}]},{\"@type\":\"ImageObject\",\"inLanguage\":\"fr-FR\",\"@id\":\"https:\\\/\\\/www.organisator.ch\\\/operational-excellence\\\/2023-05-16\\\/cyberkriminalitaet-die-bedrohungslage-im-ueberblick\\\/#primaryimage\",\"url\":\"https:\\\/\\\/www.m-q.ch\\\/wp-content\\\/uploads\\\/2023\\\/05\\\/Cyberkriminalitaet-Die-Bedrohungslage-im-Ueberblick_MQ.jpg\",\"contentUrl\":\"https:\\\/\\\/www.m-q.ch\\\/wp-content\\\/uploads\\\/2023\\\/05\\\/Cyberkriminalitaet-Die-Bedrohungslage-im-Ueberblick_MQ.jpg\"},{\"@type\":\"BreadcrumbList\",\"@id\":\"https:\\\/\\\/www.organisator.ch\\\/operational-excellence\\\/2023-05-16\\\/cyberkriminalitaet-die-bedrohungslage-im-ueberblick\\\/#breadcrumb\",\"itemListElement\":[{\"@type\":\"ListItem\",\"position\":1,\"name\":\"Home\",\"item\":\"https:\\\/\\\/www.organisator.ch\\\/\"},{\"@type\":\"ListItem\",\"position\":2,\"name\":\"Cyberkriminalit\u00e4t: Die Bedrohungslage im \u00dcberblick\"}]},{\"@type\":\"WebSite\",\"@id\":\"https:\\\/\\\/www.organisator.ch\\\/#website\",\"url\":\"https:\\\/\\\/www.organisator.ch\\\/\",\"name\":\"Organisator\",\"description\":\"Kompetent. Praxisnah. Der ORGANISATOR bereitet in 10 Ausgaben pro Jahr die wesentlichen Themen f\u00fcr F\u00fchrungskr\u00e4fte von KMU auf.\",\"publisher\":{\"@id\":\"https:\\\/\\\/www.organisator.ch\\\/#organization\"},\"potentialAction\":[{\"@type\":\"SearchAction\",\"target\":{\"@type\":\"EntryPoint\",\"urlTemplate\":\"https:\\\/\\\/www.organisator.ch\\\/?s={search_term_string}\"},\"query-input\":{\"@type\":\"PropertyValueSpecification\",\"valueRequired\":true,\"valueName\":\"search_term_string\"}}],\"inLanguage\":\"fr-FR\"},{\"@type\":\"Organization\",\"@id\":\"https:\\\/\\\/www.organisator.ch\\\/#organization\",\"name\":\"Organisator\",\"url\":\"https:\\\/\\\/www.organisator.ch\\\/\",\"logo\":{\"@type\":\"ImageObject\",\"inLanguage\":\"fr-FR\",\"@id\":\"https:\\\/\\\/www.organisator.ch\\\/#\\\/schema\\\/logo\\\/image\\\/\",\"url\":\"https:\\\/\\\/www.organisator.ch\\\/wp-content\\\/uploads\\\/2022\\\/01\\\/Logo_Organisator_Website.png\",\"contentUrl\":\"https:\\\/\\\/www.organisator.ch\\\/wp-content\\\/uploads\\\/2022\\\/01\\\/Logo_Organisator_Website.png\",\"width\":800,\"height\":77,\"caption\":\"Organisator\"},\"image\":{\"@id\":\"https:\\\/\\\/www.organisator.ch\\\/#\\\/schema\\\/logo\\\/image\\\/\"},\"sameAs\":[\"https:\\\/\\\/www.facebook.com\\\/OrganisatorFachmagazin\",\"https:\\\/\\\/www.linkedin.com\\\/showcase\\\/organisator-das-magazin-fr-kmu\",\"https:\\\/\\\/www.xing.com\\\/news\\\/pages\\\/organisator-ch-695\",\"https:\\\/\\\/www.youtube.com\\\/channel\\\/UCGP2Sq0iWaZwT3BdIAQFYpw\"]},{\"@type\":\"Person\",\"@id\":\"https:\\\/\\\/www.organisator.ch\\\/#\\\/schema\\\/person\\\/4e51799071cd2dd1232ac003643ef5f0\",\"name\":\"galledia\",\"image\":{\"@type\":\"ImageObject\",\"inLanguage\":\"fr-FR\",\"@id\":\"https:\\\/\\\/secure.gravatar.com\\\/avatar\\\/78a7f90c01fc2bfc875782a0d4922b37cde2cf184ce347b91316d23cd7f69a36?s=96&d=mm&r=g\",\"url\":\"https:\\\/\\\/secure.gravatar.com\\\/avatar\\\/78a7f90c01fc2bfc875782a0d4922b37cde2cf184ce347b91316d23cd7f69a36?s=96&d=mm&r=g\",\"contentUrl\":\"https:\\\/\\\/secure.gravatar.com\\\/avatar\\\/78a7f90c01fc2bfc875782a0d4922b37cde2cf184ce347b91316d23cd7f69a36?s=96&d=mm&r=g\",\"caption\":\"galledia\"},\"sameAs\":[\"https:\\\/\\\/x.com\\\/admin\"],\"url\":\"https:\\\/\\\/www.organisator.ch\\\/fr\\\/author\\\/galledia\\\/\"}]}<\/script>\n<!-- \/ Yoast SEO plugin. -->","yoast_head_json":{"title":"Cybercriminalit\u00e9 : aper\u00e7u de la menace - Organisateur","description":"Swisscom : Attaques bas\u00e9es sur l'IA et ransomware en point de mire du dernier Cyber Security Threat Radar.","robots":{"index":"index","follow":"follow","max-snippet":"max-snippet:-1","max-image-preview":"max-image-preview:large","max-video-preview":"max-video-preview:-1"},"canonical":"https:\/\/www.organisator.ch\/fr\/excellence-operationnelle\/2023-05-16\/cyberkriminalitaet-die-bedrohungslage-im-ueberblick\/","og_locale":"fr_FR","og_type":"article","og_title":"Cyberkriminalit\u00e4t: Die Bedrohungslage im \u00dcberblick - Organisator","og_description":"Swisscom: AI-basierte Angriffe und Ransomware im Fokus des aktuellen Cyber Security Threat Radars.","og_url":"https:\/\/www.organisator.ch\/fr\/excellence-operationnelle\/2023-05-16\/cyberkriminalitaet-die-bedrohungslage-im-ueberblick\/","og_site_name":"Organisator","article_publisher":"https:\/\/www.facebook.com\/OrganisatorFachmagazin","article_published_time":"2023-05-16T11:11:34+00:00","article_modified_time":"2024-11-16T07:34:32+00:00","author":"galledia","twitter_card":"summary_large_image","twitter_creator":"@admin","schema":{"@context":"https:\/\/schema.org","@graph":[{"@type":"Article","@id":"https:\/\/www.organisator.ch\/operational-excellence\/2023-05-16\/cyberkriminalitaet-die-bedrohungslage-im-ueberblick\/#article","isPartOf":{"@id":"https:\/\/www.organisator.ch\/operational-excellence\/2023-05-16\/cyberkriminalitaet-die-bedrohungslage-im-ueberblick\/"},"author":{"name":"galledia","@id":"https:\/\/www.organisator.ch\/#\/schema\/person\/4e51799071cd2dd1232ac003643ef5f0"},"headline":"Cyberkriminalit\u00e4t: Die Bedrohungslage im \u00dcberblick","datePublished":"2023-05-16T11:11:34+00:00","dateModified":"2024-11-16T07:34:32+00:00","mainEntityOfPage":{"@id":"https:\/\/www.organisator.ch\/operational-excellence\/2023-05-16\/cyberkriminalitaet-die-bedrohungslage-im-ueberblick\/"},"wordCount":487,"publisher":{"@id":"https:\/\/www.organisator.ch\/#organization"},"image":{"@id":"https:\/\/www.organisator.ch\/operational-excellence\/2023-05-16\/cyberkriminalitaet-die-bedrohungslage-im-ueberblick\/#primaryimage"},"thumbnailUrl":"https:\/\/www.m-q.ch\/wp-content\/uploads\/2023\/05\/Cyberkriminalitaet-Die-Bedrohungslage-im-Ueberblick_MQ.jpg","articleSection":["OPERATIONAL EXCELLENCE"],"inLanguage":"fr-FR"},{"@type":"WebPage","@id":"https:\/\/www.organisator.ch\/operational-excellence\/2023-05-16\/cyberkriminalitaet-die-bedrohungslage-im-ueberblick\/","url":"https:\/\/www.organisator.ch\/operational-excellence\/2023-05-16\/cyberkriminalitaet-die-bedrohungslage-im-ueberblick\/","name":"Cybercriminalit\u00e9 : aper\u00e7u de la menace - Organisateur","isPartOf":{"@id":"https:\/\/www.organisator.ch\/#website"},"primaryImageOfPage":{"@id":"https:\/\/www.organisator.ch\/operational-excellence\/2023-05-16\/cyberkriminalitaet-die-bedrohungslage-im-ueberblick\/#primaryimage"},"image":{"@id":"https:\/\/www.organisator.ch\/operational-excellence\/2023-05-16\/cyberkriminalitaet-die-bedrohungslage-im-ueberblick\/#primaryimage"},"thumbnailUrl":"https:\/\/www.m-q.ch\/wp-content\/uploads\/2023\/05\/Cyberkriminalitaet-Die-Bedrohungslage-im-Ueberblick_MQ.jpg","datePublished":"2023-05-16T11:11:34+00:00","dateModified":"2024-11-16T07:34:32+00:00","description":"Swisscom : Attaques bas\u00e9es sur l'IA et ransomware en point de mire du dernier Cyber Security Threat Radar.","breadcrumb":{"@id":"https:\/\/www.organisator.ch\/operational-excellence\/2023-05-16\/cyberkriminalitaet-die-bedrohungslage-im-ueberblick\/#breadcrumb"},"inLanguage":"fr-FR","potentialAction":[{"@type":"ReadAction","target":["https:\/\/www.organisator.ch\/operational-excellence\/2023-05-16\/cyberkriminalitaet-die-bedrohungslage-im-ueberblick\/"]}]},{"@type":"ImageObject","inLanguage":"fr-FR","@id":"https:\/\/www.organisator.ch\/operational-excellence\/2023-05-16\/cyberkriminalitaet-die-bedrohungslage-im-ueberblick\/#primaryimage","url":"https:\/\/www.m-q.ch\/wp-content\/uploads\/2023\/05\/Cyberkriminalitaet-Die-Bedrohungslage-im-Ueberblick_MQ.jpg","contentUrl":"https:\/\/www.m-q.ch\/wp-content\/uploads\/2023\/05\/Cyberkriminalitaet-Die-Bedrohungslage-im-Ueberblick_MQ.jpg"},{"@type":"BreadcrumbList","@id":"https:\/\/www.organisator.ch\/operational-excellence\/2023-05-16\/cyberkriminalitaet-die-bedrohungslage-im-ueberblick\/#breadcrumb","itemListElement":[{"@type":"ListItem","position":1,"name":"Home","item":"https:\/\/www.organisator.ch\/"},{"@type":"ListItem","position":2,"name":"Cyberkriminalit\u00e4t: Die Bedrohungslage im \u00dcberblick"}]},{"@type":"WebSite","@id":"https:\/\/www.organisator.ch\/#website","url":"https:\/\/www.organisator.ch\/","name":"Organisateur","description":"Comp\u00e9tence et comp\u00e9tence. Proches de la pratique. L'ORGANISATEUR pr\u00e9pare 10 num\u00e9ros par an sur les th\u00e8mes essentiels pour les dirigeants de PME.","publisher":{"@id":"https:\/\/www.organisator.ch\/#organization"},"potentialAction":[{"@type":"SearchAction","target":{"@type":"EntryPoint","urlTemplate":"https:\/\/www.organisator.ch\/?s={search_term_string}"},"query-input":{"@type":"PropertyValueSpecification","valueRequired":true,"valueName":"search_term_string"}}],"inLanguage":"fr-FR"},{"@type":"Organization","@id":"https:\/\/www.organisator.ch\/#organization","name":"Organisateur","url":"https:\/\/www.organisator.ch\/","logo":{"@type":"ImageObject","inLanguage":"fr-FR","@id":"https:\/\/www.organisator.ch\/#\/schema\/logo\/image\/","url":"https:\/\/www.organisator.ch\/wp-content\/uploads\/2022\/01\/Logo_Organisator_Website.png","contentUrl":"https:\/\/www.organisator.ch\/wp-content\/uploads\/2022\/01\/Logo_Organisator_Website.png","width":800,"height":77,"caption":"Organisator"},"image":{"@id":"https:\/\/www.organisator.ch\/#\/schema\/logo\/image\/"},"sameAs":["https:\/\/www.facebook.com\/OrganisatorFachmagazin","https:\/\/www.linkedin.com\/showcase\/organisator-das-magazin-fr-kmu","https:\/\/www.xing.com\/news\/pages\/organisator-ch-695","https:\/\/www.youtube.com\/channel\/UCGP2Sq0iWaZwT3BdIAQFYpw"]},{"@type":"Person","@id":"https:\/\/www.organisator.ch\/#\/schema\/person\/4e51799071cd2dd1232ac003643ef5f0","name":"galledia","image":{"@type":"ImageObject","inLanguage":"fr-FR","@id":"https:\/\/secure.gravatar.com\/avatar\/78a7f90c01fc2bfc875782a0d4922b37cde2cf184ce347b91316d23cd7f69a36?s=96&d=mm&r=g","url":"https:\/\/secure.gravatar.com\/avatar\/78a7f90c01fc2bfc875782a0d4922b37cde2cf184ce347b91316d23cd7f69a36?s=96&d=mm&r=g","contentUrl":"https:\/\/secure.gravatar.com\/avatar\/78a7f90c01fc2bfc875782a0d4922b37cde2cf184ce347b91316d23cd7f69a36?s=96&d=mm&r=g","caption":"galledia"},"sameAs":["https:\/\/x.com\/admin"],"url":"https:\/\/www.organisator.ch\/fr\/author\/galledia\/"}]}},"_links":{"self":[{"href":"https:\/\/www.organisator.ch\/fr\/wp-json\/wp\/v2\/posts\/20177","targetHints":{"allow":["GET"]}}],"collection":[{"href":"https:\/\/www.organisator.ch\/fr\/wp-json\/wp\/v2\/posts"}],"about":[{"href":"https:\/\/www.organisator.ch\/fr\/wp-json\/wp\/v2\/types\/post"}],"author":[{"embeddable":true,"href":"https:\/\/www.organisator.ch\/fr\/wp-json\/wp\/v2\/users\/8"}],"replies":[{"embeddable":true,"href":"https:\/\/www.organisator.ch\/fr\/wp-json\/wp\/v2\/comments?post=20177"}],"version-history":[{"count":3,"href":"https:\/\/www.organisator.ch\/fr\/wp-json\/wp\/v2\/posts\/20177\/revisions"}],"predecessor-version":[{"id":33141,"href":"https:\/\/www.organisator.ch\/fr\/wp-json\/wp\/v2\/posts\/20177\/revisions\/33141"}],"wp:attachment":[{"href":"https:\/\/www.organisator.ch\/fr\/wp-json\/wp\/v2\/media?parent=20177"}],"wp:term":[{"taxonomy":"category","embeddable":true,"href":"https:\/\/www.organisator.ch\/fr\/wp-json\/wp\/v2\/categories?post=20177"},{"taxonomy":"post_tag","embeddable":true,"href":"https:\/\/www.organisator.ch\/fr\/wp-json\/wp\/v2\/tags?post=20177"}],"curies":[{"name":"wp","href":"https:\/\/api.w.org\/{rel}","templated":true}]}}