{"id":20217,"date":"2023-05-22T08:04:38","date_gmt":"2023-05-22T06:04:38","guid":{"rendered":"https:\/\/www.m-q.ch\/?p=18005"},"modified":"2024-11-16T08:30:15","modified_gmt":"2024-11-16T07:30:15","slug":"bankenkrise-geht-weiter-wirtschaft-schwaecht-sich-weiter-ab","status":"publish","type":"post","link":"https:\/\/www.organisator.ch\/fr\/operational-excellence\/2023-05-22\/bankenkrise-geht-weiter-wirtschaft-schwaecht-sich-weiter-ab\/","title":{"rendered":"La crise bancaire se poursuit - l'\u00e9conomie continue de s'affaiblir"},"content":{"rendered":"<figure id=\"attachment_18006\" class=\"wp-caption alignnone\" style=\"width: 680px\" aria-describedby=\"caption-attachment-18006\"><img class=\"alignnone wp-image-18006 size-full\" src=\"https:\/\/www.organisator.ch\/wp-content\/uploads\/2022\/11\/Organisator-Stellen-und-Talente-Damit-es-besser-matcht.jpg\" alt=\"Perspectives \u00e9conomiques\" width=\"1000\" height=\"680\" \/>\r\n<figcaption id=\"caption-attachment-18006\" class=\"wp-caption-text\">Selon les perspectives de l'agence de renseignements \u00e9conomiques Dun &amp; Bradstreet, la crise bancaire se poursuit. L'\u00e9conomie s'est \u00e9galement affaiblie au niveau mondial au premier trimestre. (Image : Pixabay.com)<\/figcaption>\r\n<\/figure>\r\n<p>La crise de confiance dans le secteur financier se poursuit. Apr\u00e8s la Silicon Valley Bank et la Signature Bank, une autre banque r\u00e9gionale am\u00e9ricaine, la First Republic Bank, a d\u00fb \u00eatre sauv\u00e9e de l'effondrement d\u00e9but mai, dans ce cas gr\u00e2ce \u00e0 l'intervention de JP Morgan. La chute de la First Republic Bank n'a certes pas \u00e9t\u00e9 une surprise. Dans l'\u00e9dition d'avril du Global Outlook de l'agence de renseignements \u00e9conomiques Dun &amp; Bradstreet, les auteurs avaient d\u00e9j\u00e0 signal\u00e9 les probl\u00e8mes et la fuite massive des d\u00e9p\u00f4ts de l'\u00e9tablissement californien. Ils estiment qu'il est possible que d'autres \u00e9tablissements r\u00e9gionaux am\u00e9ricains pr\u00e9sentant un profil de bilan et d'activit\u00e9 similaire puissent devenir des cas d'urgence. Il est certes rassurant de constater que les grandes banques am\u00e9ricaines \u00e0 fort rendement sont pr\u00eates \u00e0 jouer le r\u00f4le de havre de protection pour les petits \u00e9tablissements en crise, ajoutent-ils. Mais la d\u00e9t\u00e9rioration des conditions de cr\u00e9dit aux Etats-Unis pourrait s'av\u00e9rer probl\u00e9matique, notamment parce que le ralentissement de l'\u00e9conomie am\u00e9ricaine menace d'augmenter les pertes de cr\u00e9dit. Le risque que d'autres dominos tombent et que le secteur bancaire soit secou\u00e9 par de nouvelles crises de panique persiste donc, selon l'\u00e9valuation de Dun &amp; Bradstreet.<\/p>\r\n<h3><strong>Ralentissement \u00e9conomique et gel des taux d'int\u00e9r\u00eat aux \u00c9tats-Unis<\/strong><\/h3>\r\n<p>Les donn\u00e9es relatives au produit int\u00e9rieur brut (PIB) pour le premier trimestre 2023 ont fourni des indications int\u00e9ressantes sur l'\u00e9volution de l'\u00e9conomie mondiale. Elles indiquent un ralentissement de l'\u00e9conomie dans presque toutes les \u00e9conomies. Les perspectives pour l'Am\u00e9rique du Nord sont toujours consid\u00e9r\u00e9es comme \"d\u00e9grad\u00e9es\" par le rapport. Ainsi, la croissance du PIB aux \u00c9tats-Unis au cours des trois premiers mois de l'ann\u00e9e en cours est rest\u00e9e inf\u00e9rieure aux attentes, avec un taux annualis\u00e9 de 1,1 %. Le march\u00e9 immobilier, en particulier, a tendance \u00e0 \u00eatre faible. De plus, une \u00e9p\u00e9e de Damocl\u00e8s plane sur la plus grande \u00e9conomie du monde si le Congr\u00e8s n'accepte pas de suspendre le plafond de la dette. Ce jour, appel\u00e9 \"X-Date\" dans le jargon am\u00e9ricain, pourrait survenir plus t\u00f4t que pr\u00e9vu.<\/p>\r\n<p>Aux \u00c9tats-Unis, le risque de nouvelles faillites de banques et d'un environnement de cr\u00e9dit plus difficile persiste donc. Cet aspect a incit\u00e9 la R\u00e9serve f\u00e9d\u00e9rale am\u00e9ricaine (Fed) \u00e0 stopper le cycle de hausse des taux plus t\u00f4t que ne le justifierait probablement la dynamique de l'inflation. Dans l'ensemble, les risques baissiers pour l'\u00e9conomie am\u00e9ricaine ont augment\u00e9, m\u00eame si une r\u00e9cession totale ne correspond toujours pas \u00e0 notre sc\u00e9nario de base.<\/p>\r\n<h3><strong>Hausse de l'inflation sous-jacente en Europe<\/strong><\/h3>\r\n<p>Selon Eurostat, la croissance \u00e9conomique s'est \u00e9lev\u00e9e \u00e0 0,3 % dans l'Union europ\u00e9enne et \u00e0 0,1 % dans la zone euro au premier trimestre 2023. M\u00eame si certains indicateurs avanc\u00e9s incitent \u00e0 un optimisme mod\u00e9r\u00e9, les \u00e9conomies europ\u00e9ennes restent confront\u00e9es \u00e0 des d\u00e9fis, conclut le rapport de Dun &amp; Bradstreet. Certes, le taux d'inflation global est en train de reculer dans de nombreux pays d'Europe occidentale. Mais ce n'est pas une raison pour lever l'alerte, car l'inflation de base (c'est-\u00e0-dire l'inflation sans l'\u00e9nergie, les produits alimentaires, l'alcool et le tabac) a continu\u00e9 \u00e0 augmenter r\u00e9cemment. La Banque centrale europ\u00e9enne (BCE) devrait donc continuer \u00e0 augmenter ses taux directeurs avant de faire probablement une pause au cours du second semestre. Le nombre croissant de faillites t\u00e9moigne de l'augmentation du risque de cr\u00e9dit dans les \u00e9conomies europ\u00e9ennes. Au quatri\u00e8me trimestre 2022, elles ont augment\u00e9 de 27 pour cent par rapport au trimestre pr\u00e9c\u00e9dent.<\/p>\r\n<h3><strong>Asie : la Chine profite de l'effet de rattrapage<\/strong><\/h3>\r\n<p>En outre, le dernier Country Risk Global Outlook consid\u00e8re les perspectives conjoncturelles pour la r\u00e9gion Asie-Pacifique comme \"stables\", m\u00eame si la croissance \u00e9conomique de cette ann\u00e9e devrait \u00eatre inf\u00e9rieure \u00e0 celle de l'ann\u00e9e pr\u00e9c\u00e9dente. Les exceptions sont la Chine continentale, la r\u00e9gion administrative sp\u00e9ciale de Hong Kong et la Tha\u00eflande, est-il pr\u00e9cis\u00e9. Les auteurs estiment que la Chine profite d'effets de rattrapage apr\u00e8s la fin de la politique de z\u00e9ro coving du pays et atteindra probablement son objectif de croissance d'environ 5 pour cent cette ann\u00e9e. Les \u00e9conomies asiatiques \u00e9troitement li\u00e9es \u00e0 l'\u00e9conomie chinoise en profiteraient \u00e0 court terme, tandis que les pays de la r\u00e9gion qui exportent fortement vers les march\u00e9s europ\u00e9ens et am\u00e9ricains verraient leur demande ext\u00e9rieure diminuer. \"Au final, nous pensons que le 'dividende de croissance' de la Chine apr\u00e8s sa r\u00e9ouverture n'aura que des effets positifs limit\u00e9s pour le reste du monde\", estime le rapport.<\/p>\r\n<h3><strong>Mati\u00e8res premi\u00e8res : l'offre de p\u00e9trole risque de s'\u00e9puiser<\/strong><\/h3>\r\n<p>Le prix du p\u00e9trole de type Brent s'est r\u00e9cemment stabilis\u00e9 autour de 80 dollars US le baril. Au cours du reste de l'ann\u00e9e, les prix pourraient toutefois grimper jusqu'\u00e0 100 dollars US en raison d'une p\u00e9nurie d'offre. D'une part, parce que l'embargo de l'UE sur les produits p\u00e9troliers raffin\u00e9s russes est entr\u00e9 en vigueur. D'autre part, parce que la r\u00e9duction de la production d\u00e9cid\u00e9e par l'OPEP ne pourra probablement pas \u00eatre enti\u00e8rement compens\u00e9e par les pays non membres de l'OPEP en raison de leurs r\u00e9serves de capacit\u00e9 limit\u00e9es.<\/p>\r\n<p><em>Source et informations compl\u00e9mentaires : <a href=\"https:\/\/www.dnb.com\/de-ch\/\">Dun &amp; Bradstreet<\/a><\/em><\/p>\n<p class=\"syndicated-attribution\">Cet article est paru initialement sur m-q.ch - <a href=\"https:\/\/www.m-q.ch\/de\/bankenkrise-geht-weiter-wirtschaft-schwaecht-sich-weiter-ab\/\" target=\"_blank\">https:\/\/www.m-q.ch\/de\/bankenkrise-geht-weiter-wirtschaft-schwaecht-sich-weiter-ab\/<\/a><\/p>","protected":false},"excerpt":{"rendered":"<p>Selon le dernier Country Risk Global Outlook de Dun &amp; Bradstreet, le syst\u00e8me financier reste vuln\u00e9rable aux crises de confiance apr\u00e8s un nouvel effondrement d'une banque r\u00e9gionale. En outre, des signes de ralentissement \u00e9conomique sont visibles dans presque toutes les \u00e9conomies. Aux \u00c9tats-Unis, la fin du cycle de rel\u00e8vement des taux d'int\u00e9r\u00eat serait perceptible.<\/p>","protected":false},"author":8,"featured_media":0,"comment_status":"closed","ping_status":"closed","sticky":false,"template":"","format":"standard","meta":{"_acf_changed":false,"_yoast_wpseo_focuskw":"Wirtschaftsausblick","_yoast_wpseo_metadesc":"Bankenkrise h\u00e4lt an: Wirtschaft global abgeschw\u00e4cht im ersten Quartal 2023. Prognosen von Dun & Bradstreet.","articlekey":"","footnotes":""},"categories":[582],"tags":[],"class_list":["post-20217","post","type-post","status-publish","format-standard","hentry","category-operational-excellence"],"acf":[],"yoast_head":"<!-- This site is optimized with the Yoast SEO plugin v27.5 - https:\/\/yoast.com\/product\/yoast-seo-wordpress\/ -->\n<title>Bankenkrise geht weiter \u2013 Wirtschaft schw\u00e4cht sich weiter ab - Organisator<\/title>\n<meta name=\"description\" content=\"Bankenkrise h\u00e4lt an: Wirtschaft global abgeschw\u00e4cht im ersten Quartal 2023. Prognosen von Dun &amp; Bradstreet.\" \/>\n<meta name=\"robots\" content=\"index, follow, max-snippet:-1, max-image-preview:large, max-video-preview:-1\" \/>\n<link rel=\"canonical\" href=\"https:\/\/www.organisator.ch\/fr\/excellence-operationnelle\/2023-05-22\/bankenkrise-geht-weiter-wirtschaft-schwaecht-sich-weiter-ab\/\" \/>\n<meta property=\"og:locale\" content=\"fr_FR\" \/>\n<meta property=\"og:type\" content=\"article\" \/>\n<meta property=\"og:title\" content=\"Bankenkrise geht weiter \u2013 Wirtschaft schw\u00e4cht sich weiter ab - Organisator\" \/>\n<meta property=\"og:description\" content=\"Bankenkrise h\u00e4lt an: Wirtschaft global abgeschw\u00e4cht im ersten Quartal 2023. Prognosen von Dun &amp; Bradstreet.\" \/>\n<meta property=\"og:url\" content=\"https:\/\/www.organisator.ch\/fr\/excellence-operationnelle\/2023-05-22\/bankenkrise-geht-weiter-wirtschaft-schwaecht-sich-weiter-ab\/\" \/>\n<meta property=\"og:site_name\" content=\"Organisator\" \/>\n<meta property=\"article:publisher\" content=\"https:\/\/www.facebook.com\/OrganisatorFachmagazin\" \/>\n<meta property=\"article:published_time\" content=\"2023-05-22T06:04:38+00:00\" \/>\n<meta property=\"article:modified_time\" content=\"2024-11-16T07:30:15+00:00\" \/>\n<meta property=\"og:image\" content=\"https:\/\/www.organisator.ch\/wp-content\/uploads\/2022\/11\/Organisator-Stellen-und-Talente-Damit-es-besser-matcht.jpg\" \/>\n\t<meta property=\"og:image:width\" content=\"768\" \/>\n\t<meta property=\"og:image:height\" content=\"522\" \/>\n\t<meta property=\"og:image:type\" content=\"image\/jpeg\" \/>\n<meta name=\"author\" content=\"galledia\" \/>\n<meta name=\"twitter:card\" content=\"summary_large_image\" \/>\n<meta name=\"twitter:creator\" content=\"@admin\" \/>\n<script type=\"application\/ld+json\" class=\"yoast-schema-graph\">{\"@context\":\"https:\\\/\\\/schema.org\",\"@graph\":[{\"@type\":\"Article\",\"@id\":\"https:\\\/\\\/www.organisator.ch\\\/operational-excellence\\\/2023-05-22\\\/bankenkrise-geht-weiter-wirtschaft-schwaecht-sich-weiter-ab\\\/#article\",\"isPartOf\":{\"@id\":\"https:\\\/\\\/www.organisator.ch\\\/operational-excellence\\\/2023-05-22\\\/bankenkrise-geht-weiter-wirtschaft-schwaecht-sich-weiter-ab\\\/\"},\"author\":{\"name\":\"galledia\",\"@id\":\"https:\\\/\\\/www.organisator.ch\\\/#\\\/schema\\\/person\\\/4e51799071cd2dd1232ac003643ef5f0\"},\"headline\":\"Bankenkrise geht weiter \u2013 Wirtschaft schw\u00e4cht sich weiter ab\",\"datePublished\":\"2023-05-22T06:04:38+00:00\",\"dateModified\":\"2024-11-16T07:30:15+00:00\",\"mainEntityOfPage\":{\"@id\":\"https:\\\/\\\/www.organisator.ch\\\/operational-excellence\\\/2023-05-22\\\/bankenkrise-geht-weiter-wirtschaft-schwaecht-sich-weiter-ab\\\/\"},\"wordCount\":775,\"publisher\":{\"@id\":\"https:\\\/\\\/www.organisator.ch\\\/#organization\"},\"image\":{\"@id\":\"https:\\\/\\\/www.organisator.ch\\\/operational-excellence\\\/2023-05-22\\\/bankenkrise-geht-weiter-wirtschaft-schwaecht-sich-weiter-ab\\\/#primaryimage\"},\"thumbnailUrl\":\"https:\\\/\\\/www.organisator.ch\\\/wp-content\\\/uploads\\\/2022\\\/11\\\/Organisator-Stellen-und-Talente-Damit-es-besser-matcht.jpg\",\"articleSection\":[\"OPERATIONAL EXCELLENCE\"],\"inLanguage\":\"fr-FR\"},{\"@type\":\"WebPage\",\"@id\":\"https:\\\/\\\/www.organisator.ch\\\/operational-excellence\\\/2023-05-22\\\/bankenkrise-geht-weiter-wirtschaft-schwaecht-sich-weiter-ab\\\/\",\"url\":\"https:\\\/\\\/www.organisator.ch\\\/operational-excellence\\\/2023-05-22\\\/bankenkrise-geht-weiter-wirtschaft-schwaecht-sich-weiter-ab\\\/\",\"name\":\"Bankenkrise geht weiter \u2013 Wirtschaft schw\u00e4cht sich weiter ab - Organisator\",\"isPartOf\":{\"@id\":\"https:\\\/\\\/www.organisator.ch\\\/#website\"},\"primaryImageOfPage\":{\"@id\":\"https:\\\/\\\/www.organisator.ch\\\/operational-excellence\\\/2023-05-22\\\/bankenkrise-geht-weiter-wirtschaft-schwaecht-sich-weiter-ab\\\/#primaryimage\"},\"image\":{\"@id\":\"https:\\\/\\\/www.organisator.ch\\\/operational-excellence\\\/2023-05-22\\\/bankenkrise-geht-weiter-wirtschaft-schwaecht-sich-weiter-ab\\\/#primaryimage\"},\"thumbnailUrl\":\"https:\\\/\\\/www.organisator.ch\\\/wp-content\\\/uploads\\\/2022\\\/11\\\/Organisator-Stellen-und-Talente-Damit-es-besser-matcht.jpg\",\"datePublished\":\"2023-05-22T06:04:38+00:00\",\"dateModified\":\"2024-11-16T07:30:15+00:00\",\"description\":\"Bankenkrise h\u00e4lt an: Wirtschaft global abgeschw\u00e4cht im ersten Quartal 2023. Prognosen von Dun & Bradstreet.\",\"breadcrumb\":{\"@id\":\"https:\\\/\\\/www.organisator.ch\\\/operational-excellence\\\/2023-05-22\\\/bankenkrise-geht-weiter-wirtschaft-schwaecht-sich-weiter-ab\\\/#breadcrumb\"},\"inLanguage\":\"fr-FR\",\"potentialAction\":[{\"@type\":\"ReadAction\",\"target\":[\"https:\\\/\\\/www.organisator.ch\\\/operational-excellence\\\/2023-05-22\\\/bankenkrise-geht-weiter-wirtschaft-schwaecht-sich-weiter-ab\\\/\"]}]},{\"@type\":\"ImageObject\",\"inLanguage\":\"fr-FR\",\"@id\":\"https:\\\/\\\/www.organisator.ch\\\/operational-excellence\\\/2023-05-22\\\/bankenkrise-geht-weiter-wirtschaft-schwaecht-sich-weiter-ab\\\/#primaryimage\",\"url\":\"https:\\\/\\\/www.organisator.ch\\\/wp-content\\\/uploads\\\/2022\\\/11\\\/Organisator-Stellen-und-Talente-Damit-es-besser-matcht.jpg\",\"contentUrl\":\"https:\\\/\\\/www.organisator.ch\\\/wp-content\\\/uploads\\\/2022\\\/11\\\/Organisator-Stellen-und-Talente-Damit-es-besser-matcht.jpg\"},{\"@type\":\"BreadcrumbList\",\"@id\":\"https:\\\/\\\/www.organisator.ch\\\/operational-excellence\\\/2023-05-22\\\/bankenkrise-geht-weiter-wirtschaft-schwaecht-sich-weiter-ab\\\/#breadcrumb\",\"itemListElement\":[{\"@type\":\"ListItem\",\"position\":1,\"name\":\"Home\",\"item\":\"https:\\\/\\\/www.organisator.ch\\\/\"},{\"@type\":\"ListItem\",\"position\":2,\"name\":\"Bankenkrise geht weiter \u2013 Wirtschaft schw\u00e4cht sich weiter ab\"}]},{\"@type\":\"WebSite\",\"@id\":\"https:\\\/\\\/www.organisator.ch\\\/#website\",\"url\":\"https:\\\/\\\/www.organisator.ch\\\/\",\"name\":\"Organisator\",\"description\":\"Kompetent. Praxisnah. Der ORGANISATOR bereitet in 10 Ausgaben pro Jahr die wesentlichen Themen f\u00fcr F\u00fchrungskr\u00e4fte von KMU auf.\",\"publisher\":{\"@id\":\"https:\\\/\\\/www.organisator.ch\\\/#organization\"},\"potentialAction\":[{\"@type\":\"SearchAction\",\"target\":{\"@type\":\"EntryPoint\",\"urlTemplate\":\"https:\\\/\\\/www.organisator.ch\\\/?s={search_term_string}\"},\"query-input\":{\"@type\":\"PropertyValueSpecification\",\"valueRequired\":true,\"valueName\":\"search_term_string\"}}],\"inLanguage\":\"fr-FR\"},{\"@type\":\"Organization\",\"@id\":\"https:\\\/\\\/www.organisator.ch\\\/#organization\",\"name\":\"Organisator\",\"url\":\"https:\\\/\\\/www.organisator.ch\\\/\",\"logo\":{\"@type\":\"ImageObject\",\"inLanguage\":\"fr-FR\",\"@id\":\"https:\\\/\\\/www.organisator.ch\\\/#\\\/schema\\\/logo\\\/image\\\/\",\"url\":\"https:\\\/\\\/www.organisator.ch\\\/wp-content\\\/uploads\\\/2022\\\/01\\\/Logo_Organisator_Website.png\",\"contentUrl\":\"https:\\\/\\\/www.organisator.ch\\\/wp-content\\\/uploads\\\/2022\\\/01\\\/Logo_Organisator_Website.png\",\"width\":800,\"height\":77,\"caption\":\"Organisator\"},\"image\":{\"@id\":\"https:\\\/\\\/www.organisator.ch\\\/#\\\/schema\\\/logo\\\/image\\\/\"},\"sameAs\":[\"https:\\\/\\\/www.facebook.com\\\/OrganisatorFachmagazin\",\"https:\\\/\\\/www.linkedin.com\\\/showcase\\\/organisator-das-magazin-fr-kmu\",\"https:\\\/\\\/www.xing.com\\\/news\\\/pages\\\/organisator-ch-695\",\"https:\\\/\\\/www.youtube.com\\\/channel\\\/UCGP2Sq0iWaZwT3BdIAQFYpw\"]},{\"@type\":\"Person\",\"@id\":\"https:\\\/\\\/www.organisator.ch\\\/#\\\/schema\\\/person\\\/4e51799071cd2dd1232ac003643ef5f0\",\"name\":\"galledia\",\"image\":{\"@type\":\"ImageObject\",\"inLanguage\":\"fr-FR\",\"@id\":\"https:\\\/\\\/secure.gravatar.com\\\/avatar\\\/78a7f90c01fc2bfc875782a0d4922b37cde2cf184ce347b91316d23cd7f69a36?s=96&d=mm&r=g\",\"url\":\"https:\\\/\\\/secure.gravatar.com\\\/avatar\\\/78a7f90c01fc2bfc875782a0d4922b37cde2cf184ce347b91316d23cd7f69a36?s=96&d=mm&r=g\",\"contentUrl\":\"https:\\\/\\\/secure.gravatar.com\\\/avatar\\\/78a7f90c01fc2bfc875782a0d4922b37cde2cf184ce347b91316d23cd7f69a36?s=96&d=mm&r=g\",\"caption\":\"galledia\"},\"sameAs\":[\"https:\\\/\\\/x.com\\\/admin\"],\"url\":\"https:\\\/\\\/www.organisator.ch\\\/fr\\\/author\\\/galledia\\\/\"}]}<\/script>\n<!-- \/ Yoast SEO plugin. -->","yoast_head_json":{"title":"La crise bancaire se poursuit - L'\u00e9conomie continue de s'affaiblir - Organisateur","description":"La crise bancaire se poursuit : L'\u00e9conomie ralentit globalement au premier trimestre 2023. Pr\u00e9visions de Dun &amp; Bradstreet.","robots":{"index":"index","follow":"follow","max-snippet":"max-snippet:-1","max-image-preview":"max-image-preview:large","max-video-preview":"max-video-preview:-1"},"canonical":"https:\/\/www.organisator.ch\/fr\/excellence-operationnelle\/2023-05-22\/bankenkrise-geht-weiter-wirtschaft-schwaecht-sich-weiter-ab\/","og_locale":"fr_FR","og_type":"article","og_title":"Bankenkrise geht weiter \u2013 Wirtschaft schw\u00e4cht sich weiter ab - Organisator","og_description":"Bankenkrise h\u00e4lt an: Wirtschaft global abgeschw\u00e4cht im ersten Quartal 2023. Prognosen von Dun & Bradstreet.","og_url":"https:\/\/www.organisator.ch\/fr\/excellence-operationnelle\/2023-05-22\/bankenkrise-geht-weiter-wirtschaft-schwaecht-sich-weiter-ab\/","og_site_name":"Organisator","article_publisher":"https:\/\/www.facebook.com\/OrganisatorFachmagazin","article_published_time":"2023-05-22T06:04:38+00:00","article_modified_time":"2024-11-16T07:30:15+00:00","og_image":[{"url":"https:\/\/www.organisator.ch\/wp-content\/uploads\/2022\/11\/Organisator-Stellen-und-Talente-Damit-es-besser-matcht.jpg","width":768,"height":522,"type":"image\/jpeg"}],"author":"galledia","twitter_card":"summary_large_image","twitter_creator":"@admin","schema":{"@context":"https:\/\/schema.org","@graph":[{"@type":"Article","@id":"https:\/\/www.organisator.ch\/operational-excellence\/2023-05-22\/bankenkrise-geht-weiter-wirtschaft-schwaecht-sich-weiter-ab\/#article","isPartOf":{"@id":"https:\/\/www.organisator.ch\/operational-excellence\/2023-05-22\/bankenkrise-geht-weiter-wirtschaft-schwaecht-sich-weiter-ab\/"},"author":{"name":"galledia","@id":"https:\/\/www.organisator.ch\/#\/schema\/person\/4e51799071cd2dd1232ac003643ef5f0"},"headline":"Bankenkrise geht weiter \u2013 Wirtschaft schw\u00e4cht sich weiter ab","datePublished":"2023-05-22T06:04:38+00:00","dateModified":"2024-11-16T07:30:15+00:00","mainEntityOfPage":{"@id":"https:\/\/www.organisator.ch\/operational-excellence\/2023-05-22\/bankenkrise-geht-weiter-wirtschaft-schwaecht-sich-weiter-ab\/"},"wordCount":775,"publisher":{"@id":"https:\/\/www.organisator.ch\/#organization"},"image":{"@id":"https:\/\/www.organisator.ch\/operational-excellence\/2023-05-22\/bankenkrise-geht-weiter-wirtschaft-schwaecht-sich-weiter-ab\/#primaryimage"},"thumbnailUrl":"https:\/\/www.organisator.ch\/wp-content\/uploads\/2022\/11\/Organisator-Stellen-und-Talente-Damit-es-besser-matcht.jpg","articleSection":["OPERATIONAL EXCELLENCE"],"inLanguage":"fr-FR"},{"@type":"WebPage","@id":"https:\/\/www.organisator.ch\/operational-excellence\/2023-05-22\/bankenkrise-geht-weiter-wirtschaft-schwaecht-sich-weiter-ab\/","url":"https:\/\/www.organisator.ch\/operational-excellence\/2023-05-22\/bankenkrise-geht-weiter-wirtschaft-schwaecht-sich-weiter-ab\/","name":"La crise bancaire se poursuit - L'\u00e9conomie continue de s'affaiblir - Organisateur","isPartOf":{"@id":"https:\/\/www.organisator.ch\/#website"},"primaryImageOfPage":{"@id":"https:\/\/www.organisator.ch\/operational-excellence\/2023-05-22\/bankenkrise-geht-weiter-wirtschaft-schwaecht-sich-weiter-ab\/#primaryimage"},"image":{"@id":"https:\/\/www.organisator.ch\/operational-excellence\/2023-05-22\/bankenkrise-geht-weiter-wirtschaft-schwaecht-sich-weiter-ab\/#primaryimage"},"thumbnailUrl":"https:\/\/www.organisator.ch\/wp-content\/uploads\/2022\/11\/Organisator-Stellen-und-Talente-Damit-es-besser-matcht.jpg","datePublished":"2023-05-22T06:04:38+00:00","dateModified":"2024-11-16T07:30:15+00:00","description":"La crise bancaire se poursuit : L'\u00e9conomie ralentit globalement au premier trimestre 2023. Pr\u00e9visions de Dun &amp; Bradstreet.","breadcrumb":{"@id":"https:\/\/www.organisator.ch\/operational-excellence\/2023-05-22\/bankenkrise-geht-weiter-wirtschaft-schwaecht-sich-weiter-ab\/#breadcrumb"},"inLanguage":"fr-FR","potentialAction":[{"@type":"ReadAction","target":["https:\/\/www.organisator.ch\/operational-excellence\/2023-05-22\/bankenkrise-geht-weiter-wirtschaft-schwaecht-sich-weiter-ab\/"]}]},{"@type":"ImageObject","inLanguage":"fr-FR","@id":"https:\/\/www.organisator.ch\/operational-excellence\/2023-05-22\/bankenkrise-geht-weiter-wirtschaft-schwaecht-sich-weiter-ab\/#primaryimage","url":"https:\/\/www.organisator.ch\/wp-content\/uploads\/2022\/11\/Organisator-Stellen-und-Talente-Damit-es-besser-matcht.jpg","contentUrl":"https:\/\/www.organisator.ch\/wp-content\/uploads\/2022\/11\/Organisator-Stellen-und-Talente-Damit-es-besser-matcht.jpg"},{"@type":"BreadcrumbList","@id":"https:\/\/www.organisator.ch\/operational-excellence\/2023-05-22\/bankenkrise-geht-weiter-wirtschaft-schwaecht-sich-weiter-ab\/#breadcrumb","itemListElement":[{"@type":"ListItem","position":1,"name":"Home","item":"https:\/\/www.organisator.ch\/"},{"@type":"ListItem","position":2,"name":"Bankenkrise geht weiter \u2013 Wirtschaft schw\u00e4cht sich weiter ab"}]},{"@type":"WebSite","@id":"https:\/\/www.organisator.ch\/#website","url":"https:\/\/www.organisator.ch\/","name":"Organisateur","description":"Comp\u00e9tence et comp\u00e9tence. Proches de la pratique. L'ORGANISATEUR pr\u00e9pare 10 num\u00e9ros par an sur les th\u00e8mes essentiels pour les dirigeants de PME.","publisher":{"@id":"https:\/\/www.organisator.ch\/#organization"},"potentialAction":[{"@type":"SearchAction","target":{"@type":"EntryPoint","urlTemplate":"https:\/\/www.organisator.ch\/?s={search_term_string}"},"query-input":{"@type":"PropertyValueSpecification","valueRequired":true,"valueName":"search_term_string"}}],"inLanguage":"fr-FR"},{"@type":"Organization","@id":"https:\/\/www.organisator.ch\/#organization","name":"Organisateur","url":"https:\/\/www.organisator.ch\/","logo":{"@type":"ImageObject","inLanguage":"fr-FR","@id":"https:\/\/www.organisator.ch\/#\/schema\/logo\/image\/","url":"https:\/\/www.organisator.ch\/wp-content\/uploads\/2022\/01\/Logo_Organisator_Website.png","contentUrl":"https:\/\/www.organisator.ch\/wp-content\/uploads\/2022\/01\/Logo_Organisator_Website.png","width":800,"height":77,"caption":"Organisator"},"image":{"@id":"https:\/\/www.organisator.ch\/#\/schema\/logo\/image\/"},"sameAs":["https:\/\/www.facebook.com\/OrganisatorFachmagazin","https:\/\/www.linkedin.com\/showcase\/organisator-das-magazin-fr-kmu","https:\/\/www.xing.com\/news\/pages\/organisator-ch-695","https:\/\/www.youtube.com\/channel\/UCGP2Sq0iWaZwT3BdIAQFYpw"]},{"@type":"Person","@id":"https:\/\/www.organisator.ch\/#\/schema\/person\/4e51799071cd2dd1232ac003643ef5f0","name":"galledia","image":{"@type":"ImageObject","inLanguage":"fr-FR","@id":"https:\/\/secure.gravatar.com\/avatar\/78a7f90c01fc2bfc875782a0d4922b37cde2cf184ce347b91316d23cd7f69a36?s=96&d=mm&r=g","url":"https:\/\/secure.gravatar.com\/avatar\/78a7f90c01fc2bfc875782a0d4922b37cde2cf184ce347b91316d23cd7f69a36?s=96&d=mm&r=g","contentUrl":"https:\/\/secure.gravatar.com\/avatar\/78a7f90c01fc2bfc875782a0d4922b37cde2cf184ce347b91316d23cd7f69a36?s=96&d=mm&r=g","caption":"galledia"},"sameAs":["https:\/\/x.com\/admin"],"url":"https:\/\/www.organisator.ch\/fr\/author\/galledia\/"}]}},"_links":{"self":[{"href":"https:\/\/www.organisator.ch\/fr\/wp-json\/wp\/v2\/posts\/20217","targetHints":{"allow":["GET"]}}],"collection":[{"href":"https:\/\/www.organisator.ch\/fr\/wp-json\/wp\/v2\/posts"}],"about":[{"href":"https:\/\/www.organisator.ch\/fr\/wp-json\/wp\/v2\/types\/post"}],"author":[{"embeddable":true,"href":"https:\/\/www.organisator.ch\/fr\/wp-json\/wp\/v2\/users\/8"}],"replies":[{"embeddable":true,"href":"https:\/\/www.organisator.ch\/fr\/wp-json\/wp\/v2\/comments?post=20217"}],"version-history":[{"count":5,"href":"https:\/\/www.organisator.ch\/fr\/wp-json\/wp\/v2\/posts\/20217\/revisions"}],"predecessor-version":[{"id":33139,"href":"https:\/\/www.organisator.ch\/fr\/wp-json\/wp\/v2\/posts\/20217\/revisions\/33139"}],"wp:attachment":[{"href":"https:\/\/www.organisator.ch\/fr\/wp-json\/wp\/v2\/media?parent=20217"}],"wp:term":[{"taxonomy":"category","embeddable":true,"href":"https:\/\/www.organisator.ch\/fr\/wp-json\/wp\/v2\/categories?post=20217"},{"taxonomy":"post_tag","embeddable":true,"href":"https:\/\/www.organisator.ch\/fr\/wp-json\/wp\/v2\/tags?post=20217"}],"curies":[{"name":"wp","href":"https:\/\/api.w.org\/{rel}","templated":true}]}}