{"id":20239,"date":"2023-06-05T03:43:58","date_gmt":"2023-06-05T01:43:58","guid":{"rendered":"https:\/\/www.organisator.ch\/de\/?p=20239"},"modified":"2023-05-26T14:42:47","modified_gmt":"2023-05-26T12:42:47","slug":"abfall-ist-zu-einem-wertstoff-geworden","status":"publish","type":"post","link":"https:\/\/www.organisator.ch\/fr\/sustainability\/2023-06-05\/abfall-ist-zu-einem-wertstoff-geworden\/","title":{"rendered":"\"Les d\u00e9chets sont devenus un mat\u00e9riau de valeur\""},"content":{"rendered":"<div class=\"swpm-post-not-logged-in-msg\">Vous devez \u00eatre connect\u00e9 pour voir ce contenu. Veuillez <a class=\"swpm-login-link\" href=\"https:\/\/www.organisator.ch\/login\/\">Se connecter<\/a>. Pas un membre ? <a href=\"https:\/\/www.organisator.ch\/shop\/\">Nous Rejoindre<\/a><\/div>","protected":false},"excerpt":{"rendered":"<p>Les Suisses produisent environ 700 kg de d\u00e9chets urbains par an.  Une partie de ces d\u00e9chets est recycl\u00e9e, l'autre partie est incin\u00e9r\u00e9e. Des prestataires de services comme Helvetia Environnement veillent \u00e0 ce que les d\u00e9chets soient collect\u00e9s dans tout le pays et qu'ils soient achemin\u00e9s vers leur \"destination\" d\u00e9finitive. <\/p>","protected":false},"author":1,"featured_media":20238,"comment_status":"closed","ping_status":"closed","sticky":false,"template":"","format":"standard","meta":{"_acf_changed":false,"_yoast_wpseo_focuskw":"Abfall","_yoast_wpseo_metadesc":"Rund 700 kg Abfall produzieren Herr und Frau Schweizer pro Jahr. Und l\u00e4ngst ist Abfall zu einem Wertstoff und Wirtschaftsfaktor geworden.","articlekey":"43490","footnotes":""},"categories":[578,580],"tags":[3788,594,358,492],"class_list":["post-20239","post","type-post","status-publish","format-standard","has-post-thumbnail","hentry","category-abo","category-sustainability","tag-abfallwirtschaft","tag-kreislaufwirtschaft","tag-nachhaltige-wirtschaft","tag-unternehmen"],"acf":[],"yoast_head":"<!-- This site is optimized with the Yoast SEO plugin v27.4 - https:\/\/yoast.com\/product\/yoast-seo-wordpress\/ -->\n<title>\u00abAbfall ist zu einem Wertstoff geworden\u00bb - Organisator<\/title>\n<meta name=\"description\" content=\"Rund 700 kg Abfall produzieren Herr und Frau Schweizer pro Jahr. Und l\u00e4ngst ist Abfall zu einem Wertstoff und Wirtschaftsfaktor geworden.\" \/>\n<meta name=\"robots\" content=\"index, follow, max-snippet:-1, max-image-preview:large, max-video-preview:-1\" \/>\n<link rel=\"canonical\" href=\"https:\/\/www.organisator.ch\/fr\/abonnement\/2023-06-05\/abfall-ist-zu-einem-wertstoff-geworden\/\" \/>\n<meta property=\"og:locale\" content=\"fr_FR\" \/>\n<meta property=\"og:type\" content=\"article\" \/>\n<meta property=\"og:title\" content=\"\u00abAbfall ist zu einem Wertstoff geworden\u00bb - Organisator\" \/>\n<meta property=\"og:description\" content=\"Rund 700 kg Abfall produzieren Herr und Frau Schweizer pro Jahr. Und l\u00e4ngst ist Abfall zu einem Wertstoff und Wirtschaftsfaktor geworden.\" \/>\n<meta property=\"og:url\" content=\"https:\/\/www.organisator.ch\/fr\/abonnement\/2023-06-05\/abfall-ist-zu-einem-wertstoff-geworden\/\" \/>\n<meta property=\"og:site_name\" content=\"Organisator\" \/>\n<meta property=\"article:publisher\" content=\"https:\/\/www.facebook.com\/OrganisatorFachmagazin\" \/>\n<meta property=\"article:published_time\" content=\"2023-06-05T01:43:58+00:00\" \/>\n<meta property=\"og:image\" content=\"https:\/\/www.organisator.ch\/wp-content\/uploads\/2023\/05\/Sustainability_Helvetia-Environnement_Bild1_NEU_organisator_47168-scaled.jpg\" \/>\n\t<meta property=\"og:image:width\" content=\"1400\" \/>\n\t<meta property=\"og:image:height\" content=\"898\" \/>\n\t<meta property=\"og:image:type\" content=\"image\/jpeg\" \/>\n<meta name=\"author\" content=\"admin\" \/>\n<meta name=\"twitter:card\" content=\"summary_large_image\" \/>\n<script type=\"application\/ld+json\" class=\"yoast-schema-graph\">{\"@context\":\"https:\\\/\\\/schema.org\",\"@graph\":[{\"@type\":\"Article\",\"@id\":\"https:\\\/\\\/www.organisator.ch\\\/abo\\\/2023-06-05\\\/abfall-ist-zu-einem-wertstoff-geworden\\\/#article\",\"isPartOf\":{\"@id\":\"https:\\\/\\\/www.organisator.ch\\\/abo\\\/2023-06-05\\\/abfall-ist-zu-einem-wertstoff-geworden\\\/\"},\"author\":{\"name\":\"admin\",\"@id\":\"https:\\\/\\\/www.organisator.ch\\\/#\\\/schema\\\/person\\\/aa2bace6c5c5aad60102004a50c4eb1c\"},\"headline\":\"\u00abAbfall ist zu einem Wertstoff geworden\u00bb\",\"datePublished\":\"2023-06-05T01:43:58+00:00\",\"mainEntityOfPage\":{\"@id\":\"https:\\\/\\\/www.organisator.ch\\\/abo\\\/2023-06-05\\\/abfall-ist-zu-einem-wertstoff-geworden\\\/\"},\"wordCount\":961,\"publisher\":{\"@id\":\"https:\\\/\\\/www.organisator.ch\\\/#organization\"},\"image\":{\"@id\":\"https:\\\/\\\/www.organisator.ch\\\/abo\\\/2023-06-05\\\/abfall-ist-zu-einem-wertstoff-geworden\\\/#primaryimage\"},\"thumbnailUrl\":\"https:\\\/\\\/www.organisator.ch\\\/wp-content\\\/uploads\\\/2023\\\/05\\\/Sustainability_Helvetia-Environnement_Bild1_NEU_organisator_47168-scaled.jpg\",\"keywords\":[\"Abfallwirtschaft\",\"Kreislaufwirtschaft\",\"Nachhaltige Wirtschaft\",\"Unternehmen\"],\"articleSection\":[\"ABO+\",\"SUSTAINABILITY\"],\"inLanguage\":\"fr-FR\"},{\"@type\":\"WebPage\",\"@id\":\"https:\\\/\\\/www.organisator.ch\\\/abo\\\/2023-06-05\\\/abfall-ist-zu-einem-wertstoff-geworden\\\/\",\"url\":\"https:\\\/\\\/www.organisator.ch\\\/abo\\\/2023-06-05\\\/abfall-ist-zu-einem-wertstoff-geworden\\\/\",\"name\":\"\u00abAbfall ist zu einem Wertstoff geworden\u00bb - Organisator\",\"isPartOf\":{\"@id\":\"https:\\\/\\\/www.organisator.ch\\\/#website\"},\"primaryImageOfPage\":{\"@id\":\"https:\\\/\\\/www.organisator.ch\\\/abo\\\/2023-06-05\\\/abfall-ist-zu-einem-wertstoff-geworden\\\/#primaryimage\"},\"image\":{\"@id\":\"https:\\\/\\\/www.organisator.ch\\\/abo\\\/2023-06-05\\\/abfall-ist-zu-einem-wertstoff-geworden\\\/#primaryimage\"},\"thumbnailUrl\":\"https:\\\/\\\/www.organisator.ch\\\/wp-content\\\/uploads\\\/2023\\\/05\\\/Sustainability_Helvetia-Environnement_Bild1_NEU_organisator_47168-scaled.jpg\",\"datePublished\":\"2023-06-05T01:43:58+00:00\",\"description\":\"Rund 700 kg Abfall produzieren Herr und Frau Schweizer pro Jahr. Und l\u00e4ngst ist Abfall zu einem Wertstoff und Wirtschaftsfaktor geworden.\",\"breadcrumb\":{\"@id\":\"https:\\\/\\\/www.organisator.ch\\\/abo\\\/2023-06-05\\\/abfall-ist-zu-einem-wertstoff-geworden\\\/#breadcrumb\"},\"inLanguage\":\"fr-FR\",\"potentialAction\":[{\"@type\":\"ReadAction\",\"target\":[\"https:\\\/\\\/www.organisator.ch\\\/abo\\\/2023-06-05\\\/abfall-ist-zu-einem-wertstoff-geworden\\\/\"]}]},{\"@type\":\"ImageObject\",\"inLanguage\":\"fr-FR\",\"@id\":\"https:\\\/\\\/www.organisator.ch\\\/abo\\\/2023-06-05\\\/abfall-ist-zu-einem-wertstoff-geworden\\\/#primaryimage\",\"url\":\"https:\\\/\\\/www.organisator.ch\\\/wp-content\\\/uploads\\\/2023\\\/05\\\/Sustainability_Helvetia-Environnement_Bild1_NEU_organisator_47168-scaled.jpg\",\"contentUrl\":\"https:\\\/\\\/www.organisator.ch\\\/wp-content\\\/uploads\\\/2023\\\/05\\\/Sustainability_Helvetia-Environnement_Bild1_NEU_organisator_47168-scaled.jpg\",\"width\":1400,\"height\":898,\"caption\":\"Bekenntnis zur nachhaltigen Abfallwirtschaft: Dazu geh\u00f6ren auch elektrisch betriebene LKW. \u00a9 Helvetia Environnement\"},{\"@type\":\"BreadcrumbList\",\"@id\":\"https:\\\/\\\/www.organisator.ch\\\/abo\\\/2023-06-05\\\/abfall-ist-zu-einem-wertstoff-geworden\\\/#breadcrumb\",\"itemListElement\":[{\"@type\":\"ListItem\",\"position\":1,\"name\":\"Home\",\"item\":\"https:\\\/\\\/www.organisator.ch\\\/\"},{\"@type\":\"ListItem\",\"position\":2,\"name\":\"\u00abAbfall ist zu einem Wertstoff geworden\u00bb\"}]},{\"@type\":\"WebSite\",\"@id\":\"https:\\\/\\\/www.organisator.ch\\\/#website\",\"url\":\"https:\\\/\\\/www.organisator.ch\\\/\",\"name\":\"Organisator\",\"description\":\"Kompetent. Praxisnah. Der ORGANISATOR bereitet in 10 Ausgaben pro Jahr die wesentlichen Themen f\u00fcr F\u00fchrungskr\u00e4fte von KMU auf.\",\"publisher\":{\"@id\":\"https:\\\/\\\/www.organisator.ch\\\/#organization\"},\"potentialAction\":[{\"@type\":\"SearchAction\",\"target\":{\"@type\":\"EntryPoint\",\"urlTemplate\":\"https:\\\/\\\/www.organisator.ch\\\/?s={search_term_string}\"},\"query-input\":{\"@type\":\"PropertyValueSpecification\",\"valueRequired\":true,\"valueName\":\"search_term_string\"}}],\"inLanguage\":\"fr-FR\"},{\"@type\":\"Organization\",\"@id\":\"https:\\\/\\\/www.organisator.ch\\\/#organization\",\"name\":\"Organisator\",\"url\":\"https:\\\/\\\/www.organisator.ch\\\/\",\"logo\":{\"@type\":\"ImageObject\",\"inLanguage\":\"fr-FR\",\"@id\":\"https:\\\/\\\/www.organisator.ch\\\/#\\\/schema\\\/logo\\\/image\\\/\",\"url\":\"https:\\\/\\\/www.organisator.ch\\\/wp-content\\\/uploads\\\/2022\\\/01\\\/Logo_Organisator_Website.png\",\"contentUrl\":\"https:\\\/\\\/www.organisator.ch\\\/wp-content\\\/uploads\\\/2022\\\/01\\\/Logo_Organisator_Website.png\",\"width\":800,\"height\":77,\"caption\":\"Organisator\"},\"image\":{\"@id\":\"https:\\\/\\\/www.organisator.ch\\\/#\\\/schema\\\/logo\\\/image\\\/\"},\"sameAs\":[\"https:\\\/\\\/www.facebook.com\\\/OrganisatorFachmagazin\",\"https:\\\/\\\/www.linkedin.com\\\/showcase\\\/organisator-das-magazin-fr-kmu\",\"https:\\\/\\\/www.xing.com\\\/news\\\/pages\\\/organisator-ch-695\",\"https:\\\/\\\/www.youtube.com\\\/channel\\\/UCGP2Sq0iWaZwT3BdIAQFYpw\"]},{\"@type\":\"Person\",\"@id\":\"https:\\\/\\\/www.organisator.ch\\\/#\\\/schema\\\/person\\\/aa2bace6c5c5aad60102004a50c4eb1c\",\"name\":\"admin\",\"image\":{\"@type\":\"ImageObject\",\"inLanguage\":\"fr-FR\",\"@id\":\"https:\\\/\\\/secure.gravatar.com\\\/avatar\\\/ae2f4d718e6c49043e314ce431e7e645d646302a24a5ef5a8bc8e3f5a032e319?s=96&d=mm&r=g\",\"url\":\"https:\\\/\\\/secure.gravatar.com\\\/avatar\\\/ae2f4d718e6c49043e314ce431e7e645d646302a24a5ef5a8bc8e3f5a032e319?s=96&d=mm&r=g\",\"contentUrl\":\"https:\\\/\\\/secure.gravatar.com\\\/avatar\\\/ae2f4d718e6c49043e314ce431e7e645d646302a24a5ef5a8bc8e3f5a032e319?s=96&d=mm&r=g\",\"caption\":\"admin\"},\"sameAs\":[\"https:\\\/\\\/www.organisator.ch\"],\"url\":\"https:\\\/\\\/www.organisator.ch\\\/fr\\\/author\\\/admin\\\/\"}]}<\/script>\n<!-- \/ Yoast SEO plugin. -->","yoast_head_json":{"title":"\"Les d\u00e9chets sont devenus un mat\u00e9riau de valeur\" - organisateur","description":"Les Suisses produisent environ 700 kg de d\u00e9chets par an. Et depuis longtemps, les d\u00e9chets sont devenus une mati\u00e8re pr\u00e9cieuse et un facteur \u00e9conomique.","robots":{"index":"index","follow":"follow","max-snippet":"max-snippet:-1","max-image-preview":"max-image-preview:large","max-video-preview":"max-video-preview:-1"},"canonical":"https:\/\/www.organisator.ch\/fr\/abonnement\/2023-06-05\/abfall-ist-zu-einem-wertstoff-geworden\/","og_locale":"fr_FR","og_type":"article","og_title":"\u00abAbfall ist zu einem Wertstoff geworden\u00bb - Organisator","og_description":"Rund 700 kg Abfall produzieren Herr und Frau Schweizer pro Jahr. Und l\u00e4ngst ist Abfall zu einem Wertstoff und Wirtschaftsfaktor geworden.","og_url":"https:\/\/www.organisator.ch\/fr\/abonnement\/2023-06-05\/abfall-ist-zu-einem-wertstoff-geworden\/","og_site_name":"Organisator","article_publisher":"https:\/\/www.facebook.com\/OrganisatorFachmagazin","article_published_time":"2023-06-05T01:43:58+00:00","og_image":[{"width":1400,"height":898,"url":"https:\/\/www.organisator.ch\/wp-content\/uploads\/2023\/05\/Sustainability_Helvetia-Environnement_Bild1_NEU_organisator_47168-scaled.jpg","type":"image\/jpeg"}],"author":"admin","twitter_card":"summary_large_image","schema":{"@context":"https:\/\/schema.org","@graph":[{"@type":"Article","@id":"https:\/\/www.organisator.ch\/abo\/2023-06-05\/abfall-ist-zu-einem-wertstoff-geworden\/#article","isPartOf":{"@id":"https:\/\/www.organisator.ch\/abo\/2023-06-05\/abfall-ist-zu-einem-wertstoff-geworden\/"},"author":{"name":"admin","@id":"https:\/\/www.organisator.ch\/#\/schema\/person\/aa2bace6c5c5aad60102004a50c4eb1c"},"headline":"\u00abAbfall ist zu einem Wertstoff geworden\u00bb","datePublished":"2023-06-05T01:43:58+00:00","mainEntityOfPage":{"@id":"https:\/\/www.organisator.ch\/abo\/2023-06-05\/abfall-ist-zu-einem-wertstoff-geworden\/"},"wordCount":961,"publisher":{"@id":"https:\/\/www.organisator.ch\/#organization"},"image":{"@id":"https:\/\/www.organisator.ch\/abo\/2023-06-05\/abfall-ist-zu-einem-wertstoff-geworden\/#primaryimage"},"thumbnailUrl":"https:\/\/www.organisator.ch\/wp-content\/uploads\/2023\/05\/Sustainability_Helvetia-Environnement_Bild1_NEU_organisator_47168-scaled.jpg","keywords":["Abfallwirtschaft","Kreislaufwirtschaft","Nachhaltige Wirtschaft","Unternehmen"],"articleSection":["ABO+","SUSTAINABILITY"],"inLanguage":"fr-FR"},{"@type":"WebPage","@id":"https:\/\/www.organisator.ch\/abo\/2023-06-05\/abfall-ist-zu-einem-wertstoff-geworden\/","url":"https:\/\/www.organisator.ch\/abo\/2023-06-05\/abfall-ist-zu-einem-wertstoff-geworden\/","name":"\"Les d\u00e9chets sont devenus un mat\u00e9riau de valeur\" - organisateur","isPartOf":{"@id":"https:\/\/www.organisator.ch\/#website"},"primaryImageOfPage":{"@id":"https:\/\/www.organisator.ch\/abo\/2023-06-05\/abfall-ist-zu-einem-wertstoff-geworden\/#primaryimage"},"image":{"@id":"https:\/\/www.organisator.ch\/abo\/2023-06-05\/abfall-ist-zu-einem-wertstoff-geworden\/#primaryimage"},"thumbnailUrl":"https:\/\/www.organisator.ch\/wp-content\/uploads\/2023\/05\/Sustainability_Helvetia-Environnement_Bild1_NEU_organisator_47168-scaled.jpg","datePublished":"2023-06-05T01:43:58+00:00","description":"Les Suisses produisent environ 700 kg de d\u00e9chets par an. Et depuis longtemps, les d\u00e9chets sont devenus une mati\u00e8re pr\u00e9cieuse et un facteur \u00e9conomique.","breadcrumb":{"@id":"https:\/\/www.organisator.ch\/abo\/2023-06-05\/abfall-ist-zu-einem-wertstoff-geworden\/#breadcrumb"},"inLanguage":"fr-FR","potentialAction":[{"@type":"ReadAction","target":["https:\/\/www.organisator.ch\/abo\/2023-06-05\/abfall-ist-zu-einem-wertstoff-geworden\/"]}]},{"@type":"ImageObject","inLanguage":"fr-FR","@id":"https:\/\/www.organisator.ch\/abo\/2023-06-05\/abfall-ist-zu-einem-wertstoff-geworden\/#primaryimage","url":"https:\/\/www.organisator.ch\/wp-content\/uploads\/2023\/05\/Sustainability_Helvetia-Environnement_Bild1_NEU_organisator_47168-scaled.jpg","contentUrl":"https:\/\/www.organisator.ch\/wp-content\/uploads\/2023\/05\/Sustainability_Helvetia-Environnement_Bild1_NEU_organisator_47168-scaled.jpg","width":1400,"height":898,"caption":"Bekenntnis zur nachhaltigen Abfallwirtschaft: Dazu geh\u00f6ren auch elektrisch betriebene LKW. \u00a9 Helvetia Environnement"},{"@type":"BreadcrumbList","@id":"https:\/\/www.organisator.ch\/abo\/2023-06-05\/abfall-ist-zu-einem-wertstoff-geworden\/#breadcrumb","itemListElement":[{"@type":"ListItem","position":1,"name":"Home","item":"https:\/\/www.organisator.ch\/"},{"@type":"ListItem","position":2,"name":"\u00abAbfall ist zu einem Wertstoff geworden\u00bb"}]},{"@type":"WebSite","@id":"https:\/\/www.organisator.ch\/#website","url":"https:\/\/www.organisator.ch\/","name":"Organisateur","description":"Comp\u00e9tence et comp\u00e9tence. Proches de la pratique. L'ORGANISATEUR pr\u00e9pare 10 num\u00e9ros par an sur les th\u00e8mes essentiels pour les dirigeants de PME.","publisher":{"@id":"https:\/\/www.organisator.ch\/#organization"},"potentialAction":[{"@type":"SearchAction","target":{"@type":"EntryPoint","urlTemplate":"https:\/\/www.organisator.ch\/?s={search_term_string}"},"query-input":{"@type":"PropertyValueSpecification","valueRequired":true,"valueName":"search_term_string"}}],"inLanguage":"fr-FR"},{"@type":"Organization","@id":"https:\/\/www.organisator.ch\/#organization","name":"Organisateur","url":"https:\/\/www.organisator.ch\/","logo":{"@type":"ImageObject","inLanguage":"fr-FR","@id":"https:\/\/www.organisator.ch\/#\/schema\/logo\/image\/","url":"https:\/\/www.organisator.ch\/wp-content\/uploads\/2022\/01\/Logo_Organisator_Website.png","contentUrl":"https:\/\/www.organisator.ch\/wp-content\/uploads\/2022\/01\/Logo_Organisator_Website.png","width":800,"height":77,"caption":"Organisator"},"image":{"@id":"https:\/\/www.organisator.ch\/#\/schema\/logo\/image\/"},"sameAs":["https:\/\/www.facebook.com\/OrganisatorFachmagazin","https:\/\/www.linkedin.com\/showcase\/organisator-das-magazin-fr-kmu","https:\/\/www.xing.com\/news\/pages\/organisator-ch-695","https:\/\/www.youtube.com\/channel\/UCGP2Sq0iWaZwT3BdIAQFYpw"]},{"@type":"Person","@id":"https:\/\/www.organisator.ch\/#\/schema\/person\/aa2bace6c5c5aad60102004a50c4eb1c","name":"admin","image":{"@type":"ImageObject","inLanguage":"fr-FR","@id":"https:\/\/secure.gravatar.com\/avatar\/ae2f4d718e6c49043e314ce431e7e645d646302a24a5ef5a8bc8e3f5a032e319?s=96&d=mm&r=g","url":"https:\/\/secure.gravatar.com\/avatar\/ae2f4d718e6c49043e314ce431e7e645d646302a24a5ef5a8bc8e3f5a032e319?s=96&d=mm&r=g","contentUrl":"https:\/\/secure.gravatar.com\/avatar\/ae2f4d718e6c49043e314ce431e7e645d646302a24a5ef5a8bc8e3f5a032e319?s=96&d=mm&r=g","caption":"admin"},"sameAs":["https:\/\/www.organisator.ch"],"url":"https:\/\/www.organisator.ch\/fr\/author\/admin\/"}]}},"_links":{"self":[{"href":"https:\/\/www.organisator.ch\/fr\/wp-json\/wp\/v2\/posts\/20239","targetHints":{"allow":["GET"]}}],"collection":[{"href":"https:\/\/www.organisator.ch\/fr\/wp-json\/wp\/v2\/posts"}],"about":[{"href":"https:\/\/www.organisator.ch\/fr\/wp-json\/wp\/v2\/types\/post"}],"author":[{"embeddable":true,"href":"https:\/\/www.organisator.ch\/fr\/wp-json\/wp\/v2\/users\/1"}],"replies":[{"embeddable":true,"href":"https:\/\/www.organisator.ch\/fr\/wp-json\/wp\/v2\/comments?post=20239"}],"version-history":[{"count":4,"href":"https:\/\/www.organisator.ch\/fr\/wp-json\/wp\/v2\/posts\/20239\/revisions"}],"predecessor-version":[{"id":20457,"href":"https:\/\/www.organisator.ch\/fr\/wp-json\/wp\/v2\/posts\/20239\/revisions\/20457"}],"wp:featuredmedia":[{"embeddable":true,"href":"https:\/\/www.organisator.ch\/fr\/wp-json\/wp\/v2\/media\/20238"}],"wp:attachment":[{"href":"https:\/\/www.organisator.ch\/fr\/wp-json\/wp\/v2\/media?parent=20239"}],"wp:term":[{"taxonomy":"category","embeddable":true,"href":"https:\/\/www.organisator.ch\/fr\/wp-json\/wp\/v2\/categories?post=20239"},{"taxonomy":"post_tag","embeddable":true,"href":"https:\/\/www.organisator.ch\/fr\/wp-json\/wp\/v2\/tags?post=20239"}],"curies":[{"name":"wp","href":"https:\/\/api.w.org\/{rel}","templated":true}]}}