{"id":2024,"date":"2017-06-07T16:44:39","date_gmt":"2017-06-07T14:44:39","guid":{"rendered":"https:\/\/www.organisator.ch\/?p=2024"},"modified":"2017-06-07T16:44:39","modified_gmt":"2017-06-07T14:44:39","slug":"schweizer-standort-unattraktiv","status":"publish","type":"post","link":"https:\/\/www.organisator.ch\/fr\/management\/finanzen_recht\/2017-06-07\/schweizer-standort-unattraktiv\/","title":{"rendered":"Le site suisse n'est pas attractif"},"content":{"rendered":"<figure id=\"attachment_2025\" aria-describedby=\"caption-attachment-2025\" style=\"width: 680px\" class=\"wp-caption alignnone\"><img loading=\"lazy\" decoding=\"async\" class=\"size-medium wp-image-2025\" src=\"https:\/\/www.organisator.ch\/wp-content\/uploads\/2017\/06\/Schweizer-Standort-unattraktiv-org-organisator.jpg\" alt=\"\" width=\"680\" height=\"499\" srcset=\"https:\/\/www.organisator.ch\/wp-content\/uploads\/2017\/06\/Schweizer-Standort-unattraktiv-org-organisator.jpg 996w, https:\/\/www.organisator.ch\/wp-content\/uploads\/2017\/06\/Schweizer-Standort-unattraktiv-org-organisator-680x499.jpg 680w, https:\/\/www.organisator.ch\/wp-content\/uploads\/2017\/06\/Schweizer-Standort-unattraktiv-org-organisator-768x564.jpg 768w, https:\/\/www.organisator.ch\/wp-content\/uploads\/2017\/06\/Schweizer-Standort-unattraktiv-org-organisator-16x12.jpg 16w, https:\/\/www.organisator.ch\/wp-content\/uploads\/2017\/06\/Schweizer-Standort-unattraktiv-org-organisator-238x175.jpg 238w, https:\/\/www.organisator.ch\/wp-content\/uploads\/2017\/06\/Schweizer-Standort-unattraktiv-org-organisator-477x350.jpg 477w, https:\/\/www.organisator.ch\/wp-content\/uploads\/2017\/06\/Schweizer-Standort-unattraktiv-org-organisator-920x675.jpg 920w, https:\/\/www.organisator.ch\/wp-content\/uploads\/2017\/06\/Schweizer-Standort-unattraktiv-org-organisator-300x220.jpg 300w\" sizes=\"auto, (max-width: 680px) 100vw, 680px\" \/><figcaption id=\"caption-attachment-2025\" class=\"wp-caption-text\">D'autres lieux sont de plus en plus pris\u00e9s pour les investissements. En Suisse, le nombre d'investissements en provenance de l'\u00e9tranger stagne. (Image : Depositphotos)<\/figcaption><\/figure>\n<p>Selon une \u00e9tude EY, le site suisse n'est pas attractif. En revanche, l'Europe se montre \u00e9tonnamment attractive. La raison : on n'a jamais autant investi dans des entreprises du monde entier qu'aujourd'hui : le nombre d'investissements directs \u00e9trangers en Europe a augment\u00e9 de 16 pour cent pour atteindre 5'873, comme le montre l'\u00e9valuation actuelle de l'European Investment Monitor du cabinet de conseil EY.<\/p>\n<p>La tendance des derni\u00e8res ann\u00e9es se poursuit donc : depuis 2012, l'Europe enregistre une augmentation continue du nombre d'investissements directs - au cours des trois derni\u00e8res ann\u00e9es, la croissance a m\u00eame atteint un niveau \u00e0 deux chiffres. Cette activit\u00e9 d'investissement se refl\u00e8te \u00e9galement sur le march\u00e9 du travail. L'ann\u00e9e derni\u00e8re, les entreprises ont annonc\u00e9 la cr\u00e9ation de plus d'un quart de million d'emplois en Europe gr\u00e2ce \u00e0 leurs investissements directs \u00e0 l'\u00e9tranger.<\/p>\n<p><strong>La Suisse perd du terrain<\/strong><\/p>\n<p>La situation est diff\u00e9rente en Suisse, o\u00f9 le site suisse n'est pas attractif : ici, le nombre de projets d'investissement en provenance de l'\u00e9tranger a l\u00e9g\u00e8rement diminu\u00e9, passant de 90 \u00e0 88 projets. En 2015 d\u00e9j\u00e0, la croissance \u00e9tait nettement inf\u00e9rieure \u00e0 celle de l'ensemble de l'Europe. Et m\u00eame en ce qui concerne l'\u00e9volution \u00e0 plus long terme, la Suisse est \u00e0 la tra\u00eene de l'Europe : le nombre de projets d'investissement est toujours inf\u00e9rieur d'environ 50 % au niveau d'avant la crise.<\/p>\n<p>\"Les r\u00e9sultats pour l'Europe sont tr\u00e8s r\u00e9jouissants, mais les chiffres suisses me rendent moins heureux. Bien que la Suisse, en tant que site, soit en t\u00eate depuis des d\u00e9cennies en mati\u00e8re de dette publique, de ch\u00f4mage, de croissance et d'infrastructures, le franc fort a fait que le nombre d'investissements en provenance de l'\u00e9tranger est bas depuis tr\u00e8s longtemps et n'atteint plus le niveau d'avant la crise financi\u00e8re mondiale\", d\u00e9clare Marcel Stalder, CEO d'EY Suisse.<\/p>\n<p><strong>Le consensus sur le site sous pression<\/strong><\/p>\n<p>Philip Robinson, Tax Partner et membre du conseil d'administration d'EY Suisse, ajoute : \"Par rapport \u00e0 la p\u00e9riode pr\u00e9c\u00e9dant la crise financi\u00e8re, la place \u00e9conomique suisse a en outre perdu de son attractivit\u00e9 en raison de l'incertitude qui r\u00e8gne depuis plusieurs ann\u00e9es d\u00e9j\u00e0 quant \u00e0 la forme future de la r\u00e9forme de l'imposition des entreprises. L'acceptation de l'initiative Minder et de l'initiative contre l'immigration de masse sont d'autres \u00e9l\u00e9ments qui ont dissuad\u00e9 les entreprises d'investir en Suisse. Le rejet du premier projet de r\u00e9forme de l'imposition des entreprises III a en outre montr\u00e9 que le consensus sur la place \u00e9conomique suisse, qui existe depuis des d\u00e9cennies, ne peut plus \u00eatre consid\u00e9r\u00e9 comme acquis\".<\/p>\n<p>Malgr\u00e9 la stagnation des projets d'investissement direct, le nombre de nouveaux emplois cr\u00e9\u00e9s par les investissements \u00e9trangers en Suisse a fait un bond, passant de pr\u00e8s de 1 400 l'ann\u00e9e derni\u00e8re \u00e0 plus de 3 400 aujourd'hui. Ce record est toutefois d\u00fb \u00e0 quelques grands projets ; le nombre d'emplois cr\u00e9\u00e9s reste fondamentalement inf\u00e9rieur au niveau de 2007 et 2008.<\/p>\n<p><strong>La Suisse reste l'un des plus grands investisseurs <\/strong><\/p>\n<p>L'ann\u00e9e derni\u00e8re, la Suisse a r\u00e9alis\u00e9 289 projets d'investissement dans d'autres pays europ\u00e9ens, ce qui la place au sixi\u00e8me rang, devant des pays du G-7 comme le Japon et l'Italie. En comparaison par habitant, la Suisse est de loin le pays europ\u00e9en qui r\u00e9alise le plus de projets d'investissement \u00e0 l'\u00e9tranger. Ce chiffre a plus que doubl\u00e9 depuis le d\u00e9but de la crise financi\u00e8re en 2009 et n'a cess\u00e9 d'augmenter au cours des quatre derni\u00e8res ann\u00e9es. Les entreprises suisses cr\u00e9ent \u00e9galement de nombreux emplois : l'\u00e9tude EY recense plus de 7 100 postes cr\u00e9\u00e9s dans le cadre d'investissements directs dans d'autres pays europ\u00e9ens.<\/p>\n<p>Un projet d'investissement direct sur quatre r\u00e9alis\u00e9 par des entreprises suisses en Europe a servi \u00e0 cr\u00e9er ou \u00e0 d\u00e9velopper des capacit\u00e9s de production ; pr\u00e8s de 3200 nouveaux emplois ont ainsi \u00e9t\u00e9 cr\u00e9\u00e9s. Les projets typiques sont des installations pour la fabrication de composants pour v\u00e9hicules, des entreprises de transformation de denr\u00e9es alimentaires ou des usines de production de mat\u00e9riaux de construction. L'Europe de l'Est est souvent la destination de ces investissements - pr\u00e8s d'un emploi sur deux cr\u00e9\u00e9 par des entreprises suisses dans le secteur de la fabrication se trouve dans cette r\u00e9gion. La Pologne est le pays qui a le plus profit\u00e9 des 13 pays cibles.<\/p>\n<p>C'est dans le domaine de la distribution et du marketing que les entreprises suisses lancent le plus de projets d'investissement en Europe, m\u00eame s'ils sont g\u00e9n\u00e9ralement de moindre envergure. Elles s'ouvrent ainsi de nouveaux march\u00e9s.<\/p>\n<p><em>Pour plus de d\u00e9tails sur l'European Investment Monitor du cabinet de conseil EY, voir <a href=\"http:\/\/www.ey.com\/Publication\/vwLUAssets\/eys-attractiveness-survey-schweiz-may-2017\/$FILE\/eys-attractiveness-survey-schweiz-may-2017.pdf\">ici <\/a><\/em><\/p>\n<p>&nbsp;<\/p>\n<p>&nbsp;<\/p>","protected":false},"excerpt":{"rendered":"<p>Der Schweizer Standort ist laut einer EY Studie unattraktiv. Europa zeige sich hingegen \u00fcberraschend attraktiv. Der Grund: Noch nie wurde in Unternehmen aus der ganzen Welt so viel investiert wie heute: Die Anzahl ausl\u00e4ndischer Direktinvestitionen in Europa stieg um 16 Prozent auf 5\u2018873, wie die aktuelle Auswertung des European Investment Monitor des Beratungsunternehmens EY zeigt. [&hellip;]<\/p>\n","protected":false},"author":5,"featured_media":2025,"comment_status":"open","ping_status":"open","sticky":false,"template":"","format":"standard","meta":{"_acf_changed":false,"_yoast_wpseo_focuskw":"Schweizer Standort unattraktiv","_yoast_wpseo_metadesc":"Der Schweizer Standort wird unattraktiv, l\u00e4sst sich der der European Investment Monitor des Beratungsunternehmens EY zusammenfassen.","articlekey":"","footnotes":""},"categories":[24],"tags":[284,448],"class_list":["post-2024","post","type-post","status-publish","format-standard","has-post-thumbnail","hentry","category-finanzen_recht","tag-investitionen","tag-standort-schweiz"],"acf":[],"yoast_head":"<!-- This site is optimized with the Yoast SEO plugin v27.4 - https:\/\/yoast.com\/product\/yoast-seo-wordpress\/ -->\n<title>Schweizer Standort unattraktiv - Organisator<\/title>\n<meta name=\"description\" content=\"Der Schweizer Standort wird unattraktiv, l\u00e4sst sich der der European Investment Monitor des Beratungsunternehmens EY zusammenfassen.\" \/>\n<meta name=\"robots\" content=\"index, follow, max-snippet:-1, max-image-preview:large, max-video-preview:-1\" \/>\n<link rel=\"canonical\" href=\"https:\/\/www.organisator.ch\/fr\/gestion-2\/finanzen_recht\/2017-06-07\/schweizer-standort-unattraktiv\/\" \/>\n<meta property=\"og:locale\" content=\"fr_FR\" \/>\n<meta property=\"og:type\" content=\"article\" \/>\n<meta property=\"og:title\" content=\"Schweizer Standort unattraktiv - Organisator\" \/>\n<meta property=\"og:description\" content=\"Der Schweizer Standort wird unattraktiv, l\u00e4sst sich der der European Investment Monitor des Beratungsunternehmens EY zusammenfassen.\" \/>\n<meta property=\"og:url\" content=\"https:\/\/www.organisator.ch\/fr\/gestion-2\/finanzen_recht\/2017-06-07\/schweizer-standort-unattraktiv\/\" \/>\n<meta property=\"og:site_name\" content=\"Organisator\" \/>\n<meta property=\"article:publisher\" content=\"https:\/\/www.facebook.com\/OrganisatorFachmagazin\" \/>\n<meta property=\"article:published_time\" content=\"2017-06-07T14:44:39+00:00\" \/>\n<meta property=\"og:image\" content=\"https:\/\/www.organisator.ch\/wp-content\/uploads\/2017\/06\/Schweizer-Standort-unattraktiv-org-organisator.jpg\" \/>\n\t<meta property=\"og:image:width\" content=\"996\" \/>\n\t<meta property=\"og:image:height\" content=\"731\" \/>\n\t<meta property=\"og:image:type\" content=\"image\/jpeg\" \/>\n<meta name=\"author\" content=\"michael.merz\" \/>\n<meta name=\"twitter:card\" content=\"summary_large_image\" \/>\n<script type=\"application\/ld+json\" class=\"yoast-schema-graph\">{\"@context\":\"https:\\\/\\\/schema.org\",\"@graph\":[{\"@type\":\"Article\",\"@id\":\"https:\\\/\\\/www.organisator.ch\\\/management\\\/finanzen_recht\\\/2017-06-07\\\/schweizer-standort-unattraktiv\\\/#article\",\"isPartOf\":{\"@id\":\"https:\\\/\\\/www.organisator.ch\\\/management\\\/finanzen_recht\\\/2017-06-07\\\/schweizer-standort-unattraktiv\\\/\"},\"author\":{\"name\":\"michael.merz\",\"@id\":\"https:\\\/\\\/www.organisator.ch\\\/#\\\/schema\\\/person\\\/134708ca9321c57b0362cceb7948ffbd\"},\"headline\":\"Schweizer Standort unattraktiv\",\"datePublished\":\"2017-06-07T14:44:39+00:00\",\"mainEntityOfPage\":{\"@id\":\"https:\\\/\\\/www.organisator.ch\\\/management\\\/finanzen_recht\\\/2017-06-07\\\/schweizer-standort-unattraktiv\\\/\"},\"wordCount\":649,\"commentCount\":0,\"publisher\":{\"@id\":\"https:\\\/\\\/www.organisator.ch\\\/#organization\"},\"image\":{\"@id\":\"https:\\\/\\\/www.organisator.ch\\\/management\\\/finanzen_recht\\\/2017-06-07\\\/schweizer-standort-unattraktiv\\\/#primaryimage\"},\"thumbnailUrl\":\"https:\\\/\\\/www.organisator.ch\\\/wp-content\\\/uploads\\\/2017\\\/06\\\/Schweizer-Standort-unattraktiv-org-organisator.jpg\",\"keywords\":[\"Investitionen\",\"Standort Schweiz\"],\"articleSection\":[\"FINANZEN\\\/RECHT\"],\"inLanguage\":\"fr-FR\"},{\"@type\":\"WebPage\",\"@id\":\"https:\\\/\\\/www.organisator.ch\\\/management\\\/finanzen_recht\\\/2017-06-07\\\/schweizer-standort-unattraktiv\\\/\",\"url\":\"https:\\\/\\\/www.organisator.ch\\\/management\\\/finanzen_recht\\\/2017-06-07\\\/schweizer-standort-unattraktiv\\\/\",\"name\":\"Schweizer Standort unattraktiv - Organisator\",\"isPartOf\":{\"@id\":\"https:\\\/\\\/www.organisator.ch\\\/#website\"},\"primaryImageOfPage\":{\"@id\":\"https:\\\/\\\/www.organisator.ch\\\/management\\\/finanzen_recht\\\/2017-06-07\\\/schweizer-standort-unattraktiv\\\/#primaryimage\"},\"image\":{\"@id\":\"https:\\\/\\\/www.organisator.ch\\\/management\\\/finanzen_recht\\\/2017-06-07\\\/schweizer-standort-unattraktiv\\\/#primaryimage\"},\"thumbnailUrl\":\"https:\\\/\\\/www.organisator.ch\\\/wp-content\\\/uploads\\\/2017\\\/06\\\/Schweizer-Standort-unattraktiv-org-organisator.jpg\",\"datePublished\":\"2017-06-07T14:44:39+00:00\",\"description\":\"Der Schweizer Standort wird unattraktiv, l\u00e4sst sich der der European Investment Monitor des Beratungsunternehmens EY zusammenfassen.\",\"breadcrumb\":{\"@id\":\"https:\\\/\\\/www.organisator.ch\\\/management\\\/finanzen_recht\\\/2017-06-07\\\/schweizer-standort-unattraktiv\\\/#breadcrumb\"},\"inLanguage\":\"fr-FR\",\"potentialAction\":[{\"@type\":\"ReadAction\",\"target\":[\"https:\\\/\\\/www.organisator.ch\\\/management\\\/finanzen_recht\\\/2017-06-07\\\/schweizer-standort-unattraktiv\\\/\"]}]},{\"@type\":\"ImageObject\",\"inLanguage\":\"fr-FR\",\"@id\":\"https:\\\/\\\/www.organisator.ch\\\/management\\\/finanzen_recht\\\/2017-06-07\\\/schweizer-standort-unattraktiv\\\/#primaryimage\",\"url\":\"https:\\\/\\\/www.organisator.ch\\\/wp-content\\\/uploads\\\/2017\\\/06\\\/Schweizer-Standort-unattraktiv-org-organisator.jpg\",\"contentUrl\":\"https:\\\/\\\/www.organisator.ch\\\/wp-content\\\/uploads\\\/2017\\\/06\\\/Schweizer-Standort-unattraktiv-org-organisator.jpg\",\"width\":996,\"height\":731,\"caption\":\"In der Schweiz stagniert die Zahl der Investitionen aus dem Ausland weiterhin. (Bild: Depositphotos)\"},{\"@type\":\"BreadcrumbList\",\"@id\":\"https:\\\/\\\/www.organisator.ch\\\/management\\\/finanzen_recht\\\/2017-06-07\\\/schweizer-standort-unattraktiv\\\/#breadcrumb\",\"itemListElement\":[{\"@type\":\"ListItem\",\"position\":1,\"name\":\"Home\",\"item\":\"https:\\\/\\\/www.organisator.ch\\\/\"},{\"@type\":\"ListItem\",\"position\":2,\"name\":\"Schweizer Standort unattraktiv\"}]},{\"@type\":\"WebSite\",\"@id\":\"https:\\\/\\\/www.organisator.ch\\\/#website\",\"url\":\"https:\\\/\\\/www.organisator.ch\\\/\",\"name\":\"Organisator\",\"description\":\"Kompetent. Praxisnah. Der ORGANISATOR bereitet in 10 Ausgaben pro Jahr die wesentlichen Themen f\u00fcr F\u00fchrungskr\u00e4fte von KMU auf.\",\"publisher\":{\"@id\":\"https:\\\/\\\/www.organisator.ch\\\/#organization\"},\"potentialAction\":[{\"@type\":\"SearchAction\",\"target\":{\"@type\":\"EntryPoint\",\"urlTemplate\":\"https:\\\/\\\/www.organisator.ch\\\/?s={search_term_string}\"},\"query-input\":{\"@type\":\"PropertyValueSpecification\",\"valueRequired\":true,\"valueName\":\"search_term_string\"}}],\"inLanguage\":\"fr-FR\"},{\"@type\":\"Organization\",\"@id\":\"https:\\\/\\\/www.organisator.ch\\\/#organization\",\"name\":\"Organisator\",\"url\":\"https:\\\/\\\/www.organisator.ch\\\/\",\"logo\":{\"@type\":\"ImageObject\",\"inLanguage\":\"fr-FR\",\"@id\":\"https:\\\/\\\/www.organisator.ch\\\/#\\\/schema\\\/logo\\\/image\\\/\",\"url\":\"https:\\\/\\\/www.organisator.ch\\\/wp-content\\\/uploads\\\/2022\\\/01\\\/Logo_Organisator_Website.png\",\"contentUrl\":\"https:\\\/\\\/www.organisator.ch\\\/wp-content\\\/uploads\\\/2022\\\/01\\\/Logo_Organisator_Website.png\",\"width\":800,\"height\":77,\"caption\":\"Organisator\"},\"image\":{\"@id\":\"https:\\\/\\\/www.organisator.ch\\\/#\\\/schema\\\/logo\\\/image\\\/\"},\"sameAs\":[\"https:\\\/\\\/www.facebook.com\\\/OrganisatorFachmagazin\",\"https:\\\/\\\/www.linkedin.com\\\/showcase\\\/organisator-das-magazin-fr-kmu\",\"https:\\\/\\\/www.xing.com\\\/news\\\/pages\\\/organisator-ch-695\",\"https:\\\/\\\/www.youtube.com\\\/channel\\\/UCGP2Sq0iWaZwT3BdIAQFYpw\"]},{\"@type\":\"Person\",\"@id\":\"https:\\\/\\\/www.organisator.ch\\\/#\\\/schema\\\/person\\\/134708ca9321c57b0362cceb7948ffbd\",\"name\":\"michael.merz\",\"image\":{\"@type\":\"ImageObject\",\"inLanguage\":\"fr-FR\",\"@id\":\"https:\\\/\\\/secure.gravatar.com\\\/avatar\\\/?s=96&d=mm&r=g\",\"url\":\"https:\\\/\\\/secure.gravatar.com\\\/avatar\\\/?s=96&d=mm&r=g\",\"contentUrl\":\"https:\\\/\\\/secure.gravatar.com\\\/avatar\\\/?s=96&d=mm&r=g\",\"caption\":\"michael.merz\"},\"url\":\"https:\\\/\\\/www.organisator.ch\\\/fr\\\/author\\\/michael-merz\\\/\"}]}<\/script>\n<!-- \/ Yoast SEO plugin. -->","yoast_head_json":{"title":"Le site suisse n'est pas attractif - Organisateur","description":"Le site suisse devient moins attractif, c'est ce que l'on peut r\u00e9sumer dans le European Investment Monitor du cabinet de conseil EY.","robots":{"index":"index","follow":"follow","max-snippet":"max-snippet:-1","max-image-preview":"max-image-preview:large","max-video-preview":"max-video-preview:-1"},"canonical":"https:\/\/www.organisator.ch\/fr\/gestion-2\/finanzen_recht\/2017-06-07\/schweizer-standort-unattraktiv\/","og_locale":"fr_FR","og_type":"article","og_title":"Schweizer Standort unattraktiv - Organisator","og_description":"Der Schweizer Standort wird unattraktiv, l\u00e4sst sich der der European Investment Monitor des Beratungsunternehmens EY zusammenfassen.","og_url":"https:\/\/www.organisator.ch\/fr\/gestion-2\/finanzen_recht\/2017-06-07\/schweizer-standort-unattraktiv\/","og_site_name":"Organisator","article_publisher":"https:\/\/www.facebook.com\/OrganisatorFachmagazin","article_published_time":"2017-06-07T14:44:39+00:00","og_image":[{"width":996,"height":731,"url":"https:\/\/www.organisator.ch\/wp-content\/uploads\/2017\/06\/Schweizer-Standort-unattraktiv-org-organisator.jpg","type":"image\/jpeg"}],"author":"michael.merz","twitter_card":"summary_large_image","schema":{"@context":"https:\/\/schema.org","@graph":[{"@type":"Article","@id":"https:\/\/www.organisator.ch\/management\/finanzen_recht\/2017-06-07\/schweizer-standort-unattraktiv\/#article","isPartOf":{"@id":"https:\/\/www.organisator.ch\/management\/finanzen_recht\/2017-06-07\/schweizer-standort-unattraktiv\/"},"author":{"name":"michael.merz","@id":"https:\/\/www.organisator.ch\/#\/schema\/person\/134708ca9321c57b0362cceb7948ffbd"},"headline":"Schweizer Standort unattraktiv","datePublished":"2017-06-07T14:44:39+00:00","mainEntityOfPage":{"@id":"https:\/\/www.organisator.ch\/management\/finanzen_recht\/2017-06-07\/schweizer-standort-unattraktiv\/"},"wordCount":649,"commentCount":0,"publisher":{"@id":"https:\/\/www.organisator.ch\/#organization"},"image":{"@id":"https:\/\/www.organisator.ch\/management\/finanzen_recht\/2017-06-07\/schweizer-standort-unattraktiv\/#primaryimage"},"thumbnailUrl":"https:\/\/www.organisator.ch\/wp-content\/uploads\/2017\/06\/Schweizer-Standort-unattraktiv-org-organisator.jpg","keywords":["Investitionen","Standort Schweiz"],"articleSection":["FINANZEN\/RECHT"],"inLanguage":"fr-FR"},{"@type":"WebPage","@id":"https:\/\/www.organisator.ch\/management\/finanzen_recht\/2017-06-07\/schweizer-standort-unattraktiv\/","url":"https:\/\/www.organisator.ch\/management\/finanzen_recht\/2017-06-07\/schweizer-standort-unattraktiv\/","name":"Le site suisse n'est pas attractif - Organisateur","isPartOf":{"@id":"https:\/\/www.organisator.ch\/#website"},"primaryImageOfPage":{"@id":"https:\/\/www.organisator.ch\/management\/finanzen_recht\/2017-06-07\/schweizer-standort-unattraktiv\/#primaryimage"},"image":{"@id":"https:\/\/www.organisator.ch\/management\/finanzen_recht\/2017-06-07\/schweizer-standort-unattraktiv\/#primaryimage"},"thumbnailUrl":"https:\/\/www.organisator.ch\/wp-content\/uploads\/2017\/06\/Schweizer-Standort-unattraktiv-org-organisator.jpg","datePublished":"2017-06-07T14:44:39+00:00","description":"Le site suisse devient moins attractif, c'est ce que l'on peut r\u00e9sumer dans le European Investment Monitor du cabinet de conseil EY.","breadcrumb":{"@id":"https:\/\/www.organisator.ch\/management\/finanzen_recht\/2017-06-07\/schweizer-standort-unattraktiv\/#breadcrumb"},"inLanguage":"fr-FR","potentialAction":[{"@type":"ReadAction","target":["https:\/\/www.organisator.ch\/management\/finanzen_recht\/2017-06-07\/schweizer-standort-unattraktiv\/"]}]},{"@type":"ImageObject","inLanguage":"fr-FR","@id":"https:\/\/www.organisator.ch\/management\/finanzen_recht\/2017-06-07\/schweizer-standort-unattraktiv\/#primaryimage","url":"https:\/\/www.organisator.ch\/wp-content\/uploads\/2017\/06\/Schweizer-Standort-unattraktiv-org-organisator.jpg","contentUrl":"https:\/\/www.organisator.ch\/wp-content\/uploads\/2017\/06\/Schweizer-Standort-unattraktiv-org-organisator.jpg","width":996,"height":731,"caption":"In der Schweiz stagniert die Zahl der Investitionen aus dem Ausland weiterhin. (Bild: Depositphotos)"},{"@type":"BreadcrumbList","@id":"https:\/\/www.organisator.ch\/management\/finanzen_recht\/2017-06-07\/schweizer-standort-unattraktiv\/#breadcrumb","itemListElement":[{"@type":"ListItem","position":1,"name":"Home","item":"https:\/\/www.organisator.ch\/"},{"@type":"ListItem","position":2,"name":"Schweizer Standort unattraktiv"}]},{"@type":"WebSite","@id":"https:\/\/www.organisator.ch\/#website","url":"https:\/\/www.organisator.ch\/","name":"Organisateur","description":"Comp\u00e9tence et comp\u00e9tence. Proches de la pratique. L'ORGANISATEUR pr\u00e9pare 10 num\u00e9ros par an sur les th\u00e8mes essentiels pour les dirigeants de PME.","publisher":{"@id":"https:\/\/www.organisator.ch\/#organization"},"potentialAction":[{"@type":"SearchAction","target":{"@type":"EntryPoint","urlTemplate":"https:\/\/www.organisator.ch\/?s={search_term_string}"},"query-input":{"@type":"PropertyValueSpecification","valueRequired":true,"valueName":"search_term_string"}}],"inLanguage":"fr-FR"},{"@type":"Organization","@id":"https:\/\/www.organisator.ch\/#organization","name":"Organisateur","url":"https:\/\/www.organisator.ch\/","logo":{"@type":"ImageObject","inLanguage":"fr-FR","@id":"https:\/\/www.organisator.ch\/#\/schema\/logo\/image\/","url":"https:\/\/www.organisator.ch\/wp-content\/uploads\/2022\/01\/Logo_Organisator_Website.png","contentUrl":"https:\/\/www.organisator.ch\/wp-content\/uploads\/2022\/01\/Logo_Organisator_Website.png","width":800,"height":77,"caption":"Organisator"},"image":{"@id":"https:\/\/www.organisator.ch\/#\/schema\/logo\/image\/"},"sameAs":["https:\/\/www.facebook.com\/OrganisatorFachmagazin","https:\/\/www.linkedin.com\/showcase\/organisator-das-magazin-fr-kmu","https:\/\/www.xing.com\/news\/pages\/organisator-ch-695","https:\/\/www.youtube.com\/channel\/UCGP2Sq0iWaZwT3BdIAQFYpw"]},{"@type":"Person","@id":"https:\/\/www.organisator.ch\/#\/schema\/person\/134708ca9321c57b0362cceb7948ffbd","name":"michael.merz","image":{"@type":"ImageObject","inLanguage":"fr-FR","@id":"https:\/\/secure.gravatar.com\/avatar\/?s=96&d=mm&r=g","url":"https:\/\/secure.gravatar.com\/avatar\/?s=96&d=mm&r=g","contentUrl":"https:\/\/secure.gravatar.com\/avatar\/?s=96&d=mm&r=g","caption":"michael.merz"},"url":"https:\/\/www.organisator.ch\/fr\/author\/michael-merz\/"}]}},"_links":{"self":[{"href":"https:\/\/www.organisator.ch\/fr\/wp-json\/wp\/v2\/posts\/2024","targetHints":{"allow":["GET"]}}],"collection":[{"href":"https:\/\/www.organisator.ch\/fr\/wp-json\/wp\/v2\/posts"}],"about":[{"href":"https:\/\/www.organisator.ch\/fr\/wp-json\/wp\/v2\/types\/post"}],"author":[{"embeddable":true,"href":"https:\/\/www.organisator.ch\/fr\/wp-json\/wp\/v2\/users\/5"}],"replies":[{"embeddable":true,"href":"https:\/\/www.organisator.ch\/fr\/wp-json\/wp\/v2\/comments?post=2024"}],"version-history":[{"count":0,"href":"https:\/\/www.organisator.ch\/fr\/wp-json\/wp\/v2\/posts\/2024\/revisions"}],"wp:featuredmedia":[{"embeddable":true,"href":"https:\/\/www.organisator.ch\/fr\/wp-json\/wp\/v2\/media\/2025"}],"wp:attachment":[{"href":"https:\/\/www.organisator.ch\/fr\/wp-json\/wp\/v2\/media?parent=2024"}],"wp:term":[{"taxonomy":"category","embeddable":true,"href":"https:\/\/www.organisator.ch\/fr\/wp-json\/wp\/v2\/categories?post=2024"},{"taxonomy":"post_tag","embeddable":true,"href":"https:\/\/www.organisator.ch\/fr\/wp-json\/wp\/v2\/tags?post=2024"}],"curies":[{"name":"wp","href":"https:\/\/api.w.org\/{rel}","templated":true}]}}