{"id":20251,"date":"2023-06-06T01:44:06","date_gmt":"2023-06-05T23:44:06","guid":{"rendered":"https:\/\/www.organisator.ch\/de\/?p=20251"},"modified":"2023-05-30T11:47:26","modified_gmt":"2023-05-30T09:47:26","slug":"fuer-flexibilitaet-in-der-beruflichen-vorsorge-2","status":"publish","type":"post","link":"https:\/\/www.organisator.ch\/fr\/management\/2023-06-06\/fuer-flexibilitaet-in-der-beruflichen-vorsorge-2\/","title":{"rendered":"Pour la flexibilit\u00e9 de la pr\u00e9voyance professionnelle"},"content":{"rendered":"<p><img loading=\"lazy\" decoding=\"async\" class=\"alignnone size-medium wp-image-20347\" src=\"https:\/\/www.organisator.ch\/wp-content\/uploads\/2023\/05\/PR_Bild_tellco_kmu_attraktiv_cmyk_organisator_47656-680x641.jpg\" alt=\"\" width=\"680\" height=\"641\" srcset=\"https:\/\/www.organisator.ch\/wp-content\/uploads\/2023\/05\/PR_Bild_tellco_kmu_attraktiv_cmyk_organisator_47656-680x641.jpg 680w, https:\/\/www.organisator.ch\/wp-content\/uploads\/2023\/05\/PR_Bild_tellco_kmu_attraktiv_cmyk_organisator_47656-1024x965.jpg 1024w, https:\/\/www.organisator.ch\/wp-content\/uploads\/2023\/05\/PR_Bild_tellco_kmu_attraktiv_cmyk_organisator_47656-768x723.jpg 768w, https:\/\/www.organisator.ch\/wp-content\/uploads\/2023\/05\/PR_Bild_tellco_kmu_attraktiv_cmyk_organisator_47656-13x12.jpg 13w, https:\/\/www.organisator.ch\/wp-content\/uploads\/2023\/05\/PR_Bild_tellco_kmu_attraktiv_cmyk_organisator_47656-318x300.jpg 318w, https:\/\/www.organisator.ch\/wp-content\/uploads\/2023\/05\/PR_Bild_tellco_kmu_attraktiv_cmyk_organisator_47656-372x350.jpg 372w, https:\/\/www.organisator.ch\/wp-content\/uploads\/2023\/05\/PR_Bild_tellco_kmu_attraktiv_cmyk_organisator_47656-849x800.jpg 849w, https:\/\/www.organisator.ch\/wp-content\/uploads\/2023\/05\/PR_Bild_tellco_kmu_attraktiv_cmyk_organisator_47656.jpg 1240w\" sizes=\"auto, (max-width: 680px) 100vw, 680px\" \/><\/p>\n<p>Vous pensez imm\u00e9diatement \u00e0 la flexibilit\u00e9 lorsqu'il s'agit de la pr\u00e9voyance professionnelle ? Non ? Alors vous n'\u00eates probablement pas le seul. La caisse de pension est une pr\u00e9voyance pour l'apr\u00e8s-retraite et est donc en premier lieu associ\u00e9e \u00e0 la s\u00e9curit\u00e9 et \u00e0 la continuit\u00e9. Tellco pk est toutefois convaincue que la flexibilit\u00e9 doit \u00e9galement \u00eatre un attribut important d'une caisse de pension. En effet, tout comme les entreprises \u00e9voluent, leur pr\u00e9voyance doit pouvoir s'adapter.<\/p>\n<h3>Choix individuels<\/h3>\n<p>Ce qui est remarquable chez Tellco pk, c'est son approche individualis\u00e9e : \"Nous sommes d'avis que la pr\u00e9voyance professionnelle ne peut pas \u00eatre pens\u00e9e de mani\u00e8re statique : Elle doit \u00e9voluer avec l'entreprise\". C'est pourquoi les entreprises affili\u00e9es \u00e0 la Tellco pk ont la possibilit\u00e9 de faire le choix qui leur convient parmi diff\u00e9rentes offres, et peuvent m\u00eame les adapter gratuitement chaque ann\u00e9e.<\/p>\n<p>Il existe trois compartiments au choix : PRO, PULSE et INDIVIDUA. Ils se distinguent par leur strat\u00e9gie de placement - de la s\u00e9curit\u00e9 au rendement - et par la possibilit\u00e9 de d\u00e9finir soi-m\u00eame certaines composantes de la solution de caisse de pension.<\/p>\n<p>Chez PRO, avec une part strat\u00e9gique d'actions de 25%, la stabilit\u00e9 est au premier plan : les fluctuations de cours restent faibles et le patrimoine cro\u00eet mod\u00e9r\u00e9ment, mais r\u00e9guli\u00e8rement.<\/p>\n<p>Dans le cas de PULSE, en revanche, c'est la croissance qui est au premier plan : une part strat\u00e9gique d'actions plus \u00e9lev\u00e9e de 40% garantit davantage d'opportunit\u00e9s, mais aussi, dans certaines circonstances, des fluctuations de cours plus importantes.<\/p>\n<p>Enfin, chez INDIVIDUA, c'est l'entreprise assur\u00e9e qui a le dernier mot : que ce soit le gestionnaire de fortune ou le d\u00e9positaire, les placements directs ou les fonds, le choix du taux de conversion et autres - c'est la commission de pr\u00e9voyance qui d\u00e9cide.<\/p>\n<p>Alors que les compartiments PRO et PULSE conviennent \u00e0 toutes les entreprises, l'option INDIVIDUA est une solution sp\u00e9ciale pour les entreprises \u00e0 partir de 50 collaborateurs assur\u00e9s et d'un capital de placement d'au moins CHF 20 millions.<\/p>\n<p>&nbsp;<\/p>\n<p><em>La Tellco pk compte parmi les caisses de pension les plus importantes du march\u00e9 suisse. Avec une croissance continue, elle compte actuellement environ 10 000 entreprises affili\u00e9es et 95 000 assur\u00e9s. Elle g\u00e8re ainsi un total de bilan d'environ CHF 4,26 milliards (\u00e0 la fin 2022).<\/em><\/p>\n<p><a href=\"http:\/\/www.tellco.ch\/kmu\"><em>tellco.ch\/kmu<\/em><\/a><\/p>\n<p>&nbsp;<\/p>\n<blockquote>\n<h3>Un extra :<\/h3>\n<p>La flexibilit\u00e9 de Tellco pk se manifeste \u00e9galement dans les \u00e9ch\u00e9ances des primes d'\u00e9pargne. La majeure partie des primes n'est due qu'en fin d'ann\u00e9e, ce qui laisse plus de temps et de s\u00e9curit\u00e9 de planification aux entreprises. D'ailleurs, celles qui paient avant l'\u00e9ch\u00e9ance b\u00e9n\u00e9ficient d'un int\u00e9r\u00eat de 1% sur le montant.<\/p><\/blockquote>\n<p>&nbsp;<\/p>","protected":false},"excerpt":{"rendered":"<p>REPORTAGE PUBLIC Tellco pk a int\u00e9gr\u00e9 la flexibilit\u00e9, car chez la caisse de pension schwyzoise, les solutions individuelles qui r\u00e9pondent aux conditions actuelles de ses entreprises affili\u00e9es sont la norme.<\/p>","protected":false},"author":1,"featured_media":20347,"comment_status":"closed","ping_status":"closed","sticky":false,"template":"","format":"standard","meta":{"_acf_changed":false,"_yoast_wpseo_focuskw":"Flexibilit\u00e4t","_yoast_wpseo_metadesc":"Die Tellco pk hat Flexibilit\u00e4t verinnerlicht, denn bei der Schwyzer Pensionskasse sind individuelle L\u00f6sungen Standard,","articlekey":"47655","footnotes":""},"categories":[28],"tags":[2921,377,2696],"class_list":["post-20251","post","type-post","status-publish","format-standard","has-post-thumbnail","hentry","category-management","tag-berufliche-vorsorge","tag-pensionskassen","tag-publireportage"],"acf":[],"yoast_head":"<!-- This site is optimized with the Yoast SEO plugin v27.4 - https:\/\/yoast.com\/product\/yoast-seo-wordpress\/ -->\n<title>F\u00fcr Flexibilit\u00e4t in der beruflichen Vorsorge - Organisator<\/title>\n<meta name=\"description\" content=\"Die Tellco pk hat Flexibilit\u00e4t verinnerlicht, denn bei der Schwyzer Pensionskasse sind individuelle L\u00f6sungen Standard,\" \/>\n<meta name=\"robots\" content=\"index, follow, max-snippet:-1, max-image-preview:large, max-video-preview:-1\" \/>\n<link rel=\"canonical\" href=\"https:\/\/www.organisator.ch\/fr\/gestion-2\/2023-06-06\/fuer-flexibilitaet-in-der-beruflichen-vorsorge-2\/\" \/>\n<meta property=\"og:locale\" content=\"fr_FR\" \/>\n<meta property=\"og:type\" content=\"article\" \/>\n<meta property=\"og:title\" content=\"F\u00fcr Flexibilit\u00e4t in der beruflichen Vorsorge - Organisator\" \/>\n<meta property=\"og:description\" content=\"Die Tellco pk hat Flexibilit\u00e4t verinnerlicht, denn bei der Schwyzer Pensionskasse sind individuelle L\u00f6sungen Standard,\" \/>\n<meta property=\"og:url\" content=\"https:\/\/www.organisator.ch\/fr\/gestion-2\/2023-06-06\/fuer-flexibilitaet-in-der-beruflichen-vorsorge-2\/\" \/>\n<meta property=\"og:site_name\" content=\"Organisator\" \/>\n<meta property=\"article:publisher\" content=\"https:\/\/www.facebook.com\/OrganisatorFachmagazin\" \/>\n<meta property=\"article:published_time\" content=\"2023-06-05T23:44:06+00:00\" \/>\n<meta property=\"og:image\" content=\"https:\/\/www.organisator.ch\/wp-content\/uploads\/2023\/05\/PR_Bild_tellco_kmu_attraktiv_cmyk_organisator_47656.jpg\" \/>\n\t<meta property=\"og:image:width\" content=\"1240\" \/>\n\t<meta property=\"og:image:height\" content=\"1168\" \/>\n\t<meta property=\"og:image:type\" content=\"image\/jpeg\" \/>\n<meta name=\"author\" content=\"admin\" \/>\n<meta name=\"twitter:card\" content=\"summary_large_image\" \/>\n<script type=\"application\/ld+json\" class=\"yoast-schema-graph\">{\"@context\":\"https:\\\/\\\/schema.org\",\"@graph\":[{\"@type\":\"Article\",\"@id\":\"https:\\\/\\\/www.organisator.ch\\\/management\\\/2023-06-06\\\/fuer-flexibilitaet-in-der-beruflichen-vorsorge-2\\\/#article\",\"isPartOf\":{\"@id\":\"https:\\\/\\\/www.organisator.ch\\\/management\\\/2023-06-06\\\/fuer-flexibilitaet-in-der-beruflichen-vorsorge-2\\\/\"},\"author\":{\"name\":\"admin\",\"@id\":\"https:\\\/\\\/www.organisator.ch\\\/#\\\/schema\\\/person\\\/aa2bace6c5c5aad60102004a50c4eb1c\"},\"headline\":\"F\u00fcr Flexibilit\u00e4t in der beruflichen Vorsorge\",\"datePublished\":\"2023-06-05T23:44:06+00:00\",\"mainEntityOfPage\":{\"@id\":\"https:\\\/\\\/www.organisator.ch\\\/management\\\/2023-06-06\\\/fuer-flexibilitaet-in-der-beruflichen-vorsorge-2\\\/\"},\"wordCount\":394,\"publisher\":{\"@id\":\"https:\\\/\\\/www.organisator.ch\\\/#organization\"},\"image\":{\"@id\":\"https:\\\/\\\/www.organisator.ch\\\/management\\\/2023-06-06\\\/fuer-flexibilitaet-in-der-beruflichen-vorsorge-2\\\/#primaryimage\"},\"thumbnailUrl\":\"https:\\\/\\\/www.organisator.ch\\\/wp-content\\\/uploads\\\/2023\\\/05\\\/PR_Bild_tellco_kmu_attraktiv_cmyk_organisator_47656.jpg\",\"keywords\":[\"Berufliche Vorsorge\",\"Pensionskassen\",\"Publireportage\"],\"articleSection\":[\"MANAGEMENT\"],\"inLanguage\":\"fr-FR\"},{\"@type\":\"WebPage\",\"@id\":\"https:\\\/\\\/www.organisator.ch\\\/management\\\/2023-06-06\\\/fuer-flexibilitaet-in-der-beruflichen-vorsorge-2\\\/\",\"url\":\"https:\\\/\\\/www.organisator.ch\\\/management\\\/2023-06-06\\\/fuer-flexibilitaet-in-der-beruflichen-vorsorge-2\\\/\",\"name\":\"F\u00fcr Flexibilit\u00e4t in der beruflichen Vorsorge - Organisator\",\"isPartOf\":{\"@id\":\"https:\\\/\\\/www.organisator.ch\\\/#website\"},\"primaryImageOfPage\":{\"@id\":\"https:\\\/\\\/www.organisator.ch\\\/management\\\/2023-06-06\\\/fuer-flexibilitaet-in-der-beruflichen-vorsorge-2\\\/#primaryimage\"},\"image\":{\"@id\":\"https:\\\/\\\/www.organisator.ch\\\/management\\\/2023-06-06\\\/fuer-flexibilitaet-in-der-beruflichen-vorsorge-2\\\/#primaryimage\"},\"thumbnailUrl\":\"https:\\\/\\\/www.organisator.ch\\\/wp-content\\\/uploads\\\/2023\\\/05\\\/PR_Bild_tellco_kmu_attraktiv_cmyk_organisator_47656.jpg\",\"datePublished\":\"2023-06-05T23:44:06+00:00\",\"description\":\"Die Tellco pk hat Flexibilit\u00e4t verinnerlicht, denn bei der Schwyzer Pensionskasse sind individuelle L\u00f6sungen Standard,\",\"breadcrumb\":{\"@id\":\"https:\\\/\\\/www.organisator.ch\\\/management\\\/2023-06-06\\\/fuer-flexibilitaet-in-der-beruflichen-vorsorge-2\\\/#breadcrumb\"},\"inLanguage\":\"fr-FR\",\"potentialAction\":[{\"@type\":\"ReadAction\",\"target\":[\"https:\\\/\\\/www.organisator.ch\\\/management\\\/2023-06-06\\\/fuer-flexibilitaet-in-der-beruflichen-vorsorge-2\\\/\"]}]},{\"@type\":\"ImageObject\",\"inLanguage\":\"fr-FR\",\"@id\":\"https:\\\/\\\/www.organisator.ch\\\/management\\\/2023-06-06\\\/fuer-flexibilitaet-in-der-beruflichen-vorsorge-2\\\/#primaryimage\",\"url\":\"https:\\\/\\\/www.organisator.ch\\\/wp-content\\\/uploads\\\/2023\\\/05\\\/PR_Bild_tellco_kmu_attraktiv_cmyk_organisator_47656.jpg\",\"contentUrl\":\"https:\\\/\\\/www.organisator.ch\\\/wp-content\\\/uploads\\\/2023\\\/05\\\/PR_Bild_tellco_kmu_attraktiv_cmyk_organisator_47656.jpg\",\"width\":1240,\"height\":1168},{\"@type\":\"BreadcrumbList\",\"@id\":\"https:\\\/\\\/www.organisator.ch\\\/management\\\/2023-06-06\\\/fuer-flexibilitaet-in-der-beruflichen-vorsorge-2\\\/#breadcrumb\",\"itemListElement\":[{\"@type\":\"ListItem\",\"position\":1,\"name\":\"Home\",\"item\":\"https:\\\/\\\/www.organisator.ch\\\/\"},{\"@type\":\"ListItem\",\"position\":2,\"name\":\"F\u00fcr Flexibilit\u00e4t in der beruflichen Vorsorge\"}]},{\"@type\":\"WebSite\",\"@id\":\"https:\\\/\\\/www.organisator.ch\\\/#website\",\"url\":\"https:\\\/\\\/www.organisator.ch\\\/\",\"name\":\"Organisator\",\"description\":\"Kompetent. Praxisnah. Der ORGANISATOR bereitet in 10 Ausgaben pro Jahr die wesentlichen Themen f\u00fcr F\u00fchrungskr\u00e4fte von KMU auf.\",\"publisher\":{\"@id\":\"https:\\\/\\\/www.organisator.ch\\\/#organization\"},\"potentialAction\":[{\"@type\":\"SearchAction\",\"target\":{\"@type\":\"EntryPoint\",\"urlTemplate\":\"https:\\\/\\\/www.organisator.ch\\\/?s={search_term_string}\"},\"query-input\":{\"@type\":\"PropertyValueSpecification\",\"valueRequired\":true,\"valueName\":\"search_term_string\"}}],\"inLanguage\":\"fr-FR\"},{\"@type\":\"Organization\",\"@id\":\"https:\\\/\\\/www.organisator.ch\\\/#organization\",\"name\":\"Organisator\",\"url\":\"https:\\\/\\\/www.organisator.ch\\\/\",\"logo\":{\"@type\":\"ImageObject\",\"inLanguage\":\"fr-FR\",\"@id\":\"https:\\\/\\\/www.organisator.ch\\\/#\\\/schema\\\/logo\\\/image\\\/\",\"url\":\"https:\\\/\\\/www.organisator.ch\\\/wp-content\\\/uploads\\\/2022\\\/01\\\/Logo_Organisator_Website.png\",\"contentUrl\":\"https:\\\/\\\/www.organisator.ch\\\/wp-content\\\/uploads\\\/2022\\\/01\\\/Logo_Organisator_Website.png\",\"width\":800,\"height\":77,\"caption\":\"Organisator\"},\"image\":{\"@id\":\"https:\\\/\\\/www.organisator.ch\\\/#\\\/schema\\\/logo\\\/image\\\/\"},\"sameAs\":[\"https:\\\/\\\/www.facebook.com\\\/OrganisatorFachmagazin\",\"https:\\\/\\\/www.linkedin.com\\\/showcase\\\/organisator-das-magazin-fr-kmu\",\"https:\\\/\\\/www.xing.com\\\/news\\\/pages\\\/organisator-ch-695\",\"https:\\\/\\\/www.youtube.com\\\/channel\\\/UCGP2Sq0iWaZwT3BdIAQFYpw\"]},{\"@type\":\"Person\",\"@id\":\"https:\\\/\\\/www.organisator.ch\\\/#\\\/schema\\\/person\\\/aa2bace6c5c5aad60102004a50c4eb1c\",\"name\":\"admin\",\"image\":{\"@type\":\"ImageObject\",\"inLanguage\":\"fr-FR\",\"@id\":\"https:\\\/\\\/secure.gravatar.com\\\/avatar\\\/ae2f4d718e6c49043e314ce431e7e645d646302a24a5ef5a8bc8e3f5a032e319?s=96&d=mm&r=g\",\"url\":\"https:\\\/\\\/secure.gravatar.com\\\/avatar\\\/ae2f4d718e6c49043e314ce431e7e645d646302a24a5ef5a8bc8e3f5a032e319?s=96&d=mm&r=g\",\"contentUrl\":\"https:\\\/\\\/secure.gravatar.com\\\/avatar\\\/ae2f4d718e6c49043e314ce431e7e645d646302a24a5ef5a8bc8e3f5a032e319?s=96&d=mm&r=g\",\"caption\":\"admin\"},\"sameAs\":[\"https:\\\/\\\/www.organisator.ch\"],\"url\":\"https:\\\/\\\/www.organisator.ch\\\/fr\\\/author\\\/admin\\\/\"}]}<\/script>\n<!-- \/ Yoast SEO plugin. -->","yoast_head_json":{"title":"Pour la flexibilit\u00e9 dans la pr\u00e9voyance professionnelle - Organisateur","description":"La Tellco pk a int\u00e9gr\u00e9 la flexibilit\u00e9, car les solutions individuelles sont la norme pour la caisse de pension schwyzoise,","robots":{"index":"index","follow":"follow","max-snippet":"max-snippet:-1","max-image-preview":"max-image-preview:large","max-video-preview":"max-video-preview:-1"},"canonical":"https:\/\/www.organisator.ch\/fr\/gestion-2\/2023-06-06\/fuer-flexibilitaet-in-der-beruflichen-vorsorge-2\/","og_locale":"fr_FR","og_type":"article","og_title":"F\u00fcr Flexibilit\u00e4t in der beruflichen Vorsorge - Organisator","og_description":"Die Tellco pk hat Flexibilit\u00e4t verinnerlicht, denn bei der Schwyzer Pensionskasse sind individuelle L\u00f6sungen Standard,","og_url":"https:\/\/www.organisator.ch\/fr\/gestion-2\/2023-06-06\/fuer-flexibilitaet-in-der-beruflichen-vorsorge-2\/","og_site_name":"Organisator","article_publisher":"https:\/\/www.facebook.com\/OrganisatorFachmagazin","article_published_time":"2023-06-05T23:44:06+00:00","og_image":[{"width":1240,"height":1168,"url":"https:\/\/www.organisator.ch\/wp-content\/uploads\/2023\/05\/PR_Bild_tellco_kmu_attraktiv_cmyk_organisator_47656.jpg","type":"image\/jpeg"}],"author":"admin","twitter_card":"summary_large_image","schema":{"@context":"https:\/\/schema.org","@graph":[{"@type":"Article","@id":"https:\/\/www.organisator.ch\/management\/2023-06-06\/fuer-flexibilitaet-in-der-beruflichen-vorsorge-2\/#article","isPartOf":{"@id":"https:\/\/www.organisator.ch\/management\/2023-06-06\/fuer-flexibilitaet-in-der-beruflichen-vorsorge-2\/"},"author":{"name":"admin","@id":"https:\/\/www.organisator.ch\/#\/schema\/person\/aa2bace6c5c5aad60102004a50c4eb1c"},"headline":"F\u00fcr Flexibilit\u00e4t in der beruflichen Vorsorge","datePublished":"2023-06-05T23:44:06+00:00","mainEntityOfPage":{"@id":"https:\/\/www.organisator.ch\/management\/2023-06-06\/fuer-flexibilitaet-in-der-beruflichen-vorsorge-2\/"},"wordCount":394,"publisher":{"@id":"https:\/\/www.organisator.ch\/#organization"},"image":{"@id":"https:\/\/www.organisator.ch\/management\/2023-06-06\/fuer-flexibilitaet-in-der-beruflichen-vorsorge-2\/#primaryimage"},"thumbnailUrl":"https:\/\/www.organisator.ch\/wp-content\/uploads\/2023\/05\/PR_Bild_tellco_kmu_attraktiv_cmyk_organisator_47656.jpg","keywords":["Berufliche Vorsorge","Pensionskassen","Publireportage"],"articleSection":["MANAGEMENT"],"inLanguage":"fr-FR"},{"@type":"WebPage","@id":"https:\/\/www.organisator.ch\/management\/2023-06-06\/fuer-flexibilitaet-in-der-beruflichen-vorsorge-2\/","url":"https:\/\/www.organisator.ch\/management\/2023-06-06\/fuer-flexibilitaet-in-der-beruflichen-vorsorge-2\/","name":"Pour la flexibilit\u00e9 dans la pr\u00e9voyance professionnelle - Organisateur","isPartOf":{"@id":"https:\/\/www.organisator.ch\/#website"},"primaryImageOfPage":{"@id":"https:\/\/www.organisator.ch\/management\/2023-06-06\/fuer-flexibilitaet-in-der-beruflichen-vorsorge-2\/#primaryimage"},"image":{"@id":"https:\/\/www.organisator.ch\/management\/2023-06-06\/fuer-flexibilitaet-in-der-beruflichen-vorsorge-2\/#primaryimage"},"thumbnailUrl":"https:\/\/www.organisator.ch\/wp-content\/uploads\/2023\/05\/PR_Bild_tellco_kmu_attraktiv_cmyk_organisator_47656.jpg","datePublished":"2023-06-05T23:44:06+00:00","description":"La Tellco pk a int\u00e9gr\u00e9 la flexibilit\u00e9, car les solutions individuelles sont la norme pour la caisse de pension schwyzoise,","breadcrumb":{"@id":"https:\/\/www.organisator.ch\/management\/2023-06-06\/fuer-flexibilitaet-in-der-beruflichen-vorsorge-2\/#breadcrumb"},"inLanguage":"fr-FR","potentialAction":[{"@type":"ReadAction","target":["https:\/\/www.organisator.ch\/management\/2023-06-06\/fuer-flexibilitaet-in-der-beruflichen-vorsorge-2\/"]}]},{"@type":"ImageObject","inLanguage":"fr-FR","@id":"https:\/\/www.organisator.ch\/management\/2023-06-06\/fuer-flexibilitaet-in-der-beruflichen-vorsorge-2\/#primaryimage","url":"https:\/\/www.organisator.ch\/wp-content\/uploads\/2023\/05\/PR_Bild_tellco_kmu_attraktiv_cmyk_organisator_47656.jpg","contentUrl":"https:\/\/www.organisator.ch\/wp-content\/uploads\/2023\/05\/PR_Bild_tellco_kmu_attraktiv_cmyk_organisator_47656.jpg","width":1240,"height":1168},{"@type":"BreadcrumbList","@id":"https:\/\/www.organisator.ch\/management\/2023-06-06\/fuer-flexibilitaet-in-der-beruflichen-vorsorge-2\/#breadcrumb","itemListElement":[{"@type":"ListItem","position":1,"name":"Home","item":"https:\/\/www.organisator.ch\/"},{"@type":"ListItem","position":2,"name":"F\u00fcr Flexibilit\u00e4t in der beruflichen Vorsorge"}]},{"@type":"WebSite","@id":"https:\/\/www.organisator.ch\/#website","url":"https:\/\/www.organisator.ch\/","name":"Organisateur","description":"Comp\u00e9tence et comp\u00e9tence. Proches de la pratique. L'ORGANISATEUR pr\u00e9pare 10 num\u00e9ros par an sur les th\u00e8mes essentiels pour les dirigeants de PME.","publisher":{"@id":"https:\/\/www.organisator.ch\/#organization"},"potentialAction":[{"@type":"SearchAction","target":{"@type":"EntryPoint","urlTemplate":"https:\/\/www.organisator.ch\/?s={search_term_string}"},"query-input":{"@type":"PropertyValueSpecification","valueRequired":true,"valueName":"search_term_string"}}],"inLanguage":"fr-FR"},{"@type":"Organization","@id":"https:\/\/www.organisator.ch\/#organization","name":"Organisateur","url":"https:\/\/www.organisator.ch\/","logo":{"@type":"ImageObject","inLanguage":"fr-FR","@id":"https:\/\/www.organisator.ch\/#\/schema\/logo\/image\/","url":"https:\/\/www.organisator.ch\/wp-content\/uploads\/2022\/01\/Logo_Organisator_Website.png","contentUrl":"https:\/\/www.organisator.ch\/wp-content\/uploads\/2022\/01\/Logo_Organisator_Website.png","width":800,"height":77,"caption":"Organisator"},"image":{"@id":"https:\/\/www.organisator.ch\/#\/schema\/logo\/image\/"},"sameAs":["https:\/\/www.facebook.com\/OrganisatorFachmagazin","https:\/\/www.linkedin.com\/showcase\/organisator-das-magazin-fr-kmu","https:\/\/www.xing.com\/news\/pages\/organisator-ch-695","https:\/\/www.youtube.com\/channel\/UCGP2Sq0iWaZwT3BdIAQFYpw"]},{"@type":"Person","@id":"https:\/\/www.organisator.ch\/#\/schema\/person\/aa2bace6c5c5aad60102004a50c4eb1c","name":"admin","image":{"@type":"ImageObject","inLanguage":"fr-FR","@id":"https:\/\/secure.gravatar.com\/avatar\/ae2f4d718e6c49043e314ce431e7e645d646302a24a5ef5a8bc8e3f5a032e319?s=96&d=mm&r=g","url":"https:\/\/secure.gravatar.com\/avatar\/ae2f4d718e6c49043e314ce431e7e645d646302a24a5ef5a8bc8e3f5a032e319?s=96&d=mm&r=g","contentUrl":"https:\/\/secure.gravatar.com\/avatar\/ae2f4d718e6c49043e314ce431e7e645d646302a24a5ef5a8bc8e3f5a032e319?s=96&d=mm&r=g","caption":"admin"},"sameAs":["https:\/\/www.organisator.ch"],"url":"https:\/\/www.organisator.ch\/fr\/author\/admin\/"}]}},"_links":{"self":[{"href":"https:\/\/www.organisator.ch\/fr\/wp-json\/wp\/v2\/posts\/20251","targetHints":{"allow":["GET"]}}],"collection":[{"href":"https:\/\/www.organisator.ch\/fr\/wp-json\/wp\/v2\/posts"}],"about":[{"href":"https:\/\/www.organisator.ch\/fr\/wp-json\/wp\/v2\/types\/post"}],"author":[{"embeddable":true,"href":"https:\/\/www.organisator.ch\/fr\/wp-json\/wp\/v2\/users\/1"}],"replies":[{"embeddable":true,"href":"https:\/\/www.organisator.ch\/fr\/wp-json\/wp\/v2\/comments?post=20251"}],"version-history":[{"count":3,"href":"https:\/\/www.organisator.ch\/fr\/wp-json\/wp\/v2\/posts\/20251\/revisions"}],"predecessor-version":[{"id":20505,"href":"https:\/\/www.organisator.ch\/fr\/wp-json\/wp\/v2\/posts\/20251\/revisions\/20505"}],"wp:featuredmedia":[{"embeddable":true,"href":"https:\/\/www.organisator.ch\/fr\/wp-json\/wp\/v2\/media\/20347"}],"wp:attachment":[{"href":"https:\/\/www.organisator.ch\/fr\/wp-json\/wp\/v2\/media?parent=20251"}],"wp:term":[{"taxonomy":"category","embeddable":true,"href":"https:\/\/www.organisator.ch\/fr\/wp-json\/wp\/v2\/categories?post=20251"},{"taxonomy":"post_tag","embeddable":true,"href":"https:\/\/www.organisator.ch\/fr\/wp-json\/wp\/v2\/tags?post=20251"}],"curies":[{"name":"wp","href":"https:\/\/api.w.org\/{rel}","templated":true}]}}