{"id":20272,"date":"2023-06-05T15:57:28","date_gmt":"2023-06-05T13:57:28","guid":{"rendered":"https:\/\/www.organisator.ch\/de\/?p=20272"},"modified":"2023-05-26T16:02:33","modified_gmt":"2023-05-26T14:02:33","slug":"ahv-21-auswirkungen-auf-die-berufliche-vorsorge","status":"publish","type":"post","link":"https:\/\/www.organisator.ch\/fr\/management\/2023-06-05\/ahv-21-auswirkungen-auf-die-berufliche-vorsorge\/","title":{"rendered":"AVS 21 : cons\u00e9quences sur la pr\u00e9voyance professionnelle"},"content":{"rendered":"<div class=\"swpm-post-not-logged-in-msg\">Vous devez \u00eatre connect\u00e9 pour voir ce contenu. Veuillez <a class=\"swpm-login-link\" href=\"https:\/\/www.organisator.ch\/login\/\">Se connecter<\/a>. Pas un membre ? <a href=\"https:\/\/www.organisator.ch\/shop\/\">Nous Rejoindre<\/a><\/div>","protected":false},"excerpt":{"rendered":"<p>Avec la r\u00e9forme de l'assurance vieillesse et survivants (AVS 21), le versement et l'ajournement de la rente dans l'AVS seront plus flexibles. La retraite peut ainsi \u00eatre mieux harmonis\u00e9e avec la pr\u00e9voyance professionnelle. C'est le bon moment pour revoir sa propre solution de pr\u00e9voyance. <\/p>","protected":false},"author":1,"featured_media":20269,"comment_status":"closed","ping_status":"closed","sticky":false,"template":"","format":"standard","meta":{"_acf_changed":false,"_yoast_wpseo_focuskw":"AHV 21","_yoast_wpseo_metadesc":"Mit der Reform der Alters- und Hinterlassenenversicherung (AHV 21) werden Rentenbezug und -aufschub in der AHV flexibler gestaltet.","articlekey":"46224","footnotes":""},"categories":[578,28],"tags":[3619,2932,377],"class_list":["post-20272","post","type-post","status-publish","format-standard","has-post-thumbnail","hentry","category-abo","category-management","tag-ahv-iv-eo","tag-altersvorsorge","tag-pensionskassen"],"acf":[],"yoast_head":"<!-- This site is optimized with the Yoast SEO plugin v27.5 - https:\/\/yoast.com\/product\/yoast-seo-wordpress\/ -->\n<title>AHV 21: Auswirkungen auf die berufliche Vorsorge - Organisator<\/title>\n<meta name=\"description\" content=\"Mit der Reform der Alters- und Hinterlassenenversicherung (AHV 21) werden Rentenbezug und -aufschub in der AHV flexibler gestaltet.\" \/>\n<meta name=\"robots\" content=\"index, follow, max-snippet:-1, max-image-preview:large, max-video-preview:-1\" \/>\n<link rel=\"canonical\" href=\"https:\/\/www.organisator.ch\/fr\/gestion-2\/2023-06-05\/ahv-21-auswirkungen-auf-die-berufliche-vorsorge\/\" \/>\n<meta property=\"og:locale\" content=\"fr_FR\" \/>\n<meta property=\"og:type\" content=\"article\" \/>\n<meta property=\"og:title\" content=\"AHV 21: Auswirkungen auf die berufliche Vorsorge - Organisator\" \/>\n<meta property=\"og:description\" content=\"Mit der Reform der Alters- und Hinterlassenenversicherung (AHV 21) werden Rentenbezug und -aufschub in der AHV flexibler gestaltet.\" \/>\n<meta property=\"og:url\" content=\"https:\/\/www.organisator.ch\/fr\/gestion-2\/2023-06-05\/ahv-21-auswirkungen-auf-die-berufliche-vorsorge\/\" \/>\n<meta property=\"og:site_name\" content=\"Organisator\" \/>\n<meta property=\"article:publisher\" content=\"https:\/\/www.facebook.com\/OrganisatorFachmagazin\" \/>\n<meta property=\"article:published_time\" content=\"2023-06-05T13:57:28+00:00\" \/>\n<meta property=\"og:image\" content=\"https:\/\/www.organisator.ch\/wp-content\/uploads\/2023\/05\/Management_BDO-AHV21_Bild_organisator_46229-scaled.jpg\" \/>\n\t<meta property=\"og:image:width\" content=\"1400\" \/>\n\t<meta property=\"og:image:height\" content=\"938\" \/>\n\t<meta property=\"og:image:type\" content=\"image\/jpeg\" \/>\n<meta name=\"author\" content=\"admin\" \/>\n<meta name=\"twitter:card\" content=\"summary_large_image\" \/>\n<script type=\"application\/ld+json\" class=\"yoast-schema-graph\">{\"@context\":\"https:\\\/\\\/schema.org\",\"@graph\":[{\"@type\":\"Article\",\"@id\":\"https:\\\/\\\/www.organisator.ch\\\/management\\\/2023-06-05\\\/ahv-21-auswirkungen-auf-die-berufliche-vorsorge\\\/#article\",\"isPartOf\":{\"@id\":\"https:\\\/\\\/www.organisator.ch\\\/management\\\/2023-06-05\\\/ahv-21-auswirkungen-auf-die-berufliche-vorsorge\\\/\"},\"author\":{\"name\":\"admin\",\"@id\":\"https:\\\/\\\/www.organisator.ch\\\/#\\\/schema\\\/person\\\/aa2bace6c5c5aad60102004a50c4eb1c\"},\"headline\":\"AHV 21: Auswirkungen auf die berufliche Vorsorge\",\"datePublished\":\"2023-06-05T13:57:28+00:00\",\"mainEntityOfPage\":{\"@id\":\"https:\\\/\\\/www.organisator.ch\\\/management\\\/2023-06-05\\\/ahv-21-auswirkungen-auf-die-berufliche-vorsorge\\\/\"},\"wordCount\":754,\"publisher\":{\"@id\":\"https:\\\/\\\/www.organisator.ch\\\/#organization\"},\"image\":{\"@id\":\"https:\\\/\\\/www.organisator.ch\\\/management\\\/2023-06-05\\\/ahv-21-auswirkungen-auf-die-berufliche-vorsorge\\\/#primaryimage\"},\"thumbnailUrl\":\"https:\\\/\\\/www.organisator.ch\\\/wp-content\\\/uploads\\\/2023\\\/05\\\/Management_BDO-AHV21_Bild_organisator_46229-scaled.jpg\",\"keywords\":[\"AHV\\\/IV\\\/EO\",\"Altersvorsorge\",\"Pensionskassen\"],\"articleSection\":[\"ABO+\",\"MANAGEMENT\"],\"inLanguage\":\"fr-FR\"},{\"@type\":\"WebPage\",\"@id\":\"https:\\\/\\\/www.organisator.ch\\\/management\\\/2023-06-05\\\/ahv-21-auswirkungen-auf-die-berufliche-vorsorge\\\/\",\"url\":\"https:\\\/\\\/www.organisator.ch\\\/management\\\/2023-06-05\\\/ahv-21-auswirkungen-auf-die-berufliche-vorsorge\\\/\",\"name\":\"AHV 21: Auswirkungen auf die berufliche Vorsorge - Organisator\",\"isPartOf\":{\"@id\":\"https:\\\/\\\/www.organisator.ch\\\/#website\"},\"primaryImageOfPage\":{\"@id\":\"https:\\\/\\\/www.organisator.ch\\\/management\\\/2023-06-05\\\/ahv-21-auswirkungen-auf-die-berufliche-vorsorge\\\/#primaryimage\"},\"image\":{\"@id\":\"https:\\\/\\\/www.organisator.ch\\\/management\\\/2023-06-05\\\/ahv-21-auswirkungen-auf-die-berufliche-vorsorge\\\/#primaryimage\"},\"thumbnailUrl\":\"https:\\\/\\\/www.organisator.ch\\\/wp-content\\\/uploads\\\/2023\\\/05\\\/Management_BDO-AHV21_Bild_organisator_46229-scaled.jpg\",\"datePublished\":\"2023-06-05T13:57:28+00:00\",\"description\":\"Mit der Reform der Alters- und Hinterlassenenversicherung (AHV 21) werden Rentenbezug und -aufschub in der AHV flexibler gestaltet.\",\"breadcrumb\":{\"@id\":\"https:\\\/\\\/www.organisator.ch\\\/management\\\/2023-06-05\\\/ahv-21-auswirkungen-auf-die-berufliche-vorsorge\\\/#breadcrumb\"},\"inLanguage\":\"fr-FR\",\"potentialAction\":[{\"@type\":\"ReadAction\",\"target\":[\"https:\\\/\\\/www.organisator.ch\\\/management\\\/2023-06-05\\\/ahv-21-auswirkungen-auf-die-berufliche-vorsorge\\\/\"]}]},{\"@type\":\"ImageObject\",\"inLanguage\":\"fr-FR\",\"@id\":\"https:\\\/\\\/www.organisator.ch\\\/management\\\/2023-06-05\\\/ahv-21-auswirkungen-auf-die-berufliche-vorsorge\\\/#primaryimage\",\"url\":\"https:\\\/\\\/www.organisator.ch\\\/wp-content\\\/uploads\\\/2023\\\/05\\\/Management_BDO-AHV21_Bild_organisator_46229-scaled.jpg\",\"contentUrl\":\"https:\\\/\\\/www.organisator.ch\\\/wp-content\\\/uploads\\\/2023\\\/05\\\/Management_BDO-AHV21_Bild_organisator_46229-scaled.jpg\",\"width\":1400,\"height\":938,\"caption\":\"Die Reform AHV 21 bringt neben einem h\u00f6heren Rentenalter f\u00fcr Frauen auch M\u00f6glichkeiten, die Rente flexibler zu beziehen. \u00a9 Pixabay.com\"},{\"@type\":\"BreadcrumbList\",\"@id\":\"https:\\\/\\\/www.organisator.ch\\\/management\\\/2023-06-05\\\/ahv-21-auswirkungen-auf-die-berufliche-vorsorge\\\/#breadcrumb\",\"itemListElement\":[{\"@type\":\"ListItem\",\"position\":1,\"name\":\"Home\",\"item\":\"https:\\\/\\\/www.organisator.ch\\\/\"},{\"@type\":\"ListItem\",\"position\":2,\"name\":\"AHV 21: Auswirkungen auf die berufliche Vorsorge\"}]},{\"@type\":\"WebSite\",\"@id\":\"https:\\\/\\\/www.organisator.ch\\\/#website\",\"url\":\"https:\\\/\\\/www.organisator.ch\\\/\",\"name\":\"Organisator\",\"description\":\"Kompetent. Praxisnah. Der ORGANISATOR bereitet in 10 Ausgaben pro Jahr die wesentlichen Themen f\u00fcr F\u00fchrungskr\u00e4fte von KMU auf.\",\"publisher\":{\"@id\":\"https:\\\/\\\/www.organisator.ch\\\/#organization\"},\"potentialAction\":[{\"@type\":\"SearchAction\",\"target\":{\"@type\":\"EntryPoint\",\"urlTemplate\":\"https:\\\/\\\/www.organisator.ch\\\/?s={search_term_string}\"},\"query-input\":{\"@type\":\"PropertyValueSpecification\",\"valueRequired\":true,\"valueName\":\"search_term_string\"}}],\"inLanguage\":\"fr-FR\"},{\"@type\":\"Organization\",\"@id\":\"https:\\\/\\\/www.organisator.ch\\\/#organization\",\"name\":\"Organisator\",\"url\":\"https:\\\/\\\/www.organisator.ch\\\/\",\"logo\":{\"@type\":\"ImageObject\",\"inLanguage\":\"fr-FR\",\"@id\":\"https:\\\/\\\/www.organisator.ch\\\/#\\\/schema\\\/logo\\\/image\\\/\",\"url\":\"https:\\\/\\\/www.organisator.ch\\\/wp-content\\\/uploads\\\/2022\\\/01\\\/Logo_Organisator_Website.png\",\"contentUrl\":\"https:\\\/\\\/www.organisator.ch\\\/wp-content\\\/uploads\\\/2022\\\/01\\\/Logo_Organisator_Website.png\",\"width\":800,\"height\":77,\"caption\":\"Organisator\"},\"image\":{\"@id\":\"https:\\\/\\\/www.organisator.ch\\\/#\\\/schema\\\/logo\\\/image\\\/\"},\"sameAs\":[\"https:\\\/\\\/www.facebook.com\\\/OrganisatorFachmagazin\",\"https:\\\/\\\/www.linkedin.com\\\/showcase\\\/organisator-das-magazin-fr-kmu\",\"https:\\\/\\\/www.xing.com\\\/news\\\/pages\\\/organisator-ch-695\",\"https:\\\/\\\/www.youtube.com\\\/channel\\\/UCGP2Sq0iWaZwT3BdIAQFYpw\"]},{\"@type\":\"Person\",\"@id\":\"https:\\\/\\\/www.organisator.ch\\\/#\\\/schema\\\/person\\\/aa2bace6c5c5aad60102004a50c4eb1c\",\"name\":\"admin\",\"image\":{\"@type\":\"ImageObject\",\"inLanguage\":\"fr-FR\",\"@id\":\"https:\\\/\\\/secure.gravatar.com\\\/avatar\\\/ae2f4d718e6c49043e314ce431e7e645d646302a24a5ef5a8bc8e3f5a032e319?s=96&d=mm&r=g\",\"url\":\"https:\\\/\\\/secure.gravatar.com\\\/avatar\\\/ae2f4d718e6c49043e314ce431e7e645d646302a24a5ef5a8bc8e3f5a032e319?s=96&d=mm&r=g\",\"contentUrl\":\"https:\\\/\\\/secure.gravatar.com\\\/avatar\\\/ae2f4d718e6c49043e314ce431e7e645d646302a24a5ef5a8bc8e3f5a032e319?s=96&d=mm&r=g\",\"caption\":\"admin\"},\"sameAs\":[\"https:\\\/\\\/www.organisator.ch\"],\"url\":\"https:\\\/\\\/www.organisator.ch\\\/fr\\\/author\\\/admin\\\/\"}]}<\/script>\n<!-- \/ Yoast SEO plugin. -->","yoast_head_json":{"title":"AVS 21 : Cons\u00e9quences pour la pr\u00e9voyance professionnelle - Organisateur","description":"Avec la r\u00e9forme de l'assurance vieillesse et survivants (AVS 21), le versement et l'ajournement de la rente dans l'AVS seront plus flexibles.","robots":{"index":"index","follow":"follow","max-snippet":"max-snippet:-1","max-image-preview":"max-image-preview:large","max-video-preview":"max-video-preview:-1"},"canonical":"https:\/\/www.organisator.ch\/fr\/gestion-2\/2023-06-05\/ahv-21-auswirkungen-auf-die-berufliche-vorsorge\/","og_locale":"fr_FR","og_type":"article","og_title":"AHV 21: Auswirkungen auf die berufliche Vorsorge - Organisator","og_description":"Mit der Reform der Alters- und Hinterlassenenversicherung (AHV 21) werden Rentenbezug und -aufschub in der AHV flexibler gestaltet.","og_url":"https:\/\/www.organisator.ch\/fr\/gestion-2\/2023-06-05\/ahv-21-auswirkungen-auf-die-berufliche-vorsorge\/","og_site_name":"Organisator","article_publisher":"https:\/\/www.facebook.com\/OrganisatorFachmagazin","article_published_time":"2023-06-05T13:57:28+00:00","og_image":[{"width":1400,"height":938,"url":"https:\/\/www.organisator.ch\/wp-content\/uploads\/2023\/05\/Management_BDO-AHV21_Bild_organisator_46229-scaled.jpg","type":"image\/jpeg"}],"author":"admin","twitter_card":"summary_large_image","schema":{"@context":"https:\/\/schema.org","@graph":[{"@type":"Article","@id":"https:\/\/www.organisator.ch\/management\/2023-06-05\/ahv-21-auswirkungen-auf-die-berufliche-vorsorge\/#article","isPartOf":{"@id":"https:\/\/www.organisator.ch\/management\/2023-06-05\/ahv-21-auswirkungen-auf-die-berufliche-vorsorge\/"},"author":{"name":"admin","@id":"https:\/\/www.organisator.ch\/#\/schema\/person\/aa2bace6c5c5aad60102004a50c4eb1c"},"headline":"AHV 21: Auswirkungen auf die berufliche Vorsorge","datePublished":"2023-06-05T13:57:28+00:00","mainEntityOfPage":{"@id":"https:\/\/www.organisator.ch\/management\/2023-06-05\/ahv-21-auswirkungen-auf-die-berufliche-vorsorge\/"},"wordCount":754,"publisher":{"@id":"https:\/\/www.organisator.ch\/#organization"},"image":{"@id":"https:\/\/www.organisator.ch\/management\/2023-06-05\/ahv-21-auswirkungen-auf-die-berufliche-vorsorge\/#primaryimage"},"thumbnailUrl":"https:\/\/www.organisator.ch\/wp-content\/uploads\/2023\/05\/Management_BDO-AHV21_Bild_organisator_46229-scaled.jpg","keywords":["AHV\/IV\/EO","Altersvorsorge","Pensionskassen"],"articleSection":["ABO+","MANAGEMENT"],"inLanguage":"fr-FR"},{"@type":"WebPage","@id":"https:\/\/www.organisator.ch\/management\/2023-06-05\/ahv-21-auswirkungen-auf-die-berufliche-vorsorge\/","url":"https:\/\/www.organisator.ch\/management\/2023-06-05\/ahv-21-auswirkungen-auf-die-berufliche-vorsorge\/","name":"AVS 21 : Cons\u00e9quences pour la pr\u00e9voyance professionnelle - Organisateur","isPartOf":{"@id":"https:\/\/www.organisator.ch\/#website"},"primaryImageOfPage":{"@id":"https:\/\/www.organisator.ch\/management\/2023-06-05\/ahv-21-auswirkungen-auf-die-berufliche-vorsorge\/#primaryimage"},"image":{"@id":"https:\/\/www.organisator.ch\/management\/2023-06-05\/ahv-21-auswirkungen-auf-die-berufliche-vorsorge\/#primaryimage"},"thumbnailUrl":"https:\/\/www.organisator.ch\/wp-content\/uploads\/2023\/05\/Management_BDO-AHV21_Bild_organisator_46229-scaled.jpg","datePublished":"2023-06-05T13:57:28+00:00","description":"Avec la r\u00e9forme de l'assurance vieillesse et survivants (AVS 21), le versement et l'ajournement de la rente dans l'AVS seront plus flexibles.","breadcrumb":{"@id":"https:\/\/www.organisator.ch\/management\/2023-06-05\/ahv-21-auswirkungen-auf-die-berufliche-vorsorge\/#breadcrumb"},"inLanguage":"fr-FR","potentialAction":[{"@type":"ReadAction","target":["https:\/\/www.organisator.ch\/management\/2023-06-05\/ahv-21-auswirkungen-auf-die-berufliche-vorsorge\/"]}]},{"@type":"ImageObject","inLanguage":"fr-FR","@id":"https:\/\/www.organisator.ch\/management\/2023-06-05\/ahv-21-auswirkungen-auf-die-berufliche-vorsorge\/#primaryimage","url":"https:\/\/www.organisator.ch\/wp-content\/uploads\/2023\/05\/Management_BDO-AHV21_Bild_organisator_46229-scaled.jpg","contentUrl":"https:\/\/www.organisator.ch\/wp-content\/uploads\/2023\/05\/Management_BDO-AHV21_Bild_organisator_46229-scaled.jpg","width":1400,"height":938,"caption":"Die Reform AHV 21 bringt neben einem h\u00f6heren Rentenalter f\u00fcr Frauen auch M\u00f6glichkeiten, die Rente flexibler zu beziehen. \u00a9 Pixabay.com"},{"@type":"BreadcrumbList","@id":"https:\/\/www.organisator.ch\/management\/2023-06-05\/ahv-21-auswirkungen-auf-die-berufliche-vorsorge\/#breadcrumb","itemListElement":[{"@type":"ListItem","position":1,"name":"Home","item":"https:\/\/www.organisator.ch\/"},{"@type":"ListItem","position":2,"name":"AHV 21: Auswirkungen auf die berufliche Vorsorge"}]},{"@type":"WebSite","@id":"https:\/\/www.organisator.ch\/#website","url":"https:\/\/www.organisator.ch\/","name":"Organisateur","description":"Comp\u00e9tence et comp\u00e9tence. Proches de la pratique. L'ORGANISATEUR pr\u00e9pare 10 num\u00e9ros par an sur les th\u00e8mes essentiels pour les dirigeants de PME.","publisher":{"@id":"https:\/\/www.organisator.ch\/#organization"},"potentialAction":[{"@type":"SearchAction","target":{"@type":"EntryPoint","urlTemplate":"https:\/\/www.organisator.ch\/?s={search_term_string}"},"query-input":{"@type":"PropertyValueSpecification","valueRequired":true,"valueName":"search_term_string"}}],"inLanguage":"fr-FR"},{"@type":"Organization","@id":"https:\/\/www.organisator.ch\/#organization","name":"Organisateur","url":"https:\/\/www.organisator.ch\/","logo":{"@type":"ImageObject","inLanguage":"fr-FR","@id":"https:\/\/www.organisator.ch\/#\/schema\/logo\/image\/","url":"https:\/\/www.organisator.ch\/wp-content\/uploads\/2022\/01\/Logo_Organisator_Website.png","contentUrl":"https:\/\/www.organisator.ch\/wp-content\/uploads\/2022\/01\/Logo_Organisator_Website.png","width":800,"height":77,"caption":"Organisator"},"image":{"@id":"https:\/\/www.organisator.ch\/#\/schema\/logo\/image\/"},"sameAs":["https:\/\/www.facebook.com\/OrganisatorFachmagazin","https:\/\/www.linkedin.com\/showcase\/organisator-das-magazin-fr-kmu","https:\/\/www.xing.com\/news\/pages\/organisator-ch-695","https:\/\/www.youtube.com\/channel\/UCGP2Sq0iWaZwT3BdIAQFYpw"]},{"@type":"Person","@id":"https:\/\/www.organisator.ch\/#\/schema\/person\/aa2bace6c5c5aad60102004a50c4eb1c","name":"admin","image":{"@type":"ImageObject","inLanguage":"fr-FR","@id":"https:\/\/secure.gravatar.com\/avatar\/ae2f4d718e6c49043e314ce431e7e645d646302a24a5ef5a8bc8e3f5a032e319?s=96&d=mm&r=g","url":"https:\/\/secure.gravatar.com\/avatar\/ae2f4d718e6c49043e314ce431e7e645d646302a24a5ef5a8bc8e3f5a032e319?s=96&d=mm&r=g","contentUrl":"https:\/\/secure.gravatar.com\/avatar\/ae2f4d718e6c49043e314ce431e7e645d646302a24a5ef5a8bc8e3f5a032e319?s=96&d=mm&r=g","caption":"admin"},"sameAs":["https:\/\/www.organisator.ch"],"url":"https:\/\/www.organisator.ch\/fr\/author\/admin\/"}]}},"_links":{"self":[{"href":"https:\/\/www.organisator.ch\/fr\/wp-json\/wp\/v2\/posts\/20272","targetHints":{"allow":["GET"]}}],"collection":[{"href":"https:\/\/www.organisator.ch\/fr\/wp-json\/wp\/v2\/posts"}],"about":[{"href":"https:\/\/www.organisator.ch\/fr\/wp-json\/wp\/v2\/types\/post"}],"author":[{"embeddable":true,"href":"https:\/\/www.organisator.ch\/fr\/wp-json\/wp\/v2\/users\/1"}],"replies":[{"embeddable":true,"href":"https:\/\/www.organisator.ch\/fr\/wp-json\/wp\/v2\/comments?post=20272"}],"version-history":[{"count":3,"href":"https:\/\/www.organisator.ch\/fr\/wp-json\/wp\/v2\/posts\/20272\/revisions"}],"predecessor-version":[{"id":20486,"href":"https:\/\/www.organisator.ch\/fr\/wp-json\/wp\/v2\/posts\/20272\/revisions\/20486"}],"wp:featuredmedia":[{"embeddable":true,"href":"https:\/\/www.organisator.ch\/fr\/wp-json\/wp\/v2\/media\/20269"}],"wp:attachment":[{"href":"https:\/\/www.organisator.ch\/fr\/wp-json\/wp\/v2\/media?parent=20272"}],"wp:term":[{"taxonomy":"category","embeddable":true,"href":"https:\/\/www.organisator.ch\/fr\/wp-json\/wp\/v2\/categories?post=20272"},{"taxonomy":"post_tag","embeddable":true,"href":"https:\/\/www.organisator.ch\/fr\/wp-json\/wp\/v2\/tags?post=20272"}],"curies":[{"name":"wp","href":"https:\/\/api.w.org\/{rel}","templated":true}]}}