{"id":20275,"date":"2023-06-05T16:02:49","date_gmt":"2023-06-05T14:02:49","guid":{"rendered":"https:\/\/www.organisator.ch\/de\/?p=20275"},"modified":"2023-05-26T16:06:05","modified_gmt":"2023-05-26T14:06:05","slug":"2022-horror-anlagejahr-fuer-vorsorgewerke","status":"publish","type":"post","link":"https:\/\/www.organisator.ch\/fr\/management\/2023-06-05\/2022-horror-anlagejahr-fuer-vorsorgewerke\/","title":{"rendered":"2022 : une ann\u00e9e de placement horrible pour les caisses de pr\u00e9voyance"},"content":{"rendered":"<div class=\"swpm-post-not-logged-in-msg\">Vous devez \u00eatre connect\u00e9 pour voir ce contenu. Veuillez <a class=\"swpm-login-link\" href=\"https:\/\/www.organisator.ch\/login\/\">Se connecter<\/a>. Pas un membre ? <a href=\"https:\/\/www.organisator.ch\/shop\/\">Nous Rejoindre<\/a><\/div>","protected":false},"excerpt":{"rendered":"<p>L'ann\u00e9e 2022 a fait chuter les performances des placements de toutes les caisses de pr\u00e9voyance. Mais l'ann\u00e9e actuelle promet une reprise. Et dans la plupart des caisses de pension, les taux de couverture sont encore sup\u00e9rieurs \u00e0 100 pour cent.<\/p>","protected":false},"author":1,"featured_media":20336,"comment_status":"closed","ping_status":"closed","sticky":false,"template":"","format":"standard","meta":{"_acf_changed":false,"_yoast_wpseo_focuskw":"Horror-Anlagejahr","_yoast_wpseo_metadesc":"Horror-Anlagejahr: Das Jahr 2022 riss bei allen Vorsorgewerken die Performances auf den Anlagen in die Tiefe. Ein Vergleich.","articlekey":"47055","footnotes":""},"categories":[578,28],"tags":[2922,2921,3419,3793],"class_list":["post-20275","post","type-post","status-publish","format-standard","has-post-thumbnail","hentry","category-abo","category-management","tag-2-saeule","tag-berufliche-vorsorge","tag-geldanlagen","tag-pensionskassen-vergleich"],"acf":[],"yoast_head":"<!-- This site is optimized with the Yoast SEO plugin v27.4 - https:\/\/yoast.com\/product\/yoast-seo-wordpress\/ -->\n<title>2022: Horror-Anlagejahr f\u00fcr Vorsorgewerke - Organisator<\/title>\n<meta name=\"description\" content=\"Horror-Anlagejahr: Das Jahr 2022 riss bei allen Vorsorgewerken die Performances auf den Anlagen in die Tiefe. Ein Vergleich.\" \/>\n<meta name=\"robots\" content=\"index, follow, max-snippet:-1, max-image-preview:large, max-video-preview:-1\" \/>\n<link rel=\"canonical\" href=\"https:\/\/www.organisator.ch\/fr\/gestion-2\/2023-06-05\/2022-horror-anlagejahr-fuer-vorsorgewerke\/\" \/>\n<meta property=\"og:locale\" content=\"fr_FR\" \/>\n<meta property=\"og:type\" content=\"article\" \/>\n<meta property=\"og:title\" content=\"2022: Horror-Anlagejahr f\u00fcr Vorsorgewerke - Organisator\" \/>\n<meta property=\"og:description\" content=\"Horror-Anlagejahr: Das Jahr 2022 riss bei allen Vorsorgewerken die Performances auf den Anlagen in die Tiefe. Ein Vergleich.\" \/>\n<meta property=\"og:url\" content=\"https:\/\/www.organisator.ch\/fr\/gestion-2\/2023-06-05\/2022-horror-anlagejahr-fuer-vorsorgewerke\/\" \/>\n<meta property=\"og:site_name\" content=\"Organisator\" \/>\n<meta property=\"article:publisher\" content=\"https:\/\/www.facebook.com\/OrganisatorFachmagazin\" \/>\n<meta property=\"article:published_time\" content=\"2023-06-05T14:02:49+00:00\" \/>\n<meta property=\"og:image\" content=\"https:\/\/www.organisator.ch\/wp-content\/uploads\/2023\/05\/Management_Management_organisator_PK-Umfrage-2-scaled.jpg\" \/>\n\t<meta property=\"og:image:width\" content=\"1400\" \/>\n\t<meta property=\"og:image:height\" content=\"1002\" \/>\n\t<meta property=\"og:image:type\" content=\"image\/jpeg\" \/>\n<meta name=\"author\" content=\"admin\" \/>\n<meta name=\"twitter:card\" content=\"summary_large_image\" \/>\n<script type=\"application\/ld+json\" class=\"yoast-schema-graph\">{\"@context\":\"https:\\\/\\\/schema.org\",\"@graph\":[{\"@type\":\"Article\",\"@id\":\"https:\\\/\\\/www.organisator.ch\\\/management\\\/2023-06-05\\\/2022-horror-anlagejahr-fuer-vorsorgewerke\\\/#article\",\"isPartOf\":{\"@id\":\"https:\\\/\\\/www.organisator.ch\\\/management\\\/2023-06-05\\\/2022-horror-anlagejahr-fuer-vorsorgewerke\\\/\"},\"author\":{\"name\":\"admin\",\"@id\":\"https:\\\/\\\/www.organisator.ch\\\/#\\\/schema\\\/person\\\/aa2bace6c5c5aad60102004a50c4eb1c\"},\"headline\":\"2022: Horror-Anlagejahr f\u00fcr Vorsorgewerke\",\"datePublished\":\"2023-06-05T14:02:49+00:00\",\"mainEntityOfPage\":{\"@id\":\"https:\\\/\\\/www.organisator.ch\\\/management\\\/2023-06-05\\\/2022-horror-anlagejahr-fuer-vorsorgewerke\\\/\"},\"wordCount\":709,\"publisher\":{\"@id\":\"https:\\\/\\\/www.organisator.ch\\\/#organization\"},\"image\":{\"@id\":\"https:\\\/\\\/www.organisator.ch\\\/management\\\/2023-06-05\\\/2022-horror-anlagejahr-fuer-vorsorgewerke\\\/#primaryimage\"},\"thumbnailUrl\":\"https:\\\/\\\/www.organisator.ch\\\/wp-content\\\/uploads\\\/2023\\\/05\\\/Management_Management_organisator_PK-Umfrage-2-scaled.jpg\",\"keywords\":[\"2. S\u00e4ule\",\"Berufliche Vorsorge\",\"Geldanlagen\",\"Pensionskassen-Vergleich\"],\"articleSection\":[\"ABO+\",\"MANAGEMENT\"],\"inLanguage\":\"fr-FR\"},{\"@type\":\"WebPage\",\"@id\":\"https:\\\/\\\/www.organisator.ch\\\/management\\\/2023-06-05\\\/2022-horror-anlagejahr-fuer-vorsorgewerke\\\/\",\"url\":\"https:\\\/\\\/www.organisator.ch\\\/management\\\/2023-06-05\\\/2022-horror-anlagejahr-fuer-vorsorgewerke\\\/\",\"name\":\"2022: Horror-Anlagejahr f\u00fcr Vorsorgewerke - Organisator\",\"isPartOf\":{\"@id\":\"https:\\\/\\\/www.organisator.ch\\\/#website\"},\"primaryImageOfPage\":{\"@id\":\"https:\\\/\\\/www.organisator.ch\\\/management\\\/2023-06-05\\\/2022-horror-anlagejahr-fuer-vorsorgewerke\\\/#primaryimage\"},\"image\":{\"@id\":\"https:\\\/\\\/www.organisator.ch\\\/management\\\/2023-06-05\\\/2022-horror-anlagejahr-fuer-vorsorgewerke\\\/#primaryimage\"},\"thumbnailUrl\":\"https:\\\/\\\/www.organisator.ch\\\/wp-content\\\/uploads\\\/2023\\\/05\\\/Management_Management_organisator_PK-Umfrage-2-scaled.jpg\",\"datePublished\":\"2023-06-05T14:02:49+00:00\",\"description\":\"Horror-Anlagejahr: Das Jahr 2022 riss bei allen Vorsorgewerken die Performances auf den Anlagen in die Tiefe. Ein Vergleich.\",\"breadcrumb\":{\"@id\":\"https:\\\/\\\/www.organisator.ch\\\/management\\\/2023-06-05\\\/2022-horror-anlagejahr-fuer-vorsorgewerke\\\/#breadcrumb\"},\"inLanguage\":\"fr-FR\",\"potentialAction\":[{\"@type\":\"ReadAction\",\"target\":[\"https:\\\/\\\/www.organisator.ch\\\/management\\\/2023-06-05\\\/2022-horror-anlagejahr-fuer-vorsorgewerke\\\/\"]}]},{\"@type\":\"ImageObject\",\"inLanguage\":\"fr-FR\",\"@id\":\"https:\\\/\\\/www.organisator.ch\\\/management\\\/2023-06-05\\\/2022-horror-anlagejahr-fuer-vorsorgewerke\\\/#primaryimage\",\"url\":\"https:\\\/\\\/www.organisator.ch\\\/wp-content\\\/uploads\\\/2023\\\/05\\\/Management_Management_organisator_PK-Umfrage-2-scaled.jpg\",\"contentUrl\":\"https:\\\/\\\/www.organisator.ch\\\/wp-content\\\/uploads\\\/2023\\\/05\\\/Management_Management_organisator_PK-Umfrage-2-scaled.jpg\",\"width\":1400,\"height\":1002},{\"@type\":\"BreadcrumbList\",\"@id\":\"https:\\\/\\\/www.organisator.ch\\\/management\\\/2023-06-05\\\/2022-horror-anlagejahr-fuer-vorsorgewerke\\\/#breadcrumb\",\"itemListElement\":[{\"@type\":\"ListItem\",\"position\":1,\"name\":\"Home\",\"item\":\"https:\\\/\\\/www.organisator.ch\\\/\"},{\"@type\":\"ListItem\",\"position\":2,\"name\":\"2022: Horror-Anlagejahr f\u00fcr Vorsorgewerke\"}]},{\"@type\":\"WebSite\",\"@id\":\"https:\\\/\\\/www.organisator.ch\\\/#website\",\"url\":\"https:\\\/\\\/www.organisator.ch\\\/\",\"name\":\"Organisator\",\"description\":\"Kompetent. Praxisnah. Der ORGANISATOR bereitet in 10 Ausgaben pro Jahr die wesentlichen Themen f\u00fcr F\u00fchrungskr\u00e4fte von KMU auf.\",\"publisher\":{\"@id\":\"https:\\\/\\\/www.organisator.ch\\\/#organization\"},\"potentialAction\":[{\"@type\":\"SearchAction\",\"target\":{\"@type\":\"EntryPoint\",\"urlTemplate\":\"https:\\\/\\\/www.organisator.ch\\\/?s={search_term_string}\"},\"query-input\":{\"@type\":\"PropertyValueSpecification\",\"valueRequired\":true,\"valueName\":\"search_term_string\"}}],\"inLanguage\":\"fr-FR\"},{\"@type\":\"Organization\",\"@id\":\"https:\\\/\\\/www.organisator.ch\\\/#organization\",\"name\":\"Organisator\",\"url\":\"https:\\\/\\\/www.organisator.ch\\\/\",\"logo\":{\"@type\":\"ImageObject\",\"inLanguage\":\"fr-FR\",\"@id\":\"https:\\\/\\\/www.organisator.ch\\\/#\\\/schema\\\/logo\\\/image\\\/\",\"url\":\"https:\\\/\\\/www.organisator.ch\\\/wp-content\\\/uploads\\\/2022\\\/01\\\/Logo_Organisator_Website.png\",\"contentUrl\":\"https:\\\/\\\/www.organisator.ch\\\/wp-content\\\/uploads\\\/2022\\\/01\\\/Logo_Organisator_Website.png\",\"width\":800,\"height\":77,\"caption\":\"Organisator\"},\"image\":{\"@id\":\"https:\\\/\\\/www.organisator.ch\\\/#\\\/schema\\\/logo\\\/image\\\/\"},\"sameAs\":[\"https:\\\/\\\/www.facebook.com\\\/OrganisatorFachmagazin\",\"https:\\\/\\\/www.linkedin.com\\\/showcase\\\/organisator-das-magazin-fr-kmu\",\"https:\\\/\\\/www.xing.com\\\/news\\\/pages\\\/organisator-ch-695\",\"https:\\\/\\\/www.youtube.com\\\/channel\\\/UCGP2Sq0iWaZwT3BdIAQFYpw\"]},{\"@type\":\"Person\",\"@id\":\"https:\\\/\\\/www.organisator.ch\\\/#\\\/schema\\\/person\\\/aa2bace6c5c5aad60102004a50c4eb1c\",\"name\":\"admin\",\"image\":{\"@type\":\"ImageObject\",\"inLanguage\":\"fr-FR\",\"@id\":\"https:\\\/\\\/secure.gravatar.com\\\/avatar\\\/ae2f4d718e6c49043e314ce431e7e645d646302a24a5ef5a8bc8e3f5a032e319?s=96&d=mm&r=g\",\"url\":\"https:\\\/\\\/secure.gravatar.com\\\/avatar\\\/ae2f4d718e6c49043e314ce431e7e645d646302a24a5ef5a8bc8e3f5a032e319?s=96&d=mm&r=g\",\"contentUrl\":\"https:\\\/\\\/secure.gravatar.com\\\/avatar\\\/ae2f4d718e6c49043e314ce431e7e645d646302a24a5ef5a8bc8e3f5a032e319?s=96&d=mm&r=g\",\"caption\":\"admin\"},\"sameAs\":[\"https:\\\/\\\/www.organisator.ch\"],\"url\":\"https:\\\/\\\/www.organisator.ch\\\/fr\\\/author\\\/admin\\\/\"}]}<\/script>\n<!-- \/ Yoast SEO plugin. -->","yoast_head_json":{"title":"2022 : une ann\u00e9e de placement horrible pour les caisses de pr\u00e9voyance - Organisateur","description":"Une ann\u00e9e d'horreur pour les placements : l'ann\u00e9e 2022 a fait chuter les performances des placements de toutes les caisses de pr\u00e9voyance. Une comparaison.","robots":{"index":"index","follow":"follow","max-snippet":"max-snippet:-1","max-image-preview":"max-image-preview:large","max-video-preview":"max-video-preview:-1"},"canonical":"https:\/\/www.organisator.ch\/fr\/gestion-2\/2023-06-05\/2022-horror-anlagejahr-fuer-vorsorgewerke\/","og_locale":"fr_FR","og_type":"article","og_title":"2022: Horror-Anlagejahr f\u00fcr Vorsorgewerke - Organisator","og_description":"Horror-Anlagejahr: Das Jahr 2022 riss bei allen Vorsorgewerken die Performances auf den Anlagen in die Tiefe. Ein Vergleich.","og_url":"https:\/\/www.organisator.ch\/fr\/gestion-2\/2023-06-05\/2022-horror-anlagejahr-fuer-vorsorgewerke\/","og_site_name":"Organisator","article_publisher":"https:\/\/www.facebook.com\/OrganisatorFachmagazin","article_published_time":"2023-06-05T14:02:49+00:00","og_image":[{"width":1400,"height":1002,"url":"https:\/\/www.organisator.ch\/wp-content\/uploads\/2023\/05\/Management_Management_organisator_PK-Umfrage-2-scaled.jpg","type":"image\/jpeg"}],"author":"admin","twitter_card":"summary_large_image","schema":{"@context":"https:\/\/schema.org","@graph":[{"@type":"Article","@id":"https:\/\/www.organisator.ch\/management\/2023-06-05\/2022-horror-anlagejahr-fuer-vorsorgewerke\/#article","isPartOf":{"@id":"https:\/\/www.organisator.ch\/management\/2023-06-05\/2022-horror-anlagejahr-fuer-vorsorgewerke\/"},"author":{"name":"admin","@id":"https:\/\/www.organisator.ch\/#\/schema\/person\/aa2bace6c5c5aad60102004a50c4eb1c"},"headline":"2022: Horror-Anlagejahr f\u00fcr Vorsorgewerke","datePublished":"2023-06-05T14:02:49+00:00","mainEntityOfPage":{"@id":"https:\/\/www.organisator.ch\/management\/2023-06-05\/2022-horror-anlagejahr-fuer-vorsorgewerke\/"},"wordCount":709,"publisher":{"@id":"https:\/\/www.organisator.ch\/#organization"},"image":{"@id":"https:\/\/www.organisator.ch\/management\/2023-06-05\/2022-horror-anlagejahr-fuer-vorsorgewerke\/#primaryimage"},"thumbnailUrl":"https:\/\/www.organisator.ch\/wp-content\/uploads\/2023\/05\/Management_Management_organisator_PK-Umfrage-2-scaled.jpg","keywords":["2. S\u00e4ule","Berufliche Vorsorge","Geldanlagen","Pensionskassen-Vergleich"],"articleSection":["ABO+","MANAGEMENT"],"inLanguage":"fr-FR"},{"@type":"WebPage","@id":"https:\/\/www.organisator.ch\/management\/2023-06-05\/2022-horror-anlagejahr-fuer-vorsorgewerke\/","url":"https:\/\/www.organisator.ch\/management\/2023-06-05\/2022-horror-anlagejahr-fuer-vorsorgewerke\/","name":"2022 : une ann\u00e9e de placement horrible pour les caisses de pr\u00e9voyance - Organisateur","isPartOf":{"@id":"https:\/\/www.organisator.ch\/#website"},"primaryImageOfPage":{"@id":"https:\/\/www.organisator.ch\/management\/2023-06-05\/2022-horror-anlagejahr-fuer-vorsorgewerke\/#primaryimage"},"image":{"@id":"https:\/\/www.organisator.ch\/management\/2023-06-05\/2022-horror-anlagejahr-fuer-vorsorgewerke\/#primaryimage"},"thumbnailUrl":"https:\/\/www.organisator.ch\/wp-content\/uploads\/2023\/05\/Management_Management_organisator_PK-Umfrage-2-scaled.jpg","datePublished":"2023-06-05T14:02:49+00:00","description":"Une ann\u00e9e d'horreur pour les placements : l'ann\u00e9e 2022 a fait chuter les performances des placements de toutes les caisses de pr\u00e9voyance. Une comparaison.","breadcrumb":{"@id":"https:\/\/www.organisator.ch\/management\/2023-06-05\/2022-horror-anlagejahr-fuer-vorsorgewerke\/#breadcrumb"},"inLanguage":"fr-FR","potentialAction":[{"@type":"ReadAction","target":["https:\/\/www.organisator.ch\/management\/2023-06-05\/2022-horror-anlagejahr-fuer-vorsorgewerke\/"]}]},{"@type":"ImageObject","inLanguage":"fr-FR","@id":"https:\/\/www.organisator.ch\/management\/2023-06-05\/2022-horror-anlagejahr-fuer-vorsorgewerke\/#primaryimage","url":"https:\/\/www.organisator.ch\/wp-content\/uploads\/2023\/05\/Management_Management_organisator_PK-Umfrage-2-scaled.jpg","contentUrl":"https:\/\/www.organisator.ch\/wp-content\/uploads\/2023\/05\/Management_Management_organisator_PK-Umfrage-2-scaled.jpg","width":1400,"height":1002},{"@type":"BreadcrumbList","@id":"https:\/\/www.organisator.ch\/management\/2023-06-05\/2022-horror-anlagejahr-fuer-vorsorgewerke\/#breadcrumb","itemListElement":[{"@type":"ListItem","position":1,"name":"Home","item":"https:\/\/www.organisator.ch\/"},{"@type":"ListItem","position":2,"name":"2022: Horror-Anlagejahr f\u00fcr Vorsorgewerke"}]},{"@type":"WebSite","@id":"https:\/\/www.organisator.ch\/#website","url":"https:\/\/www.organisator.ch\/","name":"Organisateur","description":"Comp\u00e9tence et comp\u00e9tence. Proches de la pratique. L'ORGANISATEUR pr\u00e9pare 10 num\u00e9ros par an sur les th\u00e8mes essentiels pour les dirigeants de PME.","publisher":{"@id":"https:\/\/www.organisator.ch\/#organization"},"potentialAction":[{"@type":"SearchAction","target":{"@type":"EntryPoint","urlTemplate":"https:\/\/www.organisator.ch\/?s={search_term_string}"},"query-input":{"@type":"PropertyValueSpecification","valueRequired":true,"valueName":"search_term_string"}}],"inLanguage":"fr-FR"},{"@type":"Organization","@id":"https:\/\/www.organisator.ch\/#organization","name":"Organisateur","url":"https:\/\/www.organisator.ch\/","logo":{"@type":"ImageObject","inLanguage":"fr-FR","@id":"https:\/\/www.organisator.ch\/#\/schema\/logo\/image\/","url":"https:\/\/www.organisator.ch\/wp-content\/uploads\/2022\/01\/Logo_Organisator_Website.png","contentUrl":"https:\/\/www.organisator.ch\/wp-content\/uploads\/2022\/01\/Logo_Organisator_Website.png","width":800,"height":77,"caption":"Organisator"},"image":{"@id":"https:\/\/www.organisator.ch\/#\/schema\/logo\/image\/"},"sameAs":["https:\/\/www.facebook.com\/OrganisatorFachmagazin","https:\/\/www.linkedin.com\/showcase\/organisator-das-magazin-fr-kmu","https:\/\/www.xing.com\/news\/pages\/organisator-ch-695","https:\/\/www.youtube.com\/channel\/UCGP2Sq0iWaZwT3BdIAQFYpw"]},{"@type":"Person","@id":"https:\/\/www.organisator.ch\/#\/schema\/person\/aa2bace6c5c5aad60102004a50c4eb1c","name":"admin","image":{"@type":"ImageObject","inLanguage":"fr-FR","@id":"https:\/\/secure.gravatar.com\/avatar\/ae2f4d718e6c49043e314ce431e7e645d646302a24a5ef5a8bc8e3f5a032e319?s=96&d=mm&r=g","url":"https:\/\/secure.gravatar.com\/avatar\/ae2f4d718e6c49043e314ce431e7e645d646302a24a5ef5a8bc8e3f5a032e319?s=96&d=mm&r=g","contentUrl":"https:\/\/secure.gravatar.com\/avatar\/ae2f4d718e6c49043e314ce431e7e645d646302a24a5ef5a8bc8e3f5a032e319?s=96&d=mm&r=g","caption":"admin"},"sameAs":["https:\/\/www.organisator.ch"],"url":"https:\/\/www.organisator.ch\/fr\/author\/admin\/"}]}},"_links":{"self":[{"href":"https:\/\/www.organisator.ch\/fr\/wp-json\/wp\/v2\/posts\/20275","targetHints":{"allow":["GET"]}}],"collection":[{"href":"https:\/\/www.organisator.ch\/fr\/wp-json\/wp\/v2\/posts"}],"about":[{"href":"https:\/\/www.organisator.ch\/fr\/wp-json\/wp\/v2\/types\/post"}],"author":[{"embeddable":true,"href":"https:\/\/www.organisator.ch\/fr\/wp-json\/wp\/v2\/users\/1"}],"replies":[{"embeddable":true,"href":"https:\/\/www.organisator.ch\/fr\/wp-json\/wp\/v2\/comments?post=20275"}],"version-history":[{"count":4,"href":"https:\/\/www.organisator.ch\/fr\/wp-json\/wp\/v2\/posts\/20275\/revisions"}],"predecessor-version":[{"id":20488,"href":"https:\/\/www.organisator.ch\/fr\/wp-json\/wp\/v2\/posts\/20275\/revisions\/20488"}],"wp:featuredmedia":[{"embeddable":true,"href":"https:\/\/www.organisator.ch\/fr\/wp-json\/wp\/v2\/media\/20336"}],"wp:attachment":[{"href":"https:\/\/www.organisator.ch\/fr\/wp-json\/wp\/v2\/media?parent=20275"}],"wp:term":[{"taxonomy":"category","embeddable":true,"href":"https:\/\/www.organisator.ch\/fr\/wp-json\/wp\/v2\/categories?post=20275"},{"taxonomy":"post_tag","embeddable":true,"href":"https:\/\/www.organisator.ch\/fr\/wp-json\/wp\/v2\/tags?post=20275"}],"curies":[{"name":"wp","href":"https:\/\/api.w.org\/{rel}","templated":true}]}}