{"id":20278,"date":"2023-06-06T05:16:21","date_gmt":"2023-06-06T03:16:21","guid":{"rendered":"https:\/\/www.organisator.ch\/de\/?p=20278"},"modified":"2023-05-26T15:22:16","modified_gmt":"2023-05-26T13:22:16","slug":"datenschutzgesetz-to-dos-fuer-die-unternehmensfuehrung","status":"publish","type":"post","link":"https:\/\/www.organisator.ch\/fr\/operational-excellence\/2023-06-06\/datenschutzgesetz-to-dos-fuer-die-unternehmensfuehrung\/","title":{"rendered":"Loi sur la protection des donn\u00e9es : les choses \u00e0 faire pour la direction de l'entreprise"},"content":{"rendered":"<div class=\"swpm-post-not-logged-in-msg\">Vous devez \u00eatre connect\u00e9 pour voir ce contenu. Veuillez <a class=\"swpm-login-link\" href=\"https:\/\/www.organisator.ch\/login\/\">Se connecter<\/a>. Pas un membre ? <a href=\"https:\/\/www.organisator.ch\/shop\/\">Nous Rejoindre<\/a><\/div>","protected":false},"excerpt":{"rendered":"<p>La loi r\u00e9vis\u00e9e sur la protection des donn\u00e9es entrera en vigueur le 1er septembre 2023. Il est grand temps de se concentrer sur les choses \u00e0 faire, car des sanctions plus s\u00e9v\u00e8res sont d\u00e9sormais pr\u00e9vues. <\/p>","protected":false},"author":1,"featured_media":20276,"comment_status":"closed","ping_status":"closed","sticky":false,"template":"","format":"standard","meta":{"_acf_changed":false,"_yoast_wpseo_focuskw":"Datenschutzgesetz","_yoast_wpseo_metadesc":"Am 1.9.2023 tritt das revidierte Datenschutzgesetz in Kraft. Zeit, den Fokus auf die To-do's zu richten, denn neu drohen h\u00e4rtere Sanktionen.","articlekey":"46234","footnotes":""},"categories":[578,582],"tags":[146,3020,202],"class_list":["post-20278","post","type-post","status-publish","format-standard","has-post-thumbnail","hentry","category-abo","category-operational-excellence","tag-datenschutz","tag-datenschutzgesetz-schweiz","tag-finanzenrecht"],"acf":[],"yoast_head":"<!-- This site is optimized with the Yoast SEO plugin v27.5 - https:\/\/yoast.com\/product\/yoast-seo-wordpress\/ -->\n<title>Datenschutzgesetz: To-do&#039;s f\u00fcr die Unternehmensf\u00fchrung - Organisator<\/title>\n<meta name=\"description\" content=\"Am 1.9.2023 tritt das revidierte Datenschutzgesetz in Kraft. Zeit, den Fokus auf die To-do&#039;s zu richten, denn neu drohen h\u00e4rtere Sanktionen.\" \/>\n<meta name=\"robots\" content=\"index, follow, max-snippet:-1, max-image-preview:large, max-video-preview:-1\" \/>\n<link rel=\"canonical\" href=\"https:\/\/www.organisator.ch\/fr\/abonnement\/2023-06-06\/datenschutzgesetz-to-dos-fuer-die-unternehmensfuehrung\/\" \/>\n<meta property=\"og:locale\" content=\"fr_FR\" \/>\n<meta property=\"og:type\" content=\"article\" \/>\n<meta property=\"og:title\" content=\"Datenschutzgesetz: To-do&#039;s f\u00fcr die Unternehmensf\u00fchrung - Organisator\" \/>\n<meta property=\"og:description\" content=\"Am 1.9.2023 tritt das revidierte Datenschutzgesetz in Kraft. Zeit, den Fokus auf die To-do&#039;s zu richten, denn neu drohen h\u00e4rtere Sanktionen.\" \/>\n<meta property=\"og:url\" content=\"https:\/\/www.organisator.ch\/fr\/abonnement\/2023-06-06\/datenschutzgesetz-to-dos-fuer-die-unternehmensfuehrung\/\" \/>\n<meta property=\"og:site_name\" content=\"Organisator\" \/>\n<meta property=\"article:publisher\" content=\"https:\/\/www.facebook.com\/OrganisatorFachmagazin\" \/>\n<meta property=\"article:published_time\" content=\"2023-06-06T03:16:21+00:00\" \/>\n<meta property=\"og:image\" content=\"https:\/\/www.organisator.ch\/wp-content\/uploads\/2023\/05\/OpEx_BDO-Datenschutz_Bild_organisator_46239-scaled.jpg\" \/>\n\t<meta property=\"og:image:width\" content=\"1400\" \/>\n\t<meta property=\"og:image:height\" content=\"986\" \/>\n\t<meta property=\"og:image:type\" content=\"image\/jpeg\" \/>\n<meta name=\"author\" content=\"admin\" \/>\n<meta name=\"twitter:card\" content=\"summary_large_image\" \/>\n<script type=\"application\/ld+json\" class=\"yoast-schema-graph\">{\"@context\":\"https:\\\/\\\/schema.org\",\"@graph\":[{\"@type\":\"Article\",\"@id\":\"https:\\\/\\\/www.organisator.ch\\\/abo\\\/2023-06-06\\\/datenschutzgesetz-to-dos-fuer-die-unternehmensfuehrung\\\/#article\",\"isPartOf\":{\"@id\":\"https:\\\/\\\/www.organisator.ch\\\/abo\\\/2023-06-06\\\/datenschutzgesetz-to-dos-fuer-die-unternehmensfuehrung\\\/\"},\"author\":{\"name\":\"admin\",\"@id\":\"https:\\\/\\\/www.organisator.ch\\\/#\\\/schema\\\/person\\\/aa2bace6c5c5aad60102004a50c4eb1c\"},\"headline\":\"Datenschutzgesetz: To-do&#8217;s f\u00fcr die Unternehmensf\u00fchrung\",\"datePublished\":\"2023-06-06T03:16:21+00:00\",\"mainEntityOfPage\":{\"@id\":\"https:\\\/\\\/www.organisator.ch\\\/abo\\\/2023-06-06\\\/datenschutzgesetz-to-dos-fuer-die-unternehmensfuehrung\\\/\"},\"wordCount\":862,\"publisher\":{\"@id\":\"https:\\\/\\\/www.organisator.ch\\\/#organization\"},\"image\":{\"@id\":\"https:\\\/\\\/www.organisator.ch\\\/abo\\\/2023-06-06\\\/datenschutzgesetz-to-dos-fuer-die-unternehmensfuehrung\\\/#primaryimage\"},\"thumbnailUrl\":\"https:\\\/\\\/www.organisator.ch\\\/wp-content\\\/uploads\\\/2023\\\/05\\\/OpEx_BDO-Datenschutz_Bild_organisator_46239-scaled.jpg\",\"keywords\":[\"Datenschutz\",\"Datenschutzgesetz Schweiz\",\"Finanzen\\\/Recht\"],\"articleSection\":[\"ABO+\",\"OPERATIONAL EXCELLENCE\"],\"inLanguage\":\"fr-FR\"},{\"@type\":\"WebPage\",\"@id\":\"https:\\\/\\\/www.organisator.ch\\\/abo\\\/2023-06-06\\\/datenschutzgesetz-to-dos-fuer-die-unternehmensfuehrung\\\/\",\"url\":\"https:\\\/\\\/www.organisator.ch\\\/abo\\\/2023-06-06\\\/datenschutzgesetz-to-dos-fuer-die-unternehmensfuehrung\\\/\",\"name\":\"Datenschutzgesetz: To-do's f\u00fcr die Unternehmensf\u00fchrung - Organisator\",\"isPartOf\":{\"@id\":\"https:\\\/\\\/www.organisator.ch\\\/#website\"},\"primaryImageOfPage\":{\"@id\":\"https:\\\/\\\/www.organisator.ch\\\/abo\\\/2023-06-06\\\/datenschutzgesetz-to-dos-fuer-die-unternehmensfuehrung\\\/#primaryimage\"},\"image\":{\"@id\":\"https:\\\/\\\/www.organisator.ch\\\/abo\\\/2023-06-06\\\/datenschutzgesetz-to-dos-fuer-die-unternehmensfuehrung\\\/#primaryimage\"},\"thumbnailUrl\":\"https:\\\/\\\/www.organisator.ch\\\/wp-content\\\/uploads\\\/2023\\\/05\\\/OpEx_BDO-Datenschutz_Bild_organisator_46239-scaled.jpg\",\"datePublished\":\"2023-06-06T03:16:21+00:00\",\"description\":\"Am 1.9.2023 tritt das revidierte Datenschutzgesetz in Kraft. Zeit, den Fokus auf die To-do's zu richten, denn neu drohen h\u00e4rtere Sanktionen.\",\"breadcrumb\":{\"@id\":\"https:\\\/\\\/www.organisator.ch\\\/abo\\\/2023-06-06\\\/datenschutzgesetz-to-dos-fuer-die-unternehmensfuehrung\\\/#breadcrumb\"},\"inLanguage\":\"fr-FR\",\"potentialAction\":[{\"@type\":\"ReadAction\",\"target\":[\"https:\\\/\\\/www.organisator.ch\\\/abo\\\/2023-06-06\\\/datenschutzgesetz-to-dos-fuer-die-unternehmensfuehrung\\\/\"]}]},{\"@type\":\"ImageObject\",\"inLanguage\":\"fr-FR\",\"@id\":\"https:\\\/\\\/www.organisator.ch\\\/abo\\\/2023-06-06\\\/datenschutzgesetz-to-dos-fuer-die-unternehmensfuehrung\\\/#primaryimage\",\"url\":\"https:\\\/\\\/www.organisator.ch\\\/wp-content\\\/uploads\\\/2023\\\/05\\\/OpEx_BDO-Datenschutz_Bild_organisator_46239-scaled.jpg\",\"contentUrl\":\"https:\\\/\\\/www.organisator.ch\\\/wp-content\\\/uploads\\\/2023\\\/05\\\/OpEx_BDO-Datenschutz_Bild_organisator_46239-scaled.jpg\",\"width\":1400,\"height\":986,\"caption\":\"Unternehmen m\u00fcssen durch geeignete technische und organisatorische Massnahmen (TOM) eine dem Risiko angemessene Datensicherheit gew\u00e4hrleisten. Dies schreibt das neue Datenschutzgesetz vor. \u00a9 HayDmitriy \\\/ Depositphotos.com\"},{\"@type\":\"BreadcrumbList\",\"@id\":\"https:\\\/\\\/www.organisator.ch\\\/abo\\\/2023-06-06\\\/datenschutzgesetz-to-dos-fuer-die-unternehmensfuehrung\\\/#breadcrumb\",\"itemListElement\":[{\"@type\":\"ListItem\",\"position\":1,\"name\":\"Home\",\"item\":\"https:\\\/\\\/www.organisator.ch\\\/\"},{\"@type\":\"ListItem\",\"position\":2,\"name\":\"Datenschutzgesetz: To-do&#8217;s f\u00fcr die Unternehmensf\u00fchrung\"}]},{\"@type\":\"WebSite\",\"@id\":\"https:\\\/\\\/www.organisator.ch\\\/#website\",\"url\":\"https:\\\/\\\/www.organisator.ch\\\/\",\"name\":\"Organisator\",\"description\":\"Kompetent. Praxisnah. Der ORGANISATOR bereitet in 10 Ausgaben pro Jahr die wesentlichen Themen f\u00fcr F\u00fchrungskr\u00e4fte von KMU auf.\",\"publisher\":{\"@id\":\"https:\\\/\\\/www.organisator.ch\\\/#organization\"},\"potentialAction\":[{\"@type\":\"SearchAction\",\"target\":{\"@type\":\"EntryPoint\",\"urlTemplate\":\"https:\\\/\\\/www.organisator.ch\\\/?s={search_term_string}\"},\"query-input\":{\"@type\":\"PropertyValueSpecification\",\"valueRequired\":true,\"valueName\":\"search_term_string\"}}],\"inLanguage\":\"fr-FR\"},{\"@type\":\"Organization\",\"@id\":\"https:\\\/\\\/www.organisator.ch\\\/#organization\",\"name\":\"Organisator\",\"url\":\"https:\\\/\\\/www.organisator.ch\\\/\",\"logo\":{\"@type\":\"ImageObject\",\"inLanguage\":\"fr-FR\",\"@id\":\"https:\\\/\\\/www.organisator.ch\\\/#\\\/schema\\\/logo\\\/image\\\/\",\"url\":\"https:\\\/\\\/www.organisator.ch\\\/wp-content\\\/uploads\\\/2022\\\/01\\\/Logo_Organisator_Website.png\",\"contentUrl\":\"https:\\\/\\\/www.organisator.ch\\\/wp-content\\\/uploads\\\/2022\\\/01\\\/Logo_Organisator_Website.png\",\"width\":800,\"height\":77,\"caption\":\"Organisator\"},\"image\":{\"@id\":\"https:\\\/\\\/www.organisator.ch\\\/#\\\/schema\\\/logo\\\/image\\\/\"},\"sameAs\":[\"https:\\\/\\\/www.facebook.com\\\/OrganisatorFachmagazin\",\"https:\\\/\\\/www.linkedin.com\\\/showcase\\\/organisator-das-magazin-fr-kmu\",\"https:\\\/\\\/www.xing.com\\\/news\\\/pages\\\/organisator-ch-695\",\"https:\\\/\\\/www.youtube.com\\\/channel\\\/UCGP2Sq0iWaZwT3BdIAQFYpw\"]},{\"@type\":\"Person\",\"@id\":\"https:\\\/\\\/www.organisator.ch\\\/#\\\/schema\\\/person\\\/aa2bace6c5c5aad60102004a50c4eb1c\",\"name\":\"admin\",\"image\":{\"@type\":\"ImageObject\",\"inLanguage\":\"fr-FR\",\"@id\":\"https:\\\/\\\/secure.gravatar.com\\\/avatar\\\/ae2f4d718e6c49043e314ce431e7e645d646302a24a5ef5a8bc8e3f5a032e319?s=96&d=mm&r=g\",\"url\":\"https:\\\/\\\/secure.gravatar.com\\\/avatar\\\/ae2f4d718e6c49043e314ce431e7e645d646302a24a5ef5a8bc8e3f5a032e319?s=96&d=mm&r=g\",\"contentUrl\":\"https:\\\/\\\/secure.gravatar.com\\\/avatar\\\/ae2f4d718e6c49043e314ce431e7e645d646302a24a5ef5a8bc8e3f5a032e319?s=96&d=mm&r=g\",\"caption\":\"admin\"},\"sameAs\":[\"https:\\\/\\\/www.organisator.ch\"],\"url\":\"https:\\\/\\\/www.organisator.ch\\\/fr\\\/author\\\/admin\\\/\"}]}<\/script>\n<!-- \/ Yoast SEO plugin. -->","yoast_head_json":{"title":"Loi sur la protection des donn\u00e9es : les choses \u00e0 faire pour la direction de l'entreprise - Organisateur","description":"Le 1.9.2023, la loi r\u00e9vis\u00e9e sur la protection des donn\u00e9es entrera en vigueur. Il est temps de se concentrer sur les choses \u00e0 faire, car des sanctions plus s\u00e9v\u00e8res menacent d\u00e9sormais.","robots":{"index":"index","follow":"follow","max-snippet":"max-snippet:-1","max-image-preview":"max-image-preview:large","max-video-preview":"max-video-preview:-1"},"canonical":"https:\/\/www.organisator.ch\/fr\/abonnement\/2023-06-06\/datenschutzgesetz-to-dos-fuer-die-unternehmensfuehrung\/","og_locale":"fr_FR","og_type":"article","og_title":"Datenschutzgesetz: To-do's f\u00fcr die Unternehmensf\u00fchrung - Organisator","og_description":"Am 1.9.2023 tritt das revidierte Datenschutzgesetz in Kraft. Zeit, den Fokus auf die To-do's zu richten, denn neu drohen h\u00e4rtere Sanktionen.","og_url":"https:\/\/www.organisator.ch\/fr\/abonnement\/2023-06-06\/datenschutzgesetz-to-dos-fuer-die-unternehmensfuehrung\/","og_site_name":"Organisator","article_publisher":"https:\/\/www.facebook.com\/OrganisatorFachmagazin","article_published_time":"2023-06-06T03:16:21+00:00","og_image":[{"width":1400,"height":986,"url":"https:\/\/www.organisator.ch\/wp-content\/uploads\/2023\/05\/OpEx_BDO-Datenschutz_Bild_organisator_46239-scaled.jpg","type":"image\/jpeg"}],"author":"admin","twitter_card":"summary_large_image","schema":{"@context":"https:\/\/schema.org","@graph":[{"@type":"Article","@id":"https:\/\/www.organisator.ch\/abo\/2023-06-06\/datenschutzgesetz-to-dos-fuer-die-unternehmensfuehrung\/#article","isPartOf":{"@id":"https:\/\/www.organisator.ch\/abo\/2023-06-06\/datenschutzgesetz-to-dos-fuer-die-unternehmensfuehrung\/"},"author":{"name":"admin","@id":"https:\/\/www.organisator.ch\/#\/schema\/person\/aa2bace6c5c5aad60102004a50c4eb1c"},"headline":"Datenschutzgesetz: To-do&#8217;s f\u00fcr die Unternehmensf\u00fchrung","datePublished":"2023-06-06T03:16:21+00:00","mainEntityOfPage":{"@id":"https:\/\/www.organisator.ch\/abo\/2023-06-06\/datenschutzgesetz-to-dos-fuer-die-unternehmensfuehrung\/"},"wordCount":862,"publisher":{"@id":"https:\/\/www.organisator.ch\/#organization"},"image":{"@id":"https:\/\/www.organisator.ch\/abo\/2023-06-06\/datenschutzgesetz-to-dos-fuer-die-unternehmensfuehrung\/#primaryimage"},"thumbnailUrl":"https:\/\/www.organisator.ch\/wp-content\/uploads\/2023\/05\/OpEx_BDO-Datenschutz_Bild_organisator_46239-scaled.jpg","keywords":["Datenschutz","Datenschutzgesetz Schweiz","Finanzen\/Recht"],"articleSection":["ABO+","OPERATIONAL EXCELLENCE"],"inLanguage":"fr-FR"},{"@type":"WebPage","@id":"https:\/\/www.organisator.ch\/abo\/2023-06-06\/datenschutzgesetz-to-dos-fuer-die-unternehmensfuehrung\/","url":"https:\/\/www.organisator.ch\/abo\/2023-06-06\/datenschutzgesetz-to-dos-fuer-die-unternehmensfuehrung\/","name":"Loi sur la protection des donn\u00e9es : les choses \u00e0 faire pour la direction de l'entreprise - Organisateur","isPartOf":{"@id":"https:\/\/www.organisator.ch\/#website"},"primaryImageOfPage":{"@id":"https:\/\/www.organisator.ch\/abo\/2023-06-06\/datenschutzgesetz-to-dos-fuer-die-unternehmensfuehrung\/#primaryimage"},"image":{"@id":"https:\/\/www.organisator.ch\/abo\/2023-06-06\/datenschutzgesetz-to-dos-fuer-die-unternehmensfuehrung\/#primaryimage"},"thumbnailUrl":"https:\/\/www.organisator.ch\/wp-content\/uploads\/2023\/05\/OpEx_BDO-Datenschutz_Bild_organisator_46239-scaled.jpg","datePublished":"2023-06-06T03:16:21+00:00","description":"Le 1.9.2023, la loi r\u00e9vis\u00e9e sur la protection des donn\u00e9es entrera en vigueur. Il est temps de se concentrer sur les choses \u00e0 faire, car des sanctions plus s\u00e9v\u00e8res menacent d\u00e9sormais.","breadcrumb":{"@id":"https:\/\/www.organisator.ch\/abo\/2023-06-06\/datenschutzgesetz-to-dos-fuer-die-unternehmensfuehrung\/#breadcrumb"},"inLanguage":"fr-FR","potentialAction":[{"@type":"ReadAction","target":["https:\/\/www.organisator.ch\/abo\/2023-06-06\/datenschutzgesetz-to-dos-fuer-die-unternehmensfuehrung\/"]}]},{"@type":"ImageObject","inLanguage":"fr-FR","@id":"https:\/\/www.organisator.ch\/abo\/2023-06-06\/datenschutzgesetz-to-dos-fuer-die-unternehmensfuehrung\/#primaryimage","url":"https:\/\/www.organisator.ch\/wp-content\/uploads\/2023\/05\/OpEx_BDO-Datenschutz_Bild_organisator_46239-scaled.jpg","contentUrl":"https:\/\/www.organisator.ch\/wp-content\/uploads\/2023\/05\/OpEx_BDO-Datenschutz_Bild_organisator_46239-scaled.jpg","width":1400,"height":986,"caption":"Unternehmen m\u00fcssen durch geeignete technische und organisatorische Massnahmen (TOM) eine dem Risiko angemessene Datensicherheit gew\u00e4hrleisten. Dies schreibt das neue Datenschutzgesetz vor. \u00a9 HayDmitriy \/ Depositphotos.com"},{"@type":"BreadcrumbList","@id":"https:\/\/www.organisator.ch\/abo\/2023-06-06\/datenschutzgesetz-to-dos-fuer-die-unternehmensfuehrung\/#breadcrumb","itemListElement":[{"@type":"ListItem","position":1,"name":"Home","item":"https:\/\/www.organisator.ch\/"},{"@type":"ListItem","position":2,"name":"Datenschutzgesetz: To-do&#8217;s f\u00fcr die Unternehmensf\u00fchrung"}]},{"@type":"WebSite","@id":"https:\/\/www.organisator.ch\/#website","url":"https:\/\/www.organisator.ch\/","name":"Organisateur","description":"Comp\u00e9tence et comp\u00e9tence. Proches de la pratique. L'ORGANISATEUR pr\u00e9pare 10 num\u00e9ros par an sur les th\u00e8mes essentiels pour les dirigeants de PME.","publisher":{"@id":"https:\/\/www.organisator.ch\/#organization"},"potentialAction":[{"@type":"SearchAction","target":{"@type":"EntryPoint","urlTemplate":"https:\/\/www.organisator.ch\/?s={search_term_string}"},"query-input":{"@type":"PropertyValueSpecification","valueRequired":true,"valueName":"search_term_string"}}],"inLanguage":"fr-FR"},{"@type":"Organization","@id":"https:\/\/www.organisator.ch\/#organization","name":"Organisateur","url":"https:\/\/www.organisator.ch\/","logo":{"@type":"ImageObject","inLanguage":"fr-FR","@id":"https:\/\/www.organisator.ch\/#\/schema\/logo\/image\/","url":"https:\/\/www.organisator.ch\/wp-content\/uploads\/2022\/01\/Logo_Organisator_Website.png","contentUrl":"https:\/\/www.organisator.ch\/wp-content\/uploads\/2022\/01\/Logo_Organisator_Website.png","width":800,"height":77,"caption":"Organisator"},"image":{"@id":"https:\/\/www.organisator.ch\/#\/schema\/logo\/image\/"},"sameAs":["https:\/\/www.facebook.com\/OrganisatorFachmagazin","https:\/\/www.linkedin.com\/showcase\/organisator-das-magazin-fr-kmu","https:\/\/www.xing.com\/news\/pages\/organisator-ch-695","https:\/\/www.youtube.com\/channel\/UCGP2Sq0iWaZwT3BdIAQFYpw"]},{"@type":"Person","@id":"https:\/\/www.organisator.ch\/#\/schema\/person\/aa2bace6c5c5aad60102004a50c4eb1c","name":"admin","image":{"@type":"ImageObject","inLanguage":"fr-FR","@id":"https:\/\/secure.gravatar.com\/avatar\/ae2f4d718e6c49043e314ce431e7e645d646302a24a5ef5a8bc8e3f5a032e319?s=96&d=mm&r=g","url":"https:\/\/secure.gravatar.com\/avatar\/ae2f4d718e6c49043e314ce431e7e645d646302a24a5ef5a8bc8e3f5a032e319?s=96&d=mm&r=g","contentUrl":"https:\/\/secure.gravatar.com\/avatar\/ae2f4d718e6c49043e314ce431e7e645d646302a24a5ef5a8bc8e3f5a032e319?s=96&d=mm&r=g","caption":"admin"},"sameAs":["https:\/\/www.organisator.ch"],"url":"https:\/\/www.organisator.ch\/fr\/author\/admin\/"}]}},"_links":{"self":[{"href":"https:\/\/www.organisator.ch\/fr\/wp-json\/wp\/v2\/posts\/20278","targetHints":{"allow":["GET"]}}],"collection":[{"href":"https:\/\/www.organisator.ch\/fr\/wp-json\/wp\/v2\/posts"}],"about":[{"href":"https:\/\/www.organisator.ch\/fr\/wp-json\/wp\/v2\/types\/post"}],"author":[{"embeddable":true,"href":"https:\/\/www.organisator.ch\/fr\/wp-json\/wp\/v2\/users\/1"}],"replies":[{"embeddable":true,"href":"https:\/\/www.organisator.ch\/fr\/wp-json\/wp\/v2\/comments?post=20278"}],"version-history":[{"count":3,"href":"https:\/\/www.organisator.ch\/fr\/wp-json\/wp\/v2\/posts\/20278\/revisions"}],"predecessor-version":[{"id":20477,"href":"https:\/\/www.organisator.ch\/fr\/wp-json\/wp\/v2\/posts\/20278\/revisions\/20477"}],"wp:featuredmedia":[{"embeddable":true,"href":"https:\/\/www.organisator.ch\/fr\/wp-json\/wp\/v2\/media\/20276"}],"wp:attachment":[{"href":"https:\/\/www.organisator.ch\/fr\/wp-json\/wp\/v2\/media?parent=20278"}],"wp:term":[{"taxonomy":"category","embeddable":true,"href":"https:\/\/www.organisator.ch\/fr\/wp-json\/wp\/v2\/categories?post=20278"},{"taxonomy":"post_tag","embeddable":true,"href":"https:\/\/www.organisator.ch\/fr\/wp-json\/wp\/v2\/tags?post=20278"}],"curies":[{"name":"wp","href":"https:\/\/api.w.org\/{rel}","templated":true}]}}