{"id":20303,"date":"2023-06-06T06:54:09","date_gmt":"2023-06-06T04:54:09","guid":{"rendered":"https:\/\/www.organisator.ch\/de\/?p=20303"},"modified":"2023-05-30T17:00:15","modified_gmt":"2023-05-30T15:00:15","slug":"das-berufsbild-des-vr-sekretaers","status":"publish","type":"post","link":"https:\/\/www.organisator.ch\/fr\/management\/2023-06-06\/das-berufsbild-des-vr-sekretaers\/","title":{"rendered":"Le profil professionnel du secr\u00e9taire du CA"},"content":{"rendered":"<div class=\"swpm-post-not-logged-in-msg\">Vous devez \u00eatre connect\u00e9 pour voir ce contenu. Veuillez <a class=\"swpm-login-link\" href=\"https:\/\/www.organisator.ch\/login\/\">Se connecter<\/a>. Pas un membre ? <a href=\"https:\/\/www.organisator.ch\/shop\/\">Nous Rejoindre<\/a><\/div>","protected":false},"excerpt":{"rendered":"<p>Selon le nouveau droit des soci\u00e9t\u00e9s anonymes, l'\u00e9lection d'un secr\u00e9taire du conseil d'administration n'est plus obligatoire. Cela ne signifie pas pour autant que cette fonction devient caduque, d'autant plus que le secr\u00e9taire du conseil d'administration doit satisfaire \u00e0 des exigences \u00e9lev\u00e9es dans la pratique. <\/p>","protected":false},"author":1,"featured_media":20330,"comment_status":"closed","ping_status":"closed","sticky":false,"template":"","format":"standard","meta":{"_acf_changed":false,"_yoast_wpseo_focuskw":"Berufsbild des VR-Sekret\u00e4rs","_yoast_wpseo_metadesc":"Nach neuem Aktienrecht ist die Wahl eines Verwaltungsratssekret\u00e4rs nicht mehr zwingend n\u00f6tig. Was \u00e4ndert sich am Berufsbild des VR-Sekret\u00e4rs?","articlekey":"46746","footnotes":""},"categories":[578,28],"tags":[37,62,202,513],"class_list":["post-20303","post","type-post","status-publish","format-standard","has-post-thumbnail","hentry","category-abo","category-management","tag-aktienrecht","tag-aus-weiterbildung","tag-finanzenrecht","tag-verwaltungsraete"],"acf":[],"yoast_head":"<!-- This site is optimized with the Yoast SEO plugin v27.5 - https:\/\/yoast.com\/product\/yoast-seo-wordpress\/ -->\n<title>Das Berufsbild des VR-Sekret\u00e4rs - Organisator<\/title>\n<meta name=\"description\" content=\"Nach neuem Aktienrecht ist die Wahl eines Verwaltungsratssekret\u00e4rs nicht mehr zwingend n\u00f6tig. Was \u00e4ndert sich am Berufsbild des VR-Sekret\u00e4rs?\" \/>\n<meta name=\"robots\" content=\"index, follow, max-snippet:-1, max-image-preview:large, max-video-preview:-1\" \/>\n<link rel=\"canonical\" href=\"https:\/\/www.organisator.ch\/fr\/gestion-2\/2023-06-06\/das-berufsbild-des-vr-sekretaers\/\" \/>\n<meta property=\"og:locale\" content=\"fr_FR\" \/>\n<meta property=\"og:type\" content=\"article\" \/>\n<meta property=\"og:title\" content=\"Das Berufsbild des VR-Sekret\u00e4rs - Organisator\" \/>\n<meta property=\"og:description\" content=\"Nach neuem Aktienrecht ist die Wahl eines Verwaltungsratssekret\u00e4rs nicht mehr zwingend n\u00f6tig. Was \u00e4ndert sich am Berufsbild des VR-Sekret\u00e4rs?\" \/>\n<meta property=\"og:url\" content=\"https:\/\/www.organisator.ch\/fr\/gestion-2\/2023-06-06\/das-berufsbild-des-vr-sekretaers\/\" \/>\n<meta property=\"og:site_name\" content=\"Organisator\" \/>\n<meta property=\"article:publisher\" content=\"https:\/\/www.facebook.com\/OrganisatorFachmagazin\" \/>\n<meta property=\"article:published_time\" content=\"2023-06-06T04:54:09+00:00\" \/>\n<meta property=\"og:image\" content=\"https:\/\/www.organisator.ch\/wp-content\/uploads\/2023\/05\/Management_Management_Durrer_organisator_01.jpg.jpg\" \/>\n\t<meta property=\"og:image:width\" content=\"1377\" \/>\n\t<meta property=\"og:image:height\" content=\"1144\" \/>\n\t<meta property=\"og:image:type\" content=\"image\/jpeg\" \/>\n<meta name=\"author\" content=\"admin\" \/>\n<meta name=\"twitter:card\" content=\"summary_large_image\" \/>\n<script type=\"application\/ld+json\" class=\"yoast-schema-graph\">{\"@context\":\"https:\\\/\\\/schema.org\",\"@graph\":[{\"@type\":\"Article\",\"@id\":\"https:\\\/\\\/www.organisator.ch\\\/management\\\/2023-06-06\\\/das-berufsbild-des-vr-sekretaers\\\/#article\",\"isPartOf\":{\"@id\":\"https:\\\/\\\/www.organisator.ch\\\/management\\\/2023-06-06\\\/das-berufsbild-des-vr-sekretaers\\\/\"},\"author\":{\"name\":\"admin\",\"@id\":\"https:\\\/\\\/www.organisator.ch\\\/#\\\/schema\\\/person\\\/aa2bace6c5c5aad60102004a50c4eb1c\"},\"headline\":\"Das Berufsbild des VR-Sekret\u00e4rs\",\"datePublished\":\"2023-06-06T04:54:09+00:00\",\"mainEntityOfPage\":{\"@id\":\"https:\\\/\\\/www.organisator.ch\\\/management\\\/2023-06-06\\\/das-berufsbild-des-vr-sekretaers\\\/\"},\"wordCount\":1113,\"publisher\":{\"@id\":\"https:\\\/\\\/www.organisator.ch\\\/#organization\"},\"image\":{\"@id\":\"https:\\\/\\\/www.organisator.ch\\\/management\\\/2023-06-06\\\/das-berufsbild-des-vr-sekretaers\\\/#primaryimage\"},\"thumbnailUrl\":\"https:\\\/\\\/www.organisator.ch\\\/wp-content\\\/uploads\\\/2023\\\/05\\\/Management_Management_Durrer_organisator_01.jpg.jpg\",\"keywords\":[\"Aktienrecht\",\"Aus-\\\/Weiterbildung\",\"Finanzen\\\/Recht\",\"Verwaltungsr\u00e4te\"],\"articleSection\":[\"ABO+\",\"MANAGEMENT\"],\"inLanguage\":\"fr-FR\"},{\"@type\":\"WebPage\",\"@id\":\"https:\\\/\\\/www.organisator.ch\\\/management\\\/2023-06-06\\\/das-berufsbild-des-vr-sekretaers\\\/\",\"url\":\"https:\\\/\\\/www.organisator.ch\\\/management\\\/2023-06-06\\\/das-berufsbild-des-vr-sekretaers\\\/\",\"name\":\"Das Berufsbild des VR-Sekret\u00e4rs - Organisator\",\"isPartOf\":{\"@id\":\"https:\\\/\\\/www.organisator.ch\\\/#website\"},\"primaryImageOfPage\":{\"@id\":\"https:\\\/\\\/www.organisator.ch\\\/management\\\/2023-06-06\\\/das-berufsbild-des-vr-sekretaers\\\/#primaryimage\"},\"image\":{\"@id\":\"https:\\\/\\\/www.organisator.ch\\\/management\\\/2023-06-06\\\/das-berufsbild-des-vr-sekretaers\\\/#primaryimage\"},\"thumbnailUrl\":\"https:\\\/\\\/www.organisator.ch\\\/wp-content\\\/uploads\\\/2023\\\/05\\\/Management_Management_Durrer_organisator_01.jpg.jpg\",\"datePublished\":\"2023-06-06T04:54:09+00:00\",\"description\":\"Nach neuem Aktienrecht ist die Wahl eines Verwaltungsratssekret\u00e4rs nicht mehr zwingend n\u00f6tig. Was \u00e4ndert sich am Berufsbild des VR-Sekret\u00e4rs?\",\"breadcrumb\":{\"@id\":\"https:\\\/\\\/www.organisator.ch\\\/management\\\/2023-06-06\\\/das-berufsbild-des-vr-sekretaers\\\/#breadcrumb\"},\"inLanguage\":\"fr-FR\",\"potentialAction\":[{\"@type\":\"ReadAction\",\"target\":[\"https:\\\/\\\/www.organisator.ch\\\/management\\\/2023-06-06\\\/das-berufsbild-des-vr-sekretaers\\\/\"]}]},{\"@type\":\"ImageObject\",\"inLanguage\":\"fr-FR\",\"@id\":\"https:\\\/\\\/www.organisator.ch\\\/management\\\/2023-06-06\\\/das-berufsbild-des-vr-sekretaers\\\/#primaryimage\",\"url\":\"https:\\\/\\\/www.organisator.ch\\\/wp-content\\\/uploads\\\/2023\\\/05\\\/Management_Management_Durrer_organisator_01.jpg.jpg\",\"contentUrl\":\"https:\\\/\\\/www.organisator.ch\\\/wp-content\\\/uploads\\\/2023\\\/05\\\/Management_Management_Durrer_organisator_01.jpg.jpg\",\"width\":1377,\"height\":1144},{\"@type\":\"BreadcrumbList\",\"@id\":\"https:\\\/\\\/www.organisator.ch\\\/management\\\/2023-06-06\\\/das-berufsbild-des-vr-sekretaers\\\/#breadcrumb\",\"itemListElement\":[{\"@type\":\"ListItem\",\"position\":1,\"name\":\"Home\",\"item\":\"https:\\\/\\\/www.organisator.ch\\\/\"},{\"@type\":\"ListItem\",\"position\":2,\"name\":\"Das Berufsbild des VR-Sekret\u00e4rs\"}]},{\"@type\":\"WebSite\",\"@id\":\"https:\\\/\\\/www.organisator.ch\\\/#website\",\"url\":\"https:\\\/\\\/www.organisator.ch\\\/\",\"name\":\"Organisator\",\"description\":\"Kompetent. Praxisnah. Der ORGANISATOR bereitet in 10 Ausgaben pro Jahr die wesentlichen Themen f\u00fcr F\u00fchrungskr\u00e4fte von KMU auf.\",\"publisher\":{\"@id\":\"https:\\\/\\\/www.organisator.ch\\\/#organization\"},\"potentialAction\":[{\"@type\":\"SearchAction\",\"target\":{\"@type\":\"EntryPoint\",\"urlTemplate\":\"https:\\\/\\\/www.organisator.ch\\\/?s={search_term_string}\"},\"query-input\":{\"@type\":\"PropertyValueSpecification\",\"valueRequired\":true,\"valueName\":\"search_term_string\"}}],\"inLanguage\":\"fr-FR\"},{\"@type\":\"Organization\",\"@id\":\"https:\\\/\\\/www.organisator.ch\\\/#organization\",\"name\":\"Organisator\",\"url\":\"https:\\\/\\\/www.organisator.ch\\\/\",\"logo\":{\"@type\":\"ImageObject\",\"inLanguage\":\"fr-FR\",\"@id\":\"https:\\\/\\\/www.organisator.ch\\\/#\\\/schema\\\/logo\\\/image\\\/\",\"url\":\"https:\\\/\\\/www.organisator.ch\\\/wp-content\\\/uploads\\\/2022\\\/01\\\/Logo_Organisator_Website.png\",\"contentUrl\":\"https:\\\/\\\/www.organisator.ch\\\/wp-content\\\/uploads\\\/2022\\\/01\\\/Logo_Organisator_Website.png\",\"width\":800,\"height\":77,\"caption\":\"Organisator\"},\"image\":{\"@id\":\"https:\\\/\\\/www.organisator.ch\\\/#\\\/schema\\\/logo\\\/image\\\/\"},\"sameAs\":[\"https:\\\/\\\/www.facebook.com\\\/OrganisatorFachmagazin\",\"https:\\\/\\\/www.linkedin.com\\\/showcase\\\/organisator-das-magazin-fr-kmu\",\"https:\\\/\\\/www.xing.com\\\/news\\\/pages\\\/organisator-ch-695\",\"https:\\\/\\\/www.youtube.com\\\/channel\\\/UCGP2Sq0iWaZwT3BdIAQFYpw\"]},{\"@type\":\"Person\",\"@id\":\"https:\\\/\\\/www.organisator.ch\\\/#\\\/schema\\\/person\\\/aa2bace6c5c5aad60102004a50c4eb1c\",\"name\":\"admin\",\"image\":{\"@type\":\"ImageObject\",\"inLanguage\":\"fr-FR\",\"@id\":\"https:\\\/\\\/secure.gravatar.com\\\/avatar\\\/ae2f4d718e6c49043e314ce431e7e645d646302a24a5ef5a8bc8e3f5a032e319?s=96&d=mm&r=g\",\"url\":\"https:\\\/\\\/secure.gravatar.com\\\/avatar\\\/ae2f4d718e6c49043e314ce431e7e645d646302a24a5ef5a8bc8e3f5a032e319?s=96&d=mm&r=g\",\"contentUrl\":\"https:\\\/\\\/secure.gravatar.com\\\/avatar\\\/ae2f4d718e6c49043e314ce431e7e645d646302a24a5ef5a8bc8e3f5a032e319?s=96&d=mm&r=g\",\"caption\":\"admin\"},\"sameAs\":[\"https:\\\/\\\/www.organisator.ch\"],\"url\":\"https:\\\/\\\/www.organisator.ch\\\/fr\\\/author\\\/admin\\\/\"}]}<\/script>\n<!-- \/ Yoast SEO plugin. -->","yoast_head_json":{"title":"Le profil professionnel du secr\u00e9taire du CA - Organisateur","description":"Selon le nouveau droit des soci\u00e9t\u00e9s anonymes, l'\u00e9lection d'un secr\u00e9taire du conseil d'administration n'est plus obligatoire. Qu'est-ce qui change dans le profil professionnel du secr\u00e9taire du CA ?","robots":{"index":"index","follow":"follow","max-snippet":"max-snippet:-1","max-image-preview":"max-image-preview:large","max-video-preview":"max-video-preview:-1"},"canonical":"https:\/\/www.organisator.ch\/fr\/gestion-2\/2023-06-06\/das-berufsbild-des-vr-sekretaers\/","og_locale":"fr_FR","og_type":"article","og_title":"Das Berufsbild des VR-Sekret\u00e4rs - Organisator","og_description":"Nach neuem Aktienrecht ist die Wahl eines Verwaltungsratssekret\u00e4rs nicht mehr zwingend n\u00f6tig. Was \u00e4ndert sich am Berufsbild des VR-Sekret\u00e4rs?","og_url":"https:\/\/www.organisator.ch\/fr\/gestion-2\/2023-06-06\/das-berufsbild-des-vr-sekretaers\/","og_site_name":"Organisator","article_publisher":"https:\/\/www.facebook.com\/OrganisatorFachmagazin","article_published_time":"2023-06-06T04:54:09+00:00","og_image":[{"width":1377,"height":1144,"url":"https:\/\/www.organisator.ch\/wp-content\/uploads\/2023\/05\/Management_Management_Durrer_organisator_01.jpg.jpg","type":"image\/jpeg"}],"author":"admin","twitter_card":"summary_large_image","schema":{"@context":"https:\/\/schema.org","@graph":[{"@type":"Article","@id":"https:\/\/www.organisator.ch\/management\/2023-06-06\/das-berufsbild-des-vr-sekretaers\/#article","isPartOf":{"@id":"https:\/\/www.organisator.ch\/management\/2023-06-06\/das-berufsbild-des-vr-sekretaers\/"},"author":{"name":"admin","@id":"https:\/\/www.organisator.ch\/#\/schema\/person\/aa2bace6c5c5aad60102004a50c4eb1c"},"headline":"Das Berufsbild des VR-Sekret\u00e4rs","datePublished":"2023-06-06T04:54:09+00:00","mainEntityOfPage":{"@id":"https:\/\/www.organisator.ch\/management\/2023-06-06\/das-berufsbild-des-vr-sekretaers\/"},"wordCount":1113,"publisher":{"@id":"https:\/\/www.organisator.ch\/#organization"},"image":{"@id":"https:\/\/www.organisator.ch\/management\/2023-06-06\/das-berufsbild-des-vr-sekretaers\/#primaryimage"},"thumbnailUrl":"https:\/\/www.organisator.ch\/wp-content\/uploads\/2023\/05\/Management_Management_Durrer_organisator_01.jpg.jpg","keywords":["Aktienrecht","Aus-\/Weiterbildung","Finanzen\/Recht","Verwaltungsr\u00e4te"],"articleSection":["ABO+","MANAGEMENT"],"inLanguage":"fr-FR"},{"@type":"WebPage","@id":"https:\/\/www.organisator.ch\/management\/2023-06-06\/das-berufsbild-des-vr-sekretaers\/","url":"https:\/\/www.organisator.ch\/management\/2023-06-06\/das-berufsbild-des-vr-sekretaers\/","name":"Le profil professionnel du secr\u00e9taire du CA - Organisateur","isPartOf":{"@id":"https:\/\/www.organisator.ch\/#website"},"primaryImageOfPage":{"@id":"https:\/\/www.organisator.ch\/management\/2023-06-06\/das-berufsbild-des-vr-sekretaers\/#primaryimage"},"image":{"@id":"https:\/\/www.organisator.ch\/management\/2023-06-06\/das-berufsbild-des-vr-sekretaers\/#primaryimage"},"thumbnailUrl":"https:\/\/www.organisator.ch\/wp-content\/uploads\/2023\/05\/Management_Management_Durrer_organisator_01.jpg.jpg","datePublished":"2023-06-06T04:54:09+00:00","description":"Selon le nouveau droit des soci\u00e9t\u00e9s anonymes, l'\u00e9lection d'un secr\u00e9taire du conseil d'administration n'est plus obligatoire. Qu'est-ce qui change dans le profil professionnel du secr\u00e9taire du CA ?","breadcrumb":{"@id":"https:\/\/www.organisator.ch\/management\/2023-06-06\/das-berufsbild-des-vr-sekretaers\/#breadcrumb"},"inLanguage":"fr-FR","potentialAction":[{"@type":"ReadAction","target":["https:\/\/www.organisator.ch\/management\/2023-06-06\/das-berufsbild-des-vr-sekretaers\/"]}]},{"@type":"ImageObject","inLanguage":"fr-FR","@id":"https:\/\/www.organisator.ch\/management\/2023-06-06\/das-berufsbild-des-vr-sekretaers\/#primaryimage","url":"https:\/\/www.organisator.ch\/wp-content\/uploads\/2023\/05\/Management_Management_Durrer_organisator_01.jpg.jpg","contentUrl":"https:\/\/www.organisator.ch\/wp-content\/uploads\/2023\/05\/Management_Management_Durrer_organisator_01.jpg.jpg","width":1377,"height":1144},{"@type":"BreadcrumbList","@id":"https:\/\/www.organisator.ch\/management\/2023-06-06\/das-berufsbild-des-vr-sekretaers\/#breadcrumb","itemListElement":[{"@type":"ListItem","position":1,"name":"Home","item":"https:\/\/www.organisator.ch\/"},{"@type":"ListItem","position":2,"name":"Das Berufsbild des VR-Sekret\u00e4rs"}]},{"@type":"WebSite","@id":"https:\/\/www.organisator.ch\/#website","url":"https:\/\/www.organisator.ch\/","name":"Organisateur","description":"Comp\u00e9tence et comp\u00e9tence. Proches de la pratique. L'ORGANISATEUR pr\u00e9pare 10 num\u00e9ros par an sur les th\u00e8mes essentiels pour les dirigeants de PME.","publisher":{"@id":"https:\/\/www.organisator.ch\/#organization"},"potentialAction":[{"@type":"SearchAction","target":{"@type":"EntryPoint","urlTemplate":"https:\/\/www.organisator.ch\/?s={search_term_string}"},"query-input":{"@type":"PropertyValueSpecification","valueRequired":true,"valueName":"search_term_string"}}],"inLanguage":"fr-FR"},{"@type":"Organization","@id":"https:\/\/www.organisator.ch\/#organization","name":"Organisateur","url":"https:\/\/www.organisator.ch\/","logo":{"@type":"ImageObject","inLanguage":"fr-FR","@id":"https:\/\/www.organisator.ch\/#\/schema\/logo\/image\/","url":"https:\/\/www.organisator.ch\/wp-content\/uploads\/2022\/01\/Logo_Organisator_Website.png","contentUrl":"https:\/\/www.organisator.ch\/wp-content\/uploads\/2022\/01\/Logo_Organisator_Website.png","width":800,"height":77,"caption":"Organisator"},"image":{"@id":"https:\/\/www.organisator.ch\/#\/schema\/logo\/image\/"},"sameAs":["https:\/\/www.facebook.com\/OrganisatorFachmagazin","https:\/\/www.linkedin.com\/showcase\/organisator-das-magazin-fr-kmu","https:\/\/www.xing.com\/news\/pages\/organisator-ch-695","https:\/\/www.youtube.com\/channel\/UCGP2Sq0iWaZwT3BdIAQFYpw"]},{"@type":"Person","@id":"https:\/\/www.organisator.ch\/#\/schema\/person\/aa2bace6c5c5aad60102004a50c4eb1c","name":"admin","image":{"@type":"ImageObject","inLanguage":"fr-FR","@id":"https:\/\/secure.gravatar.com\/avatar\/ae2f4d718e6c49043e314ce431e7e645d646302a24a5ef5a8bc8e3f5a032e319?s=96&d=mm&r=g","url":"https:\/\/secure.gravatar.com\/avatar\/ae2f4d718e6c49043e314ce431e7e645d646302a24a5ef5a8bc8e3f5a032e319?s=96&d=mm&r=g","contentUrl":"https:\/\/secure.gravatar.com\/avatar\/ae2f4d718e6c49043e314ce431e7e645d646302a24a5ef5a8bc8e3f5a032e319?s=96&d=mm&r=g","caption":"admin"},"sameAs":["https:\/\/www.organisator.ch"],"url":"https:\/\/www.organisator.ch\/fr\/author\/admin\/"}]}},"_links":{"self":[{"href":"https:\/\/www.organisator.ch\/fr\/wp-json\/wp\/v2\/posts\/20303","targetHints":{"allow":["GET"]}}],"collection":[{"href":"https:\/\/www.organisator.ch\/fr\/wp-json\/wp\/v2\/posts"}],"about":[{"href":"https:\/\/www.organisator.ch\/fr\/wp-json\/wp\/v2\/types\/post"}],"author":[{"embeddable":true,"href":"https:\/\/www.organisator.ch\/fr\/wp-json\/wp\/v2\/users\/1"}],"replies":[{"embeddable":true,"href":"https:\/\/www.organisator.ch\/fr\/wp-json\/wp\/v2\/comments?post=20303"}],"version-history":[{"count":4,"href":"https:\/\/www.organisator.ch\/fr\/wp-json\/wp\/v2\/posts\/20303\/revisions"}],"predecessor-version":[{"id":20516,"href":"https:\/\/www.organisator.ch\/fr\/wp-json\/wp\/v2\/posts\/20303\/revisions\/20516"}],"wp:featuredmedia":[{"embeddable":true,"href":"https:\/\/www.organisator.ch\/fr\/wp-json\/wp\/v2\/media\/20330"}],"wp:attachment":[{"href":"https:\/\/www.organisator.ch\/fr\/wp-json\/wp\/v2\/media?parent=20303"}],"wp:term":[{"taxonomy":"category","embeddable":true,"href":"https:\/\/www.organisator.ch\/fr\/wp-json\/wp\/v2\/categories?post=20303"},{"taxonomy":"post_tag","embeddable":true,"href":"https:\/\/www.organisator.ch\/fr\/wp-json\/wp\/v2\/tags?post=20303"}],"curies":[{"name":"wp","href":"https:\/\/api.w.org\/{rel}","templated":true}]}}