{"id":20359,"date":"2023-05-23T08:59:59","date_gmt":"2023-05-23T06:59:59","guid":{"rendered":"https:\/\/www.organisator.ch\/?p=20359"},"modified":"2023-05-23T08:59:59","modified_gmt":"2023-05-23T06:59:59","slug":"uebernahme-von-leaseplan-durch-ald-automotive-abgeschlossen","status":"publish","type":"post","link":"https:\/\/www.organisator.ch\/fr\/management\/2023-05-23\/uebernahme-von-leaseplan-durch-ald-automotive-abgeschlossen\/","title":{"rendered":"Finalisation de l'acquisition de LeasePlan par ALD Automotive"},"content":{"rendered":"<figure id=\"attachment_20360\" aria-describedby=\"caption-attachment-20360\" style=\"width: 680px\" class=\"wp-caption alignnone\"><img loading=\"lazy\" decoding=\"async\" class=\"size-full wp-image-20360\" src=\"https:\/\/www.organisator.ch\/wp-content\/uploads\/2023\/05\/Uebernahme-von-LeasePlan-durch-ALD-Automotive-abgeschlossen_Organisator.jpg\" alt=\"\" width=\"680\" height=\"521\" srcset=\"https:\/\/www.organisator.ch\/wp-content\/uploads\/2023\/05\/Uebernahme-von-LeasePlan-durch-ALD-Automotive-abgeschlossen_Organisator.jpg 680w, https:\/\/www.organisator.ch\/wp-content\/uploads\/2023\/05\/Uebernahme-von-LeasePlan-durch-ALD-Automotive-abgeschlossen_Organisator-16x12.jpg 16w, https:\/\/www.organisator.ch\/wp-content\/uploads\/2023\/05\/Uebernahme-von-LeasePlan-durch-ALD-Automotive-abgeschlossen_Organisator-375x287.jpg 375w, https:\/\/www.organisator.ch\/wp-content\/uploads\/2023\/05\/Uebernahme-von-LeasePlan-durch-ALD-Automotive-abgeschlossen_Organisator-457x350.jpg 457w\" sizes=\"auto, (max-width: 680px) 100vw, 680px\" \/><figcaption id=\"caption-attachment-20360\" class=\"wp-caption-text\">Niklas Zetterlund est le nouveau Country Managing Director de la soci\u00e9t\u00e9 fusionn\u00e9e ALD Automotive | LeasePlan Suisse. (Image : ALD Automotive | LeasePlan)<\/figcaption><\/figure>\n<p>ALD Automotive a conclu avec succ\u00e8s l'acquisition de LeasePlan, un leader mondial de la gestion de flotte et de la mobilit\u00e9, aupr\u00e8s d'un consortium dirig\u00e9 par TDR Capital. Cette acquisition donne naissance \u00e0 un leader mondial de la mobilit\u00e9 durable avec une flotte totale g\u00e9r\u00e9e de 3,3 millions de v\u00e9hicules. En unissant leurs forces, ALD Automotive et LeasePlan m\u00e8neront la marche vers la neutralit\u00e9 carbone et la transformation num\u00e9rique du secteur, est-il pr\u00e9cis\u00e9. En raison de sa taille et de ses capacit\u00e9s compl\u00e9mentaires, l'entreprise continuera \u00e0 renforcer sa comp\u00e9titivit\u00e9 et \u00e0 r\u00e9aliser une croissance durable, selon les autres indications. Suite \u00e0 cette acquisition, les deux organisations entameront le processus d'int\u00e9gration en une seule entreprise, sous r\u00e9serve de l'approbation des autorit\u00e9s de r\u00e9gulation.<\/p>\n<h3>Niklas Zetterlund devient le nouveau Country Managing Director<\/h3>\n<p>Afin de mener le d\u00e9veloppement strat\u00e9gique de l'entit\u00e9 combin\u00e9e en Suisse, Tim Albertsen, Chief Executive Officer d'ALD Automotive | LeasePlan, a nomm\u00e9 Niklas Zetterlund, jusqu'ici Managing Director de LeasePlan Suisse, au poste de Country Managing Director. Cette nomination conditionnelle prend effet imm\u00e9diatement. Martin K\u00f6ssler, jusqu'\u00e0 pr\u00e9sent General Manager d'ALD Automotive en Autriche et en Suisse et Regional Director Central Europe, a \u00e9t\u00e9 nomm\u00e9 Group Regional Director.<\/p>\n<p>Niklas Zetterlund, d'origine su\u00e9doise, est un expert reconnu de la mobilit\u00e9 et de la num\u00e9risation et dispose d'une longue exp\u00e9rience de direction, notamment en tant que directeur des op\u00e9rations de LeasePlan Su\u00e8de. Il d\u00e9clare \u00e0 propos de son nouveau r\u00f4le : \"Je suis tr\u00e8s heureux d'\u00eatre le Country Managing Director d'ALD Automotive | LeasePlan. Gr\u00e2ce \u00e0 cette fusion, nous pouvons transformer le secteur et sommes en m\u00eame temps bien positionn\u00e9s pour offrir des services, des solutions et des avantages encore meilleurs \u00e0 nos clients\". Il s'engage en outre pour une acc\u00e9l\u00e9ration du passage aux v\u00e9hicules \u00e9lectriques. A cet \u00e9gard, on trouve en Suisse <a href=\"https:\/\/www.organisator.ch\/de\/sustainability\/2023-05-09\/e-mobilitaet-schweiz-ist-gut-vorbereitet\/\">de bonnes conditions<\/a>.<\/p>\n<p><em>Source : <a href=\"http:\/\/www.aldautomotive.com\">http:\/\/www.aldautomotive.com<\/a><\/em><\/p>","protected":false},"excerpt":{"rendered":"<p>ALD Automotive a finalis\u00e9 l'acquisition de LeasePlan et annonce des changements dans la direction locale. Cette acquisition donne naissance \u00e0 un fournisseur de mobilit\u00e9 durable disposant d'une flotte de plus de 3 millions de v\u00e9hicules. <\/p>","protected":false},"author":4,"featured_media":20360,"comment_status":"closed","ping_status":"closed","sticky":false,"template":"","format":"standard","meta":{"_acf_changed":false,"_yoast_wpseo_focuskw":"LeasePlan","_yoast_wpseo_metadesc":"ALD Automotive hat die \u00dcbernahme von LeasePlan abgeschlossen und gibt \u00c4nderungen im lokalen Management bekannt.","articlekey":"","footnotes":""},"categories":[28],"tags":[335,381,492],"class_list":["post-20359","post","type-post","status-publish","format-standard","has-post-thumbnail","hentry","category-management","tag-management-und-unternehmensfuehrung","tag-personalia","tag-unternehmen"],"acf":[],"yoast_head":"<!-- This site is optimized with the Yoast SEO plugin v27.5 - https:\/\/yoast.com\/product\/yoast-seo-wordpress\/ -->\n<title>\u00dcbernahme von LeasePlan durch ALD Automotive abgeschlossen - Organisator<\/title>\n<meta name=\"description\" content=\"ALD Automotive hat die \u00dcbernahme von LeasePlan abgeschlossen und gibt \u00c4nderungen im lokalen Management bekannt.\" \/>\n<meta name=\"robots\" content=\"index, follow, max-snippet:-1, max-image-preview:large, max-video-preview:-1\" \/>\n<link rel=\"canonical\" href=\"https:\/\/www.organisator.ch\/fr\/gestion-2\/2023-05-23\/uebernahme-von-leaseplan-durch-ald-automotive-abgeschlossen\/\" \/>\n<meta property=\"og:locale\" content=\"fr_FR\" \/>\n<meta property=\"og:type\" content=\"article\" \/>\n<meta property=\"og:title\" content=\"\u00dcbernahme von LeasePlan durch ALD Automotive abgeschlossen\" \/>\n<meta property=\"og:description\" content=\"ALD Automotive hat die \u00dcbernahme von LeasePlan abgeschlossen und gibt \u00c4nderungen im lokalen Management bekannt.\" \/>\n<meta property=\"og:url\" content=\"https:\/\/www.organisator.ch\/fr\/gestion-2\/2023-05-23\/uebernahme-von-leaseplan-durch-ald-automotive-abgeschlossen\/\" \/>\n<meta property=\"og:site_name\" content=\"Organisator\" \/>\n<meta property=\"article:publisher\" content=\"https:\/\/www.facebook.com\/OrganisatorFachmagazin\" \/>\n<meta property=\"article:published_time\" content=\"2023-05-23T06:59:59+00:00\" \/>\n<meta property=\"og:image\" content=\"https:\/\/www.organisator.ch\/wp-content\/uploads\/2023\/05\/Uebernahme-von-LeasePlan-durch-ALD-Automotive-abgeschlossen_Organisator.jpg\" \/>\n\t<meta property=\"og:image:width\" content=\"680\" \/>\n\t<meta property=\"og:image:height\" content=\"521\" \/>\n\t<meta property=\"og:image:type\" content=\"image\/jpeg\" \/>\n<meta name=\"author\" content=\"thomas.berner\" \/>\n<meta name=\"twitter:card\" content=\"summary_large_image\" \/>\n<meta name=\"twitter:title\" content=\"\u00dcbernahme von #LeasePlan durch #ALD Automotive abgeschlossen\" \/>\n<meta name=\"twitter:description\" content=\"#ALD Automotive hat die \u00dcbernahme von #LeasePlan abgeschlossen und gibt \u00c4nderungen im lokalen Management bekannt.\" \/>\n<meta name=\"twitter:image\" content=\"https:\/\/www.organisator.ch\/wp-content\/uploads\/2023\/05\/Uebernahme-von-LeasePlan-durch-ALD-Automotive-abgeschlossen_Organisator.jpg\" \/>\n<script type=\"application\/ld+json\" class=\"yoast-schema-graph\">{\"@context\":\"https:\\\/\\\/schema.org\",\"@graph\":[{\"@type\":\"Article\",\"@id\":\"https:\\\/\\\/www.organisator.ch\\\/management\\\/2023-05-23\\\/uebernahme-von-leaseplan-durch-ald-automotive-abgeschlossen\\\/#article\",\"isPartOf\":{\"@id\":\"https:\\\/\\\/www.organisator.ch\\\/management\\\/2023-05-23\\\/uebernahme-von-leaseplan-durch-ald-automotive-abgeschlossen\\\/\"},\"author\":{\"name\":\"thomas.berner\",\"@id\":\"https:\\\/\\\/www.organisator.ch\\\/#\\\/schema\\\/person\\\/6f650f90b2842cd4c0cc334b4e36f67e\"},\"headline\":\"\u00dcbernahme von LeasePlan durch ALD Automotive abgeschlossen\",\"datePublished\":\"2023-05-23T06:59:59+00:00\",\"mainEntityOfPage\":{\"@id\":\"https:\\\/\\\/www.organisator.ch\\\/management\\\/2023-05-23\\\/uebernahme-von-leaseplan-durch-ald-automotive-abgeschlossen\\\/\"},\"wordCount\":342,\"publisher\":{\"@id\":\"https:\\\/\\\/www.organisator.ch\\\/#organization\"},\"image\":{\"@id\":\"https:\\\/\\\/www.organisator.ch\\\/management\\\/2023-05-23\\\/uebernahme-von-leaseplan-durch-ald-automotive-abgeschlossen\\\/#primaryimage\"},\"thumbnailUrl\":\"https:\\\/\\\/www.organisator.ch\\\/wp-content\\\/uploads\\\/2023\\\/05\\\/Uebernahme-von-LeasePlan-durch-ALD-Automotive-abgeschlossen_Organisator.jpg\",\"keywords\":[\"Management und Unternehmensf\u00fchrung\",\"Personalia\",\"Unternehmen\"],\"articleSection\":[\"MANAGEMENT\"],\"inLanguage\":\"fr-FR\"},{\"@type\":\"WebPage\",\"@id\":\"https:\\\/\\\/www.organisator.ch\\\/management\\\/2023-05-23\\\/uebernahme-von-leaseplan-durch-ald-automotive-abgeschlossen\\\/\",\"url\":\"https:\\\/\\\/www.organisator.ch\\\/management\\\/2023-05-23\\\/uebernahme-von-leaseplan-durch-ald-automotive-abgeschlossen\\\/\",\"name\":\"\u00dcbernahme von LeasePlan durch ALD Automotive abgeschlossen - Organisator\",\"isPartOf\":{\"@id\":\"https:\\\/\\\/www.organisator.ch\\\/#website\"},\"primaryImageOfPage\":{\"@id\":\"https:\\\/\\\/www.organisator.ch\\\/management\\\/2023-05-23\\\/uebernahme-von-leaseplan-durch-ald-automotive-abgeschlossen\\\/#primaryimage\"},\"image\":{\"@id\":\"https:\\\/\\\/www.organisator.ch\\\/management\\\/2023-05-23\\\/uebernahme-von-leaseplan-durch-ald-automotive-abgeschlossen\\\/#primaryimage\"},\"thumbnailUrl\":\"https:\\\/\\\/www.organisator.ch\\\/wp-content\\\/uploads\\\/2023\\\/05\\\/Uebernahme-von-LeasePlan-durch-ALD-Automotive-abgeschlossen_Organisator.jpg\",\"datePublished\":\"2023-05-23T06:59:59+00:00\",\"description\":\"ALD Automotive hat die \u00dcbernahme von LeasePlan abgeschlossen und gibt \u00c4nderungen im lokalen Management bekannt.\",\"breadcrumb\":{\"@id\":\"https:\\\/\\\/www.organisator.ch\\\/management\\\/2023-05-23\\\/uebernahme-von-leaseplan-durch-ald-automotive-abgeschlossen\\\/#breadcrumb\"},\"inLanguage\":\"fr-FR\",\"potentialAction\":[{\"@type\":\"ReadAction\",\"target\":[\"https:\\\/\\\/www.organisator.ch\\\/management\\\/2023-05-23\\\/uebernahme-von-leaseplan-durch-ald-automotive-abgeschlossen\\\/\"]}]},{\"@type\":\"ImageObject\",\"inLanguage\":\"fr-FR\",\"@id\":\"https:\\\/\\\/www.organisator.ch\\\/management\\\/2023-05-23\\\/uebernahme-von-leaseplan-durch-ald-automotive-abgeschlossen\\\/#primaryimage\",\"url\":\"https:\\\/\\\/www.organisator.ch\\\/wp-content\\\/uploads\\\/2023\\\/05\\\/Uebernahme-von-LeasePlan-durch-ALD-Automotive-abgeschlossen_Organisator.jpg\",\"contentUrl\":\"https:\\\/\\\/www.organisator.ch\\\/wp-content\\\/uploads\\\/2023\\\/05\\\/Uebernahme-von-LeasePlan-durch-ALD-Automotive-abgeschlossen_Organisator.jpg\",\"width\":680,\"height\":521,\"caption\":\"Niklas Zetterlund ist neuer Country Managing Director der fusionierten ALD Automotive | LeasePlan Schweiz. (Bild: ALD Automotive | LeasePlan)\"},{\"@type\":\"BreadcrumbList\",\"@id\":\"https:\\\/\\\/www.organisator.ch\\\/management\\\/2023-05-23\\\/uebernahme-von-leaseplan-durch-ald-automotive-abgeschlossen\\\/#breadcrumb\",\"itemListElement\":[{\"@type\":\"ListItem\",\"position\":1,\"name\":\"Home\",\"item\":\"https:\\\/\\\/www.organisator.ch\\\/\"},{\"@type\":\"ListItem\",\"position\":2,\"name\":\"\u00dcbernahme von LeasePlan durch ALD Automotive abgeschlossen\"}]},{\"@type\":\"WebSite\",\"@id\":\"https:\\\/\\\/www.organisator.ch\\\/#website\",\"url\":\"https:\\\/\\\/www.organisator.ch\\\/\",\"name\":\"Organisator\",\"description\":\"Kompetent. Praxisnah. Der ORGANISATOR bereitet in 10 Ausgaben pro Jahr die wesentlichen Themen f\u00fcr F\u00fchrungskr\u00e4fte von KMU auf.\",\"publisher\":{\"@id\":\"https:\\\/\\\/www.organisator.ch\\\/#organization\"},\"potentialAction\":[{\"@type\":\"SearchAction\",\"target\":{\"@type\":\"EntryPoint\",\"urlTemplate\":\"https:\\\/\\\/www.organisator.ch\\\/?s={search_term_string}\"},\"query-input\":{\"@type\":\"PropertyValueSpecification\",\"valueRequired\":true,\"valueName\":\"search_term_string\"}}],\"inLanguage\":\"fr-FR\"},{\"@type\":\"Organization\",\"@id\":\"https:\\\/\\\/www.organisator.ch\\\/#organization\",\"name\":\"Organisator\",\"url\":\"https:\\\/\\\/www.organisator.ch\\\/\",\"logo\":{\"@type\":\"ImageObject\",\"inLanguage\":\"fr-FR\",\"@id\":\"https:\\\/\\\/www.organisator.ch\\\/#\\\/schema\\\/logo\\\/image\\\/\",\"url\":\"https:\\\/\\\/www.organisator.ch\\\/wp-content\\\/uploads\\\/2022\\\/01\\\/Logo_Organisator_Website.png\",\"contentUrl\":\"https:\\\/\\\/www.organisator.ch\\\/wp-content\\\/uploads\\\/2022\\\/01\\\/Logo_Organisator_Website.png\",\"width\":800,\"height\":77,\"caption\":\"Organisator\"},\"image\":{\"@id\":\"https:\\\/\\\/www.organisator.ch\\\/#\\\/schema\\\/logo\\\/image\\\/\"},\"sameAs\":[\"https:\\\/\\\/www.facebook.com\\\/OrganisatorFachmagazin\",\"https:\\\/\\\/www.linkedin.com\\\/showcase\\\/organisator-das-magazin-fr-kmu\",\"https:\\\/\\\/www.xing.com\\\/news\\\/pages\\\/organisator-ch-695\",\"https:\\\/\\\/www.youtube.com\\\/channel\\\/UCGP2Sq0iWaZwT3BdIAQFYpw\"]},{\"@type\":\"Person\",\"@id\":\"https:\\\/\\\/www.organisator.ch\\\/#\\\/schema\\\/person\\\/6f650f90b2842cd4c0cc334b4e36f67e\",\"name\":\"thomas.berner\",\"image\":{\"@type\":\"ImageObject\",\"inLanguage\":\"fr-FR\",\"@id\":\"https:\\\/\\\/secure.gravatar.com\\\/avatar\\\/ac5001d2a36cb6c6cd3e50789007ffca834b477b74a2144564522e944eabff61?s=96&d=mm&r=g\",\"url\":\"https:\\\/\\\/secure.gravatar.com\\\/avatar\\\/ac5001d2a36cb6c6cd3e50789007ffca834b477b74a2144564522e944eabff61?s=96&d=mm&r=g\",\"contentUrl\":\"https:\\\/\\\/secure.gravatar.com\\\/avatar\\\/ac5001d2a36cb6c6cd3e50789007ffca834b477b74a2144564522e944eabff61?s=96&d=mm&r=g\",\"caption\":\"thomas.berner\"},\"url\":\"https:\\\/\\\/www.organisator.ch\\\/fr\\\/author\\\/thomas-berner\\\/\"}]}<\/script>\n<!-- \/ Yoast SEO plugin. -->","yoast_head_json":{"title":"Finalisation de l'acquisition de LeasePlan par ALD Automotive - Organisateur","description":"ALD Automotive a finalis\u00e9 l'acquisition de LeasePlan et annonce des changements au niveau de la direction locale.","robots":{"index":"index","follow":"follow","max-snippet":"max-snippet:-1","max-image-preview":"max-image-preview:large","max-video-preview":"max-video-preview:-1"},"canonical":"https:\/\/www.organisator.ch\/fr\/gestion-2\/2023-05-23\/uebernahme-von-leaseplan-durch-ald-automotive-abgeschlossen\/","og_locale":"fr_FR","og_type":"article","og_title":"\u00dcbernahme von LeasePlan durch ALD Automotive abgeschlossen","og_description":"ALD Automotive hat die \u00dcbernahme von LeasePlan abgeschlossen und gibt \u00c4nderungen im lokalen Management bekannt.","og_url":"https:\/\/www.organisator.ch\/fr\/gestion-2\/2023-05-23\/uebernahme-von-leaseplan-durch-ald-automotive-abgeschlossen\/","og_site_name":"Organisator","article_publisher":"https:\/\/www.facebook.com\/OrganisatorFachmagazin","article_published_time":"2023-05-23T06:59:59+00:00","og_image":[{"width":680,"height":521,"url":"https:\/\/www.organisator.ch\/wp-content\/uploads\/2023\/05\/Uebernahme-von-LeasePlan-durch-ALD-Automotive-abgeschlossen_Organisator.jpg","type":"image\/jpeg"}],"author":"thomas.berner","twitter_card":"summary_large_image","twitter_title":"\u00dcbernahme von #LeasePlan durch #ALD Automotive abgeschlossen","twitter_description":"#ALD Automotive hat die \u00dcbernahme von #LeasePlan abgeschlossen und gibt \u00c4nderungen im lokalen Management bekannt.","twitter_image":"https:\/\/www.organisator.ch\/wp-content\/uploads\/2023\/05\/Uebernahme-von-LeasePlan-durch-ALD-Automotive-abgeschlossen_Organisator.jpg","schema":{"@context":"https:\/\/schema.org","@graph":[{"@type":"Article","@id":"https:\/\/www.organisator.ch\/management\/2023-05-23\/uebernahme-von-leaseplan-durch-ald-automotive-abgeschlossen\/#article","isPartOf":{"@id":"https:\/\/www.organisator.ch\/management\/2023-05-23\/uebernahme-von-leaseplan-durch-ald-automotive-abgeschlossen\/"},"author":{"name":"thomas.berner","@id":"https:\/\/www.organisator.ch\/#\/schema\/person\/6f650f90b2842cd4c0cc334b4e36f67e"},"headline":"\u00dcbernahme von LeasePlan durch ALD Automotive abgeschlossen","datePublished":"2023-05-23T06:59:59+00:00","mainEntityOfPage":{"@id":"https:\/\/www.organisator.ch\/management\/2023-05-23\/uebernahme-von-leaseplan-durch-ald-automotive-abgeschlossen\/"},"wordCount":342,"publisher":{"@id":"https:\/\/www.organisator.ch\/#organization"},"image":{"@id":"https:\/\/www.organisator.ch\/management\/2023-05-23\/uebernahme-von-leaseplan-durch-ald-automotive-abgeschlossen\/#primaryimage"},"thumbnailUrl":"https:\/\/www.organisator.ch\/wp-content\/uploads\/2023\/05\/Uebernahme-von-LeasePlan-durch-ALD-Automotive-abgeschlossen_Organisator.jpg","keywords":["Management und Unternehmensf\u00fchrung","Personalia","Unternehmen"],"articleSection":["MANAGEMENT"],"inLanguage":"fr-FR"},{"@type":"WebPage","@id":"https:\/\/www.organisator.ch\/management\/2023-05-23\/uebernahme-von-leaseplan-durch-ald-automotive-abgeschlossen\/","url":"https:\/\/www.organisator.ch\/management\/2023-05-23\/uebernahme-von-leaseplan-durch-ald-automotive-abgeschlossen\/","name":"Finalisation de l'acquisition de LeasePlan par ALD Automotive - Organisateur","isPartOf":{"@id":"https:\/\/www.organisator.ch\/#website"},"primaryImageOfPage":{"@id":"https:\/\/www.organisator.ch\/management\/2023-05-23\/uebernahme-von-leaseplan-durch-ald-automotive-abgeschlossen\/#primaryimage"},"image":{"@id":"https:\/\/www.organisator.ch\/management\/2023-05-23\/uebernahme-von-leaseplan-durch-ald-automotive-abgeschlossen\/#primaryimage"},"thumbnailUrl":"https:\/\/www.organisator.ch\/wp-content\/uploads\/2023\/05\/Uebernahme-von-LeasePlan-durch-ALD-Automotive-abgeschlossen_Organisator.jpg","datePublished":"2023-05-23T06:59:59+00:00","description":"ALD Automotive a finalis\u00e9 l'acquisition de LeasePlan et annonce des changements au niveau de la direction locale.","breadcrumb":{"@id":"https:\/\/www.organisator.ch\/management\/2023-05-23\/uebernahme-von-leaseplan-durch-ald-automotive-abgeschlossen\/#breadcrumb"},"inLanguage":"fr-FR","potentialAction":[{"@type":"ReadAction","target":["https:\/\/www.organisator.ch\/management\/2023-05-23\/uebernahme-von-leaseplan-durch-ald-automotive-abgeschlossen\/"]}]},{"@type":"ImageObject","inLanguage":"fr-FR","@id":"https:\/\/www.organisator.ch\/management\/2023-05-23\/uebernahme-von-leaseplan-durch-ald-automotive-abgeschlossen\/#primaryimage","url":"https:\/\/www.organisator.ch\/wp-content\/uploads\/2023\/05\/Uebernahme-von-LeasePlan-durch-ALD-Automotive-abgeschlossen_Organisator.jpg","contentUrl":"https:\/\/www.organisator.ch\/wp-content\/uploads\/2023\/05\/Uebernahme-von-LeasePlan-durch-ALD-Automotive-abgeschlossen_Organisator.jpg","width":680,"height":521,"caption":"Niklas Zetterlund ist neuer Country Managing Director der fusionierten ALD Automotive | LeasePlan Schweiz. (Bild: ALD Automotive | LeasePlan)"},{"@type":"BreadcrumbList","@id":"https:\/\/www.organisator.ch\/management\/2023-05-23\/uebernahme-von-leaseplan-durch-ald-automotive-abgeschlossen\/#breadcrumb","itemListElement":[{"@type":"ListItem","position":1,"name":"Home","item":"https:\/\/www.organisator.ch\/"},{"@type":"ListItem","position":2,"name":"\u00dcbernahme von LeasePlan durch ALD Automotive abgeschlossen"}]},{"@type":"WebSite","@id":"https:\/\/www.organisator.ch\/#website","url":"https:\/\/www.organisator.ch\/","name":"Organisateur","description":"Comp\u00e9tence et comp\u00e9tence. Proches de la pratique. L'ORGANISATEUR pr\u00e9pare 10 num\u00e9ros par an sur les th\u00e8mes essentiels pour les dirigeants de PME.","publisher":{"@id":"https:\/\/www.organisator.ch\/#organization"},"potentialAction":[{"@type":"SearchAction","target":{"@type":"EntryPoint","urlTemplate":"https:\/\/www.organisator.ch\/?s={search_term_string}"},"query-input":{"@type":"PropertyValueSpecification","valueRequired":true,"valueName":"search_term_string"}}],"inLanguage":"fr-FR"},{"@type":"Organization","@id":"https:\/\/www.organisator.ch\/#organization","name":"Organisateur","url":"https:\/\/www.organisator.ch\/","logo":{"@type":"ImageObject","inLanguage":"fr-FR","@id":"https:\/\/www.organisator.ch\/#\/schema\/logo\/image\/","url":"https:\/\/www.organisator.ch\/wp-content\/uploads\/2022\/01\/Logo_Organisator_Website.png","contentUrl":"https:\/\/www.organisator.ch\/wp-content\/uploads\/2022\/01\/Logo_Organisator_Website.png","width":800,"height":77,"caption":"Organisator"},"image":{"@id":"https:\/\/www.organisator.ch\/#\/schema\/logo\/image\/"},"sameAs":["https:\/\/www.facebook.com\/OrganisatorFachmagazin","https:\/\/www.linkedin.com\/showcase\/organisator-das-magazin-fr-kmu","https:\/\/www.xing.com\/news\/pages\/organisator-ch-695","https:\/\/www.youtube.com\/channel\/UCGP2Sq0iWaZwT3BdIAQFYpw"]},{"@type":"Person","@id":"https:\/\/www.organisator.ch\/#\/schema\/person\/6f650f90b2842cd4c0cc334b4e36f67e","name":"thomas.berner","image":{"@type":"ImageObject","inLanguage":"fr-FR","@id":"https:\/\/secure.gravatar.com\/avatar\/ac5001d2a36cb6c6cd3e50789007ffca834b477b74a2144564522e944eabff61?s=96&d=mm&r=g","url":"https:\/\/secure.gravatar.com\/avatar\/ac5001d2a36cb6c6cd3e50789007ffca834b477b74a2144564522e944eabff61?s=96&d=mm&r=g","contentUrl":"https:\/\/secure.gravatar.com\/avatar\/ac5001d2a36cb6c6cd3e50789007ffca834b477b74a2144564522e944eabff61?s=96&d=mm&r=g","caption":"thomas.berner"},"url":"https:\/\/www.organisator.ch\/fr\/author\/thomas-berner\/"}]}},"_links":{"self":[{"href":"https:\/\/www.organisator.ch\/fr\/wp-json\/wp\/v2\/posts\/20359","targetHints":{"allow":["GET"]}}],"collection":[{"href":"https:\/\/www.organisator.ch\/fr\/wp-json\/wp\/v2\/posts"}],"about":[{"href":"https:\/\/www.organisator.ch\/fr\/wp-json\/wp\/v2\/types\/post"}],"author":[{"embeddable":true,"href":"https:\/\/www.organisator.ch\/fr\/wp-json\/wp\/v2\/users\/4"}],"replies":[{"embeddable":true,"href":"https:\/\/www.organisator.ch\/fr\/wp-json\/wp\/v2\/comments?post=20359"}],"version-history":[{"count":1,"href":"https:\/\/www.organisator.ch\/fr\/wp-json\/wp\/v2\/posts\/20359\/revisions"}],"predecessor-version":[{"id":20361,"href":"https:\/\/www.organisator.ch\/fr\/wp-json\/wp\/v2\/posts\/20359\/revisions\/20361"}],"wp:featuredmedia":[{"embeddable":true,"href":"https:\/\/www.organisator.ch\/fr\/wp-json\/wp\/v2\/media\/20360"}],"wp:attachment":[{"href":"https:\/\/www.organisator.ch\/fr\/wp-json\/wp\/v2\/media?parent=20359"}],"wp:term":[{"taxonomy":"category","embeddable":true,"href":"https:\/\/www.organisator.ch\/fr\/wp-json\/wp\/v2\/categories?post=20359"},{"taxonomy":"post_tag","embeddable":true,"href":"https:\/\/www.organisator.ch\/fr\/wp-json\/wp\/v2\/tags?post=20359"}],"curies":[{"name":"wp","href":"https:\/\/api.w.org\/{rel}","templated":true}]}}